{"id":156505,"date":"2025-11-14T12:17:34","date_gmt":"2025-11-14T18:17:34","guid":{"rendered":"https:\/\/lospoliticosveracruz.com.mx\/?p=156505"},"modified":"2025-11-14T12:18:03","modified_gmt":"2025-11-14T18:18:03","slug":"alvavirus","status":"publish","type":"post","link":"https:\/\/lospoliticosveracruz.com\/?p=156505","title":{"rendered":"ALVAVIRUS!"},"content":{"rendered":"\n<p>S\u00edguenos ahora tambi\u00e9n en WhatsApp.\u00a0\u00a1<a href=\"https:\/\/whatsapp.com\/channel\/0029Va8zRWlEKyZIP3Z1dF0e\"><strong>Da clic aqu\u00ed<\/strong><\/a><strong>!<\/strong><\/p>\n\n\n\n<p><\/p>\n\n\n\n<p><strong>Isabel Ortega<br><\/strong>Vecinos de la colonia Centro, en el municipio de Alvarado, denunciaron que desde el mes de octubre se registra la filtraci\u00f3n de drenajes en la calle Ignacio de la Llave.<\/p>\n\n\n\n<p>La avenida, que es la entrada principal al municipio, presenta drenajes colapsados, olores f\u00e9tidos y encharcamientos de agua sucia que comienzan a causar afectaciones entre los habitantes.<\/p>\n\n\n\n<p>Esperanza del Carmen Garc\u00eda Rasc\u00f3n, vecina del lugar, inform\u00f3 que su madre, Cleotilde Rasc\u00f3n, actualmente hospitalizada en el IMSS de Lerdo de Tejada, fue diagnosticada con c\u00f3lera.<\/p>\n\n\n\n<p>\u201cSon varios drenajes en la calle principal, la entrada del municipio. Hace m\u00e1s de un mes empezamos a notar que los drenajes de varias casas, de los dos lados de la acera, comenzaban a brotar agua negra; con el paso de los d\u00edas, el agua empez\u00f3 a salir m\u00e1s\u201d, explic\u00f3.<\/p>\n\n\n\n<p>El personal m\u00e9dico le indic\u00f3 que la sintomatolog\u00eda de la adulta mayor est\u00e1 relacionada con la exposici\u00f3n prolongada a aguas negras, problema que la colonia enfrenta desde inicios de octubre.<\/p>\n\n\n\n<p>\u201cYa nos dijeron que van a notificar a Epidemiolog\u00eda para que vayan a Alvarado, porque ya somos demasiados vecinos los que estamos expuestos\u201d, se\u00f1al\u00f3.<\/p>\n\n\n\n<p>La entrevistada mencion\u00f3 que la jefa de manzana notific\u00f3 al Ayuntamiento , encabezado por Lizzette \u00c1lvarez Vera, de lo sucedido y remiti\u00f3 un escrito a la Comisi\u00f3n de Agua del Estado de Veracruz (CAEV), responsable del sistema de agua y drenaje en Alvarado.<\/p>\n\n\n\n<p>Garc\u00eda Rasc\u00f3n expuso que la fuga inici\u00f3 a principios de octubre, cuando comenzaron los primeros brotes de agua sucia en la red de drenaje, afectando a poco m\u00e1s de 40 familias.<\/p>\n\n\n\n<p>La cantidad de agua que sali\u00f3 de la tuber\u00eda provoc\u00f3 que la calle se cubriera de lodo y que en la parte baja, frente a su domicilio, se formara un \u201cencharcamiento\u201d permanente. Las altas temperaturas intensificaron el olor.<\/p>\n\n\n\n<p>A principios del mes, la CAEV atendi\u00f3 el reporte y envi\u00f3 personal para revisar la zona. La intervenci\u00f3n detuvo la salida de agua negra por algunas horas, pero la filtraci\u00f3n regres\u00f3 posteriormente.<\/p>\n\n\n\n<p>\u201cEllos dicen que es agua potable, pero no es cierto, porque sigue oliendo mal (\u2026) las alcantarillas no abastecen, est\u00e1n tapadas\u201d, denunci\u00f3.<\/p>\n\n\n\n<p>Seg\u00fan la CAEV, el agua proven\u00eda de la red potable y no del drenaje, y explicaron que no pod\u00edan realizar la reparaci\u00f3n porque toda la maquinaria disponible se encuentra en la zona norte del estado, donde se atienden las contingencias por las inundaciones de la depresi\u00f3n tropical 90E.<\/p>\n\n\n\n<p>\u201cNo s\u00e9 si se volvi\u00f3 a tapar el drenaje, pero sigue saliendo agua y estamos esperando; no hay c\u00f3mo atender la emergencia. Se les pidi\u00f3 atenderlo manual, pero dijeron que no, que necesitan la m\u00e1quina para el desazolve\u201d, concluy\u00f3.<\/p>\n","protected":false},"excerpt":{"rendered":"<p>Isabel OrtegaVecinos de la colonia Centro, en el municipio de Alvarado, denunciaron que desde el mes de octubre se registra la filtraci\u00f3n de drenajes en la calle Ignacio de la Llave. La avenida, que es la entrada principal al municipio, presenta drenajes colapsados, olores f\u00e9tidos y encharcamientos de agua sucia que comienzan a causar afectaciones [&hellip;]<\/p>\n","protected":false},"author":2,"featured_media":156506,"comment_status":"closed","ping_status":"closed","sticky":false,"template":"","format":"standard","meta":{"tdm_status":"","tdm_grid_status":"","footnotes":""},"categories":[1],"tags":[],"class_list":{"0":"post-156505","1":"post","2":"type-post","3":"status-publish","4":"format-standard","5":"has-post-thumbnail","7":"category-sin-categoria"},"yoast_head":"<!-- This site is optimized with the Yoast SEO plugin v27.4 - https:\/\/yoast.com\/product\/yoast-seo-wordpress\/ -->\n<title>ALVAVIRUS! - Los pol\u00edticos Veracruz<\/title>\n<meta name=\"robots\" content=\"index, follow, max-snippet:-1, max-image-preview:large, max-video-preview:-1\" \/>\n<link rel=\"canonical\" href=\"https:\/\/lospoliticosveracruz.com\/?p=156505\" \/>\n<meta property=\"og:locale\" content=\"es_ES\" \/>\n<meta property=\"og:type\" content=\"article\" \/>\n<meta property=\"og:title\" content=\"ALVAVIRUS! - Los pol\u00edticos Veracruz\" \/>\n<meta property=\"og:description\" content=\"Isabel OrtegaVecinos de la colonia Centro, en el municipio de Alvarado, denunciaron que desde el mes de octubre se registra la filtraci\u00f3n de drenajes en la calle Ignacio de la Llave. La avenida, que es la entrada principal al municipio, presenta drenajes colapsados, olores f\u00e9tidos y encharcamientos de agua sucia que comienzan a causar afectaciones [&hellip;]\" \/>\n<meta property=\"og:url\" content=\"https:\/\/lospoliticosveracruz.com\/?p=156505\" \/>\n<meta property=\"og:site_name\" content=\"Los pol\u00edticos Veracruz\" \/>\n<meta property=\"article:publisher\" content=\"https:\/\/www.facebook.com\/people\/Notimemes-de-los-Polticos\/61565672886568\/\" \/>\n<meta property=\"article:published_time\" content=\"2025-11-14T18:17:34+00:00\" \/>\n<meta property=\"article:modified_time\" content=\"2025-11-14T18:18:03+00:00\" \/>\n<meta property=\"og:image\" content=\"https:\/\/lospoliticosveracruz.com\/wp-content\/uploads\/2025\/11\/WhatsApp-Image-2025-11-14-at-12.10.03.jpeg\" \/>\n\t<meta property=\"og:image:width\" content=\"600\" \/>\n\t<meta property=\"og:image:height\" content=\"320\" \/>\n\t<meta property=\"og:image:type\" content=\"image\/jpeg\" \/>\n<meta name=\"author\" content=\"Lo viste en Los Pol\u00edticos\" \/>\n<meta name=\"twitter:card\" content=\"summary_large_image\" \/>\n<meta name=\"twitter:creator\" content=\"@LosPoliticosVer\" \/>\n<meta name=\"twitter:site\" content=\"@LosPoliticosVer\" \/>\n<meta name=\"twitter:label1\" content=\"Escrito por\" \/>\n\t<meta name=\"twitter:data1\" content=\"Lo viste en Los Pol\u00edticos\" \/>\n\t<meta name=\"twitter:label2\" content=\"Tiempo de lectura\" \/>\n\t<meta name=\"twitter:data2\" content=\"2 minutos\" \/>\n<script type=\"application\/ld+json\" class=\"yoast-schema-graph\">{\"@context\":\"https:\\\/\\\/schema.org\",\"@graph\":[{\"@type\":\"Article\",\"@id\":\"https:\\\/\\\/lospoliticosveracruz.com\\\/?p=156505#article\",\"isPartOf\":{\"@id\":\"https:\\\/\\\/lospoliticosveracruz.com\\\/?p=156505\"},\"author\":{\"name\":\"Lo viste en Los Pol\u00edticos\",\"@id\":\"https:\\\/\\\/lospoliticosveracruz.com\\\/#\\\/schema\\\/person\\\/b8702bb0e538456e6efd07080bf2a4a2\"},\"headline\":\"ALVAVIRUS!\",\"datePublished\":\"2025-11-14T18:17:34+00:00\",\"dateModified\":\"2025-11-14T18:18:03+00:00\",\"mainEntityOfPage\":{\"@id\":\"https:\\\/\\\/lospoliticosveracruz.com\\\/?p=156505\"},\"wordCount\":470,\"publisher\":{\"@id\":\"https:\\\/\\\/lospoliticosveracruz.com\\\/#organization\"},\"image\":{\"@id\":\"https:\\\/\\\/lospoliticosveracruz.com\\\/?p=156505#primaryimage\"},\"thumbnailUrl\":\"https:\\\/\\\/lospoliticosveracruz.com\\\/wp-content\\\/uploads\\\/2025\\\/11\\\/WhatsApp-Image-2025-11-14-at-12.10.03.jpeg\",\"inLanguage\":\"es\"},{\"@type\":\"WebPage\",\"@id\":\"https:\\\/\\\/lospoliticosveracruz.com\\\/?p=156505\",\"url\":\"https:\\\/\\\/lospoliticosveracruz.com\\\/?p=156505\",\"name\":\"ALVAVIRUS! - Los pol\u00edticos Veracruz\",\"isPartOf\":{\"@id\":\"https:\\\/\\\/lospoliticosveracruz.com\\\/#website\"},\"primaryImageOfPage\":{\"@id\":\"https:\\\/\\\/lospoliticosveracruz.com\\\/?p=156505#primaryimage\"},\"image\":{\"@id\":\"https:\\\/\\\/lospoliticosveracruz.com\\\/?p=156505#primaryimage\"},\"thumbnailUrl\":\"https:\\\/\\\/lospoliticosveracruz.com\\\/wp-content\\\/uploads\\\/2025\\\/11\\\/WhatsApp-Image-2025-11-14-at-12.10.03.jpeg\",\"datePublished\":\"2025-11-14T18:17:34+00:00\",\"dateModified\":\"2025-11-14T18:18:03+00:00\",\"breadcrumb\":{\"@id\":\"https:\\\/\\\/lospoliticosveracruz.com\\\/?p=156505#breadcrumb\"},\"inLanguage\":\"es\",\"potentialAction\":[{\"@type\":\"ReadAction\",\"target\":[\"https:\\\/\\\/lospoliticosveracruz.com\\\/?p=156505\"]}]},{\"@type\":\"ImageObject\",\"inLanguage\":\"es\",\"@id\":\"https:\\\/\\\/lospoliticosveracruz.com\\\/?p=156505#primaryimage\",\"url\":\"https:\\\/\\\/lospoliticosveracruz.com\\\/wp-content\\\/uploads\\\/2025\\\/11\\\/WhatsApp-Image-2025-11-14-at-12.10.03.jpeg\",\"contentUrl\":\"https:\\\/\\\/lospoliticosveracruz.com\\\/wp-content\\\/uploads\\\/2025\\\/11\\\/WhatsApp-Image-2025-11-14-at-12.10.03.jpeg\",\"width\":600,\"height\":320},{\"@type\":\"BreadcrumbList\",\"@id\":\"https:\\\/\\\/lospoliticosveracruz.com\\\/?p=156505#breadcrumb\",\"itemListElement\":[{\"@type\":\"ListItem\",\"position\":1,\"name\":\"Portada\",\"item\":\"https:\\\/\\\/lospoliticosveracruz.com\\\/\"},{\"@type\":\"ListItem\",\"position\":2,\"name\":\"ALVAVIRUS!\"}]},{\"@type\":\"WebSite\",\"@id\":\"https:\\\/\\\/lospoliticosveracruz.com\\\/#website\",\"url\":\"https:\\\/\\\/lospoliticosveracruz.com\\\/\",\"name\":\"Los pol\u00edticos Veracruz\",\"description\":\"\",\"publisher\":{\"@id\":\"https:\\\/\\\/lospoliticosveracruz.com\\\/#organization\"},\"potentialAction\":[{\"@type\":\"SearchAction\",\"target\":{\"@type\":\"EntryPoint\",\"urlTemplate\":\"https:\\\/\\\/lospoliticosveracruz.com\\\/?s={search_term_string}\"},\"query-input\":{\"@type\":\"PropertyValueSpecification\",\"valueRequired\":true,\"valueName\":\"search_term_string\"}}],\"inLanguage\":\"es\"},{\"@type\":\"Organization\",\"@id\":\"https:\\\/\\\/lospoliticosveracruz.com\\\/#organization\",\"name\":\"Los pol\u00edticos Veracruz\",\"url\":\"https:\\\/\\\/lospoliticosveracruz.com\\\/\",\"logo\":{\"@type\":\"ImageObject\",\"inLanguage\":\"es\",\"@id\":\"https:\\\/\\\/lospoliticosveracruz.com\\\/#\\\/schema\\\/logo\\\/image\\\/\",\"url\":\"https:\\\/\\\/lospoliticosveracruz.com\\\/wp-content\\\/uploads\\\/2025\\\/12\\\/Logo-Nuevo-LOS-POLITICOS-1.jpg\",\"contentUrl\":\"https:\\\/\\\/lospoliticosveracruz.com\\\/wp-content\\\/uploads\\\/2025\\\/12\\\/Logo-Nuevo-LOS-POLITICOS-1.jpg\",\"width\":260,\"height\":70,\"caption\":\"Los pol\u00edticos Veracruz\"},\"image\":{\"@id\":\"https:\\\/\\\/lospoliticosveracruz.com\\\/#\\\/schema\\\/logo\\\/image\\\/\"},\"sameAs\":[\"https:\\\/\\\/www.facebook.com\\\/people\\\/Notimemes-de-los-Polticos\\\/61565672886568\\\/\",\"https:\\\/\\\/x.com\\\/LosPoliticosVer\"]},{\"@type\":\"Person\",\"@id\":\"https:\\\/\\\/lospoliticosveracruz.com\\\/#\\\/schema\\\/person\\\/b8702bb0e538456e6efd07080bf2a4a2\",\"name\":\"Lo viste en Los Pol\u00edticos\",\"image\":{\"@type\":\"ImageObject\",\"inLanguage\":\"es\",\"@id\":\"https:\\\/\\\/secure.gravatar.com\\\/avatar\\\/3a8de04a2656d44082be478bd6c086daa447c4651605818287b9532d3d0bd435?s=96&d=mm&r=g\",\"url\":\"https:\\\/\\\/secure.gravatar.com\\\/avatar\\\/3a8de04a2656d44082be478bd6c086daa447c4651605818287b9532d3d0bd435?s=96&d=mm&r=g\",\"contentUrl\":\"https:\\\/\\\/secure.gravatar.com\\\/avatar\\\/3a8de04a2656d44082be478bd6c086daa447c4651605818287b9532d3d0bd435?s=96&d=mm&r=g\",\"caption\":\"Lo viste en Los Pol\u00edticos\"},\"url\":\"https:\\\/\\\/lospoliticosveracruz.com\\\/?author=2\"}]}<\/script>\n<!-- \/ Yoast SEO plugin. -->","yoast_head_json":{"title":"ALVAVIRUS! - Los pol\u00edticos Veracruz","robots":{"index":"index","follow":"follow","max-snippet":"max-snippet:-1","max-image-preview":"max-image-preview:large","max-video-preview":"max-video-preview:-1"},"canonical":"https:\/\/lospoliticosveracruz.com\/?p=156505","og_locale":"es_ES","og_type":"article","og_title":"ALVAVIRUS! - Los pol\u00edticos Veracruz","og_description":"Isabel OrtegaVecinos de la colonia Centro, en el municipio de Alvarado, denunciaron que desde el mes de octubre se registra la filtraci\u00f3n de drenajes en la calle Ignacio de la Llave. La avenida, que es la entrada principal al municipio, presenta drenajes colapsados, olores f\u00e9tidos y encharcamientos de agua sucia que comienzan a causar afectaciones [&hellip;]","og_url":"https:\/\/lospoliticosveracruz.com\/?p=156505","og_site_name":"Los pol\u00edticos Veracruz","article_publisher":"https:\/\/www.facebook.com\/people\/Notimemes-de-los-Polticos\/61565672886568\/","article_published_time":"2025-11-14T18:17:34+00:00","article_modified_time":"2025-11-14T18:18:03+00:00","og_image":[{"width":600,"height":320,"url":"https:\/\/lospoliticosveracruz.com\/wp-content\/uploads\/2025\/11\/WhatsApp-Image-2025-11-14-at-12.10.03.jpeg","type":"image\/jpeg"}],"author":"Lo viste en Los Pol\u00edticos","twitter_card":"summary_large_image","twitter_creator":"@LosPoliticosVer","twitter_site":"@LosPoliticosVer","twitter_misc":{"Escrito por":"Lo viste en Los Pol\u00edticos","Tiempo de lectura":"2 minutos"},"schema":{"@context":"https:\/\/schema.org","@graph":[{"@type":"Article","@id":"https:\/\/lospoliticosveracruz.com\/?p=156505#article","isPartOf":{"@id":"https:\/\/lospoliticosveracruz.com\/?p=156505"},"author":{"name":"Lo viste en Los Pol\u00edticos","@id":"https:\/\/lospoliticosveracruz.com\/#\/schema\/person\/b8702bb0e538456e6efd07080bf2a4a2"},"headline":"ALVAVIRUS!","datePublished":"2025-11-14T18:17:34+00:00","dateModified":"2025-11-14T18:18:03+00:00","mainEntityOfPage":{"@id":"https:\/\/lospoliticosveracruz.com\/?p=156505"},"wordCount":470,"publisher":{"@id":"https:\/\/lospoliticosveracruz.com\/#organization"},"image":{"@id":"https:\/\/lospoliticosveracruz.com\/?p=156505#primaryimage"},"thumbnailUrl":"https:\/\/lospoliticosveracruz.com\/wp-content\/uploads\/2025\/11\/WhatsApp-Image-2025-11-14-at-12.10.03.jpeg","inLanguage":"es"},{"@type":"WebPage","@id":"https:\/\/lospoliticosveracruz.com\/?p=156505","url":"https:\/\/lospoliticosveracruz.com\/?p=156505","name":"ALVAVIRUS! - Los pol\u00edticos Veracruz","isPartOf":{"@id":"https:\/\/lospoliticosveracruz.com\/#website"},"primaryImageOfPage":{"@id":"https:\/\/lospoliticosveracruz.com\/?p=156505#primaryimage"},"image":{"@id":"https:\/\/lospoliticosveracruz.com\/?p=156505#primaryimage"},"thumbnailUrl":"https:\/\/lospoliticosveracruz.com\/wp-content\/uploads\/2025\/11\/WhatsApp-Image-2025-11-14-at-12.10.03.jpeg","datePublished":"2025-11-14T18:17:34+00:00","dateModified":"2025-11-14T18:18:03+00:00","breadcrumb":{"@id":"https:\/\/lospoliticosveracruz.com\/?p=156505#breadcrumb"},"inLanguage":"es","potentialAction":[{"@type":"ReadAction","target":["https:\/\/lospoliticosveracruz.com\/?p=156505"]}]},{"@type":"ImageObject","inLanguage":"es","@id":"https:\/\/lospoliticosveracruz.com\/?p=156505#primaryimage","url":"https:\/\/lospoliticosveracruz.com\/wp-content\/uploads\/2025\/11\/WhatsApp-Image-2025-11-14-at-12.10.03.jpeg","contentUrl":"https:\/\/lospoliticosveracruz.com\/wp-content\/uploads\/2025\/11\/WhatsApp-Image-2025-11-14-at-12.10.03.jpeg","width":600,"height":320},{"@type":"BreadcrumbList","@id":"https:\/\/lospoliticosveracruz.com\/?p=156505#breadcrumb","itemListElement":[{"@type":"ListItem","position":1,"name":"Portada","item":"https:\/\/lospoliticosveracruz.com\/"},{"@type":"ListItem","position":2,"name":"ALVAVIRUS!"}]},{"@type":"WebSite","@id":"https:\/\/lospoliticosveracruz.com\/#website","url":"https:\/\/lospoliticosveracruz.com\/","name":"Los pol\u00edticos Veracruz","description":"","publisher":{"@id":"https:\/\/lospoliticosveracruz.com\/#organization"},"potentialAction":[{"@type":"SearchAction","target":{"@type":"EntryPoint","urlTemplate":"https:\/\/lospoliticosveracruz.com\/?s={search_term_string}"},"query-input":{"@type":"PropertyValueSpecification","valueRequired":true,"valueName":"search_term_string"}}],"inLanguage":"es"},{"@type":"Organization","@id":"https:\/\/lospoliticosveracruz.com\/#organization","name":"Los pol\u00edticos Veracruz","url":"https:\/\/lospoliticosveracruz.com\/","logo":{"@type":"ImageObject","inLanguage":"es","@id":"https:\/\/lospoliticosveracruz.com\/#\/schema\/logo\/image\/","url":"https:\/\/lospoliticosveracruz.com\/wp-content\/uploads\/2025\/12\/Logo-Nuevo-LOS-POLITICOS-1.jpg","contentUrl":"https:\/\/lospoliticosveracruz.com\/wp-content\/uploads\/2025\/12\/Logo-Nuevo-LOS-POLITICOS-1.jpg","width":260,"height":70,"caption":"Los pol\u00edticos Veracruz"},"image":{"@id":"https:\/\/lospoliticosveracruz.com\/#\/schema\/logo\/image\/"},"sameAs":["https:\/\/www.facebook.com\/people\/Notimemes-de-los-Polticos\/61565672886568\/","https:\/\/x.com\/LosPoliticosVer"]},{"@type":"Person","@id":"https:\/\/lospoliticosveracruz.com\/#\/schema\/person\/b8702bb0e538456e6efd07080bf2a4a2","name":"Lo viste en Los Pol\u00edticos","image":{"@type":"ImageObject","inLanguage":"es","@id":"https:\/\/secure.gravatar.com\/avatar\/3a8de04a2656d44082be478bd6c086daa447c4651605818287b9532d3d0bd435?s=96&d=mm&r=g","url":"https:\/\/secure.gravatar.com\/avatar\/3a8de04a2656d44082be478bd6c086daa447c4651605818287b9532d3d0bd435?s=96&d=mm&r=g","contentUrl":"https:\/\/secure.gravatar.com\/avatar\/3a8de04a2656d44082be478bd6c086daa447c4651605818287b9532d3d0bd435?s=96&d=mm&r=g","caption":"Lo viste en Los Pol\u00edticos"},"url":"https:\/\/lospoliticosveracruz.com\/?author=2"}]}},"_links":{"self":[{"href":"https:\/\/lospoliticosveracruz.com\/index.php?rest_route=\/wp\/v2\/posts\/156505","targetHints":{"allow":["GET"]}}],"collection":[{"href":"https:\/\/lospoliticosveracruz.com\/index.php?rest_route=\/wp\/v2\/posts"}],"about":[{"href":"https:\/\/lospoliticosveracruz.com\/index.php?rest_route=\/wp\/v2\/types\/post"}],"author":[{"embeddable":true,"href":"https:\/\/lospoliticosveracruz.com\/index.php?rest_route=\/wp\/v2\/users\/2"}],"replies":[{"embeddable":true,"href":"https:\/\/lospoliticosveracruz.com\/index.php?rest_route=%2Fwp%2Fv2%2Fcomments&post=156505"}],"version-history":[{"count":1,"href":"https:\/\/lospoliticosveracruz.com\/index.php?rest_route=\/wp\/v2\/posts\/156505\/revisions"}],"predecessor-version":[{"id":156507,"href":"https:\/\/lospoliticosveracruz.com\/index.php?rest_route=\/wp\/v2\/posts\/156505\/revisions\/156507"}],"wp:featuredmedia":[{"embeddable":true,"href":"https:\/\/lospoliticosveracruz.com\/index.php?rest_route=\/wp\/v2\/media\/156506"}],"wp:attachment":[{"href":"https:\/\/lospoliticosveracruz.com\/index.php?rest_route=%2Fwp%2Fv2%2Fmedia&parent=156505"}],"wp:term":[{"taxonomy":"category","embeddable":true,"href":"https:\/\/lospoliticosveracruz.com\/index.php?rest_route=%2Fwp%2Fv2%2Fcategories&post=156505"},{"taxonomy":"post_tag","embeddable":true,"href":"https:\/\/lospoliticosveracruz.com\/index.php?rest_route=%2Fwp%2Fv2%2Ftags&post=156505"}],"curies":[{"name":"wp","href":"https:\/\/api.w.org\/{rel}","templated":true}]}}