{"id":156558,"date":"2025-11-15T10:46:22","date_gmt":"2025-11-15T16:46:22","guid":{"rendered":"https:\/\/lospoliticosveracruz.com.mx\/?p=156558"},"modified":"2025-11-15T10:51:53","modified_gmt":"2025-11-15T16:51:53","slug":"crece-el-descontento","status":"publish","type":"post","link":"https:\/\/lospoliticosveracruz.com\/?p=156558","title":{"rendered":"CRECE EL DESCONTENTO"},"content":{"rendered":"\n<p><strong>Oved Contreras<\/strong><\/p>\n\n\n\n<p><em>Secas Mecas<\/em><\/p>\n\n\n\n<p>No sali\u00f3 nada bien el operativo puesto en marcha por la Secretar\u00eda del Bienestar para dispersar los apoyos federales para los damnificados por las lluvias en la zona norte, y hoy gracias a las benditas redes sociales, hay cientos de damnificados que acusan no fueron tomados en cuenta y que los servidores de la naci\u00f3n, hicieron los censos a discreci\u00f3n y beneficiaron incluso a gente que no result\u00f3 afectada.<\/p>\n\n\n\n\n\n<p>El activista Juan Javier Rold\u00e1n, quien dio puntual seguimiento al desastre en \u00c1lamo Temapache, que fue el segundo municipio m\u00e1s afectado despu\u00e9s de Poza Rica, hizo la denuncia p\u00fablica que los gobiernos federal y estatal no cumplieron su palabra de atender a todos los afectados por la inundaci\u00f3n, que a muchas familias sobre todo de comunidades no los tomaron en cuenta.<\/p>\n\n\n\n<p>En sus redes sociales, confirm\u00f3 que el gobierno federal entreg\u00f3 montos de 25 mil, 40 mil y 70 mil aparte 50 mil para local o negocio y 50 mil y 100 mil a campo y por hect\u00e1rea por la titular del bienestar y la presidenta de M\u00e9xico Claudia Sheinbaum Pardo, esto es lo que debiste haber recibido por apoyo a damnificados, pero que en muchos casos fueron cepillados de los apoyos que fueron a parar a manos que no los necesitaban.<\/p>\n\n\n\n<p>Y que se sueltan los comentarios de enojo de quienes viven en zonas afectadas de \u00c1lamo: \u201cEs que el problema fueron los que pasaron a encuestar ( servidores de la naci\u00f3n), no ven\u00edan con esa visi\u00f3n de servir, de empatia, de honestidad, de respeto , aclaro no todos, unos se portaron muy groseros como si fueran due\u00f1os del programa o dinero, aqu\u00ed a muchos los hicieron sentir humillados por solo necesitar de ser tomados en cuenta, todo este relajo es culpa de los que mandaron a encuestar y lo m\u00e1s grave que lo que se observa es que la presidenta Claudia Sheinbaum Pardo no le cree al pueblo , por m\u00e1s que nos quejemos ella le cree a los servidores de la naci\u00f3n, deber\u00edan ya cambiar de personal, porque gracias a la gente y este tipo de programas ellos tienen trabajo y deber\u00edan ser m\u00e1s respetuosos con la gente y no ser groseros al momento que uno se acerca a preguntar algo y desgraciadamente esto seguir\u00e1 pasando porque el personal se sienten due\u00f1os de los programas de bienestar .<\/p>\n\n\n\n<p>\u201cY los que les dieron $90 000 esos no dicen nada, todo es injusto a los que les dieron menos y los que recibieron m\u00e1s, porque hay algunos que no tuvieron afectaciones y a\u00fan as\u00ed recibieron\u2026Si es en lo com\u00fan k yo s\u00ed me indunde y perd\u00ed todo lo de nuestra casa y todav\u00eda mercanc\u00eda de ropa que vend\u00edamos nueva, solo nos dieron 15 y sin enseres\u2026M Lupita Duoli era da\u00f1o mayor en su casa, osea debieron darle 40 mil, se embolsaron 25 mil m\u00e1s enseres\u2026 aparte lo que le correspond\u00eda en su negocio\u2026<\/p>\n\n\n\n<p>Otro usuario sali\u00f3 en defensa del gobierno: \u201cYo perdi mquinas , mercanc\u00eda miles de pesos y no me estoy quejandome por qu\u00e9 no me dieron. Agradezcan que ya les dieron 20 ,son muy buenos.<br>La gente m\u00e1s chillona son los m\u00e1s flojos huevones abusivos hambrientos inconformistas quieren todo regalado y todav\u00eda se enojan por qu\u00e9 quer\u00edan m\u00e1s.<\/p>\n\n\n\n<p>Pero en seguida que le responden\u2026<br>No es que sean chillones, hambreados, flojos y dem\u00e1s, la inconformidad de la gente es que no se respet\u00f3 lo que desde un principio anunciaron las cantidades que se dar\u00edan seg\u00fan la afectaci\u00f3n, como lo dice en el v\u00eddeo de la presidenta, yo me pregunto \u00bfd\u00f3nde qued\u00f3 ese dinero que ya ten\u00edan designado a las personas seg\u00fan su perdida? En lugar de darles 25, 40 o 70 mil, a algunos solo les dieron 15 mil y sin enseres\u2026<\/p>\n\n\n\n<p>LA CUBA-DIPUTADA..o la diputada que andaba pasada de cubas\u2026la petista-morenista Liliana Aguilar\u2026que dice que Veracruz y M\u00e9xico debe copiarle a Cuba para prevenir y atender las emergencias por los fen\u00f3menos meteorol\u00f3gicos\u2026quesque all\u00e1 el dictador Diaz Canell sabe c\u00f3mo dominar el clima y proteger a la poblaci\u00f3n\u2026si Chucha tus calzonzotes\u2026.nada m\u00e1s hay que leer a la prensa caribe\u00f1a para desmentir a la diputada chihuahuense\u2026quien adem\u00e1s nos culp\u00f3 a los veracruzanos del desastre\u2026<\/p>\n\n\n\n<p>Dice que la T\u00eda Ch\u00edo ni la presidenta Sheinbaum y ni siquiera la Lupis Osorno son responsables de tanto ahogado y municipios destrozados\u2026sino los meritos jarochos por pazguatos\u2026.por vivir donde viven en los m\u00e1rgenes de los r\u00edos y zonas inundables\u2026y no irse a un residencial nice que no se anegue\u2026.y por no quererse salir por su propia cuenta cada vez que llueve.<\/p>\n\n\n\n<p>Pero nada m\u00e1s ech\u00e9n un ojo a lo que viven ahorita merito mismo los cubanos tras el pas\u00f3 del hurac\u00e1n Melissa\u2026Casi el 60 por ciento de la provincia oriental de Santiago de Cuba permanece sin electricidad dos semanas despu\u00e9s del paso del hurac\u00e1n Melissa, seg\u00fan informaron las autoridades este jueves.<\/p>\n\n\n\n<p>Durante una reuni\u00f3n del Consejo de Defensa Nacional encabezada por el dictador Miguel D\u00edaz-Canel, el primer ministro Manuel Marrero inform\u00f3 que resultaron afectadas m\u00e1s de 149.000 viviendas y 158.000 hect\u00e1reas de cultivos.<\/p>\n\n\n\n<p>Do\u00f1a Lilia Aguilar ya se parece a la dipu-aliens Victoria Guti\u00e9rrez con eso de que ya est\u00e1 a punto de llevar caf\u00e9 a Marte pa que los marcianos se vuelvan los clientes m\u00e1s picudos de La Parroquia del primo \u00c1ngel\u2026andan bien cubas ambas dos.<\/p>\n\n\n\n<p>LO PONEN DONDE HAY\u2026la t\u00eda Berrinchuda premia a su ex oponente y excandidato de MC a la gubernatura Hip\u00f3lito Deschamps, a quien nombr\u00f3 como nuevo director general del Sistema Portuario Veracruzano (APIVER). El excandidato a gobernador por Movimiento Ciudadano y perdedor de la alcald\u00eda de Alvarado, asumir\u00e1 el cargo el pr\u00f3ximo 18 de noviembre.<\/p>\n\n\n\n<p>Con esta designaci\u00f3n, Carlos Torres Ram\u00edrez, actual titular de APIVER, pasar\u00e1 a la Subsecretar\u00eda de Desarrollo Social y Humano en Sedesol, en sustituci\u00f3n de X\u00f3chitl Hern\u00e1ndez Col\u00edn<\/p>\n\n\n\n<p><\/p>\n","protected":false},"excerpt":{"rendered":"<p>Oved Contreras Secas Mecas No sali\u00f3 nada bien el operativo puesto en marcha por la Secretar\u00eda del Bienestar para dispersar los apoyos federales para los damnificados por las lluvias en la zona norte, y hoy gracias a las benditas redes sociales, hay cientos de damnificados que acusan no fueron tomados en cuenta y que los [&hellip;]<\/p>\n","protected":false},"author":2,"featured_media":141426,"comment_status":"closed","ping_status":"closed","sticky":false,"template":"","format":"standard","meta":{"tdm_status":"","tdm_grid_status":"","footnotes":""},"categories":[70],"tags":[47251,17020,9627,47252,7517],"class_list":{"0":"post-156558","1":"post","2":"type-post","3":"status-publish","4":"format-standard","5":"has-post-thumbnail","7":"category-de-opinion","8":"tag-alamo-temapache","9":"tag-bienestar","10":"tag-claudia-sheinbaum","11":"tag-juan-javier-roldan","12":"tag-polo-deschamps"},"yoast_head":"<!-- This site is optimized with the Yoast SEO plugin v27.4 - https:\/\/yoast.com\/product\/yoast-seo-wordpress\/ -->\n<title>CRECE EL DESCONTENTO - Los pol\u00edticos Veracruz<\/title>\n<meta name=\"robots\" content=\"index, follow, max-snippet:-1, max-image-preview:large, max-video-preview:-1\" \/>\n<link rel=\"canonical\" href=\"https:\/\/lospoliticosveracruz.com\/?p=156558\" \/>\n<meta property=\"og:locale\" content=\"es_ES\" \/>\n<meta property=\"og:type\" content=\"article\" \/>\n<meta property=\"og:title\" content=\"CRECE EL DESCONTENTO - Los pol\u00edticos Veracruz\" \/>\n<meta property=\"og:description\" content=\"Oved Contreras Secas Mecas No sali\u00f3 nada bien el operativo puesto en marcha por la Secretar\u00eda del Bienestar para dispersar los apoyos federales para los damnificados por las lluvias en la zona norte, y hoy gracias a las benditas redes sociales, hay cientos de damnificados que acusan no fueron tomados en cuenta y que los [&hellip;]\" \/>\n<meta property=\"og:url\" content=\"https:\/\/lospoliticosveracruz.com\/?p=156558\" \/>\n<meta property=\"og:site_name\" content=\"Los pol\u00edticos Veracruz\" \/>\n<meta property=\"article:publisher\" content=\"https:\/\/www.facebook.com\/people\/Notimemes-de-los-Polticos\/61565672886568\/\" \/>\n<meta property=\"article:published_time\" content=\"2025-11-15T16:46:22+00:00\" \/>\n<meta property=\"article:modified_time\" content=\"2025-11-15T16:51:53+00:00\" \/>\n<meta property=\"og:image\" content=\"https:\/\/lospoliticosveracruz.com\/wp-content\/uploads\/2025\/04\/Oved-Contreras-e1768066319253.jpg\" \/>\n\t<meta property=\"og:image:width\" content=\"600\" \/>\n\t<meta property=\"og:image:height\" content=\"320\" \/>\n\t<meta property=\"og:image:type\" content=\"image\/jpeg\" \/>\n<meta name=\"author\" content=\"Lo viste en Los Pol\u00edticos\" \/>\n<meta name=\"twitter:card\" content=\"summary_large_image\" \/>\n<meta name=\"twitter:creator\" content=\"@LosPoliticosVer\" \/>\n<meta name=\"twitter:site\" content=\"@LosPoliticosVer\" \/>\n<meta name=\"twitter:label1\" content=\"Escrito por\" \/>\n\t<meta name=\"twitter:data1\" content=\"Lo viste en Los Pol\u00edticos\" \/>\n\t<meta name=\"twitter:label2\" content=\"Tiempo de lectura\" \/>\n\t<meta name=\"twitter:data2\" content=\"5 minutos\" \/>\n<script type=\"application\/ld+json\" class=\"yoast-schema-graph\">{\"@context\":\"https:\\\/\\\/schema.org\",\"@graph\":[{\"@type\":\"Article\",\"@id\":\"https:\\\/\\\/lospoliticosveracruz.com\\\/?p=156558#article\",\"isPartOf\":{\"@id\":\"https:\\\/\\\/lospoliticosveracruz.com\\\/?p=156558\"},\"author\":{\"name\":\"Lo viste en Los Pol\u00edticos\",\"@id\":\"https:\\\/\\\/lospoliticosveracruz.com\\\/#\\\/schema\\\/person\\\/b8702bb0e538456e6efd07080bf2a4a2\"},\"headline\":\"CRECE EL DESCONTENTO\",\"datePublished\":\"2025-11-15T16:46:22+00:00\",\"dateModified\":\"2025-11-15T16:51:53+00:00\",\"mainEntityOfPage\":{\"@id\":\"https:\\\/\\\/lospoliticosveracruz.com\\\/?p=156558\"},\"wordCount\":1043,\"publisher\":{\"@id\":\"https:\\\/\\\/lospoliticosveracruz.com\\\/#organization\"},\"image\":{\"@id\":\"https:\\\/\\\/lospoliticosveracruz.com\\\/?p=156558#primaryimage\"},\"thumbnailUrl\":\"https:\\\/\\\/lospoliticosveracruz.com\\\/wp-content\\\/uploads\\\/2025\\\/04\\\/Oved-Contreras-e1768066319253.jpg\",\"keywords\":[\"\u00c1lamo Temapache\",\"Bienestar\",\"Claudia Sheinbaum\",\"Juan Javier Rold\u00e1n\",\"Polo Deschamps\"],\"articleSection\":[\"De Opini\u00f3n\"],\"inLanguage\":\"es\"},{\"@type\":\"WebPage\",\"@id\":\"https:\\\/\\\/lospoliticosveracruz.com\\\/?p=156558\",\"url\":\"https:\\\/\\\/lospoliticosveracruz.com\\\/?p=156558\",\"name\":\"CRECE EL DESCONTENTO - Los pol\u00edticos Veracruz\",\"isPartOf\":{\"@id\":\"https:\\\/\\\/lospoliticosveracruz.com\\\/#website\"},\"primaryImageOfPage\":{\"@id\":\"https:\\\/\\\/lospoliticosveracruz.com\\\/?p=156558#primaryimage\"},\"image\":{\"@id\":\"https:\\\/\\\/lospoliticosveracruz.com\\\/?p=156558#primaryimage\"},\"thumbnailUrl\":\"https:\\\/\\\/lospoliticosveracruz.com\\\/wp-content\\\/uploads\\\/2025\\\/04\\\/Oved-Contreras-e1768066319253.jpg\",\"datePublished\":\"2025-11-15T16:46:22+00:00\",\"dateModified\":\"2025-11-15T16:51:53+00:00\",\"breadcrumb\":{\"@id\":\"https:\\\/\\\/lospoliticosveracruz.com\\\/?p=156558#breadcrumb\"},\"inLanguage\":\"es\",\"potentialAction\":[{\"@type\":\"ReadAction\",\"target\":[\"https:\\\/\\\/lospoliticosveracruz.com\\\/?p=156558\"]}]},{\"@type\":\"ImageObject\",\"inLanguage\":\"es\",\"@id\":\"https:\\\/\\\/lospoliticosveracruz.com\\\/?p=156558#primaryimage\",\"url\":\"https:\\\/\\\/lospoliticosveracruz.com\\\/wp-content\\\/uploads\\\/2025\\\/04\\\/Oved-Contreras-e1768066319253.jpg\",\"contentUrl\":\"https:\\\/\\\/lospoliticosveracruz.com\\\/wp-content\\\/uploads\\\/2025\\\/04\\\/Oved-Contreras-e1768066319253.jpg\",\"width\":600,\"height\":320},{\"@type\":\"BreadcrumbList\",\"@id\":\"https:\\\/\\\/lospoliticosveracruz.com\\\/?p=156558#breadcrumb\",\"itemListElement\":[{\"@type\":\"ListItem\",\"position\":1,\"name\":\"Portada\",\"item\":\"https:\\\/\\\/lospoliticosveracruz.com\\\/\"},{\"@type\":\"ListItem\",\"position\":2,\"name\":\"CRECE EL DESCONTENTO\"}]},{\"@type\":\"WebSite\",\"@id\":\"https:\\\/\\\/lospoliticosveracruz.com\\\/#website\",\"url\":\"https:\\\/\\\/lospoliticosveracruz.com\\\/\",\"name\":\"Los pol\u00edticos Veracruz\",\"description\":\"\",\"publisher\":{\"@id\":\"https:\\\/\\\/lospoliticosveracruz.com\\\/#organization\"},\"potentialAction\":[{\"@type\":\"SearchAction\",\"target\":{\"@type\":\"EntryPoint\",\"urlTemplate\":\"https:\\\/\\\/lospoliticosveracruz.com\\\/?s={search_term_string}\"},\"query-input\":{\"@type\":\"PropertyValueSpecification\",\"valueRequired\":true,\"valueName\":\"search_term_string\"}}],\"inLanguage\":\"es\"},{\"@type\":\"Organization\",\"@id\":\"https:\\\/\\\/lospoliticosveracruz.com\\\/#organization\",\"name\":\"Los pol\u00edticos Veracruz\",\"url\":\"https:\\\/\\\/lospoliticosveracruz.com\\\/\",\"logo\":{\"@type\":\"ImageObject\",\"inLanguage\":\"es\",\"@id\":\"https:\\\/\\\/lospoliticosveracruz.com\\\/#\\\/schema\\\/logo\\\/image\\\/\",\"url\":\"https:\\\/\\\/lospoliticosveracruz.com\\\/wp-content\\\/uploads\\\/2025\\\/12\\\/Logo-Nuevo-LOS-POLITICOS-1.jpg\",\"contentUrl\":\"https:\\\/\\\/lospoliticosveracruz.com\\\/wp-content\\\/uploads\\\/2025\\\/12\\\/Logo-Nuevo-LOS-POLITICOS-1.jpg\",\"width\":260,\"height\":70,\"caption\":\"Los pol\u00edticos Veracruz\"},\"image\":{\"@id\":\"https:\\\/\\\/lospoliticosveracruz.com\\\/#\\\/schema\\\/logo\\\/image\\\/\"},\"sameAs\":[\"https:\\\/\\\/www.facebook.com\\\/people\\\/Notimemes-de-los-Polticos\\\/61565672886568\\\/\",\"https:\\\/\\\/x.com\\\/LosPoliticosVer\"]},{\"@type\":\"Person\",\"@id\":\"https:\\\/\\\/lospoliticosveracruz.com\\\/#\\\/schema\\\/person\\\/b8702bb0e538456e6efd07080bf2a4a2\",\"name\":\"Lo viste en Los Pol\u00edticos\",\"image\":{\"@type\":\"ImageObject\",\"inLanguage\":\"es\",\"@id\":\"https:\\\/\\\/secure.gravatar.com\\\/avatar\\\/3a8de04a2656d44082be478bd6c086daa447c4651605818287b9532d3d0bd435?s=96&d=mm&r=g\",\"url\":\"https:\\\/\\\/secure.gravatar.com\\\/avatar\\\/3a8de04a2656d44082be478bd6c086daa447c4651605818287b9532d3d0bd435?s=96&d=mm&r=g\",\"contentUrl\":\"https:\\\/\\\/secure.gravatar.com\\\/avatar\\\/3a8de04a2656d44082be478bd6c086daa447c4651605818287b9532d3d0bd435?s=96&d=mm&r=g\",\"caption\":\"Lo viste en Los Pol\u00edticos\"},\"url\":\"https:\\\/\\\/lospoliticosveracruz.com\\\/?author=2\"}]}<\/script>\n<!-- \/ Yoast SEO plugin. -->","yoast_head_json":{"title":"CRECE EL DESCONTENTO - Los pol\u00edticos Veracruz","robots":{"index":"index","follow":"follow","max-snippet":"max-snippet:-1","max-image-preview":"max-image-preview:large","max-video-preview":"max-video-preview:-1"},"canonical":"https:\/\/lospoliticosveracruz.com\/?p=156558","og_locale":"es_ES","og_type":"article","og_title":"CRECE EL DESCONTENTO - Los pol\u00edticos Veracruz","og_description":"Oved Contreras Secas Mecas No sali\u00f3 nada bien el operativo puesto en marcha por la Secretar\u00eda del Bienestar para dispersar los apoyos federales para los damnificados por las lluvias en la zona norte, y hoy gracias a las benditas redes sociales, hay cientos de damnificados que acusan no fueron tomados en cuenta y que los [&hellip;]","og_url":"https:\/\/lospoliticosveracruz.com\/?p=156558","og_site_name":"Los pol\u00edticos Veracruz","article_publisher":"https:\/\/www.facebook.com\/people\/Notimemes-de-los-Polticos\/61565672886568\/","article_published_time":"2025-11-15T16:46:22+00:00","article_modified_time":"2025-11-15T16:51:53+00:00","og_image":[{"width":600,"height":320,"url":"https:\/\/lospoliticosveracruz.com\/wp-content\/uploads\/2025\/04\/Oved-Contreras-e1768066319253.jpg","type":"image\/jpeg"}],"author":"Lo viste en Los Pol\u00edticos","twitter_card":"summary_large_image","twitter_creator":"@LosPoliticosVer","twitter_site":"@LosPoliticosVer","twitter_misc":{"Escrito por":"Lo viste en Los Pol\u00edticos","Tiempo de lectura":"5 minutos"},"schema":{"@context":"https:\/\/schema.org","@graph":[{"@type":"Article","@id":"https:\/\/lospoliticosveracruz.com\/?p=156558#article","isPartOf":{"@id":"https:\/\/lospoliticosveracruz.com\/?p=156558"},"author":{"name":"Lo viste en Los Pol\u00edticos","@id":"https:\/\/lospoliticosveracruz.com\/#\/schema\/person\/b8702bb0e538456e6efd07080bf2a4a2"},"headline":"CRECE EL DESCONTENTO","datePublished":"2025-11-15T16:46:22+00:00","dateModified":"2025-11-15T16:51:53+00:00","mainEntityOfPage":{"@id":"https:\/\/lospoliticosveracruz.com\/?p=156558"},"wordCount":1043,"publisher":{"@id":"https:\/\/lospoliticosveracruz.com\/#organization"},"image":{"@id":"https:\/\/lospoliticosveracruz.com\/?p=156558#primaryimage"},"thumbnailUrl":"https:\/\/lospoliticosveracruz.com\/wp-content\/uploads\/2025\/04\/Oved-Contreras-e1768066319253.jpg","keywords":["\u00c1lamo Temapache","Bienestar","Claudia Sheinbaum","Juan Javier Rold\u00e1n","Polo Deschamps"],"articleSection":["De Opini\u00f3n"],"inLanguage":"es"},{"@type":"WebPage","@id":"https:\/\/lospoliticosveracruz.com\/?p=156558","url":"https:\/\/lospoliticosveracruz.com\/?p=156558","name":"CRECE EL DESCONTENTO - Los pol\u00edticos Veracruz","isPartOf":{"@id":"https:\/\/lospoliticosveracruz.com\/#website"},"primaryImageOfPage":{"@id":"https:\/\/lospoliticosveracruz.com\/?p=156558#primaryimage"},"image":{"@id":"https:\/\/lospoliticosveracruz.com\/?p=156558#primaryimage"},"thumbnailUrl":"https:\/\/lospoliticosveracruz.com\/wp-content\/uploads\/2025\/04\/Oved-Contreras-e1768066319253.jpg","datePublished":"2025-11-15T16:46:22+00:00","dateModified":"2025-11-15T16:51:53+00:00","breadcrumb":{"@id":"https:\/\/lospoliticosveracruz.com\/?p=156558#breadcrumb"},"inLanguage":"es","potentialAction":[{"@type":"ReadAction","target":["https:\/\/lospoliticosveracruz.com\/?p=156558"]}]},{"@type":"ImageObject","inLanguage":"es","@id":"https:\/\/lospoliticosveracruz.com\/?p=156558#primaryimage","url":"https:\/\/lospoliticosveracruz.com\/wp-content\/uploads\/2025\/04\/Oved-Contreras-e1768066319253.jpg","contentUrl":"https:\/\/lospoliticosveracruz.com\/wp-content\/uploads\/2025\/04\/Oved-Contreras-e1768066319253.jpg","width":600,"height":320},{"@type":"BreadcrumbList","@id":"https:\/\/lospoliticosveracruz.com\/?p=156558#breadcrumb","itemListElement":[{"@type":"ListItem","position":1,"name":"Portada","item":"https:\/\/lospoliticosveracruz.com\/"},{"@type":"ListItem","position":2,"name":"CRECE EL DESCONTENTO"}]},{"@type":"WebSite","@id":"https:\/\/lospoliticosveracruz.com\/#website","url":"https:\/\/lospoliticosveracruz.com\/","name":"Los pol\u00edticos Veracruz","description":"","publisher":{"@id":"https:\/\/lospoliticosveracruz.com\/#organization"},"potentialAction":[{"@type":"SearchAction","target":{"@type":"EntryPoint","urlTemplate":"https:\/\/lospoliticosveracruz.com\/?s={search_term_string}"},"query-input":{"@type":"PropertyValueSpecification","valueRequired":true,"valueName":"search_term_string"}}],"inLanguage":"es"},{"@type":"Organization","@id":"https:\/\/lospoliticosveracruz.com\/#organization","name":"Los pol\u00edticos Veracruz","url":"https:\/\/lospoliticosveracruz.com\/","logo":{"@type":"ImageObject","inLanguage":"es","@id":"https:\/\/lospoliticosveracruz.com\/#\/schema\/logo\/image\/","url":"https:\/\/lospoliticosveracruz.com\/wp-content\/uploads\/2025\/12\/Logo-Nuevo-LOS-POLITICOS-1.jpg","contentUrl":"https:\/\/lospoliticosveracruz.com\/wp-content\/uploads\/2025\/12\/Logo-Nuevo-LOS-POLITICOS-1.jpg","width":260,"height":70,"caption":"Los pol\u00edticos Veracruz"},"image":{"@id":"https:\/\/lospoliticosveracruz.com\/#\/schema\/logo\/image\/"},"sameAs":["https:\/\/www.facebook.com\/people\/Notimemes-de-los-Polticos\/61565672886568\/","https:\/\/x.com\/LosPoliticosVer"]},{"@type":"Person","@id":"https:\/\/lospoliticosveracruz.com\/#\/schema\/person\/b8702bb0e538456e6efd07080bf2a4a2","name":"Lo viste en Los Pol\u00edticos","image":{"@type":"ImageObject","inLanguage":"es","@id":"https:\/\/secure.gravatar.com\/avatar\/3a8de04a2656d44082be478bd6c086daa447c4651605818287b9532d3d0bd435?s=96&d=mm&r=g","url":"https:\/\/secure.gravatar.com\/avatar\/3a8de04a2656d44082be478bd6c086daa447c4651605818287b9532d3d0bd435?s=96&d=mm&r=g","contentUrl":"https:\/\/secure.gravatar.com\/avatar\/3a8de04a2656d44082be478bd6c086daa447c4651605818287b9532d3d0bd435?s=96&d=mm&r=g","caption":"Lo viste en Los Pol\u00edticos"},"url":"https:\/\/lospoliticosveracruz.com\/?author=2"}]}},"_links":{"self":[{"href":"https:\/\/lospoliticosveracruz.com\/index.php?rest_route=\/wp\/v2\/posts\/156558","targetHints":{"allow":["GET"]}}],"collection":[{"href":"https:\/\/lospoliticosveracruz.com\/index.php?rest_route=\/wp\/v2\/posts"}],"about":[{"href":"https:\/\/lospoliticosveracruz.com\/index.php?rest_route=\/wp\/v2\/types\/post"}],"author":[{"embeddable":true,"href":"https:\/\/lospoliticosveracruz.com\/index.php?rest_route=\/wp\/v2\/users\/2"}],"replies":[{"embeddable":true,"href":"https:\/\/lospoliticosveracruz.com\/index.php?rest_route=%2Fwp%2Fv2%2Fcomments&post=156558"}],"version-history":[{"count":2,"href":"https:\/\/lospoliticosveracruz.com\/index.php?rest_route=\/wp\/v2\/posts\/156558\/revisions"}],"predecessor-version":[{"id":156562,"href":"https:\/\/lospoliticosveracruz.com\/index.php?rest_route=\/wp\/v2\/posts\/156558\/revisions\/156562"}],"wp:featuredmedia":[{"embeddable":true,"href":"https:\/\/lospoliticosveracruz.com\/index.php?rest_route=\/wp\/v2\/media\/141426"}],"wp:attachment":[{"href":"https:\/\/lospoliticosveracruz.com\/index.php?rest_route=%2Fwp%2Fv2%2Fmedia&parent=156558"}],"wp:term":[{"taxonomy":"category","embeddable":true,"href":"https:\/\/lospoliticosveracruz.com\/index.php?rest_route=%2Fwp%2Fv2%2Fcategories&post=156558"},{"taxonomy":"post_tag","embeddable":true,"href":"https:\/\/lospoliticosveracruz.com\/index.php?rest_route=%2Fwp%2Fv2%2Ftags&post=156558"}],"curies":[{"name":"wp","href":"https:\/\/api.w.org\/{rel}","templated":true}]}}