{"id":156674,"date":"2025-11-18T04:40:38","date_gmt":"2025-11-18T10:40:38","guid":{"rendered":"https:\/\/lospoliticosveracruz.com.mx\/?p=156674"},"modified":"2025-11-18T04:46:43","modified_gmt":"2025-11-18T10:46:43","slug":"asesinato-de-gladys-y-carla-merlin-caso-vigente","status":"publish","type":"post","link":"https:\/\/lospoliticosveracruz.com\/?p=156674","title":{"rendered":"ASESINATO DE GLADYS Y CARLA MERL\u00cdN, CASO VIGENTE"},"content":{"rendered":"\n<p><strong>Miguel Valera<\/strong><\/p>\n\n\n\n<p>Contrase\u00f1as<\/p>\n\n\n\n<p>La Fiscal General de Justicia del Estado de Veracruz,&nbsp;<strong>Ver\u00f3nica Hern\u00e1ndez&nbsp;<\/strong><strong>Giad\u00e1ns<\/strong>, empoderada por su cercan\u00eda con&nbsp;<strong>Omar Garc\u00eda&nbsp;<\/strong><strong>Harfuch<\/strong>, Secretario de Seguridad y Protecci\u00f3n Ciudadana del gobierno de la presidenta&nbsp;<strong>Claudia Sheinbaum Pardo<\/strong>, se encuentra involucrada en un caso de omisi\u00f3n, ya que su dependencia se niega a devolver los bienes asegurados de la familia Enr\u00edquez Merl\u00edn, luego del asesinato,&nbsp;de&nbsp;<strong>Gladys Merl\u00edn Castro<\/strong>&nbsp;<strong>y Carla Guadalupe Enr\u00edquez Merl\u00edn<\/strong><strong>&nbsp;<\/strong>el pasado 15 de febrero de 2021&nbsp;en Cosoleacaque.<\/p>\n\n\n\n\n\n<p>Luego de esta tragedia familiar y a pesar de que los presuntos culpables ya fueron sentenciados:&nbsp;Isabel B. R.;&nbsp;V\u00edctor&nbsp;T. D.;&nbsp;Marco Antonio B. R.;&nbsp;Marcos de Jes\u00fas B. Ch.&nbsp;y Luis Alberto S. D., la Fiscal\u00eda se niega a devolver bienes y dineros asegurados, convirti\u00e9ndose en c\u00f3mplices en un caso de \u201crevictimizaci\u00f3n\u201d del propio ofendido,&nbsp;<strong>Emigdio Heliodoro Enr\u00edquez Merl\u00edn<\/strong>.<\/p>\n\n\n\n<p>Todos estos hechos que ponen en tela de juicio las dependencias de procuraci\u00f3n de justicia en Veracruz, son parte de la Carpeta de&nbsp;Investigaci\u00f3n &nbsp;SUBCOSOLEA\/F4\/077\/2021; del proceso penal&nbsp;73\/2021, de su acumulado 91\/2021 y del Juicio Oral 53\/2024.<\/p>\n\n\n\n<p>Entre los antecedentes del Juicio se puede referir que el 21 y 25 de abril de este 2025, en Minatitl\u00e1n, se llev\u00f3 a cabo la audiencia de&nbsp;desahogo de diez medios de pruebas ofrecidos. Entre mayo y agosto se realizaron las audiencias de juicio oral en donde se desahogaron testimonios, periciales,&nbsp;documentales, entrevistas, material como medios de pruebas que fueron ofrecidos en el auto de apertura a Juicio.<\/p>\n\n\n\n<p>El 9 de septiembre fue la audiencia de sentencia en donde se conden\u00f3 a los culpables. Cuatro a 55 a\u00f1os de prisi\u00f3n por feminicidio y uno, Luis Alberto S. D., a 45 a\u00f1os por homicidio.&nbsp;<\/p>\n\n\n\n<p>El 20 de junio,&nbsp;<strong>Emigdio Heliodoro Enr\u00edquez Merl\u00edn<\/strong>, hijo y hermano de las v\u00edctimas, promovi\u00f3 ante el juez de enjuiciamiento un incidente \u201cInnominado\u201d por la negativa&nbsp;de la Fiscal\u00eda de la Sub Unidad Integral de Procuraci\u00f3n de Justicia del Distrito Judicial de Cosoleacaque, Veracruz, en otorgar la devoluci\u00f3n de bienes y dineros que fueron asegurados en la carpeta de investigaci\u00f3n citada,&nbsp;luego de acreditar&nbsp;la titularidad de estos con entrevistas, fotos, informes de ingresos, adem\u00e1s de un dictamen pericial emitido por la propia&nbsp;Fiscal\u00eda donde se detalla los bienes y dineros asegurados y su valor.<\/p>\n\n\n\n<p>El 27 de junio&nbsp;se llev\u00f3 a cabo la celebraci\u00f3n de la audiencia incidental, en la cual,&nbsp;el afectado acredit\u00f3la existencia de dichos bienes y dineros, que fueron sustra\u00eddos del domicilio&nbsp;ubicado en la calle Correos 220, Barrio Primero, de la ciudad de Cosoleacaque. En la solicitud se precis\u00f3 que la Fiscal\u00eda&nbsp;no ten\u00eda raz\u00f3n para negar su devoluci\u00f3n, concedi\u00e9ndose en esa misma audiencia que la&nbsp;dependencia&nbsp;realizara la restituci\u00f3n de dichos bienes al ofendido en un t\u00e9rmino de diez d\u00edas h\u00e1biles para realizar las gestiones necesarias para su devoluci\u00f3n. Nada pas\u00f3.<\/p>\n\n\n\n<p>El afectado tuvo que soportar la burocracia y seguir con su solicitud por la v\u00eda legal. La cronolog\u00eda es contundente: 14 de julio de 2025: solicita&nbsp;el cumplimiento de la resoluci\u00f3n interlocutoria, ya que el termino de diez d\u00edas hab\u00eda transcurrid; 07 de agosto: se vence el plazo de los cinco d\u00edas; 15 de agosto: solicita&nbsp;el cumplimiento de la resoluci\u00f3n interlocutoria,&nbsp;pidiendo, adem\u00e1s, apercibimiento de multas para los fiscales; 10 de septiembre: se solicita&nbsp;el cumplimiento de la resoluci\u00f3n interlocutoria, ya que hab\u00eda pasado un lapso de tiempo en demas\u00eda, adem\u00e1s que ya&nbsp;se encontraban&nbsp;en la individualizaci\u00f3n de Sentencia de los imputados; 18 de septiembre: se solicit\u00f3&nbsp;nuevamente que se requiriera a los Fiscales para realizar la entrega de los bienes y dineros, adem\u00e1s que se solicit\u00f3 que se requiriera directamente al Jefe Encargado de Bienes Asegurados de la Fiscal\u00eda General del Estado de Veracruz, para la entrega de los Bienes a los Fiscales y estos a su vez, realizar la devoluci\u00f3n.<\/p>\n\n\n\n<p>El periplo continu\u00f3: 03 de octubre:&nbsp;se promovi\u00f3 ante el juez de enjuiciamiento de la ciudad de Coatzacoalcos y al Juez de Control de Proceso y Procedimiento Penal Oral del Distrito judicial de Coatzacoalcos, con sede en Minatitl\u00e1n, Veracruz,&nbsp;yaque de las promociones realizadas no exist\u00eda un pronunciamiento alguno respecto a las reiteradas solicitudes.<\/p>\n\n\n\n<p>El 07 de octubre&nbsp;se promovi\u00f3 directamente ante el Tribunal de Disciplina Judicial de la ciudad de Xalapa, respecto a la forma de actuar del Juez de Enjuiciamiento y Ejecutor de Sentencias, adscrito al Centro de Justicia Penal de la ciudad de Coatzacoalcos, Veracruz, ya que estaba entrando en omisiones por no requerir que se ejecutara la devoluci\u00f3n de los bienes.&nbsp;Tambi\u00e9n&nbsp;se promovi\u00f3 directamente ante la&nbsp;Presidenta&nbsp;del Tribunal Superior de Justicia del Poder Judicial del Estado de Veracruz la misma situaci\u00f3n.&nbsp;<\/p>\n\n\n\n<p>Las solicitudes a todas las instancias involucradas continuaron&nbsp;el 10 de octubre, el 21 de octubre, el 22 de octubre, el 29 de octubre, el 05 de noviembre y el 13 de noviembre.<\/p>\n\n\n\n<p>Estas negativas de las autoridades encargadas de procurar justicia&nbsp;son a todas luces una&nbsp;burla al ofendido por no ordenar que realice la devoluci\u00f3n de los bienes y dineros asegurados.&nbsp;<\/p>\n\n\n\n<p>La propia Fiscal,&nbsp;<strong>Ver\u00f3nica Hern\u00e1ndez&nbsp;<\/strong><strong>Giad\u00e1ns<\/strong>, deber\u00eda ordenar que se entreguen los bienes asegurados a su leg\u00edtimo due\u00f1o,&nbsp;<strong>Emigdio Heliodoro Enr\u00edquez Merl\u00edn<\/strong>&nbsp;y que dejen de \u201crevictimizarlo\u201d, con este calvario legal que no es otra cosa que la muestra fehaciente de la indolencia de las autoridades encargadas de procurar justicia. Alguien tiene que hacer algo.&nbsp;<\/p>\n\n\n\n<p><strong>@MValeraH<\/strong><\/p>\n","protected":false},"excerpt":{"rendered":"<p>Miguel Valera Contrase\u00f1as La Fiscal General de Justicia del Estado de Veracruz,&nbsp;Ver\u00f3nica Hern\u00e1ndez&nbsp;Giad\u00e1ns, empoderada por su cercan\u00eda con&nbsp;Omar Garc\u00eda&nbsp;Harfuch, Secretario de Seguridad y Protecci\u00f3n Ciudadana del gobierno de la presidenta&nbsp;Claudia Sheinbaum Pardo, se encuentra involucrada en un caso de omisi\u00f3n, ya que su dependencia se niega a devolver los bienes asegurados de la familia Enr\u00edquez [&hellip;]<\/p>\n","protected":false},"author":2,"featured_media":141429,"comment_status":"closed","ping_status":"closed","sticky":false,"template":"","format":"standard","meta":{"tdm_status":"","tdm_grid_status":"","footnotes":""},"categories":[70],"tags":[47303,47302,4660,15165],"class_list":{"0":"post-156674","1":"post","2":"type-post","3":"status-publish","4":"format-standard","5":"has-post-thumbnail","7":"category-de-opinion","8":"tag-carla-guadalupe-enriquez-merlin","9":"tag-emigdio-heliodoro-enriquez-merlin","10":"tag-gladys-merlin-castro","11":"tag-veronica-hernandez-giadans"},"yoast_head":"<!-- This site is optimized with the Yoast SEO plugin v27.4 - https:\/\/yoast.com\/product\/yoast-seo-wordpress\/ -->\n<title>ASESINATO DE GLADYS Y CARLA MERL\u00cdN, CASO VIGENTE - Los pol\u00edticos Veracruz<\/title>\n<meta name=\"robots\" content=\"index, follow, max-snippet:-1, max-image-preview:large, max-video-preview:-1\" \/>\n<link rel=\"canonical\" href=\"https:\/\/lospoliticosveracruz.com\/?p=156674\" \/>\n<meta property=\"og:locale\" content=\"es_ES\" \/>\n<meta property=\"og:type\" content=\"article\" \/>\n<meta property=\"og:title\" content=\"ASESINATO DE GLADYS Y CARLA MERL\u00cdN, CASO VIGENTE - Los pol\u00edticos Veracruz\" \/>\n<meta property=\"og:description\" content=\"Miguel Valera Contrase\u00f1as La Fiscal General de Justicia del Estado de Veracruz,&nbsp;Ver\u00f3nica Hern\u00e1ndez&nbsp;Giad\u00e1ns, empoderada por su cercan\u00eda con&nbsp;Omar Garc\u00eda&nbsp;Harfuch, Secretario de Seguridad y Protecci\u00f3n Ciudadana del gobierno de la presidenta&nbsp;Claudia Sheinbaum Pardo, se encuentra involucrada en un caso de omisi\u00f3n, ya que su dependencia se niega a devolver los bienes asegurados de la familia Enr\u00edquez [&hellip;]\" \/>\n<meta property=\"og:url\" content=\"https:\/\/lospoliticosveracruz.com\/?p=156674\" \/>\n<meta property=\"og:site_name\" content=\"Los pol\u00edticos Veracruz\" \/>\n<meta property=\"article:publisher\" content=\"https:\/\/www.facebook.com\/people\/Notimemes-de-los-Polticos\/61565672886568\/\" \/>\n<meta property=\"article:published_time\" content=\"2025-11-18T10:40:38+00:00\" \/>\n<meta property=\"article:modified_time\" content=\"2025-11-18T10:46:43+00:00\" \/>\n<meta property=\"og:image\" content=\"https:\/\/lospoliticosveracruz.com\/wp-content\/uploads\/2025\/04\/Miguel-Valera.jpg\" \/>\n\t<meta property=\"og:image:width\" content=\"1250\" \/>\n\t<meta property=\"og:image:height\" content=\"667\" \/>\n\t<meta property=\"og:image:type\" content=\"image\/jpeg\" \/>\n<meta name=\"author\" content=\"Lo viste en Los Pol\u00edticos\" \/>\n<meta name=\"twitter:card\" content=\"summary_large_image\" \/>\n<meta name=\"twitter:creator\" content=\"@LosPoliticosVer\" \/>\n<meta name=\"twitter:site\" content=\"@LosPoliticosVer\" \/>\n<meta name=\"twitter:label1\" content=\"Escrito por\" \/>\n\t<meta name=\"twitter:data1\" content=\"Lo viste en Los Pol\u00edticos\" \/>\n\t<meta name=\"twitter:label2\" content=\"Tiempo de lectura\" \/>\n\t<meta name=\"twitter:data2\" content=\"5 minutos\" \/>\n<script type=\"application\/ld+json\" class=\"yoast-schema-graph\">{\"@context\":\"https:\\\/\\\/schema.org\",\"@graph\":[{\"@type\":\"Article\",\"@id\":\"https:\\\/\\\/lospoliticosveracruz.com\\\/?p=156674#article\",\"isPartOf\":{\"@id\":\"https:\\\/\\\/lospoliticosveracruz.com\\\/?p=156674\"},\"author\":{\"name\":\"Lo viste en Los Pol\u00edticos\",\"@id\":\"https:\\\/\\\/lospoliticosveracruz.com\\\/#\\\/schema\\\/person\\\/b8702bb0e538456e6efd07080bf2a4a2\"},\"headline\":\"ASESINATO DE GLADYS Y CARLA MERL\u00cdN, CASO VIGENTE\",\"datePublished\":\"2025-11-18T10:40:38+00:00\",\"dateModified\":\"2025-11-18T10:46:43+00:00\",\"mainEntityOfPage\":{\"@id\":\"https:\\\/\\\/lospoliticosveracruz.com\\\/?p=156674\"},\"wordCount\":1010,\"publisher\":{\"@id\":\"https:\\\/\\\/lospoliticosveracruz.com\\\/#organization\"},\"image\":{\"@id\":\"https:\\\/\\\/lospoliticosveracruz.com\\\/?p=156674#primaryimage\"},\"thumbnailUrl\":\"https:\\\/\\\/lospoliticosveracruz.com\\\/wp-content\\\/uploads\\\/2025\\\/04\\\/Miguel-Valera.jpg\",\"keywords\":[\"Carla Guadalupe Enr\u00edquez Merl\u00edn\",\"Emigdio Heliodoro Enr\u00edquez Merl\u00edn\",\"Gladys Merl\u00edn Castro\",\"Ver\u00f3nica Hern\u00e1ndez Giad\u00e1ns\"],\"articleSection\":[\"De Opini\u00f3n\"],\"inLanguage\":\"es\"},{\"@type\":\"WebPage\",\"@id\":\"https:\\\/\\\/lospoliticosveracruz.com\\\/?p=156674\",\"url\":\"https:\\\/\\\/lospoliticosveracruz.com\\\/?p=156674\",\"name\":\"ASESINATO DE GLADYS Y CARLA MERL\u00cdN, CASO VIGENTE - Los pol\u00edticos Veracruz\",\"isPartOf\":{\"@id\":\"https:\\\/\\\/lospoliticosveracruz.com\\\/#website\"},\"primaryImageOfPage\":{\"@id\":\"https:\\\/\\\/lospoliticosveracruz.com\\\/?p=156674#primaryimage\"},\"image\":{\"@id\":\"https:\\\/\\\/lospoliticosveracruz.com\\\/?p=156674#primaryimage\"},\"thumbnailUrl\":\"https:\\\/\\\/lospoliticosveracruz.com\\\/wp-content\\\/uploads\\\/2025\\\/04\\\/Miguel-Valera.jpg\",\"datePublished\":\"2025-11-18T10:40:38+00:00\",\"dateModified\":\"2025-11-18T10:46:43+00:00\",\"breadcrumb\":{\"@id\":\"https:\\\/\\\/lospoliticosveracruz.com\\\/?p=156674#breadcrumb\"},\"inLanguage\":\"es\",\"potentialAction\":[{\"@type\":\"ReadAction\",\"target\":[\"https:\\\/\\\/lospoliticosveracruz.com\\\/?p=156674\"]}]},{\"@type\":\"ImageObject\",\"inLanguage\":\"es\",\"@id\":\"https:\\\/\\\/lospoliticosveracruz.com\\\/?p=156674#primaryimage\",\"url\":\"https:\\\/\\\/lospoliticosveracruz.com\\\/wp-content\\\/uploads\\\/2025\\\/04\\\/Miguel-Valera.jpg\",\"contentUrl\":\"https:\\\/\\\/lospoliticosveracruz.com\\\/wp-content\\\/uploads\\\/2025\\\/04\\\/Miguel-Valera.jpg\",\"width\":1250,\"height\":667},{\"@type\":\"BreadcrumbList\",\"@id\":\"https:\\\/\\\/lospoliticosveracruz.com\\\/?p=156674#breadcrumb\",\"itemListElement\":[{\"@type\":\"ListItem\",\"position\":1,\"name\":\"Portada\",\"item\":\"https:\\\/\\\/lospoliticosveracruz.com\\\/\"},{\"@type\":\"ListItem\",\"position\":2,\"name\":\"ASESINATO DE GLADYS Y CARLA MERL\u00cdN, CASO VIGENTE\"}]},{\"@type\":\"WebSite\",\"@id\":\"https:\\\/\\\/lospoliticosveracruz.com\\\/#website\",\"url\":\"https:\\\/\\\/lospoliticosveracruz.com\\\/\",\"name\":\"Los pol\u00edticos Veracruz\",\"description\":\"\",\"publisher\":{\"@id\":\"https:\\\/\\\/lospoliticosveracruz.com\\\/#organization\"},\"potentialAction\":[{\"@type\":\"SearchAction\",\"target\":{\"@type\":\"EntryPoint\",\"urlTemplate\":\"https:\\\/\\\/lospoliticosveracruz.com\\\/?s={search_term_string}\"},\"query-input\":{\"@type\":\"PropertyValueSpecification\",\"valueRequired\":true,\"valueName\":\"search_term_string\"}}],\"inLanguage\":\"es\"},{\"@type\":\"Organization\",\"@id\":\"https:\\\/\\\/lospoliticosveracruz.com\\\/#organization\",\"name\":\"Los pol\u00edticos Veracruz\",\"url\":\"https:\\\/\\\/lospoliticosveracruz.com\\\/\",\"logo\":{\"@type\":\"ImageObject\",\"inLanguage\":\"es\",\"@id\":\"https:\\\/\\\/lospoliticosveracruz.com\\\/#\\\/schema\\\/logo\\\/image\\\/\",\"url\":\"https:\\\/\\\/lospoliticosveracruz.com\\\/wp-content\\\/uploads\\\/2025\\\/12\\\/Logo-Nuevo-LOS-POLITICOS-1.jpg\",\"contentUrl\":\"https:\\\/\\\/lospoliticosveracruz.com\\\/wp-content\\\/uploads\\\/2025\\\/12\\\/Logo-Nuevo-LOS-POLITICOS-1.jpg\",\"width\":260,\"height\":70,\"caption\":\"Los pol\u00edticos Veracruz\"},\"image\":{\"@id\":\"https:\\\/\\\/lospoliticosveracruz.com\\\/#\\\/schema\\\/logo\\\/image\\\/\"},\"sameAs\":[\"https:\\\/\\\/www.facebook.com\\\/people\\\/Notimemes-de-los-Polticos\\\/61565672886568\\\/\",\"https:\\\/\\\/x.com\\\/LosPoliticosVer\"]},{\"@type\":\"Person\",\"@id\":\"https:\\\/\\\/lospoliticosveracruz.com\\\/#\\\/schema\\\/person\\\/b8702bb0e538456e6efd07080bf2a4a2\",\"name\":\"Lo viste en Los Pol\u00edticos\",\"image\":{\"@type\":\"ImageObject\",\"inLanguage\":\"es\",\"@id\":\"https:\\\/\\\/secure.gravatar.com\\\/avatar\\\/3a8de04a2656d44082be478bd6c086daa447c4651605818287b9532d3d0bd435?s=96&d=mm&r=g\",\"url\":\"https:\\\/\\\/secure.gravatar.com\\\/avatar\\\/3a8de04a2656d44082be478bd6c086daa447c4651605818287b9532d3d0bd435?s=96&d=mm&r=g\",\"contentUrl\":\"https:\\\/\\\/secure.gravatar.com\\\/avatar\\\/3a8de04a2656d44082be478bd6c086daa447c4651605818287b9532d3d0bd435?s=96&d=mm&r=g\",\"caption\":\"Lo viste en Los Pol\u00edticos\"},\"url\":\"https:\\\/\\\/lospoliticosveracruz.com\\\/?author=2\"}]}<\/script>\n<!-- \/ Yoast SEO plugin. -->","yoast_head_json":{"title":"ASESINATO DE GLADYS Y CARLA MERL\u00cdN, CASO VIGENTE - Los pol\u00edticos Veracruz","robots":{"index":"index","follow":"follow","max-snippet":"max-snippet:-1","max-image-preview":"max-image-preview:large","max-video-preview":"max-video-preview:-1"},"canonical":"https:\/\/lospoliticosveracruz.com\/?p=156674","og_locale":"es_ES","og_type":"article","og_title":"ASESINATO DE GLADYS Y CARLA MERL\u00cdN, CASO VIGENTE - Los pol\u00edticos Veracruz","og_description":"Miguel Valera Contrase\u00f1as La Fiscal General de Justicia del Estado de Veracruz,&nbsp;Ver\u00f3nica Hern\u00e1ndez&nbsp;Giad\u00e1ns, empoderada por su cercan\u00eda con&nbsp;Omar Garc\u00eda&nbsp;Harfuch, Secretario de Seguridad y Protecci\u00f3n Ciudadana del gobierno de la presidenta&nbsp;Claudia Sheinbaum Pardo, se encuentra involucrada en un caso de omisi\u00f3n, ya que su dependencia se niega a devolver los bienes asegurados de la familia Enr\u00edquez [&hellip;]","og_url":"https:\/\/lospoliticosveracruz.com\/?p=156674","og_site_name":"Los pol\u00edticos Veracruz","article_publisher":"https:\/\/www.facebook.com\/people\/Notimemes-de-los-Polticos\/61565672886568\/","article_published_time":"2025-11-18T10:40:38+00:00","article_modified_time":"2025-11-18T10:46:43+00:00","og_image":[{"width":1250,"height":667,"url":"https:\/\/lospoliticosveracruz.com\/wp-content\/uploads\/2025\/04\/Miguel-Valera.jpg","type":"image\/jpeg"}],"author":"Lo viste en Los Pol\u00edticos","twitter_card":"summary_large_image","twitter_creator":"@LosPoliticosVer","twitter_site":"@LosPoliticosVer","twitter_misc":{"Escrito por":"Lo viste en Los Pol\u00edticos","Tiempo de lectura":"5 minutos"},"schema":{"@context":"https:\/\/schema.org","@graph":[{"@type":"Article","@id":"https:\/\/lospoliticosveracruz.com\/?p=156674#article","isPartOf":{"@id":"https:\/\/lospoliticosveracruz.com\/?p=156674"},"author":{"name":"Lo viste en Los Pol\u00edticos","@id":"https:\/\/lospoliticosveracruz.com\/#\/schema\/person\/b8702bb0e538456e6efd07080bf2a4a2"},"headline":"ASESINATO DE GLADYS Y CARLA MERL\u00cdN, CASO VIGENTE","datePublished":"2025-11-18T10:40:38+00:00","dateModified":"2025-11-18T10:46:43+00:00","mainEntityOfPage":{"@id":"https:\/\/lospoliticosveracruz.com\/?p=156674"},"wordCount":1010,"publisher":{"@id":"https:\/\/lospoliticosveracruz.com\/#organization"},"image":{"@id":"https:\/\/lospoliticosveracruz.com\/?p=156674#primaryimage"},"thumbnailUrl":"https:\/\/lospoliticosveracruz.com\/wp-content\/uploads\/2025\/04\/Miguel-Valera.jpg","keywords":["Carla Guadalupe Enr\u00edquez Merl\u00edn","Emigdio Heliodoro Enr\u00edquez Merl\u00edn","Gladys Merl\u00edn Castro","Ver\u00f3nica Hern\u00e1ndez Giad\u00e1ns"],"articleSection":["De Opini\u00f3n"],"inLanguage":"es"},{"@type":"WebPage","@id":"https:\/\/lospoliticosveracruz.com\/?p=156674","url":"https:\/\/lospoliticosveracruz.com\/?p=156674","name":"ASESINATO DE GLADYS Y CARLA MERL\u00cdN, CASO VIGENTE - Los pol\u00edticos Veracruz","isPartOf":{"@id":"https:\/\/lospoliticosveracruz.com\/#website"},"primaryImageOfPage":{"@id":"https:\/\/lospoliticosveracruz.com\/?p=156674#primaryimage"},"image":{"@id":"https:\/\/lospoliticosveracruz.com\/?p=156674#primaryimage"},"thumbnailUrl":"https:\/\/lospoliticosveracruz.com\/wp-content\/uploads\/2025\/04\/Miguel-Valera.jpg","datePublished":"2025-11-18T10:40:38+00:00","dateModified":"2025-11-18T10:46:43+00:00","breadcrumb":{"@id":"https:\/\/lospoliticosveracruz.com\/?p=156674#breadcrumb"},"inLanguage":"es","potentialAction":[{"@type":"ReadAction","target":["https:\/\/lospoliticosveracruz.com\/?p=156674"]}]},{"@type":"ImageObject","inLanguage":"es","@id":"https:\/\/lospoliticosveracruz.com\/?p=156674#primaryimage","url":"https:\/\/lospoliticosveracruz.com\/wp-content\/uploads\/2025\/04\/Miguel-Valera.jpg","contentUrl":"https:\/\/lospoliticosveracruz.com\/wp-content\/uploads\/2025\/04\/Miguel-Valera.jpg","width":1250,"height":667},{"@type":"BreadcrumbList","@id":"https:\/\/lospoliticosveracruz.com\/?p=156674#breadcrumb","itemListElement":[{"@type":"ListItem","position":1,"name":"Portada","item":"https:\/\/lospoliticosveracruz.com\/"},{"@type":"ListItem","position":2,"name":"ASESINATO DE GLADYS Y CARLA MERL\u00cdN, CASO VIGENTE"}]},{"@type":"WebSite","@id":"https:\/\/lospoliticosveracruz.com\/#website","url":"https:\/\/lospoliticosveracruz.com\/","name":"Los pol\u00edticos Veracruz","description":"","publisher":{"@id":"https:\/\/lospoliticosveracruz.com\/#organization"},"potentialAction":[{"@type":"SearchAction","target":{"@type":"EntryPoint","urlTemplate":"https:\/\/lospoliticosveracruz.com\/?s={search_term_string}"},"query-input":{"@type":"PropertyValueSpecification","valueRequired":true,"valueName":"search_term_string"}}],"inLanguage":"es"},{"@type":"Organization","@id":"https:\/\/lospoliticosveracruz.com\/#organization","name":"Los pol\u00edticos Veracruz","url":"https:\/\/lospoliticosveracruz.com\/","logo":{"@type":"ImageObject","inLanguage":"es","@id":"https:\/\/lospoliticosveracruz.com\/#\/schema\/logo\/image\/","url":"https:\/\/lospoliticosveracruz.com\/wp-content\/uploads\/2025\/12\/Logo-Nuevo-LOS-POLITICOS-1.jpg","contentUrl":"https:\/\/lospoliticosveracruz.com\/wp-content\/uploads\/2025\/12\/Logo-Nuevo-LOS-POLITICOS-1.jpg","width":260,"height":70,"caption":"Los pol\u00edticos Veracruz"},"image":{"@id":"https:\/\/lospoliticosveracruz.com\/#\/schema\/logo\/image\/"},"sameAs":["https:\/\/www.facebook.com\/people\/Notimemes-de-los-Polticos\/61565672886568\/","https:\/\/x.com\/LosPoliticosVer"]},{"@type":"Person","@id":"https:\/\/lospoliticosveracruz.com\/#\/schema\/person\/b8702bb0e538456e6efd07080bf2a4a2","name":"Lo viste en Los Pol\u00edticos","image":{"@type":"ImageObject","inLanguage":"es","@id":"https:\/\/secure.gravatar.com\/avatar\/3a8de04a2656d44082be478bd6c086daa447c4651605818287b9532d3d0bd435?s=96&d=mm&r=g","url":"https:\/\/secure.gravatar.com\/avatar\/3a8de04a2656d44082be478bd6c086daa447c4651605818287b9532d3d0bd435?s=96&d=mm&r=g","contentUrl":"https:\/\/secure.gravatar.com\/avatar\/3a8de04a2656d44082be478bd6c086daa447c4651605818287b9532d3d0bd435?s=96&d=mm&r=g","caption":"Lo viste en Los Pol\u00edticos"},"url":"https:\/\/lospoliticosveracruz.com\/?author=2"}]}},"_links":{"self":[{"href":"https:\/\/lospoliticosveracruz.com\/index.php?rest_route=\/wp\/v2\/posts\/156674","targetHints":{"allow":["GET"]}}],"collection":[{"href":"https:\/\/lospoliticosveracruz.com\/index.php?rest_route=\/wp\/v2\/posts"}],"about":[{"href":"https:\/\/lospoliticosveracruz.com\/index.php?rest_route=\/wp\/v2\/types\/post"}],"author":[{"embeddable":true,"href":"https:\/\/lospoliticosveracruz.com\/index.php?rest_route=\/wp\/v2\/users\/2"}],"replies":[{"embeddable":true,"href":"https:\/\/lospoliticosveracruz.com\/index.php?rest_route=%2Fwp%2Fv2%2Fcomments&post=156674"}],"version-history":[{"count":1,"href":"https:\/\/lospoliticosveracruz.com\/index.php?rest_route=\/wp\/v2\/posts\/156674\/revisions"}],"predecessor-version":[{"id":156675,"href":"https:\/\/lospoliticosveracruz.com\/index.php?rest_route=\/wp\/v2\/posts\/156674\/revisions\/156675"}],"wp:featuredmedia":[{"embeddable":true,"href":"https:\/\/lospoliticosveracruz.com\/index.php?rest_route=\/wp\/v2\/media\/141429"}],"wp:attachment":[{"href":"https:\/\/lospoliticosveracruz.com\/index.php?rest_route=%2Fwp%2Fv2%2Fmedia&parent=156674"}],"wp:term":[{"taxonomy":"category","embeddable":true,"href":"https:\/\/lospoliticosveracruz.com\/index.php?rest_route=%2Fwp%2Fv2%2Fcategories&post=156674"},{"taxonomy":"post_tag","embeddable":true,"href":"https:\/\/lospoliticosveracruz.com\/index.php?rest_route=%2Fwp%2Fv2%2Ftags&post=156674"}],"curies":[{"name":"wp","href":"https:\/\/api.w.org\/{rel}","templated":true}]}}