{"id":156728,"date":"2025-11-18T20:57:06","date_gmt":"2025-11-19T02:57:06","guid":{"rendered":"https:\/\/lospoliticosveracruz.com.mx\/?p=156728"},"modified":"2025-11-18T20:57:26","modified_gmt":"2025-11-19T02:57:26","slug":"prisas-2","status":"publish","type":"post","link":"https:\/\/lospoliticosveracruz.com\/?p=156728","title":{"rendered":"PRISAS"},"content":{"rendered":"\n<p><strong>Guadalupe H. Mar<\/strong><\/p>\n\n\n\n<p><em>Mira Pol\u00edtica&nbsp;<\/em><\/p>\n\n\n\n<p>Y PRIORIDADES \u2026 Hacer las cosas a las carreras nunca ha dado buenos resultados, por ello seg\u00fan cuenta la historia, el emperador Napole\u00f3n acu\u00f1\u00f3 la frase \u201cv\u00edsteme despacio que voy de prisa\u201d y siglos antes, el tambi\u00e9n emperador Augusto, usaba la expresi\u00f3n en lat\u00edn, \u00abfestina lente\u00bb o apres\u00farate lentamente, mientras que la abuela Nila, la de \u00c1lamo Temapache, dec\u00eda, \u201cLa prisa nunca es buena consejera\u201d.<\/p>\n\n\n\n\n\n<p>Porque seguramente ustedes amables lectoras y lectores se estar\u00e1n preguntando el porqu\u00e9 de estos comentarios, les decimos que se deben a la pif\u00eda cometida por los legisladores veracruzanos, quienes por las prisas de levantar el dedo, no leyeron la Ley de Presupuesto de Egresos de Veracruz para el ejercicio fiscal 2026, es m\u00e1s, todo hace suponer que ni la hojearon.<\/p>\n\n\n\n<p>Como bot\u00f3n que sirva de muestra, los diputados de la LXVII Legislatura veracruzana, no se dieron cuenta que redujeron en casi 83 por ciento, el presupuesto del a\u00f1o entrante a ejercer por la Secretar\u00eda estatal de Turismo, pues de los 509 millones de pesos que ejerci\u00f3 la dependencia tur\u00edstica en este a\u00f1o 2025, para el 2026 solo contar\u00e1 con 90 millones.<\/p>\n\n\n\n<p>En si, la reducci\u00f3n presupuestaria para la Secretar\u00eda estatal de Turismo el pr\u00f3ximo a\u00f1o, ser\u00e1 de 82.32 por ciento, con lo que se condena a esta dependencia a la inanici\u00f3n, pues los 90 millones de pesos que le asignaron los legisladores locales para ejercer el a\u00f1o 2026, no alcanzan ni para pagar a los artistas de la Cumbre Taj\u00edn.<\/p>\n\n\n\n<p>Caray, si el programa estatal de \u201cVeracruz est\u00e1 de moda\u201d se sustenta en gran parte con los festivales o bailongos que se organizan en varias ciudades de la entidad veracruzana, \u00bfqu\u00e9 es lo que se organizar\u00e1 con apenas 90 millones de pesos?.<\/p>\n\n\n\n<p>A CORREGIR LA PLANA \u2026 Como en otras ocasiones, que vaya han sido varias, tuvo que intervenir la titular de la actual administraci\u00f3n estatal, la ingeniera qu\u00edmica Norma Roc\u00edo Nahle Garc\u00eda, para que sus colaboradores corrigieran este entuerto.<\/p>\n\n\n\n<p>Por lo pronto ya dispuso que el secretario de Finanzas y nada de Planeaci\u00f3n (Sefiplan), Miguel Santiago Reyes Hern\u00e1ndez y los legisladores veracruzanos propusieran una estrategia para enmendar tama\u00f1a pifia y darle a la Secretar\u00eda estatal de Turismo un recurso econ\u00f3mico mas para compensar la reducci\u00f3n presupuestaria de del 82.3 por ciento.<\/p>\n\n\n\n<p>Nadie duda que lo hagan amables lectoras y lectores, pero como dec\u00eda el fil\u00f3sofo de Ciudad Ju\u00e1rez, Juan Gabriel, \u201cpero qu\u00e9 necesidad\u201d, si tan solo los funcionarios del gobierno estatal y los diputados locales se hubieran tomado el tiempo justo y necesario para leer la iniciativa de Ley de Egresos del 2026 para el estado de Veracruz. Mis chulos.<\/p>\n\n\n\n<p>PRESENTACI\u00d3N EN XALAPA \u2026 Este mi\u00e9rcoles 19 de noviembre a partir de las 16 horas, cuatro de la tarde, en el Auditorio del Instituto de Investigaciones Hist\u00f3rico-Sociales de la Universidad Veracruzana (UV), ubicado en Diego Le\u00f1o n\u00famero 8 esquina Bremont, all\u00e1 en \u00f1a ciudad de Xalapa, se presentar\u00e1 el libro \u201cEl Veracruz que vemos, el Veracruz que deseamos\u201d.<\/p>\n\n\n\n<p>Este evento se llevar\u00e1 a cabo como parte del Foro de difusi\u00f3n y extensi\u00f3n de la licenciatura de Arqueolog\u00eda de la Facultad de Antropolog\u00eda de la Universidad Veracruzana: \u201cProblemas que atraviesan al Veracruz contempor\u00e1neo\u201d.<\/p>\n\n\n\n<p>Para la presentaci\u00f3n del libro se realizar\u00e1n dos conversatorios, el primero de ellos con la historia del texto: su estructura, objetivos e implicaciones, en el que participaremos los coordinadores generales del libro, Jos\u00e9 Luis Ortega Vidal y una servidora, as\u00ed como Jared Esdras Mart\u00ednez Dom\u00ednguez, egresado de la facultad de Antropolog\u00eda y estudiante de maestr\u00eda, esto con la coordinaci\u00f3n de Mar\u00eda Elena Roca Guzm\u00e1n, docente de la facultad de Antropolog\u00eda.<\/p>\n\n\n\n<p>En el segundo conversatorio: \u201cDesde su trinchera\u201d, participar\u00e1n los acad\u00e9micos de la Facultad de Ciencias de la Comunicaci\u00f3n de la UV, Miguel \u00c1ngel Barrag\u00e1n Villarreal y Mar\u00eda Teresa de J. Arroyo Gopar, as\u00ed como Mar\u00eda Elena Roca Guzm\u00e1n, esto con la coordinaci\u00f3n de Rebeca Ruiz Aguilar, estudiante de Antropolog\u00eda por Movilidad.<\/p>\n\n\n\n<p>El Foro de difusi\u00f3n y extensi\u00f3n de la Facultad de Antropolog\u00eda de la Universidad Veracruzana, estar\u00e1 dedicado a la acci\u00f3n activista en colectivo sobre las violencias de g\u00e9nero, la defensa del agua y el territorio, as\u00ed como la conexi\u00f3n entre las ciencias sociales para desarrollar proyectos y el an\u00e1lisis de los problemas contempor\u00e1neos.&nbsp;&nbsp;<\/p>\n\n\n\n<p>Es fundamental la participaci\u00f3n de la comunidad acad\u00e9mica y de la sociedad en general para el an\u00e1lisis y conversaci\u00f3n sobre los temas son planteados.<\/p>\n\n\n\n<p>D\u00cdGALO SIN MIEDO \u2026 Al correo electr\u00f3nico: guadalupehmar@gmail.com<\/p>\n","protected":false},"excerpt":{"rendered":"<p>Guadalupe H. Mar Mira Pol\u00edtica&nbsp; Y PRIORIDADES \u2026 Hacer las cosas a las carreras nunca ha dado buenos resultados, por ello seg\u00fan cuenta la historia, el emperador Napole\u00f3n acu\u00f1\u00f3 la frase \u201cv\u00edsteme despacio que voy de prisa\u201d y siglos antes, el tambi\u00e9n emperador Augusto, usaba la expresi\u00f3n en lat\u00edn, \u00abfestina lente\u00bb o apres\u00farate lentamente, mientras [&hellip;]<\/p>\n","protected":false},"author":2,"featured_media":141398,"comment_status":"closed","ping_status":"closed","sticky":false,"template":"","format":"standard","meta":{"tdm_status":"","tdm_grid_status":"","footnotes":""},"categories":[70],"tags":[],"class_list":{"0":"post-156728","1":"post","2":"type-post","3":"status-publish","4":"format-standard","5":"has-post-thumbnail","7":"category-de-opinion"},"yoast_head":"<!-- This site is optimized with the Yoast SEO plugin v27.4 - https:\/\/yoast.com\/product\/yoast-seo-wordpress\/ -->\n<title>PRISAS - Los pol\u00edticos Veracruz<\/title>\n<meta name=\"robots\" content=\"index, follow, max-snippet:-1, max-image-preview:large, max-video-preview:-1\" \/>\n<link rel=\"canonical\" href=\"https:\/\/lospoliticosveracruz.com\/?p=156728\" \/>\n<meta property=\"og:locale\" content=\"es_ES\" \/>\n<meta property=\"og:type\" content=\"article\" \/>\n<meta property=\"og:title\" content=\"PRISAS - Los pol\u00edticos Veracruz\" \/>\n<meta property=\"og:description\" content=\"Guadalupe H. Mar Mira Pol\u00edtica&nbsp; Y PRIORIDADES \u2026 Hacer las cosas a las carreras nunca ha dado buenos resultados, por ello seg\u00fan cuenta la historia, el emperador Napole\u00f3n acu\u00f1\u00f3 la frase \u201cv\u00edsteme despacio que voy de prisa\u201d y siglos antes, el tambi\u00e9n emperador Augusto, usaba la expresi\u00f3n en lat\u00edn, \u00abfestina lente\u00bb o apres\u00farate lentamente, mientras [&hellip;]\" \/>\n<meta property=\"og:url\" content=\"https:\/\/lospoliticosveracruz.com\/?p=156728\" \/>\n<meta property=\"og:site_name\" content=\"Los pol\u00edticos Veracruz\" \/>\n<meta property=\"article:publisher\" content=\"https:\/\/www.facebook.com\/people\/Notimemes-de-los-Polticos\/61565672886568\/\" \/>\n<meta property=\"article:published_time\" content=\"2025-11-19T02:57:06+00:00\" \/>\n<meta property=\"article:modified_time\" content=\"2025-11-19T02:57:26+00:00\" \/>\n<meta property=\"og:image\" content=\"https:\/\/lospoliticosveracruz.com\/wp-content\/uploads\/2025\/04\/Lupita-H-Mar.jpg\" \/>\n\t<meta property=\"og:image:width\" content=\"1250\" \/>\n\t<meta property=\"og:image:height\" content=\"667\" \/>\n\t<meta property=\"og:image:type\" content=\"image\/jpeg\" \/>\n<meta name=\"author\" content=\"Lo viste en Los Pol\u00edticos\" \/>\n<meta name=\"twitter:card\" content=\"summary_large_image\" \/>\n<meta name=\"twitter:creator\" content=\"@LosPoliticosVer\" \/>\n<meta name=\"twitter:site\" content=\"@LosPoliticosVer\" \/>\n<meta name=\"twitter:label1\" content=\"Escrito por\" \/>\n\t<meta name=\"twitter:data1\" content=\"Lo viste en Los Pol\u00edticos\" \/>\n\t<meta name=\"twitter:label2\" content=\"Tiempo de lectura\" \/>\n\t<meta name=\"twitter:data2\" content=\"4 minutos\" \/>\n<script type=\"application\/ld+json\" class=\"yoast-schema-graph\">{\"@context\":\"https:\\\/\\\/schema.org\",\"@graph\":[{\"@type\":\"Article\",\"@id\":\"https:\\\/\\\/lospoliticosveracruz.com\\\/?p=156728#article\",\"isPartOf\":{\"@id\":\"https:\\\/\\\/lospoliticosveracruz.com\\\/?p=156728\"},\"author\":{\"name\":\"Lo viste en Los Pol\u00edticos\",\"@id\":\"https:\\\/\\\/lospoliticosveracruz.com\\\/#\\\/schema\\\/person\\\/b8702bb0e538456e6efd07080bf2a4a2\"},\"headline\":\"PRISAS\",\"datePublished\":\"2025-11-19T02:57:06+00:00\",\"dateModified\":\"2025-11-19T02:57:26+00:00\",\"mainEntityOfPage\":{\"@id\":\"https:\\\/\\\/lospoliticosveracruz.com\\\/?p=156728\"},\"wordCount\":806,\"publisher\":{\"@id\":\"https:\\\/\\\/lospoliticosveracruz.com\\\/#organization\"},\"image\":{\"@id\":\"https:\\\/\\\/lospoliticosveracruz.com\\\/?p=156728#primaryimage\"},\"thumbnailUrl\":\"https:\\\/\\\/lospoliticosveracruz.com\\\/wp-content\\\/uploads\\\/2025\\\/04\\\/Lupita-H-Mar.jpg\",\"articleSection\":[\"De Opini\u00f3n\"],\"inLanguage\":\"es\"},{\"@type\":\"WebPage\",\"@id\":\"https:\\\/\\\/lospoliticosveracruz.com\\\/?p=156728\",\"url\":\"https:\\\/\\\/lospoliticosveracruz.com\\\/?p=156728\",\"name\":\"PRISAS - Los pol\u00edticos Veracruz\",\"isPartOf\":{\"@id\":\"https:\\\/\\\/lospoliticosveracruz.com\\\/#website\"},\"primaryImageOfPage\":{\"@id\":\"https:\\\/\\\/lospoliticosveracruz.com\\\/?p=156728#primaryimage\"},\"image\":{\"@id\":\"https:\\\/\\\/lospoliticosveracruz.com\\\/?p=156728#primaryimage\"},\"thumbnailUrl\":\"https:\\\/\\\/lospoliticosveracruz.com\\\/wp-content\\\/uploads\\\/2025\\\/04\\\/Lupita-H-Mar.jpg\",\"datePublished\":\"2025-11-19T02:57:06+00:00\",\"dateModified\":\"2025-11-19T02:57:26+00:00\",\"breadcrumb\":{\"@id\":\"https:\\\/\\\/lospoliticosveracruz.com\\\/?p=156728#breadcrumb\"},\"inLanguage\":\"es\",\"potentialAction\":[{\"@type\":\"ReadAction\",\"target\":[\"https:\\\/\\\/lospoliticosveracruz.com\\\/?p=156728\"]}]},{\"@type\":\"ImageObject\",\"inLanguage\":\"es\",\"@id\":\"https:\\\/\\\/lospoliticosveracruz.com\\\/?p=156728#primaryimage\",\"url\":\"https:\\\/\\\/lospoliticosveracruz.com\\\/wp-content\\\/uploads\\\/2025\\\/04\\\/Lupita-H-Mar.jpg\",\"contentUrl\":\"https:\\\/\\\/lospoliticosveracruz.com\\\/wp-content\\\/uploads\\\/2025\\\/04\\\/Lupita-H-Mar.jpg\",\"width\":1250,\"height\":667},{\"@type\":\"BreadcrumbList\",\"@id\":\"https:\\\/\\\/lospoliticosveracruz.com\\\/?p=156728#breadcrumb\",\"itemListElement\":[{\"@type\":\"ListItem\",\"position\":1,\"name\":\"Portada\",\"item\":\"https:\\\/\\\/lospoliticosveracruz.com\\\/\"},{\"@type\":\"ListItem\",\"position\":2,\"name\":\"PRISAS\"}]},{\"@type\":\"WebSite\",\"@id\":\"https:\\\/\\\/lospoliticosveracruz.com\\\/#website\",\"url\":\"https:\\\/\\\/lospoliticosveracruz.com\\\/\",\"name\":\"Los pol\u00edticos Veracruz\",\"description\":\"\",\"publisher\":{\"@id\":\"https:\\\/\\\/lospoliticosveracruz.com\\\/#organization\"},\"potentialAction\":[{\"@type\":\"SearchAction\",\"target\":{\"@type\":\"EntryPoint\",\"urlTemplate\":\"https:\\\/\\\/lospoliticosveracruz.com\\\/?s={search_term_string}\"},\"query-input\":{\"@type\":\"PropertyValueSpecification\",\"valueRequired\":true,\"valueName\":\"search_term_string\"}}],\"inLanguage\":\"es\"},{\"@type\":\"Organization\",\"@id\":\"https:\\\/\\\/lospoliticosveracruz.com\\\/#organization\",\"name\":\"Los pol\u00edticos Veracruz\",\"url\":\"https:\\\/\\\/lospoliticosveracruz.com\\\/\",\"logo\":{\"@type\":\"ImageObject\",\"inLanguage\":\"es\",\"@id\":\"https:\\\/\\\/lospoliticosveracruz.com\\\/#\\\/schema\\\/logo\\\/image\\\/\",\"url\":\"https:\\\/\\\/lospoliticosveracruz.com\\\/wp-content\\\/uploads\\\/2025\\\/12\\\/Logo-Nuevo-LOS-POLITICOS-1.jpg\",\"contentUrl\":\"https:\\\/\\\/lospoliticosveracruz.com\\\/wp-content\\\/uploads\\\/2025\\\/12\\\/Logo-Nuevo-LOS-POLITICOS-1.jpg\",\"width\":260,\"height\":70,\"caption\":\"Los pol\u00edticos Veracruz\"},\"image\":{\"@id\":\"https:\\\/\\\/lospoliticosveracruz.com\\\/#\\\/schema\\\/logo\\\/image\\\/\"},\"sameAs\":[\"https:\\\/\\\/www.facebook.com\\\/people\\\/Notimemes-de-los-Polticos\\\/61565672886568\\\/\",\"https:\\\/\\\/x.com\\\/LosPoliticosVer\"]},{\"@type\":\"Person\",\"@id\":\"https:\\\/\\\/lospoliticosveracruz.com\\\/#\\\/schema\\\/person\\\/b8702bb0e538456e6efd07080bf2a4a2\",\"name\":\"Lo viste en Los Pol\u00edticos\",\"image\":{\"@type\":\"ImageObject\",\"inLanguage\":\"es\",\"@id\":\"https:\\\/\\\/secure.gravatar.com\\\/avatar\\\/3a8de04a2656d44082be478bd6c086daa447c4651605818287b9532d3d0bd435?s=96&d=mm&r=g\",\"url\":\"https:\\\/\\\/secure.gravatar.com\\\/avatar\\\/3a8de04a2656d44082be478bd6c086daa447c4651605818287b9532d3d0bd435?s=96&d=mm&r=g\",\"contentUrl\":\"https:\\\/\\\/secure.gravatar.com\\\/avatar\\\/3a8de04a2656d44082be478bd6c086daa447c4651605818287b9532d3d0bd435?s=96&d=mm&r=g\",\"caption\":\"Lo viste en Los Pol\u00edticos\"},\"url\":\"https:\\\/\\\/lospoliticosveracruz.com\\\/?author=2\"}]}<\/script>\n<!-- \/ Yoast SEO plugin. -->","yoast_head_json":{"title":"PRISAS - Los pol\u00edticos Veracruz","robots":{"index":"index","follow":"follow","max-snippet":"max-snippet:-1","max-image-preview":"max-image-preview:large","max-video-preview":"max-video-preview:-1"},"canonical":"https:\/\/lospoliticosveracruz.com\/?p=156728","og_locale":"es_ES","og_type":"article","og_title":"PRISAS - Los pol\u00edticos Veracruz","og_description":"Guadalupe H. Mar Mira Pol\u00edtica&nbsp; Y PRIORIDADES \u2026 Hacer las cosas a las carreras nunca ha dado buenos resultados, por ello seg\u00fan cuenta la historia, el emperador Napole\u00f3n acu\u00f1\u00f3 la frase \u201cv\u00edsteme despacio que voy de prisa\u201d y siglos antes, el tambi\u00e9n emperador Augusto, usaba la expresi\u00f3n en lat\u00edn, \u00abfestina lente\u00bb o apres\u00farate lentamente, mientras [&hellip;]","og_url":"https:\/\/lospoliticosveracruz.com\/?p=156728","og_site_name":"Los pol\u00edticos Veracruz","article_publisher":"https:\/\/www.facebook.com\/people\/Notimemes-de-los-Polticos\/61565672886568\/","article_published_time":"2025-11-19T02:57:06+00:00","article_modified_time":"2025-11-19T02:57:26+00:00","og_image":[{"width":1250,"height":667,"url":"https:\/\/lospoliticosveracruz.com\/wp-content\/uploads\/2025\/04\/Lupita-H-Mar.jpg","type":"image\/jpeg"}],"author":"Lo viste en Los Pol\u00edticos","twitter_card":"summary_large_image","twitter_creator":"@LosPoliticosVer","twitter_site":"@LosPoliticosVer","twitter_misc":{"Escrito por":"Lo viste en Los Pol\u00edticos","Tiempo de lectura":"4 minutos"},"schema":{"@context":"https:\/\/schema.org","@graph":[{"@type":"Article","@id":"https:\/\/lospoliticosveracruz.com\/?p=156728#article","isPartOf":{"@id":"https:\/\/lospoliticosveracruz.com\/?p=156728"},"author":{"name":"Lo viste en Los Pol\u00edticos","@id":"https:\/\/lospoliticosveracruz.com\/#\/schema\/person\/b8702bb0e538456e6efd07080bf2a4a2"},"headline":"PRISAS","datePublished":"2025-11-19T02:57:06+00:00","dateModified":"2025-11-19T02:57:26+00:00","mainEntityOfPage":{"@id":"https:\/\/lospoliticosveracruz.com\/?p=156728"},"wordCount":806,"publisher":{"@id":"https:\/\/lospoliticosveracruz.com\/#organization"},"image":{"@id":"https:\/\/lospoliticosveracruz.com\/?p=156728#primaryimage"},"thumbnailUrl":"https:\/\/lospoliticosveracruz.com\/wp-content\/uploads\/2025\/04\/Lupita-H-Mar.jpg","articleSection":["De Opini\u00f3n"],"inLanguage":"es"},{"@type":"WebPage","@id":"https:\/\/lospoliticosveracruz.com\/?p=156728","url":"https:\/\/lospoliticosveracruz.com\/?p=156728","name":"PRISAS - Los pol\u00edticos Veracruz","isPartOf":{"@id":"https:\/\/lospoliticosveracruz.com\/#website"},"primaryImageOfPage":{"@id":"https:\/\/lospoliticosveracruz.com\/?p=156728#primaryimage"},"image":{"@id":"https:\/\/lospoliticosveracruz.com\/?p=156728#primaryimage"},"thumbnailUrl":"https:\/\/lospoliticosveracruz.com\/wp-content\/uploads\/2025\/04\/Lupita-H-Mar.jpg","datePublished":"2025-11-19T02:57:06+00:00","dateModified":"2025-11-19T02:57:26+00:00","breadcrumb":{"@id":"https:\/\/lospoliticosveracruz.com\/?p=156728#breadcrumb"},"inLanguage":"es","potentialAction":[{"@type":"ReadAction","target":["https:\/\/lospoliticosveracruz.com\/?p=156728"]}]},{"@type":"ImageObject","inLanguage":"es","@id":"https:\/\/lospoliticosveracruz.com\/?p=156728#primaryimage","url":"https:\/\/lospoliticosveracruz.com\/wp-content\/uploads\/2025\/04\/Lupita-H-Mar.jpg","contentUrl":"https:\/\/lospoliticosveracruz.com\/wp-content\/uploads\/2025\/04\/Lupita-H-Mar.jpg","width":1250,"height":667},{"@type":"BreadcrumbList","@id":"https:\/\/lospoliticosveracruz.com\/?p=156728#breadcrumb","itemListElement":[{"@type":"ListItem","position":1,"name":"Portada","item":"https:\/\/lospoliticosveracruz.com\/"},{"@type":"ListItem","position":2,"name":"PRISAS"}]},{"@type":"WebSite","@id":"https:\/\/lospoliticosveracruz.com\/#website","url":"https:\/\/lospoliticosveracruz.com\/","name":"Los pol\u00edticos Veracruz","description":"","publisher":{"@id":"https:\/\/lospoliticosveracruz.com\/#organization"},"potentialAction":[{"@type":"SearchAction","target":{"@type":"EntryPoint","urlTemplate":"https:\/\/lospoliticosveracruz.com\/?s={search_term_string}"},"query-input":{"@type":"PropertyValueSpecification","valueRequired":true,"valueName":"search_term_string"}}],"inLanguage":"es"},{"@type":"Organization","@id":"https:\/\/lospoliticosveracruz.com\/#organization","name":"Los pol\u00edticos Veracruz","url":"https:\/\/lospoliticosveracruz.com\/","logo":{"@type":"ImageObject","inLanguage":"es","@id":"https:\/\/lospoliticosveracruz.com\/#\/schema\/logo\/image\/","url":"https:\/\/lospoliticosveracruz.com\/wp-content\/uploads\/2025\/12\/Logo-Nuevo-LOS-POLITICOS-1.jpg","contentUrl":"https:\/\/lospoliticosveracruz.com\/wp-content\/uploads\/2025\/12\/Logo-Nuevo-LOS-POLITICOS-1.jpg","width":260,"height":70,"caption":"Los pol\u00edticos Veracruz"},"image":{"@id":"https:\/\/lospoliticosveracruz.com\/#\/schema\/logo\/image\/"},"sameAs":["https:\/\/www.facebook.com\/people\/Notimemes-de-los-Polticos\/61565672886568\/","https:\/\/x.com\/LosPoliticosVer"]},{"@type":"Person","@id":"https:\/\/lospoliticosveracruz.com\/#\/schema\/person\/b8702bb0e538456e6efd07080bf2a4a2","name":"Lo viste en Los Pol\u00edticos","image":{"@type":"ImageObject","inLanguage":"es","@id":"https:\/\/secure.gravatar.com\/avatar\/3a8de04a2656d44082be478bd6c086daa447c4651605818287b9532d3d0bd435?s=96&d=mm&r=g","url":"https:\/\/secure.gravatar.com\/avatar\/3a8de04a2656d44082be478bd6c086daa447c4651605818287b9532d3d0bd435?s=96&d=mm&r=g","contentUrl":"https:\/\/secure.gravatar.com\/avatar\/3a8de04a2656d44082be478bd6c086daa447c4651605818287b9532d3d0bd435?s=96&d=mm&r=g","caption":"Lo viste en Los Pol\u00edticos"},"url":"https:\/\/lospoliticosveracruz.com\/?author=2"}]}},"_links":{"self":[{"href":"https:\/\/lospoliticosveracruz.com\/index.php?rest_route=\/wp\/v2\/posts\/156728","targetHints":{"allow":["GET"]}}],"collection":[{"href":"https:\/\/lospoliticosveracruz.com\/index.php?rest_route=\/wp\/v2\/posts"}],"about":[{"href":"https:\/\/lospoliticosveracruz.com\/index.php?rest_route=\/wp\/v2\/types\/post"}],"author":[{"embeddable":true,"href":"https:\/\/lospoliticosveracruz.com\/index.php?rest_route=\/wp\/v2\/users\/2"}],"replies":[{"embeddable":true,"href":"https:\/\/lospoliticosveracruz.com\/index.php?rest_route=%2Fwp%2Fv2%2Fcomments&post=156728"}],"version-history":[{"count":2,"href":"https:\/\/lospoliticosveracruz.com\/index.php?rest_route=\/wp\/v2\/posts\/156728\/revisions"}],"predecessor-version":[{"id":156730,"href":"https:\/\/lospoliticosveracruz.com\/index.php?rest_route=\/wp\/v2\/posts\/156728\/revisions\/156730"}],"wp:featuredmedia":[{"embeddable":true,"href":"https:\/\/lospoliticosveracruz.com\/index.php?rest_route=\/wp\/v2\/media\/141398"}],"wp:attachment":[{"href":"https:\/\/lospoliticosveracruz.com\/index.php?rest_route=%2Fwp%2Fv2%2Fmedia&parent=156728"}],"wp:term":[{"taxonomy":"category","embeddable":true,"href":"https:\/\/lospoliticosveracruz.com\/index.php?rest_route=%2Fwp%2Fv2%2Fcategories&post=156728"},{"taxonomy":"post_tag","embeddable":true,"href":"https:\/\/lospoliticosveracruz.com\/index.php?rest_route=%2Fwp%2Fv2%2Ftags&post=156728"}],"curies":[{"name":"wp","href":"https:\/\/api.w.org\/{rel}","templated":true}]}}