{"id":156767,"date":"2025-11-19T10:24:55","date_gmt":"2025-11-19T16:24:55","guid":{"rendered":"https:\/\/lospoliticosveracruz.com.mx\/?p=156767"},"modified":"2025-11-19T10:25:16","modified_gmt":"2025-11-19T16:25:16","slug":"nahle-a-la-baja","status":"publish","type":"post","link":"https:\/\/lospoliticosveracruz.com\/?p=156767","title":{"rendered":"NAHLE, A LA BAJA\u2026"},"content":{"rendered":"\n<p>S\u00edguenos ahora tambi\u00e9n en WhatsApp.\u00a0\u00a1<a href=\"https:\/\/whatsapp.com\/channel\/0029Va8zRWlEKyZIP3Z1dF0e\"><strong>Da clic aqu\u00ed<\/strong><\/a><strong>!<\/strong><\/p>\n\n\n\n<p><strong>Oved Contreras<br><\/strong><em>Secas Mecas<\/em><\/p>\n\n\n\n<p>S\u00ed que le pegaron duro a la t\u00eda Corajes las crisis de octubre\u2026primero fue la mala gesti\u00f3n de la gobernadora Roc\u00edo Nahle y sus colaboradores para enfrentar el desastre natural que golpe\u00f3 el norte del estado con las inundaciones\u2026luego vino la cancelaci\u00f3n del seguro contra da\u00f1os catastr\u00f3ficos y el tema de su aumento salarial\u2026todo le peg\u00f3 medi\u00e1ticamente a do\u00f1a Zacatl\u00e1n de las Manzanas y se fue hasta el \u00faltimo lugar de aprobaci\u00f3n en la encuesta levantada en octubre por Mitofsky entre todos los gobernadores del pa\u00eds\u2026un \u00faltimo lugar de aprobaci\u00f3n en la antesala de que presente su primer informe de gobierno\u2026hay mucho trabajo por hacer para Benita y el gordo Bouzas pero tambi\u00e9n cuenta que do\u00f1a Berrinches se deje ayudar.<\/p>\n\n\n\n\n\n<p>La t\u00eda Ch\u00edo, que presume en sus conferencias que con trabajo mata las campa\u00f1as de golpeteo en su contra, cay\u00f3 nueve lugares en el ranking nacional de gobernadores elaborado por la empresa consultora Mitofsky, con una aprobaci\u00f3n de apenas 41.7 por ciento, la m\u00e1s baja en lo que va de su gesti\u00f3n. Esa medici\u00f3n revel\u00f3 que la gobernadora de Veracruz enfrenta un marcado descenso en la percepci\u00f3n ciudadana.<\/p>\n\n\n\n<p>Este resultado coloca a la t\u00eda Berrinches por debajo del promedio nacional de aprobaci\u00f3n de mandatarios estatales, que en octubre fue de 50.1 por ciento. La encuesta se\u00f1ala que el retroceso de Nahle se debe principalmente a la mala gesti\u00f3n de la crisis por las inundaciones en el norte del estado, donde la atenci\u00f3n gubernamental fue considerada insuficiente. Aunque tambi\u00e9n hubo otros pecadillos que le pegaron medi\u00e1ticamente como el aumento de 16 mil pesos a su salario mensual cuando en el norte hay cientos de familias que perdieron todo con el desbordamiento del r\u00edo Cazones.<\/p>\n\n\n\n<p>La encuesta de Mitofsky muestra un desencanto general hacia los gobernadores, con una ligera baja en el promedio nacional de aprobaci\u00f3n. Mientras mandatarios como Mara Lezama (Quintana Roo) y Tere Jim\u00e9nez (Aguascalientes) se mantienen en los primeros lugares con m\u00e1s del 54 por ciento de aprobaci\u00f3n, la t\u00eda Corajes se ubica en el grupo de gobernadores con menor respaldo ciudadano.<\/p>\n\n\n\n<p>Aunque parezca incre\u00edble, do\u00f1a Zacatl\u00e1n de las Manzanas ya super\u00f3 en desaprobaci\u00f3n a su antecesor Cuitl\u00e1huac Garc\u00eda, quien tampoco pudo pasar de los \u00faltimos lugares en las consultas ciudadanas. El desplome en la aprobaci\u00f3n de Nahle ocurre a pocos d\u00edas de que presente en p\u00fablico su primer informe de gobierno, programado para el 30 de noviembre en Plaza Lerdo de Xalapa\u2026hay mucho trabajo por hacer para Benita y \u00e9l gordo Bouzas pero tambi\u00e9n cuenta que do\u00f1a Berrinches se deje ayudar.<\/p>\n\n\n\n<p>BROZO METE SU CUCHARA\u2026el payaso Brozo en su popular charla de \u201cCirco de Tres Pistas\u201d que se transmite por Latinus, se pitorre\u00f3 del plan anunciado por la presidenta Claudia Sheinbaum para atacar la violencia que padece Michoac\u00e1n y que alcanz\u00f3 su punto cr\u00edtico con el asesinado del alcalde de Uruapan, Carlos Manzo.<\/p>\n\n\n\n<p>As\u00ed como la mandataria nacional anuncia el Plan Michoac\u00e1n por la Justicia y La Paz, el comediante le propuso poner en marcha otros planes en los estados para anticiparse a los problemas, como por ejemplo el Plan Veracruz por la Paz y la Justicia.<\/p>\n\n\n\n<p>\u201cImag\u00ednense que Veracruz tiene a los dos peores gobernadores del pa\u00eds, uno saqueando y la otra que no sabe ni d\u00f3nde est\u00e1 parada porque no es de all\u00ed. Y luego cuando vienen las desgracias naturales no saben ni por d\u00f3nde les llega\u2026imaginen que en una desgracia natural saliera una gobernadora a decir: es que el r\u00edo se desbord\u00f3 tantito\u2026se imaginan, para qu\u00e9 llegar a esos niveles\u2026se adelanta la presidenta con el plan\u201d, solt\u00f3 de manera sarc\u00e1stica Brozo.<\/p>\n\n\n\n<p>A m\u00e1s de un mes de la tragedia natural en el norte de Veracruz, la t\u00eda Ch\u00edo declar\u00f3 que ya fue superada la emergencia pero hay cientos de familias que perdieron todo y solo recibieron una despensa y 20 mil pesos de apoyo, otros tantos no recibieron nada porque nunca fueron censados\u2026el lodo sigue en sus calles y va para largo que la econom\u00eda se reactive\u2026se quedaron a la buena de Dios.<\/p>\n\n\n\n<p>SE REAGRUPA EL TRICOLOR\u2026Contrario a las expectativas de una desbandada interna tras los resultados electorales, el Partido Revolucionario Institucional (PRI) en Veracruz ha iniciado un proceso de reagrupaci\u00f3n y reconstrucci\u00f3n, con figuras clave trabajando desde sus respectivas trincheras para fortalecer la estructura partidista. Quienes pensaban que el tricolor se desmoronar\u00eda est\u00e1n observando c\u00f3mo \u201cel dinosaurio se rearma y se reacomoda\u201d.<\/p>\n\n\n\n<p>L\u00edderes y referentes hist\u00f3ricos del partido han intensificado sus actividades pol\u00edticas y de capacitaci\u00f3n. Juan Manuel Diez Franco, presidente municipal de Orizaba, recientemente \u201cdio c\u00e1tedra a alcaldes electos\u201d, compartiendo experiencia y visi\u00f3n con los cuadros que tomar\u00e1n posesi\u00f3n de nuevos cargos municipales.<\/p>\n\n\n\n<p>Por su parte, Pepe Yunes contin\u00faa con una intensa labor pol\u00edtica, \u201ctejiendo con otros actores y sectores\u201d de la sociedad y la pol\u00edtica veracruzana, en un esfuerzo por ampliar la base de apoyo del partido y construir alianzas estrat\u00e9gicas.<\/p>\n\n\n\n<p>A su vez, Am\u00e9rico Z\u00fa\u00f1iga Mart\u00ednez, expresidente municipal de Xalapa, ha dedicado tiempo a la formaci\u00f3n de las nuevas generaciones. Z\u00fa\u00f1iga ha estado \u201cdando conferencias a los chavos del PRI con quienes empieza a trabajar\u201d, enfoc\u00e1ndose en la capacitaci\u00f3n de los cuadros juveniles y en la inyecci\u00f3n de nuevos br\u00edos a la militancia.<\/p>\n\n\n\n<p>Al frente de la dirigencia, Adolfo Ram\u00edrez Arana ha mantenido una postura conciliadora y de inclusi\u00f3n, unificando a las distintas fuerzas internas. En una muestra de la disciplina hist\u00f3rica del partido, Ram\u00edrez Arana \u201cno se pelea con nadie, al contrario a cada uno les da su lugar\u201d, capitalizando la capacidad de los priistas de ser institucionales a pesar de las diferencias.<\/p>\n\n\n\n<p>Aunque a\u00fan falta tiempo considerable para el siguiente proceso electoral, las acciones de estas figuras demuestran que, al interior del PRI, \u201cdormidos no andan\u201d y est\u00e1n sentando las bases para disputar los futuros comicios.<\/p>\n","protected":false},"excerpt":{"rendered":"<p>Oved ContrerasSecas Mecas S\u00ed que le pegaron duro a la t\u00eda Corajes las crisis de octubre\u2026primero fue la mala gesti\u00f3n de la gobernadora Roc\u00edo Nahle y sus colaboradores para enfrentar el desastre natural que golpe\u00f3 el norte del estado con las inundaciones\u2026luego vino la cancelaci\u00f3n del seguro contra da\u00f1os catastr\u00f3ficos y el tema de su [&hellip;]<\/p>\n","protected":false},"author":2,"featured_media":141426,"comment_status":"closed","ping_status":"closed","sticky":false,"template":"","format":"standard","meta":{"tdm_status":"","tdm_grid_status":"","footnotes":""},"categories":[70],"tags":[],"class_list":{"0":"post-156767","1":"post","2":"type-post","3":"status-publish","4":"format-standard","5":"has-post-thumbnail","7":"category-de-opinion"},"yoast_head":"<!-- This site is optimized with the Yoast SEO plugin v27.4 - https:\/\/yoast.com\/product\/yoast-seo-wordpress\/ -->\n<title>NAHLE, A LA BAJA\u2026 - Los pol\u00edticos Veracruz<\/title>\n<meta name=\"robots\" content=\"index, follow, max-snippet:-1, max-image-preview:large, max-video-preview:-1\" \/>\n<link rel=\"canonical\" href=\"https:\/\/lospoliticosveracruz.com\/?p=156767\" \/>\n<meta property=\"og:locale\" content=\"es_ES\" \/>\n<meta property=\"og:type\" content=\"article\" \/>\n<meta property=\"og:title\" content=\"NAHLE, A LA BAJA\u2026 - Los pol\u00edticos Veracruz\" \/>\n<meta property=\"og:description\" content=\"Oved ContrerasSecas Mecas S\u00ed que le pegaron duro a la t\u00eda Corajes las crisis de octubre\u2026primero fue la mala gesti\u00f3n de la gobernadora Roc\u00edo Nahle y sus colaboradores para enfrentar el desastre natural que golpe\u00f3 el norte del estado con las inundaciones\u2026luego vino la cancelaci\u00f3n del seguro contra da\u00f1os catastr\u00f3ficos y el tema de su [&hellip;]\" \/>\n<meta property=\"og:url\" content=\"https:\/\/lospoliticosveracruz.com\/?p=156767\" \/>\n<meta property=\"og:site_name\" content=\"Los pol\u00edticos Veracruz\" \/>\n<meta property=\"article:publisher\" content=\"https:\/\/www.facebook.com\/people\/Notimemes-de-los-Polticos\/61565672886568\/\" \/>\n<meta property=\"article:published_time\" content=\"2025-11-19T16:24:55+00:00\" \/>\n<meta property=\"article:modified_time\" content=\"2025-11-19T16:25:16+00:00\" \/>\n<meta property=\"og:image\" content=\"https:\/\/lospoliticosveracruz.com\/wp-content\/uploads\/2025\/04\/Oved-Contreras-e1768066319253.jpg\" \/>\n\t<meta property=\"og:image:width\" content=\"600\" \/>\n\t<meta property=\"og:image:height\" content=\"320\" \/>\n\t<meta property=\"og:image:type\" content=\"image\/jpeg\" \/>\n<meta name=\"author\" content=\"Lo viste en Los Pol\u00edticos\" \/>\n<meta name=\"twitter:card\" content=\"summary_large_image\" \/>\n<meta name=\"twitter:creator\" content=\"@LosPoliticosVer\" \/>\n<meta name=\"twitter:site\" content=\"@LosPoliticosVer\" \/>\n<meta name=\"twitter:label1\" content=\"Escrito por\" \/>\n\t<meta name=\"twitter:data1\" content=\"Lo viste en Los Pol\u00edticos\" \/>\n\t<meta name=\"twitter:label2\" content=\"Tiempo de lectura\" \/>\n\t<meta name=\"twitter:data2\" content=\"5 minutos\" \/>\n<script type=\"application\/ld+json\" class=\"yoast-schema-graph\">{\"@context\":\"https:\\\/\\\/schema.org\",\"@graph\":[{\"@type\":\"Article\",\"@id\":\"https:\\\/\\\/lospoliticosveracruz.com\\\/?p=156767#article\",\"isPartOf\":{\"@id\":\"https:\\\/\\\/lospoliticosveracruz.com\\\/?p=156767\"},\"author\":{\"name\":\"Lo viste en Los Pol\u00edticos\",\"@id\":\"https:\\\/\\\/lospoliticosveracruz.com\\\/#\\\/schema\\\/person\\\/b8702bb0e538456e6efd07080bf2a4a2\"},\"headline\":\"NAHLE, A LA BAJA\u2026\",\"datePublished\":\"2025-11-19T16:24:55+00:00\",\"dateModified\":\"2025-11-19T16:25:16+00:00\",\"mainEntityOfPage\":{\"@id\":\"https:\\\/\\\/lospoliticosveracruz.com\\\/?p=156767\"},\"wordCount\":1063,\"publisher\":{\"@id\":\"https:\\\/\\\/lospoliticosveracruz.com\\\/#organization\"},\"image\":{\"@id\":\"https:\\\/\\\/lospoliticosveracruz.com\\\/?p=156767#primaryimage\"},\"thumbnailUrl\":\"https:\\\/\\\/lospoliticosveracruz.com\\\/wp-content\\\/uploads\\\/2025\\\/04\\\/Oved-Contreras-e1768066319253.jpg\",\"articleSection\":[\"De Opini\u00f3n\"],\"inLanguage\":\"es\"},{\"@type\":\"WebPage\",\"@id\":\"https:\\\/\\\/lospoliticosveracruz.com\\\/?p=156767\",\"url\":\"https:\\\/\\\/lospoliticosveracruz.com\\\/?p=156767\",\"name\":\"NAHLE, A LA BAJA\u2026 - Los pol\u00edticos Veracruz\",\"isPartOf\":{\"@id\":\"https:\\\/\\\/lospoliticosveracruz.com\\\/#website\"},\"primaryImageOfPage\":{\"@id\":\"https:\\\/\\\/lospoliticosveracruz.com\\\/?p=156767#primaryimage\"},\"image\":{\"@id\":\"https:\\\/\\\/lospoliticosveracruz.com\\\/?p=156767#primaryimage\"},\"thumbnailUrl\":\"https:\\\/\\\/lospoliticosveracruz.com\\\/wp-content\\\/uploads\\\/2025\\\/04\\\/Oved-Contreras-e1768066319253.jpg\",\"datePublished\":\"2025-11-19T16:24:55+00:00\",\"dateModified\":\"2025-11-19T16:25:16+00:00\",\"breadcrumb\":{\"@id\":\"https:\\\/\\\/lospoliticosveracruz.com\\\/?p=156767#breadcrumb\"},\"inLanguage\":\"es\",\"potentialAction\":[{\"@type\":\"ReadAction\",\"target\":[\"https:\\\/\\\/lospoliticosveracruz.com\\\/?p=156767\"]}]},{\"@type\":\"ImageObject\",\"inLanguage\":\"es\",\"@id\":\"https:\\\/\\\/lospoliticosveracruz.com\\\/?p=156767#primaryimage\",\"url\":\"https:\\\/\\\/lospoliticosveracruz.com\\\/wp-content\\\/uploads\\\/2025\\\/04\\\/Oved-Contreras-e1768066319253.jpg\",\"contentUrl\":\"https:\\\/\\\/lospoliticosveracruz.com\\\/wp-content\\\/uploads\\\/2025\\\/04\\\/Oved-Contreras-e1768066319253.jpg\",\"width\":600,\"height\":320},{\"@type\":\"BreadcrumbList\",\"@id\":\"https:\\\/\\\/lospoliticosveracruz.com\\\/?p=156767#breadcrumb\",\"itemListElement\":[{\"@type\":\"ListItem\",\"position\":1,\"name\":\"Portada\",\"item\":\"https:\\\/\\\/lospoliticosveracruz.com\\\/\"},{\"@type\":\"ListItem\",\"position\":2,\"name\":\"NAHLE, A LA BAJA\u2026\"}]},{\"@type\":\"WebSite\",\"@id\":\"https:\\\/\\\/lospoliticosveracruz.com\\\/#website\",\"url\":\"https:\\\/\\\/lospoliticosveracruz.com\\\/\",\"name\":\"Los pol\u00edticos Veracruz\",\"description\":\"\",\"publisher\":{\"@id\":\"https:\\\/\\\/lospoliticosveracruz.com\\\/#organization\"},\"potentialAction\":[{\"@type\":\"SearchAction\",\"target\":{\"@type\":\"EntryPoint\",\"urlTemplate\":\"https:\\\/\\\/lospoliticosveracruz.com\\\/?s={search_term_string}\"},\"query-input\":{\"@type\":\"PropertyValueSpecification\",\"valueRequired\":true,\"valueName\":\"search_term_string\"}}],\"inLanguage\":\"es\"},{\"@type\":\"Organization\",\"@id\":\"https:\\\/\\\/lospoliticosveracruz.com\\\/#organization\",\"name\":\"Los pol\u00edticos Veracruz\",\"url\":\"https:\\\/\\\/lospoliticosveracruz.com\\\/\",\"logo\":{\"@type\":\"ImageObject\",\"inLanguage\":\"es\",\"@id\":\"https:\\\/\\\/lospoliticosveracruz.com\\\/#\\\/schema\\\/logo\\\/image\\\/\",\"url\":\"https:\\\/\\\/lospoliticosveracruz.com\\\/wp-content\\\/uploads\\\/2025\\\/12\\\/Logo-Nuevo-LOS-POLITICOS-1.jpg\",\"contentUrl\":\"https:\\\/\\\/lospoliticosveracruz.com\\\/wp-content\\\/uploads\\\/2025\\\/12\\\/Logo-Nuevo-LOS-POLITICOS-1.jpg\",\"width\":260,\"height\":70,\"caption\":\"Los pol\u00edticos Veracruz\"},\"image\":{\"@id\":\"https:\\\/\\\/lospoliticosveracruz.com\\\/#\\\/schema\\\/logo\\\/image\\\/\"},\"sameAs\":[\"https:\\\/\\\/www.facebook.com\\\/people\\\/Notimemes-de-los-Polticos\\\/61565672886568\\\/\",\"https:\\\/\\\/x.com\\\/LosPoliticosVer\"]},{\"@type\":\"Person\",\"@id\":\"https:\\\/\\\/lospoliticosveracruz.com\\\/#\\\/schema\\\/person\\\/b8702bb0e538456e6efd07080bf2a4a2\",\"name\":\"Lo viste en Los Pol\u00edticos\",\"image\":{\"@type\":\"ImageObject\",\"inLanguage\":\"es\",\"@id\":\"https:\\\/\\\/secure.gravatar.com\\\/avatar\\\/3a8de04a2656d44082be478bd6c086daa447c4651605818287b9532d3d0bd435?s=96&d=mm&r=g\",\"url\":\"https:\\\/\\\/secure.gravatar.com\\\/avatar\\\/3a8de04a2656d44082be478bd6c086daa447c4651605818287b9532d3d0bd435?s=96&d=mm&r=g\",\"contentUrl\":\"https:\\\/\\\/secure.gravatar.com\\\/avatar\\\/3a8de04a2656d44082be478bd6c086daa447c4651605818287b9532d3d0bd435?s=96&d=mm&r=g\",\"caption\":\"Lo viste en Los Pol\u00edticos\"},\"url\":\"https:\\\/\\\/lospoliticosveracruz.com\\\/?author=2\"}]}<\/script>\n<!-- \/ Yoast SEO plugin. -->","yoast_head_json":{"title":"NAHLE, A LA BAJA\u2026 - Los pol\u00edticos Veracruz","robots":{"index":"index","follow":"follow","max-snippet":"max-snippet:-1","max-image-preview":"max-image-preview:large","max-video-preview":"max-video-preview:-1"},"canonical":"https:\/\/lospoliticosveracruz.com\/?p=156767","og_locale":"es_ES","og_type":"article","og_title":"NAHLE, A LA BAJA\u2026 - Los pol\u00edticos Veracruz","og_description":"Oved ContrerasSecas Mecas S\u00ed que le pegaron duro a la t\u00eda Corajes las crisis de octubre\u2026primero fue la mala gesti\u00f3n de la gobernadora Roc\u00edo Nahle y sus colaboradores para enfrentar el desastre natural que golpe\u00f3 el norte del estado con las inundaciones\u2026luego vino la cancelaci\u00f3n del seguro contra da\u00f1os catastr\u00f3ficos y el tema de su [&hellip;]","og_url":"https:\/\/lospoliticosveracruz.com\/?p=156767","og_site_name":"Los pol\u00edticos Veracruz","article_publisher":"https:\/\/www.facebook.com\/people\/Notimemes-de-los-Polticos\/61565672886568\/","article_published_time":"2025-11-19T16:24:55+00:00","article_modified_time":"2025-11-19T16:25:16+00:00","og_image":[{"width":600,"height":320,"url":"https:\/\/lospoliticosveracruz.com\/wp-content\/uploads\/2025\/04\/Oved-Contreras-e1768066319253.jpg","type":"image\/jpeg"}],"author":"Lo viste en Los Pol\u00edticos","twitter_card":"summary_large_image","twitter_creator":"@LosPoliticosVer","twitter_site":"@LosPoliticosVer","twitter_misc":{"Escrito por":"Lo viste en Los Pol\u00edticos","Tiempo de lectura":"5 minutos"},"schema":{"@context":"https:\/\/schema.org","@graph":[{"@type":"Article","@id":"https:\/\/lospoliticosveracruz.com\/?p=156767#article","isPartOf":{"@id":"https:\/\/lospoliticosveracruz.com\/?p=156767"},"author":{"name":"Lo viste en Los Pol\u00edticos","@id":"https:\/\/lospoliticosveracruz.com\/#\/schema\/person\/b8702bb0e538456e6efd07080bf2a4a2"},"headline":"NAHLE, A LA BAJA\u2026","datePublished":"2025-11-19T16:24:55+00:00","dateModified":"2025-11-19T16:25:16+00:00","mainEntityOfPage":{"@id":"https:\/\/lospoliticosveracruz.com\/?p=156767"},"wordCount":1063,"publisher":{"@id":"https:\/\/lospoliticosveracruz.com\/#organization"},"image":{"@id":"https:\/\/lospoliticosveracruz.com\/?p=156767#primaryimage"},"thumbnailUrl":"https:\/\/lospoliticosveracruz.com\/wp-content\/uploads\/2025\/04\/Oved-Contreras-e1768066319253.jpg","articleSection":["De Opini\u00f3n"],"inLanguage":"es"},{"@type":"WebPage","@id":"https:\/\/lospoliticosveracruz.com\/?p=156767","url":"https:\/\/lospoliticosveracruz.com\/?p=156767","name":"NAHLE, A LA BAJA\u2026 - Los pol\u00edticos Veracruz","isPartOf":{"@id":"https:\/\/lospoliticosveracruz.com\/#website"},"primaryImageOfPage":{"@id":"https:\/\/lospoliticosveracruz.com\/?p=156767#primaryimage"},"image":{"@id":"https:\/\/lospoliticosveracruz.com\/?p=156767#primaryimage"},"thumbnailUrl":"https:\/\/lospoliticosveracruz.com\/wp-content\/uploads\/2025\/04\/Oved-Contreras-e1768066319253.jpg","datePublished":"2025-11-19T16:24:55+00:00","dateModified":"2025-11-19T16:25:16+00:00","breadcrumb":{"@id":"https:\/\/lospoliticosveracruz.com\/?p=156767#breadcrumb"},"inLanguage":"es","potentialAction":[{"@type":"ReadAction","target":["https:\/\/lospoliticosveracruz.com\/?p=156767"]}]},{"@type":"ImageObject","inLanguage":"es","@id":"https:\/\/lospoliticosveracruz.com\/?p=156767#primaryimage","url":"https:\/\/lospoliticosveracruz.com\/wp-content\/uploads\/2025\/04\/Oved-Contreras-e1768066319253.jpg","contentUrl":"https:\/\/lospoliticosveracruz.com\/wp-content\/uploads\/2025\/04\/Oved-Contreras-e1768066319253.jpg","width":600,"height":320},{"@type":"BreadcrumbList","@id":"https:\/\/lospoliticosveracruz.com\/?p=156767#breadcrumb","itemListElement":[{"@type":"ListItem","position":1,"name":"Portada","item":"https:\/\/lospoliticosveracruz.com\/"},{"@type":"ListItem","position":2,"name":"NAHLE, A LA BAJA\u2026"}]},{"@type":"WebSite","@id":"https:\/\/lospoliticosveracruz.com\/#website","url":"https:\/\/lospoliticosveracruz.com\/","name":"Los pol\u00edticos Veracruz","description":"","publisher":{"@id":"https:\/\/lospoliticosveracruz.com\/#organization"},"potentialAction":[{"@type":"SearchAction","target":{"@type":"EntryPoint","urlTemplate":"https:\/\/lospoliticosveracruz.com\/?s={search_term_string}"},"query-input":{"@type":"PropertyValueSpecification","valueRequired":true,"valueName":"search_term_string"}}],"inLanguage":"es"},{"@type":"Organization","@id":"https:\/\/lospoliticosveracruz.com\/#organization","name":"Los pol\u00edticos Veracruz","url":"https:\/\/lospoliticosveracruz.com\/","logo":{"@type":"ImageObject","inLanguage":"es","@id":"https:\/\/lospoliticosveracruz.com\/#\/schema\/logo\/image\/","url":"https:\/\/lospoliticosveracruz.com\/wp-content\/uploads\/2025\/12\/Logo-Nuevo-LOS-POLITICOS-1.jpg","contentUrl":"https:\/\/lospoliticosveracruz.com\/wp-content\/uploads\/2025\/12\/Logo-Nuevo-LOS-POLITICOS-1.jpg","width":260,"height":70,"caption":"Los pol\u00edticos Veracruz"},"image":{"@id":"https:\/\/lospoliticosveracruz.com\/#\/schema\/logo\/image\/"},"sameAs":["https:\/\/www.facebook.com\/people\/Notimemes-de-los-Polticos\/61565672886568\/","https:\/\/x.com\/LosPoliticosVer"]},{"@type":"Person","@id":"https:\/\/lospoliticosveracruz.com\/#\/schema\/person\/b8702bb0e538456e6efd07080bf2a4a2","name":"Lo viste en Los Pol\u00edticos","image":{"@type":"ImageObject","inLanguage":"es","@id":"https:\/\/secure.gravatar.com\/avatar\/3a8de04a2656d44082be478bd6c086daa447c4651605818287b9532d3d0bd435?s=96&d=mm&r=g","url":"https:\/\/secure.gravatar.com\/avatar\/3a8de04a2656d44082be478bd6c086daa447c4651605818287b9532d3d0bd435?s=96&d=mm&r=g","contentUrl":"https:\/\/secure.gravatar.com\/avatar\/3a8de04a2656d44082be478bd6c086daa447c4651605818287b9532d3d0bd435?s=96&d=mm&r=g","caption":"Lo viste en Los Pol\u00edticos"},"url":"https:\/\/lospoliticosveracruz.com\/?author=2"}]}},"_links":{"self":[{"href":"https:\/\/lospoliticosveracruz.com\/index.php?rest_route=\/wp\/v2\/posts\/156767","targetHints":{"allow":["GET"]}}],"collection":[{"href":"https:\/\/lospoliticosveracruz.com\/index.php?rest_route=\/wp\/v2\/posts"}],"about":[{"href":"https:\/\/lospoliticosveracruz.com\/index.php?rest_route=\/wp\/v2\/types\/post"}],"author":[{"embeddable":true,"href":"https:\/\/lospoliticosveracruz.com\/index.php?rest_route=\/wp\/v2\/users\/2"}],"replies":[{"embeddable":true,"href":"https:\/\/lospoliticosveracruz.com\/index.php?rest_route=%2Fwp%2Fv2%2Fcomments&post=156767"}],"version-history":[{"count":2,"href":"https:\/\/lospoliticosveracruz.com\/index.php?rest_route=\/wp\/v2\/posts\/156767\/revisions"}],"predecessor-version":[{"id":156769,"href":"https:\/\/lospoliticosveracruz.com\/index.php?rest_route=\/wp\/v2\/posts\/156767\/revisions\/156769"}],"wp:featuredmedia":[{"embeddable":true,"href":"https:\/\/lospoliticosveracruz.com\/index.php?rest_route=\/wp\/v2\/media\/141426"}],"wp:attachment":[{"href":"https:\/\/lospoliticosveracruz.com\/index.php?rest_route=%2Fwp%2Fv2%2Fmedia&parent=156767"}],"wp:term":[{"taxonomy":"category","embeddable":true,"href":"https:\/\/lospoliticosveracruz.com\/index.php?rest_route=%2Fwp%2Fv2%2Fcategories&post=156767"},{"taxonomy":"post_tag","embeddable":true,"href":"https:\/\/lospoliticosveracruz.com\/index.php?rest_route=%2Fwp%2Fv2%2Ftags&post=156767"}],"curies":[{"name":"wp","href":"https:\/\/api.w.org\/{rel}","templated":true}]}}