{"id":156771,"date":"2025-11-19T11:57:46","date_gmt":"2025-11-19T17:57:46","guid":{"rendered":"https:\/\/lospoliticosveracruz.com.mx\/?p=156771"},"modified":"2025-11-19T11:58:07","modified_gmt":"2025-11-19T17:58:07","slug":"marchas-buenas-marchas-malas","status":"publish","type":"post","link":"https:\/\/lospoliticosveracruz.com\/?p=156771","title":{"rendered":"MARCHAS BUENAS\u2026 \u201cMARCHAS MALAS\u201d"},"content":{"rendered":"\n<p><strong>Vicente Luna Hern\u00e1ndez&nbsp;<\/strong><\/p>\n\n\n\n<p>Es raro que una \u201cinsignificante marcha\u201d haya causado tanto alboroto en el gobierno federal, es raro que una marcha con poca participaci\u00f3n social &#8211; de acuerdo a datos oficiales &#8211; haya llamado la atenci\u00f3n del presidente Donald Trump, es raro que en una marcha convocada por j\u00f3venes y no haya habido j\u00f3venes, los detenidos y vinculados a proceso\u2026sean j\u00f3venes.<\/p>\n\n\n\n\n\n<p>No s\u00e9 si la \u201cderecha nacional\u201d o la \u201cderecha internacional\u201d est\u00e9n involucradas en la organizaci\u00f3n de la marcha, ignoro si fueron 90 millones de pesos invertidos en su promoci\u00f3n, no s\u00e9 si haya sido espont\u00e1nea la convocatoria, desconozco si los partidos de oposici\u00f3n invirtieron dinero o apoyo log\u00edstico, lo cierto es que las expresiones y consignas lanzadas al aire durante la marcha son tan ciertas como que hay un grupo de choque financiado desde los drenajes pol\u00edticos de la Ciudad de M\u00e9xico, \u00bfqui\u00e9n no est\u00e1 de acuerdo en pedir m\u00e1s y mejor seguridad en M\u00e9xico? \u00bfQue alce la mano quien ayer estuvo en contra de la corrupci\u00f3n y hoy tiene el mismo sentimiento?<\/p>\n\n\n\n<p>La realidad es que la mayor fortaleza de quienes hoy tienen el poder pol\u00edtico en el pa\u00eds fue la movilizaci\u00f3n social, cualquier agravio del gobierno en turno o hecho de corrupci\u00f3n exhibido por los medios de comunicaci\u00f3n que escapaban al control gubernamental, eran el pretexto ideal para salir a las calles, abanderar justos reclamos sociales fue el trampol\u00edn pol\u00edtico para llegar al poder, la indignaci\u00f3n social y cinismo de la clase gobernante en turno y excesos en el ejercicio del poder, fueron capitalizados de la mejor manera por quienes ayer gritaban locos de contento: \u201cel pueblo unido jam\u00e1s ser\u00e1 vencido\u201d.<\/p>\n\n\n\n<p>Lo cierto es que el z\u00f3calo de la Ciudad de M\u00e9xico fue y es el s\u00edmbolo de las luchas democr\u00e1ticas por un mejor pa\u00eds, \u00bfpor qu\u00e9 la \u201cizquierda\u201d se apoder\u00f3 del principal centro pol\u00edtico de M\u00e9xico? Simplemente por que no era gobierno y no ten\u00eda el poder y su bandera era \u201csu autoridad moral\u201d y el pueblo les aplaud\u00eda sin cesar.<\/p>\n\n\n\n<p>La \u201cizquierda\u201d tuvo toda la libertad de enarbolar la lucha de diversos sectores sociales y desgastar al gobierno en turno, con aires de superioridad moral gritaban con vehemencia: \u201cel pueblo se cansa de tanta miserable tranza\u201c y ante los lamentables hecho ocurridos en Iguala, Guerrero, con furia gritaban: \u201cfue el Estado\u201d y el pueblo \u2013 ante esta solidaridad &#8211;&nbsp;&nbsp;se sumaba m\u00e1s y m\u00e1s y hoy muchos de aquellas y aquellos que sal\u00edan orgullosos a protestar ayer\u2026hoy son parte del Estado.<\/p>\n\n\n\n<p>Hoy aquellas mujeres y hombres que hicieron de las marchas, plantones, bloqueos, \u201ctomas\u201d de oficinas de gobierno su especialidad se \u201casustan\u201d ante una marcha que \u2013 desde el punto de vista oficial \u2013 fue m\u00ednima y no salieron quienes \u2013 presuntamente &#8211; las convocaron, sin embargo, para los miles que salieron a las calles a protestar la convicci\u00f3n fue una: \u201caunque se pongan corbatas son las misma ratas\u201d.<\/p>\n\n\n\n<p>El tema de fondo no es si salieron pocos j\u00f3venes a protestar,&nbsp;&nbsp;el tema no es si fue la \u201cderecha nacional o internacional\u201d, el tema no es si la oposici\u00f3n est\u00e1 detr\u00e1s de su convocatoria, el tema central y motivo de las manifestaciones es la inseguridad y la complicidad entre funcionarios del gobierno y el crimen organizado, esa molestia ante cuentas alegres alejadas de la realidad que viven diferentes sectores sociales, ojal\u00e1 que por el bien de todos, esa capacidad que tuvo el gobierno para detectar y exhibir los nombres de j\u00f3venes \u201cpresuntos\u201d convocantes y cercanos a partidos pol\u00edticos de la oposici\u00f3n, sea la misma capacidad para detectar y exhibir a quienes desde los gobiernos \u201cmienten, roban y traicionan al pueblo\u201d con ello, seguramente lograr\u00e1 que esas marchas \u2013 sin importar quien convoca \u2013 sean un grito aislado ante la \u201cconstrucci\u00f3n de un 2\u00b0 piso de la transformaci\u00f3n\u201d que no ven solo \u201caquellos traidores a la Patria\u201d.<\/p>\n\n\n\n<p>La famosa Generaci\u00f3n Z est\u00e1 convocando a una marcha m\u00e1s para el d\u00eda de ma\u00f1ana 20 de noviembre, sean cientos o miles de ciudadanos ejerciendo sus derechos constitucionales, nada ni nadie les puede arrebatar su reclamo de un M\u00e9xico con m\u00e1s seguridad y menos corrupci\u00f3n, nada ni nadie los puede minimizar ni ofender su inteligencia, ni manipulados ni d\u00f3ciles borregos, son ciudadanos &#8211; que al igual que ayer \u2013 acusan al gobierno -sea quien sea quien lo tenga- de corrupto y criminal, \u00bfacaso no es el mismo grito que con indignaci\u00f3n se reclamaba ayer?<\/p>\n\n\n\n<p>Las marchas no son buenas ni malas, \u00bfen que caj\u00f3n pone el gobierno la marcha de la CNTE? \u00bfEn que caj\u00f3n se pone la marcha de las Madres Buscadoras? \u00bf En que caj\u00f3n se pone las marchas de los transportistas y agricultores? \u00bfEn que caj\u00f3n se ponen las marchas en apoyo a morena? No se vale etiquetar la Expresi\u00f3n Democr\u00e1tica de los diversos sectores que integran el pueblo de M\u00e9xico, \u00bfacaso no es M\u00e9xico potencia en \u201cmarcha\u201d en toda competencia deportiva?<\/p>\n\n\n\n<p>P.D.- Con el \u00e1nimo que no haya necesidad que \u201cpersonajes ilustres y dignos de credibilidad\u201d que andan en el Congreso de la Uni\u00f3n salgan a \u201cdefender\u201d a la presidenta despu\u00e9s de la marcha de ma\u00f1ana\u2026Escribir\u00e9 otro d\u00eda.<\/p>\n","protected":false},"excerpt":{"rendered":"<p>Vicente Luna Hern\u00e1ndez&nbsp; Es raro que una \u201cinsignificante marcha\u201d haya causado tanto alboroto en el gobierno federal, es raro que una marcha con poca participaci\u00f3n social &#8211; de acuerdo a datos oficiales &#8211; haya llamado la atenci\u00f3n del presidente Donald Trump, es raro que en una marcha convocada por j\u00f3venes y no haya habido j\u00f3venes, [&hellip;]<\/p>\n","protected":false},"author":2,"featured_media":141415,"comment_status":"closed","ping_status":"closed","sticky":false,"template":"","format":"standard","meta":{"tdm_status":"","tdm_grid_status":"","footnotes":""},"categories":[70],"tags":[],"class_list":{"0":"post-156771","1":"post","2":"type-post","3":"status-publish","4":"format-standard","5":"has-post-thumbnail","7":"category-de-opinion"},"yoast_head":"<!-- This site is optimized with the Yoast SEO plugin v27.4 - https:\/\/yoast.com\/product\/yoast-seo-wordpress\/ -->\n<title>MARCHAS BUENAS\u2026 \u201cMARCHAS MALAS\u201d - Los pol\u00edticos Veracruz<\/title>\n<meta name=\"robots\" content=\"index, follow, max-snippet:-1, max-image-preview:large, max-video-preview:-1\" \/>\n<link rel=\"canonical\" href=\"https:\/\/lospoliticosveracruz.com\/?p=156771\" \/>\n<meta property=\"og:locale\" content=\"es_ES\" \/>\n<meta property=\"og:type\" content=\"article\" \/>\n<meta property=\"og:title\" content=\"MARCHAS BUENAS\u2026 \u201cMARCHAS MALAS\u201d - Los pol\u00edticos Veracruz\" \/>\n<meta property=\"og:description\" content=\"Vicente Luna Hern\u00e1ndez&nbsp; Es raro que una \u201cinsignificante marcha\u201d haya causado tanto alboroto en el gobierno federal, es raro que una marcha con poca participaci\u00f3n social &#8211; de acuerdo a datos oficiales &#8211; haya llamado la atenci\u00f3n del presidente Donald Trump, es raro que en una marcha convocada por j\u00f3venes y no haya habido j\u00f3venes, [&hellip;]\" \/>\n<meta property=\"og:url\" content=\"https:\/\/lospoliticosveracruz.com\/?p=156771\" \/>\n<meta property=\"og:site_name\" content=\"Los pol\u00edticos Veracruz\" \/>\n<meta property=\"article:publisher\" content=\"https:\/\/www.facebook.com\/people\/Notimemes-de-los-Polticos\/61565672886568\/\" \/>\n<meta property=\"article:published_time\" content=\"2025-11-19T17:57:46+00:00\" \/>\n<meta property=\"article:modified_time\" content=\"2025-11-19T17:58:07+00:00\" \/>\n<meta property=\"og:image\" content=\"https:\/\/lospoliticosveracruz.com\/wp-content\/uploads\/2025\/04\/Vicente-Luna-Hernandez.jpg\" \/>\n\t<meta property=\"og:image:width\" content=\"1250\" \/>\n\t<meta property=\"og:image:height\" content=\"667\" \/>\n\t<meta property=\"og:image:type\" content=\"image\/jpeg\" \/>\n<meta name=\"author\" content=\"Lo viste en Los Pol\u00edticos\" \/>\n<meta name=\"twitter:card\" content=\"summary_large_image\" \/>\n<meta name=\"twitter:creator\" content=\"@LosPoliticosVer\" \/>\n<meta name=\"twitter:site\" content=\"@LosPoliticosVer\" \/>\n<meta name=\"twitter:label1\" content=\"Escrito por\" \/>\n\t<meta name=\"twitter:data1\" content=\"Lo viste en Los Pol\u00edticos\" \/>\n\t<meta name=\"twitter:label2\" content=\"Tiempo de lectura\" \/>\n\t<meta name=\"twitter:data2\" content=\"5 minutos\" \/>\n<script type=\"application\/ld+json\" class=\"yoast-schema-graph\">{\"@context\":\"https:\\\/\\\/schema.org\",\"@graph\":[{\"@type\":\"Article\",\"@id\":\"https:\\\/\\\/lospoliticosveracruz.com\\\/?p=156771#article\",\"isPartOf\":{\"@id\":\"https:\\\/\\\/lospoliticosveracruz.com\\\/?p=156771\"},\"author\":{\"name\":\"Lo viste en Los Pol\u00edticos\",\"@id\":\"https:\\\/\\\/lospoliticosveracruz.com\\\/#\\\/schema\\\/person\\\/b8702bb0e538456e6efd07080bf2a4a2\"},\"headline\":\"MARCHAS BUENAS\u2026 \u201cMARCHAS MALAS\u201d\",\"datePublished\":\"2025-11-19T17:57:46+00:00\",\"dateModified\":\"2025-11-19T17:58:07+00:00\",\"mainEntityOfPage\":{\"@id\":\"https:\\\/\\\/lospoliticosveracruz.com\\\/?p=156771\"},\"wordCount\":927,\"publisher\":{\"@id\":\"https:\\\/\\\/lospoliticosveracruz.com\\\/#organization\"},\"image\":{\"@id\":\"https:\\\/\\\/lospoliticosveracruz.com\\\/?p=156771#primaryimage\"},\"thumbnailUrl\":\"https:\\\/\\\/lospoliticosveracruz.com\\\/wp-content\\\/uploads\\\/2025\\\/04\\\/Vicente-Luna-Hernandez.jpg\",\"articleSection\":[\"De Opini\u00f3n\"],\"inLanguage\":\"es\"},{\"@type\":\"WebPage\",\"@id\":\"https:\\\/\\\/lospoliticosveracruz.com\\\/?p=156771\",\"url\":\"https:\\\/\\\/lospoliticosveracruz.com\\\/?p=156771\",\"name\":\"MARCHAS BUENAS\u2026 \u201cMARCHAS MALAS\u201d - Los pol\u00edticos Veracruz\",\"isPartOf\":{\"@id\":\"https:\\\/\\\/lospoliticosveracruz.com\\\/#website\"},\"primaryImageOfPage\":{\"@id\":\"https:\\\/\\\/lospoliticosveracruz.com\\\/?p=156771#primaryimage\"},\"image\":{\"@id\":\"https:\\\/\\\/lospoliticosveracruz.com\\\/?p=156771#primaryimage\"},\"thumbnailUrl\":\"https:\\\/\\\/lospoliticosveracruz.com\\\/wp-content\\\/uploads\\\/2025\\\/04\\\/Vicente-Luna-Hernandez.jpg\",\"datePublished\":\"2025-11-19T17:57:46+00:00\",\"dateModified\":\"2025-11-19T17:58:07+00:00\",\"breadcrumb\":{\"@id\":\"https:\\\/\\\/lospoliticosveracruz.com\\\/?p=156771#breadcrumb\"},\"inLanguage\":\"es\",\"potentialAction\":[{\"@type\":\"ReadAction\",\"target\":[\"https:\\\/\\\/lospoliticosveracruz.com\\\/?p=156771\"]}]},{\"@type\":\"ImageObject\",\"inLanguage\":\"es\",\"@id\":\"https:\\\/\\\/lospoliticosveracruz.com\\\/?p=156771#primaryimage\",\"url\":\"https:\\\/\\\/lospoliticosveracruz.com\\\/wp-content\\\/uploads\\\/2025\\\/04\\\/Vicente-Luna-Hernandez.jpg\",\"contentUrl\":\"https:\\\/\\\/lospoliticosveracruz.com\\\/wp-content\\\/uploads\\\/2025\\\/04\\\/Vicente-Luna-Hernandez.jpg\",\"width\":1250,\"height\":667},{\"@type\":\"BreadcrumbList\",\"@id\":\"https:\\\/\\\/lospoliticosveracruz.com\\\/?p=156771#breadcrumb\",\"itemListElement\":[{\"@type\":\"ListItem\",\"position\":1,\"name\":\"Portada\",\"item\":\"https:\\\/\\\/lospoliticosveracruz.com\\\/\"},{\"@type\":\"ListItem\",\"position\":2,\"name\":\"MARCHAS BUENAS\u2026 \u201cMARCHAS MALAS\u201d\"}]},{\"@type\":\"WebSite\",\"@id\":\"https:\\\/\\\/lospoliticosveracruz.com\\\/#website\",\"url\":\"https:\\\/\\\/lospoliticosveracruz.com\\\/\",\"name\":\"Los pol\u00edticos Veracruz\",\"description\":\"\",\"publisher\":{\"@id\":\"https:\\\/\\\/lospoliticosveracruz.com\\\/#organization\"},\"potentialAction\":[{\"@type\":\"SearchAction\",\"target\":{\"@type\":\"EntryPoint\",\"urlTemplate\":\"https:\\\/\\\/lospoliticosveracruz.com\\\/?s={search_term_string}\"},\"query-input\":{\"@type\":\"PropertyValueSpecification\",\"valueRequired\":true,\"valueName\":\"search_term_string\"}}],\"inLanguage\":\"es\"},{\"@type\":\"Organization\",\"@id\":\"https:\\\/\\\/lospoliticosveracruz.com\\\/#organization\",\"name\":\"Los pol\u00edticos Veracruz\",\"url\":\"https:\\\/\\\/lospoliticosveracruz.com\\\/\",\"logo\":{\"@type\":\"ImageObject\",\"inLanguage\":\"es\",\"@id\":\"https:\\\/\\\/lospoliticosveracruz.com\\\/#\\\/schema\\\/logo\\\/image\\\/\",\"url\":\"https:\\\/\\\/lospoliticosveracruz.com\\\/wp-content\\\/uploads\\\/2025\\\/12\\\/Logo-Nuevo-LOS-POLITICOS-1.jpg\",\"contentUrl\":\"https:\\\/\\\/lospoliticosveracruz.com\\\/wp-content\\\/uploads\\\/2025\\\/12\\\/Logo-Nuevo-LOS-POLITICOS-1.jpg\",\"width\":260,\"height\":70,\"caption\":\"Los pol\u00edticos Veracruz\"},\"image\":{\"@id\":\"https:\\\/\\\/lospoliticosveracruz.com\\\/#\\\/schema\\\/logo\\\/image\\\/\"},\"sameAs\":[\"https:\\\/\\\/www.facebook.com\\\/people\\\/Notimemes-de-los-Polticos\\\/61565672886568\\\/\",\"https:\\\/\\\/x.com\\\/LosPoliticosVer\"]},{\"@type\":\"Person\",\"@id\":\"https:\\\/\\\/lospoliticosveracruz.com\\\/#\\\/schema\\\/person\\\/b8702bb0e538456e6efd07080bf2a4a2\",\"name\":\"Lo viste en Los Pol\u00edticos\",\"image\":{\"@type\":\"ImageObject\",\"inLanguage\":\"es\",\"@id\":\"https:\\\/\\\/secure.gravatar.com\\\/avatar\\\/3a8de04a2656d44082be478bd6c086daa447c4651605818287b9532d3d0bd435?s=96&d=mm&r=g\",\"url\":\"https:\\\/\\\/secure.gravatar.com\\\/avatar\\\/3a8de04a2656d44082be478bd6c086daa447c4651605818287b9532d3d0bd435?s=96&d=mm&r=g\",\"contentUrl\":\"https:\\\/\\\/secure.gravatar.com\\\/avatar\\\/3a8de04a2656d44082be478bd6c086daa447c4651605818287b9532d3d0bd435?s=96&d=mm&r=g\",\"caption\":\"Lo viste en Los Pol\u00edticos\"},\"url\":\"https:\\\/\\\/lospoliticosveracruz.com\\\/?author=2\"}]}<\/script>\n<!-- \/ Yoast SEO plugin. -->","yoast_head_json":{"title":"MARCHAS BUENAS\u2026 \u201cMARCHAS MALAS\u201d - Los pol\u00edticos Veracruz","robots":{"index":"index","follow":"follow","max-snippet":"max-snippet:-1","max-image-preview":"max-image-preview:large","max-video-preview":"max-video-preview:-1"},"canonical":"https:\/\/lospoliticosveracruz.com\/?p=156771","og_locale":"es_ES","og_type":"article","og_title":"MARCHAS BUENAS\u2026 \u201cMARCHAS MALAS\u201d - Los pol\u00edticos Veracruz","og_description":"Vicente Luna Hern\u00e1ndez&nbsp; Es raro que una \u201cinsignificante marcha\u201d haya causado tanto alboroto en el gobierno federal, es raro que una marcha con poca participaci\u00f3n social &#8211; de acuerdo a datos oficiales &#8211; haya llamado la atenci\u00f3n del presidente Donald Trump, es raro que en una marcha convocada por j\u00f3venes y no haya habido j\u00f3venes, [&hellip;]","og_url":"https:\/\/lospoliticosveracruz.com\/?p=156771","og_site_name":"Los pol\u00edticos Veracruz","article_publisher":"https:\/\/www.facebook.com\/people\/Notimemes-de-los-Polticos\/61565672886568\/","article_published_time":"2025-11-19T17:57:46+00:00","article_modified_time":"2025-11-19T17:58:07+00:00","og_image":[{"width":1250,"height":667,"url":"https:\/\/lospoliticosveracruz.com\/wp-content\/uploads\/2025\/04\/Vicente-Luna-Hernandez.jpg","type":"image\/jpeg"}],"author":"Lo viste en Los Pol\u00edticos","twitter_card":"summary_large_image","twitter_creator":"@LosPoliticosVer","twitter_site":"@LosPoliticosVer","twitter_misc":{"Escrito por":"Lo viste en Los Pol\u00edticos","Tiempo de lectura":"5 minutos"},"schema":{"@context":"https:\/\/schema.org","@graph":[{"@type":"Article","@id":"https:\/\/lospoliticosveracruz.com\/?p=156771#article","isPartOf":{"@id":"https:\/\/lospoliticosveracruz.com\/?p=156771"},"author":{"name":"Lo viste en Los Pol\u00edticos","@id":"https:\/\/lospoliticosveracruz.com\/#\/schema\/person\/b8702bb0e538456e6efd07080bf2a4a2"},"headline":"MARCHAS BUENAS\u2026 \u201cMARCHAS MALAS\u201d","datePublished":"2025-11-19T17:57:46+00:00","dateModified":"2025-11-19T17:58:07+00:00","mainEntityOfPage":{"@id":"https:\/\/lospoliticosveracruz.com\/?p=156771"},"wordCount":927,"publisher":{"@id":"https:\/\/lospoliticosveracruz.com\/#organization"},"image":{"@id":"https:\/\/lospoliticosveracruz.com\/?p=156771#primaryimage"},"thumbnailUrl":"https:\/\/lospoliticosveracruz.com\/wp-content\/uploads\/2025\/04\/Vicente-Luna-Hernandez.jpg","articleSection":["De Opini\u00f3n"],"inLanguage":"es"},{"@type":"WebPage","@id":"https:\/\/lospoliticosveracruz.com\/?p=156771","url":"https:\/\/lospoliticosveracruz.com\/?p=156771","name":"MARCHAS BUENAS\u2026 \u201cMARCHAS MALAS\u201d - Los pol\u00edticos Veracruz","isPartOf":{"@id":"https:\/\/lospoliticosveracruz.com\/#website"},"primaryImageOfPage":{"@id":"https:\/\/lospoliticosveracruz.com\/?p=156771#primaryimage"},"image":{"@id":"https:\/\/lospoliticosveracruz.com\/?p=156771#primaryimage"},"thumbnailUrl":"https:\/\/lospoliticosveracruz.com\/wp-content\/uploads\/2025\/04\/Vicente-Luna-Hernandez.jpg","datePublished":"2025-11-19T17:57:46+00:00","dateModified":"2025-11-19T17:58:07+00:00","breadcrumb":{"@id":"https:\/\/lospoliticosveracruz.com\/?p=156771#breadcrumb"},"inLanguage":"es","potentialAction":[{"@type":"ReadAction","target":["https:\/\/lospoliticosveracruz.com\/?p=156771"]}]},{"@type":"ImageObject","inLanguage":"es","@id":"https:\/\/lospoliticosveracruz.com\/?p=156771#primaryimage","url":"https:\/\/lospoliticosveracruz.com\/wp-content\/uploads\/2025\/04\/Vicente-Luna-Hernandez.jpg","contentUrl":"https:\/\/lospoliticosveracruz.com\/wp-content\/uploads\/2025\/04\/Vicente-Luna-Hernandez.jpg","width":1250,"height":667},{"@type":"BreadcrumbList","@id":"https:\/\/lospoliticosveracruz.com\/?p=156771#breadcrumb","itemListElement":[{"@type":"ListItem","position":1,"name":"Portada","item":"https:\/\/lospoliticosveracruz.com\/"},{"@type":"ListItem","position":2,"name":"MARCHAS BUENAS\u2026 \u201cMARCHAS MALAS\u201d"}]},{"@type":"WebSite","@id":"https:\/\/lospoliticosveracruz.com\/#website","url":"https:\/\/lospoliticosveracruz.com\/","name":"Los pol\u00edticos Veracruz","description":"","publisher":{"@id":"https:\/\/lospoliticosveracruz.com\/#organization"},"potentialAction":[{"@type":"SearchAction","target":{"@type":"EntryPoint","urlTemplate":"https:\/\/lospoliticosveracruz.com\/?s={search_term_string}"},"query-input":{"@type":"PropertyValueSpecification","valueRequired":true,"valueName":"search_term_string"}}],"inLanguage":"es"},{"@type":"Organization","@id":"https:\/\/lospoliticosveracruz.com\/#organization","name":"Los pol\u00edticos Veracruz","url":"https:\/\/lospoliticosveracruz.com\/","logo":{"@type":"ImageObject","inLanguage":"es","@id":"https:\/\/lospoliticosveracruz.com\/#\/schema\/logo\/image\/","url":"https:\/\/lospoliticosveracruz.com\/wp-content\/uploads\/2025\/12\/Logo-Nuevo-LOS-POLITICOS-1.jpg","contentUrl":"https:\/\/lospoliticosveracruz.com\/wp-content\/uploads\/2025\/12\/Logo-Nuevo-LOS-POLITICOS-1.jpg","width":260,"height":70,"caption":"Los pol\u00edticos Veracruz"},"image":{"@id":"https:\/\/lospoliticosveracruz.com\/#\/schema\/logo\/image\/"},"sameAs":["https:\/\/www.facebook.com\/people\/Notimemes-de-los-Polticos\/61565672886568\/","https:\/\/x.com\/LosPoliticosVer"]},{"@type":"Person","@id":"https:\/\/lospoliticosveracruz.com\/#\/schema\/person\/b8702bb0e538456e6efd07080bf2a4a2","name":"Lo viste en Los Pol\u00edticos","image":{"@type":"ImageObject","inLanguage":"es","@id":"https:\/\/secure.gravatar.com\/avatar\/3a8de04a2656d44082be478bd6c086daa447c4651605818287b9532d3d0bd435?s=96&d=mm&r=g","url":"https:\/\/secure.gravatar.com\/avatar\/3a8de04a2656d44082be478bd6c086daa447c4651605818287b9532d3d0bd435?s=96&d=mm&r=g","contentUrl":"https:\/\/secure.gravatar.com\/avatar\/3a8de04a2656d44082be478bd6c086daa447c4651605818287b9532d3d0bd435?s=96&d=mm&r=g","caption":"Lo viste en Los Pol\u00edticos"},"url":"https:\/\/lospoliticosveracruz.com\/?author=2"}]}},"_links":{"self":[{"href":"https:\/\/lospoliticosveracruz.com\/index.php?rest_route=\/wp\/v2\/posts\/156771","targetHints":{"allow":["GET"]}}],"collection":[{"href":"https:\/\/lospoliticosveracruz.com\/index.php?rest_route=\/wp\/v2\/posts"}],"about":[{"href":"https:\/\/lospoliticosveracruz.com\/index.php?rest_route=\/wp\/v2\/types\/post"}],"author":[{"embeddable":true,"href":"https:\/\/lospoliticosveracruz.com\/index.php?rest_route=\/wp\/v2\/users\/2"}],"replies":[{"embeddable":true,"href":"https:\/\/lospoliticosveracruz.com\/index.php?rest_route=%2Fwp%2Fv2%2Fcomments&post=156771"}],"version-history":[{"count":1,"href":"https:\/\/lospoliticosveracruz.com\/index.php?rest_route=\/wp\/v2\/posts\/156771\/revisions"}],"predecessor-version":[{"id":156773,"href":"https:\/\/lospoliticosveracruz.com\/index.php?rest_route=\/wp\/v2\/posts\/156771\/revisions\/156773"}],"wp:featuredmedia":[{"embeddable":true,"href":"https:\/\/lospoliticosveracruz.com\/index.php?rest_route=\/wp\/v2\/media\/141415"}],"wp:attachment":[{"href":"https:\/\/lospoliticosveracruz.com\/index.php?rest_route=%2Fwp%2Fv2%2Fmedia&parent=156771"}],"wp:term":[{"taxonomy":"category","embeddable":true,"href":"https:\/\/lospoliticosveracruz.com\/index.php?rest_route=%2Fwp%2Fv2%2Fcategories&post=156771"},{"taxonomy":"post_tag","embeddable":true,"href":"https:\/\/lospoliticosveracruz.com\/index.php?rest_route=%2Fwp%2Fv2%2Ftags&post=156771"}],"curies":[{"name":"wp","href":"https:\/\/api.w.org\/{rel}","templated":true}]}}