{"id":156814,"date":"2025-11-19T18:36:10","date_gmt":"2025-11-20T00:36:10","guid":{"rendered":"https:\/\/lospoliticosveracruz.com.mx\/?p=156814"},"modified":"2025-11-19T18:36:28","modified_gmt":"2025-11-20T00:36:28","slug":"ecos-de-las-comparecencias","status":"publish","type":"post","link":"https:\/\/lospoliticosveracruz.com\/?p=156814","title":{"rendered":"ECOS DE LAS COMPARECENCIAS"},"content":{"rendered":"\n<p>S\u00edguenos ahora tambi\u00e9n en WhatsApp.\u00a0\u00a1<a href=\"https:\/\/whatsapp.com\/channel\/0029Va8zRWlEKyZIP3Z1dF0e\"><strong>Da clic aqu\u00ed<\/strong><\/a><strong>!<\/strong><\/p>\n\n\n\n<p><\/p>\n\n\n\n<p><strong>Rub\u00e9n Morales Aburto<\/strong><\/p>\n\n\n\n<p><em>El Poder y La Pasi\u00f3n<br><\/em><\/p>\n\n\n\n<p>El chiste de la semana<\/p>\n\n\n\n<p>Qu\u00e9 todos los conductores de aplicaciones (taxi), en el estado de Veracruz, deben tener concesi\u00f3n y pagar impuestos, dice Rocio Nahle.<\/p>\n\n\n\n<p>S O S<\/p>\n\n\n\n<p>Colonia Hidalgo de Alamo, Ver., es la colonia m\u00e1s afectada y olvidada.<\/p>\n\n\n\n\n\n<p>Agua y lodo tap\u00f3 drenajes Pizarrasicense<\/p>\n\n\n\n<p>Drenajes tapados en colonias afectada de Poza Rica, Ver. particularmente en Las Gaviotas.<\/p>\n\n\n\n<p>Desastres.com<\/p>\n\n\n\n<p>Cierran en buen fin el puente de las trancas, Ver., salida de Xalapa a Veracruz. Qu\u00e9 burrada dijeron los transe\u00fantes quienes tardaron una ira en cruzar las trancas entrando a Xalapa.<\/p>\n\n\n\n<p>Golpe duro al UPAV<\/p>\n\n\n\n<p>La Universidad Popular Aut\u00f3noma de Veracruz (UPAV) se encuentra en crisis este s\u00e1bado 15 de octubre, en todo el estado, cuando alumnos comenzaron protestas porque fueron dados de baja, alegando que deben dos cuotas seguidas, aunque ya hayan pagado, mientras que los docentes o asesores siguen en su reclamo de pago, que incluye dos semestres.<br>Muchos de los 58 mil alumnos de la UPAV fueron recibidos en sus sedes con la noticia de que estaban dados de de baja.<\/p>\n\n\n\n<p>La estructura municipalista del PT en Veracruz<\/p>\n\n\n\n<p>75 regidoras y regidores electos del PT, la mayor\u00eda mujeres, recibieron su constancia que los acredita. Sabemos de su capacidad y compromiso con la transformaci\u00f3n y estamos seguros que dar\u00e1n los resultados en sus municipios.<\/p>\n\n\n\n<p>Jaltipan caliente<\/p>\n\n\n\n<p>Gildardo Maldonado, Guzm\u00e1n, alcalde electo de Jaltipan, Ver. Recibi\u00f3 balazos en la port\u00f3n de su rancho llamado \u201cParceros\u201d.<\/p>\n\n\n\n<p>No encabezaron la Marcha Z<\/p>\n\n\n\n<p>Solo Notiver ayer domingo lo public\u00f3.<\/p>\n\n\n\n<p>Deslegitimar como verbo<\/p>\n\n\n\n<p>Mandaban a publicar a medios que fueran al centro de Xalapa, Ver., los comercios publicaron mensajes para desprestigiar la marcha de la generaci\u00f3n Z, el movimiento sombrero y los de bata blanca, como si fueran a causar da\u00f1os. De risa, es neta.<\/p>\n\n\n\n<p>Se quiere llevar el Zepeta<\/p>\n\n\n\n<p>Es que, el joven \u201cdirigente\u201d estar\u00e1 de Morena en Veracruz Esteban Ram\u00edrez Zepeta a trav\u00e9s de su redes sociales, ya calific\u00f3 la marcha de la Generaci\u00f3n Z, El Sombrero y Batas Blancas, del d\u00eda sabado como un fracaso total: \u201cLa marcha de hoy fue un fracaso de los mismos de siempre.\u201d Mencion\u00f3 el dirigente.<\/p>\n\n\n\n<p>Nacho luna presumiendo caf\u00e9 de Coatepec<\/p>\n\n\n\n<p>Se fue al Tianguis Nacional de Pueblos M\u00e1gicos en Pachuca, Hidalgo y p\u00fablicamente agradeci\u00f3 a productores que les donaron caf\u00e9, para las miles de degustaciones que regalaron a los visitantes: El Kilate, Finca F\u00e1tima, Caf\u00e9-Tal Apan, La Onza, Tueste Caf\u00e9, Bola de Oro, M Caf\u00e9, Finca Don Silvano, Caf\u00e9 La Parroquia, Bengala Caf\u00e9, Chejere, Dulce Naranja, La Creaci\u00f3n, Caf\u00e9 Tom, Bicicleta Roja, Caf\u00e9 Cya.<\/p>\n\n\n\n<p>Hijos de su qu\u00e9 barbaridad?<\/p>\n\n\n\n<p>Alumnos de la Universidad Popular Aut\u00f3noma de Veracruz (UPAV) se manifestaron el domingo en plaza de la soberan\u00eda en el asta bandera en el bulevar Manuel \u00c1vila Camacho de Veracruz, ah\u00ed se concentraron para manifestarse debido a que los maestros de esta Instituci\u00f3n Educativa tienen m\u00e1s de seis meses sin recibir su sueldo por lo que los alumnos se solidarizan con ellos haciendo esta manifestaci\u00f3n, seg\u00fan se\u00f1al\u00f3 Claudia Rivera Rogel alumna de la carrera de Naturopatia quien adem\u00e1s coment\u00f3 que desde este s\u00e1bado todos los alumnos aparecen como dados de baja del sistema de la universidad.<\/p>\n\n\n\n<p>\u201cEl carnaval llegooo llegoooo\u201d<\/p>\n\n\n\n<p>Miles de personas, entre porte\u00f1os y turistas, disfrutaron del primer Papaqui del Carnaval de Veracruz 2026, que llen\u00f3 de color, m\u00fasica y alegr\u00eda el bulevar Manuel \u00c1vila Camacho, marcando el inicio de la fiesta m\u00e1s alegre del mundo.<\/p>\n\n\n\n<p>Jarocha ten\u00edas que ser<\/p>\n\n\n\n<p>En plena rueda de prensa del Mundial de Nataci\u00f3n en Barcelona, la estadounidense Ashl Miller, cinco veces medallista ol\u00edmpica, solt\u00f3 una frase que hel\u00f3 la sala:<br>\u201cM\u00e9xico\u2026 por favor. Ellos solo nadan en el R\u00edo Bravo.\u201d Lo dijo con una risita. Condescendiente. Despectiva.<br>Algunos periodistas rieron nerviosos. Otros agacharon la mirada. Otros murmuraron.<\/p>\n\n\n\n<p>Pero ya era tarde<\/p>\n\n\n\n<p>El video tard\u00f3 12 minutos en hacerse viral, en las redes sociales.<\/p>\n\n\n\n<p>Mientras tanto, a 800 metros de ah\u00ed, en la villa deportiva, Sof\u00eda Mendoza, 19 a\u00f1os, de #Veracruz, ve\u00eda la entrevista en su celular rodeada de sus compa\u00f1eras. Una chica descubierta a los 11 a\u00f1os en un programa social para ni\u00f1os de escasos recursos. Una atleta a quien nadie esperaba ver en este mundial. Una \u201canomal\u00eda estad\u00edstica\u201d, como a veces bromeaba su entrenador, Javier Huerta, exnadador ol\u00edmpico.<br>\u2014\u201cApaga eso, Sofi\u201d, le dijo Huerta.<br>Pero Sof\u00eda no lo apag\u00f3.<br>Lo guard\u00f3 en el coraz\u00f3n.<\/p>\n\n\n\n<p>Y horas despu\u00e9s\u2026 lo transform\u00f3 en FUEGO puro en la alberca.<br>Sof\u00eda Mendoza no solo lleg\u00f3 a la final.<br>ELIMIN\u00d3 A MILLER EN SEMIFINALES.<br>Con r\u00e9cord personal.<br>Con dignidad.<br>Con M\u00e9xico entero empujando cada brazada. Lo dem\u00e1s\u2026 lo dem\u00e1s ya es historia.<\/p>\n\n\n\n<p>En Maltrata<\/p>\n\n\n\n<p>Qu\u00e9 cosas se puso caliente el maltrata, ya que los pobladores se vieron abusados por las autoridades estatales, haciendo un problema carretero, donde les quitaron armas a los polic\u00edas secuestraron a una mujer polic\u00eda y le dieron un tiro en la pierna a otro polic\u00eda que falleci\u00f3 en el hospital regional de Orizaba, los voladores piden apoyo.<\/p>\n","protected":false},"excerpt":{"rendered":"<p>Rub\u00e9n Morales Aburto El Poder y La Pasi\u00f3n El chiste de la semana Qu\u00e9 todos los conductores de aplicaciones (taxi), en el estado de Veracruz, deben tener concesi\u00f3n y pagar impuestos, dice Rocio Nahle. S O S Colonia Hidalgo de Alamo, Ver., es la colonia m\u00e1s afectada y olvidada. Agua y lodo tap\u00f3 drenajes Pizarrasicense [&hellip;]<\/p>\n","protected":false},"author":2,"featured_media":143902,"comment_status":"closed","ping_status":"closed","sticky":false,"template":"","format":"standard","meta":{"tdm_status":"","tdm_grid_status":"","footnotes":""},"categories":[70],"tags":[],"class_list":{"0":"post-156814","1":"post","2":"type-post","3":"status-publish","4":"format-standard","5":"has-post-thumbnail","7":"category-de-opinion"},"yoast_head":"<!-- This site is optimized with the Yoast SEO plugin v27.4 - https:\/\/yoast.com\/product\/yoast-seo-wordpress\/ -->\n<title>ECOS DE LAS COMPARECENCIAS - Los pol\u00edticos Veracruz<\/title>\n<meta name=\"robots\" content=\"index, follow, max-snippet:-1, max-image-preview:large, max-video-preview:-1\" \/>\n<link rel=\"canonical\" href=\"https:\/\/lospoliticosveracruz.com\/?p=156814\" \/>\n<meta property=\"og:locale\" content=\"es_ES\" \/>\n<meta property=\"og:type\" content=\"article\" \/>\n<meta property=\"og:title\" content=\"ECOS DE LAS COMPARECENCIAS - Los pol\u00edticos Veracruz\" \/>\n<meta property=\"og:description\" content=\"Rub\u00e9n Morales Aburto El Poder y La Pasi\u00f3n El chiste de la semana Qu\u00e9 todos los conductores de aplicaciones (taxi), en el estado de Veracruz, deben tener concesi\u00f3n y pagar impuestos, dice Rocio Nahle. S O S Colonia Hidalgo de Alamo, Ver., es la colonia m\u00e1s afectada y olvidada. Agua y lodo tap\u00f3 drenajes Pizarrasicense [&hellip;]\" \/>\n<meta property=\"og:url\" content=\"https:\/\/lospoliticosveracruz.com\/?p=156814\" \/>\n<meta property=\"og:site_name\" content=\"Los pol\u00edticos Veracruz\" \/>\n<meta property=\"article:publisher\" content=\"https:\/\/www.facebook.com\/people\/Notimemes-de-los-Polticos\/61565672886568\/\" \/>\n<meta property=\"article:published_time\" content=\"2025-11-20T00:36:10+00:00\" \/>\n<meta property=\"article:modified_time\" content=\"2025-11-20T00:36:28+00:00\" \/>\n<meta property=\"og:image\" content=\"https:\/\/lospoliticosveracruz.com\/wp-content\/uploads\/2025\/05\/Ruben-Morales-Aburto.jpg\" \/>\n\t<meta property=\"og:image:width\" content=\"1000\" \/>\n\t<meta property=\"og:image:height\" content=\"533\" \/>\n\t<meta property=\"og:image:type\" content=\"image\/jpeg\" \/>\n<meta name=\"author\" content=\"Lo viste en Los Pol\u00edticos\" \/>\n<meta name=\"twitter:card\" content=\"summary_large_image\" \/>\n<meta name=\"twitter:creator\" content=\"@LosPoliticosVer\" \/>\n<meta name=\"twitter:site\" content=\"@LosPoliticosVer\" \/>\n<meta name=\"twitter:label1\" content=\"Escrito por\" \/>\n\t<meta name=\"twitter:data1\" content=\"Lo viste en Los Pol\u00edticos\" \/>\n\t<meta name=\"twitter:label2\" content=\"Tiempo de lectura\" \/>\n\t<meta name=\"twitter:data2\" content=\"4 minutos\" \/>\n<script type=\"application\/ld+json\" class=\"yoast-schema-graph\">{\"@context\":\"https:\\\/\\\/schema.org\",\"@graph\":[{\"@type\":\"Article\",\"@id\":\"https:\\\/\\\/lospoliticosveracruz.com\\\/?p=156814#article\",\"isPartOf\":{\"@id\":\"https:\\\/\\\/lospoliticosveracruz.com\\\/?p=156814\"},\"author\":{\"name\":\"Lo viste en Los Pol\u00edticos\",\"@id\":\"https:\\\/\\\/lospoliticosveracruz.com\\\/#\\\/schema\\\/person\\\/b8702bb0e538456e6efd07080bf2a4a2\"},\"headline\":\"ECOS DE LAS COMPARECENCIAS\",\"datePublished\":\"2025-11-20T00:36:10+00:00\",\"dateModified\":\"2025-11-20T00:36:28+00:00\",\"mainEntityOfPage\":{\"@id\":\"https:\\\/\\\/lospoliticosveracruz.com\\\/?p=156814\"},\"wordCount\":887,\"publisher\":{\"@id\":\"https:\\\/\\\/lospoliticosveracruz.com\\\/#organization\"},\"image\":{\"@id\":\"https:\\\/\\\/lospoliticosveracruz.com\\\/?p=156814#primaryimage\"},\"thumbnailUrl\":\"https:\\\/\\\/lospoliticosveracruz.com\\\/wp-content\\\/uploads\\\/2025\\\/05\\\/Ruben-Morales-Aburto.jpg\",\"articleSection\":[\"De Opini\u00f3n\"],\"inLanguage\":\"es\"},{\"@type\":\"WebPage\",\"@id\":\"https:\\\/\\\/lospoliticosveracruz.com\\\/?p=156814\",\"url\":\"https:\\\/\\\/lospoliticosveracruz.com\\\/?p=156814\",\"name\":\"ECOS DE LAS COMPARECENCIAS - Los pol\u00edticos Veracruz\",\"isPartOf\":{\"@id\":\"https:\\\/\\\/lospoliticosveracruz.com\\\/#website\"},\"primaryImageOfPage\":{\"@id\":\"https:\\\/\\\/lospoliticosveracruz.com\\\/?p=156814#primaryimage\"},\"image\":{\"@id\":\"https:\\\/\\\/lospoliticosveracruz.com\\\/?p=156814#primaryimage\"},\"thumbnailUrl\":\"https:\\\/\\\/lospoliticosveracruz.com\\\/wp-content\\\/uploads\\\/2025\\\/05\\\/Ruben-Morales-Aburto.jpg\",\"datePublished\":\"2025-11-20T00:36:10+00:00\",\"dateModified\":\"2025-11-20T00:36:28+00:00\",\"breadcrumb\":{\"@id\":\"https:\\\/\\\/lospoliticosveracruz.com\\\/?p=156814#breadcrumb\"},\"inLanguage\":\"es\",\"potentialAction\":[{\"@type\":\"ReadAction\",\"target\":[\"https:\\\/\\\/lospoliticosveracruz.com\\\/?p=156814\"]}]},{\"@type\":\"ImageObject\",\"inLanguage\":\"es\",\"@id\":\"https:\\\/\\\/lospoliticosveracruz.com\\\/?p=156814#primaryimage\",\"url\":\"https:\\\/\\\/lospoliticosveracruz.com\\\/wp-content\\\/uploads\\\/2025\\\/05\\\/Ruben-Morales-Aburto.jpg\",\"contentUrl\":\"https:\\\/\\\/lospoliticosveracruz.com\\\/wp-content\\\/uploads\\\/2025\\\/05\\\/Ruben-Morales-Aburto.jpg\",\"width\":1000,\"height\":533},{\"@type\":\"BreadcrumbList\",\"@id\":\"https:\\\/\\\/lospoliticosveracruz.com\\\/?p=156814#breadcrumb\",\"itemListElement\":[{\"@type\":\"ListItem\",\"position\":1,\"name\":\"Portada\",\"item\":\"https:\\\/\\\/lospoliticosveracruz.com\\\/\"},{\"@type\":\"ListItem\",\"position\":2,\"name\":\"ECOS DE LAS COMPARECENCIAS\"}]},{\"@type\":\"WebSite\",\"@id\":\"https:\\\/\\\/lospoliticosveracruz.com\\\/#website\",\"url\":\"https:\\\/\\\/lospoliticosveracruz.com\\\/\",\"name\":\"Los pol\u00edticos Veracruz\",\"description\":\"\",\"publisher\":{\"@id\":\"https:\\\/\\\/lospoliticosveracruz.com\\\/#organization\"},\"potentialAction\":[{\"@type\":\"SearchAction\",\"target\":{\"@type\":\"EntryPoint\",\"urlTemplate\":\"https:\\\/\\\/lospoliticosveracruz.com\\\/?s={search_term_string}\"},\"query-input\":{\"@type\":\"PropertyValueSpecification\",\"valueRequired\":true,\"valueName\":\"search_term_string\"}}],\"inLanguage\":\"es\"},{\"@type\":\"Organization\",\"@id\":\"https:\\\/\\\/lospoliticosveracruz.com\\\/#organization\",\"name\":\"Los pol\u00edticos Veracruz\",\"url\":\"https:\\\/\\\/lospoliticosveracruz.com\\\/\",\"logo\":{\"@type\":\"ImageObject\",\"inLanguage\":\"es\",\"@id\":\"https:\\\/\\\/lospoliticosveracruz.com\\\/#\\\/schema\\\/logo\\\/image\\\/\",\"url\":\"https:\\\/\\\/lospoliticosveracruz.com\\\/wp-content\\\/uploads\\\/2025\\\/12\\\/Logo-Nuevo-LOS-POLITICOS-1.jpg\",\"contentUrl\":\"https:\\\/\\\/lospoliticosveracruz.com\\\/wp-content\\\/uploads\\\/2025\\\/12\\\/Logo-Nuevo-LOS-POLITICOS-1.jpg\",\"width\":260,\"height\":70,\"caption\":\"Los pol\u00edticos Veracruz\"},\"image\":{\"@id\":\"https:\\\/\\\/lospoliticosveracruz.com\\\/#\\\/schema\\\/logo\\\/image\\\/\"},\"sameAs\":[\"https:\\\/\\\/www.facebook.com\\\/people\\\/Notimemes-de-los-Polticos\\\/61565672886568\\\/\",\"https:\\\/\\\/x.com\\\/LosPoliticosVer\"]},{\"@type\":\"Person\",\"@id\":\"https:\\\/\\\/lospoliticosveracruz.com\\\/#\\\/schema\\\/person\\\/b8702bb0e538456e6efd07080bf2a4a2\",\"name\":\"Lo viste en Los Pol\u00edticos\",\"image\":{\"@type\":\"ImageObject\",\"inLanguage\":\"es\",\"@id\":\"https:\\\/\\\/secure.gravatar.com\\\/avatar\\\/3a8de04a2656d44082be478bd6c086daa447c4651605818287b9532d3d0bd435?s=96&d=mm&r=g\",\"url\":\"https:\\\/\\\/secure.gravatar.com\\\/avatar\\\/3a8de04a2656d44082be478bd6c086daa447c4651605818287b9532d3d0bd435?s=96&d=mm&r=g\",\"contentUrl\":\"https:\\\/\\\/secure.gravatar.com\\\/avatar\\\/3a8de04a2656d44082be478bd6c086daa447c4651605818287b9532d3d0bd435?s=96&d=mm&r=g\",\"caption\":\"Lo viste en Los Pol\u00edticos\"},\"url\":\"https:\\\/\\\/lospoliticosveracruz.com\\\/?author=2\"}]}<\/script>\n<!-- \/ Yoast SEO plugin. -->","yoast_head_json":{"title":"ECOS DE LAS COMPARECENCIAS - Los pol\u00edticos Veracruz","robots":{"index":"index","follow":"follow","max-snippet":"max-snippet:-1","max-image-preview":"max-image-preview:large","max-video-preview":"max-video-preview:-1"},"canonical":"https:\/\/lospoliticosveracruz.com\/?p=156814","og_locale":"es_ES","og_type":"article","og_title":"ECOS DE LAS COMPARECENCIAS - Los pol\u00edticos Veracruz","og_description":"Rub\u00e9n Morales Aburto El Poder y La Pasi\u00f3n El chiste de la semana Qu\u00e9 todos los conductores de aplicaciones (taxi), en el estado de Veracruz, deben tener concesi\u00f3n y pagar impuestos, dice Rocio Nahle. S O S Colonia Hidalgo de Alamo, Ver., es la colonia m\u00e1s afectada y olvidada. Agua y lodo tap\u00f3 drenajes Pizarrasicense [&hellip;]","og_url":"https:\/\/lospoliticosveracruz.com\/?p=156814","og_site_name":"Los pol\u00edticos Veracruz","article_publisher":"https:\/\/www.facebook.com\/people\/Notimemes-de-los-Polticos\/61565672886568\/","article_published_time":"2025-11-20T00:36:10+00:00","article_modified_time":"2025-11-20T00:36:28+00:00","og_image":[{"width":1000,"height":533,"url":"https:\/\/lospoliticosveracruz.com\/wp-content\/uploads\/2025\/05\/Ruben-Morales-Aburto.jpg","type":"image\/jpeg"}],"author":"Lo viste en Los Pol\u00edticos","twitter_card":"summary_large_image","twitter_creator":"@LosPoliticosVer","twitter_site":"@LosPoliticosVer","twitter_misc":{"Escrito por":"Lo viste en Los Pol\u00edticos","Tiempo de lectura":"4 minutos"},"schema":{"@context":"https:\/\/schema.org","@graph":[{"@type":"Article","@id":"https:\/\/lospoliticosveracruz.com\/?p=156814#article","isPartOf":{"@id":"https:\/\/lospoliticosveracruz.com\/?p=156814"},"author":{"name":"Lo viste en Los Pol\u00edticos","@id":"https:\/\/lospoliticosveracruz.com\/#\/schema\/person\/b8702bb0e538456e6efd07080bf2a4a2"},"headline":"ECOS DE LAS COMPARECENCIAS","datePublished":"2025-11-20T00:36:10+00:00","dateModified":"2025-11-20T00:36:28+00:00","mainEntityOfPage":{"@id":"https:\/\/lospoliticosveracruz.com\/?p=156814"},"wordCount":887,"publisher":{"@id":"https:\/\/lospoliticosveracruz.com\/#organization"},"image":{"@id":"https:\/\/lospoliticosveracruz.com\/?p=156814#primaryimage"},"thumbnailUrl":"https:\/\/lospoliticosveracruz.com\/wp-content\/uploads\/2025\/05\/Ruben-Morales-Aburto.jpg","articleSection":["De Opini\u00f3n"],"inLanguage":"es"},{"@type":"WebPage","@id":"https:\/\/lospoliticosveracruz.com\/?p=156814","url":"https:\/\/lospoliticosveracruz.com\/?p=156814","name":"ECOS DE LAS COMPARECENCIAS - Los pol\u00edticos Veracruz","isPartOf":{"@id":"https:\/\/lospoliticosveracruz.com\/#website"},"primaryImageOfPage":{"@id":"https:\/\/lospoliticosveracruz.com\/?p=156814#primaryimage"},"image":{"@id":"https:\/\/lospoliticosveracruz.com\/?p=156814#primaryimage"},"thumbnailUrl":"https:\/\/lospoliticosveracruz.com\/wp-content\/uploads\/2025\/05\/Ruben-Morales-Aburto.jpg","datePublished":"2025-11-20T00:36:10+00:00","dateModified":"2025-11-20T00:36:28+00:00","breadcrumb":{"@id":"https:\/\/lospoliticosveracruz.com\/?p=156814#breadcrumb"},"inLanguage":"es","potentialAction":[{"@type":"ReadAction","target":["https:\/\/lospoliticosveracruz.com\/?p=156814"]}]},{"@type":"ImageObject","inLanguage":"es","@id":"https:\/\/lospoliticosveracruz.com\/?p=156814#primaryimage","url":"https:\/\/lospoliticosveracruz.com\/wp-content\/uploads\/2025\/05\/Ruben-Morales-Aburto.jpg","contentUrl":"https:\/\/lospoliticosveracruz.com\/wp-content\/uploads\/2025\/05\/Ruben-Morales-Aburto.jpg","width":1000,"height":533},{"@type":"BreadcrumbList","@id":"https:\/\/lospoliticosveracruz.com\/?p=156814#breadcrumb","itemListElement":[{"@type":"ListItem","position":1,"name":"Portada","item":"https:\/\/lospoliticosveracruz.com\/"},{"@type":"ListItem","position":2,"name":"ECOS DE LAS COMPARECENCIAS"}]},{"@type":"WebSite","@id":"https:\/\/lospoliticosveracruz.com\/#website","url":"https:\/\/lospoliticosveracruz.com\/","name":"Los pol\u00edticos Veracruz","description":"","publisher":{"@id":"https:\/\/lospoliticosveracruz.com\/#organization"},"potentialAction":[{"@type":"SearchAction","target":{"@type":"EntryPoint","urlTemplate":"https:\/\/lospoliticosveracruz.com\/?s={search_term_string}"},"query-input":{"@type":"PropertyValueSpecification","valueRequired":true,"valueName":"search_term_string"}}],"inLanguage":"es"},{"@type":"Organization","@id":"https:\/\/lospoliticosveracruz.com\/#organization","name":"Los pol\u00edticos Veracruz","url":"https:\/\/lospoliticosveracruz.com\/","logo":{"@type":"ImageObject","inLanguage":"es","@id":"https:\/\/lospoliticosveracruz.com\/#\/schema\/logo\/image\/","url":"https:\/\/lospoliticosveracruz.com\/wp-content\/uploads\/2025\/12\/Logo-Nuevo-LOS-POLITICOS-1.jpg","contentUrl":"https:\/\/lospoliticosveracruz.com\/wp-content\/uploads\/2025\/12\/Logo-Nuevo-LOS-POLITICOS-1.jpg","width":260,"height":70,"caption":"Los pol\u00edticos Veracruz"},"image":{"@id":"https:\/\/lospoliticosveracruz.com\/#\/schema\/logo\/image\/"},"sameAs":["https:\/\/www.facebook.com\/people\/Notimemes-de-los-Polticos\/61565672886568\/","https:\/\/x.com\/LosPoliticosVer"]},{"@type":"Person","@id":"https:\/\/lospoliticosveracruz.com\/#\/schema\/person\/b8702bb0e538456e6efd07080bf2a4a2","name":"Lo viste en Los Pol\u00edticos","image":{"@type":"ImageObject","inLanguage":"es","@id":"https:\/\/secure.gravatar.com\/avatar\/3a8de04a2656d44082be478bd6c086daa447c4651605818287b9532d3d0bd435?s=96&d=mm&r=g","url":"https:\/\/secure.gravatar.com\/avatar\/3a8de04a2656d44082be478bd6c086daa447c4651605818287b9532d3d0bd435?s=96&d=mm&r=g","contentUrl":"https:\/\/secure.gravatar.com\/avatar\/3a8de04a2656d44082be478bd6c086daa447c4651605818287b9532d3d0bd435?s=96&d=mm&r=g","caption":"Lo viste en Los Pol\u00edticos"},"url":"https:\/\/lospoliticosveracruz.com\/?author=2"}]}},"_links":{"self":[{"href":"https:\/\/lospoliticosveracruz.com\/index.php?rest_route=\/wp\/v2\/posts\/156814","targetHints":{"allow":["GET"]}}],"collection":[{"href":"https:\/\/lospoliticosveracruz.com\/index.php?rest_route=\/wp\/v2\/posts"}],"about":[{"href":"https:\/\/lospoliticosveracruz.com\/index.php?rest_route=\/wp\/v2\/types\/post"}],"author":[{"embeddable":true,"href":"https:\/\/lospoliticosveracruz.com\/index.php?rest_route=\/wp\/v2\/users\/2"}],"replies":[{"embeddable":true,"href":"https:\/\/lospoliticosveracruz.com\/index.php?rest_route=%2Fwp%2Fv2%2Fcomments&post=156814"}],"version-history":[{"count":2,"href":"https:\/\/lospoliticosveracruz.com\/index.php?rest_route=\/wp\/v2\/posts\/156814\/revisions"}],"predecessor-version":[{"id":156816,"href":"https:\/\/lospoliticosveracruz.com\/index.php?rest_route=\/wp\/v2\/posts\/156814\/revisions\/156816"}],"wp:featuredmedia":[{"embeddable":true,"href":"https:\/\/lospoliticosveracruz.com\/index.php?rest_route=\/wp\/v2\/media\/143902"}],"wp:attachment":[{"href":"https:\/\/lospoliticosveracruz.com\/index.php?rest_route=%2Fwp%2Fv2%2Fmedia&parent=156814"}],"wp:term":[{"taxonomy":"category","embeddable":true,"href":"https:\/\/lospoliticosveracruz.com\/index.php?rest_route=%2Fwp%2Fv2%2Fcategories&post=156814"},{"taxonomy":"post_tag","embeddable":true,"href":"https:\/\/lospoliticosveracruz.com\/index.php?rest_route=%2Fwp%2Fv2%2Ftags&post=156814"}],"curies":[{"name":"wp","href":"https:\/\/api.w.org\/{rel}","templated":true}]}}