{"id":156826,"date":"2025-11-19T20:02:52","date_gmt":"2025-11-20T02:02:52","guid":{"rendered":"https:\/\/lospoliticosveracruz.com.mx\/?p=156826"},"modified":"2025-11-19T20:03:09","modified_gmt":"2025-11-20T02:03:09","slug":"bloque-negro","status":"publish","type":"post","link":"https:\/\/lospoliticosveracruz.com\/?p=156826","title":{"rendered":"BLOQUE NEGRO"},"content":{"rendered":"\n<p><strong>Carlos Miguel Acosta Bravo*<\/strong><\/p>\n\n\n\n<p><em>Impronta<\/em><\/p>\n\n\n\n<p>Durante los \u00faltimos siete a\u00f1os de la llamada Cuarta Transformaci\u00f3n en M\u00e9xico, los gobiernos de izquierda han mostrado un l\u00edmite creciente en la tolerancia hacia las manifestaciones sociales, especialmente cuando existe riesgo de violencia o desorden p\u00fablico. Aunque el derecho a la libre manifestaci\u00f3n est\u00e1 garantizado constitucionalmente, se han implementado medidas para limitar, contener y en ocasiones reprimir protestas que consideran riesgosas para la seguridad o el orden, lo que ha generado cr\u00edticas sobre coartar derechos ciudadanos y mostrar una contradicci\u00f3n con los or\u00edgenes progresistas del movimiento.\u200b<\/p>\n\n\n\n<p>En el caso de la reciente marcha Z del 15 de noviembre de 2025 en el Z\u00f3calo de la Ciudad de M\u00e9xico, el llamado \u00abbloque negro\u00bb jug\u00f3 un papel central en los enfrentamientos con las fuerzas policiacas. Este grupo, compuesto por alrededor de mil personas encapuchadas, ingres\u00f3 violentamente al Z\u00f3calo, derribando las vallas met\u00e1licas de protecci\u00f3n del Palacio Nacional con mazos, esmeriles, martillos y otros objetos, adem\u00e1s de arrojar petardos y proyectiles hacia la polic\u00eda. Este accionar agresivo llev\u00f3 a una respuesta inmediata de la Secretar\u00eda de Seguridad Ciudadana (SSC), que despleg\u00f3 gases lacrim\u00f3genos y polvo de extintores para dispersar a los manifestantes y evitar da\u00f1os mayores. Hubo enfrentamientos con heridos de ambos lados, detenciones y un ambiente de tensi\u00f3n marcado por gritos contradictorios de apoyo a la protesta y denuncias de represi\u00f3n.\u200b\u200b<\/p>\n\n\n\n<p>Este episodio evidencia una tensi\u00f3n entre el derecho leg\u00edtimo a manifestarse y la presencia de grupos que capitalizan la protesta para desatar violencia, lo cual es utilizado para justificar el l\u00edmite y la acci\u00f3n represiva por parte del gobierno. Sin embargo, esta din\u00e1mica intensifica el debate sobre la coherencia del gobierno de izquierda que se ha consolidado gracias a movimientos sociales y ahora enfrenta la dif\u00edcil paradoja de contener protestas para preservar el orden p\u00fablico. Cr\u00edticos y sectores sociales reclaman una mayor apertura al di\u00e1logo y menos uso de la fuerza, especialmente ante la presencia de mujeres, j\u00f3venes y ni\u00f1os en las manifestaciones.\u200b<\/p>\n\n\n\n<p>El l\u00edmite impuesto por el gobierno de la Cuarta Transformaci\u00f3n en estos a\u00f1os ha estado marcado por una creciente regulaci\u00f3n y control de las manifestaciones que consideran violentas o riesgosas, y el \u00abbloque negro\u00bb en la marcha Z del 15 de noviembre fue el detonante de un enfrentamiento que sirvi\u00f3 para justificar acciones policiales en un contexto ya precario de relaci\u00f3n entre poder y movimientos sociales.\u200b<\/p>\n\n\n\n<p>Tras los disturbios ocurridos en la marcha de la Generaci\u00f3n Z el 15 de noviembre de 2025 en la Ciudad de M\u00e9xico, se reportaron 40 personas detenidas, de las cuales 20 fueron trasladadas al Ministerio P\u00fablico por delitos como agresiones y robos, y las dem\u00e1s por faltas administrativas. Las detenciones comenzaron despu\u00e9s de la manifestaci\u00f3n cuando comenzaron los enfrentamientos entre un grupo de encapuchados y la polic\u00eda en las inmediaciones del Z\u00f3calo, con un saldo de 20 civiles heridos y m\u00e1s de 100 polic\u00edas lesionados. La Secretar\u00eda de Seguridad Ciudadana inform\u00f3 que se est\u00e1 trabajando en la identificaci\u00f3n de todos los responsables de delitos para continuar con las investigaciones.\u200b<\/p>\n\n\n\n<p>Posteriormente, ocho detenidos fueron vinculados a proceso judicial en el Reclusorio Norte, con tres acusados formalmente de robo y lesiones, aunque llevar\u00e1n su proceso en libertad, y dos de ellos permanecen en prisi\u00f3n preventiva mientras contin\u00faan las investigaciones. Otros cinco detenidos enfrentan cargos menores por resistencia a particulares y permanecen en prisi\u00f3n preventiva. En total, se informa que 29 personas permanecen detenidas relacionadas con la marcha, y contin\u00faan abiertas carpetas de investigaci\u00f3n, mientras hay tambi\u00e9n una investigaci\u00f3n en curso sobre posibles excesos y uso abusivo de la fuerza por parte de polic\u00edas, incluyendo agresiones a periodistas durante los enfrentamientos.\u200b<\/p>\n\n\n\n<p>En otras ciudades tambi\u00e9n hubo detenciones legales vinculadas a las protestas, como en Guadalajara donde 40 personas fueron detenidas y acusadas por actos vand\u00e1licos en la marcha del 15 de noviembre, aunque organizaciones civiles han denunciado detenciones arbitrarias y brutalidad policiaca, demandando la liberaci\u00f3n inmediata de los detenidos.\u200b<\/p>\n\n\n\n<p>La respuesta del estado ha sido un proceso penal contra varios de los manifestantes detenidos por delitos durante los disturbios, al tiempo que se abren investigaciones sobre el actuar policial, en un contexto de alta tensi\u00f3n y controversia respecto a la gesti\u00f3n del derecho a la protesta y el manejo de la fuerza p\u00fablica.\u200b<\/p>\n\n\n\n<p>Comente u opine a:<\/p>\n\n\n\n<p>cacostabravo@yahoo.com.mx<\/p>\n\n\n\n<p>*Maestro en comunicaci\u00f3n por la Universidad Iberoamericana, de la cual form\u00f3 parte del cuerpo acad\u00e9mico de la Licenciatura en comunicaci\u00f3n, as\u00ed como de la Universidad An\u00e1huac, camp\u00fas norte de CDMX.<\/p>\n","protected":false},"excerpt":{"rendered":"<p>Carlos Miguel Acosta Bravo* Impronta Durante los \u00faltimos siete a\u00f1os de la llamada Cuarta Transformaci\u00f3n en M\u00e9xico, los gobiernos de izquierda han mostrado un l\u00edmite creciente en la tolerancia hacia las manifestaciones sociales, especialmente cuando existe riesgo de violencia o desorden p\u00fablico. Aunque el derecho a la libre manifestaci\u00f3n est\u00e1 garantizado constitucionalmente, se han implementado [&hellip;]<\/p>\n","protected":false},"author":2,"featured_media":141377,"comment_status":"closed","ping_status":"closed","sticky":false,"template":"","format":"standard","meta":{"tdm_status":"","tdm_grid_status":"","footnotes":""},"categories":[70],"tags":[],"class_list":{"0":"post-156826","1":"post","2":"type-post","3":"status-publish","4":"format-standard","5":"has-post-thumbnail","7":"category-de-opinion"},"yoast_head":"<!-- This site is optimized with the Yoast SEO plugin v27.4 - https:\/\/yoast.com\/product\/yoast-seo-wordpress\/ -->\n<title>BLOQUE NEGRO - Los pol\u00edticos Veracruz<\/title>\n<meta name=\"robots\" content=\"index, follow, max-snippet:-1, max-image-preview:large, max-video-preview:-1\" \/>\n<link rel=\"canonical\" href=\"https:\/\/lospoliticosveracruz.com\/?p=156826\" \/>\n<meta property=\"og:locale\" content=\"es_ES\" \/>\n<meta property=\"og:type\" content=\"article\" \/>\n<meta property=\"og:title\" content=\"BLOQUE NEGRO - Los pol\u00edticos Veracruz\" \/>\n<meta property=\"og:description\" content=\"Carlos Miguel Acosta Bravo* Impronta Durante los \u00faltimos siete a\u00f1os de la llamada Cuarta Transformaci\u00f3n en M\u00e9xico, los gobiernos de izquierda han mostrado un l\u00edmite creciente en la tolerancia hacia las manifestaciones sociales, especialmente cuando existe riesgo de violencia o desorden p\u00fablico. Aunque el derecho a la libre manifestaci\u00f3n est\u00e1 garantizado constitucionalmente, se han implementado [&hellip;]\" \/>\n<meta property=\"og:url\" content=\"https:\/\/lospoliticosveracruz.com\/?p=156826\" \/>\n<meta property=\"og:site_name\" content=\"Los pol\u00edticos Veracruz\" \/>\n<meta property=\"article:publisher\" content=\"https:\/\/www.facebook.com\/people\/Notimemes-de-los-Polticos\/61565672886568\/\" \/>\n<meta property=\"article:published_time\" content=\"2025-11-20T02:02:52+00:00\" \/>\n<meta property=\"article:modified_time\" content=\"2025-11-20T02:03:09+00:00\" \/>\n<meta property=\"og:image\" content=\"https:\/\/lospoliticosveracruz.com\/wp-content\/uploads\/2025\/04\/Carlos-Miguel-Acosta-Bravo.jpg\" \/>\n\t<meta property=\"og:image:width\" content=\"1250\" \/>\n\t<meta property=\"og:image:height\" content=\"667\" \/>\n\t<meta property=\"og:image:type\" content=\"image\/jpeg\" \/>\n<meta name=\"author\" content=\"Lo viste en Los Pol\u00edticos\" \/>\n<meta name=\"twitter:card\" content=\"summary_large_image\" \/>\n<meta name=\"twitter:creator\" content=\"@LosPoliticosVer\" \/>\n<meta name=\"twitter:site\" content=\"@LosPoliticosVer\" \/>\n<meta name=\"twitter:label1\" content=\"Escrito por\" \/>\n\t<meta name=\"twitter:data1\" content=\"Lo viste en Los Pol\u00edticos\" \/>\n\t<meta name=\"twitter:label2\" content=\"Tiempo de lectura\" \/>\n\t<meta name=\"twitter:data2\" content=\"4 minutos\" \/>\n<script type=\"application\/ld+json\" class=\"yoast-schema-graph\">{\"@context\":\"https:\\\/\\\/schema.org\",\"@graph\":[{\"@type\":\"Article\",\"@id\":\"https:\\\/\\\/lospoliticosveracruz.com\\\/?p=156826#article\",\"isPartOf\":{\"@id\":\"https:\\\/\\\/lospoliticosveracruz.com\\\/?p=156826\"},\"author\":{\"name\":\"Lo viste en Los Pol\u00edticos\",\"@id\":\"https:\\\/\\\/lospoliticosveracruz.com\\\/#\\\/schema\\\/person\\\/b8702bb0e538456e6efd07080bf2a4a2\"},\"headline\":\"BLOQUE NEGRO\",\"datePublished\":\"2025-11-20T02:02:52+00:00\",\"dateModified\":\"2025-11-20T02:03:09+00:00\",\"mainEntityOfPage\":{\"@id\":\"https:\\\/\\\/lospoliticosveracruz.com\\\/?p=156826\"},\"wordCount\":801,\"publisher\":{\"@id\":\"https:\\\/\\\/lospoliticosveracruz.com\\\/#organization\"},\"image\":{\"@id\":\"https:\\\/\\\/lospoliticosveracruz.com\\\/?p=156826#primaryimage\"},\"thumbnailUrl\":\"https:\\\/\\\/lospoliticosveracruz.com\\\/wp-content\\\/uploads\\\/2025\\\/04\\\/Carlos-Miguel-Acosta-Bravo.jpg\",\"articleSection\":[\"De Opini\u00f3n\"],\"inLanguage\":\"es\"},{\"@type\":\"WebPage\",\"@id\":\"https:\\\/\\\/lospoliticosveracruz.com\\\/?p=156826\",\"url\":\"https:\\\/\\\/lospoliticosveracruz.com\\\/?p=156826\",\"name\":\"BLOQUE NEGRO - Los pol\u00edticos Veracruz\",\"isPartOf\":{\"@id\":\"https:\\\/\\\/lospoliticosveracruz.com\\\/#website\"},\"primaryImageOfPage\":{\"@id\":\"https:\\\/\\\/lospoliticosveracruz.com\\\/?p=156826#primaryimage\"},\"image\":{\"@id\":\"https:\\\/\\\/lospoliticosveracruz.com\\\/?p=156826#primaryimage\"},\"thumbnailUrl\":\"https:\\\/\\\/lospoliticosveracruz.com\\\/wp-content\\\/uploads\\\/2025\\\/04\\\/Carlos-Miguel-Acosta-Bravo.jpg\",\"datePublished\":\"2025-11-20T02:02:52+00:00\",\"dateModified\":\"2025-11-20T02:03:09+00:00\",\"breadcrumb\":{\"@id\":\"https:\\\/\\\/lospoliticosveracruz.com\\\/?p=156826#breadcrumb\"},\"inLanguage\":\"es\",\"potentialAction\":[{\"@type\":\"ReadAction\",\"target\":[\"https:\\\/\\\/lospoliticosveracruz.com\\\/?p=156826\"]}]},{\"@type\":\"ImageObject\",\"inLanguage\":\"es\",\"@id\":\"https:\\\/\\\/lospoliticosveracruz.com\\\/?p=156826#primaryimage\",\"url\":\"https:\\\/\\\/lospoliticosveracruz.com\\\/wp-content\\\/uploads\\\/2025\\\/04\\\/Carlos-Miguel-Acosta-Bravo.jpg\",\"contentUrl\":\"https:\\\/\\\/lospoliticosveracruz.com\\\/wp-content\\\/uploads\\\/2025\\\/04\\\/Carlos-Miguel-Acosta-Bravo.jpg\",\"width\":1250,\"height\":667},{\"@type\":\"BreadcrumbList\",\"@id\":\"https:\\\/\\\/lospoliticosveracruz.com\\\/?p=156826#breadcrumb\",\"itemListElement\":[{\"@type\":\"ListItem\",\"position\":1,\"name\":\"Portada\",\"item\":\"https:\\\/\\\/lospoliticosveracruz.com\\\/\"},{\"@type\":\"ListItem\",\"position\":2,\"name\":\"BLOQUE NEGRO\"}]},{\"@type\":\"WebSite\",\"@id\":\"https:\\\/\\\/lospoliticosveracruz.com\\\/#website\",\"url\":\"https:\\\/\\\/lospoliticosveracruz.com\\\/\",\"name\":\"Los pol\u00edticos Veracruz\",\"description\":\"\",\"publisher\":{\"@id\":\"https:\\\/\\\/lospoliticosveracruz.com\\\/#organization\"},\"potentialAction\":[{\"@type\":\"SearchAction\",\"target\":{\"@type\":\"EntryPoint\",\"urlTemplate\":\"https:\\\/\\\/lospoliticosveracruz.com\\\/?s={search_term_string}\"},\"query-input\":{\"@type\":\"PropertyValueSpecification\",\"valueRequired\":true,\"valueName\":\"search_term_string\"}}],\"inLanguage\":\"es\"},{\"@type\":\"Organization\",\"@id\":\"https:\\\/\\\/lospoliticosveracruz.com\\\/#organization\",\"name\":\"Los pol\u00edticos Veracruz\",\"url\":\"https:\\\/\\\/lospoliticosveracruz.com\\\/\",\"logo\":{\"@type\":\"ImageObject\",\"inLanguage\":\"es\",\"@id\":\"https:\\\/\\\/lospoliticosveracruz.com\\\/#\\\/schema\\\/logo\\\/image\\\/\",\"url\":\"https:\\\/\\\/lospoliticosveracruz.com\\\/wp-content\\\/uploads\\\/2025\\\/12\\\/Logo-Nuevo-LOS-POLITICOS-1.jpg\",\"contentUrl\":\"https:\\\/\\\/lospoliticosveracruz.com\\\/wp-content\\\/uploads\\\/2025\\\/12\\\/Logo-Nuevo-LOS-POLITICOS-1.jpg\",\"width\":260,\"height\":70,\"caption\":\"Los pol\u00edticos Veracruz\"},\"image\":{\"@id\":\"https:\\\/\\\/lospoliticosveracruz.com\\\/#\\\/schema\\\/logo\\\/image\\\/\"},\"sameAs\":[\"https:\\\/\\\/www.facebook.com\\\/people\\\/Notimemes-de-los-Polticos\\\/61565672886568\\\/\",\"https:\\\/\\\/x.com\\\/LosPoliticosVer\"]},{\"@type\":\"Person\",\"@id\":\"https:\\\/\\\/lospoliticosveracruz.com\\\/#\\\/schema\\\/person\\\/b8702bb0e538456e6efd07080bf2a4a2\",\"name\":\"Lo viste en Los Pol\u00edticos\",\"image\":{\"@type\":\"ImageObject\",\"inLanguage\":\"es\",\"@id\":\"https:\\\/\\\/secure.gravatar.com\\\/avatar\\\/3a8de04a2656d44082be478bd6c086daa447c4651605818287b9532d3d0bd435?s=96&d=mm&r=g\",\"url\":\"https:\\\/\\\/secure.gravatar.com\\\/avatar\\\/3a8de04a2656d44082be478bd6c086daa447c4651605818287b9532d3d0bd435?s=96&d=mm&r=g\",\"contentUrl\":\"https:\\\/\\\/secure.gravatar.com\\\/avatar\\\/3a8de04a2656d44082be478bd6c086daa447c4651605818287b9532d3d0bd435?s=96&d=mm&r=g\",\"caption\":\"Lo viste en Los Pol\u00edticos\"},\"url\":\"https:\\\/\\\/lospoliticosveracruz.com\\\/?author=2\"}]}<\/script>\n<!-- \/ Yoast SEO plugin. -->","yoast_head_json":{"title":"BLOQUE NEGRO - Los pol\u00edticos Veracruz","robots":{"index":"index","follow":"follow","max-snippet":"max-snippet:-1","max-image-preview":"max-image-preview:large","max-video-preview":"max-video-preview:-1"},"canonical":"https:\/\/lospoliticosveracruz.com\/?p=156826","og_locale":"es_ES","og_type":"article","og_title":"BLOQUE NEGRO - Los pol\u00edticos Veracruz","og_description":"Carlos Miguel Acosta Bravo* Impronta Durante los \u00faltimos siete a\u00f1os de la llamada Cuarta Transformaci\u00f3n en M\u00e9xico, los gobiernos de izquierda han mostrado un l\u00edmite creciente en la tolerancia hacia las manifestaciones sociales, especialmente cuando existe riesgo de violencia o desorden p\u00fablico. Aunque el derecho a la libre manifestaci\u00f3n est\u00e1 garantizado constitucionalmente, se han implementado [&hellip;]","og_url":"https:\/\/lospoliticosveracruz.com\/?p=156826","og_site_name":"Los pol\u00edticos Veracruz","article_publisher":"https:\/\/www.facebook.com\/people\/Notimemes-de-los-Polticos\/61565672886568\/","article_published_time":"2025-11-20T02:02:52+00:00","article_modified_time":"2025-11-20T02:03:09+00:00","og_image":[{"width":1250,"height":667,"url":"https:\/\/lospoliticosveracruz.com\/wp-content\/uploads\/2025\/04\/Carlos-Miguel-Acosta-Bravo.jpg","type":"image\/jpeg"}],"author":"Lo viste en Los Pol\u00edticos","twitter_card":"summary_large_image","twitter_creator":"@LosPoliticosVer","twitter_site":"@LosPoliticosVer","twitter_misc":{"Escrito por":"Lo viste en Los Pol\u00edticos","Tiempo de lectura":"4 minutos"},"schema":{"@context":"https:\/\/schema.org","@graph":[{"@type":"Article","@id":"https:\/\/lospoliticosveracruz.com\/?p=156826#article","isPartOf":{"@id":"https:\/\/lospoliticosveracruz.com\/?p=156826"},"author":{"name":"Lo viste en Los Pol\u00edticos","@id":"https:\/\/lospoliticosveracruz.com\/#\/schema\/person\/b8702bb0e538456e6efd07080bf2a4a2"},"headline":"BLOQUE NEGRO","datePublished":"2025-11-20T02:02:52+00:00","dateModified":"2025-11-20T02:03:09+00:00","mainEntityOfPage":{"@id":"https:\/\/lospoliticosveracruz.com\/?p=156826"},"wordCount":801,"publisher":{"@id":"https:\/\/lospoliticosveracruz.com\/#organization"},"image":{"@id":"https:\/\/lospoliticosveracruz.com\/?p=156826#primaryimage"},"thumbnailUrl":"https:\/\/lospoliticosveracruz.com\/wp-content\/uploads\/2025\/04\/Carlos-Miguel-Acosta-Bravo.jpg","articleSection":["De Opini\u00f3n"],"inLanguage":"es"},{"@type":"WebPage","@id":"https:\/\/lospoliticosveracruz.com\/?p=156826","url":"https:\/\/lospoliticosveracruz.com\/?p=156826","name":"BLOQUE NEGRO - Los pol\u00edticos Veracruz","isPartOf":{"@id":"https:\/\/lospoliticosveracruz.com\/#website"},"primaryImageOfPage":{"@id":"https:\/\/lospoliticosveracruz.com\/?p=156826#primaryimage"},"image":{"@id":"https:\/\/lospoliticosveracruz.com\/?p=156826#primaryimage"},"thumbnailUrl":"https:\/\/lospoliticosveracruz.com\/wp-content\/uploads\/2025\/04\/Carlos-Miguel-Acosta-Bravo.jpg","datePublished":"2025-11-20T02:02:52+00:00","dateModified":"2025-11-20T02:03:09+00:00","breadcrumb":{"@id":"https:\/\/lospoliticosveracruz.com\/?p=156826#breadcrumb"},"inLanguage":"es","potentialAction":[{"@type":"ReadAction","target":["https:\/\/lospoliticosveracruz.com\/?p=156826"]}]},{"@type":"ImageObject","inLanguage":"es","@id":"https:\/\/lospoliticosveracruz.com\/?p=156826#primaryimage","url":"https:\/\/lospoliticosveracruz.com\/wp-content\/uploads\/2025\/04\/Carlos-Miguel-Acosta-Bravo.jpg","contentUrl":"https:\/\/lospoliticosveracruz.com\/wp-content\/uploads\/2025\/04\/Carlos-Miguel-Acosta-Bravo.jpg","width":1250,"height":667},{"@type":"BreadcrumbList","@id":"https:\/\/lospoliticosveracruz.com\/?p=156826#breadcrumb","itemListElement":[{"@type":"ListItem","position":1,"name":"Portada","item":"https:\/\/lospoliticosveracruz.com\/"},{"@type":"ListItem","position":2,"name":"BLOQUE NEGRO"}]},{"@type":"WebSite","@id":"https:\/\/lospoliticosveracruz.com\/#website","url":"https:\/\/lospoliticosveracruz.com\/","name":"Los pol\u00edticos Veracruz","description":"","publisher":{"@id":"https:\/\/lospoliticosveracruz.com\/#organization"},"potentialAction":[{"@type":"SearchAction","target":{"@type":"EntryPoint","urlTemplate":"https:\/\/lospoliticosveracruz.com\/?s={search_term_string}"},"query-input":{"@type":"PropertyValueSpecification","valueRequired":true,"valueName":"search_term_string"}}],"inLanguage":"es"},{"@type":"Organization","@id":"https:\/\/lospoliticosveracruz.com\/#organization","name":"Los pol\u00edticos Veracruz","url":"https:\/\/lospoliticosveracruz.com\/","logo":{"@type":"ImageObject","inLanguage":"es","@id":"https:\/\/lospoliticosveracruz.com\/#\/schema\/logo\/image\/","url":"https:\/\/lospoliticosveracruz.com\/wp-content\/uploads\/2025\/12\/Logo-Nuevo-LOS-POLITICOS-1.jpg","contentUrl":"https:\/\/lospoliticosveracruz.com\/wp-content\/uploads\/2025\/12\/Logo-Nuevo-LOS-POLITICOS-1.jpg","width":260,"height":70,"caption":"Los pol\u00edticos Veracruz"},"image":{"@id":"https:\/\/lospoliticosveracruz.com\/#\/schema\/logo\/image\/"},"sameAs":["https:\/\/www.facebook.com\/people\/Notimemes-de-los-Polticos\/61565672886568\/","https:\/\/x.com\/LosPoliticosVer"]},{"@type":"Person","@id":"https:\/\/lospoliticosveracruz.com\/#\/schema\/person\/b8702bb0e538456e6efd07080bf2a4a2","name":"Lo viste en Los Pol\u00edticos","image":{"@type":"ImageObject","inLanguage":"es","@id":"https:\/\/secure.gravatar.com\/avatar\/3a8de04a2656d44082be478bd6c086daa447c4651605818287b9532d3d0bd435?s=96&d=mm&r=g","url":"https:\/\/secure.gravatar.com\/avatar\/3a8de04a2656d44082be478bd6c086daa447c4651605818287b9532d3d0bd435?s=96&d=mm&r=g","contentUrl":"https:\/\/secure.gravatar.com\/avatar\/3a8de04a2656d44082be478bd6c086daa447c4651605818287b9532d3d0bd435?s=96&d=mm&r=g","caption":"Lo viste en Los Pol\u00edticos"},"url":"https:\/\/lospoliticosveracruz.com\/?author=2"}]}},"_links":{"self":[{"href":"https:\/\/lospoliticosveracruz.com\/index.php?rest_route=\/wp\/v2\/posts\/156826","targetHints":{"allow":["GET"]}}],"collection":[{"href":"https:\/\/lospoliticosveracruz.com\/index.php?rest_route=\/wp\/v2\/posts"}],"about":[{"href":"https:\/\/lospoliticosveracruz.com\/index.php?rest_route=\/wp\/v2\/types\/post"}],"author":[{"embeddable":true,"href":"https:\/\/lospoliticosveracruz.com\/index.php?rest_route=\/wp\/v2\/users\/2"}],"replies":[{"embeddable":true,"href":"https:\/\/lospoliticosveracruz.com\/index.php?rest_route=%2Fwp%2Fv2%2Fcomments&post=156826"}],"version-history":[{"count":1,"href":"https:\/\/lospoliticosveracruz.com\/index.php?rest_route=\/wp\/v2\/posts\/156826\/revisions"}],"predecessor-version":[{"id":156827,"href":"https:\/\/lospoliticosveracruz.com\/index.php?rest_route=\/wp\/v2\/posts\/156826\/revisions\/156827"}],"wp:featuredmedia":[{"embeddable":true,"href":"https:\/\/lospoliticosveracruz.com\/index.php?rest_route=\/wp\/v2\/media\/141377"}],"wp:attachment":[{"href":"https:\/\/lospoliticosveracruz.com\/index.php?rest_route=%2Fwp%2Fv2%2Fmedia&parent=156826"}],"wp:term":[{"taxonomy":"category","embeddable":true,"href":"https:\/\/lospoliticosveracruz.com\/index.php?rest_route=%2Fwp%2Fv2%2Fcategories&post=156826"},{"taxonomy":"post_tag","embeddable":true,"href":"https:\/\/lospoliticosveracruz.com\/index.php?rest_route=%2Fwp%2Fv2%2Ftags&post=156826"}],"curies":[{"name":"wp","href":"https:\/\/api.w.org\/{rel}","templated":true}]}}