{"id":15684,"date":"2015-04-09T23:45:32","date_gmt":"2015-04-10T04:45:32","guid":{"rendered":"http:\/\/www.lospoliticosveracruz.com.mx\/?p=15684"},"modified":"2015-04-10T13:12:59","modified_gmt":"2015-04-10T18:12:59","slug":"diez-por-el-10-y-la-moncayo-de-cmas","status":"publish","type":"post","link":"https:\/\/lospoliticosveracruz.com\/?p=15684","title":{"rendered":"Diez por el 10 y la Moncayo de CMAS"},"content":{"rendered":"<p><a href=\"http:\/\/www.lospoliticosveracruz.com.mx\/wp-content\/uploads\/2015\/04\/Elizabeth-Magno-Lalo.jpg\"><img loading=\"lazy\" decoding=\"async\" class=\"alignnone size-medium wp-image-15685\" src=\"http:\/\/www.lospoliticosveracruz.com.mx\/wp-content\/uploads\/2015\/04\/Elizabeth-Magno-Lalo-300x170.jpg\" alt=\"Elizabeth-Magno-Lalo\" width=\"300\" height=\"170\" \/><\/a><br \/>\n<strong>Salvador Mu\u00f1oz<\/strong><\/p>\n<p><em>Los Pol\u00edticos<\/em><\/p>\n<p>&nbsp;<\/p>\n<p>En su distrito, \u00bfsabe cu\u00e1ntos candidatos van a competir por una curul? Cuando empec\u00e9 a hacer cuentas, nada m\u00e1s record\u00e9 a tres grandes amigos: Elizabeth Morales, Magno Garcimarrero y Eduardo de la Torre Jaramillo. \u00a1Ah! claro, tambi\u00e9n a Ulises Chama y eso porque mi suegra dice que es sobrino de una se\u00f1ora que es amiga de una amiga suya. Pero al hacer un recuento, me empezaron a salir m\u00e1s candidatos que en suma estamos hablando \u00a1de diez!<br \/>\nDe estos diez candidatos, s\u00f3lo he visto en campa\u00f1a a Elizabeth, Magno y Chama. Del resto, \u00a1ni sus luces!<br \/>\nPor supuesto, la campa\u00f1a est\u00e1 en pa\u00f1ales pero un d\u00eda vale oro molido, dijera mi tocayo Manzur.<br \/>\nII<br \/>\nPero para que no se quede \u201cen pascuas\u201d, le voy a decir el resto de los contendientes:<br \/>\nEst\u00e1 Luis Alonso Polo Villalobos por parte del partido Humanista, quien adem\u00e1s es secretario general del Sindicato Magisterial de Veracruz\u2026<br \/>\nOtro gran amigo compite por la v\u00eda de la candidatura independiente: Rafael el Chino P\u00e9rez S\u00e1nchez.<br \/>\nLa maestra Rosario Quirasco, por el Movimiento Ciudadano y a la vez, dirigente estatal del partido de Dante Delgado Rannauro.<br \/>\nCuitl\u00e1huac Garc\u00eda, por Morena. S\u00ed, conozco a su padre, Atanasio Garc\u00eda Dur\u00e1n, a quien veo muy seguido por Jardines de Xalapa\u2026 ha de visitar a su nieto.<br \/>\nNelly Reyes L\u00f3pez, por Nueva Alianza, y regidora con licencia. Adem\u00e1s de Orfilio Garc\u00eda Ortiz,de Encuentro Social y dirigente de la Organizaci\u00f3n Progreso-Veracruz\u2026<br \/>\nIII<br \/>\nAdem\u00e1s de los cuatro amigos que compiten por una curul, conozco algunos detalles del resto de los participantes que son curiosos. Cheque si no:<br \/>\n* De los diez candidatos, tres son mujeres: Elizabeth Morales (PRI), Nelly Reyes L\u00f3pez (Nueva Alianza) y Rosario Quirasco (MC)<br \/>\n* De los diez contendientes, a tres les viene de familia la pol\u00edtica: Cuitl\u00e1huac Garc\u00eda, Elizabeth Morales y Rosario Quirasco, hijos de Atanasio Garc\u00eda Dur\u00e1n (PRD), Eligio Morales (PRI) y Rosario Pi\u00f1a (PRI).<br \/>\n* Los dos candidatos independientes han pertenecido a otros partidos pol\u00edticos\u2026 De la Torre Jaramillo: PAN, Partido Alternativa Social-Dem\u00f3crata y Campesina, Partido de Centro Democr\u00e1tico, Partido M\u00e9xico Posible. Por su lado, Rafael P\u00e9rez S\u00e1nchez era priista.<br \/>\n* Orfilio Garc\u00eda Ortiz particip\u00f3 en Nueva Alianza como aspirante a una regidur\u00eda en la contienda pasada para la presidencia municipal de Xalapa. Aunque lo recuerdo m\u00e1s cuando desquicia el tr\u00e1fico con alguna manifestaci\u00f3n.<br \/>\n* Con 75 a\u00f1os, Magno Garcimarrero Ochoa es el candidato m\u00e1s longevo&#8230;<br \/>\n* S\u00f3lo dos, de los diez contendientes, han sido diputados federales: Eduardo de la Torre y Elizabeth Morales.<br \/>\n* Magno Garcimarrero ha sido Senador suplente y diputado local.<br \/>\nIV<br \/>\nY le hago la apuesta: Sin regresar l\u00edneas, \u00bfrecuerda a los diez candidatos a diputado federal por el distrito X, Xalapa Urbano?<br \/>\nBueno, pues si ya est\u00e1 cabr\u00f3n recordarlos, m\u00e1s canijo ser\u00e1 conocer sus propuestas, porque al menos, buscando en la internet, no encontr\u00e9 ni la de Orfilio, Cuitl\u00e1huac ni la de Nelly.<br \/>\nLa m\u00e1s curiosa es la de Rosario Quirasco: Implementaci\u00f3n de escuelas de tiempo completo con programas integrales donde desarrollen actividad f\u00edsica de calidad disminuyendo a su vez los \u00edndices de obesidad infantil. Luego les cuento porqu\u00e9.<br \/>\nLa m\u00e1s extensa es la de El Chino P\u00e9rez. Las m\u00e1s concretas: Elizabeth y Magno.<br \/>\nEsto apenas empieza y nos da tiempo de que en 60 d\u00edas y menos, conozcamos a los 10 que quieren el distrito X.<\/p>\n<p>&nbsp;<\/p>\n<p><strong>Denuncian malos tratos en RH de CMAS<\/strong><\/p>\n<p>Una carta que lleg\u00f3 a mi bandeja electr\u00f3nica. La edito por cuesti\u00f3n de espacio y en aras de ser concretos:<\/p>\n<p>\u201cSomos trabajadores de CMAS y con la llegada de la nueva gerente de Recursos humanos, Diana Rosal\u00eda Moncayo Villanueva, se da una serie de problemas como malos tratos, despidos injustificados y sin derecho a liquidaci\u00f3n o una liquidaci\u00f3n de burla. Si nos atrevemos a pedir una explicaci\u00f3n de nuestro descuento injustificado, nos tiene m\u00e1s de una hora esperando mientras se encuentra encerrada en su oficina platicando con su secretaria; cuando nos atiende, lo hace de mala gana y no resuelve nada. Esto lo hace con nosotros, que nos considera muy inferiores a ella. Se escuda diciendo que son instrucciones de Presidencia.<\/p>\n<p>\u201cQueremos que el Alcalde se entere de los atropellos que se cometen. Diana en vez de actuar con humildad y tratar de involucrarse en su trabajo, s\u00f3lo lleg\u00f3 a decir que iba a poner orden.<\/p>\n<p>\u201cSabemos que el Alcalde tiene compromisos de campa\u00f1a, pero al menos que ponga gente preparada y sobre todo capaz para desempe\u00f1ar dicho puesto\u00bb.<\/p>\n","protected":false},"excerpt":{"rendered":"<p>Salvador Mu\u00f1oz Los Pol\u00edticos &nbsp; En su distrito, \u00bfsabe cu\u00e1ntos candidatos van a competir por una curul? Cuando empec\u00e9 a hacer cuentas, nada m\u00e1s record\u00e9 a tres grandes amigos: Elizabeth Morales, Magno Garcimarrero y Eduardo de la Torre Jaramillo. \u00a1Ah! claro, tambi\u00e9n a Ulises Chama y eso porque mi suegra dice que es sobrino de [&hellip;]<\/p>\n","protected":false},"author":2,"featured_media":0,"comment_status":"open","ping_status":"open","sticky":false,"template":"","format":"standard","meta":{"tdm_status":"","tdm_grid_status":"","footnotes":""},"categories":[70],"tags":[2381,133,2383,680,2382],"class_list":{"0":"post-15684","1":"post","2":"type-post","3":"status-publish","4":"format-standard","6":"category-de-opinion","7":"tag-eduardo-de-la-torre-jaramillo","8":"tag-elizabeth-morales","9":"tag-luis-alonso-polo-villalobos","10":"tag-magno-garcimarrero","11":"tag-ulises-chama"},"yoast_head":"<!-- This site is optimized with the Yoast SEO plugin v27.4 - https:\/\/yoast.com\/product\/yoast-seo-wordpress\/ -->\n<title>Diez por el 10 y la Moncayo de CMAS - Los pol\u00edticos Veracruz<\/title>\n<meta name=\"robots\" content=\"index, follow, max-snippet:-1, max-image-preview:large, max-video-preview:-1\" \/>\n<link rel=\"canonical\" href=\"https:\/\/lospoliticosveracruz.com\/?p=15684\" \/>\n<meta property=\"og:locale\" content=\"es_ES\" \/>\n<meta property=\"og:type\" content=\"article\" \/>\n<meta property=\"og:title\" content=\"Diez por el 10 y la Moncayo de CMAS - Los pol\u00edticos Veracruz\" \/>\n<meta property=\"og:description\" content=\"Salvador Mu\u00f1oz Los Pol\u00edticos &nbsp; En su distrito, \u00bfsabe cu\u00e1ntos candidatos van a competir por una curul? Cuando empec\u00e9 a hacer cuentas, nada m\u00e1s record\u00e9 a tres grandes amigos: Elizabeth Morales, Magno Garcimarrero y Eduardo de la Torre Jaramillo. \u00a1Ah! claro, tambi\u00e9n a Ulises Chama y eso porque mi suegra dice que es sobrino de [&hellip;]\" \/>\n<meta property=\"og:url\" content=\"https:\/\/lospoliticosveracruz.com\/?p=15684\" \/>\n<meta property=\"og:site_name\" content=\"Los pol\u00edticos Veracruz\" \/>\n<meta property=\"article:publisher\" content=\"https:\/\/www.facebook.com\/people\/Notimemes-de-los-Polticos\/61565672886568\/\" \/>\n<meta property=\"article:published_time\" content=\"2015-04-10T04:45:32+00:00\" \/>\n<meta property=\"article:modified_time\" content=\"2015-04-10T18:12:59+00:00\" \/>\n<meta property=\"og:image\" content=\"http:\/\/www.lospoliticosveracruz.com.mx\/wp-content\/uploads\/2015\/04\/Elizabeth-Magno-Lalo-300x170.jpg\" \/>\n<meta name=\"author\" content=\"Lo viste en Los Pol\u00edticos\" \/>\n<meta name=\"twitter:card\" content=\"summary_large_image\" \/>\n<meta name=\"twitter:creator\" content=\"@LosPoliticosVer\" \/>\n<meta name=\"twitter:site\" content=\"@LosPoliticosVer\" \/>\n<meta name=\"twitter:label1\" content=\"Escrito por\" \/>\n\t<meta name=\"twitter:data1\" content=\"Lo viste en Los Pol\u00edticos\" \/>\n\t<meta name=\"twitter:label2\" content=\"Tiempo de lectura\" \/>\n\t<meta name=\"twitter:data2\" content=\"4 minutos\" \/>\n<script type=\"application\/ld+json\" class=\"yoast-schema-graph\">{\"@context\":\"https:\\\/\\\/schema.org\",\"@graph\":[{\"@type\":\"Article\",\"@id\":\"https:\\\/\\\/lospoliticosveracruz.com\\\/?p=15684#article\",\"isPartOf\":{\"@id\":\"https:\\\/\\\/lospoliticosveracruz.com\\\/?p=15684\"},\"author\":{\"name\":\"Lo viste en Los Pol\u00edticos\",\"@id\":\"https:\\\/\\\/lospoliticosveracruz.com\\\/#\\\/schema\\\/person\\\/b8702bb0e538456e6efd07080bf2a4a2\"},\"headline\":\"Diez por el 10 y la Moncayo de CMAS\",\"datePublished\":\"2015-04-10T04:45:32+00:00\",\"dateModified\":\"2015-04-10T18:12:59+00:00\",\"mainEntityOfPage\":{\"@id\":\"https:\\\/\\\/lospoliticosveracruz.com\\\/?p=15684\"},\"wordCount\":811,\"commentCount\":0,\"publisher\":{\"@id\":\"https:\\\/\\\/lospoliticosveracruz.com\\\/#organization\"},\"image\":{\"@id\":\"https:\\\/\\\/lospoliticosveracruz.com\\\/?p=15684#primaryimage\"},\"thumbnailUrl\":\"http:\\\/\\\/www.lospoliticosveracruz.com.mx\\\/wp-content\\\/uploads\\\/2015\\\/04\\\/Elizabeth-Magno-Lalo-300x170.jpg\",\"keywords\":[\"Eduardo de la Torre Jaramillo\",\"Elizabeth Morales\",\"Luis Alonso Polo Villalobos\",\"Magno Garcimarrero\",\"Ulises Chama\"],\"articleSection\":[\"De Opini\u00f3n\"],\"inLanguage\":\"es\",\"potentialAction\":[{\"@type\":\"CommentAction\",\"name\":\"Comment\",\"target\":[\"https:\\\/\\\/lospoliticosveracruz.com\\\/?p=15684#respond\"]}]},{\"@type\":\"WebPage\",\"@id\":\"https:\\\/\\\/lospoliticosveracruz.com\\\/?p=15684\",\"url\":\"https:\\\/\\\/lospoliticosveracruz.com\\\/?p=15684\",\"name\":\"Diez por el 10 y la Moncayo de CMAS - Los pol\u00edticos Veracruz\",\"isPartOf\":{\"@id\":\"https:\\\/\\\/lospoliticosveracruz.com\\\/#website\"},\"primaryImageOfPage\":{\"@id\":\"https:\\\/\\\/lospoliticosveracruz.com\\\/?p=15684#primaryimage\"},\"image\":{\"@id\":\"https:\\\/\\\/lospoliticosveracruz.com\\\/?p=15684#primaryimage\"},\"thumbnailUrl\":\"http:\\\/\\\/www.lospoliticosveracruz.com.mx\\\/wp-content\\\/uploads\\\/2015\\\/04\\\/Elizabeth-Magno-Lalo-300x170.jpg\",\"datePublished\":\"2015-04-10T04:45:32+00:00\",\"dateModified\":\"2015-04-10T18:12:59+00:00\",\"breadcrumb\":{\"@id\":\"https:\\\/\\\/lospoliticosveracruz.com\\\/?p=15684#breadcrumb\"},\"inLanguage\":\"es\",\"potentialAction\":[{\"@type\":\"ReadAction\",\"target\":[\"https:\\\/\\\/lospoliticosveracruz.com\\\/?p=15684\"]}]},{\"@type\":\"ImageObject\",\"inLanguage\":\"es\",\"@id\":\"https:\\\/\\\/lospoliticosveracruz.com\\\/?p=15684#primaryimage\",\"url\":\"http:\\\/\\\/www.lospoliticosveracruz.com.mx\\\/wp-content\\\/uploads\\\/2015\\\/04\\\/Elizabeth-Magno-Lalo-300x170.jpg\",\"contentUrl\":\"http:\\\/\\\/www.lospoliticosveracruz.com.mx\\\/wp-content\\\/uploads\\\/2015\\\/04\\\/Elizabeth-Magno-Lalo-300x170.jpg\"},{\"@type\":\"BreadcrumbList\",\"@id\":\"https:\\\/\\\/lospoliticosveracruz.com\\\/?p=15684#breadcrumb\",\"itemListElement\":[{\"@type\":\"ListItem\",\"position\":1,\"name\":\"Portada\",\"item\":\"https:\\\/\\\/lospoliticosveracruz.com\\\/\"},{\"@type\":\"ListItem\",\"position\":2,\"name\":\"Diez por el 10 y la Moncayo de CMAS\"}]},{\"@type\":\"WebSite\",\"@id\":\"https:\\\/\\\/lospoliticosveracruz.com\\\/#website\",\"url\":\"https:\\\/\\\/lospoliticosveracruz.com\\\/\",\"name\":\"Los pol\u00edticos Veracruz\",\"description\":\"\",\"publisher\":{\"@id\":\"https:\\\/\\\/lospoliticosveracruz.com\\\/#organization\"},\"potentialAction\":[{\"@type\":\"SearchAction\",\"target\":{\"@type\":\"EntryPoint\",\"urlTemplate\":\"https:\\\/\\\/lospoliticosveracruz.com\\\/?s={search_term_string}\"},\"query-input\":{\"@type\":\"PropertyValueSpecification\",\"valueRequired\":true,\"valueName\":\"search_term_string\"}}],\"inLanguage\":\"es\"},{\"@type\":\"Organization\",\"@id\":\"https:\\\/\\\/lospoliticosveracruz.com\\\/#organization\",\"name\":\"Los pol\u00edticos Veracruz\",\"url\":\"https:\\\/\\\/lospoliticosveracruz.com\\\/\",\"logo\":{\"@type\":\"ImageObject\",\"inLanguage\":\"es\",\"@id\":\"https:\\\/\\\/lospoliticosveracruz.com\\\/#\\\/schema\\\/logo\\\/image\\\/\",\"url\":\"https:\\\/\\\/lospoliticosveracruz.com\\\/wp-content\\\/uploads\\\/2025\\\/12\\\/Logo-Nuevo-LOS-POLITICOS-1.jpg\",\"contentUrl\":\"https:\\\/\\\/lospoliticosveracruz.com\\\/wp-content\\\/uploads\\\/2025\\\/12\\\/Logo-Nuevo-LOS-POLITICOS-1.jpg\",\"width\":260,\"height\":70,\"caption\":\"Los pol\u00edticos Veracruz\"},\"image\":{\"@id\":\"https:\\\/\\\/lospoliticosveracruz.com\\\/#\\\/schema\\\/logo\\\/image\\\/\"},\"sameAs\":[\"https:\\\/\\\/www.facebook.com\\\/people\\\/Notimemes-de-los-Polticos\\\/61565672886568\\\/\",\"https:\\\/\\\/x.com\\\/LosPoliticosVer\"]},{\"@type\":\"Person\",\"@id\":\"https:\\\/\\\/lospoliticosveracruz.com\\\/#\\\/schema\\\/person\\\/b8702bb0e538456e6efd07080bf2a4a2\",\"name\":\"Lo viste en Los Pol\u00edticos\",\"image\":{\"@type\":\"ImageObject\",\"inLanguage\":\"es\",\"@id\":\"https:\\\/\\\/secure.gravatar.com\\\/avatar\\\/3a8de04a2656d44082be478bd6c086daa447c4651605818287b9532d3d0bd435?s=96&d=mm&r=g\",\"url\":\"https:\\\/\\\/secure.gravatar.com\\\/avatar\\\/3a8de04a2656d44082be478bd6c086daa447c4651605818287b9532d3d0bd435?s=96&d=mm&r=g\",\"contentUrl\":\"https:\\\/\\\/secure.gravatar.com\\\/avatar\\\/3a8de04a2656d44082be478bd6c086daa447c4651605818287b9532d3d0bd435?s=96&d=mm&r=g\",\"caption\":\"Lo viste en Los Pol\u00edticos\"},\"url\":\"https:\\\/\\\/lospoliticosveracruz.com\\\/?author=2\"}]}<\/script>\n<!-- \/ Yoast SEO plugin. -->","yoast_head_json":{"title":"Diez por el 10 y la Moncayo de CMAS - Los pol\u00edticos Veracruz","robots":{"index":"index","follow":"follow","max-snippet":"max-snippet:-1","max-image-preview":"max-image-preview:large","max-video-preview":"max-video-preview:-1"},"canonical":"https:\/\/lospoliticosveracruz.com\/?p=15684","og_locale":"es_ES","og_type":"article","og_title":"Diez por el 10 y la Moncayo de CMAS - Los pol\u00edticos Veracruz","og_description":"Salvador Mu\u00f1oz Los Pol\u00edticos &nbsp; En su distrito, \u00bfsabe cu\u00e1ntos candidatos van a competir por una curul? Cuando empec\u00e9 a hacer cuentas, nada m\u00e1s record\u00e9 a tres grandes amigos: Elizabeth Morales, Magno Garcimarrero y Eduardo de la Torre Jaramillo. \u00a1Ah! claro, tambi\u00e9n a Ulises Chama y eso porque mi suegra dice que es sobrino de [&hellip;]","og_url":"https:\/\/lospoliticosveracruz.com\/?p=15684","og_site_name":"Los pol\u00edticos Veracruz","article_publisher":"https:\/\/www.facebook.com\/people\/Notimemes-de-los-Polticos\/61565672886568\/","article_published_time":"2015-04-10T04:45:32+00:00","article_modified_time":"2015-04-10T18:12:59+00:00","og_image":[{"url":"http:\/\/www.lospoliticosveracruz.com.mx\/wp-content\/uploads\/2015\/04\/Elizabeth-Magno-Lalo-300x170.jpg","type":"","width":"","height":""}],"author":"Lo viste en Los Pol\u00edticos","twitter_card":"summary_large_image","twitter_creator":"@LosPoliticosVer","twitter_site":"@LosPoliticosVer","twitter_misc":{"Escrito por":"Lo viste en Los Pol\u00edticos","Tiempo de lectura":"4 minutos"},"schema":{"@context":"https:\/\/schema.org","@graph":[{"@type":"Article","@id":"https:\/\/lospoliticosveracruz.com\/?p=15684#article","isPartOf":{"@id":"https:\/\/lospoliticosveracruz.com\/?p=15684"},"author":{"name":"Lo viste en Los Pol\u00edticos","@id":"https:\/\/lospoliticosveracruz.com\/#\/schema\/person\/b8702bb0e538456e6efd07080bf2a4a2"},"headline":"Diez por el 10 y la Moncayo de CMAS","datePublished":"2015-04-10T04:45:32+00:00","dateModified":"2015-04-10T18:12:59+00:00","mainEntityOfPage":{"@id":"https:\/\/lospoliticosveracruz.com\/?p=15684"},"wordCount":811,"commentCount":0,"publisher":{"@id":"https:\/\/lospoliticosveracruz.com\/#organization"},"image":{"@id":"https:\/\/lospoliticosveracruz.com\/?p=15684#primaryimage"},"thumbnailUrl":"http:\/\/www.lospoliticosveracruz.com.mx\/wp-content\/uploads\/2015\/04\/Elizabeth-Magno-Lalo-300x170.jpg","keywords":["Eduardo de la Torre Jaramillo","Elizabeth Morales","Luis Alonso Polo Villalobos","Magno Garcimarrero","Ulises Chama"],"articleSection":["De Opini\u00f3n"],"inLanguage":"es","potentialAction":[{"@type":"CommentAction","name":"Comment","target":["https:\/\/lospoliticosveracruz.com\/?p=15684#respond"]}]},{"@type":"WebPage","@id":"https:\/\/lospoliticosveracruz.com\/?p=15684","url":"https:\/\/lospoliticosveracruz.com\/?p=15684","name":"Diez por el 10 y la Moncayo de CMAS - Los pol\u00edticos Veracruz","isPartOf":{"@id":"https:\/\/lospoliticosveracruz.com\/#website"},"primaryImageOfPage":{"@id":"https:\/\/lospoliticosveracruz.com\/?p=15684#primaryimage"},"image":{"@id":"https:\/\/lospoliticosveracruz.com\/?p=15684#primaryimage"},"thumbnailUrl":"http:\/\/www.lospoliticosveracruz.com.mx\/wp-content\/uploads\/2015\/04\/Elizabeth-Magno-Lalo-300x170.jpg","datePublished":"2015-04-10T04:45:32+00:00","dateModified":"2015-04-10T18:12:59+00:00","breadcrumb":{"@id":"https:\/\/lospoliticosveracruz.com\/?p=15684#breadcrumb"},"inLanguage":"es","potentialAction":[{"@type":"ReadAction","target":["https:\/\/lospoliticosveracruz.com\/?p=15684"]}]},{"@type":"ImageObject","inLanguage":"es","@id":"https:\/\/lospoliticosveracruz.com\/?p=15684#primaryimage","url":"http:\/\/www.lospoliticosveracruz.com.mx\/wp-content\/uploads\/2015\/04\/Elizabeth-Magno-Lalo-300x170.jpg","contentUrl":"http:\/\/www.lospoliticosveracruz.com.mx\/wp-content\/uploads\/2015\/04\/Elizabeth-Magno-Lalo-300x170.jpg"},{"@type":"BreadcrumbList","@id":"https:\/\/lospoliticosveracruz.com\/?p=15684#breadcrumb","itemListElement":[{"@type":"ListItem","position":1,"name":"Portada","item":"https:\/\/lospoliticosveracruz.com\/"},{"@type":"ListItem","position":2,"name":"Diez por el 10 y la Moncayo de CMAS"}]},{"@type":"WebSite","@id":"https:\/\/lospoliticosveracruz.com\/#website","url":"https:\/\/lospoliticosveracruz.com\/","name":"Los pol\u00edticos Veracruz","description":"","publisher":{"@id":"https:\/\/lospoliticosveracruz.com\/#organization"},"potentialAction":[{"@type":"SearchAction","target":{"@type":"EntryPoint","urlTemplate":"https:\/\/lospoliticosveracruz.com\/?s={search_term_string}"},"query-input":{"@type":"PropertyValueSpecification","valueRequired":true,"valueName":"search_term_string"}}],"inLanguage":"es"},{"@type":"Organization","@id":"https:\/\/lospoliticosveracruz.com\/#organization","name":"Los pol\u00edticos Veracruz","url":"https:\/\/lospoliticosveracruz.com\/","logo":{"@type":"ImageObject","inLanguage":"es","@id":"https:\/\/lospoliticosveracruz.com\/#\/schema\/logo\/image\/","url":"https:\/\/lospoliticosveracruz.com\/wp-content\/uploads\/2025\/12\/Logo-Nuevo-LOS-POLITICOS-1.jpg","contentUrl":"https:\/\/lospoliticosveracruz.com\/wp-content\/uploads\/2025\/12\/Logo-Nuevo-LOS-POLITICOS-1.jpg","width":260,"height":70,"caption":"Los pol\u00edticos Veracruz"},"image":{"@id":"https:\/\/lospoliticosveracruz.com\/#\/schema\/logo\/image\/"},"sameAs":["https:\/\/www.facebook.com\/people\/Notimemes-de-los-Polticos\/61565672886568\/","https:\/\/x.com\/LosPoliticosVer"]},{"@type":"Person","@id":"https:\/\/lospoliticosveracruz.com\/#\/schema\/person\/b8702bb0e538456e6efd07080bf2a4a2","name":"Lo viste en Los Pol\u00edticos","image":{"@type":"ImageObject","inLanguage":"es","@id":"https:\/\/secure.gravatar.com\/avatar\/3a8de04a2656d44082be478bd6c086daa447c4651605818287b9532d3d0bd435?s=96&d=mm&r=g","url":"https:\/\/secure.gravatar.com\/avatar\/3a8de04a2656d44082be478bd6c086daa447c4651605818287b9532d3d0bd435?s=96&d=mm&r=g","contentUrl":"https:\/\/secure.gravatar.com\/avatar\/3a8de04a2656d44082be478bd6c086daa447c4651605818287b9532d3d0bd435?s=96&d=mm&r=g","caption":"Lo viste en Los Pol\u00edticos"},"url":"https:\/\/lospoliticosveracruz.com\/?author=2"}]}},"_links":{"self":[{"href":"https:\/\/lospoliticosveracruz.com\/index.php?rest_route=\/wp\/v2\/posts\/15684","targetHints":{"allow":["GET"]}}],"collection":[{"href":"https:\/\/lospoliticosveracruz.com\/index.php?rest_route=\/wp\/v2\/posts"}],"about":[{"href":"https:\/\/lospoliticosveracruz.com\/index.php?rest_route=\/wp\/v2\/types\/post"}],"author":[{"embeddable":true,"href":"https:\/\/lospoliticosveracruz.com\/index.php?rest_route=\/wp\/v2\/users\/2"}],"replies":[{"embeddable":true,"href":"https:\/\/lospoliticosveracruz.com\/index.php?rest_route=%2Fwp%2Fv2%2Fcomments&post=15684"}],"version-history":[{"count":3,"href":"https:\/\/lospoliticosveracruz.com\/index.php?rest_route=\/wp\/v2\/posts\/15684\/revisions"}],"predecessor-version":[{"id":15695,"href":"https:\/\/lospoliticosveracruz.com\/index.php?rest_route=\/wp\/v2\/posts\/15684\/revisions\/15695"}],"wp:attachment":[{"href":"https:\/\/lospoliticosveracruz.com\/index.php?rest_route=%2Fwp%2Fv2%2Fmedia&parent=15684"}],"wp:term":[{"taxonomy":"category","embeddable":true,"href":"https:\/\/lospoliticosveracruz.com\/index.php?rest_route=%2Fwp%2Fv2%2Fcategories&post=15684"},{"taxonomy":"post_tag","embeddable":true,"href":"https:\/\/lospoliticosveracruz.com\/index.php?rest_route=%2Fwp%2Fv2%2Ftags&post=15684"}],"curies":[{"name":"wp","href":"https:\/\/api.w.org\/{rel}","templated":true}]}}