{"id":156844,"date":"2025-11-20T06:20:07","date_gmt":"2025-11-20T12:20:07","guid":{"rendered":"https:\/\/lospoliticosveracruz.com.mx\/?p=156844"},"modified":"2025-11-20T06:20:30","modified_gmt":"2025-11-20T12:20:30","slug":"sedecop-el-escepticismo","status":"publish","type":"post","link":"https:\/\/lospoliticosveracruz.com\/?p=156844","title":{"rendered":"SEDECOP, EL ESCEPTICISMO"},"content":{"rendered":"\n<p><br><strong>Fanny Y\u00e9pez<\/strong><br><em>La Columna<\/em><\/p>\n\n\n\n<p>Decir 4 mil 300 millones de d\u00f3lares en inversiones es muy f\u00e1cil, lo dif\u00edcil o casi imposible de realizar, es respaldar con documentos irrebatibles cada d\u00f3lar de inversi\u00f3n supuestamente aplicada en el a\u00f1o en curso en el estado de Veracruz, el Secretario de Desarrollo Econ\u00f3mico y Portuario (SEDECOP), Ernesto P\u00e9rez Astorga, fue quien presumi\u00f3 la ostentosa inversi\u00f3n, en su comparec\u00eda de este martes, donde no present\u00f3 la documentaci\u00f3n que respalde lo dicho.<\/p>\n\n\n\n\n\n<p>Lo interesante del asunto es que P\u00e9rez Astorga no present\u00f3 un solo contrato, convenio, calendario de obra o informe t\u00e9cnico que sustente esa cifra y por ello, se crearon una serie de comentarios y suspicacias sobre la veracidad de las cifras que presento el titular de la SEDECOP.<\/p>\n\n\n\n<p>\u00bfQu\u00e9 dijo?<br>Se enred\u00f3 con sus propias palabras, nadie entend\u00eda lo que dec\u00eda, cantinfleo. El t\u00e9rmino \u00abcantinflero\u00bb se refiere a una persona que habla o act\u00faa de una manera enredada, disparatada e incongruente, sin decir nada con sustancia o fundamento. Proviene del famoso actor c\u00f3mico mexicano Mario Moreno, conocido como Cantinflas, cuyo personaje se caracterizaba por su particular estilo de hablar mucho, de forma rebuscada, pero sin concretar ninguna idea.<\/p>\n\n\n\n<p>Muchos hemos lamentado que la superioridad se ponga de mal humor por algunas situaciones que se le han presentado, pero despu\u00e9s de ver el terrible espect\u00e1culo que ofreci\u00f3 el ex senador, le concedo de antemano toda la raz\u00f3n, porque este se\u00f1or solo fue a hacer el rid\u00edculo y eso exhibi\u00f3 en s\u00ed a la administraci\u00f3n estatal, porque parece que lo sentaron en un lugar completamente desconocido para \u00e9l, porque no pod\u00eda hilar frases congruentes y, evidentemente, desesperaba a su asesor que lo tarjeteaba pero no obstante esos \u201cacordeones\u201d, no pudo convencer a nadie.<\/p>\n\n\n\n<p>Lo preocupante del tema es que si as\u00ed es como se comporta, cuando participa en las reuniones comerciales, pues estamos perdidos, porque ah\u00ed llegan los verdaderos tiburones, esos que escatiman hasta un peso y agarran ventaja en cualquier situaci\u00f3n. \u00bfQu\u00e9 opina el p\u00fablico? Dir\u00eda Don Francisco.<\/p>\n\n\n\n<p>Pero volviendo al tema de las inversiones. Nunca pudo precisar que las inversiones extranjeras en M\u00e9xico se respaldan mediante un marco legal nacional e internacional, la inscripci\u00f3n en el Registro Nacional de Inversiones Extranjeras (RNIE), la supervisi\u00f3n de entidades como la CNBV y el apoyo de organismos como la Ventanilla \u00danica para Inversionistas (VUI MX). \u00bfAdem\u00e1s, se protegen a trav\u00e9s de acuerdos comerciales como el T-MEC y mecanismos de soluci\u00f3n de controversias para resolver disputas entre inversionistas y el Estado, tendr\u00e1 el titular de la Sedecop esta documentaci\u00f3n?<\/p>\n\n\n\n<p>Insisto, las inversiones extranjeras en M\u00e9xico se respaldan a trav\u00e9s de un marco legal robusto que incluye la Constituci\u00f3n, la Ley de Inversi\u00f3n Extranjera, y una extensa red de tratados y acuerdos internacionales.<\/p>\n\n\n\n<p>Ley de Inversi\u00f3n Extranjera: Esta ley es el pilar de la regulaci\u00f3n, fomentando y estableciendo reglas claras para la inversi\u00f3n extranjera. Otorga seguridad jur\u00eddica a los inversionistas mediante:<\/p>\n\n\n\n<p>No discriminaci\u00f3n: Garantiza un trato igualitario entre el capital extranjero y el nacional (salvo en sectores estrat\u00e9gicos reservados al Estado o con l\u00edmites espec\u00edficos).<\/p>\n\n\n\n<p>Lo que no dijo P\u00e9rez Astorga es que la mayor\u00eda de las inversiones, son solo proyectos que est\u00e1n en su fase preliminar, sin obra f\u00edsica, sin permisos visiblemente avanzados y sin claridad sobre financiamiento. Los \u201cmiles de empleos\u201d que promociona son \u00fanicamente estimaciones proporcionadas por las empresas, no puestos creados ni verificados.<\/p>\n\n\n\n<p>Tampoco aclar\u00f3 si estas inversiones est\u00e1n condicionadas a incentivos fiscales, condonaciones o recursos p\u00fablicos, ni cu\u00e1ntos anuncios de a\u00f1os anteriores quedaron en el olvido. Como en a\u00f1os anteriores, P\u00e9rez Astorga se recarga en el inflado optimista de cifras para simular un dinamismo econ\u00f3mico inexistente.<\/p>\n\n\n\n<p>En una nota publicada por el periodista Luis Sayago, en el medio digital \u201cPalabras Claras\u201d resalta lo anteriormente citado y donde tambi\u00e9n se resalta que el Secretario tampoco aclara si estas inversiones est\u00e1n condicionadas a incentivos fiscales, condonaciones o recursos p\u00fablicos, ni cu\u00e1ntos anuncios de a\u00f1os anteriores quedaron en el olvido. Como en a\u00f1os anteriores.<\/p>\n\n\n\n<p>Ante esta serie de cuestionamientos, es necesario que el titular de la Sedecop aclare estas dudas y precise la raz\u00f3n social y ubicaci\u00f3n de las empresas que, seg\u00fan \u00e9l, realizaron la abultada inversi\u00f3n de miles de millones de d\u00f3lares. Y tambi\u00e9n que explique con detalle cuantos empleos directos e indirectos generaron. Papelitos hablan Secretario P\u00e9rez Astorga.<\/p>\n\n\n\n<p>En esta danza se cifras, el titular de SEDECOP resalt\u00f3 viajes a Alemania, China, Canad\u00e1, Espa\u00f1a y varias ferias internacionales. Pero no revel\u00f3 lo fundamental: cu\u00e1nto costaron, qui\u00e9nes asistieron, cu\u00e1nto se pag\u00f3 en vi\u00e1ticos, ni qu\u00e9 acuerdos concretos \u2014si es que hubo alguno\u2014 derivaron de esos desplazamientos. No presento el costo\/beneficio.<\/p>\n\n\n\n<p>La dependencia repite la palabra \u201cvinculaci\u00f3n\u201d para justificar el gasto, pero no muestra convenios firmados, cartas de intenci\u00f3n ni beneficios tangibles para Veracruz. Giras costosas, resultados nulos.<\/p>\n\n\n\n<p>Vamos a esperar sentados que Ernesto P\u00e9rez Astorga, presente la informaci\u00f3n sobre las empresas que supuestamente invirtieron en la entidad veracruzana.<\/p>\n","protected":false},"excerpt":{"rendered":"<p>Fanny Y\u00e9pezLa Columna Decir 4 mil 300 millones de d\u00f3lares en inversiones es muy f\u00e1cil, lo dif\u00edcil o casi imposible de realizar, es respaldar con documentos irrebatibles cada d\u00f3lar de inversi\u00f3n supuestamente aplicada en el a\u00f1o en curso en el estado de Veracruz, el Secretario de Desarrollo Econ\u00f3mico y Portuario (SEDECOP), Ernesto P\u00e9rez Astorga, fue [&hellip;]<\/p>\n","protected":false},"author":2,"featured_media":141383,"comment_status":"closed","ping_status":"closed","sticky":false,"template":"","format":"standard","meta":{"tdm_status":"","tdm_grid_status":"","footnotes":""},"categories":[70],"tags":[12605,11706,5102,195],"class_list":{"0":"post-156844","1":"post","2":"type-post","3":"status-publish","4":"format-standard","5":"has-post-thumbnail","7":"category-de-opinion","8":"tag-ernesto-perez-astorga","9":"tag-inversiones","10":"tag-sedecop","11":"tag-veracruz"},"yoast_head":"<!-- This site is optimized with the Yoast SEO plugin v27.4 - https:\/\/yoast.com\/product\/yoast-seo-wordpress\/ -->\n<title>SEDECOP, EL ESCEPTICISMO - Los pol\u00edticos Veracruz<\/title>\n<meta name=\"robots\" content=\"index, follow, max-snippet:-1, max-image-preview:large, max-video-preview:-1\" \/>\n<link rel=\"canonical\" href=\"https:\/\/lospoliticosveracruz.com\/?p=156844\" \/>\n<meta property=\"og:locale\" content=\"es_ES\" \/>\n<meta property=\"og:type\" content=\"article\" \/>\n<meta property=\"og:title\" content=\"SEDECOP, EL ESCEPTICISMO - Los pol\u00edticos Veracruz\" \/>\n<meta property=\"og:description\" content=\"Fanny Y\u00e9pezLa Columna Decir 4 mil 300 millones de d\u00f3lares en inversiones es muy f\u00e1cil, lo dif\u00edcil o casi imposible de realizar, es respaldar con documentos irrebatibles cada d\u00f3lar de inversi\u00f3n supuestamente aplicada en el a\u00f1o en curso en el estado de Veracruz, el Secretario de Desarrollo Econ\u00f3mico y Portuario (SEDECOP), Ernesto P\u00e9rez Astorga, fue [&hellip;]\" \/>\n<meta property=\"og:url\" content=\"https:\/\/lospoliticosveracruz.com\/?p=156844\" \/>\n<meta property=\"og:site_name\" content=\"Los pol\u00edticos Veracruz\" \/>\n<meta property=\"article:publisher\" content=\"https:\/\/www.facebook.com\/people\/Notimemes-de-los-Polticos\/61565672886568\/\" \/>\n<meta property=\"article:published_time\" content=\"2025-11-20T12:20:07+00:00\" \/>\n<meta property=\"article:modified_time\" content=\"2025-11-20T12:20:30+00:00\" \/>\n<meta property=\"og:image\" content=\"https:\/\/lospoliticosveracruz.com\/wp-content\/uploads\/2025\/04\/Fanny-Yepez-Luna.jpg\" \/>\n\t<meta property=\"og:image:width\" content=\"1250\" \/>\n\t<meta property=\"og:image:height\" content=\"667\" \/>\n\t<meta property=\"og:image:type\" content=\"image\/jpeg\" \/>\n<meta name=\"author\" content=\"Lo viste en Los Pol\u00edticos\" \/>\n<meta name=\"twitter:card\" content=\"summary_large_image\" \/>\n<meta name=\"twitter:creator\" content=\"@LosPoliticosVer\" \/>\n<meta name=\"twitter:site\" content=\"@LosPoliticosVer\" \/>\n<meta name=\"twitter:label1\" content=\"Escrito por\" \/>\n\t<meta name=\"twitter:data1\" content=\"Lo viste en Los Pol\u00edticos\" \/>\n\t<meta name=\"twitter:label2\" content=\"Tiempo de lectura\" \/>\n\t<meta name=\"twitter:data2\" content=\"4 minutos\" \/>\n<script type=\"application\/ld+json\" class=\"yoast-schema-graph\">{\"@context\":\"https:\\\/\\\/schema.org\",\"@graph\":[{\"@type\":\"Article\",\"@id\":\"https:\\\/\\\/lospoliticosveracruz.com\\\/?p=156844#article\",\"isPartOf\":{\"@id\":\"https:\\\/\\\/lospoliticosveracruz.com\\\/?p=156844\"},\"author\":{\"name\":\"Lo viste en Los Pol\u00edticos\",\"@id\":\"https:\\\/\\\/lospoliticosveracruz.com\\\/#\\\/schema\\\/person\\\/b8702bb0e538456e6efd07080bf2a4a2\"},\"headline\":\"SEDECOP, EL ESCEPTICISMO\",\"datePublished\":\"2025-11-20T12:20:07+00:00\",\"dateModified\":\"2025-11-20T12:20:30+00:00\",\"mainEntityOfPage\":{\"@id\":\"https:\\\/\\\/lospoliticosveracruz.com\\\/?p=156844\"},\"wordCount\":895,\"publisher\":{\"@id\":\"https:\\\/\\\/lospoliticosveracruz.com\\\/#organization\"},\"image\":{\"@id\":\"https:\\\/\\\/lospoliticosveracruz.com\\\/?p=156844#primaryimage\"},\"thumbnailUrl\":\"https:\\\/\\\/lospoliticosveracruz.com\\\/wp-content\\\/uploads\\\/2025\\\/04\\\/Fanny-Yepez-Luna-e1768657334923.jpg\",\"keywords\":[\"Ernesto P\u00e9rez Astorga\",\"inversiones\",\"Sedecop\",\"Veracruz\"],\"articleSection\":[\"De Opini\u00f3n\"],\"inLanguage\":\"es\"},{\"@type\":\"WebPage\",\"@id\":\"https:\\\/\\\/lospoliticosveracruz.com\\\/?p=156844\",\"url\":\"https:\\\/\\\/lospoliticosveracruz.com\\\/?p=156844\",\"name\":\"SEDECOP, EL ESCEPTICISMO - Los pol\u00edticos Veracruz\",\"isPartOf\":{\"@id\":\"https:\\\/\\\/lospoliticosveracruz.com\\\/#website\"},\"primaryImageOfPage\":{\"@id\":\"https:\\\/\\\/lospoliticosveracruz.com\\\/?p=156844#primaryimage\"},\"image\":{\"@id\":\"https:\\\/\\\/lospoliticosveracruz.com\\\/?p=156844#primaryimage\"},\"thumbnailUrl\":\"https:\\\/\\\/lospoliticosveracruz.com\\\/wp-content\\\/uploads\\\/2025\\\/04\\\/Fanny-Yepez-Luna-e1768657334923.jpg\",\"datePublished\":\"2025-11-20T12:20:07+00:00\",\"dateModified\":\"2025-11-20T12:20:30+00:00\",\"breadcrumb\":{\"@id\":\"https:\\\/\\\/lospoliticosveracruz.com\\\/?p=156844#breadcrumb\"},\"inLanguage\":\"es\",\"potentialAction\":[{\"@type\":\"ReadAction\",\"target\":[\"https:\\\/\\\/lospoliticosveracruz.com\\\/?p=156844\"]}]},{\"@type\":\"ImageObject\",\"inLanguage\":\"es\",\"@id\":\"https:\\\/\\\/lospoliticosveracruz.com\\\/?p=156844#primaryimage\",\"url\":\"https:\\\/\\\/lospoliticosveracruz.com\\\/wp-content\\\/uploads\\\/2025\\\/04\\\/Fanny-Yepez-Luna-e1768657334923.jpg\",\"contentUrl\":\"https:\\\/\\\/lospoliticosveracruz.com\\\/wp-content\\\/uploads\\\/2025\\\/04\\\/Fanny-Yepez-Luna-e1768657334923.jpg\",\"width\":600,\"height\":320},{\"@type\":\"BreadcrumbList\",\"@id\":\"https:\\\/\\\/lospoliticosveracruz.com\\\/?p=156844#breadcrumb\",\"itemListElement\":[{\"@type\":\"ListItem\",\"position\":1,\"name\":\"Portada\",\"item\":\"https:\\\/\\\/lospoliticosveracruz.com\\\/\"},{\"@type\":\"ListItem\",\"position\":2,\"name\":\"SEDECOP, EL ESCEPTICISMO\"}]},{\"@type\":\"WebSite\",\"@id\":\"https:\\\/\\\/lospoliticosveracruz.com\\\/#website\",\"url\":\"https:\\\/\\\/lospoliticosveracruz.com\\\/\",\"name\":\"Los pol\u00edticos Veracruz\",\"description\":\"\",\"publisher\":{\"@id\":\"https:\\\/\\\/lospoliticosveracruz.com\\\/#organization\"},\"potentialAction\":[{\"@type\":\"SearchAction\",\"target\":{\"@type\":\"EntryPoint\",\"urlTemplate\":\"https:\\\/\\\/lospoliticosveracruz.com\\\/?s={search_term_string}\"},\"query-input\":{\"@type\":\"PropertyValueSpecification\",\"valueRequired\":true,\"valueName\":\"search_term_string\"}}],\"inLanguage\":\"es\"},{\"@type\":\"Organization\",\"@id\":\"https:\\\/\\\/lospoliticosveracruz.com\\\/#organization\",\"name\":\"Los pol\u00edticos Veracruz\",\"url\":\"https:\\\/\\\/lospoliticosveracruz.com\\\/\",\"logo\":{\"@type\":\"ImageObject\",\"inLanguage\":\"es\",\"@id\":\"https:\\\/\\\/lospoliticosveracruz.com\\\/#\\\/schema\\\/logo\\\/image\\\/\",\"url\":\"https:\\\/\\\/lospoliticosveracruz.com\\\/wp-content\\\/uploads\\\/2025\\\/12\\\/Logo-Nuevo-LOS-POLITICOS-1.jpg\",\"contentUrl\":\"https:\\\/\\\/lospoliticosveracruz.com\\\/wp-content\\\/uploads\\\/2025\\\/12\\\/Logo-Nuevo-LOS-POLITICOS-1.jpg\",\"width\":260,\"height\":70,\"caption\":\"Los pol\u00edticos Veracruz\"},\"image\":{\"@id\":\"https:\\\/\\\/lospoliticosveracruz.com\\\/#\\\/schema\\\/logo\\\/image\\\/\"},\"sameAs\":[\"https:\\\/\\\/www.facebook.com\\\/people\\\/Notimemes-de-los-Polticos\\\/61565672886568\\\/\",\"https:\\\/\\\/x.com\\\/LosPoliticosVer\"]},{\"@type\":\"Person\",\"@id\":\"https:\\\/\\\/lospoliticosveracruz.com\\\/#\\\/schema\\\/person\\\/b8702bb0e538456e6efd07080bf2a4a2\",\"name\":\"Lo viste en Los Pol\u00edticos\",\"image\":{\"@type\":\"ImageObject\",\"inLanguage\":\"es\",\"@id\":\"https:\\\/\\\/secure.gravatar.com\\\/avatar\\\/3a8de04a2656d44082be478bd6c086daa447c4651605818287b9532d3d0bd435?s=96&d=mm&r=g\",\"url\":\"https:\\\/\\\/secure.gravatar.com\\\/avatar\\\/3a8de04a2656d44082be478bd6c086daa447c4651605818287b9532d3d0bd435?s=96&d=mm&r=g\",\"contentUrl\":\"https:\\\/\\\/secure.gravatar.com\\\/avatar\\\/3a8de04a2656d44082be478bd6c086daa447c4651605818287b9532d3d0bd435?s=96&d=mm&r=g\",\"caption\":\"Lo viste en Los Pol\u00edticos\"},\"url\":\"https:\\\/\\\/lospoliticosveracruz.com\\\/?author=2\"}]}<\/script>\n<!-- \/ Yoast SEO plugin. -->","yoast_head_json":{"title":"SEDECOP, EL ESCEPTICISMO - Los pol\u00edticos Veracruz","robots":{"index":"index","follow":"follow","max-snippet":"max-snippet:-1","max-image-preview":"max-image-preview:large","max-video-preview":"max-video-preview:-1"},"canonical":"https:\/\/lospoliticosveracruz.com\/?p=156844","og_locale":"es_ES","og_type":"article","og_title":"SEDECOP, EL ESCEPTICISMO - Los pol\u00edticos Veracruz","og_description":"Fanny Y\u00e9pezLa Columna Decir 4 mil 300 millones de d\u00f3lares en inversiones es muy f\u00e1cil, lo dif\u00edcil o casi imposible de realizar, es respaldar con documentos irrebatibles cada d\u00f3lar de inversi\u00f3n supuestamente aplicada en el a\u00f1o en curso en el estado de Veracruz, el Secretario de Desarrollo Econ\u00f3mico y Portuario (SEDECOP), Ernesto P\u00e9rez Astorga, fue [&hellip;]","og_url":"https:\/\/lospoliticosveracruz.com\/?p=156844","og_site_name":"Los pol\u00edticos Veracruz","article_publisher":"https:\/\/www.facebook.com\/people\/Notimemes-de-los-Polticos\/61565672886568\/","article_published_time":"2025-11-20T12:20:07+00:00","article_modified_time":"2025-11-20T12:20:30+00:00","og_image":[{"width":1250,"height":667,"url":"https:\/\/lospoliticosveracruz.com\/wp-content\/uploads\/2025\/04\/Fanny-Yepez-Luna.jpg","type":"image\/jpeg"}],"author":"Lo viste en Los Pol\u00edticos","twitter_card":"summary_large_image","twitter_creator":"@LosPoliticosVer","twitter_site":"@LosPoliticosVer","twitter_misc":{"Escrito por":"Lo viste en Los Pol\u00edticos","Tiempo de lectura":"4 minutos"},"schema":{"@context":"https:\/\/schema.org","@graph":[{"@type":"Article","@id":"https:\/\/lospoliticosveracruz.com\/?p=156844#article","isPartOf":{"@id":"https:\/\/lospoliticosveracruz.com\/?p=156844"},"author":{"name":"Lo viste en Los Pol\u00edticos","@id":"https:\/\/lospoliticosveracruz.com\/#\/schema\/person\/b8702bb0e538456e6efd07080bf2a4a2"},"headline":"SEDECOP, EL ESCEPTICISMO","datePublished":"2025-11-20T12:20:07+00:00","dateModified":"2025-11-20T12:20:30+00:00","mainEntityOfPage":{"@id":"https:\/\/lospoliticosveracruz.com\/?p=156844"},"wordCount":895,"publisher":{"@id":"https:\/\/lospoliticosveracruz.com\/#organization"},"image":{"@id":"https:\/\/lospoliticosveracruz.com\/?p=156844#primaryimage"},"thumbnailUrl":"https:\/\/lospoliticosveracruz.com\/wp-content\/uploads\/2025\/04\/Fanny-Yepez-Luna-e1768657334923.jpg","keywords":["Ernesto P\u00e9rez Astorga","inversiones","Sedecop","Veracruz"],"articleSection":["De Opini\u00f3n"],"inLanguage":"es"},{"@type":"WebPage","@id":"https:\/\/lospoliticosveracruz.com\/?p=156844","url":"https:\/\/lospoliticosveracruz.com\/?p=156844","name":"SEDECOP, EL ESCEPTICISMO - Los pol\u00edticos Veracruz","isPartOf":{"@id":"https:\/\/lospoliticosveracruz.com\/#website"},"primaryImageOfPage":{"@id":"https:\/\/lospoliticosveracruz.com\/?p=156844#primaryimage"},"image":{"@id":"https:\/\/lospoliticosveracruz.com\/?p=156844#primaryimage"},"thumbnailUrl":"https:\/\/lospoliticosveracruz.com\/wp-content\/uploads\/2025\/04\/Fanny-Yepez-Luna-e1768657334923.jpg","datePublished":"2025-11-20T12:20:07+00:00","dateModified":"2025-11-20T12:20:30+00:00","breadcrumb":{"@id":"https:\/\/lospoliticosveracruz.com\/?p=156844#breadcrumb"},"inLanguage":"es","potentialAction":[{"@type":"ReadAction","target":["https:\/\/lospoliticosveracruz.com\/?p=156844"]}]},{"@type":"ImageObject","inLanguage":"es","@id":"https:\/\/lospoliticosveracruz.com\/?p=156844#primaryimage","url":"https:\/\/lospoliticosveracruz.com\/wp-content\/uploads\/2025\/04\/Fanny-Yepez-Luna-e1768657334923.jpg","contentUrl":"https:\/\/lospoliticosveracruz.com\/wp-content\/uploads\/2025\/04\/Fanny-Yepez-Luna-e1768657334923.jpg","width":600,"height":320},{"@type":"BreadcrumbList","@id":"https:\/\/lospoliticosveracruz.com\/?p=156844#breadcrumb","itemListElement":[{"@type":"ListItem","position":1,"name":"Portada","item":"https:\/\/lospoliticosveracruz.com\/"},{"@type":"ListItem","position":2,"name":"SEDECOP, EL ESCEPTICISMO"}]},{"@type":"WebSite","@id":"https:\/\/lospoliticosveracruz.com\/#website","url":"https:\/\/lospoliticosveracruz.com\/","name":"Los pol\u00edticos Veracruz","description":"","publisher":{"@id":"https:\/\/lospoliticosveracruz.com\/#organization"},"potentialAction":[{"@type":"SearchAction","target":{"@type":"EntryPoint","urlTemplate":"https:\/\/lospoliticosveracruz.com\/?s={search_term_string}"},"query-input":{"@type":"PropertyValueSpecification","valueRequired":true,"valueName":"search_term_string"}}],"inLanguage":"es"},{"@type":"Organization","@id":"https:\/\/lospoliticosveracruz.com\/#organization","name":"Los pol\u00edticos Veracruz","url":"https:\/\/lospoliticosveracruz.com\/","logo":{"@type":"ImageObject","inLanguage":"es","@id":"https:\/\/lospoliticosveracruz.com\/#\/schema\/logo\/image\/","url":"https:\/\/lospoliticosveracruz.com\/wp-content\/uploads\/2025\/12\/Logo-Nuevo-LOS-POLITICOS-1.jpg","contentUrl":"https:\/\/lospoliticosveracruz.com\/wp-content\/uploads\/2025\/12\/Logo-Nuevo-LOS-POLITICOS-1.jpg","width":260,"height":70,"caption":"Los pol\u00edticos Veracruz"},"image":{"@id":"https:\/\/lospoliticosveracruz.com\/#\/schema\/logo\/image\/"},"sameAs":["https:\/\/www.facebook.com\/people\/Notimemes-de-los-Polticos\/61565672886568\/","https:\/\/x.com\/LosPoliticosVer"]},{"@type":"Person","@id":"https:\/\/lospoliticosveracruz.com\/#\/schema\/person\/b8702bb0e538456e6efd07080bf2a4a2","name":"Lo viste en Los Pol\u00edticos","image":{"@type":"ImageObject","inLanguage":"es","@id":"https:\/\/secure.gravatar.com\/avatar\/3a8de04a2656d44082be478bd6c086daa447c4651605818287b9532d3d0bd435?s=96&d=mm&r=g","url":"https:\/\/secure.gravatar.com\/avatar\/3a8de04a2656d44082be478bd6c086daa447c4651605818287b9532d3d0bd435?s=96&d=mm&r=g","contentUrl":"https:\/\/secure.gravatar.com\/avatar\/3a8de04a2656d44082be478bd6c086daa447c4651605818287b9532d3d0bd435?s=96&d=mm&r=g","caption":"Lo viste en Los Pol\u00edticos"},"url":"https:\/\/lospoliticosveracruz.com\/?author=2"}]}},"_links":{"self":[{"href":"https:\/\/lospoliticosveracruz.com\/index.php?rest_route=\/wp\/v2\/posts\/156844","targetHints":{"allow":["GET"]}}],"collection":[{"href":"https:\/\/lospoliticosveracruz.com\/index.php?rest_route=\/wp\/v2\/posts"}],"about":[{"href":"https:\/\/lospoliticosveracruz.com\/index.php?rest_route=\/wp\/v2\/types\/post"}],"author":[{"embeddable":true,"href":"https:\/\/lospoliticosveracruz.com\/index.php?rest_route=\/wp\/v2\/users\/2"}],"replies":[{"embeddable":true,"href":"https:\/\/lospoliticosveracruz.com\/index.php?rest_route=%2Fwp%2Fv2%2Fcomments&post=156844"}],"version-history":[{"count":2,"href":"https:\/\/lospoliticosveracruz.com\/index.php?rest_route=\/wp\/v2\/posts\/156844\/revisions"}],"predecessor-version":[{"id":156846,"href":"https:\/\/lospoliticosveracruz.com\/index.php?rest_route=\/wp\/v2\/posts\/156844\/revisions\/156846"}],"wp:featuredmedia":[{"embeddable":true,"href":"https:\/\/lospoliticosveracruz.com\/index.php?rest_route=\/wp\/v2\/media\/141383"}],"wp:attachment":[{"href":"https:\/\/lospoliticosveracruz.com\/index.php?rest_route=%2Fwp%2Fv2%2Fmedia&parent=156844"}],"wp:term":[{"taxonomy":"category","embeddable":true,"href":"https:\/\/lospoliticosveracruz.com\/index.php?rest_route=%2Fwp%2Fv2%2Fcategories&post=156844"},{"taxonomy":"post_tag","embeddable":true,"href":"https:\/\/lospoliticosveracruz.com\/index.php?rest_route=%2Fwp%2Fv2%2Ftags&post=156844"}],"curies":[{"name":"wp","href":"https:\/\/api.w.org\/{rel}","templated":true}]}}