{"id":156856,"date":"2025-11-20T07:51:24","date_gmt":"2025-11-20T13:51:24","guid":{"rendered":"https:\/\/lospoliticosveracruz.com.mx\/?p=156856"},"modified":"2025-11-20T07:51:56","modified_gmt":"2025-11-20T13:51:56","slug":"transporte-publico-en-xalapa-caotico-y-turbio","status":"publish","type":"post","link":"https:\/\/lospoliticosveracruz.com\/?p=156856","title":{"rendered":"TRANSPORTE P\u00daBLICO EN XALAPA: CA\u00d3TICO Y TURBIO\u00a0"},"content":{"rendered":"\n<p>S\u00edguenos ahora tambi\u00e9n en WhatsApp.\u00a0\u00a1<a href=\"https:\/\/whatsapp.com\/channel\/0029Va8zRWlEKyZIP3Z1dF0e\"><strong>Da clic aqu\u00ed<\/strong><\/a><strong>!<\/strong><\/p>\n\n\n\n<p><strong>Uriel Flores Aguayo&nbsp;<\/strong><\/p>\n\n\n\n<p><em>LaOpinionNoPedida<\/em><\/p>\n\n\n\n<p>Xalapa tiene fama de ver circular por sus calles un mayor n\u00famero de autos , en promedio, de los que andan en ciudades similares de M\u00e9xico. Habr\u00e1 que confirmarlo. Algo tiene que ver el p\u00e9simo transporte p\u00fablico local: caminas o te endeudas con un coche. Todos los d\u00edas una poblaci\u00f3n enorme se traslada en autobuses p\u00fablicos. Es una realidad cotidiana que atrae poca atenci\u00f3n de autoridades y pol\u00edticos. No les interesa o son parte del encubrimiento. Solo un sistema turbio puede explicar que funcione un servicio mal organizado, con muchos autobuses en mal estado y que exponga la seguridad de los usuarios. <br><\/p>\n\n\n\n\n\n<p>Es corrupci\u00f3n por d\u00f3nde se le vea. Es una manera f\u00e1cil y en efectivo de recolectar recursos cuya escalera en ascenso es de pron\u00f3stico reservado. No es l\u00f3gico que aparezcan a cada rato m\u00e1s y m\u00e1s autobuses y combis, saturando las calles y complicando la circulaci\u00f3n vehicular. No es l\u00f3gico ni legal que se permita el empleo de m\u00e1s combis. No es l\u00f3gico que circulen autobuses chatarra o de importaci\u00f3n que utilizaban para el transporte escolar en EEUU. No es l\u00f3gico que no cuenten con instalaciones terminales. No es l\u00f3gico que las rutas y paradas las decidan funcionarios ajenos a Xalapa. No es l\u00f3gico que salgan taxis colectivos de diferentes puntos de la ciudad. No es l\u00f3gico que las paradas de los autobuses est\u00e9n ocupadas por taxis. No es l\u00f3gico todo eso. Y lo que no suena l\u00f3gico suena a met\u00e1lico. Es una afrenta para los xalape\u00f1os, y un peligro, que en plena capital del Estado contemos con un transporte p\u00fablico de tercera. Afortunadamente se suprimi\u00f3 el delictivo negocio de las gr\u00faas. Padeciendo el desorden y los atascos uno puede cuestionarse si existe personal de Tr\u00e1nsito, que brillan por su ausencia. Ser\u00eda sano y \u00fatil que el control del transporte pasara a manos del Ayuntamiento, como autoridad electa y cercana estar\u00eda pendiente de que sea un servicio decente. Que as\u00ed fuera en lo operativo, sin meterse en lo de concesiones. No deber\u00edan hablar de cambios y transformaciones mientras toleran un p\u00e9simo servicio de transporte p\u00fablico. Es algo curioso y hasta ofensivo o\u00edr discursos grandilocuentes sobre humanismo y revoluci\u00f3n de conciencias mientras se permite que las j\u00f3venes y estudiantes en general, mujeres adultas y trabajadores tengan que rezar para que no acaben untados en las chatarras con las que vuelan cafres del volante. Por supuesto hay excepciones, una de las cuales son los autobuses verdes y los de la cooperativa del servicio urbano que, por tradici\u00f3n, cuidan su nombre y el servicio que prestan. Habr\u00e1 que volver a este tema constantemente, darle la centralidad que requiere, hasta que se logre una pol\u00edtica p\u00fablica correspondiente.\u00a0<\/p>\n\n\n\n<p>Recadito: las comparecencias se volvieron compadecencias.<\/p>\n","protected":false},"excerpt":{"rendered":"<p>Uriel Flores Aguayo&nbsp; LaOpinionNoPedida Xalapa tiene fama de ver circular por sus calles un mayor n\u00famero de autos , en promedio, de los que andan en ciudades similares de M\u00e9xico. Habr\u00e1 que confirmarlo. Algo tiene que ver el p\u00e9simo transporte p\u00fablico local: caminas o te endeudas con un coche. Todos los d\u00edas una poblaci\u00f3n enorme [&hellip;]<\/p>\n","protected":false},"author":2,"featured_media":156332,"comment_status":"closed","ping_status":"closed","sticky":false,"template":"","format":"standard","meta":{"tdm_status":"","tdm_grid_status":"","footnotes":""},"categories":[70],"tags":[],"class_list":{"0":"post-156856","1":"post","2":"type-post","3":"status-publish","4":"format-standard","5":"has-post-thumbnail","7":"category-de-opinion"},"yoast_head":"<!-- This site is optimized with the Yoast SEO plugin v27.4 - https:\/\/yoast.com\/product\/yoast-seo-wordpress\/ -->\n<title>TRANSPORTE P\u00daBLICO EN XALAPA: CA\u00d3TICO Y TURBIO\u00a0 - Los pol\u00edticos Veracruz<\/title>\n<meta name=\"robots\" content=\"index, follow, max-snippet:-1, max-image-preview:large, max-video-preview:-1\" \/>\n<link rel=\"canonical\" href=\"https:\/\/lospoliticosveracruz.com\/?p=156856\" \/>\n<meta property=\"og:locale\" content=\"es_ES\" \/>\n<meta property=\"og:type\" content=\"article\" \/>\n<meta property=\"og:title\" content=\"TRANSPORTE P\u00daBLICO EN XALAPA: CA\u00d3TICO Y TURBIO\u00a0 - Los pol\u00edticos Veracruz\" \/>\n<meta property=\"og:description\" content=\"Uriel Flores Aguayo&nbsp; LaOpinionNoPedida Xalapa tiene fama de ver circular por sus calles un mayor n\u00famero de autos , en promedio, de los que andan en ciudades similares de M\u00e9xico. Habr\u00e1 que confirmarlo. Algo tiene que ver el p\u00e9simo transporte p\u00fablico local: caminas o te endeudas con un coche. Todos los d\u00edas una poblaci\u00f3n enorme [&hellip;]\" \/>\n<meta property=\"og:url\" content=\"https:\/\/lospoliticosveracruz.com\/?p=156856\" \/>\n<meta property=\"og:site_name\" content=\"Los pol\u00edticos Veracruz\" \/>\n<meta property=\"article:publisher\" content=\"https:\/\/www.facebook.com\/people\/Notimemes-de-los-Polticos\/61565672886568\/\" \/>\n<meta property=\"article:published_time\" content=\"2025-11-20T13:51:24+00:00\" \/>\n<meta property=\"article:modified_time\" content=\"2025-11-20T13:51:56+00:00\" \/>\n<meta property=\"og:image\" content=\"https:\/\/lospoliticosveracruz.com\/wp-content\/uploads\/2025\/11\/Uriel-Flores.jpg\" \/>\n\t<meta property=\"og:image:width\" content=\"1250\" \/>\n\t<meta property=\"og:image:height\" content=\"667\" \/>\n\t<meta property=\"og:image:type\" content=\"image\/jpeg\" \/>\n<meta name=\"author\" content=\"Lo viste en Los Pol\u00edticos\" \/>\n<meta name=\"twitter:card\" content=\"summary_large_image\" \/>\n<meta name=\"twitter:creator\" content=\"@LosPoliticosVer\" \/>\n<meta name=\"twitter:site\" content=\"@LosPoliticosVer\" \/>\n<meta name=\"twitter:label1\" content=\"Escrito por\" \/>\n\t<meta name=\"twitter:data1\" content=\"Lo viste en Los Pol\u00edticos\" \/>\n\t<meta name=\"twitter:label2\" content=\"Tiempo de lectura\" \/>\n\t<meta name=\"twitter:data2\" content=\"2 minutos\" \/>\n<script type=\"application\/ld+json\" class=\"yoast-schema-graph\">{\"@context\":\"https:\\\/\\\/schema.org\",\"@graph\":[{\"@type\":\"Article\",\"@id\":\"https:\\\/\\\/lospoliticosveracruz.com\\\/?p=156856#article\",\"isPartOf\":{\"@id\":\"https:\\\/\\\/lospoliticosveracruz.com\\\/?p=156856\"},\"author\":{\"name\":\"Lo viste en Los Pol\u00edticos\",\"@id\":\"https:\\\/\\\/lospoliticosveracruz.com\\\/#\\\/schema\\\/person\\\/b8702bb0e538456e6efd07080bf2a4a2\"},\"headline\":\"TRANSPORTE P\u00daBLICO EN XALAPA: CA\u00d3TICO Y TURBIO\u00a0\",\"datePublished\":\"2025-11-20T13:51:24+00:00\",\"dateModified\":\"2025-11-20T13:51:56+00:00\",\"mainEntityOfPage\":{\"@id\":\"https:\\\/\\\/lospoliticosveracruz.com\\\/?p=156856\"},\"wordCount\":508,\"publisher\":{\"@id\":\"https:\\\/\\\/lospoliticosveracruz.com\\\/#organization\"},\"image\":{\"@id\":\"https:\\\/\\\/lospoliticosveracruz.com\\\/?p=156856#primaryimage\"},\"thumbnailUrl\":\"https:\\\/\\\/lospoliticosveracruz.com\\\/wp-content\\\/uploads\\\/2025\\\/11\\\/Uriel-Flores-e1774119472185.jpg\",\"articleSection\":[\"De Opini\u00f3n\"],\"inLanguage\":\"es\"},{\"@type\":\"WebPage\",\"@id\":\"https:\\\/\\\/lospoliticosveracruz.com\\\/?p=156856\",\"url\":\"https:\\\/\\\/lospoliticosveracruz.com\\\/?p=156856\",\"name\":\"TRANSPORTE P\u00daBLICO EN XALAPA: CA\u00d3TICO Y TURBIO\u00a0 - Los pol\u00edticos Veracruz\",\"isPartOf\":{\"@id\":\"https:\\\/\\\/lospoliticosveracruz.com\\\/#website\"},\"primaryImageOfPage\":{\"@id\":\"https:\\\/\\\/lospoliticosveracruz.com\\\/?p=156856#primaryimage\"},\"image\":{\"@id\":\"https:\\\/\\\/lospoliticosveracruz.com\\\/?p=156856#primaryimage\"},\"thumbnailUrl\":\"https:\\\/\\\/lospoliticosveracruz.com\\\/wp-content\\\/uploads\\\/2025\\\/11\\\/Uriel-Flores-e1774119472185.jpg\",\"datePublished\":\"2025-11-20T13:51:24+00:00\",\"dateModified\":\"2025-11-20T13:51:56+00:00\",\"breadcrumb\":{\"@id\":\"https:\\\/\\\/lospoliticosveracruz.com\\\/?p=156856#breadcrumb\"},\"inLanguage\":\"es\",\"potentialAction\":[{\"@type\":\"ReadAction\",\"target\":[\"https:\\\/\\\/lospoliticosveracruz.com\\\/?p=156856\"]}]},{\"@type\":\"ImageObject\",\"inLanguage\":\"es\",\"@id\":\"https:\\\/\\\/lospoliticosveracruz.com\\\/?p=156856#primaryimage\",\"url\":\"https:\\\/\\\/lospoliticosveracruz.com\\\/wp-content\\\/uploads\\\/2025\\\/11\\\/Uriel-Flores-e1774119472185.jpg\",\"contentUrl\":\"https:\\\/\\\/lospoliticosveracruz.com\\\/wp-content\\\/uploads\\\/2025\\\/11\\\/Uriel-Flores-e1774119472185.jpg\",\"width\":600,\"height\":320},{\"@type\":\"BreadcrumbList\",\"@id\":\"https:\\\/\\\/lospoliticosveracruz.com\\\/?p=156856#breadcrumb\",\"itemListElement\":[{\"@type\":\"ListItem\",\"position\":1,\"name\":\"Portada\",\"item\":\"https:\\\/\\\/lospoliticosveracruz.com\\\/\"},{\"@type\":\"ListItem\",\"position\":2,\"name\":\"TRANSPORTE P\u00daBLICO EN XALAPA: CA\u00d3TICO Y TURBIO\u00a0\"}]},{\"@type\":\"WebSite\",\"@id\":\"https:\\\/\\\/lospoliticosveracruz.com\\\/#website\",\"url\":\"https:\\\/\\\/lospoliticosveracruz.com\\\/\",\"name\":\"Los pol\u00edticos Veracruz\",\"description\":\"\",\"publisher\":{\"@id\":\"https:\\\/\\\/lospoliticosveracruz.com\\\/#organization\"},\"potentialAction\":[{\"@type\":\"SearchAction\",\"target\":{\"@type\":\"EntryPoint\",\"urlTemplate\":\"https:\\\/\\\/lospoliticosveracruz.com\\\/?s={search_term_string}\"},\"query-input\":{\"@type\":\"PropertyValueSpecification\",\"valueRequired\":true,\"valueName\":\"search_term_string\"}}],\"inLanguage\":\"es\"},{\"@type\":\"Organization\",\"@id\":\"https:\\\/\\\/lospoliticosveracruz.com\\\/#organization\",\"name\":\"Los pol\u00edticos Veracruz\",\"url\":\"https:\\\/\\\/lospoliticosveracruz.com\\\/\",\"logo\":{\"@type\":\"ImageObject\",\"inLanguage\":\"es\",\"@id\":\"https:\\\/\\\/lospoliticosveracruz.com\\\/#\\\/schema\\\/logo\\\/image\\\/\",\"url\":\"https:\\\/\\\/lospoliticosveracruz.com\\\/wp-content\\\/uploads\\\/2025\\\/12\\\/Logo-Nuevo-LOS-POLITICOS-1.jpg\",\"contentUrl\":\"https:\\\/\\\/lospoliticosveracruz.com\\\/wp-content\\\/uploads\\\/2025\\\/12\\\/Logo-Nuevo-LOS-POLITICOS-1.jpg\",\"width\":260,\"height\":70,\"caption\":\"Los pol\u00edticos Veracruz\"},\"image\":{\"@id\":\"https:\\\/\\\/lospoliticosveracruz.com\\\/#\\\/schema\\\/logo\\\/image\\\/\"},\"sameAs\":[\"https:\\\/\\\/www.facebook.com\\\/people\\\/Notimemes-de-los-Polticos\\\/61565672886568\\\/\",\"https:\\\/\\\/x.com\\\/LosPoliticosVer\"]},{\"@type\":\"Person\",\"@id\":\"https:\\\/\\\/lospoliticosveracruz.com\\\/#\\\/schema\\\/person\\\/b8702bb0e538456e6efd07080bf2a4a2\",\"name\":\"Lo viste en Los Pol\u00edticos\",\"image\":{\"@type\":\"ImageObject\",\"inLanguage\":\"es\",\"@id\":\"https:\\\/\\\/secure.gravatar.com\\\/avatar\\\/3a8de04a2656d44082be478bd6c086daa447c4651605818287b9532d3d0bd435?s=96&d=mm&r=g\",\"url\":\"https:\\\/\\\/secure.gravatar.com\\\/avatar\\\/3a8de04a2656d44082be478bd6c086daa447c4651605818287b9532d3d0bd435?s=96&d=mm&r=g\",\"contentUrl\":\"https:\\\/\\\/secure.gravatar.com\\\/avatar\\\/3a8de04a2656d44082be478bd6c086daa447c4651605818287b9532d3d0bd435?s=96&d=mm&r=g\",\"caption\":\"Lo viste en Los Pol\u00edticos\"},\"url\":\"https:\\\/\\\/lospoliticosveracruz.com\\\/?author=2\"}]}<\/script>\n<!-- \/ Yoast SEO plugin. -->","yoast_head_json":{"title":"TRANSPORTE P\u00daBLICO EN XALAPA: CA\u00d3TICO Y TURBIO\u00a0 - Los pol\u00edticos Veracruz","robots":{"index":"index","follow":"follow","max-snippet":"max-snippet:-1","max-image-preview":"max-image-preview:large","max-video-preview":"max-video-preview:-1"},"canonical":"https:\/\/lospoliticosveracruz.com\/?p=156856","og_locale":"es_ES","og_type":"article","og_title":"TRANSPORTE P\u00daBLICO EN XALAPA: CA\u00d3TICO Y TURBIO\u00a0 - Los pol\u00edticos Veracruz","og_description":"Uriel Flores Aguayo&nbsp; LaOpinionNoPedida Xalapa tiene fama de ver circular por sus calles un mayor n\u00famero de autos , en promedio, de los que andan en ciudades similares de M\u00e9xico. Habr\u00e1 que confirmarlo. Algo tiene que ver el p\u00e9simo transporte p\u00fablico local: caminas o te endeudas con un coche. Todos los d\u00edas una poblaci\u00f3n enorme [&hellip;]","og_url":"https:\/\/lospoliticosveracruz.com\/?p=156856","og_site_name":"Los pol\u00edticos Veracruz","article_publisher":"https:\/\/www.facebook.com\/people\/Notimemes-de-los-Polticos\/61565672886568\/","article_published_time":"2025-11-20T13:51:24+00:00","article_modified_time":"2025-11-20T13:51:56+00:00","og_image":[{"width":1250,"height":667,"url":"https:\/\/lospoliticosveracruz.com\/wp-content\/uploads\/2025\/11\/Uriel-Flores.jpg","type":"image\/jpeg"}],"author":"Lo viste en Los Pol\u00edticos","twitter_card":"summary_large_image","twitter_creator":"@LosPoliticosVer","twitter_site":"@LosPoliticosVer","twitter_misc":{"Escrito por":"Lo viste en Los Pol\u00edticos","Tiempo de lectura":"2 minutos"},"schema":{"@context":"https:\/\/schema.org","@graph":[{"@type":"Article","@id":"https:\/\/lospoliticosveracruz.com\/?p=156856#article","isPartOf":{"@id":"https:\/\/lospoliticosveracruz.com\/?p=156856"},"author":{"name":"Lo viste en Los Pol\u00edticos","@id":"https:\/\/lospoliticosveracruz.com\/#\/schema\/person\/b8702bb0e538456e6efd07080bf2a4a2"},"headline":"TRANSPORTE P\u00daBLICO EN XALAPA: CA\u00d3TICO Y TURBIO\u00a0","datePublished":"2025-11-20T13:51:24+00:00","dateModified":"2025-11-20T13:51:56+00:00","mainEntityOfPage":{"@id":"https:\/\/lospoliticosveracruz.com\/?p=156856"},"wordCount":508,"publisher":{"@id":"https:\/\/lospoliticosveracruz.com\/#organization"},"image":{"@id":"https:\/\/lospoliticosveracruz.com\/?p=156856#primaryimage"},"thumbnailUrl":"https:\/\/lospoliticosveracruz.com\/wp-content\/uploads\/2025\/11\/Uriel-Flores-e1774119472185.jpg","articleSection":["De Opini\u00f3n"],"inLanguage":"es"},{"@type":"WebPage","@id":"https:\/\/lospoliticosveracruz.com\/?p=156856","url":"https:\/\/lospoliticosveracruz.com\/?p=156856","name":"TRANSPORTE P\u00daBLICO EN XALAPA: CA\u00d3TICO Y TURBIO\u00a0 - Los pol\u00edticos Veracruz","isPartOf":{"@id":"https:\/\/lospoliticosveracruz.com\/#website"},"primaryImageOfPage":{"@id":"https:\/\/lospoliticosveracruz.com\/?p=156856#primaryimage"},"image":{"@id":"https:\/\/lospoliticosveracruz.com\/?p=156856#primaryimage"},"thumbnailUrl":"https:\/\/lospoliticosveracruz.com\/wp-content\/uploads\/2025\/11\/Uriel-Flores-e1774119472185.jpg","datePublished":"2025-11-20T13:51:24+00:00","dateModified":"2025-11-20T13:51:56+00:00","breadcrumb":{"@id":"https:\/\/lospoliticosveracruz.com\/?p=156856#breadcrumb"},"inLanguage":"es","potentialAction":[{"@type":"ReadAction","target":["https:\/\/lospoliticosveracruz.com\/?p=156856"]}]},{"@type":"ImageObject","inLanguage":"es","@id":"https:\/\/lospoliticosveracruz.com\/?p=156856#primaryimage","url":"https:\/\/lospoliticosveracruz.com\/wp-content\/uploads\/2025\/11\/Uriel-Flores-e1774119472185.jpg","contentUrl":"https:\/\/lospoliticosveracruz.com\/wp-content\/uploads\/2025\/11\/Uriel-Flores-e1774119472185.jpg","width":600,"height":320},{"@type":"BreadcrumbList","@id":"https:\/\/lospoliticosveracruz.com\/?p=156856#breadcrumb","itemListElement":[{"@type":"ListItem","position":1,"name":"Portada","item":"https:\/\/lospoliticosveracruz.com\/"},{"@type":"ListItem","position":2,"name":"TRANSPORTE P\u00daBLICO EN XALAPA: CA\u00d3TICO Y TURBIO\u00a0"}]},{"@type":"WebSite","@id":"https:\/\/lospoliticosveracruz.com\/#website","url":"https:\/\/lospoliticosveracruz.com\/","name":"Los pol\u00edticos Veracruz","description":"","publisher":{"@id":"https:\/\/lospoliticosveracruz.com\/#organization"},"potentialAction":[{"@type":"SearchAction","target":{"@type":"EntryPoint","urlTemplate":"https:\/\/lospoliticosveracruz.com\/?s={search_term_string}"},"query-input":{"@type":"PropertyValueSpecification","valueRequired":true,"valueName":"search_term_string"}}],"inLanguage":"es"},{"@type":"Organization","@id":"https:\/\/lospoliticosveracruz.com\/#organization","name":"Los pol\u00edticos Veracruz","url":"https:\/\/lospoliticosveracruz.com\/","logo":{"@type":"ImageObject","inLanguage":"es","@id":"https:\/\/lospoliticosveracruz.com\/#\/schema\/logo\/image\/","url":"https:\/\/lospoliticosveracruz.com\/wp-content\/uploads\/2025\/12\/Logo-Nuevo-LOS-POLITICOS-1.jpg","contentUrl":"https:\/\/lospoliticosveracruz.com\/wp-content\/uploads\/2025\/12\/Logo-Nuevo-LOS-POLITICOS-1.jpg","width":260,"height":70,"caption":"Los pol\u00edticos Veracruz"},"image":{"@id":"https:\/\/lospoliticosveracruz.com\/#\/schema\/logo\/image\/"},"sameAs":["https:\/\/www.facebook.com\/people\/Notimemes-de-los-Polticos\/61565672886568\/","https:\/\/x.com\/LosPoliticosVer"]},{"@type":"Person","@id":"https:\/\/lospoliticosveracruz.com\/#\/schema\/person\/b8702bb0e538456e6efd07080bf2a4a2","name":"Lo viste en Los Pol\u00edticos","image":{"@type":"ImageObject","inLanguage":"es","@id":"https:\/\/secure.gravatar.com\/avatar\/3a8de04a2656d44082be478bd6c086daa447c4651605818287b9532d3d0bd435?s=96&d=mm&r=g","url":"https:\/\/secure.gravatar.com\/avatar\/3a8de04a2656d44082be478bd6c086daa447c4651605818287b9532d3d0bd435?s=96&d=mm&r=g","contentUrl":"https:\/\/secure.gravatar.com\/avatar\/3a8de04a2656d44082be478bd6c086daa447c4651605818287b9532d3d0bd435?s=96&d=mm&r=g","caption":"Lo viste en Los Pol\u00edticos"},"url":"https:\/\/lospoliticosveracruz.com\/?author=2"}]}},"_links":{"self":[{"href":"https:\/\/lospoliticosveracruz.com\/index.php?rest_route=\/wp\/v2\/posts\/156856","targetHints":{"allow":["GET"]}}],"collection":[{"href":"https:\/\/lospoliticosveracruz.com\/index.php?rest_route=\/wp\/v2\/posts"}],"about":[{"href":"https:\/\/lospoliticosveracruz.com\/index.php?rest_route=\/wp\/v2\/types\/post"}],"author":[{"embeddable":true,"href":"https:\/\/lospoliticosveracruz.com\/index.php?rest_route=\/wp\/v2\/users\/2"}],"replies":[{"embeddable":true,"href":"https:\/\/lospoliticosveracruz.com\/index.php?rest_route=%2Fwp%2Fv2%2Fcomments&post=156856"}],"version-history":[{"count":2,"href":"https:\/\/lospoliticosveracruz.com\/index.php?rest_route=\/wp\/v2\/posts\/156856\/revisions"}],"predecessor-version":[{"id":156858,"href":"https:\/\/lospoliticosveracruz.com\/index.php?rest_route=\/wp\/v2\/posts\/156856\/revisions\/156858"}],"wp:featuredmedia":[{"embeddable":true,"href":"https:\/\/lospoliticosveracruz.com\/index.php?rest_route=\/wp\/v2\/media\/156332"}],"wp:attachment":[{"href":"https:\/\/lospoliticosveracruz.com\/index.php?rest_route=%2Fwp%2Fv2%2Fmedia&parent=156856"}],"wp:term":[{"taxonomy":"category","embeddable":true,"href":"https:\/\/lospoliticosveracruz.com\/index.php?rest_route=%2Fwp%2Fv2%2Fcategories&post=156856"},{"taxonomy":"post_tag","embeddable":true,"href":"https:\/\/lospoliticosveracruz.com\/index.php?rest_route=%2Fwp%2Fv2%2Ftags&post=156856"}],"curies":[{"name":"wp","href":"https:\/\/api.w.org\/{rel}","templated":true}]}}