{"id":156924,"date":"2025-11-21T06:14:36","date_gmt":"2025-11-21T12:14:36","guid":{"rendered":"https:\/\/lospoliticosveracruz.com.mx\/?p=156924"},"modified":"2025-11-21T06:17:18","modified_gmt":"2025-11-21T12:17:18","slug":"libertad-de-expresion-6","status":"publish","type":"post","link":"https:\/\/lospoliticosveracruz.com\/?p=156924","title":{"rendered":"\u00bfLIBERTAD DE EXPRESI\u00d3N?"},"content":{"rendered":"\n<p><strong>Felipe de Jes\u00fas Fern\u00e1ndez Basilio<\/strong><\/p>\n\n\n\n<p><em>Desde a Janela<\/em><\/p>\n\n\n\n<p>Todav\u00eda la constituci\u00f3n mexicana establece que la libertad de expresi\u00f3n es un derecho humano que debe de ser respetado&nbsp;por el Estado, y digo todav\u00eda, porque con la mayor\u00eda espuria de la que se hizo el oficialismo en las c\u00e1maras esto puede cambiar.<\/p>\n\n\n\n\n\n<p>Ya nos dimos cuenta que ganas de acabar con la libertad de expresi\u00f3n no le faltan al gobierno de la transformaci\u00f3n que no fue y ni tampoco ser\u00e1, pues el 15 de noviembre aplicaron todas las recetas cubanas y de Maduro para acallar a las voces que hac\u00edan genuinos reclamos al gobierno.<\/p>\n\n\n\n<p>Desde antes de esa fecha, la se\u00f1ora Sheinbaum se dedic\u00f3 a descalificar con todos los medios a su alcance a los protestantes, ya que dijo que no eran j\u00f3venes, que estaba la \u201cultraderecha internacional\u201d detr\u00e1s de ellos y un sinn\u00famero de descalificaciones.<\/p>\n\n\n\n<p>Llegado el d\u00eda de la protesta mand\u00f3 a bloquear casi todas las&nbsp;entradas al Z\u00f3calo de la Ciudad de M\u00e9xico dejando&nbsp;libre&nbsp;solamente una para as\u00ed atrapar a quienes marchaban, luego despleg\u00f3 grupos vand\u00e1licos&nbsp;que generaron violencia y envi\u00f3 a la polic\u00eda a golpear, gasear y apresar solamente a quienes protestaban, ya que a ning\u00fan encapuchado atraparon.<\/p>\n\n\n\n<p>Luego, al mejor estilo cubano (en donde marchar contra el gobierno en la v\u00eda p\u00fablica puede costar treinta a\u00f1os de c\u00e1rcel) acus\u00f3 a algunos de los detenidos de homicidio en grado de tentativa para garantizar que no salgan de prisi\u00f3n y enviar el mensaje de que protestar puede costar una buena temporada en la c\u00e1rcel.<\/p>\n\n\n\n<p>Y, para terminar pasado el d\u00eda de los hechos minimiz\u00f3 el n\u00famero de marchantes y exhibi\u00f3 en cadena nacional a una persona, de quien dijo que era el organizador y que hab\u00eda recibido un contrato millonario por parte de un partido de oposici\u00f3n (el PAN), provoc\u00e1ndole un temor fundado a ser v\u00edctima de la&nbsp;delincuencia y pr\u00e1cticamente oblig\u00e1ndole a marchar al exilio.<\/p>\n\n\n\n<p>As\u00ed es, en todo este cat\u00e1logo de acciones sistem\u00e1ticamente articuladas por la lugarteniente de la presidencia de la rep\u00fablica vimos la descalificaci\u00f3n y la represi\u00f3n, eso fue lo que vimos.<\/p>\n\n\n\n<p>Lo que no vimos fue una acci\u00f3n tendiente a atender el fondo del reclamo que es tener paz y seguridad y no lo vimos, porque a la se\u00f1ora Sheinbaum y al gobierno&nbsp;que le encargaron regentar no le interesa dicho reclamo, porque no solo depende del crimen organizado, sino que es parte del crimen organizado.<\/p>\n\n\n\n<p>Por esa raz\u00f3n es que las acciones del gobierno se encauzaron en desacreditar tanto a la marcha como a quienes la convocaron y participaron en ella, en lugar de atender los reclamos de tener seguridad.<\/p>\n\n\n\n<p>\u00bfA caso puede esperarse que qui\u00e9n encubre a la barredora y<a><\/a>&nbsp;al huachicol fiscal tenga algo de empat\u00eda hacia quienes no quieren pagar derecho de piso?<\/p>\n\n\n\n<p>Desde luego que no, mejor es que los maten&nbsp;(como a Manzo y a Bravo)&nbsp;y luego hablar y hablar sobre la&nbsp;\u201cilegitimidad\u201d de la marcha que reclama esos asesinatos y que pide vivir en paz y as\u00ed olvidarse de Ad\u00e1n Augusto y del almirante Ojeda Dur\u00e1n (el t\u00edo de los famosos sobrinos) y desde luego de la vida de sultanes que se dan los L\u00f3pez, Noro\u00f1a, Monreal y dem\u00e1s personajes del oficialismo.<\/p>\n\n\n\n<p>Ah,&nbsp;pero eso s\u00ed, cuando llevan a ese mismo Z\u00f3calo a sus acarreados&nbsp;para rendir culto a la personalidad de su l\u00edder supremo, y de pasada un poquito a la de ella, ah\u00ed puede haber coacci\u00f3n econ\u00f3mica o laboral pero no habr\u00e1 v\u00e1ndalos ni granaderos.<\/p>\n\n\n\n<p>As\u00ed es, tienen todo el poder y buscan por todos los medios posibles perpetuarse en \u00e9l para as\u00ed eliminar a todo aquel que denuncie al crimen organizado del que la transformaci\u00f3n que no fue y ni tampoco ser\u00e1 es una parte muy importante&nbsp;y por ello les resulta indispensable acabar tanto legalmente como en los hechos con la libertad de expresi\u00f3n.<\/p>\n\n\n\n<p><a href=\"mailto:felfebas@gmail.com\">felfebas@gmail.com<\/a><\/p>\n\n\n\n<p>Twitter: @FelipeFBasilio<\/p>\n","protected":false},"excerpt":{"rendered":"<p>Felipe de Jes\u00fas Fern\u00e1ndez Basilio Desde a Janela Todav\u00eda la constituci\u00f3n mexicana establece que la libertad de expresi\u00f3n es un derecho humano que debe de ser respetado&nbsp;por el Estado, y digo todav\u00eda, porque con la mayor\u00eda espuria de la que se hizo el oficialismo en las c\u00e1maras esto puede cambiar. Ya nos dimos cuenta que [&hellip;]<\/p>\n","protected":false},"author":2,"featured_media":141384,"comment_status":"closed","ping_status":"closed","sticky":false,"template":"","format":"standard","meta":{"tdm_status":"","tdm_grid_status":"","footnotes":""},"categories":[70],"tags":[9627,46985,2139],"class_list":{"0":"post-156924","1":"post","2":"type-post","3":"status-publish","4":"format-standard","5":"has-post-thumbnail","7":"category-de-opinion","8":"tag-claudia-sheinbaum","9":"tag-generacion-z","10":"tag-libertad-de-expresion"},"yoast_head":"<!-- This site is optimized with the Yoast SEO plugin v27.4 - https:\/\/yoast.com\/product\/yoast-seo-wordpress\/ -->\n<title>\u00bfLIBERTAD DE EXPRESI\u00d3N? - Los pol\u00edticos Veracruz<\/title>\n<meta name=\"robots\" content=\"index, follow, max-snippet:-1, max-image-preview:large, max-video-preview:-1\" \/>\n<link rel=\"canonical\" href=\"https:\/\/lospoliticosveracruz.com\/?p=156924\" \/>\n<meta property=\"og:locale\" content=\"es_ES\" \/>\n<meta property=\"og:type\" content=\"article\" \/>\n<meta property=\"og:title\" content=\"\u00bfLIBERTAD DE EXPRESI\u00d3N? - Los pol\u00edticos Veracruz\" \/>\n<meta property=\"og:description\" content=\"Felipe de Jes\u00fas Fern\u00e1ndez Basilio Desde a Janela Todav\u00eda la constituci\u00f3n mexicana establece que la libertad de expresi\u00f3n es un derecho humano que debe de ser respetado&nbsp;por el Estado, y digo todav\u00eda, porque con la mayor\u00eda espuria de la que se hizo el oficialismo en las c\u00e1maras esto puede cambiar. Ya nos dimos cuenta que [&hellip;]\" \/>\n<meta property=\"og:url\" content=\"https:\/\/lospoliticosveracruz.com\/?p=156924\" \/>\n<meta property=\"og:site_name\" content=\"Los pol\u00edticos Veracruz\" \/>\n<meta property=\"article:publisher\" content=\"https:\/\/www.facebook.com\/people\/Notimemes-de-los-Polticos\/61565672886568\/\" \/>\n<meta property=\"article:published_time\" content=\"2025-11-21T12:14:36+00:00\" \/>\n<meta property=\"article:modified_time\" content=\"2025-11-21T12:17:18+00:00\" \/>\n<meta property=\"og:image\" content=\"https:\/\/lospoliticosveracruz.com\/wp-content\/uploads\/2025\/04\/Felipe-Fernandez-Basilio-e1767959429910.jpg\" \/>\n\t<meta property=\"og:image:width\" content=\"600\" \/>\n\t<meta property=\"og:image:height\" content=\"320\" \/>\n\t<meta property=\"og:image:type\" content=\"image\/jpeg\" \/>\n<meta name=\"author\" content=\"Lo viste en Los Pol\u00edticos\" \/>\n<meta name=\"twitter:card\" content=\"summary_large_image\" \/>\n<meta name=\"twitter:creator\" content=\"@LosPoliticosVer\" \/>\n<meta name=\"twitter:site\" content=\"@LosPoliticosVer\" \/>\n<meta name=\"twitter:label1\" content=\"Escrito por\" \/>\n\t<meta name=\"twitter:data1\" content=\"Lo viste en Los Pol\u00edticos\" \/>\n\t<meta name=\"twitter:label2\" content=\"Tiempo de lectura\" \/>\n\t<meta name=\"twitter:data2\" content=\"4 minutos\" \/>\n<script type=\"application\/ld+json\" class=\"yoast-schema-graph\">{\"@context\":\"https:\\\/\\\/schema.org\",\"@graph\":[{\"@type\":\"Article\",\"@id\":\"https:\\\/\\\/lospoliticosveracruz.com\\\/?p=156924#article\",\"isPartOf\":{\"@id\":\"https:\\\/\\\/lospoliticosveracruz.com\\\/?p=156924\"},\"author\":{\"name\":\"Lo viste en Los Pol\u00edticos\",\"@id\":\"https:\\\/\\\/lospoliticosveracruz.com\\\/#\\\/schema\\\/person\\\/b8702bb0e538456e6efd07080bf2a4a2\"},\"headline\":\"\u00bfLIBERTAD DE EXPRESI\u00d3N?\",\"datePublished\":\"2025-11-21T12:14:36+00:00\",\"dateModified\":\"2025-11-21T12:17:18+00:00\",\"mainEntityOfPage\":{\"@id\":\"https:\\\/\\\/lospoliticosveracruz.com\\\/?p=156924\"},\"wordCount\":724,\"publisher\":{\"@id\":\"https:\\\/\\\/lospoliticosveracruz.com\\\/#organization\"},\"image\":{\"@id\":\"https:\\\/\\\/lospoliticosveracruz.com\\\/?p=156924#primaryimage\"},\"thumbnailUrl\":\"https:\\\/\\\/lospoliticosveracruz.com\\\/wp-content\\\/uploads\\\/2025\\\/04\\\/Felipe-Fernandez-Basilio-e1767959429910.jpg\",\"keywords\":[\"Claudia Sheinbaum\",\"Generaci\u00f3n Z\",\"Libertad de expresi\u00f3n\"],\"articleSection\":[\"De Opini\u00f3n\"],\"inLanguage\":\"es\"},{\"@type\":\"WebPage\",\"@id\":\"https:\\\/\\\/lospoliticosveracruz.com\\\/?p=156924\",\"url\":\"https:\\\/\\\/lospoliticosveracruz.com\\\/?p=156924\",\"name\":\"\u00bfLIBERTAD DE EXPRESI\u00d3N? - Los pol\u00edticos Veracruz\",\"isPartOf\":{\"@id\":\"https:\\\/\\\/lospoliticosveracruz.com\\\/#website\"},\"primaryImageOfPage\":{\"@id\":\"https:\\\/\\\/lospoliticosveracruz.com\\\/?p=156924#primaryimage\"},\"image\":{\"@id\":\"https:\\\/\\\/lospoliticosveracruz.com\\\/?p=156924#primaryimage\"},\"thumbnailUrl\":\"https:\\\/\\\/lospoliticosveracruz.com\\\/wp-content\\\/uploads\\\/2025\\\/04\\\/Felipe-Fernandez-Basilio-e1767959429910.jpg\",\"datePublished\":\"2025-11-21T12:14:36+00:00\",\"dateModified\":\"2025-11-21T12:17:18+00:00\",\"breadcrumb\":{\"@id\":\"https:\\\/\\\/lospoliticosveracruz.com\\\/?p=156924#breadcrumb\"},\"inLanguage\":\"es\",\"potentialAction\":[{\"@type\":\"ReadAction\",\"target\":[\"https:\\\/\\\/lospoliticosveracruz.com\\\/?p=156924\"]}]},{\"@type\":\"ImageObject\",\"inLanguage\":\"es\",\"@id\":\"https:\\\/\\\/lospoliticosveracruz.com\\\/?p=156924#primaryimage\",\"url\":\"https:\\\/\\\/lospoliticosveracruz.com\\\/wp-content\\\/uploads\\\/2025\\\/04\\\/Felipe-Fernandez-Basilio-e1767959429910.jpg\",\"contentUrl\":\"https:\\\/\\\/lospoliticosveracruz.com\\\/wp-content\\\/uploads\\\/2025\\\/04\\\/Felipe-Fernandez-Basilio-e1767959429910.jpg\",\"width\":600,\"height\":320},{\"@type\":\"BreadcrumbList\",\"@id\":\"https:\\\/\\\/lospoliticosveracruz.com\\\/?p=156924#breadcrumb\",\"itemListElement\":[{\"@type\":\"ListItem\",\"position\":1,\"name\":\"Portada\",\"item\":\"https:\\\/\\\/lospoliticosveracruz.com\\\/\"},{\"@type\":\"ListItem\",\"position\":2,\"name\":\"\u00bfLIBERTAD DE EXPRESI\u00d3N?\"}]},{\"@type\":\"WebSite\",\"@id\":\"https:\\\/\\\/lospoliticosveracruz.com\\\/#website\",\"url\":\"https:\\\/\\\/lospoliticosveracruz.com\\\/\",\"name\":\"Los pol\u00edticos Veracruz\",\"description\":\"\",\"publisher\":{\"@id\":\"https:\\\/\\\/lospoliticosveracruz.com\\\/#organization\"},\"potentialAction\":[{\"@type\":\"SearchAction\",\"target\":{\"@type\":\"EntryPoint\",\"urlTemplate\":\"https:\\\/\\\/lospoliticosveracruz.com\\\/?s={search_term_string}\"},\"query-input\":{\"@type\":\"PropertyValueSpecification\",\"valueRequired\":true,\"valueName\":\"search_term_string\"}}],\"inLanguage\":\"es\"},{\"@type\":\"Organization\",\"@id\":\"https:\\\/\\\/lospoliticosveracruz.com\\\/#organization\",\"name\":\"Los pol\u00edticos Veracruz\",\"url\":\"https:\\\/\\\/lospoliticosveracruz.com\\\/\",\"logo\":{\"@type\":\"ImageObject\",\"inLanguage\":\"es\",\"@id\":\"https:\\\/\\\/lospoliticosveracruz.com\\\/#\\\/schema\\\/logo\\\/image\\\/\",\"url\":\"https:\\\/\\\/lospoliticosveracruz.com\\\/wp-content\\\/uploads\\\/2025\\\/12\\\/Logo-Nuevo-LOS-POLITICOS-1.jpg\",\"contentUrl\":\"https:\\\/\\\/lospoliticosveracruz.com\\\/wp-content\\\/uploads\\\/2025\\\/12\\\/Logo-Nuevo-LOS-POLITICOS-1.jpg\",\"width\":260,\"height\":70,\"caption\":\"Los pol\u00edticos Veracruz\"},\"image\":{\"@id\":\"https:\\\/\\\/lospoliticosveracruz.com\\\/#\\\/schema\\\/logo\\\/image\\\/\"},\"sameAs\":[\"https:\\\/\\\/www.facebook.com\\\/people\\\/Notimemes-de-los-Polticos\\\/61565672886568\\\/\",\"https:\\\/\\\/x.com\\\/LosPoliticosVer\"]},{\"@type\":\"Person\",\"@id\":\"https:\\\/\\\/lospoliticosveracruz.com\\\/#\\\/schema\\\/person\\\/b8702bb0e538456e6efd07080bf2a4a2\",\"name\":\"Lo viste en Los Pol\u00edticos\",\"image\":{\"@type\":\"ImageObject\",\"inLanguage\":\"es\",\"@id\":\"https:\\\/\\\/secure.gravatar.com\\\/avatar\\\/3a8de04a2656d44082be478bd6c086daa447c4651605818287b9532d3d0bd435?s=96&d=mm&r=g\",\"url\":\"https:\\\/\\\/secure.gravatar.com\\\/avatar\\\/3a8de04a2656d44082be478bd6c086daa447c4651605818287b9532d3d0bd435?s=96&d=mm&r=g\",\"contentUrl\":\"https:\\\/\\\/secure.gravatar.com\\\/avatar\\\/3a8de04a2656d44082be478bd6c086daa447c4651605818287b9532d3d0bd435?s=96&d=mm&r=g\",\"caption\":\"Lo viste en Los Pol\u00edticos\"},\"url\":\"https:\\\/\\\/lospoliticosveracruz.com\\\/?author=2\"}]}<\/script>\n<!-- \/ Yoast SEO plugin. -->","yoast_head_json":{"title":"\u00bfLIBERTAD DE EXPRESI\u00d3N? - Los pol\u00edticos Veracruz","robots":{"index":"index","follow":"follow","max-snippet":"max-snippet:-1","max-image-preview":"max-image-preview:large","max-video-preview":"max-video-preview:-1"},"canonical":"https:\/\/lospoliticosveracruz.com\/?p=156924","og_locale":"es_ES","og_type":"article","og_title":"\u00bfLIBERTAD DE EXPRESI\u00d3N? - Los pol\u00edticos Veracruz","og_description":"Felipe de Jes\u00fas Fern\u00e1ndez Basilio Desde a Janela Todav\u00eda la constituci\u00f3n mexicana establece que la libertad de expresi\u00f3n es un derecho humano que debe de ser respetado&nbsp;por el Estado, y digo todav\u00eda, porque con la mayor\u00eda espuria de la que se hizo el oficialismo en las c\u00e1maras esto puede cambiar. Ya nos dimos cuenta que [&hellip;]","og_url":"https:\/\/lospoliticosveracruz.com\/?p=156924","og_site_name":"Los pol\u00edticos Veracruz","article_publisher":"https:\/\/www.facebook.com\/people\/Notimemes-de-los-Polticos\/61565672886568\/","article_published_time":"2025-11-21T12:14:36+00:00","article_modified_time":"2025-11-21T12:17:18+00:00","og_image":[{"width":600,"height":320,"url":"https:\/\/lospoliticosveracruz.com\/wp-content\/uploads\/2025\/04\/Felipe-Fernandez-Basilio-e1767959429910.jpg","type":"image\/jpeg"}],"author":"Lo viste en Los Pol\u00edticos","twitter_card":"summary_large_image","twitter_creator":"@LosPoliticosVer","twitter_site":"@LosPoliticosVer","twitter_misc":{"Escrito por":"Lo viste en Los Pol\u00edticos","Tiempo de lectura":"4 minutos"},"schema":{"@context":"https:\/\/schema.org","@graph":[{"@type":"Article","@id":"https:\/\/lospoliticosveracruz.com\/?p=156924#article","isPartOf":{"@id":"https:\/\/lospoliticosveracruz.com\/?p=156924"},"author":{"name":"Lo viste en Los Pol\u00edticos","@id":"https:\/\/lospoliticosveracruz.com\/#\/schema\/person\/b8702bb0e538456e6efd07080bf2a4a2"},"headline":"\u00bfLIBERTAD DE EXPRESI\u00d3N?","datePublished":"2025-11-21T12:14:36+00:00","dateModified":"2025-11-21T12:17:18+00:00","mainEntityOfPage":{"@id":"https:\/\/lospoliticosveracruz.com\/?p=156924"},"wordCount":724,"publisher":{"@id":"https:\/\/lospoliticosveracruz.com\/#organization"},"image":{"@id":"https:\/\/lospoliticosveracruz.com\/?p=156924#primaryimage"},"thumbnailUrl":"https:\/\/lospoliticosveracruz.com\/wp-content\/uploads\/2025\/04\/Felipe-Fernandez-Basilio-e1767959429910.jpg","keywords":["Claudia Sheinbaum","Generaci\u00f3n Z","Libertad de expresi\u00f3n"],"articleSection":["De Opini\u00f3n"],"inLanguage":"es"},{"@type":"WebPage","@id":"https:\/\/lospoliticosveracruz.com\/?p=156924","url":"https:\/\/lospoliticosveracruz.com\/?p=156924","name":"\u00bfLIBERTAD DE EXPRESI\u00d3N? - Los pol\u00edticos Veracruz","isPartOf":{"@id":"https:\/\/lospoliticosveracruz.com\/#website"},"primaryImageOfPage":{"@id":"https:\/\/lospoliticosveracruz.com\/?p=156924#primaryimage"},"image":{"@id":"https:\/\/lospoliticosveracruz.com\/?p=156924#primaryimage"},"thumbnailUrl":"https:\/\/lospoliticosveracruz.com\/wp-content\/uploads\/2025\/04\/Felipe-Fernandez-Basilio-e1767959429910.jpg","datePublished":"2025-11-21T12:14:36+00:00","dateModified":"2025-11-21T12:17:18+00:00","breadcrumb":{"@id":"https:\/\/lospoliticosveracruz.com\/?p=156924#breadcrumb"},"inLanguage":"es","potentialAction":[{"@type":"ReadAction","target":["https:\/\/lospoliticosveracruz.com\/?p=156924"]}]},{"@type":"ImageObject","inLanguage":"es","@id":"https:\/\/lospoliticosveracruz.com\/?p=156924#primaryimage","url":"https:\/\/lospoliticosveracruz.com\/wp-content\/uploads\/2025\/04\/Felipe-Fernandez-Basilio-e1767959429910.jpg","contentUrl":"https:\/\/lospoliticosveracruz.com\/wp-content\/uploads\/2025\/04\/Felipe-Fernandez-Basilio-e1767959429910.jpg","width":600,"height":320},{"@type":"BreadcrumbList","@id":"https:\/\/lospoliticosveracruz.com\/?p=156924#breadcrumb","itemListElement":[{"@type":"ListItem","position":1,"name":"Portada","item":"https:\/\/lospoliticosveracruz.com\/"},{"@type":"ListItem","position":2,"name":"\u00bfLIBERTAD DE EXPRESI\u00d3N?"}]},{"@type":"WebSite","@id":"https:\/\/lospoliticosveracruz.com\/#website","url":"https:\/\/lospoliticosveracruz.com\/","name":"Los pol\u00edticos Veracruz","description":"","publisher":{"@id":"https:\/\/lospoliticosveracruz.com\/#organization"},"potentialAction":[{"@type":"SearchAction","target":{"@type":"EntryPoint","urlTemplate":"https:\/\/lospoliticosveracruz.com\/?s={search_term_string}"},"query-input":{"@type":"PropertyValueSpecification","valueRequired":true,"valueName":"search_term_string"}}],"inLanguage":"es"},{"@type":"Organization","@id":"https:\/\/lospoliticosveracruz.com\/#organization","name":"Los pol\u00edticos Veracruz","url":"https:\/\/lospoliticosveracruz.com\/","logo":{"@type":"ImageObject","inLanguage":"es","@id":"https:\/\/lospoliticosveracruz.com\/#\/schema\/logo\/image\/","url":"https:\/\/lospoliticosveracruz.com\/wp-content\/uploads\/2025\/12\/Logo-Nuevo-LOS-POLITICOS-1.jpg","contentUrl":"https:\/\/lospoliticosveracruz.com\/wp-content\/uploads\/2025\/12\/Logo-Nuevo-LOS-POLITICOS-1.jpg","width":260,"height":70,"caption":"Los pol\u00edticos Veracruz"},"image":{"@id":"https:\/\/lospoliticosveracruz.com\/#\/schema\/logo\/image\/"},"sameAs":["https:\/\/www.facebook.com\/people\/Notimemes-de-los-Polticos\/61565672886568\/","https:\/\/x.com\/LosPoliticosVer"]},{"@type":"Person","@id":"https:\/\/lospoliticosveracruz.com\/#\/schema\/person\/b8702bb0e538456e6efd07080bf2a4a2","name":"Lo viste en Los Pol\u00edticos","image":{"@type":"ImageObject","inLanguage":"es","@id":"https:\/\/secure.gravatar.com\/avatar\/3a8de04a2656d44082be478bd6c086daa447c4651605818287b9532d3d0bd435?s=96&d=mm&r=g","url":"https:\/\/secure.gravatar.com\/avatar\/3a8de04a2656d44082be478bd6c086daa447c4651605818287b9532d3d0bd435?s=96&d=mm&r=g","contentUrl":"https:\/\/secure.gravatar.com\/avatar\/3a8de04a2656d44082be478bd6c086daa447c4651605818287b9532d3d0bd435?s=96&d=mm&r=g","caption":"Lo viste en Los Pol\u00edticos"},"url":"https:\/\/lospoliticosveracruz.com\/?author=2"}]}},"_links":{"self":[{"href":"https:\/\/lospoliticosveracruz.com\/index.php?rest_route=\/wp\/v2\/posts\/156924","targetHints":{"allow":["GET"]}}],"collection":[{"href":"https:\/\/lospoliticosveracruz.com\/index.php?rest_route=\/wp\/v2\/posts"}],"about":[{"href":"https:\/\/lospoliticosveracruz.com\/index.php?rest_route=\/wp\/v2\/types\/post"}],"author":[{"embeddable":true,"href":"https:\/\/lospoliticosveracruz.com\/index.php?rest_route=\/wp\/v2\/users\/2"}],"replies":[{"embeddable":true,"href":"https:\/\/lospoliticosveracruz.com\/index.php?rest_route=%2Fwp%2Fv2%2Fcomments&post=156924"}],"version-history":[{"count":1,"href":"https:\/\/lospoliticosveracruz.com\/index.php?rest_route=\/wp\/v2\/posts\/156924\/revisions"}],"predecessor-version":[{"id":156925,"href":"https:\/\/lospoliticosveracruz.com\/index.php?rest_route=\/wp\/v2\/posts\/156924\/revisions\/156925"}],"wp:featuredmedia":[{"embeddable":true,"href":"https:\/\/lospoliticosveracruz.com\/index.php?rest_route=\/wp\/v2\/media\/141384"}],"wp:attachment":[{"href":"https:\/\/lospoliticosveracruz.com\/index.php?rest_route=%2Fwp%2Fv2%2Fmedia&parent=156924"}],"wp:term":[{"taxonomy":"category","embeddable":true,"href":"https:\/\/lospoliticosveracruz.com\/index.php?rest_route=%2Fwp%2Fv2%2Fcategories&post=156924"},{"taxonomy":"post_tag","embeddable":true,"href":"https:\/\/lospoliticosveracruz.com\/index.php?rest_route=%2Fwp%2Fv2%2Ftags&post=156924"}],"curies":[{"name":"wp","href":"https:\/\/api.w.org\/{rel}","templated":true}]}}