{"id":156928,"date":"2025-11-21T06:40:44","date_gmt":"2025-11-21T12:40:44","guid":{"rendered":"https:\/\/lospoliticosveracruz.com.mx\/?p=156928"},"modified":"2025-11-21T06:40:55","modified_gmt":"2025-11-21T12:40:55","slug":"consejero-en-cdmx-hostiga-a-pianista","status":"publish","type":"post","link":"https:\/\/lospoliticosveracruz.com\/?p=156928","title":{"rendered":"CONSEJERO EN CDMX HOSTIGA A PIANISTA"},"content":{"rendered":"\n<p><strong>Omar Z\u00fa\u00f1iga<\/strong><\/p>\n\n\n\n<p><em>De Primera Mano<\/em> <\/p>\n\n\n\n<p>El&nbsp;viernes 12 de septiembre&nbsp;pr\u00f3ximo pasado&nbsp;(hace apenas un par de meses), la Secretar\u00eda de Cultura&nbsp;de la Ciudad de M\u00e9xico,&nbsp;llev\u00f3 a cabo la instalaci\u00f3n del Consejo de Fomento y Desarrollo Cultural de la Ciudad de M\u00e9xico 2025-2030,&nbsp;\u201cpara&nbsp;constituir un espacio de participaci\u00f3n y di\u00e1logo en el que se fortalezca la relaci\u00f3n entre autoridades culturales, la comunidad art\u00edstica y la sociedad; adem\u00e1s, permitir\u00e1 impulsar procesos de deliberaci\u00f3n y asesor\u00edas orientadas al dise\u00f1o, implementaci\u00f3n y mejora de pol\u00edticas y acciones culturales de la capital\u201d.<\/p>\n\n\n\n\n\n<p>El Consejo&nbsp;es presididio&nbsp;por&nbsp;<strong>Ana Francis L\u00f3pez Bayghen Pati\u00f1o<\/strong>, secretaria de Cultura&nbsp;de CDMX.<\/p>\n\n\n\n<p>Este breviario cultural viene a cuento porque un personaje, que se identific\u00f3 como&nbsp;<strong>Arturo Jim\u00e9nez<\/strong>, (quien probablemente corresponda a&nbsp;<strong>Guillermo Arturo Jim\u00e9nez Ben\u00edtez<\/strong>&nbsp;y enseguida explico porqu\u00e9), tom\u00f3 bandera en el caso de&nbsp;<strong>Argentina Dur\u00e1n<\/strong>, la pianista xalape\u00f1a, que ha sido hostigada.<\/p>\n\n\n\n<p><strong>Arturo Jim\u00e9nez<\/strong>&nbsp;mand\u00f3 una especie&nbsp;de carta, que adem\u00e1s de enviarla al correo personal de la artista, la public\u00f3 en las redes sociales de Dur\u00e1n, haciendo p\u00fablico un asunto privado, pero adem\u00e1s identific\u00e1ndose como miembro del citado Consejo de la Ciudad de M\u00e9xico, que no por justo y bien trovado, el cargo deja de ser puro cuento, pues es un cargo honor\u00edfico,&nbsp;y&nbsp;el objetivo&nbsp;de ese Consejo, seg\u00fan informaci\u00f3n oficial del gobierno de CDMX,&nbsp;es \u201creafirmar&nbsp;su compromiso con construir un puente participativo, democr\u00e1tico y a largo plazo con la comunidad art\u00edstica y cultural\u201d, de la Ciudad de M\u00e9xico.<\/p>\n\n\n\n<p>Y ahora, quien suponemos&nbsp;es&nbsp;<strong>Guillermo Arturo Jim\u00e9nez Ben\u00edtez<\/strong>,&nbsp;puesto que es el nombre publicado en la informaci\u00f3n oficial como miembro de ese Consejo,&nbsp;ha tomado este cargo para realizar tr\u00e1fico de influencias (que es un delito) y por si fuera poco, dejar de lado los objetivos&nbsp;para los que fue creado el&nbsp;Consejo, &nbsp;y&nbsp;buscar mediar un caso que&nbsp;es&nbsp;total y exclusivamente entre particulares, que en nada tiene que ver la comunidad art\u00edstica, salvo el da\u00f1o que le est\u00e1n haciendo a una pianista concertista con renombre internacional, como&nbsp;<strong>Argentina Dur\u00e1n<\/strong>.<\/p>\n\n\n\n<p>En el mensaje que envi\u00f3&nbsp;<strong>Jim\u00e9nez<\/strong>,&nbsp;se ofrece como&nbsp;\u201cmediador\u201d&nbsp;y&nbsp;de pasada&nbsp;le dice a&nbsp;<strong>Arge<\/strong><strong>n<\/strong><strong>tina Dur\u00e1n<\/strong>que&nbsp;ella&nbsp;debe ser mediadora entre su actual esposo y&nbsp;su exc\u00f3nyuge, con la amenaza velada que de no hacerlo, \u201cescalar\u00e1&nbsp;a niveles judiciales\u201d.<\/p>\n\n\n\n<p>Malas noticias para el se\u00f1or&nbsp;<strong>Jim\u00e9nez<\/strong>, porque seguramente para \u00e9l, que adem\u00e1s se identifica como \u201cclavecinista\u201d, escalar\u00e1 a niveles judiciales con un par de demandas y denuncias en su contra, como lo mencion\u00e9, en primer t\u00e9rmino,&nbsp;por&nbsp;tr\u00e1fico de influencias.<\/p>\n\n\n\n<p><strong>Jim\u00e9nez<\/strong>&nbsp;como \u201cclavecinista\u201d,&nbsp;sabe perfectamente que&nbsp;<strong>Argentina Dur<\/strong><strong>\u00e1<\/strong><strong>n<\/strong>&nbsp;pertenece&nbsp;al INBA y por ah\u00ed quiso amedrentar \u201ccon el petate del muerto\u201d, como dicen en el rancho.<\/p>\n\n\n\n<p>Sin embargo, adem\u00e1s de la violaci\u00f3n a los datos personales y jugarle al abogado litigante y\/o mediador, se involucra con el asunto de la falsificaci\u00f3n de documentos oficiales, por la pretendida \u201cnotificaci\u00f3n\u201d que hicieron en Xalapa, utilizando sellos oficiales y falsificando la firma de una jueza civil (cuyo tema est\u00e1 pendiente, por cierto).<\/p>\n\n\n\n<p>A continuaci\u00f3n un extracto de lo publicado por&nbsp;<strong>Arturo Jim\u00e9nez<\/strong>.<\/p>\n\n\n\n<p>\u201cBuenas noches se\u00f1ora Dur\u00e1n, le escribe&nbsp;<strong>Arturo Jim\u00e9nez<\/strong>, integrante del Consejo de Fomento y Desarrollo Cultural de la ciudad de M\u00e9xico 2025-2030\u201d.<\/p>\n\n\n\n<p>\u201cMe veo en la penosa necesidad de contactarle por esta v\u00eda dado que no ha sido posible establecer comunicaci\u00f3n por los canales convencionales en lo referente al caso del se\u00f1or&nbsp;xxxxx\u201d.<\/p>\n\n\n\n<p>\u201cObra&nbsp;en mi poder un expediente que refiere lo siguiente:&nbsp;adeudo de pensi\u00f3n alimenticia del ciudadano ecuatoriano&nbsp;xxxxxx,&nbsp;en&nbsp;perjuicio de un menor con discapacidad&nbsp;(\u2026). Negativa&nbsp;p\u00fablica de conocerlo pese a que en sus redes sociales usted lo identifica como su esposo\u201d.<\/p>\n\n\n\n<p>\u201c(\u2026)&nbsp;<strong>P<\/strong><strong>osibles actos de obstaculizaci\u00f3n de su parte en las notificaciones al deudor de Xalapa 2025, con consecuencias jur\u00eddicas relevantes en materia de obligaciones alimentarias<\/strong>\u201d.&nbsp;<\/p>\n\n\n\n<p>\u201cSin prejuzgar responsabilidades que corresponder\u00e1 determinar a las autoridades competentes, le solicito atentamente que si cuenta usted con informaci\u00f3n de localizaci\u00f3n o contacto del se\u00f1or, la ponga a disposici\u00f3n de la autoridad correspondiente o autorice fungir como conducto para las notificaciones legales\u201d.<\/p>\n\n\n\n<p>*****<\/p>\n\n\n\n<p>As\u00ed las cosas, el clavecinista, en primera instancia&nbsp;deber\u00e1 responder a la&nbsp;secretaria de Cultura de CDMX&nbsp;<strong>Ana Francis L\u00f3pez Bayghen Pati\u00f1o<\/strong>, de porqu\u00e9 usa su cargo como consejero para amenazar a una artista mexicana y adem\u00e1s en su calidad de mujer, que no hace da\u00f1o a nadie&nbsp;y s\u00f3lo pide vivir en paz.&nbsp;<\/p>\n\n\n\n<p>En la explicaci\u00f3n,&nbsp;<strong>Arturo Jim\u00e9nez<\/strong>&nbsp;deber\u00e1 incluir a qui\u00e9n le est\u00e1 haciendo un favor.<\/p>\n\n\n\n<p>Su situaci\u00f3n legal ser\u00e1 otro rollo.<\/p>\n\n\n\n<p>\u00a1Qu\u00e9 barbaridad!<\/p>\n\n\n\n<p>deprimera.mano2020gmail.com<\/p>\n","protected":false},"excerpt":{"rendered":"<p>Omar Z\u00fa\u00f1iga De Primera Mano El&nbsp;viernes 12 de septiembre&nbsp;pr\u00f3ximo pasado&nbsp;(hace apenas un par de meses), la Secretar\u00eda de Cultura&nbsp;de la Ciudad de M\u00e9xico,&nbsp;llev\u00f3 a cabo la instalaci\u00f3n del Consejo de Fomento y Desarrollo Cultural de la Ciudad de M\u00e9xico 2025-2030,&nbsp;\u201cpara&nbsp;constituir un espacio de participaci\u00f3n y di\u00e1logo en el que se fortalezca la relaci\u00f3n entre autoridades [&hellip;]<\/p>\n","protected":false},"author":2,"featured_media":141427,"comment_status":"closed","ping_status":"closed","sticky":false,"template":"","format":"standard","meta":{"tdm_status":"","tdm_grid_status":"","footnotes":""},"categories":[70],"tags":[47424],"class_list":{"0":"post-156928","1":"post","2":"type-post","3":"status-publish","4":"format-standard","5":"has-post-thumbnail","7":"category-de-opinion","8":"tag-consejo-de-fomento-cultural-de-cdmx"},"yoast_head":"<!-- This site is optimized with the Yoast SEO plugin v27.4 - https:\/\/yoast.com\/product\/yoast-seo-wordpress\/ -->\n<title>CONSEJERO EN CDMX HOSTIGA A PIANISTA - Los pol\u00edticos Veracruz<\/title>\n<meta name=\"robots\" content=\"index, follow, max-snippet:-1, max-image-preview:large, max-video-preview:-1\" \/>\n<link rel=\"canonical\" href=\"https:\/\/lospoliticosveracruz.com\/?p=156928\" \/>\n<meta property=\"og:locale\" content=\"es_ES\" \/>\n<meta property=\"og:type\" content=\"article\" \/>\n<meta property=\"og:title\" content=\"CONSEJERO EN CDMX HOSTIGA A PIANISTA - Los pol\u00edticos Veracruz\" \/>\n<meta property=\"og:description\" content=\"Omar Z\u00fa\u00f1iga De Primera Mano El&nbsp;viernes 12 de septiembre&nbsp;pr\u00f3ximo pasado&nbsp;(hace apenas un par de meses), la Secretar\u00eda de Cultura&nbsp;de la Ciudad de M\u00e9xico,&nbsp;llev\u00f3 a cabo la instalaci\u00f3n del Consejo de Fomento y Desarrollo Cultural de la Ciudad de M\u00e9xico 2025-2030,&nbsp;\u201cpara&nbsp;constituir un espacio de participaci\u00f3n y di\u00e1logo en el que se fortalezca la relaci\u00f3n entre autoridades [&hellip;]\" \/>\n<meta property=\"og:url\" content=\"https:\/\/lospoliticosveracruz.com\/?p=156928\" \/>\n<meta property=\"og:site_name\" content=\"Los pol\u00edticos Veracruz\" \/>\n<meta property=\"article:publisher\" content=\"https:\/\/www.facebook.com\/people\/Notimemes-de-los-Polticos\/61565672886568\/\" \/>\n<meta property=\"article:published_time\" content=\"2025-11-21T12:40:44+00:00\" \/>\n<meta property=\"article:modified_time\" content=\"2025-11-21T12:40:55+00:00\" \/>\n<meta property=\"og:image\" content=\"https:\/\/lospoliticosveracruz.com\/wp-content\/uploads\/2025\/04\/Omar-Zuniga.jpg\" \/>\n\t<meta property=\"og:image:width\" content=\"1250\" \/>\n\t<meta property=\"og:image:height\" content=\"667\" \/>\n\t<meta property=\"og:image:type\" content=\"image\/jpeg\" \/>\n<meta name=\"author\" content=\"Lo viste en Los Pol\u00edticos\" \/>\n<meta name=\"twitter:card\" content=\"summary_large_image\" \/>\n<meta name=\"twitter:creator\" content=\"@LosPoliticosVer\" \/>\n<meta name=\"twitter:site\" content=\"@LosPoliticosVer\" \/>\n<meta name=\"twitter:label1\" content=\"Escrito por\" \/>\n\t<meta name=\"twitter:data1\" content=\"Lo viste en Los Pol\u00edticos\" \/>\n\t<meta name=\"twitter:label2\" content=\"Tiempo de lectura\" \/>\n\t<meta name=\"twitter:data2\" content=\"5 minutos\" \/>\n<script type=\"application\/ld+json\" class=\"yoast-schema-graph\">{\"@context\":\"https:\\\/\\\/schema.org\",\"@graph\":[{\"@type\":\"Article\",\"@id\":\"https:\\\/\\\/lospoliticosveracruz.com\\\/?p=156928#article\",\"isPartOf\":{\"@id\":\"https:\\\/\\\/lospoliticosveracruz.com\\\/?p=156928\"},\"author\":{\"name\":\"Lo viste en Los Pol\u00edticos\",\"@id\":\"https:\\\/\\\/lospoliticosveracruz.com\\\/#\\\/schema\\\/person\\\/b8702bb0e538456e6efd07080bf2a4a2\"},\"headline\":\"CONSEJERO EN CDMX HOSTIGA A PIANISTA\",\"datePublished\":\"2025-11-21T12:40:44+00:00\",\"dateModified\":\"2025-11-21T12:40:55+00:00\",\"mainEntityOfPage\":{\"@id\":\"https:\\\/\\\/lospoliticosveracruz.com\\\/?p=156928\"},\"wordCount\":914,\"publisher\":{\"@id\":\"https:\\\/\\\/lospoliticosveracruz.com\\\/#organization\"},\"image\":{\"@id\":\"https:\\\/\\\/lospoliticosveracruz.com\\\/?p=156928#primaryimage\"},\"thumbnailUrl\":\"https:\\\/\\\/lospoliticosveracruz.com\\\/wp-content\\\/uploads\\\/2025\\\/04\\\/Omar-Zuniga.jpg\",\"keywords\":[\"Consejo de Fomento Cultural de CDMX\"],\"articleSection\":[\"De Opini\u00f3n\"],\"inLanguage\":\"es\"},{\"@type\":\"WebPage\",\"@id\":\"https:\\\/\\\/lospoliticosveracruz.com\\\/?p=156928\",\"url\":\"https:\\\/\\\/lospoliticosveracruz.com\\\/?p=156928\",\"name\":\"CONSEJERO EN CDMX HOSTIGA A PIANISTA - Los pol\u00edticos Veracruz\",\"isPartOf\":{\"@id\":\"https:\\\/\\\/lospoliticosveracruz.com\\\/#website\"},\"primaryImageOfPage\":{\"@id\":\"https:\\\/\\\/lospoliticosveracruz.com\\\/?p=156928#primaryimage\"},\"image\":{\"@id\":\"https:\\\/\\\/lospoliticosveracruz.com\\\/?p=156928#primaryimage\"},\"thumbnailUrl\":\"https:\\\/\\\/lospoliticosveracruz.com\\\/wp-content\\\/uploads\\\/2025\\\/04\\\/Omar-Zuniga.jpg\",\"datePublished\":\"2025-11-21T12:40:44+00:00\",\"dateModified\":\"2025-11-21T12:40:55+00:00\",\"breadcrumb\":{\"@id\":\"https:\\\/\\\/lospoliticosveracruz.com\\\/?p=156928#breadcrumb\"},\"inLanguage\":\"es\",\"potentialAction\":[{\"@type\":\"ReadAction\",\"target\":[\"https:\\\/\\\/lospoliticosveracruz.com\\\/?p=156928\"]}]},{\"@type\":\"ImageObject\",\"inLanguage\":\"es\",\"@id\":\"https:\\\/\\\/lospoliticosveracruz.com\\\/?p=156928#primaryimage\",\"url\":\"https:\\\/\\\/lospoliticosveracruz.com\\\/wp-content\\\/uploads\\\/2025\\\/04\\\/Omar-Zuniga.jpg\",\"contentUrl\":\"https:\\\/\\\/lospoliticosveracruz.com\\\/wp-content\\\/uploads\\\/2025\\\/04\\\/Omar-Zuniga.jpg\",\"width\":1250,\"height\":667},{\"@type\":\"BreadcrumbList\",\"@id\":\"https:\\\/\\\/lospoliticosveracruz.com\\\/?p=156928#breadcrumb\",\"itemListElement\":[{\"@type\":\"ListItem\",\"position\":1,\"name\":\"Portada\",\"item\":\"https:\\\/\\\/lospoliticosveracruz.com\\\/\"},{\"@type\":\"ListItem\",\"position\":2,\"name\":\"CONSEJERO EN CDMX HOSTIGA A PIANISTA\"}]},{\"@type\":\"WebSite\",\"@id\":\"https:\\\/\\\/lospoliticosveracruz.com\\\/#website\",\"url\":\"https:\\\/\\\/lospoliticosveracruz.com\\\/\",\"name\":\"Los pol\u00edticos Veracruz\",\"description\":\"\",\"publisher\":{\"@id\":\"https:\\\/\\\/lospoliticosveracruz.com\\\/#organization\"},\"potentialAction\":[{\"@type\":\"SearchAction\",\"target\":{\"@type\":\"EntryPoint\",\"urlTemplate\":\"https:\\\/\\\/lospoliticosveracruz.com\\\/?s={search_term_string}\"},\"query-input\":{\"@type\":\"PropertyValueSpecification\",\"valueRequired\":true,\"valueName\":\"search_term_string\"}}],\"inLanguage\":\"es\"},{\"@type\":\"Organization\",\"@id\":\"https:\\\/\\\/lospoliticosveracruz.com\\\/#organization\",\"name\":\"Los pol\u00edticos Veracruz\",\"url\":\"https:\\\/\\\/lospoliticosveracruz.com\\\/\",\"logo\":{\"@type\":\"ImageObject\",\"inLanguage\":\"es\",\"@id\":\"https:\\\/\\\/lospoliticosveracruz.com\\\/#\\\/schema\\\/logo\\\/image\\\/\",\"url\":\"https:\\\/\\\/lospoliticosveracruz.com\\\/wp-content\\\/uploads\\\/2025\\\/12\\\/Logo-Nuevo-LOS-POLITICOS-1.jpg\",\"contentUrl\":\"https:\\\/\\\/lospoliticosveracruz.com\\\/wp-content\\\/uploads\\\/2025\\\/12\\\/Logo-Nuevo-LOS-POLITICOS-1.jpg\",\"width\":260,\"height\":70,\"caption\":\"Los pol\u00edticos Veracruz\"},\"image\":{\"@id\":\"https:\\\/\\\/lospoliticosveracruz.com\\\/#\\\/schema\\\/logo\\\/image\\\/\"},\"sameAs\":[\"https:\\\/\\\/www.facebook.com\\\/people\\\/Notimemes-de-los-Polticos\\\/61565672886568\\\/\",\"https:\\\/\\\/x.com\\\/LosPoliticosVer\"]},{\"@type\":\"Person\",\"@id\":\"https:\\\/\\\/lospoliticosveracruz.com\\\/#\\\/schema\\\/person\\\/b8702bb0e538456e6efd07080bf2a4a2\",\"name\":\"Lo viste en Los Pol\u00edticos\",\"image\":{\"@type\":\"ImageObject\",\"inLanguage\":\"es\",\"@id\":\"https:\\\/\\\/secure.gravatar.com\\\/avatar\\\/3a8de04a2656d44082be478bd6c086daa447c4651605818287b9532d3d0bd435?s=96&d=mm&r=g\",\"url\":\"https:\\\/\\\/secure.gravatar.com\\\/avatar\\\/3a8de04a2656d44082be478bd6c086daa447c4651605818287b9532d3d0bd435?s=96&d=mm&r=g\",\"contentUrl\":\"https:\\\/\\\/secure.gravatar.com\\\/avatar\\\/3a8de04a2656d44082be478bd6c086daa447c4651605818287b9532d3d0bd435?s=96&d=mm&r=g\",\"caption\":\"Lo viste en Los Pol\u00edticos\"},\"url\":\"https:\\\/\\\/lospoliticosveracruz.com\\\/?author=2\"}]}<\/script>\n<!-- \/ Yoast SEO plugin. -->","yoast_head_json":{"title":"CONSEJERO EN CDMX HOSTIGA A PIANISTA - Los pol\u00edticos Veracruz","robots":{"index":"index","follow":"follow","max-snippet":"max-snippet:-1","max-image-preview":"max-image-preview:large","max-video-preview":"max-video-preview:-1"},"canonical":"https:\/\/lospoliticosveracruz.com\/?p=156928","og_locale":"es_ES","og_type":"article","og_title":"CONSEJERO EN CDMX HOSTIGA A PIANISTA - Los pol\u00edticos Veracruz","og_description":"Omar Z\u00fa\u00f1iga De Primera Mano El&nbsp;viernes 12 de septiembre&nbsp;pr\u00f3ximo pasado&nbsp;(hace apenas un par de meses), la Secretar\u00eda de Cultura&nbsp;de la Ciudad de M\u00e9xico,&nbsp;llev\u00f3 a cabo la instalaci\u00f3n del Consejo de Fomento y Desarrollo Cultural de la Ciudad de M\u00e9xico 2025-2030,&nbsp;\u201cpara&nbsp;constituir un espacio de participaci\u00f3n y di\u00e1logo en el que se fortalezca la relaci\u00f3n entre autoridades [&hellip;]","og_url":"https:\/\/lospoliticosveracruz.com\/?p=156928","og_site_name":"Los pol\u00edticos Veracruz","article_publisher":"https:\/\/www.facebook.com\/people\/Notimemes-de-los-Polticos\/61565672886568\/","article_published_time":"2025-11-21T12:40:44+00:00","article_modified_time":"2025-11-21T12:40:55+00:00","og_image":[{"width":1250,"height":667,"url":"https:\/\/lospoliticosveracruz.com\/wp-content\/uploads\/2025\/04\/Omar-Zuniga.jpg","type":"image\/jpeg"}],"author":"Lo viste en Los Pol\u00edticos","twitter_card":"summary_large_image","twitter_creator":"@LosPoliticosVer","twitter_site":"@LosPoliticosVer","twitter_misc":{"Escrito por":"Lo viste en Los Pol\u00edticos","Tiempo de lectura":"5 minutos"},"schema":{"@context":"https:\/\/schema.org","@graph":[{"@type":"Article","@id":"https:\/\/lospoliticosveracruz.com\/?p=156928#article","isPartOf":{"@id":"https:\/\/lospoliticosveracruz.com\/?p=156928"},"author":{"name":"Lo viste en Los Pol\u00edticos","@id":"https:\/\/lospoliticosveracruz.com\/#\/schema\/person\/b8702bb0e538456e6efd07080bf2a4a2"},"headline":"CONSEJERO EN CDMX HOSTIGA A PIANISTA","datePublished":"2025-11-21T12:40:44+00:00","dateModified":"2025-11-21T12:40:55+00:00","mainEntityOfPage":{"@id":"https:\/\/lospoliticosveracruz.com\/?p=156928"},"wordCount":914,"publisher":{"@id":"https:\/\/lospoliticosveracruz.com\/#organization"},"image":{"@id":"https:\/\/lospoliticosveracruz.com\/?p=156928#primaryimage"},"thumbnailUrl":"https:\/\/lospoliticosveracruz.com\/wp-content\/uploads\/2025\/04\/Omar-Zuniga.jpg","keywords":["Consejo de Fomento Cultural de CDMX"],"articleSection":["De Opini\u00f3n"],"inLanguage":"es"},{"@type":"WebPage","@id":"https:\/\/lospoliticosveracruz.com\/?p=156928","url":"https:\/\/lospoliticosveracruz.com\/?p=156928","name":"CONSEJERO EN CDMX HOSTIGA A PIANISTA - Los pol\u00edticos Veracruz","isPartOf":{"@id":"https:\/\/lospoliticosveracruz.com\/#website"},"primaryImageOfPage":{"@id":"https:\/\/lospoliticosveracruz.com\/?p=156928#primaryimage"},"image":{"@id":"https:\/\/lospoliticosveracruz.com\/?p=156928#primaryimage"},"thumbnailUrl":"https:\/\/lospoliticosveracruz.com\/wp-content\/uploads\/2025\/04\/Omar-Zuniga.jpg","datePublished":"2025-11-21T12:40:44+00:00","dateModified":"2025-11-21T12:40:55+00:00","breadcrumb":{"@id":"https:\/\/lospoliticosveracruz.com\/?p=156928#breadcrumb"},"inLanguage":"es","potentialAction":[{"@type":"ReadAction","target":["https:\/\/lospoliticosveracruz.com\/?p=156928"]}]},{"@type":"ImageObject","inLanguage":"es","@id":"https:\/\/lospoliticosveracruz.com\/?p=156928#primaryimage","url":"https:\/\/lospoliticosveracruz.com\/wp-content\/uploads\/2025\/04\/Omar-Zuniga.jpg","contentUrl":"https:\/\/lospoliticosveracruz.com\/wp-content\/uploads\/2025\/04\/Omar-Zuniga.jpg","width":1250,"height":667},{"@type":"BreadcrumbList","@id":"https:\/\/lospoliticosveracruz.com\/?p=156928#breadcrumb","itemListElement":[{"@type":"ListItem","position":1,"name":"Portada","item":"https:\/\/lospoliticosveracruz.com\/"},{"@type":"ListItem","position":2,"name":"CONSEJERO EN CDMX HOSTIGA A PIANISTA"}]},{"@type":"WebSite","@id":"https:\/\/lospoliticosveracruz.com\/#website","url":"https:\/\/lospoliticosveracruz.com\/","name":"Los pol\u00edticos Veracruz","description":"","publisher":{"@id":"https:\/\/lospoliticosveracruz.com\/#organization"},"potentialAction":[{"@type":"SearchAction","target":{"@type":"EntryPoint","urlTemplate":"https:\/\/lospoliticosveracruz.com\/?s={search_term_string}"},"query-input":{"@type":"PropertyValueSpecification","valueRequired":true,"valueName":"search_term_string"}}],"inLanguage":"es"},{"@type":"Organization","@id":"https:\/\/lospoliticosveracruz.com\/#organization","name":"Los pol\u00edticos Veracruz","url":"https:\/\/lospoliticosveracruz.com\/","logo":{"@type":"ImageObject","inLanguage":"es","@id":"https:\/\/lospoliticosveracruz.com\/#\/schema\/logo\/image\/","url":"https:\/\/lospoliticosveracruz.com\/wp-content\/uploads\/2025\/12\/Logo-Nuevo-LOS-POLITICOS-1.jpg","contentUrl":"https:\/\/lospoliticosveracruz.com\/wp-content\/uploads\/2025\/12\/Logo-Nuevo-LOS-POLITICOS-1.jpg","width":260,"height":70,"caption":"Los pol\u00edticos Veracruz"},"image":{"@id":"https:\/\/lospoliticosveracruz.com\/#\/schema\/logo\/image\/"},"sameAs":["https:\/\/www.facebook.com\/people\/Notimemes-de-los-Polticos\/61565672886568\/","https:\/\/x.com\/LosPoliticosVer"]},{"@type":"Person","@id":"https:\/\/lospoliticosveracruz.com\/#\/schema\/person\/b8702bb0e538456e6efd07080bf2a4a2","name":"Lo viste en Los Pol\u00edticos","image":{"@type":"ImageObject","inLanguage":"es","@id":"https:\/\/secure.gravatar.com\/avatar\/3a8de04a2656d44082be478bd6c086daa447c4651605818287b9532d3d0bd435?s=96&d=mm&r=g","url":"https:\/\/secure.gravatar.com\/avatar\/3a8de04a2656d44082be478bd6c086daa447c4651605818287b9532d3d0bd435?s=96&d=mm&r=g","contentUrl":"https:\/\/secure.gravatar.com\/avatar\/3a8de04a2656d44082be478bd6c086daa447c4651605818287b9532d3d0bd435?s=96&d=mm&r=g","caption":"Lo viste en Los Pol\u00edticos"},"url":"https:\/\/lospoliticosveracruz.com\/?author=2"}]}},"_links":{"self":[{"href":"https:\/\/lospoliticosveracruz.com\/index.php?rest_route=\/wp\/v2\/posts\/156928","targetHints":{"allow":["GET"]}}],"collection":[{"href":"https:\/\/lospoliticosveracruz.com\/index.php?rest_route=\/wp\/v2\/posts"}],"about":[{"href":"https:\/\/lospoliticosveracruz.com\/index.php?rest_route=\/wp\/v2\/types\/post"}],"author":[{"embeddable":true,"href":"https:\/\/lospoliticosveracruz.com\/index.php?rest_route=\/wp\/v2\/users\/2"}],"replies":[{"embeddable":true,"href":"https:\/\/lospoliticosveracruz.com\/index.php?rest_route=%2Fwp%2Fv2%2Fcomments&post=156928"}],"version-history":[{"count":1,"href":"https:\/\/lospoliticosveracruz.com\/index.php?rest_route=\/wp\/v2\/posts\/156928\/revisions"}],"predecessor-version":[{"id":156929,"href":"https:\/\/lospoliticosveracruz.com\/index.php?rest_route=\/wp\/v2\/posts\/156928\/revisions\/156929"}],"wp:featuredmedia":[{"embeddable":true,"href":"https:\/\/lospoliticosveracruz.com\/index.php?rest_route=\/wp\/v2\/media\/141427"}],"wp:attachment":[{"href":"https:\/\/lospoliticosveracruz.com\/index.php?rest_route=%2Fwp%2Fv2%2Fmedia&parent=156928"}],"wp:term":[{"taxonomy":"category","embeddable":true,"href":"https:\/\/lospoliticosveracruz.com\/index.php?rest_route=%2Fwp%2Fv2%2Fcategories&post=156928"},{"taxonomy":"post_tag","embeddable":true,"href":"https:\/\/lospoliticosveracruz.com\/index.php?rest_route=%2Fwp%2Fv2%2Ftags&post=156928"}],"curies":[{"name":"wp","href":"https:\/\/api.w.org\/{rel}","templated":true}]}}