{"id":15696,"date":"2015-04-10T20:34:58","date_gmt":"2015-04-11T01:34:58","guid":{"rendered":"http:\/\/www.lospoliticosveracruz.com.mx\/?p=15696"},"modified":"2015-04-10T20:34:58","modified_gmt":"2015-04-11T01:34:58","slug":"la-musa-de-elizabeth","status":"publish","type":"post","link":"https:\/\/lospoliticosveracruz.com\/?p=15696","title":{"rendered":"La Musa de Elizabeth"},"content":{"rendered":"<p><a href=\"http:\/\/www.lospoliticosveracruz.com.mx\/wp-content\/uploads\/2015\/04\/La-Musa.jpg\"><img loading=\"lazy\" decoding=\"async\" class=\"alignnone size-medium wp-image-15697\" src=\"http:\/\/www.lospoliticosveracruz.com.mx\/wp-content\/uploads\/2015\/04\/La-Musa-300x111.jpg\" alt=\"La Musa\" width=\"300\" height=\"111\" \/><\/a><br \/>\n<strong>Salvador Mu\u00f1oz<\/strong><\/p>\n<p><em>Los Pol\u00edticos<\/em><\/p>\n<p>A casi una semana de que hayan arrancado las campa\u00f1as, han llamado mi atenci\u00f3n los sombrerudos candidatos del PRI y la pose de T\u00edo Sam que asumi\u00f3 Alberto Silva en uno de sus promocionales.<br \/>\nMe gusta la actitud jovial de Anil\u00fa Ingram con sus jeans y esa toallita a la cintura\u2026 aunque extra\u00f1o el paliacate de la pasada campa\u00f1a\u2026 se me hac\u00eda m\u00e1s jarocho el asunto.<br \/>\nHe visto el promocional del Maestro, Cuate y Amigo Magno Garcimarrero donde resume en breves l\u00edneas su propuesta de trabajo.<br \/>\nTambi\u00e9n el de Edgar Spinoso con un lema curioso: \u201cVivimos tiempos dif\u00edciles. Vamos a salir adelante\u201d. Digo curioso porque el candidato verde (tanto por el partido como por ser su primera contienda electoral) realmente \u201ctiempos dif\u00edciles\u201d en materia econ\u00f3mica dudo que sufra\u2026 aunque ya en lo que respecta al \u00e1mbito familiar, se la doy a ganar en espera de que como \u00e9l mismo dice, salga adelante.<br \/>\nY pudiera seguir con todos los que se dejan ver, porque hay otros candidatos que pareciera que siguen en veda, tan as\u00ed, que poco se sabe de ellos.<br \/>\nEn el caso de Elizabeth Morales, estoy seguro, es la \u00fanica candidata que no aparece en su promocional con la cl\u00e1sica foto, sonriendo, con los deditos de \u201camor y paz\u201d tipo Fox como se estiliza en estos tiempos de campa\u00f1a. A\u00fan m\u00e1s: ni siquiera se ve el logo del PRI o su nombre en sus espectaculares o pulseras y separadores de promoci\u00f3n. En su lugar est\u00e1 \u201cLa Musa\u201d.<br \/>\nAs\u00ed es como llama el equipo de Elizabeth a esa mujer que aparece volando en sus promocionales.<br \/>\nPero, \u00bfqui\u00e9n es esa mujer? \u00bfPor qu\u00e9 apostar a esa imagen? \u00bfqu\u00e9 significa cada elemento que rodea a La Musa?<br \/>\nBien pudiera haberle preguntado a la misma Elizabeth y lo m\u00e1s seguro es que me hubiera respondido miles de cosas pero qui\u00e9n mejor que el autor de esta obra que rompe en Veracruz y quiz\u00e1s en M\u00e9xico, los estereotipos de campa\u00f1a donde el rostro del candidato deja de ser relevante para dar espacio a un nuevo concepto o quiz\u00e1s a un remanso de paz, tranquilidad en medio de tanta propaganda pol\u00edtica.<br \/>\nCaleb Hern\u00e1ndez Salas, un joven de 26 a\u00f1os, artista, muralista, hizo esta obra que \u00e9l llama \u201cPatria\u201d pensando en plasmarla en una de las paredes de Xalapa\u2026 por equis o ye, su sue\u00f1o se pospuso y ah\u00ed ten\u00eda la obra, pegada en una hoja tabloide.<br \/>\nUn d\u00eda lo llaman para trabajar con una empresa el dise\u00f1o para el promocional de Elizabeth Morales. Ella les explica que no quiere lo mismo.. \u00bf40? \u00bf50? Muchas propuestas pasaron por los ojos de Elizabeth y no acababan de convencerla. Entonces, la Jefa de Caleb vio ese proyecto de mural y dijo: \u201cEs lo que ella necesita\u201d.<br \/>\nLe presentaron a Elizabeth otras propuestas y al final el trabajo de Caleb. Al ponerlo en el monitor, Elizabeth observ\u00f3 en silencio por espacio de cinco o seis minutos la imagen. Llam\u00f3 a una asistente y tuvo el mismo efecto. Ser\u00eda la Musa de su trabajo.<br \/>\nA Caleb no le molesta que le llamen \u201cLa Musa\u201d. \u00c9l la sigue viendo como una expresi\u00f3n de orgullo por ser mexicano. Por eso los colores verde, blanco y rojo. \u201cNi tengo filiaci\u00f3n partidista\u201d. \u00bfLa paloma? Un asunto muy personal del artista: Su deseo de paz. \u00bfLas flores? \u201cSoy xalape\u00f1o y era una forma de poner a Xalapa en mi obra\u201d. \u00bfLa mujer?: \u201cMi respeto a todas las mujeres trabajadoras. La patria es una mujer\u201d.<br \/>\nLe digo a Caleb que es un contraste \u201cLa Musa\u201d, porque si bien me gusta y transmite tranquilidad, me angustia que no alcance a la paloma.<br \/>\nMe responde Caleb que es una cuesti\u00f3n de perspectiva\u2026 \u201cpara ti, no la alcanza. Yo veo que la solt\u00f3, la deja en libertad y vuela con ella\u201d.<\/p>\n<p>smcainito@gmail.com<\/p>\n","protected":false},"excerpt":{"rendered":"<p>Salvador Mu\u00f1oz Los Pol\u00edticos A casi una semana de que hayan arrancado las campa\u00f1as, han llamado mi atenci\u00f3n los sombrerudos candidatos del PRI y la pose de T\u00edo Sam que asumi\u00f3 Alberto Silva en uno de sus promocionales. Me gusta la actitud jovial de Anil\u00fa Ingram con sus jeans y esa toallita a la cintura\u2026 [&hellip;]<\/p>\n","protected":false},"author":2,"featured_media":0,"comment_status":"open","ping_status":"open","sticky":false,"template":"","format":"standard","meta":{"tdm_status":"","tdm_grid_status":"","footnotes":""},"categories":[70],"tags":[2397,133,2396,680],"class_list":{"0":"post-15696","1":"post","2":"type-post","3":"status-publish","4":"format-standard","6":"category-de-opinion","7":"tag-caleb-hernandez-salas","8":"tag-elizabeth-morales","9":"tag-la-musa","10":"tag-magno-garcimarrero"},"yoast_head":"<!-- This site is optimized with the Yoast SEO plugin v27.4 - https:\/\/yoast.com\/product\/yoast-seo-wordpress\/ -->\n<title>La Musa de Elizabeth - Los pol\u00edticos Veracruz<\/title>\n<meta name=\"robots\" content=\"index, follow, max-snippet:-1, max-image-preview:large, max-video-preview:-1\" \/>\n<link rel=\"canonical\" href=\"https:\/\/lospoliticosveracruz.com\/?p=15696\" \/>\n<meta property=\"og:locale\" content=\"es_ES\" \/>\n<meta property=\"og:type\" content=\"article\" \/>\n<meta property=\"og:title\" content=\"La Musa de Elizabeth - Los pol\u00edticos Veracruz\" \/>\n<meta property=\"og:description\" content=\"Salvador Mu\u00f1oz Los Pol\u00edticos A casi una semana de que hayan arrancado las campa\u00f1as, han llamado mi atenci\u00f3n los sombrerudos candidatos del PRI y la pose de T\u00edo Sam que asumi\u00f3 Alberto Silva en uno de sus promocionales. Me gusta la actitud jovial de Anil\u00fa Ingram con sus jeans y esa toallita a la cintura\u2026 [&hellip;]\" \/>\n<meta property=\"og:url\" content=\"https:\/\/lospoliticosveracruz.com\/?p=15696\" \/>\n<meta property=\"og:site_name\" content=\"Los pol\u00edticos Veracruz\" \/>\n<meta property=\"article:publisher\" content=\"https:\/\/www.facebook.com\/people\/Notimemes-de-los-Polticos\/61565672886568\/\" \/>\n<meta property=\"article:published_time\" content=\"2015-04-11T01:34:58+00:00\" \/>\n<meta property=\"og:image\" content=\"http:\/\/www.lospoliticosveracruz.com.mx\/wp-content\/uploads\/2015\/04\/La-Musa-300x111.jpg\" \/>\n<meta name=\"author\" content=\"Lo viste en Los Pol\u00edticos\" \/>\n<meta name=\"twitter:card\" content=\"summary_large_image\" \/>\n<meta name=\"twitter:creator\" content=\"@LosPoliticosVer\" \/>\n<meta name=\"twitter:site\" content=\"@LosPoliticosVer\" \/>\n<meta name=\"twitter:label1\" content=\"Escrito por\" \/>\n\t<meta name=\"twitter:data1\" content=\"Lo viste en Los Pol\u00edticos\" \/>\n\t<meta name=\"twitter:label2\" content=\"Tiempo de lectura\" \/>\n\t<meta name=\"twitter:data2\" content=\"3 minutos\" \/>\n<script type=\"application\/ld+json\" class=\"yoast-schema-graph\">{\"@context\":\"https:\\\/\\\/schema.org\",\"@graph\":[{\"@type\":\"Article\",\"@id\":\"https:\\\/\\\/lospoliticosveracruz.com\\\/?p=15696#article\",\"isPartOf\":{\"@id\":\"https:\\\/\\\/lospoliticosveracruz.com\\\/?p=15696\"},\"author\":{\"name\":\"Lo viste en Los Pol\u00edticos\",\"@id\":\"https:\\\/\\\/lospoliticosveracruz.com\\\/#\\\/schema\\\/person\\\/b8702bb0e538456e6efd07080bf2a4a2\"},\"headline\":\"La Musa de Elizabeth\",\"datePublished\":\"2015-04-11T01:34:58+00:00\",\"mainEntityOfPage\":{\"@id\":\"https:\\\/\\\/lospoliticosveracruz.com\\\/?p=15696\"},\"wordCount\":678,\"commentCount\":0,\"publisher\":{\"@id\":\"https:\\\/\\\/lospoliticosveracruz.com\\\/#organization\"},\"image\":{\"@id\":\"https:\\\/\\\/lospoliticosveracruz.com\\\/?p=15696#primaryimage\"},\"thumbnailUrl\":\"http:\\\/\\\/www.lospoliticosveracruz.com.mx\\\/wp-content\\\/uploads\\\/2015\\\/04\\\/La-Musa-300x111.jpg\",\"keywords\":[\"Caleb Hern\u00e1ndez Salas\",\"Elizabeth Morales\",\"La Musa\",\"Magno Garcimarrero\"],\"articleSection\":[\"De Opini\u00f3n\"],\"inLanguage\":\"es\",\"potentialAction\":[{\"@type\":\"CommentAction\",\"name\":\"Comment\",\"target\":[\"https:\\\/\\\/lospoliticosveracruz.com\\\/?p=15696#respond\"]}]},{\"@type\":\"WebPage\",\"@id\":\"https:\\\/\\\/lospoliticosveracruz.com\\\/?p=15696\",\"url\":\"https:\\\/\\\/lospoliticosveracruz.com\\\/?p=15696\",\"name\":\"La Musa de Elizabeth - Los pol\u00edticos Veracruz\",\"isPartOf\":{\"@id\":\"https:\\\/\\\/lospoliticosveracruz.com\\\/#website\"},\"primaryImageOfPage\":{\"@id\":\"https:\\\/\\\/lospoliticosveracruz.com\\\/?p=15696#primaryimage\"},\"image\":{\"@id\":\"https:\\\/\\\/lospoliticosveracruz.com\\\/?p=15696#primaryimage\"},\"thumbnailUrl\":\"http:\\\/\\\/www.lospoliticosveracruz.com.mx\\\/wp-content\\\/uploads\\\/2015\\\/04\\\/La-Musa-300x111.jpg\",\"datePublished\":\"2015-04-11T01:34:58+00:00\",\"breadcrumb\":{\"@id\":\"https:\\\/\\\/lospoliticosveracruz.com\\\/?p=15696#breadcrumb\"},\"inLanguage\":\"es\",\"potentialAction\":[{\"@type\":\"ReadAction\",\"target\":[\"https:\\\/\\\/lospoliticosveracruz.com\\\/?p=15696\"]}]},{\"@type\":\"ImageObject\",\"inLanguage\":\"es\",\"@id\":\"https:\\\/\\\/lospoliticosveracruz.com\\\/?p=15696#primaryimage\",\"url\":\"http:\\\/\\\/www.lospoliticosveracruz.com.mx\\\/wp-content\\\/uploads\\\/2015\\\/04\\\/La-Musa-300x111.jpg\",\"contentUrl\":\"http:\\\/\\\/www.lospoliticosveracruz.com.mx\\\/wp-content\\\/uploads\\\/2015\\\/04\\\/La-Musa-300x111.jpg\"},{\"@type\":\"BreadcrumbList\",\"@id\":\"https:\\\/\\\/lospoliticosveracruz.com\\\/?p=15696#breadcrumb\",\"itemListElement\":[{\"@type\":\"ListItem\",\"position\":1,\"name\":\"Portada\",\"item\":\"https:\\\/\\\/lospoliticosveracruz.com\\\/\"},{\"@type\":\"ListItem\",\"position\":2,\"name\":\"La Musa de Elizabeth\"}]},{\"@type\":\"WebSite\",\"@id\":\"https:\\\/\\\/lospoliticosveracruz.com\\\/#website\",\"url\":\"https:\\\/\\\/lospoliticosveracruz.com\\\/\",\"name\":\"Los pol\u00edticos Veracruz\",\"description\":\"\",\"publisher\":{\"@id\":\"https:\\\/\\\/lospoliticosveracruz.com\\\/#organization\"},\"potentialAction\":[{\"@type\":\"SearchAction\",\"target\":{\"@type\":\"EntryPoint\",\"urlTemplate\":\"https:\\\/\\\/lospoliticosveracruz.com\\\/?s={search_term_string}\"},\"query-input\":{\"@type\":\"PropertyValueSpecification\",\"valueRequired\":true,\"valueName\":\"search_term_string\"}}],\"inLanguage\":\"es\"},{\"@type\":\"Organization\",\"@id\":\"https:\\\/\\\/lospoliticosveracruz.com\\\/#organization\",\"name\":\"Los pol\u00edticos Veracruz\",\"url\":\"https:\\\/\\\/lospoliticosveracruz.com\\\/\",\"logo\":{\"@type\":\"ImageObject\",\"inLanguage\":\"es\",\"@id\":\"https:\\\/\\\/lospoliticosveracruz.com\\\/#\\\/schema\\\/logo\\\/image\\\/\",\"url\":\"https:\\\/\\\/lospoliticosveracruz.com\\\/wp-content\\\/uploads\\\/2025\\\/12\\\/Logo-Nuevo-LOS-POLITICOS-1.jpg\",\"contentUrl\":\"https:\\\/\\\/lospoliticosveracruz.com\\\/wp-content\\\/uploads\\\/2025\\\/12\\\/Logo-Nuevo-LOS-POLITICOS-1.jpg\",\"width\":260,\"height\":70,\"caption\":\"Los pol\u00edticos Veracruz\"},\"image\":{\"@id\":\"https:\\\/\\\/lospoliticosveracruz.com\\\/#\\\/schema\\\/logo\\\/image\\\/\"},\"sameAs\":[\"https:\\\/\\\/www.facebook.com\\\/people\\\/Notimemes-de-los-Polticos\\\/61565672886568\\\/\",\"https:\\\/\\\/x.com\\\/LosPoliticosVer\"]},{\"@type\":\"Person\",\"@id\":\"https:\\\/\\\/lospoliticosveracruz.com\\\/#\\\/schema\\\/person\\\/b8702bb0e538456e6efd07080bf2a4a2\",\"name\":\"Lo viste en Los Pol\u00edticos\",\"image\":{\"@type\":\"ImageObject\",\"inLanguage\":\"es\",\"@id\":\"https:\\\/\\\/secure.gravatar.com\\\/avatar\\\/3a8de04a2656d44082be478bd6c086daa447c4651605818287b9532d3d0bd435?s=96&d=mm&r=g\",\"url\":\"https:\\\/\\\/secure.gravatar.com\\\/avatar\\\/3a8de04a2656d44082be478bd6c086daa447c4651605818287b9532d3d0bd435?s=96&d=mm&r=g\",\"contentUrl\":\"https:\\\/\\\/secure.gravatar.com\\\/avatar\\\/3a8de04a2656d44082be478bd6c086daa447c4651605818287b9532d3d0bd435?s=96&d=mm&r=g\",\"caption\":\"Lo viste en Los Pol\u00edticos\"},\"url\":\"https:\\\/\\\/lospoliticosveracruz.com\\\/?author=2\"}]}<\/script>\n<!-- \/ Yoast SEO plugin. -->","yoast_head_json":{"title":"La Musa de Elizabeth - Los pol\u00edticos Veracruz","robots":{"index":"index","follow":"follow","max-snippet":"max-snippet:-1","max-image-preview":"max-image-preview:large","max-video-preview":"max-video-preview:-1"},"canonical":"https:\/\/lospoliticosveracruz.com\/?p=15696","og_locale":"es_ES","og_type":"article","og_title":"La Musa de Elizabeth - Los pol\u00edticos Veracruz","og_description":"Salvador Mu\u00f1oz Los Pol\u00edticos A casi una semana de que hayan arrancado las campa\u00f1as, han llamado mi atenci\u00f3n los sombrerudos candidatos del PRI y la pose de T\u00edo Sam que asumi\u00f3 Alberto Silva en uno de sus promocionales. Me gusta la actitud jovial de Anil\u00fa Ingram con sus jeans y esa toallita a la cintura\u2026 [&hellip;]","og_url":"https:\/\/lospoliticosveracruz.com\/?p=15696","og_site_name":"Los pol\u00edticos Veracruz","article_publisher":"https:\/\/www.facebook.com\/people\/Notimemes-de-los-Polticos\/61565672886568\/","article_published_time":"2015-04-11T01:34:58+00:00","og_image":[{"url":"http:\/\/www.lospoliticosveracruz.com.mx\/wp-content\/uploads\/2015\/04\/La-Musa-300x111.jpg","type":"","width":"","height":""}],"author":"Lo viste en Los Pol\u00edticos","twitter_card":"summary_large_image","twitter_creator":"@LosPoliticosVer","twitter_site":"@LosPoliticosVer","twitter_misc":{"Escrito por":"Lo viste en Los Pol\u00edticos","Tiempo de lectura":"3 minutos"},"schema":{"@context":"https:\/\/schema.org","@graph":[{"@type":"Article","@id":"https:\/\/lospoliticosveracruz.com\/?p=15696#article","isPartOf":{"@id":"https:\/\/lospoliticosveracruz.com\/?p=15696"},"author":{"name":"Lo viste en Los Pol\u00edticos","@id":"https:\/\/lospoliticosveracruz.com\/#\/schema\/person\/b8702bb0e538456e6efd07080bf2a4a2"},"headline":"La Musa de Elizabeth","datePublished":"2015-04-11T01:34:58+00:00","mainEntityOfPage":{"@id":"https:\/\/lospoliticosveracruz.com\/?p=15696"},"wordCount":678,"commentCount":0,"publisher":{"@id":"https:\/\/lospoliticosveracruz.com\/#organization"},"image":{"@id":"https:\/\/lospoliticosveracruz.com\/?p=15696#primaryimage"},"thumbnailUrl":"http:\/\/www.lospoliticosveracruz.com.mx\/wp-content\/uploads\/2015\/04\/La-Musa-300x111.jpg","keywords":["Caleb Hern\u00e1ndez Salas","Elizabeth Morales","La Musa","Magno Garcimarrero"],"articleSection":["De Opini\u00f3n"],"inLanguage":"es","potentialAction":[{"@type":"CommentAction","name":"Comment","target":["https:\/\/lospoliticosveracruz.com\/?p=15696#respond"]}]},{"@type":"WebPage","@id":"https:\/\/lospoliticosveracruz.com\/?p=15696","url":"https:\/\/lospoliticosveracruz.com\/?p=15696","name":"La Musa de Elizabeth - Los pol\u00edticos Veracruz","isPartOf":{"@id":"https:\/\/lospoliticosveracruz.com\/#website"},"primaryImageOfPage":{"@id":"https:\/\/lospoliticosveracruz.com\/?p=15696#primaryimage"},"image":{"@id":"https:\/\/lospoliticosveracruz.com\/?p=15696#primaryimage"},"thumbnailUrl":"http:\/\/www.lospoliticosveracruz.com.mx\/wp-content\/uploads\/2015\/04\/La-Musa-300x111.jpg","datePublished":"2015-04-11T01:34:58+00:00","breadcrumb":{"@id":"https:\/\/lospoliticosveracruz.com\/?p=15696#breadcrumb"},"inLanguage":"es","potentialAction":[{"@type":"ReadAction","target":["https:\/\/lospoliticosveracruz.com\/?p=15696"]}]},{"@type":"ImageObject","inLanguage":"es","@id":"https:\/\/lospoliticosveracruz.com\/?p=15696#primaryimage","url":"http:\/\/www.lospoliticosveracruz.com.mx\/wp-content\/uploads\/2015\/04\/La-Musa-300x111.jpg","contentUrl":"http:\/\/www.lospoliticosveracruz.com.mx\/wp-content\/uploads\/2015\/04\/La-Musa-300x111.jpg"},{"@type":"BreadcrumbList","@id":"https:\/\/lospoliticosveracruz.com\/?p=15696#breadcrumb","itemListElement":[{"@type":"ListItem","position":1,"name":"Portada","item":"https:\/\/lospoliticosveracruz.com\/"},{"@type":"ListItem","position":2,"name":"La Musa de Elizabeth"}]},{"@type":"WebSite","@id":"https:\/\/lospoliticosveracruz.com\/#website","url":"https:\/\/lospoliticosveracruz.com\/","name":"Los pol\u00edticos Veracruz","description":"","publisher":{"@id":"https:\/\/lospoliticosveracruz.com\/#organization"},"potentialAction":[{"@type":"SearchAction","target":{"@type":"EntryPoint","urlTemplate":"https:\/\/lospoliticosveracruz.com\/?s={search_term_string}"},"query-input":{"@type":"PropertyValueSpecification","valueRequired":true,"valueName":"search_term_string"}}],"inLanguage":"es"},{"@type":"Organization","@id":"https:\/\/lospoliticosveracruz.com\/#organization","name":"Los pol\u00edticos Veracruz","url":"https:\/\/lospoliticosveracruz.com\/","logo":{"@type":"ImageObject","inLanguage":"es","@id":"https:\/\/lospoliticosveracruz.com\/#\/schema\/logo\/image\/","url":"https:\/\/lospoliticosveracruz.com\/wp-content\/uploads\/2025\/12\/Logo-Nuevo-LOS-POLITICOS-1.jpg","contentUrl":"https:\/\/lospoliticosveracruz.com\/wp-content\/uploads\/2025\/12\/Logo-Nuevo-LOS-POLITICOS-1.jpg","width":260,"height":70,"caption":"Los pol\u00edticos Veracruz"},"image":{"@id":"https:\/\/lospoliticosveracruz.com\/#\/schema\/logo\/image\/"},"sameAs":["https:\/\/www.facebook.com\/people\/Notimemes-de-los-Polticos\/61565672886568\/","https:\/\/x.com\/LosPoliticosVer"]},{"@type":"Person","@id":"https:\/\/lospoliticosveracruz.com\/#\/schema\/person\/b8702bb0e538456e6efd07080bf2a4a2","name":"Lo viste en Los Pol\u00edticos","image":{"@type":"ImageObject","inLanguage":"es","@id":"https:\/\/secure.gravatar.com\/avatar\/3a8de04a2656d44082be478bd6c086daa447c4651605818287b9532d3d0bd435?s=96&d=mm&r=g","url":"https:\/\/secure.gravatar.com\/avatar\/3a8de04a2656d44082be478bd6c086daa447c4651605818287b9532d3d0bd435?s=96&d=mm&r=g","contentUrl":"https:\/\/secure.gravatar.com\/avatar\/3a8de04a2656d44082be478bd6c086daa447c4651605818287b9532d3d0bd435?s=96&d=mm&r=g","caption":"Lo viste en Los Pol\u00edticos"},"url":"https:\/\/lospoliticosveracruz.com\/?author=2"}]}},"_links":{"self":[{"href":"https:\/\/lospoliticosveracruz.com\/index.php?rest_route=\/wp\/v2\/posts\/15696","targetHints":{"allow":["GET"]}}],"collection":[{"href":"https:\/\/lospoliticosveracruz.com\/index.php?rest_route=\/wp\/v2\/posts"}],"about":[{"href":"https:\/\/lospoliticosveracruz.com\/index.php?rest_route=\/wp\/v2\/types\/post"}],"author":[{"embeddable":true,"href":"https:\/\/lospoliticosveracruz.com\/index.php?rest_route=\/wp\/v2\/users\/2"}],"replies":[{"embeddable":true,"href":"https:\/\/lospoliticosveracruz.com\/index.php?rest_route=%2Fwp%2Fv2%2Fcomments&post=15696"}],"version-history":[{"count":1,"href":"https:\/\/lospoliticosveracruz.com\/index.php?rest_route=\/wp\/v2\/posts\/15696\/revisions"}],"predecessor-version":[{"id":15698,"href":"https:\/\/lospoliticosveracruz.com\/index.php?rest_route=\/wp\/v2\/posts\/15696\/revisions\/15698"}],"wp:attachment":[{"href":"https:\/\/lospoliticosveracruz.com\/index.php?rest_route=%2Fwp%2Fv2%2Fmedia&parent=15696"}],"wp:term":[{"taxonomy":"category","embeddable":true,"href":"https:\/\/lospoliticosveracruz.com\/index.php?rest_route=%2Fwp%2Fv2%2Fcategories&post=15696"},{"taxonomy":"post_tag","embeddable":true,"href":"https:\/\/lospoliticosveracruz.com\/index.php?rest_route=%2Fwp%2Fv2%2Ftags&post=15696"}],"curies":[{"name":"wp","href":"https:\/\/api.w.org\/{rel}","templated":true}]}}