{"id":157003,"date":"2025-11-22T00:07:07","date_gmt":"2025-11-22T06:07:07","guid":{"rendered":"https:\/\/lospoliticosveracruz.com.mx\/?p=157003"},"modified":"2025-11-22T00:07:27","modified_gmt":"2025-11-22T06:07:27","slug":"la-fuerza-de-morena-en-veracruz","status":"publish","type":"post","link":"https:\/\/lospoliticosveracruz.com\/?p=157003","title":{"rendered":"LA FUERZA DE MORENA EN VERACRUZ"},"content":{"rendered":"\n<p><strong>Ricardo Chua<\/strong><\/p>\n\n\n\n<p><em>Sale y Vale<\/em> <\/p>\n\n\n\n<p>En este espacio hemos comentado la falta de oposici\u00f3n en Veracruz.. Lo que ha permitido que la 4T se afiance en la entidad veracruzana.. Pero tambi\u00e9n es una realidad, que en 7 a\u00f1os a la fecha, el partido MORENA ya tiene una estructura pol\u00edtica propia y un equipo real.. Lo que ha permitido que \u00abhaiga como haiga sido\u00bb, ellos sean el partido pol\u00edtico \u00abtodopoderoso\u00bb en el Estado.. Y que lo coloca como un organismo pol\u00edtico dif\u00edcil de derrotar en las elecciones intermedias del 2027 y que probablemente mantenga el poder hasta el 2030 por lo menos.. No s\u00f3lo en lo federal sino tambi\u00e9n en lo local..<\/p>\n\n\n\n\n\n<p>S\u00f3lo hay que ver, sin temor a equivocarnos, que la misma Presidenta Claudia Shienbaum est\u00e1 alta en las encuestas o sondeos realizados en el primer a\u00f1o de su gobierno federal.. Y esta alta por los programas sociales o asistenciales para la poblaci\u00f3n.. Eso hace que el partido MORENA contin\u00faa fuerte en la gran mayor\u00eda de los rincones del pa\u00eds y Veracruz no tendr\u00eda porque ser la excepci\u00f3n.. Ahora tambi\u00e9n s\u00f3lo queda esperar que lleguen en enero los nuevos alcaldes de MORENA que entrar\u00e1n en funciones en la entidad.. Ellos en su gran mayor\u00eda son 100 por ciento del equipo de la gobernadora Roc\u00edo Nahle.. Y tendr\u00e1n que responder con trabajo para no perder la hegemon\u00eda del partido en el poder..<\/p>\n\n\n\n<p>Son los que finalmente har\u00e1n la \u00abchamba\u00bb pol\u00edtica para MORENA porque estos alcaldes ser\u00e1n los primeros \u00abpuentes\u00bb de representaci\u00f3n entre el pueblo de Veracruz y el gobierno estatal.. Los cuales estar\u00e1n \u00abpegados\u00bb al partido pol\u00edtico en el poder.. As\u00ed que este trabajo con la ciudadan\u00eda podr\u00eda lograr que la gobernadora en 2027, un a\u00f1o y medio despu\u00e9s de que los presidentes municipales est\u00e9n en funciones.. La hagan llegar fortalecida a la primera mitad de su gobierno estatal y si la coalici\u00f3n con el PVEM y PT contin\u00faa para elecciones federales y locales.. De seguro sacar\u00e1n sin problema, una gran mayor\u00eda de distritos electorales a favor de la 4T..<\/p>\n\n\n\n<p>Se puede decir, que con la llegada de los nuevos alcaldes de la 4T en Veracruz.. Se podr\u00eda vivir una \u00abnueva luna de miel\u00bb para MORENA.. Lo que le dar\u00eda un \u00abrespiro\u00bb para evitar problemas con la ciudadan\u00eda y al interior.. Lo que le permitir\u00e1 a esta coalici\u00f3n con el PT y los \u00abverdes\u00bb el poder retener el Congreso Local y Federal en 2027.. Ya luego ver\u00e1n como enfrentan el 2030.. Lo que es una realidad, que todo esto se debe a que NO HAY UNA OPOSICI\u00d3N ORGANIZADA en Veracruz.. Como cada quien jala por su lado y est\u00e1 desunida.. As\u00ed hagan lo hagan, los \u00abmorenos\u00bb los van a \u00abbarrer\u00bb de nuevo como sucedi\u00f3 en 2024.. NO HAY MANERA.. AMEN..<\/p>\n\n\n\n<p>LA CONVOCATORIA DE JAVIER HERRERA..<\/p>\n\n\n\n<p>Hoy se medir\u00e1 la fuerza y el poder de convocatoria pol\u00edtica que tiene en Veracruz, el diputado federal del PVEM e hijo del extinto gobernador de Veracruz, Fidel Herrera Beltr\u00e1n, en su Primer Informe de Labores Legislativas, Javier Herrera Borunda.. El considerado \u00abheredero\u00bb del \u00abtestamento\u00bb pol\u00edtico de Herrera Beltr\u00e1n.. El llamado \u00abl\u00edder moral\u00bb del partido \u00abVerde\u00bb en la entidad, independiente de lo que venga informar de su trabajo en el Congreso de la Uni\u00f3n.. El \u00abmorbo\u00bb que levanta este evento en conocido hotel de Boca del R\u00edo.. Es saber quienes van, cu\u00e1ntos van y qu\u00e9 personalidades acuden a respaldarlo o los que acuden s\u00f3lo por cortes\u00eda a su funci\u00f3n o al recuerdo de su padre..<\/p>\n\n\n\n<p>Este evento que se llevar\u00e1 a cabo a las 11:00 horas, si que est\u00e1 \u00ablevantando\u00bb la expectativa deseada en parte del medio pol\u00edtico estatal.. Finalmente Javier Herrera Borunda, es miembro aliado de la 4T y de la gobernadora Roc\u00edo Nahle Garc\u00eda.. Su partido se mantiene a lado de MORENA.. Y al paso de los d\u00edas, que se ha promocionado su informe en Veracruz.. No se han visto protestas o pronunciamientos en contra del \u00abCachorro Fiel\u00bb por celebrar su Informe en la entidad.. Cuando ning\u00fan diputado federal o local \u00abMorenos\u00bb lo ha hecho o tiene intenciones de hacerlo.. Muchos justifican que debido a la tragedia ocurrida en la zona norte por las inundaciones, no hay razones para llevarlos a cabo de manera p\u00fablica..<\/p>\n\n\n\n<p>Pero en otro partido y con otro estilo de ideas en la pol\u00edtica, tal como lo hace el PVEM, Javier Herrera lo va a realizar en unas horas en el municipio boque\u00f1o.. Donde se espera un gran n\u00famero de alcaldes electos y en funciones del PVEM.. As\u00ed como sus diputados federales y locales, que acudan a respaldarlo.. Habr\u00e1 que ver a qui\u00e9n manda Ricardo Monreal, que es el personaje que est\u00e1 apoyando a Herrera Borunda en su paso por la c\u00e1mara de diputados locales.. Donde Monreal es el l\u00edder de la Junta de Coordinaci\u00f3n Pol\u00edtica.. Habr\u00e1 que ver a qui\u00e9n le manda su jefe pol\u00edtico, el senador, Manuel Velasco Coello.. Pero principalmente ser\u00e1 bueno saber quien viene de representaci\u00f3n del gobierno estatal..<\/p>\n\n\n\n<p>Al final en este momento, el informe de labores legislativas s\u00f3lo es un evento protocolario.. S\u00f3lo trae \u00abmorbo\u00bb pol\u00edtico porque es muy pronto para que se vea como un acto buscando la sucesi\u00f3n estatal del 2030.. Primero antes que nada el \u00abVerde\u00bb debe definir como va a enfrentar la elecci\u00f3n intermedia local y federal del 2027.. Para saber que ruta seguir.. Si aliado de MORENA o de manera sola como lo hizo el PT en este 2025 en las elecciones municipales.. Lo \u00fanico real es que el PVEM seguir\u00e1 su alianza a nivel nacional con MORENA.. Y si no pasa nada extra\u00f1o esa alianza continuar\u00e1 en Veracruz.. Pero esa ser\u00e1 otra historia..<\/p>\n\n\n\n<p>Por lo pronto.. Hoy se ver\u00e1 la convocatoria de Javier Herrera.. A unos meses del fallecimiento de su padre.. Uno de los gobernadores m\u00e1s recordados en Veracruz en los \u00faltimos 50 a\u00f1os.. Muchos de los que fueron parte de la \u00abFidelidad\u00bb han compartido los avisos en redes sociales del evento del Informe.. Habr\u00e1 que ver tambi\u00e9n, como le responde toda esa gente, que su pap\u00e1 hace menos de 21 a\u00f1os, los encumbr\u00f3, ayud\u00f3 y les dio carrera pol\u00edtica en el Estado.. Sin duda, este acto ser\u00e1 revelador al interior de la 4T y hac\u00eda el \u00abc\u00edrculo rojo\u00bb del poder y oposici\u00f3n en Veracruz para ver, hac\u00eda donde se \u00abmueven las aguas\u00bb de los \u00abverdes\u00bb.. Ser\u00e1 su primera \u00abprueba de fuego\u00bb para el diputado.. AMEN<\/p>\n","protected":false},"excerpt":{"rendered":"<p>Ricardo Chua Sale y Vale En este espacio hemos comentado la falta de oposici\u00f3n en Veracruz.. Lo que ha permitido que la 4T se afiance en la entidad veracruzana.. Pero tambi\u00e9n es una realidad, que en 7 a\u00f1os a la fecha, el partido MORENA ya tiene una estructura pol\u00edtica propia y un equipo real.. Lo [&hellip;]<\/p>\n","protected":false},"author":2,"featured_media":141434,"comment_status":"closed","ping_status":"closed","sticky":false,"template":"","format":"standard","meta":{"tdm_status":"","tdm_grid_status":"","footnotes":""},"categories":[70],"tags":[9627,1026,195],"class_list":{"0":"post-157003","1":"post","2":"type-post","3":"status-publish","4":"format-standard","5":"has-post-thumbnail","7":"category-de-opinion","8":"tag-claudia-sheinbaum","9":"tag-morena","10":"tag-veracruz"},"yoast_head":"<!-- This site is optimized with the Yoast SEO plugin v27.4 - https:\/\/yoast.com\/product\/yoast-seo-wordpress\/ -->\n<title>LA FUERZA DE MORENA EN VERACRUZ - Los pol\u00edticos Veracruz<\/title>\n<meta name=\"robots\" content=\"index, follow, max-snippet:-1, max-image-preview:large, max-video-preview:-1\" \/>\n<link rel=\"canonical\" href=\"https:\/\/lospoliticosveracruz.com\/?p=157003\" \/>\n<meta property=\"og:locale\" content=\"es_ES\" \/>\n<meta property=\"og:type\" content=\"article\" \/>\n<meta property=\"og:title\" content=\"LA FUERZA DE MORENA EN VERACRUZ - Los pol\u00edticos Veracruz\" \/>\n<meta property=\"og:description\" content=\"Ricardo Chua Sale y Vale En este espacio hemos comentado la falta de oposici\u00f3n en Veracruz.. Lo que ha permitido que la 4T se afiance en la entidad veracruzana.. Pero tambi\u00e9n es una realidad, que en 7 a\u00f1os a la fecha, el partido MORENA ya tiene una estructura pol\u00edtica propia y un equipo real.. Lo [&hellip;]\" \/>\n<meta property=\"og:url\" content=\"https:\/\/lospoliticosveracruz.com\/?p=157003\" \/>\n<meta property=\"og:site_name\" content=\"Los pol\u00edticos Veracruz\" \/>\n<meta property=\"article:publisher\" content=\"https:\/\/www.facebook.com\/people\/Notimemes-de-los-Polticos\/61565672886568\/\" \/>\n<meta property=\"article:published_time\" content=\"2025-11-22T06:07:07+00:00\" \/>\n<meta property=\"article:modified_time\" content=\"2025-11-22T06:07:27+00:00\" \/>\n<meta property=\"og:image\" content=\"https:\/\/lospoliticosveracruz.com\/wp-content\/uploads\/2025\/04\/Chua-e1761364658706.jpg\" \/>\n\t<meta property=\"og:image:width\" content=\"600\" \/>\n\t<meta property=\"og:image:height\" content=\"320\" \/>\n\t<meta property=\"og:image:type\" content=\"image\/jpeg\" \/>\n<meta name=\"author\" content=\"Lo viste en Los Pol\u00edticos\" \/>\n<meta name=\"twitter:card\" content=\"summary_large_image\" \/>\n<meta name=\"twitter:creator\" content=\"@LosPoliticosVer\" \/>\n<meta name=\"twitter:site\" content=\"@LosPoliticosVer\" \/>\n<meta name=\"twitter:label1\" content=\"Escrito por\" \/>\n\t<meta name=\"twitter:data1\" content=\"Lo viste en Los Pol\u00edticos\" \/>\n\t<meta name=\"twitter:label2\" content=\"Tiempo de lectura\" \/>\n\t<meta name=\"twitter:data2\" content=\"6 minutos\" \/>\n<script type=\"application\/ld+json\" class=\"yoast-schema-graph\">{\"@context\":\"https:\\\/\\\/schema.org\",\"@graph\":[{\"@type\":\"Article\",\"@id\":\"https:\\\/\\\/lospoliticosveracruz.com\\\/?p=157003#article\",\"isPartOf\":{\"@id\":\"https:\\\/\\\/lospoliticosveracruz.com\\\/?p=157003\"},\"author\":{\"name\":\"Lo viste en Los Pol\u00edticos\",\"@id\":\"https:\\\/\\\/lospoliticosveracruz.com\\\/#\\\/schema\\\/person\\\/b8702bb0e538456e6efd07080bf2a4a2\"},\"headline\":\"LA FUERZA DE MORENA EN VERACRUZ\",\"datePublished\":\"2025-11-22T06:07:07+00:00\",\"dateModified\":\"2025-11-22T06:07:27+00:00\",\"mainEntityOfPage\":{\"@id\":\"https:\\\/\\\/lospoliticosveracruz.com\\\/?p=157003\"},\"wordCount\":1139,\"publisher\":{\"@id\":\"https:\\\/\\\/lospoliticosveracruz.com\\\/#organization\"},\"image\":{\"@id\":\"https:\\\/\\\/lospoliticosveracruz.com\\\/?p=157003#primaryimage\"},\"thumbnailUrl\":\"https:\\\/\\\/lospoliticosveracruz.com\\\/wp-content\\\/uploads\\\/2025\\\/04\\\/Chua-e1761364658706.jpg\",\"keywords\":[\"Claudia Sheinbaum\",\"Morena\",\"Veracruz\"],\"articleSection\":[\"De Opini\u00f3n\"],\"inLanguage\":\"es\"},{\"@type\":\"WebPage\",\"@id\":\"https:\\\/\\\/lospoliticosveracruz.com\\\/?p=157003\",\"url\":\"https:\\\/\\\/lospoliticosveracruz.com\\\/?p=157003\",\"name\":\"LA FUERZA DE MORENA EN VERACRUZ - Los pol\u00edticos Veracruz\",\"isPartOf\":{\"@id\":\"https:\\\/\\\/lospoliticosveracruz.com\\\/#website\"},\"primaryImageOfPage\":{\"@id\":\"https:\\\/\\\/lospoliticosveracruz.com\\\/?p=157003#primaryimage\"},\"image\":{\"@id\":\"https:\\\/\\\/lospoliticosveracruz.com\\\/?p=157003#primaryimage\"},\"thumbnailUrl\":\"https:\\\/\\\/lospoliticosveracruz.com\\\/wp-content\\\/uploads\\\/2025\\\/04\\\/Chua-e1761364658706.jpg\",\"datePublished\":\"2025-11-22T06:07:07+00:00\",\"dateModified\":\"2025-11-22T06:07:27+00:00\",\"breadcrumb\":{\"@id\":\"https:\\\/\\\/lospoliticosveracruz.com\\\/?p=157003#breadcrumb\"},\"inLanguage\":\"es\",\"potentialAction\":[{\"@type\":\"ReadAction\",\"target\":[\"https:\\\/\\\/lospoliticosveracruz.com\\\/?p=157003\"]}]},{\"@type\":\"ImageObject\",\"inLanguage\":\"es\",\"@id\":\"https:\\\/\\\/lospoliticosveracruz.com\\\/?p=157003#primaryimage\",\"url\":\"https:\\\/\\\/lospoliticosveracruz.com\\\/wp-content\\\/uploads\\\/2025\\\/04\\\/Chua-e1761364658706.jpg\",\"contentUrl\":\"https:\\\/\\\/lospoliticosveracruz.com\\\/wp-content\\\/uploads\\\/2025\\\/04\\\/Chua-e1761364658706.jpg\",\"width\":600,\"height\":320},{\"@type\":\"BreadcrumbList\",\"@id\":\"https:\\\/\\\/lospoliticosveracruz.com\\\/?p=157003#breadcrumb\",\"itemListElement\":[{\"@type\":\"ListItem\",\"position\":1,\"name\":\"Portada\",\"item\":\"https:\\\/\\\/lospoliticosveracruz.com\\\/\"},{\"@type\":\"ListItem\",\"position\":2,\"name\":\"LA FUERZA DE MORENA EN VERACRUZ\"}]},{\"@type\":\"WebSite\",\"@id\":\"https:\\\/\\\/lospoliticosveracruz.com\\\/#website\",\"url\":\"https:\\\/\\\/lospoliticosveracruz.com\\\/\",\"name\":\"Los pol\u00edticos Veracruz\",\"description\":\"\",\"publisher\":{\"@id\":\"https:\\\/\\\/lospoliticosveracruz.com\\\/#organization\"},\"potentialAction\":[{\"@type\":\"SearchAction\",\"target\":{\"@type\":\"EntryPoint\",\"urlTemplate\":\"https:\\\/\\\/lospoliticosveracruz.com\\\/?s={search_term_string}\"},\"query-input\":{\"@type\":\"PropertyValueSpecification\",\"valueRequired\":true,\"valueName\":\"search_term_string\"}}],\"inLanguage\":\"es\"},{\"@type\":\"Organization\",\"@id\":\"https:\\\/\\\/lospoliticosveracruz.com\\\/#organization\",\"name\":\"Los pol\u00edticos Veracruz\",\"url\":\"https:\\\/\\\/lospoliticosveracruz.com\\\/\",\"logo\":{\"@type\":\"ImageObject\",\"inLanguage\":\"es\",\"@id\":\"https:\\\/\\\/lospoliticosveracruz.com\\\/#\\\/schema\\\/logo\\\/image\\\/\",\"url\":\"https:\\\/\\\/lospoliticosveracruz.com\\\/wp-content\\\/uploads\\\/2025\\\/12\\\/Logo-Nuevo-LOS-POLITICOS-1.jpg\",\"contentUrl\":\"https:\\\/\\\/lospoliticosveracruz.com\\\/wp-content\\\/uploads\\\/2025\\\/12\\\/Logo-Nuevo-LOS-POLITICOS-1.jpg\",\"width\":260,\"height\":70,\"caption\":\"Los pol\u00edticos Veracruz\"},\"image\":{\"@id\":\"https:\\\/\\\/lospoliticosveracruz.com\\\/#\\\/schema\\\/logo\\\/image\\\/\"},\"sameAs\":[\"https:\\\/\\\/www.facebook.com\\\/people\\\/Notimemes-de-los-Polticos\\\/61565672886568\\\/\",\"https:\\\/\\\/x.com\\\/LosPoliticosVer\"]},{\"@type\":\"Person\",\"@id\":\"https:\\\/\\\/lospoliticosveracruz.com\\\/#\\\/schema\\\/person\\\/b8702bb0e538456e6efd07080bf2a4a2\",\"name\":\"Lo viste en Los Pol\u00edticos\",\"image\":{\"@type\":\"ImageObject\",\"inLanguage\":\"es\",\"@id\":\"https:\\\/\\\/secure.gravatar.com\\\/avatar\\\/3a8de04a2656d44082be478bd6c086daa447c4651605818287b9532d3d0bd435?s=96&d=mm&r=g\",\"url\":\"https:\\\/\\\/secure.gravatar.com\\\/avatar\\\/3a8de04a2656d44082be478bd6c086daa447c4651605818287b9532d3d0bd435?s=96&d=mm&r=g\",\"contentUrl\":\"https:\\\/\\\/secure.gravatar.com\\\/avatar\\\/3a8de04a2656d44082be478bd6c086daa447c4651605818287b9532d3d0bd435?s=96&d=mm&r=g\",\"caption\":\"Lo viste en Los Pol\u00edticos\"},\"url\":\"https:\\\/\\\/lospoliticosveracruz.com\\\/?author=2\"}]}<\/script>\n<!-- \/ Yoast SEO plugin. -->","yoast_head_json":{"title":"LA FUERZA DE MORENA EN VERACRUZ - Los pol\u00edticos Veracruz","robots":{"index":"index","follow":"follow","max-snippet":"max-snippet:-1","max-image-preview":"max-image-preview:large","max-video-preview":"max-video-preview:-1"},"canonical":"https:\/\/lospoliticosveracruz.com\/?p=157003","og_locale":"es_ES","og_type":"article","og_title":"LA FUERZA DE MORENA EN VERACRUZ - Los pol\u00edticos Veracruz","og_description":"Ricardo Chua Sale y Vale En este espacio hemos comentado la falta de oposici\u00f3n en Veracruz.. Lo que ha permitido que la 4T se afiance en la entidad veracruzana.. Pero tambi\u00e9n es una realidad, que en 7 a\u00f1os a la fecha, el partido MORENA ya tiene una estructura pol\u00edtica propia y un equipo real.. Lo [&hellip;]","og_url":"https:\/\/lospoliticosveracruz.com\/?p=157003","og_site_name":"Los pol\u00edticos Veracruz","article_publisher":"https:\/\/www.facebook.com\/people\/Notimemes-de-los-Polticos\/61565672886568\/","article_published_time":"2025-11-22T06:07:07+00:00","article_modified_time":"2025-11-22T06:07:27+00:00","og_image":[{"width":600,"height":320,"url":"https:\/\/lospoliticosveracruz.com\/wp-content\/uploads\/2025\/04\/Chua-e1761364658706.jpg","type":"image\/jpeg"}],"author":"Lo viste en Los Pol\u00edticos","twitter_card":"summary_large_image","twitter_creator":"@LosPoliticosVer","twitter_site":"@LosPoliticosVer","twitter_misc":{"Escrito por":"Lo viste en Los Pol\u00edticos","Tiempo de lectura":"6 minutos"},"schema":{"@context":"https:\/\/schema.org","@graph":[{"@type":"Article","@id":"https:\/\/lospoliticosveracruz.com\/?p=157003#article","isPartOf":{"@id":"https:\/\/lospoliticosveracruz.com\/?p=157003"},"author":{"name":"Lo viste en Los Pol\u00edticos","@id":"https:\/\/lospoliticosveracruz.com\/#\/schema\/person\/b8702bb0e538456e6efd07080bf2a4a2"},"headline":"LA FUERZA DE MORENA EN VERACRUZ","datePublished":"2025-11-22T06:07:07+00:00","dateModified":"2025-11-22T06:07:27+00:00","mainEntityOfPage":{"@id":"https:\/\/lospoliticosveracruz.com\/?p=157003"},"wordCount":1139,"publisher":{"@id":"https:\/\/lospoliticosveracruz.com\/#organization"},"image":{"@id":"https:\/\/lospoliticosveracruz.com\/?p=157003#primaryimage"},"thumbnailUrl":"https:\/\/lospoliticosveracruz.com\/wp-content\/uploads\/2025\/04\/Chua-e1761364658706.jpg","keywords":["Claudia Sheinbaum","Morena","Veracruz"],"articleSection":["De Opini\u00f3n"],"inLanguage":"es"},{"@type":"WebPage","@id":"https:\/\/lospoliticosveracruz.com\/?p=157003","url":"https:\/\/lospoliticosveracruz.com\/?p=157003","name":"LA FUERZA DE MORENA EN VERACRUZ - Los pol\u00edticos Veracruz","isPartOf":{"@id":"https:\/\/lospoliticosveracruz.com\/#website"},"primaryImageOfPage":{"@id":"https:\/\/lospoliticosveracruz.com\/?p=157003#primaryimage"},"image":{"@id":"https:\/\/lospoliticosveracruz.com\/?p=157003#primaryimage"},"thumbnailUrl":"https:\/\/lospoliticosveracruz.com\/wp-content\/uploads\/2025\/04\/Chua-e1761364658706.jpg","datePublished":"2025-11-22T06:07:07+00:00","dateModified":"2025-11-22T06:07:27+00:00","breadcrumb":{"@id":"https:\/\/lospoliticosveracruz.com\/?p=157003#breadcrumb"},"inLanguage":"es","potentialAction":[{"@type":"ReadAction","target":["https:\/\/lospoliticosveracruz.com\/?p=157003"]}]},{"@type":"ImageObject","inLanguage":"es","@id":"https:\/\/lospoliticosveracruz.com\/?p=157003#primaryimage","url":"https:\/\/lospoliticosveracruz.com\/wp-content\/uploads\/2025\/04\/Chua-e1761364658706.jpg","contentUrl":"https:\/\/lospoliticosveracruz.com\/wp-content\/uploads\/2025\/04\/Chua-e1761364658706.jpg","width":600,"height":320},{"@type":"BreadcrumbList","@id":"https:\/\/lospoliticosveracruz.com\/?p=157003#breadcrumb","itemListElement":[{"@type":"ListItem","position":1,"name":"Portada","item":"https:\/\/lospoliticosveracruz.com\/"},{"@type":"ListItem","position":2,"name":"LA FUERZA DE MORENA EN VERACRUZ"}]},{"@type":"WebSite","@id":"https:\/\/lospoliticosveracruz.com\/#website","url":"https:\/\/lospoliticosveracruz.com\/","name":"Los pol\u00edticos Veracruz","description":"","publisher":{"@id":"https:\/\/lospoliticosveracruz.com\/#organization"},"potentialAction":[{"@type":"SearchAction","target":{"@type":"EntryPoint","urlTemplate":"https:\/\/lospoliticosveracruz.com\/?s={search_term_string}"},"query-input":{"@type":"PropertyValueSpecification","valueRequired":true,"valueName":"search_term_string"}}],"inLanguage":"es"},{"@type":"Organization","@id":"https:\/\/lospoliticosveracruz.com\/#organization","name":"Los pol\u00edticos Veracruz","url":"https:\/\/lospoliticosveracruz.com\/","logo":{"@type":"ImageObject","inLanguage":"es","@id":"https:\/\/lospoliticosveracruz.com\/#\/schema\/logo\/image\/","url":"https:\/\/lospoliticosveracruz.com\/wp-content\/uploads\/2025\/12\/Logo-Nuevo-LOS-POLITICOS-1.jpg","contentUrl":"https:\/\/lospoliticosveracruz.com\/wp-content\/uploads\/2025\/12\/Logo-Nuevo-LOS-POLITICOS-1.jpg","width":260,"height":70,"caption":"Los pol\u00edticos Veracruz"},"image":{"@id":"https:\/\/lospoliticosveracruz.com\/#\/schema\/logo\/image\/"},"sameAs":["https:\/\/www.facebook.com\/people\/Notimemes-de-los-Polticos\/61565672886568\/","https:\/\/x.com\/LosPoliticosVer"]},{"@type":"Person","@id":"https:\/\/lospoliticosveracruz.com\/#\/schema\/person\/b8702bb0e538456e6efd07080bf2a4a2","name":"Lo viste en Los Pol\u00edticos","image":{"@type":"ImageObject","inLanguage":"es","@id":"https:\/\/secure.gravatar.com\/avatar\/3a8de04a2656d44082be478bd6c086daa447c4651605818287b9532d3d0bd435?s=96&d=mm&r=g","url":"https:\/\/secure.gravatar.com\/avatar\/3a8de04a2656d44082be478bd6c086daa447c4651605818287b9532d3d0bd435?s=96&d=mm&r=g","contentUrl":"https:\/\/secure.gravatar.com\/avatar\/3a8de04a2656d44082be478bd6c086daa447c4651605818287b9532d3d0bd435?s=96&d=mm&r=g","caption":"Lo viste en Los Pol\u00edticos"},"url":"https:\/\/lospoliticosveracruz.com\/?author=2"}]}},"_links":{"self":[{"href":"https:\/\/lospoliticosveracruz.com\/index.php?rest_route=\/wp\/v2\/posts\/157003","targetHints":{"allow":["GET"]}}],"collection":[{"href":"https:\/\/lospoliticosveracruz.com\/index.php?rest_route=\/wp\/v2\/posts"}],"about":[{"href":"https:\/\/lospoliticosveracruz.com\/index.php?rest_route=\/wp\/v2\/types\/post"}],"author":[{"embeddable":true,"href":"https:\/\/lospoliticosveracruz.com\/index.php?rest_route=\/wp\/v2\/users\/2"}],"replies":[{"embeddable":true,"href":"https:\/\/lospoliticosveracruz.com\/index.php?rest_route=%2Fwp%2Fv2%2Fcomments&post=157003"}],"version-history":[{"count":1,"href":"https:\/\/lospoliticosveracruz.com\/index.php?rest_route=\/wp\/v2\/posts\/157003\/revisions"}],"predecessor-version":[{"id":157004,"href":"https:\/\/lospoliticosveracruz.com\/index.php?rest_route=\/wp\/v2\/posts\/157003\/revisions\/157004"}],"wp:featuredmedia":[{"embeddable":true,"href":"https:\/\/lospoliticosveracruz.com\/index.php?rest_route=\/wp\/v2\/media\/141434"}],"wp:attachment":[{"href":"https:\/\/lospoliticosveracruz.com\/index.php?rest_route=%2Fwp%2Fv2%2Fmedia&parent=157003"}],"wp:term":[{"taxonomy":"category","embeddable":true,"href":"https:\/\/lospoliticosveracruz.com\/index.php?rest_route=%2Fwp%2Fv2%2Fcategories&post=157003"},{"taxonomy":"post_tag","embeddable":true,"href":"https:\/\/lospoliticosveracruz.com\/index.php?rest_route=%2Fwp%2Fv2%2Ftags&post=157003"}],"curies":[{"name":"wp","href":"https:\/\/api.w.org\/{rel}","templated":true}]}}