{"id":157006,"date":"2025-11-22T09:25:20","date_gmt":"2025-11-22T15:25:20","guid":{"rendered":"https:\/\/lospoliticosveracruz.com.mx\/?p=157006"},"modified":"2025-11-22T09:25:44","modified_gmt":"2025-11-22T15:25:44","slug":"enchiquerado","status":"publish","type":"post","link":"https:\/\/lospoliticosveracruz.com\/?p=157006","title":{"rendered":"ENCHIQUERADO!"},"content":{"rendered":"\n<p><strong>Oved Contreras<\/strong><\/p>\n\n\n\n<p><em>Secas Mecas<\/em><\/p>\n\n\n\n<p>La jueza de control le neg\u00f3 al Duartocho la libertad anticipada tras considerar que no cumpl\u00eda con los requisitos para obtener este beneficio\u2026nos cuentan que \u00e9l gordo no era buen reo, no se portaba tan bien como \u00e9l presum\u00eda adem\u00e1s que no le gustaba ejercitarse f\u00edsicamente como los dem\u00e1s reos, que porque no se juntaba con la chusma. T\u00f3mala panz\u00f3n! Por incre\u00edble que parezca, hab\u00eda algunos festejando la puesta en libertad de uno de los mayores depredadores de recursos p\u00fablicos en los \u00faltimos tiempos, y todo porque lo ve\u00edan como una derrota de los Yunes del Estero. \u00d3sea que los enemigos de la se\u00f1ora tambi\u00e9n son los enemigos de los escribientes y ya estaban con el fest\u00edn listo\u2026hasta el comunity manager que tiene Duartocho en Xalapa ya se hab\u00eda comprometido a pasarles la foto del gordo paseando en los patios de Buckingham\u2026C\u00edscalo, c\u00edscalo\u2026diablo panz\u00f3n!<\/p>\n\n\n\n\n\n<p>Aunque no forever\u2026la pr\u00f3xima parada es marzo o abril pa ver si lo excarcelan\u2026pero tanto se dijo que ahora s\u00ed el Duartocho saldr\u00eda en chirigingas\u2026y que comer\u00eda pavo y hasta pierna envinada en Londres\u2026.pues se le ceb\u00f3ooo\u2026.juarrrrrrrrrrrrr\u2026<\/p>\n\n\n\n<p>Por ah\u00ed sus promotores y defensores de oficio en la prensa\u2026hasta le echaban porras y dec\u00edan que se hab\u00eda portado rebien en el Reclusorio Norte\u2026.que en una redacci\u00f3n del bulevar a Boca del R\u00edo hasta le estaban organizando una comitiva de bienvenida cuando saliera del tambo\u2026con globos y serpentinas\u2026.y no es les hizo\u2026.Diosito no concede antojo ni endereza jorobadosssss\u2026.<\/p>\n\n\n\n<p>Ah\u00ed ser\u00e1 pa la otra\u2026pero a como pinta la cosa\u2026por la 4T no quiere echarse ese trompo a la u\u00f1a\u2026o sease liberar al Malvado Doctor Tocino sin pagar un costo pol\u00edtico\u2026.que digan que la presidenta con A\u2026Claudia Sheinbaum fue la que le abri\u00f3 las rejas del penal al goberneitor m\u00e1s caco que tuvo Veracruz\u2026.pos nada m\u00e1s no hay forma de librarse de la mala fama\u2026.<\/p>\n\n\n\n<p>El Duartocho tambi\u00e9n se quedar\u00e1 en prisi\u00f3n debido a que su defensa no logr\u00f3 acreditar que haya cumplido con el plan de actividades del Reclusorio Norte, relacionado con actividades recreativas, deportivas, culturales y educativas.<\/p>\n\n\n\n<p>Vistiendo una camisa blanca de mangas cortas, un chaleco color beige y lentes, Javier Duarte escuch\u00f3 con calma toda la resoluci\u00f3n inicial de la jueza con la cabeza hacia abajo, manteniendo en todo el tiempo los dedos de las manos entrelazados. Y es que al inicio de la audiencia, la jueza federal hab\u00eda asegurado que \u201ctomando una decisi\u00f3n libre y l\u00f3gica se puede verificar que cada una de las exigencias de la Ley Nacional de Ejecuci\u00f3n Penal se encuentran colmadas\u201d.&nbsp;<\/p>\n\n\n\n<p>Durante la audiencia, tambi\u00e9n destac\u00f3 la ausencia del fiscal, Manuel Granados Quiroz, titular de la Fiscal\u00eda de Asuntos Relevantes de la FGR, quien solo mand\u00f3 a un agente del Ministerio P\u00fablico de la federaci\u00f3n. Al agente le toc\u00f3 escuchar a la jueza decir que la FGR no aport\u00f3 ning\u00fan ninguna prueba que mostrara que la salida del exgobernador \u201crepresente un riesgo real para ninguna v\u00edctima y la sociedad\u201c.<\/p>\n\n\n\n<p>Adem\u00e1s, la jueza se\u00f1al\u00f3 que ni la FGR ni la Fiscal\u00eda de Veracruz han logrado que se le dicte una sentencia condenatoria firme por ning\u00fan otro caso.<\/p>\n\n\n\n<p>MAL FIN\u2026onde s\u00ed han de estar retristes\u2026.adem\u00e1s de algunas redacciones y columnejas aplaudidoras\u2026.ha de ser en palacio de Gobierno y por all\u00e1 en El Dorado\u2026ya ven que el Duartocho morocho se la jug\u00f3 (y no es albur\u2026.juarr) con la T\u00eda Ch\u00edo\u2026dicen que le meti\u00f3 harta lana a la campa\u00f1a del 2024\u2026.y entonces desde la Fiscal\u00eda estatal se hizo maroma y media para limpiarle el expediente al exgobernador y que se cayeran todas las carpetas que le dej\u00f3 abiertas el George Twinkler\u2026.<\/p>\n\n\n\n<p>Mal fin de semana\u2026.otrooooo\u2026pa la T\u00eda Corajes\u2026.pos hizo otra muina con la decisi\u00f3n del juez para dejar enchiquerado a cuaderno de doble raya\u2026el Duartocho\u2026.desde la capirucha le dijeron que nanaisss\u2026nel pastel\u2026nones sin clones\u2026que el Doctor Tochino se queda en el Reclusorio Norte al menos para la primavera del 2026 y luego se ver\u00e1 si se avientan el paquete de liberarlo con todos los se\u00f1alamientos que arrastra con los 60 mil millones de pesos que se vol\u00f3\u2026los cientos de desaparecidos\u2026las fosas clandestinas y otras linduras que hizo durante su gobierno\u2026.<\/p>\n\n\n\n<p>Ay corajeeee\u2026ya me volviste a dar!!!!\u2026.gritaban anoche por El Dorado\u2026juarrrrrrr\u2026.rejuarrrrr\u2026.y m\u00e1s juarrrrrrr\u2026de la que se salvaron toditos\u2026m\u00e1s los jarochos..,.de ver al Duartocho libre y coleando por ah\u00ed\u2026.top\u00e1rselo comiendo una torta de Pe\u00f1uela o en el Caf\u00e9 de la Parroquia\u2026y de la que se salvaron los londinenses y el rey Carlos III de tenerlo por aquellos rumbos\u2026 C\u00edscale, c\u00edscale\u2026diablo panz\u00f3nnnnnnnn\u2026<\/p>\n\n\n\n<p>PIDEN INVESTIGAR SAQUEO AL IPE\u2026A&nbsp;casi una d\u00e9cada, no hay justicia por el presunto saqueo a las reserva t\u00e9cnica del IPE en 2016,&nbsp;por lo que la Coalici\u00f3n de Pensionistas Independientes del Estado de Veracruz&nbsp;(Copipev),&nbsp;no dejar\u00e1 de insistir en que la Fiscal\u00eda General del Estado haga su trabajo e investigue.<\/p>\n\n\n\n<p>El presidente de la Copipev,&nbsp;Sergio T\u00e9llez Galv\u00e1n,&nbsp;record\u00f3 en entrevista que, en 2016 con el sexenio de&nbsp;Javier Duarte,&nbsp;quien podr\u00eda quedar en libertad en breve, se registr\u00f3 un&nbsp;faltante de alrededor de mil 600 millones de pesos&nbsp;que nunca fue esclarecido.&nbsp;Tras diversos recursos legales,&nbsp;un juez reconoci\u00f3 como v\u00e1lida la impugnaci\u00f3n presentada contra la resoluci\u00f3n de la Fiscal\u00eda, la cual hab\u00eda determinado que no exist\u00eda delito que perseguir pese a que&nbsp;COPIPEV entreg\u00f3 141 pruebas sobre el uso irregular de recursos&nbsp;de la reserva t\u00e9cnica.&nbsp;<\/p>\n\n\n\n<p>Los propios&nbsp;auditores de la FGE hicieron un estudio del manejo de la reserva t\u00e9cnica en retiros, dep\u00f3sitos y documentos que los avalan. Sin embargo, lo que dejan de analizar es que la reserva t\u00e9cnica, que se debe de utilizar en casos excepcionales para el pago de pensiones, adem\u00e1s, fue&nbsp;utilizada para el pago de otros gastos&nbsp;del instituto de pensiones, lo cual es indebido, subray\u00f3.<\/p>\n\n\n\n<p>ANULAN ELECCI\u00d3N EN J\u00c1LTIPAN\u2026Con dos votos a favor y uno en contra, magistrados del Tribunal Electoral de Veracruz (TEV) determinaron anular la elecci\u00f3n municipal de J\u00e1ltipan, donde hab\u00eda resultado ganador el emecista Gildardo Maldonado Guzm\u00e1n. En sesi\u00f3n, este viernes 21 de noviembre, las magistradas resolvieron que la candidata de la coalici\u00f3n Juntos Hacemos Historia, Mildred Marlene May de la Cruz, fue v\u00edctima de violencia pol\u00edtica en raz\u00f3n de g\u00e9nero, lo que llev\u00f3 a invalidar los resultados de la jornada electoral.<\/p>\n\n\n\n<p>Seg\u00fan datos del c\u00f3mputo municipal, el ganador de la contienda, Gildardo Maldonado Guzm\u00e1n, sum\u00f3 6,125 votos, mientras que la candidata de la coalici\u00f3n Verde-Morena obtuvo 5,431. Al revisarse el RIN 12 y el JDC 251, ambos del 2025, se declar\u00f3 como inoperantes los agravios relacionados con la invalidez del c\u00f3mputo municipal por la supuesta parcialidad del consejo municipal; e infundado el agravio sobre el rebase del tope de gastos de campa\u00f1a, al no acreditarse el elemento correspondiente al cinco por ciento o m\u00e1s del monto autorizado.<\/p>\n\n\n\n<p>Nos dicen que cada voto para la nulidad en la elecci\u00f3n en J\u00e1ltipan cost\u00f3 tres millones de pesos para que Morena y su candidato tengan una segunda oportunidad.<\/p>\n","protected":false},"excerpt":{"rendered":"<p>Oved Contreras Secas Mecas La jueza de control le neg\u00f3 al Duartocho la libertad anticipada tras considerar que no cumpl\u00eda con los requisitos para obtener este beneficio\u2026nos cuentan que \u00e9l gordo no era buen reo, no se portaba tan bien como \u00e9l presum\u00eda adem\u00e1s que no le gustaba ejercitarse f\u00edsicamente como los dem\u00e1s reos, que [&hellip;]<\/p>\n","protected":false},"author":2,"featured_media":141426,"comment_status":"closed","ping_status":"closed","sticky":false,"template":"","format":"standard","meta":{"tdm_status":"","tdm_grid_status":"","footnotes":""},"categories":[70],"tags":[],"class_list":{"0":"post-157006","1":"post","2":"type-post","3":"status-publish","4":"format-standard","5":"has-post-thumbnail","7":"category-de-opinion"},"yoast_head":"<!-- This site is optimized with the Yoast SEO plugin v27.4 - https:\/\/yoast.com\/product\/yoast-seo-wordpress\/ -->\n<title>ENCHIQUERADO! - Los pol\u00edticos Veracruz<\/title>\n<meta name=\"robots\" content=\"index, follow, max-snippet:-1, max-image-preview:large, max-video-preview:-1\" \/>\n<link rel=\"canonical\" href=\"https:\/\/lospoliticosveracruz.com\/?p=157006\" \/>\n<meta property=\"og:locale\" content=\"es_ES\" \/>\n<meta property=\"og:type\" content=\"article\" \/>\n<meta property=\"og:title\" content=\"ENCHIQUERADO! - Los pol\u00edticos Veracruz\" \/>\n<meta property=\"og:description\" content=\"Oved Contreras Secas Mecas La jueza de control le neg\u00f3 al Duartocho la libertad anticipada tras considerar que no cumpl\u00eda con los requisitos para obtener este beneficio\u2026nos cuentan que \u00e9l gordo no era buen reo, no se portaba tan bien como \u00e9l presum\u00eda adem\u00e1s que no le gustaba ejercitarse f\u00edsicamente como los dem\u00e1s reos, que [&hellip;]\" \/>\n<meta property=\"og:url\" content=\"https:\/\/lospoliticosveracruz.com\/?p=157006\" \/>\n<meta property=\"og:site_name\" content=\"Los pol\u00edticos Veracruz\" \/>\n<meta property=\"article:publisher\" content=\"https:\/\/www.facebook.com\/people\/Notimemes-de-los-Polticos\/61565672886568\/\" \/>\n<meta property=\"article:published_time\" content=\"2025-11-22T15:25:20+00:00\" \/>\n<meta property=\"article:modified_time\" content=\"2025-11-22T15:25:44+00:00\" \/>\n<meta property=\"og:image\" content=\"https:\/\/lospoliticosveracruz.com\/wp-content\/uploads\/2025\/04\/Oved-Contreras-e1768066319253.jpg\" \/>\n\t<meta property=\"og:image:width\" content=\"600\" \/>\n\t<meta property=\"og:image:height\" content=\"320\" \/>\n\t<meta property=\"og:image:type\" content=\"image\/jpeg\" \/>\n<meta name=\"author\" content=\"Lo viste en Los Pol\u00edticos\" \/>\n<meta name=\"twitter:card\" content=\"summary_large_image\" \/>\n<meta name=\"twitter:creator\" content=\"@LosPoliticosVer\" \/>\n<meta name=\"twitter:site\" content=\"@LosPoliticosVer\" \/>\n<meta name=\"twitter:label1\" content=\"Escrito por\" \/>\n\t<meta name=\"twitter:data1\" content=\"Lo viste en Los Pol\u00edticos\" \/>\n\t<meta name=\"twitter:label2\" content=\"Tiempo de lectura\" \/>\n\t<meta name=\"twitter:data2\" content=\"7 minutos\" \/>\n<script type=\"application\/ld+json\" class=\"yoast-schema-graph\">{\"@context\":\"https:\\\/\\\/schema.org\",\"@graph\":[{\"@type\":\"Article\",\"@id\":\"https:\\\/\\\/lospoliticosveracruz.com\\\/?p=157006#article\",\"isPartOf\":{\"@id\":\"https:\\\/\\\/lospoliticosveracruz.com\\\/?p=157006\"},\"author\":{\"name\":\"Lo viste en Los Pol\u00edticos\",\"@id\":\"https:\\\/\\\/lospoliticosveracruz.com\\\/#\\\/schema\\\/person\\\/b8702bb0e538456e6efd07080bf2a4a2\"},\"headline\":\"ENCHIQUERADO!\",\"datePublished\":\"2025-11-22T15:25:20+00:00\",\"dateModified\":\"2025-11-22T15:25:44+00:00\",\"mainEntityOfPage\":{\"@id\":\"https:\\\/\\\/lospoliticosveracruz.com\\\/?p=157006\"},\"wordCount\":1305,\"publisher\":{\"@id\":\"https:\\\/\\\/lospoliticosveracruz.com\\\/#organization\"},\"image\":{\"@id\":\"https:\\\/\\\/lospoliticosveracruz.com\\\/?p=157006#primaryimage\"},\"thumbnailUrl\":\"https:\\\/\\\/lospoliticosveracruz.com\\\/wp-content\\\/uploads\\\/2025\\\/04\\\/Oved-Contreras-e1768066319253.jpg\",\"articleSection\":[\"De Opini\u00f3n\"],\"inLanguage\":\"es\"},{\"@type\":\"WebPage\",\"@id\":\"https:\\\/\\\/lospoliticosveracruz.com\\\/?p=157006\",\"url\":\"https:\\\/\\\/lospoliticosveracruz.com\\\/?p=157006\",\"name\":\"ENCHIQUERADO! - Los pol\u00edticos Veracruz\",\"isPartOf\":{\"@id\":\"https:\\\/\\\/lospoliticosveracruz.com\\\/#website\"},\"primaryImageOfPage\":{\"@id\":\"https:\\\/\\\/lospoliticosveracruz.com\\\/?p=157006#primaryimage\"},\"image\":{\"@id\":\"https:\\\/\\\/lospoliticosveracruz.com\\\/?p=157006#primaryimage\"},\"thumbnailUrl\":\"https:\\\/\\\/lospoliticosveracruz.com\\\/wp-content\\\/uploads\\\/2025\\\/04\\\/Oved-Contreras-e1768066319253.jpg\",\"datePublished\":\"2025-11-22T15:25:20+00:00\",\"dateModified\":\"2025-11-22T15:25:44+00:00\",\"breadcrumb\":{\"@id\":\"https:\\\/\\\/lospoliticosveracruz.com\\\/?p=157006#breadcrumb\"},\"inLanguage\":\"es\",\"potentialAction\":[{\"@type\":\"ReadAction\",\"target\":[\"https:\\\/\\\/lospoliticosveracruz.com\\\/?p=157006\"]}]},{\"@type\":\"ImageObject\",\"inLanguage\":\"es\",\"@id\":\"https:\\\/\\\/lospoliticosveracruz.com\\\/?p=157006#primaryimage\",\"url\":\"https:\\\/\\\/lospoliticosveracruz.com\\\/wp-content\\\/uploads\\\/2025\\\/04\\\/Oved-Contreras-e1768066319253.jpg\",\"contentUrl\":\"https:\\\/\\\/lospoliticosveracruz.com\\\/wp-content\\\/uploads\\\/2025\\\/04\\\/Oved-Contreras-e1768066319253.jpg\",\"width\":600,\"height\":320},{\"@type\":\"BreadcrumbList\",\"@id\":\"https:\\\/\\\/lospoliticosveracruz.com\\\/?p=157006#breadcrumb\",\"itemListElement\":[{\"@type\":\"ListItem\",\"position\":1,\"name\":\"Portada\",\"item\":\"https:\\\/\\\/lospoliticosveracruz.com\\\/\"},{\"@type\":\"ListItem\",\"position\":2,\"name\":\"ENCHIQUERADO!\"}]},{\"@type\":\"WebSite\",\"@id\":\"https:\\\/\\\/lospoliticosveracruz.com\\\/#website\",\"url\":\"https:\\\/\\\/lospoliticosveracruz.com\\\/\",\"name\":\"Los pol\u00edticos Veracruz\",\"description\":\"\",\"publisher\":{\"@id\":\"https:\\\/\\\/lospoliticosveracruz.com\\\/#organization\"},\"potentialAction\":[{\"@type\":\"SearchAction\",\"target\":{\"@type\":\"EntryPoint\",\"urlTemplate\":\"https:\\\/\\\/lospoliticosveracruz.com\\\/?s={search_term_string}\"},\"query-input\":{\"@type\":\"PropertyValueSpecification\",\"valueRequired\":true,\"valueName\":\"search_term_string\"}}],\"inLanguage\":\"es\"},{\"@type\":\"Organization\",\"@id\":\"https:\\\/\\\/lospoliticosveracruz.com\\\/#organization\",\"name\":\"Los pol\u00edticos Veracruz\",\"url\":\"https:\\\/\\\/lospoliticosveracruz.com\\\/\",\"logo\":{\"@type\":\"ImageObject\",\"inLanguage\":\"es\",\"@id\":\"https:\\\/\\\/lospoliticosveracruz.com\\\/#\\\/schema\\\/logo\\\/image\\\/\",\"url\":\"https:\\\/\\\/lospoliticosveracruz.com\\\/wp-content\\\/uploads\\\/2025\\\/12\\\/Logo-Nuevo-LOS-POLITICOS-1.jpg\",\"contentUrl\":\"https:\\\/\\\/lospoliticosveracruz.com\\\/wp-content\\\/uploads\\\/2025\\\/12\\\/Logo-Nuevo-LOS-POLITICOS-1.jpg\",\"width\":260,\"height\":70,\"caption\":\"Los pol\u00edticos Veracruz\"},\"image\":{\"@id\":\"https:\\\/\\\/lospoliticosveracruz.com\\\/#\\\/schema\\\/logo\\\/image\\\/\"},\"sameAs\":[\"https:\\\/\\\/www.facebook.com\\\/people\\\/Notimemes-de-los-Polticos\\\/61565672886568\\\/\",\"https:\\\/\\\/x.com\\\/LosPoliticosVer\"]},{\"@type\":\"Person\",\"@id\":\"https:\\\/\\\/lospoliticosveracruz.com\\\/#\\\/schema\\\/person\\\/b8702bb0e538456e6efd07080bf2a4a2\",\"name\":\"Lo viste en Los Pol\u00edticos\",\"image\":{\"@type\":\"ImageObject\",\"inLanguage\":\"es\",\"@id\":\"https:\\\/\\\/secure.gravatar.com\\\/avatar\\\/3a8de04a2656d44082be478bd6c086daa447c4651605818287b9532d3d0bd435?s=96&d=mm&r=g\",\"url\":\"https:\\\/\\\/secure.gravatar.com\\\/avatar\\\/3a8de04a2656d44082be478bd6c086daa447c4651605818287b9532d3d0bd435?s=96&d=mm&r=g\",\"contentUrl\":\"https:\\\/\\\/secure.gravatar.com\\\/avatar\\\/3a8de04a2656d44082be478bd6c086daa447c4651605818287b9532d3d0bd435?s=96&d=mm&r=g\",\"caption\":\"Lo viste en Los Pol\u00edticos\"},\"url\":\"https:\\\/\\\/lospoliticosveracruz.com\\\/?author=2\"}]}<\/script>\n<!-- \/ Yoast SEO plugin. -->","yoast_head_json":{"title":"ENCHIQUERADO! - Los pol\u00edticos Veracruz","robots":{"index":"index","follow":"follow","max-snippet":"max-snippet:-1","max-image-preview":"max-image-preview:large","max-video-preview":"max-video-preview:-1"},"canonical":"https:\/\/lospoliticosveracruz.com\/?p=157006","og_locale":"es_ES","og_type":"article","og_title":"ENCHIQUERADO! - Los pol\u00edticos Veracruz","og_description":"Oved Contreras Secas Mecas La jueza de control le neg\u00f3 al Duartocho la libertad anticipada tras considerar que no cumpl\u00eda con los requisitos para obtener este beneficio\u2026nos cuentan que \u00e9l gordo no era buen reo, no se portaba tan bien como \u00e9l presum\u00eda adem\u00e1s que no le gustaba ejercitarse f\u00edsicamente como los dem\u00e1s reos, que [&hellip;]","og_url":"https:\/\/lospoliticosveracruz.com\/?p=157006","og_site_name":"Los pol\u00edticos Veracruz","article_publisher":"https:\/\/www.facebook.com\/people\/Notimemes-de-los-Polticos\/61565672886568\/","article_published_time":"2025-11-22T15:25:20+00:00","article_modified_time":"2025-11-22T15:25:44+00:00","og_image":[{"width":600,"height":320,"url":"https:\/\/lospoliticosveracruz.com\/wp-content\/uploads\/2025\/04\/Oved-Contreras-e1768066319253.jpg","type":"image\/jpeg"}],"author":"Lo viste en Los Pol\u00edticos","twitter_card":"summary_large_image","twitter_creator":"@LosPoliticosVer","twitter_site":"@LosPoliticosVer","twitter_misc":{"Escrito por":"Lo viste en Los Pol\u00edticos","Tiempo de lectura":"7 minutos"},"schema":{"@context":"https:\/\/schema.org","@graph":[{"@type":"Article","@id":"https:\/\/lospoliticosveracruz.com\/?p=157006#article","isPartOf":{"@id":"https:\/\/lospoliticosveracruz.com\/?p=157006"},"author":{"name":"Lo viste en Los Pol\u00edticos","@id":"https:\/\/lospoliticosveracruz.com\/#\/schema\/person\/b8702bb0e538456e6efd07080bf2a4a2"},"headline":"ENCHIQUERADO!","datePublished":"2025-11-22T15:25:20+00:00","dateModified":"2025-11-22T15:25:44+00:00","mainEntityOfPage":{"@id":"https:\/\/lospoliticosveracruz.com\/?p=157006"},"wordCount":1305,"publisher":{"@id":"https:\/\/lospoliticosveracruz.com\/#organization"},"image":{"@id":"https:\/\/lospoliticosveracruz.com\/?p=157006#primaryimage"},"thumbnailUrl":"https:\/\/lospoliticosveracruz.com\/wp-content\/uploads\/2025\/04\/Oved-Contreras-e1768066319253.jpg","articleSection":["De Opini\u00f3n"],"inLanguage":"es"},{"@type":"WebPage","@id":"https:\/\/lospoliticosveracruz.com\/?p=157006","url":"https:\/\/lospoliticosveracruz.com\/?p=157006","name":"ENCHIQUERADO! - Los pol\u00edticos Veracruz","isPartOf":{"@id":"https:\/\/lospoliticosveracruz.com\/#website"},"primaryImageOfPage":{"@id":"https:\/\/lospoliticosveracruz.com\/?p=157006#primaryimage"},"image":{"@id":"https:\/\/lospoliticosveracruz.com\/?p=157006#primaryimage"},"thumbnailUrl":"https:\/\/lospoliticosveracruz.com\/wp-content\/uploads\/2025\/04\/Oved-Contreras-e1768066319253.jpg","datePublished":"2025-11-22T15:25:20+00:00","dateModified":"2025-11-22T15:25:44+00:00","breadcrumb":{"@id":"https:\/\/lospoliticosveracruz.com\/?p=157006#breadcrumb"},"inLanguage":"es","potentialAction":[{"@type":"ReadAction","target":["https:\/\/lospoliticosveracruz.com\/?p=157006"]}]},{"@type":"ImageObject","inLanguage":"es","@id":"https:\/\/lospoliticosveracruz.com\/?p=157006#primaryimage","url":"https:\/\/lospoliticosveracruz.com\/wp-content\/uploads\/2025\/04\/Oved-Contreras-e1768066319253.jpg","contentUrl":"https:\/\/lospoliticosveracruz.com\/wp-content\/uploads\/2025\/04\/Oved-Contreras-e1768066319253.jpg","width":600,"height":320},{"@type":"BreadcrumbList","@id":"https:\/\/lospoliticosveracruz.com\/?p=157006#breadcrumb","itemListElement":[{"@type":"ListItem","position":1,"name":"Portada","item":"https:\/\/lospoliticosveracruz.com\/"},{"@type":"ListItem","position":2,"name":"ENCHIQUERADO!"}]},{"@type":"WebSite","@id":"https:\/\/lospoliticosveracruz.com\/#website","url":"https:\/\/lospoliticosveracruz.com\/","name":"Los pol\u00edticos Veracruz","description":"","publisher":{"@id":"https:\/\/lospoliticosveracruz.com\/#organization"},"potentialAction":[{"@type":"SearchAction","target":{"@type":"EntryPoint","urlTemplate":"https:\/\/lospoliticosveracruz.com\/?s={search_term_string}"},"query-input":{"@type":"PropertyValueSpecification","valueRequired":true,"valueName":"search_term_string"}}],"inLanguage":"es"},{"@type":"Organization","@id":"https:\/\/lospoliticosveracruz.com\/#organization","name":"Los pol\u00edticos Veracruz","url":"https:\/\/lospoliticosveracruz.com\/","logo":{"@type":"ImageObject","inLanguage":"es","@id":"https:\/\/lospoliticosveracruz.com\/#\/schema\/logo\/image\/","url":"https:\/\/lospoliticosveracruz.com\/wp-content\/uploads\/2025\/12\/Logo-Nuevo-LOS-POLITICOS-1.jpg","contentUrl":"https:\/\/lospoliticosveracruz.com\/wp-content\/uploads\/2025\/12\/Logo-Nuevo-LOS-POLITICOS-1.jpg","width":260,"height":70,"caption":"Los pol\u00edticos Veracruz"},"image":{"@id":"https:\/\/lospoliticosveracruz.com\/#\/schema\/logo\/image\/"},"sameAs":["https:\/\/www.facebook.com\/people\/Notimemes-de-los-Polticos\/61565672886568\/","https:\/\/x.com\/LosPoliticosVer"]},{"@type":"Person","@id":"https:\/\/lospoliticosveracruz.com\/#\/schema\/person\/b8702bb0e538456e6efd07080bf2a4a2","name":"Lo viste en Los Pol\u00edticos","image":{"@type":"ImageObject","inLanguage":"es","@id":"https:\/\/secure.gravatar.com\/avatar\/3a8de04a2656d44082be478bd6c086daa447c4651605818287b9532d3d0bd435?s=96&d=mm&r=g","url":"https:\/\/secure.gravatar.com\/avatar\/3a8de04a2656d44082be478bd6c086daa447c4651605818287b9532d3d0bd435?s=96&d=mm&r=g","contentUrl":"https:\/\/secure.gravatar.com\/avatar\/3a8de04a2656d44082be478bd6c086daa447c4651605818287b9532d3d0bd435?s=96&d=mm&r=g","caption":"Lo viste en Los Pol\u00edticos"},"url":"https:\/\/lospoliticosveracruz.com\/?author=2"}]}},"_links":{"self":[{"href":"https:\/\/lospoliticosveracruz.com\/index.php?rest_route=\/wp\/v2\/posts\/157006","targetHints":{"allow":["GET"]}}],"collection":[{"href":"https:\/\/lospoliticosveracruz.com\/index.php?rest_route=\/wp\/v2\/posts"}],"about":[{"href":"https:\/\/lospoliticosveracruz.com\/index.php?rest_route=\/wp\/v2\/types\/post"}],"author":[{"embeddable":true,"href":"https:\/\/lospoliticosveracruz.com\/index.php?rest_route=\/wp\/v2\/users\/2"}],"replies":[{"embeddable":true,"href":"https:\/\/lospoliticosveracruz.com\/index.php?rest_route=%2Fwp%2Fv2%2Fcomments&post=157006"}],"version-history":[{"count":2,"href":"https:\/\/lospoliticosveracruz.com\/index.php?rest_route=\/wp\/v2\/posts\/157006\/revisions"}],"predecessor-version":[{"id":157008,"href":"https:\/\/lospoliticosveracruz.com\/index.php?rest_route=\/wp\/v2\/posts\/157006\/revisions\/157008"}],"wp:featuredmedia":[{"embeddable":true,"href":"https:\/\/lospoliticosveracruz.com\/index.php?rest_route=\/wp\/v2\/media\/141426"}],"wp:attachment":[{"href":"https:\/\/lospoliticosveracruz.com\/index.php?rest_route=%2Fwp%2Fv2%2Fmedia&parent=157006"}],"wp:term":[{"taxonomy":"category","embeddable":true,"href":"https:\/\/lospoliticosveracruz.com\/index.php?rest_route=%2Fwp%2Fv2%2Fcategories&post=157006"},{"taxonomy":"post_tag","embeddable":true,"href":"https:\/\/lospoliticosveracruz.com\/index.php?rest_route=%2Fwp%2Fv2%2Ftags&post=157006"}],"curies":[{"name":"wp","href":"https:\/\/api.w.org\/{rel}","templated":true}]}}