{"id":15702,"date":"2015-04-12T22:30:03","date_gmt":"2015-04-13T03:30:03","guid":{"rendered":"http:\/\/www.lospoliticosveracruz.com.mx\/?p=15702"},"modified":"2015-04-12T22:30:03","modified_gmt":"2015-04-13T03:30:03","slug":"veracruz-nuevos-impuestos-la-solucion","status":"publish","type":"post","link":"https:\/\/lospoliticosveracruz.com\/?p=15702","title":{"rendered":"Veracruz: Nuevos impuestos \u00bfla soluci\u00f3n?"},"content":{"rendered":"<p><a href=\"http:\/\/www.lospoliticosveracruz.com.mx\/wp-content\/uploads\/2015\/04\/Manuel-Aguilera-G\u00f3mez.jpg\"><img loading=\"lazy\" decoding=\"async\" class=\"alignnone size-medium wp-image-15704\" src=\"http:\/\/www.lospoliticosveracruz.com.mx\/wp-content\/uploads\/2015\/04\/Manuel-Aguilera-G\u00f3mez-300x200.jpg\" alt=\"Manuel Aguilera G\u00f3mez\" width=\"300\" height=\"200\" \/><\/a><\/p>\n<p><strong>Brenda Caballero<\/strong><\/p>\n<p><em> N\u00fameros Rojos<\/em><\/p>\n<p>Aparte de la inseguridad, una de las cosas nos interesa a los mexicanos es el aspecto econ\u00f3mico. Escuchamos que el precio del petr\u00f3leo va a la baja, que nuestro pa\u00eds no crece econ\u00f3micamente, que no hay empleos o los que hay no son bien remunerados. Definitivamente nuestro bolsillo es el que todos los d\u00edas lo reciente. Pero \u00bfsaldremos bien librados los mexicanos? \u00bfCu\u00e1l es el panorama futuro? \u00bfHan funcionado las Reformas Estructurales del presidente Enrique Pe\u00f1a?<br \/>\nEstas y muchas preguntas son las que nos hacemos y que realmente no obtenemos respuestas a tanta incertidumbre en la que vivimos.<br \/>\nEl pasado viernes estuvo en la capital veracruzana el economista orizabe\u00f1o Manuel Aguilera G\u00f3mez, quien se ha desempe\u00f1ado en varios cargos p\u00fablicos y goza de una amplia experiencia sobre el tema econ\u00f3mico. Aguilera tuvo varias actividades dentro de las cuales resaltaron la presentaci\u00f3n de un su libro La Banca de M\u00e9xico, Origen, evoluci\u00f3n y perspectivas ante alumnos de la Facultad de Administraci\u00f3n de la Universidad Veracruzana, un foro econ\u00f3mico y una comida con la Asociaci\u00f3n de Periodistas Veracruzanos (Apever).<br \/>\nFue precisamente en esta reuni\u00f3n que el doctor Manuel Aguilera contest\u00f3 algunas dudas aunque aclar\u00f3 siempre: \u201cNo tengo la bola m\u00e1gica, pero tratar\u00e9 de sacarla\u201d y es que desde su punto de vista, el panorama econ\u00f3mico no es muy alentador dado que los mexicanos nos especializamos en el petr\u00f3leo, raz\u00f3n por la que actualmente estamos teniendo problemas por su precio en picada y es un problema que estamos padeciendo, aunque aclar\u00f3 que este problema no data del gobierno actual, sino que se viene arrastrando desde el Foxismo y el Calderonismo, por lo que tambi\u00e9n son responsables de nuestra situaci\u00f3n econ\u00f3mica actual, ya que fue durante sus sexenios que se extrajo gran cantidad de petr\u00f3leo, espec\u00edficamente Aguilera mencion\u00f3 Cantarell. Investigando un poco sobre este campo petrolero, uno de los m\u00e1s grande del mundo, encontramos que produc\u00eda alrededor de 384 mil barriles diarios, algo as\u00ed como el 15 por ciento de la producci\u00f3n nacional y que desgraciadamente dichos ingresos se nos fueron. No s\u00e9 a usted, pero a m\u00ed de inmediato me vino a la mente Carlos Romero Deschamps.<br \/>\nAnte esta situaci\u00f3n Manuel Aguilera comenta que el presidente Enrique Pe\u00f1a est\u00e1 apostando por los contratos de exploraci\u00f3n petrolera, aunque menciona que cada vez es m\u00e1s dif\u00edcil por las condiciones que ponen las compa\u00f1\u00edas, que cada vez son m\u00e1s; incluso, han propuesto la venta directa del petr\u00f3leo, asunto que resulta inadmisible.<br \/>\nLuego entonces, si los ingresos mexicanos derivados del petr\u00f3leo van en picada \u00bfQu\u00e9 se puede hacer para mejorar la econom\u00eda mexicana y que crezca nuestro pa\u00eds?<br \/>\nAnte los a\u00f1os dif\u00edciles que se aproximan, Manuel Aguilera recomienda que el gobierno federal deber\u00e1 primero que nada reducir el gasto, combatir la corrupci\u00f3n y gravar ciertos renglones de la propiedad.<br \/>\nDesde luego que no pod\u00eda faltar en el asunto el estado de Veracruz y todo el problema econ\u00f3mico que enfrenta.<br \/>\nAnte esta situaci\u00f3n, se refiri\u00f3 a que el pr\u00f3ximo gobernador deber\u00e1 renegociar la deuda para bajar su costo de financiamiento, y sobre todo tomar medidas antipopulares como modificar los valores catastrales, cobrar derechos por el agua, derechos por seguridad en los estadios de futbol, cobrar por la venta de loter\u00edas, incluso automatizar la recaudaci\u00f3n de impuestos.<br \/>\nPero \u00bfC\u00f3mo convencer a los ciudadanos de pagar m\u00e1s impuestos? se le cuestiona y responde: \u201c\u00c9se es el verdadero trabajo, es otra forma de hacer pol\u00edtica como instrumento recaudatorio\u201d.<\/p>\n<p>Email: caballero_brenda@hotmail.com<\/p>\n","protected":false},"excerpt":{"rendered":"<p>Brenda Caballero N\u00fameros Rojos Aparte de la inseguridad, una de las cosas nos interesa a los mexicanos es el aspecto econ\u00f3mico. Escuchamos que el precio del petr\u00f3leo va a la baja, que nuestro pa\u00eds no crece econ\u00f3micamente, que no hay empleos o los que hay no son bien remunerados. Definitivamente nuestro bolsillo es el que [&hellip;]<\/p>\n","protected":false},"author":2,"featured_media":0,"comment_status":"open","ping_status":"open","sticky":false,"template":"","format":"standard","meta":{"tdm_status":"","tdm_grid_status":"","footnotes":""},"categories":[70],"tags":[2402,2401,2019,1290],"class_list":{"0":"post-15702","1":"post","2":"type-post","3":"status-publish","4":"format-standard","6":"category-de-opinion","7":"tag-impuestos","8":"tag-manuel-aguilera-gomez","9":"tag-petroleo","10":"tag-politica"},"yoast_head":"<!-- This site is optimized with the Yoast SEO plugin v27.4 - https:\/\/yoast.com\/product\/yoast-seo-wordpress\/ -->\n<title>Veracruz: Nuevos impuestos \u00bfla soluci\u00f3n? - Los pol\u00edticos Veracruz<\/title>\n<meta name=\"robots\" content=\"index, follow, max-snippet:-1, max-image-preview:large, max-video-preview:-1\" \/>\n<link rel=\"canonical\" href=\"https:\/\/lospoliticosveracruz.com\/?p=15702\" \/>\n<meta property=\"og:locale\" content=\"es_ES\" \/>\n<meta property=\"og:type\" content=\"article\" \/>\n<meta property=\"og:title\" content=\"Veracruz: Nuevos impuestos \u00bfla soluci\u00f3n? - Los pol\u00edticos Veracruz\" \/>\n<meta property=\"og:description\" content=\"Brenda Caballero N\u00fameros Rojos Aparte de la inseguridad, una de las cosas nos interesa a los mexicanos es el aspecto econ\u00f3mico. Escuchamos que el precio del petr\u00f3leo va a la baja, que nuestro pa\u00eds no crece econ\u00f3micamente, que no hay empleos o los que hay no son bien remunerados. Definitivamente nuestro bolsillo es el que [&hellip;]\" \/>\n<meta property=\"og:url\" content=\"https:\/\/lospoliticosveracruz.com\/?p=15702\" \/>\n<meta property=\"og:site_name\" content=\"Los pol\u00edticos Veracruz\" \/>\n<meta property=\"article:publisher\" content=\"https:\/\/www.facebook.com\/people\/Notimemes-de-los-Polticos\/61565672886568\/\" \/>\n<meta property=\"article:published_time\" content=\"2015-04-13T03:30:03+00:00\" \/>\n<meta property=\"og:image\" content=\"https:\/\/lospoliticosveracruz.com\/wp-content\/uploads\/2016\/07\/Logo-Dor.jpg\" \/>\n\t<meta property=\"og:image:width\" content=\"200\" \/>\n\t<meta property=\"og:image:height\" content=\"200\" \/>\n\t<meta property=\"og:image:type\" content=\"image\/jpeg\" \/>\n<meta name=\"author\" content=\"Lo viste en Los Pol\u00edticos\" \/>\n<meta name=\"twitter:card\" content=\"summary_large_image\" \/>\n<meta name=\"twitter:creator\" content=\"@LosPoliticosVer\" \/>\n<meta name=\"twitter:site\" content=\"@LosPoliticosVer\" \/>\n<meta name=\"twitter:label1\" content=\"Escrito por\" \/>\n\t<meta name=\"twitter:data1\" content=\"Lo viste en Los Pol\u00edticos\" \/>\n\t<meta name=\"twitter:label2\" content=\"Tiempo de lectura\" \/>\n\t<meta name=\"twitter:data2\" content=\"3 minutos\" \/>\n<script type=\"application\/ld+json\" class=\"yoast-schema-graph\">{\"@context\":\"https:\\\/\\\/schema.org\",\"@graph\":[{\"@type\":\"Article\",\"@id\":\"https:\\\/\\\/lospoliticosveracruz.com\\\/?p=15702#article\",\"isPartOf\":{\"@id\":\"https:\\\/\\\/lospoliticosveracruz.com\\\/?p=15702\"},\"author\":{\"name\":\"Lo viste en Los Pol\u00edticos\",\"@id\":\"https:\\\/\\\/lospoliticosveracruz.com\\\/#\\\/schema\\\/person\\\/b8702bb0e538456e6efd07080bf2a4a2\"},\"headline\":\"Veracruz: Nuevos impuestos \u00bfla soluci\u00f3n?\",\"datePublished\":\"2015-04-13T03:30:03+00:00\",\"mainEntityOfPage\":{\"@id\":\"https:\\\/\\\/lospoliticosveracruz.com\\\/?p=15702\"},\"wordCount\":635,\"commentCount\":0,\"publisher\":{\"@id\":\"https:\\\/\\\/lospoliticosveracruz.com\\\/#organization\"},\"keywords\":[\"impuestos\",\"Manuel Aguilera G\u00f3mez\",\"Petr\u00f3leo\",\"pol\u00edtica\"],\"articleSection\":[\"De Opini\u00f3n\"],\"inLanguage\":\"es\",\"potentialAction\":[{\"@type\":\"CommentAction\",\"name\":\"Comment\",\"target\":[\"https:\\\/\\\/lospoliticosveracruz.com\\\/?p=15702#respond\"]}]},{\"@type\":\"WebPage\",\"@id\":\"https:\\\/\\\/lospoliticosveracruz.com\\\/?p=15702\",\"url\":\"https:\\\/\\\/lospoliticosveracruz.com\\\/?p=15702\",\"name\":\"Veracruz: Nuevos impuestos \u00bfla soluci\u00f3n? - Los pol\u00edticos Veracruz\",\"isPartOf\":{\"@id\":\"https:\\\/\\\/lospoliticosveracruz.com\\\/#website\"},\"datePublished\":\"2015-04-13T03:30:03+00:00\",\"breadcrumb\":{\"@id\":\"https:\\\/\\\/lospoliticosveracruz.com\\\/?p=15702#breadcrumb\"},\"inLanguage\":\"es\",\"potentialAction\":[{\"@type\":\"ReadAction\",\"target\":[\"https:\\\/\\\/lospoliticosveracruz.com\\\/?p=15702\"]}]},{\"@type\":\"BreadcrumbList\",\"@id\":\"https:\\\/\\\/lospoliticosveracruz.com\\\/?p=15702#breadcrumb\",\"itemListElement\":[{\"@type\":\"ListItem\",\"position\":1,\"name\":\"Portada\",\"item\":\"https:\\\/\\\/lospoliticosveracruz.com\\\/\"},{\"@type\":\"ListItem\",\"position\":2,\"name\":\"Veracruz: Nuevos impuestos \u00bfla soluci\u00f3n?\"}]},{\"@type\":\"WebSite\",\"@id\":\"https:\\\/\\\/lospoliticosveracruz.com\\\/#website\",\"url\":\"https:\\\/\\\/lospoliticosveracruz.com\\\/\",\"name\":\"Los pol\u00edticos Veracruz\",\"description\":\"\",\"publisher\":{\"@id\":\"https:\\\/\\\/lospoliticosveracruz.com\\\/#organization\"},\"potentialAction\":[{\"@type\":\"SearchAction\",\"target\":{\"@type\":\"EntryPoint\",\"urlTemplate\":\"https:\\\/\\\/lospoliticosveracruz.com\\\/?s={search_term_string}\"},\"query-input\":{\"@type\":\"PropertyValueSpecification\",\"valueRequired\":true,\"valueName\":\"search_term_string\"}}],\"inLanguage\":\"es\"},{\"@type\":\"Organization\",\"@id\":\"https:\\\/\\\/lospoliticosveracruz.com\\\/#organization\",\"name\":\"Los pol\u00edticos Veracruz\",\"url\":\"https:\\\/\\\/lospoliticosveracruz.com\\\/\",\"logo\":{\"@type\":\"ImageObject\",\"inLanguage\":\"es\",\"@id\":\"https:\\\/\\\/lospoliticosveracruz.com\\\/#\\\/schema\\\/logo\\\/image\\\/\",\"url\":\"https:\\\/\\\/lospoliticosveracruz.com\\\/wp-content\\\/uploads\\\/2025\\\/12\\\/Logo-Nuevo-LOS-POLITICOS-1.jpg\",\"contentUrl\":\"https:\\\/\\\/lospoliticosveracruz.com\\\/wp-content\\\/uploads\\\/2025\\\/12\\\/Logo-Nuevo-LOS-POLITICOS-1.jpg\",\"width\":260,\"height\":70,\"caption\":\"Los pol\u00edticos Veracruz\"},\"image\":{\"@id\":\"https:\\\/\\\/lospoliticosveracruz.com\\\/#\\\/schema\\\/logo\\\/image\\\/\"},\"sameAs\":[\"https:\\\/\\\/www.facebook.com\\\/people\\\/Notimemes-de-los-Polticos\\\/61565672886568\\\/\",\"https:\\\/\\\/x.com\\\/LosPoliticosVer\"]},{\"@type\":\"Person\",\"@id\":\"https:\\\/\\\/lospoliticosveracruz.com\\\/#\\\/schema\\\/person\\\/b8702bb0e538456e6efd07080bf2a4a2\",\"name\":\"Lo viste en Los Pol\u00edticos\",\"image\":{\"@type\":\"ImageObject\",\"inLanguage\":\"es\",\"@id\":\"https:\\\/\\\/secure.gravatar.com\\\/avatar\\\/3a8de04a2656d44082be478bd6c086daa447c4651605818287b9532d3d0bd435?s=96&d=mm&r=g\",\"url\":\"https:\\\/\\\/secure.gravatar.com\\\/avatar\\\/3a8de04a2656d44082be478bd6c086daa447c4651605818287b9532d3d0bd435?s=96&d=mm&r=g\",\"contentUrl\":\"https:\\\/\\\/secure.gravatar.com\\\/avatar\\\/3a8de04a2656d44082be478bd6c086daa447c4651605818287b9532d3d0bd435?s=96&d=mm&r=g\",\"caption\":\"Lo viste en Los Pol\u00edticos\"},\"url\":\"https:\\\/\\\/lospoliticosveracruz.com\\\/?author=2\"}]}<\/script>\n<!-- \/ Yoast SEO plugin. -->","yoast_head_json":{"title":"Veracruz: Nuevos impuestos \u00bfla soluci\u00f3n? - Los pol\u00edticos Veracruz","robots":{"index":"index","follow":"follow","max-snippet":"max-snippet:-1","max-image-preview":"max-image-preview:large","max-video-preview":"max-video-preview:-1"},"canonical":"https:\/\/lospoliticosveracruz.com\/?p=15702","og_locale":"es_ES","og_type":"article","og_title":"Veracruz: Nuevos impuestos \u00bfla soluci\u00f3n? - Los pol\u00edticos Veracruz","og_description":"Brenda Caballero N\u00fameros Rojos Aparte de la inseguridad, una de las cosas nos interesa a los mexicanos es el aspecto econ\u00f3mico. Escuchamos que el precio del petr\u00f3leo va a la baja, que nuestro pa\u00eds no crece econ\u00f3micamente, que no hay empleos o los que hay no son bien remunerados. Definitivamente nuestro bolsillo es el que [&hellip;]","og_url":"https:\/\/lospoliticosveracruz.com\/?p=15702","og_site_name":"Los pol\u00edticos Veracruz","article_publisher":"https:\/\/www.facebook.com\/people\/Notimemes-de-los-Polticos\/61565672886568\/","article_published_time":"2015-04-13T03:30:03+00:00","og_image":[{"width":200,"height":200,"url":"https:\/\/lospoliticosveracruz.com\/wp-content\/uploads\/2016\/07\/Logo-Dor.jpg","type":"image\/jpeg"}],"author":"Lo viste en Los Pol\u00edticos","twitter_card":"summary_large_image","twitter_creator":"@LosPoliticosVer","twitter_site":"@LosPoliticosVer","twitter_misc":{"Escrito por":"Lo viste en Los Pol\u00edticos","Tiempo de lectura":"3 minutos"},"schema":{"@context":"https:\/\/schema.org","@graph":[{"@type":"Article","@id":"https:\/\/lospoliticosveracruz.com\/?p=15702#article","isPartOf":{"@id":"https:\/\/lospoliticosveracruz.com\/?p=15702"},"author":{"name":"Lo viste en Los Pol\u00edticos","@id":"https:\/\/lospoliticosveracruz.com\/#\/schema\/person\/b8702bb0e538456e6efd07080bf2a4a2"},"headline":"Veracruz: Nuevos impuestos \u00bfla soluci\u00f3n?","datePublished":"2015-04-13T03:30:03+00:00","mainEntityOfPage":{"@id":"https:\/\/lospoliticosveracruz.com\/?p=15702"},"wordCount":635,"commentCount":0,"publisher":{"@id":"https:\/\/lospoliticosveracruz.com\/#organization"},"keywords":["impuestos","Manuel Aguilera G\u00f3mez","Petr\u00f3leo","pol\u00edtica"],"articleSection":["De Opini\u00f3n"],"inLanguage":"es","potentialAction":[{"@type":"CommentAction","name":"Comment","target":["https:\/\/lospoliticosveracruz.com\/?p=15702#respond"]}]},{"@type":"WebPage","@id":"https:\/\/lospoliticosveracruz.com\/?p=15702","url":"https:\/\/lospoliticosveracruz.com\/?p=15702","name":"Veracruz: Nuevos impuestos \u00bfla soluci\u00f3n? - Los pol\u00edticos Veracruz","isPartOf":{"@id":"https:\/\/lospoliticosveracruz.com\/#website"},"datePublished":"2015-04-13T03:30:03+00:00","breadcrumb":{"@id":"https:\/\/lospoliticosveracruz.com\/?p=15702#breadcrumb"},"inLanguage":"es","potentialAction":[{"@type":"ReadAction","target":["https:\/\/lospoliticosveracruz.com\/?p=15702"]}]},{"@type":"BreadcrumbList","@id":"https:\/\/lospoliticosveracruz.com\/?p=15702#breadcrumb","itemListElement":[{"@type":"ListItem","position":1,"name":"Portada","item":"https:\/\/lospoliticosveracruz.com\/"},{"@type":"ListItem","position":2,"name":"Veracruz: Nuevos impuestos \u00bfla soluci\u00f3n?"}]},{"@type":"WebSite","@id":"https:\/\/lospoliticosveracruz.com\/#website","url":"https:\/\/lospoliticosveracruz.com\/","name":"Los pol\u00edticos Veracruz","description":"","publisher":{"@id":"https:\/\/lospoliticosveracruz.com\/#organization"},"potentialAction":[{"@type":"SearchAction","target":{"@type":"EntryPoint","urlTemplate":"https:\/\/lospoliticosveracruz.com\/?s={search_term_string}"},"query-input":{"@type":"PropertyValueSpecification","valueRequired":true,"valueName":"search_term_string"}}],"inLanguage":"es"},{"@type":"Organization","@id":"https:\/\/lospoliticosveracruz.com\/#organization","name":"Los pol\u00edticos Veracruz","url":"https:\/\/lospoliticosveracruz.com\/","logo":{"@type":"ImageObject","inLanguage":"es","@id":"https:\/\/lospoliticosveracruz.com\/#\/schema\/logo\/image\/","url":"https:\/\/lospoliticosveracruz.com\/wp-content\/uploads\/2025\/12\/Logo-Nuevo-LOS-POLITICOS-1.jpg","contentUrl":"https:\/\/lospoliticosveracruz.com\/wp-content\/uploads\/2025\/12\/Logo-Nuevo-LOS-POLITICOS-1.jpg","width":260,"height":70,"caption":"Los pol\u00edticos Veracruz"},"image":{"@id":"https:\/\/lospoliticosveracruz.com\/#\/schema\/logo\/image\/"},"sameAs":["https:\/\/www.facebook.com\/people\/Notimemes-de-los-Polticos\/61565672886568\/","https:\/\/x.com\/LosPoliticosVer"]},{"@type":"Person","@id":"https:\/\/lospoliticosveracruz.com\/#\/schema\/person\/b8702bb0e538456e6efd07080bf2a4a2","name":"Lo viste en Los Pol\u00edticos","image":{"@type":"ImageObject","inLanguage":"es","@id":"https:\/\/secure.gravatar.com\/avatar\/3a8de04a2656d44082be478bd6c086daa447c4651605818287b9532d3d0bd435?s=96&d=mm&r=g","url":"https:\/\/secure.gravatar.com\/avatar\/3a8de04a2656d44082be478bd6c086daa447c4651605818287b9532d3d0bd435?s=96&d=mm&r=g","contentUrl":"https:\/\/secure.gravatar.com\/avatar\/3a8de04a2656d44082be478bd6c086daa447c4651605818287b9532d3d0bd435?s=96&d=mm&r=g","caption":"Lo viste en Los Pol\u00edticos"},"url":"https:\/\/lospoliticosveracruz.com\/?author=2"}]}},"_links":{"self":[{"href":"https:\/\/lospoliticosveracruz.com\/index.php?rest_route=\/wp\/v2\/posts\/15702","targetHints":{"allow":["GET"]}}],"collection":[{"href":"https:\/\/lospoliticosveracruz.com\/index.php?rest_route=\/wp\/v2\/posts"}],"about":[{"href":"https:\/\/lospoliticosveracruz.com\/index.php?rest_route=\/wp\/v2\/types\/post"}],"author":[{"embeddable":true,"href":"https:\/\/lospoliticosveracruz.com\/index.php?rest_route=\/wp\/v2\/users\/2"}],"replies":[{"embeddable":true,"href":"https:\/\/lospoliticosveracruz.com\/index.php?rest_route=%2Fwp%2Fv2%2Fcomments&post=15702"}],"version-history":[{"count":2,"href":"https:\/\/lospoliticosveracruz.com\/index.php?rest_route=\/wp\/v2\/posts\/15702\/revisions"}],"predecessor-version":[{"id":15705,"href":"https:\/\/lospoliticosveracruz.com\/index.php?rest_route=\/wp\/v2\/posts\/15702\/revisions\/15705"}],"wp:attachment":[{"href":"https:\/\/lospoliticosveracruz.com\/index.php?rest_route=%2Fwp%2Fv2%2Fmedia&parent=15702"}],"wp:term":[{"taxonomy":"category","embeddable":true,"href":"https:\/\/lospoliticosveracruz.com\/index.php?rest_route=%2Fwp%2Fv2%2Fcategories&post=15702"},{"taxonomy":"post_tag","embeddable":true,"href":"https:\/\/lospoliticosveracruz.com\/index.php?rest_route=%2Fwp%2Fv2%2Ftags&post=15702"}],"curies":[{"name":"wp","href":"https:\/\/api.w.org\/{rel}","templated":true}]}}