{"id":157021,"date":"2025-11-22T14:49:07","date_gmt":"2025-11-22T20:49:07","guid":{"rendered":"https:\/\/lospoliticosveracruz.com.mx\/?p=157021"},"modified":"2025-11-22T14:50:43","modified_gmt":"2025-11-22T20:50:43","slug":"para-veracruz-viene-lo-mejor","status":"publish","type":"post","link":"https:\/\/lospoliticosveracruz.com\/?p=157021","title":{"rendered":"PARA VERACRUZ, VIENE LO MEJOR!"},"content":{"rendered":"\n<p><em>Boca del R\u00edo: <\/em>Veracruz y M\u00e9xico requieren unidad real, trabajo probado y responsabilidad pol\u00edtica, no discursos que buscan dividir ni agendas que pretenden frenar el avance del pa\u00eds, afirm\u00f3 durante su Primer Informe Legislativo, el diputado federal Javier Herrera Borunda.<\/p>\n\n\n\n\n\n<p>\u201cHay quienes quieren detener a M\u00e9xico; nosotros estamos trabajando para que avance\u201d. El legislador federal tambi\u00e9n advirti\u00f3 que, mientras hay sectores que alimentan el miedo y la polarizaci\u00f3n para conservar privilegios, \u00e9l y su bancada del Partido Verde Ecologista de M\u00e9xico (PVEM) contin\u00faan impulsando reformas hist\u00f3ricas que fortalecen al Estado mexicano.<\/p>\n\n\n\n<p>Herrera Borunda se\u00f1al\u00f3 que esta legislatura ha marcado r\u00e9cords nacionales con 44 reformas constitucionales, 7 nuevas leyes y 37 reformas secundarias, logros que \u201cno se alcanzan con grilla ni con estridencias, sino con trabajo serio, t\u00e9cnico y responsable\u201d.<\/p>\n\n\n\n<p>El diputado federal veracruzano dej\u00f3 claro el respaldo del Partido Verde a la presidenta de la Rep\u00fablica, Claudia Sheinbaum Pardo, destacando su liderazgo cient\u00edfico y ambiental, y critic\u00f3 a quienes buscan desacreditar los avances del pa\u00eds.<\/p>\n\n\n\n<p>\u201cM\u00e1s de 12 millones de personas han salido de la pobreza. Esa es la verdad. Quien regatee esas cifras act\u00faa con mezquindad pol\u00edtica\u201d, afirm\u00f3.<\/p>\n\n\n\n<p>De igual manera Herrera Borunda reafirm\u00f3 su respaldo a la gobernadora de Veracruz, Roc\u00edo Nahle Garc\u00eda, destacando que Veracruz requiere un liderazgo firme y pol\u00edticas de desarrollo, especialmente ante la pr\u00f3xima revisi\u00f3n del Tratado de Libre Comercio.<br>\u201cQuien no quiere el progreso de Veracruz, se queda solo\u201d, sentenci\u00f3.<\/p>\n\n\n\n<p>Asimismo, subray\u00f3 la disminuci\u00f3n del 37 por ciento en delitos de alto impacto, resultado de un nuevo marco legal y del trabajo coordinado en seguridad.<\/p>\n\n\n\n<p>Como presidente de la Comisi\u00f3n de Vigilancia de la Auditor\u00eda Superior de la Federaci\u00f3n (ASF), sostuvo que \u201cquien maneje dinero p\u00fablico deber\u00e1 capacitarse, rendir cuentas y demostrar competencia\u201d.<\/p>\n\n\n\n<p>Anunci\u00f3 una pr\u00f3xima iniciativa para obligar a la profesionalizaci\u00f3n de todo servidor p\u00fablico que administre recursos.<\/p>\n\n\n\n<p>Puntualiz\u00f3 que la ASF adopt\u00f3 inteligencia artificial y big data para fiscalizar con mayor rigor, y reiter\u00f3 que no habr\u00e1 espacio para la opacidad.<\/p>\n\n\n\n<p>Ante las recientes afectaciones por lluvias en el norte del estado, el legislador federal record\u00f3 que gestion\u00f3 acompa\u00f1amiento inmediato de la ASF y organiz\u00f3 una colecta masiva de v\u00edveres.<\/p>\n\n\n\n<p>\u201cLa gente no necesita promesas; necesita resultados. Y los estamos entregando\u201d, se\u00f1al\u00f3.<\/p>\n\n\n\n<p>El diputado federal por el PVEM concluy\u00f3 con un mensaje: \u201cVeracruz es mi causa. A quienes buscan dividir, aqu\u00ed les decimos claro: No lo van a lograr. Vamos a defender el progreso, vamos a defender la transformaci\u00f3n y vamos a defender a Veracruz. Para Veracruz viene lo mejor. Veracruz primero. Veracruz por siempre\u201d.<\/p>\n","protected":false},"excerpt":{"rendered":"<p>Boca del R\u00edo: Veracruz y M\u00e9xico requieren unidad real, trabajo probado y responsabilidad pol\u00edtica, no discursos que buscan dividir ni agendas que pretenden frenar el avance del pa\u00eds, afirm\u00f3 durante su Primer Informe Legislativo, el diputado federal Javier Herrera Borunda. \u201cHay quienes quieren detener a M\u00e9xico; nosotros estamos trabajando para que avance\u201d. El legislador federal [&hellip;]<\/p>\n","protected":false},"author":2,"featured_media":157022,"comment_status":"closed","ping_status":"closed","sticky":false,"template":"","format":"standard","meta":{"tdm_status":"","tdm_grid_status":"","footnotes":""},"categories":[73],"tags":[1124,264],"class_list":{"0":"post-157021","1":"post","2":"type-post","3":"status-publish","4":"format-standard","5":"has-post-thumbnail","7":"category-de-boleto","8":"tag-javier-herrera-borunda","9":"tag-pvem"},"yoast_head":"<!-- This site is optimized with the Yoast SEO plugin v27.4 - https:\/\/yoast.com\/product\/yoast-seo-wordpress\/ -->\n<title>PARA VERACRUZ, VIENE LO MEJOR! - Los pol\u00edticos Veracruz<\/title>\n<meta name=\"robots\" content=\"index, follow, max-snippet:-1, max-image-preview:large, max-video-preview:-1\" \/>\n<link rel=\"canonical\" href=\"https:\/\/lospoliticosveracruz.com\/?p=157021\" \/>\n<meta property=\"og:locale\" content=\"es_ES\" \/>\n<meta property=\"og:type\" content=\"article\" \/>\n<meta property=\"og:title\" content=\"PARA VERACRUZ, VIENE LO MEJOR! - Los pol\u00edticos Veracruz\" \/>\n<meta property=\"og:description\" content=\"Boca del R\u00edo: Veracruz y M\u00e9xico requieren unidad real, trabajo probado y responsabilidad pol\u00edtica, no discursos que buscan dividir ni agendas que pretenden frenar el avance del pa\u00eds, afirm\u00f3 durante su Primer Informe Legislativo, el diputado federal Javier Herrera Borunda. \u201cHay quienes quieren detener a M\u00e9xico; nosotros estamos trabajando para que avance\u201d. El legislador federal [&hellip;]\" \/>\n<meta property=\"og:url\" content=\"https:\/\/lospoliticosveracruz.com\/?p=157021\" \/>\n<meta property=\"og:site_name\" content=\"Los pol\u00edticos Veracruz\" \/>\n<meta property=\"article:publisher\" content=\"https:\/\/www.facebook.com\/people\/Notimemes-de-los-Polticos\/61565672886568\/\" \/>\n<meta property=\"article:published_time\" content=\"2025-11-22T20:49:07+00:00\" \/>\n<meta property=\"article:modified_time\" content=\"2025-11-22T20:50:43+00:00\" \/>\n<meta property=\"og:image\" content=\"https:\/\/lospoliticosveracruz.com\/wp-content\/uploads\/2025\/11\/785c5afd-4080-495d-9fb1-e2b1ae6600e1-e1763844457823.jpeg\" \/>\n\t<meta property=\"og:image:width\" content=\"600\" \/>\n\t<meta property=\"og:image:height\" content=\"400\" \/>\n\t<meta property=\"og:image:type\" content=\"image\/jpeg\" \/>\n<meta name=\"author\" content=\"Lo viste en Los Pol\u00edticos\" \/>\n<meta name=\"twitter:card\" content=\"summary_large_image\" \/>\n<meta name=\"twitter:creator\" content=\"@LosPoliticosVer\" \/>\n<meta name=\"twitter:site\" content=\"@LosPoliticosVer\" \/>\n<meta name=\"twitter:label1\" content=\"Escrito por\" \/>\n\t<meta name=\"twitter:data1\" content=\"Lo viste en Los Pol\u00edticos\" \/>\n\t<meta name=\"twitter:label2\" content=\"Tiempo de lectura\" \/>\n\t<meta name=\"twitter:data2\" content=\"2 minutos\" \/>\n<script type=\"application\/ld+json\" class=\"yoast-schema-graph\">{\"@context\":\"https:\\\/\\\/schema.org\",\"@graph\":[{\"@type\":\"Article\",\"@id\":\"https:\\\/\\\/lospoliticosveracruz.com\\\/?p=157021#article\",\"isPartOf\":{\"@id\":\"https:\\\/\\\/lospoliticosveracruz.com\\\/?p=157021\"},\"author\":{\"name\":\"Lo viste en Los Pol\u00edticos\",\"@id\":\"https:\\\/\\\/lospoliticosveracruz.com\\\/#\\\/schema\\\/person\\\/b8702bb0e538456e6efd07080bf2a4a2\"},\"headline\":\"PARA VERACRUZ, VIENE LO MEJOR!\",\"datePublished\":\"2025-11-22T20:49:07+00:00\",\"dateModified\":\"2025-11-22T20:50:43+00:00\",\"mainEntityOfPage\":{\"@id\":\"https:\\\/\\\/lospoliticosveracruz.com\\\/?p=157021\"},\"wordCount\":460,\"publisher\":{\"@id\":\"https:\\\/\\\/lospoliticosveracruz.com\\\/#organization\"},\"image\":{\"@id\":\"https:\\\/\\\/lospoliticosveracruz.com\\\/?p=157021#primaryimage\"},\"thumbnailUrl\":\"https:\\\/\\\/lospoliticosveracruz.com\\\/wp-content\\\/uploads\\\/2025\\\/11\\\/785c5afd-4080-495d-9fb1-e2b1ae6600e1-e1763844457823.jpeg\",\"keywords\":[\"Javier Herrera Borunda\",\"PVEM\"],\"articleSection\":[\"De Boleto\"],\"inLanguage\":\"es\"},{\"@type\":\"WebPage\",\"@id\":\"https:\\\/\\\/lospoliticosveracruz.com\\\/?p=157021\",\"url\":\"https:\\\/\\\/lospoliticosveracruz.com\\\/?p=157021\",\"name\":\"PARA VERACRUZ, VIENE LO MEJOR! - Los pol\u00edticos Veracruz\",\"isPartOf\":{\"@id\":\"https:\\\/\\\/lospoliticosveracruz.com\\\/#website\"},\"primaryImageOfPage\":{\"@id\":\"https:\\\/\\\/lospoliticosveracruz.com\\\/?p=157021#primaryimage\"},\"image\":{\"@id\":\"https:\\\/\\\/lospoliticosveracruz.com\\\/?p=157021#primaryimage\"},\"thumbnailUrl\":\"https:\\\/\\\/lospoliticosveracruz.com\\\/wp-content\\\/uploads\\\/2025\\\/11\\\/785c5afd-4080-495d-9fb1-e2b1ae6600e1-e1763844457823.jpeg\",\"datePublished\":\"2025-11-22T20:49:07+00:00\",\"dateModified\":\"2025-11-22T20:50:43+00:00\",\"breadcrumb\":{\"@id\":\"https:\\\/\\\/lospoliticosveracruz.com\\\/?p=157021#breadcrumb\"},\"inLanguage\":\"es\",\"potentialAction\":[{\"@type\":\"ReadAction\",\"target\":[\"https:\\\/\\\/lospoliticosveracruz.com\\\/?p=157021\"]}]},{\"@type\":\"ImageObject\",\"inLanguage\":\"es\",\"@id\":\"https:\\\/\\\/lospoliticosveracruz.com\\\/?p=157021#primaryimage\",\"url\":\"https:\\\/\\\/lospoliticosveracruz.com\\\/wp-content\\\/uploads\\\/2025\\\/11\\\/785c5afd-4080-495d-9fb1-e2b1ae6600e1-e1763844457823.jpeg\",\"contentUrl\":\"https:\\\/\\\/lospoliticosveracruz.com\\\/wp-content\\\/uploads\\\/2025\\\/11\\\/785c5afd-4080-495d-9fb1-e2b1ae6600e1-e1763844457823.jpeg\",\"width\":600,\"height\":400},{\"@type\":\"BreadcrumbList\",\"@id\":\"https:\\\/\\\/lospoliticosveracruz.com\\\/?p=157021#breadcrumb\",\"itemListElement\":[{\"@type\":\"ListItem\",\"position\":1,\"name\":\"Portada\",\"item\":\"https:\\\/\\\/lospoliticosveracruz.com\\\/\"},{\"@type\":\"ListItem\",\"position\":2,\"name\":\"PARA VERACRUZ, VIENE LO MEJOR!\"}]},{\"@type\":\"WebSite\",\"@id\":\"https:\\\/\\\/lospoliticosveracruz.com\\\/#website\",\"url\":\"https:\\\/\\\/lospoliticosveracruz.com\\\/\",\"name\":\"Los pol\u00edticos Veracruz\",\"description\":\"\",\"publisher\":{\"@id\":\"https:\\\/\\\/lospoliticosveracruz.com\\\/#organization\"},\"potentialAction\":[{\"@type\":\"SearchAction\",\"target\":{\"@type\":\"EntryPoint\",\"urlTemplate\":\"https:\\\/\\\/lospoliticosveracruz.com\\\/?s={search_term_string}\"},\"query-input\":{\"@type\":\"PropertyValueSpecification\",\"valueRequired\":true,\"valueName\":\"search_term_string\"}}],\"inLanguage\":\"es\"},{\"@type\":\"Organization\",\"@id\":\"https:\\\/\\\/lospoliticosveracruz.com\\\/#organization\",\"name\":\"Los pol\u00edticos Veracruz\",\"url\":\"https:\\\/\\\/lospoliticosveracruz.com\\\/\",\"logo\":{\"@type\":\"ImageObject\",\"inLanguage\":\"es\",\"@id\":\"https:\\\/\\\/lospoliticosveracruz.com\\\/#\\\/schema\\\/logo\\\/image\\\/\",\"url\":\"https:\\\/\\\/lospoliticosveracruz.com\\\/wp-content\\\/uploads\\\/2025\\\/12\\\/Logo-Nuevo-LOS-POLITICOS-1.jpg\",\"contentUrl\":\"https:\\\/\\\/lospoliticosveracruz.com\\\/wp-content\\\/uploads\\\/2025\\\/12\\\/Logo-Nuevo-LOS-POLITICOS-1.jpg\",\"width\":260,\"height\":70,\"caption\":\"Los pol\u00edticos Veracruz\"},\"image\":{\"@id\":\"https:\\\/\\\/lospoliticosveracruz.com\\\/#\\\/schema\\\/logo\\\/image\\\/\"},\"sameAs\":[\"https:\\\/\\\/www.facebook.com\\\/people\\\/Notimemes-de-los-Polticos\\\/61565672886568\\\/\",\"https:\\\/\\\/x.com\\\/LosPoliticosVer\"]},{\"@type\":\"Person\",\"@id\":\"https:\\\/\\\/lospoliticosveracruz.com\\\/#\\\/schema\\\/person\\\/b8702bb0e538456e6efd07080bf2a4a2\",\"name\":\"Lo viste en Los Pol\u00edticos\",\"image\":{\"@type\":\"ImageObject\",\"inLanguage\":\"es\",\"@id\":\"https:\\\/\\\/secure.gravatar.com\\\/avatar\\\/3a8de04a2656d44082be478bd6c086daa447c4651605818287b9532d3d0bd435?s=96&d=mm&r=g\",\"url\":\"https:\\\/\\\/secure.gravatar.com\\\/avatar\\\/3a8de04a2656d44082be478bd6c086daa447c4651605818287b9532d3d0bd435?s=96&d=mm&r=g\",\"contentUrl\":\"https:\\\/\\\/secure.gravatar.com\\\/avatar\\\/3a8de04a2656d44082be478bd6c086daa447c4651605818287b9532d3d0bd435?s=96&d=mm&r=g\",\"caption\":\"Lo viste en Los Pol\u00edticos\"},\"url\":\"https:\\\/\\\/lospoliticosveracruz.com\\\/?author=2\"}]}<\/script>\n<!-- \/ Yoast SEO plugin. -->","yoast_head_json":{"title":"PARA VERACRUZ, VIENE LO MEJOR! - Los pol\u00edticos Veracruz","robots":{"index":"index","follow":"follow","max-snippet":"max-snippet:-1","max-image-preview":"max-image-preview:large","max-video-preview":"max-video-preview:-1"},"canonical":"https:\/\/lospoliticosveracruz.com\/?p=157021","og_locale":"es_ES","og_type":"article","og_title":"PARA VERACRUZ, VIENE LO MEJOR! - Los pol\u00edticos Veracruz","og_description":"Boca del R\u00edo: Veracruz y M\u00e9xico requieren unidad real, trabajo probado y responsabilidad pol\u00edtica, no discursos que buscan dividir ni agendas que pretenden frenar el avance del pa\u00eds, afirm\u00f3 durante su Primer Informe Legislativo, el diputado federal Javier Herrera Borunda. \u201cHay quienes quieren detener a M\u00e9xico; nosotros estamos trabajando para que avance\u201d. El legislador federal [&hellip;]","og_url":"https:\/\/lospoliticosveracruz.com\/?p=157021","og_site_name":"Los pol\u00edticos Veracruz","article_publisher":"https:\/\/www.facebook.com\/people\/Notimemes-de-los-Polticos\/61565672886568\/","article_published_time":"2025-11-22T20:49:07+00:00","article_modified_time":"2025-11-22T20:50:43+00:00","og_image":[{"width":600,"height":400,"url":"https:\/\/lospoliticosveracruz.com\/wp-content\/uploads\/2025\/11\/785c5afd-4080-495d-9fb1-e2b1ae6600e1-e1763844457823.jpeg","type":"image\/jpeg"}],"author":"Lo viste en Los Pol\u00edticos","twitter_card":"summary_large_image","twitter_creator":"@LosPoliticosVer","twitter_site":"@LosPoliticosVer","twitter_misc":{"Escrito por":"Lo viste en Los Pol\u00edticos","Tiempo de lectura":"2 minutos"},"schema":{"@context":"https:\/\/schema.org","@graph":[{"@type":"Article","@id":"https:\/\/lospoliticosveracruz.com\/?p=157021#article","isPartOf":{"@id":"https:\/\/lospoliticosveracruz.com\/?p=157021"},"author":{"name":"Lo viste en Los Pol\u00edticos","@id":"https:\/\/lospoliticosveracruz.com\/#\/schema\/person\/b8702bb0e538456e6efd07080bf2a4a2"},"headline":"PARA VERACRUZ, VIENE LO MEJOR!","datePublished":"2025-11-22T20:49:07+00:00","dateModified":"2025-11-22T20:50:43+00:00","mainEntityOfPage":{"@id":"https:\/\/lospoliticosveracruz.com\/?p=157021"},"wordCount":460,"publisher":{"@id":"https:\/\/lospoliticosveracruz.com\/#organization"},"image":{"@id":"https:\/\/lospoliticosveracruz.com\/?p=157021#primaryimage"},"thumbnailUrl":"https:\/\/lospoliticosveracruz.com\/wp-content\/uploads\/2025\/11\/785c5afd-4080-495d-9fb1-e2b1ae6600e1-e1763844457823.jpeg","keywords":["Javier Herrera Borunda","PVEM"],"articleSection":["De Boleto"],"inLanguage":"es"},{"@type":"WebPage","@id":"https:\/\/lospoliticosveracruz.com\/?p=157021","url":"https:\/\/lospoliticosveracruz.com\/?p=157021","name":"PARA VERACRUZ, VIENE LO MEJOR! - Los pol\u00edticos Veracruz","isPartOf":{"@id":"https:\/\/lospoliticosveracruz.com\/#website"},"primaryImageOfPage":{"@id":"https:\/\/lospoliticosveracruz.com\/?p=157021#primaryimage"},"image":{"@id":"https:\/\/lospoliticosveracruz.com\/?p=157021#primaryimage"},"thumbnailUrl":"https:\/\/lospoliticosveracruz.com\/wp-content\/uploads\/2025\/11\/785c5afd-4080-495d-9fb1-e2b1ae6600e1-e1763844457823.jpeg","datePublished":"2025-11-22T20:49:07+00:00","dateModified":"2025-11-22T20:50:43+00:00","breadcrumb":{"@id":"https:\/\/lospoliticosveracruz.com\/?p=157021#breadcrumb"},"inLanguage":"es","potentialAction":[{"@type":"ReadAction","target":["https:\/\/lospoliticosveracruz.com\/?p=157021"]}]},{"@type":"ImageObject","inLanguage":"es","@id":"https:\/\/lospoliticosveracruz.com\/?p=157021#primaryimage","url":"https:\/\/lospoliticosveracruz.com\/wp-content\/uploads\/2025\/11\/785c5afd-4080-495d-9fb1-e2b1ae6600e1-e1763844457823.jpeg","contentUrl":"https:\/\/lospoliticosveracruz.com\/wp-content\/uploads\/2025\/11\/785c5afd-4080-495d-9fb1-e2b1ae6600e1-e1763844457823.jpeg","width":600,"height":400},{"@type":"BreadcrumbList","@id":"https:\/\/lospoliticosveracruz.com\/?p=157021#breadcrumb","itemListElement":[{"@type":"ListItem","position":1,"name":"Portada","item":"https:\/\/lospoliticosveracruz.com\/"},{"@type":"ListItem","position":2,"name":"PARA VERACRUZ, VIENE LO MEJOR!"}]},{"@type":"WebSite","@id":"https:\/\/lospoliticosveracruz.com\/#website","url":"https:\/\/lospoliticosveracruz.com\/","name":"Los pol\u00edticos Veracruz","description":"","publisher":{"@id":"https:\/\/lospoliticosveracruz.com\/#organization"},"potentialAction":[{"@type":"SearchAction","target":{"@type":"EntryPoint","urlTemplate":"https:\/\/lospoliticosveracruz.com\/?s={search_term_string}"},"query-input":{"@type":"PropertyValueSpecification","valueRequired":true,"valueName":"search_term_string"}}],"inLanguage":"es"},{"@type":"Organization","@id":"https:\/\/lospoliticosveracruz.com\/#organization","name":"Los pol\u00edticos Veracruz","url":"https:\/\/lospoliticosveracruz.com\/","logo":{"@type":"ImageObject","inLanguage":"es","@id":"https:\/\/lospoliticosveracruz.com\/#\/schema\/logo\/image\/","url":"https:\/\/lospoliticosveracruz.com\/wp-content\/uploads\/2025\/12\/Logo-Nuevo-LOS-POLITICOS-1.jpg","contentUrl":"https:\/\/lospoliticosveracruz.com\/wp-content\/uploads\/2025\/12\/Logo-Nuevo-LOS-POLITICOS-1.jpg","width":260,"height":70,"caption":"Los pol\u00edticos Veracruz"},"image":{"@id":"https:\/\/lospoliticosveracruz.com\/#\/schema\/logo\/image\/"},"sameAs":["https:\/\/www.facebook.com\/people\/Notimemes-de-los-Polticos\/61565672886568\/","https:\/\/x.com\/LosPoliticosVer"]},{"@type":"Person","@id":"https:\/\/lospoliticosveracruz.com\/#\/schema\/person\/b8702bb0e538456e6efd07080bf2a4a2","name":"Lo viste en Los Pol\u00edticos","image":{"@type":"ImageObject","inLanguage":"es","@id":"https:\/\/secure.gravatar.com\/avatar\/3a8de04a2656d44082be478bd6c086daa447c4651605818287b9532d3d0bd435?s=96&d=mm&r=g","url":"https:\/\/secure.gravatar.com\/avatar\/3a8de04a2656d44082be478bd6c086daa447c4651605818287b9532d3d0bd435?s=96&d=mm&r=g","contentUrl":"https:\/\/secure.gravatar.com\/avatar\/3a8de04a2656d44082be478bd6c086daa447c4651605818287b9532d3d0bd435?s=96&d=mm&r=g","caption":"Lo viste en Los Pol\u00edticos"},"url":"https:\/\/lospoliticosveracruz.com\/?author=2"}]}},"_links":{"self":[{"href":"https:\/\/lospoliticosveracruz.com\/index.php?rest_route=\/wp\/v2\/posts\/157021","targetHints":{"allow":["GET"]}}],"collection":[{"href":"https:\/\/lospoliticosveracruz.com\/index.php?rest_route=\/wp\/v2\/posts"}],"about":[{"href":"https:\/\/lospoliticosveracruz.com\/index.php?rest_route=\/wp\/v2\/types\/post"}],"author":[{"embeddable":true,"href":"https:\/\/lospoliticosveracruz.com\/index.php?rest_route=\/wp\/v2\/users\/2"}],"replies":[{"embeddable":true,"href":"https:\/\/lospoliticosveracruz.com\/index.php?rest_route=%2Fwp%2Fv2%2Fcomments&post=157021"}],"version-history":[{"count":2,"href":"https:\/\/lospoliticosveracruz.com\/index.php?rest_route=\/wp\/v2\/posts\/157021\/revisions"}],"predecessor-version":[{"id":157025,"href":"https:\/\/lospoliticosveracruz.com\/index.php?rest_route=\/wp\/v2\/posts\/157021\/revisions\/157025"}],"wp:featuredmedia":[{"embeddable":true,"href":"https:\/\/lospoliticosveracruz.com\/index.php?rest_route=\/wp\/v2\/media\/157022"}],"wp:attachment":[{"href":"https:\/\/lospoliticosveracruz.com\/index.php?rest_route=%2Fwp%2Fv2%2Fmedia&parent=157021"}],"wp:term":[{"taxonomy":"category","embeddable":true,"href":"https:\/\/lospoliticosveracruz.com\/index.php?rest_route=%2Fwp%2Fv2%2Fcategories&post=157021"},{"taxonomy":"post_tag","embeddable":true,"href":"https:\/\/lospoliticosveracruz.com\/index.php?rest_route=%2Fwp%2Fv2%2Ftags&post=157021"}],"curies":[{"name":"wp","href":"https:\/\/api.w.org\/{rel}","templated":true}]}}