{"id":157099,"date":"2025-11-24T11:51:40","date_gmt":"2025-11-24T17:51:40","guid":{"rendered":"https:\/\/lospoliticosveracruz.com.mx\/?p=157099"},"modified":"2025-11-24T11:52:11","modified_gmt":"2025-11-24T17:52:11","slug":"alguien-cree-que-eso-le-importa","status":"publish","type":"post","link":"https:\/\/lospoliticosveracruz.com\/?p=157099","title":{"rendered":"\u00bfALGUIEN CREE QUE ESO LE IMPORTA?"},"content":{"rendered":"\n<p>S\u00edguenos ahora tambi\u00e9n en WhatsApp.\u00a0\u00a1<a href=\"https:\/\/whatsapp.com\/channel\/0029Va8zRWlEKyZIP3Z1dF0e\"><strong>Da clic aqu\u00ed<\/strong><\/a><strong>!<\/strong><\/p>\n\n\n\n<p><strong>Bernardo Guti\u00e9rrez Parra<br><\/strong><em>Desde el Caf\u00e9<br><\/em><\/p>\n\n\n\n<p>El 20 de este mes, el periodista Filiberto Vargas comenz\u00f3 as\u00ed su columna Punto de Vista: \u201cHabla de que me rob\u00e9 60 mil millones de pesos, \u00bfde d\u00f3nde lo saca? A m\u00ed no se me acusa de robarme un solo peso. \u00bfEste es el nivel de la FGR? Su dicho se me hace insultante, corriente y bajo\u201d.<\/p>\n\n\n\n\n\n<p>La frase la pronunci\u00f3 el exgobernador de Veracruz, Javier Duarte, al representante de la Fiscal\u00eda General de la Rep\u00fablica, Manuel Granados Quiroz, que no quiere que se le otorgue el beneficio de la libertad anticipada.<\/p>\n\n\n\n<p>La FGR argumenta que el exgobernador no ha mostrado buena conducta durante su estancia en el reclusorio y que est\u00e1n a\u00fan sin resolverse se\u00f1alamientos de las autoridades veracruzanas, entre ellos uno por desaparici\u00f3n forzada.<\/p>\n\n\n\n<p>Granados Quiroz aleg\u00f3 que la liberaci\u00f3n anticipada de Javier ha generado \u201cinconformidad\u201d entre colectivos de personas desaparecidas, quienes demandan que tambi\u00e9n sea investigado por las miles de desapariciones registradas durante su administraci\u00f3n.<\/p>\n\n\n\n<p>A\u00f1adi\u00f3 que su salida dejar\u00e1 impune un fraude multimillonario por 60 mil millones de pesos del que existen 70 denuncias de la Auditor\u00eda Superior de la Federaci\u00f3n. Y de ah\u00ed se agarr\u00f3 el imputado para contestar con la parrafada arriba mencionada y agregar: \u201cLa Fiscal\u00eda General y en particular el fiscal Granados Quiroz, tiene el prop\u00f3sito de hacer un circo medi\u00e1tico, un show. Es una falta de respeto para usted, para la instituci\u00f3n que representa y para m\u00ed\u201d.<\/p>\n\n\n\n<p>\u00bfY qu\u00e9 crees lector?, el tipo tiene raz\u00f3n.<\/p>\n\n\n\n<p>No hay ninguna denuncia penal en su contra por el desv\u00edo, hurto, robo, desfalco o atraco de tama\u00f1a cantidad, a pesar de las 70 denuncias debidamente documentadas y de que el Auditor Superior de la Federaci\u00f3n, Juan Manuel Portal, calific\u00f3 como el mayor atraco jam\u00e1s documentado en la historia del pa\u00eds.<\/p>\n\n\n\n<p>\u00bfMinti\u00f3 el se\u00f1or Portal? Por supuesto que no. Reitero, el multimillonario atraco est\u00e1 debidamente documentado.<\/p>\n\n\n\n<p>\u00bfEntonces?<\/p>\n\n\n\n<p>Por alguna raz\u00f3n que va m\u00e1s all\u00e1 de toda explicaci\u00f3n l\u00f3gica, Duarte no fue acusado por ese desfalco ni en Guatemala donde lo detuvieron, ni en nuestro pa\u00eds a donde fue extraditado para su proceso.<\/p>\n\n\n\n<p>El tipo acept\u00f3 acogerse a un juico abreviado que lo conden\u00f3 a nueve a\u00f1os de prisi\u00f3n y a pagar una multa de 58 mil 890 pesos por los delitos de lavado de dinero y asociaci\u00f3n delictuosa. Y como ya cumpli\u00f3 el 90 por ciento de su condena deber\u00eda estar en libertad de acuerdo con la ley.<\/p>\n\n\n\n<p>Perd\u00f3n que insista pero \u00bfy qu\u00e9 onda con los 60 mil millones de pesos?<\/p>\n\n\n\n<p>Que ya se perdieron.<\/p>\n\n\n\n<p>A mediados de este mes escrib\u00ed: Un abogado que sabe del caso me dijo: \u201cEl hecho de que Juan Manuel Portal haya dicho que en el gobierno de Javier hubo un quebranto al erario por 60 mil millones de pesos, no quiere decir que Duarte se haya embolsado todo ese dinero. Varios de esos millones fueron metidos en la \u2018licuadora\u2019, es decir, fueron empleados para cubrir otras necesidades. Por ejemplo, el dinero que era para construir una carretera, se emple\u00f3 para restaurar hospitales. Si bien es cierto que desvi\u00f3 ese dinero, no necesariamente se lo rob\u00f3\u201d.<\/p>\n\n\n\n<p>Y yo le creo, pero el Popolo veracruzano dice otra cosa.<\/p>\n\n\n\n<p>A prop\u00f3sito de su regreso a prisi\u00f3n despu\u00e9s de que la jueza que lleva el caso le neg\u00f3 la libertad anticipada, un bolero del parque Ju\u00e1rez me dijo: \u201cDuarte la supo hacer mi jefe, f\u00edjese si no; se rob\u00f3 60 mil millones de pesos (que ni siquiera imagino el bulto que har\u00e1n) y ponga usted que haya repartido la mitad entre jueces, ministerios p\u00fablicos y sus c\u00f3mplices. Le quedar\u00e1n 30 mil millones para darse la gran vida y que durar\u00e1n hasta despu\u00e9s de su muerte\u201d.<\/p>\n\n\n\n<p>\u201cSi, pero recibir\u00e1 mientras viva el repudio de los veracruzanos\u201d, le contest\u00e9 s\u00f3lo por contestar.<\/p>\n\n\n\n<p>El bolero detuvo en el aire la brocha empapada de grasa negra, me mir\u00f3 a los ojos y contest\u00f3 con un par de preguntas que me cerraron la boca: \u201c\u00bfY usted cree que eso le importa? \u00bfCree que eso le quita el sue\u00f1o?\u201d<\/p>\n\n\n\n<p>bernagup28@gmail.com<\/p>\n","protected":false},"excerpt":{"rendered":"<p>Bernardo Guti\u00e9rrez ParraDesde el Caf\u00e9 El 20 de este mes, el periodista Filiberto Vargas comenz\u00f3 as\u00ed su columna Punto de Vista: \u201cHabla de que me rob\u00e9 60 mil millones de pesos, \u00bfde d\u00f3nde lo saca? A m\u00ed no se me acusa de robarme un solo peso. \u00bfEste es el nivel de la FGR? Su dicho [&hellip;]<\/p>\n","protected":false},"author":2,"featured_media":141479,"comment_status":"closed","ping_status":"closed","sticky":false,"template":"","format":"standard","meta":{"tdm_status":"","tdm_grid_status":"","footnotes":""},"categories":[70],"tags":[34206],"class_list":{"0":"post-157099","1":"post","2":"type-post","3":"status-publish","4":"format-standard","5":"has-post-thumbnail","7":"category-de-opinion","8":"tag-bernardo-gutierrez-parra"},"yoast_head":"<!-- This site is optimized with the Yoast SEO plugin v27.4 - https:\/\/yoast.com\/product\/yoast-seo-wordpress\/ -->\n<title>\u00bfALGUIEN CREE QUE ESO LE IMPORTA? - Los pol\u00edticos Veracruz<\/title>\n<meta name=\"robots\" content=\"index, follow, max-snippet:-1, max-image-preview:large, max-video-preview:-1\" \/>\n<link rel=\"canonical\" href=\"https:\/\/lospoliticosveracruz.com\/?p=157099\" \/>\n<meta property=\"og:locale\" content=\"es_ES\" \/>\n<meta property=\"og:type\" content=\"article\" \/>\n<meta property=\"og:title\" content=\"\u00bfALGUIEN CREE QUE ESO LE IMPORTA? - Los pol\u00edticos Veracruz\" \/>\n<meta property=\"og:description\" content=\"Bernardo Guti\u00e9rrez ParraDesde el Caf\u00e9 El 20 de este mes, el periodista Filiberto Vargas comenz\u00f3 as\u00ed su columna Punto de Vista: \u201cHabla de que me rob\u00e9 60 mil millones de pesos, \u00bfde d\u00f3nde lo saca? A m\u00ed no se me acusa de robarme un solo peso. \u00bfEste es el nivel de la FGR? Su dicho [&hellip;]\" \/>\n<meta property=\"og:url\" content=\"https:\/\/lospoliticosveracruz.com\/?p=157099\" \/>\n<meta property=\"og:site_name\" content=\"Los pol\u00edticos Veracruz\" \/>\n<meta property=\"article:publisher\" content=\"https:\/\/www.facebook.com\/people\/Notimemes-de-los-Polticos\/61565672886568\/\" \/>\n<meta property=\"article:published_time\" content=\"2025-11-24T17:51:40+00:00\" \/>\n<meta property=\"article:modified_time\" content=\"2025-11-24T17:52:11+00:00\" \/>\n<meta property=\"og:image\" content=\"https:\/\/lospoliticosveracruz.com\/wp-content\/uploads\/2025\/04\/Bernardo-Gutierrez-Parra.jpg\" \/>\n\t<meta property=\"og:image:width\" content=\"1250\" \/>\n\t<meta property=\"og:image:height\" content=\"667\" \/>\n\t<meta property=\"og:image:type\" content=\"image\/jpeg\" \/>\n<meta name=\"author\" content=\"Lo viste en Los Pol\u00edticos\" \/>\n<meta name=\"twitter:card\" content=\"summary_large_image\" \/>\n<meta name=\"twitter:creator\" content=\"@LosPoliticosVer\" \/>\n<meta name=\"twitter:site\" content=\"@LosPoliticosVer\" \/>\n<meta name=\"twitter:label1\" content=\"Escrito por\" \/>\n\t<meta name=\"twitter:data1\" content=\"Lo viste en Los Pol\u00edticos\" \/>\n\t<meta name=\"twitter:label2\" content=\"Tiempo de lectura\" \/>\n\t<meta name=\"twitter:data2\" content=\"4 minutos\" \/>\n<script type=\"application\/ld+json\" class=\"yoast-schema-graph\">{\"@context\":\"https:\\\/\\\/schema.org\",\"@graph\":[{\"@type\":\"Article\",\"@id\":\"https:\\\/\\\/lospoliticosveracruz.com\\\/?p=157099#article\",\"isPartOf\":{\"@id\":\"https:\\\/\\\/lospoliticosveracruz.com\\\/?p=157099\"},\"author\":{\"name\":\"Lo viste en Los Pol\u00edticos\",\"@id\":\"https:\\\/\\\/lospoliticosveracruz.com\\\/#\\\/schema\\\/person\\\/b8702bb0e538456e6efd07080bf2a4a2\"},\"headline\":\"\u00bfALGUIEN CREE QUE ESO LE IMPORTA?\",\"datePublished\":\"2025-11-24T17:51:40+00:00\",\"dateModified\":\"2025-11-24T17:52:11+00:00\",\"mainEntityOfPage\":{\"@id\":\"https:\\\/\\\/lospoliticosveracruz.com\\\/?p=157099\"},\"wordCount\":721,\"publisher\":{\"@id\":\"https:\\\/\\\/lospoliticosveracruz.com\\\/#organization\"},\"image\":{\"@id\":\"https:\\\/\\\/lospoliticosveracruz.com\\\/?p=157099#primaryimage\"},\"thumbnailUrl\":\"https:\\\/\\\/lospoliticosveracruz.com\\\/wp-content\\\/uploads\\\/2025\\\/04\\\/Bernardo-Gutierrez-Parra.jpg\",\"keywords\":[\"Bernardo Guti\u00e9rrez Parra\"],\"articleSection\":[\"De Opini\u00f3n\"],\"inLanguage\":\"es\"},{\"@type\":\"WebPage\",\"@id\":\"https:\\\/\\\/lospoliticosveracruz.com\\\/?p=157099\",\"url\":\"https:\\\/\\\/lospoliticosveracruz.com\\\/?p=157099\",\"name\":\"\u00bfALGUIEN CREE QUE ESO LE IMPORTA? - Los pol\u00edticos Veracruz\",\"isPartOf\":{\"@id\":\"https:\\\/\\\/lospoliticosveracruz.com\\\/#website\"},\"primaryImageOfPage\":{\"@id\":\"https:\\\/\\\/lospoliticosveracruz.com\\\/?p=157099#primaryimage\"},\"image\":{\"@id\":\"https:\\\/\\\/lospoliticosveracruz.com\\\/?p=157099#primaryimage\"},\"thumbnailUrl\":\"https:\\\/\\\/lospoliticosveracruz.com\\\/wp-content\\\/uploads\\\/2025\\\/04\\\/Bernardo-Gutierrez-Parra.jpg\",\"datePublished\":\"2025-11-24T17:51:40+00:00\",\"dateModified\":\"2025-11-24T17:52:11+00:00\",\"breadcrumb\":{\"@id\":\"https:\\\/\\\/lospoliticosveracruz.com\\\/?p=157099#breadcrumb\"},\"inLanguage\":\"es\",\"potentialAction\":[{\"@type\":\"ReadAction\",\"target\":[\"https:\\\/\\\/lospoliticosveracruz.com\\\/?p=157099\"]}]},{\"@type\":\"ImageObject\",\"inLanguage\":\"es\",\"@id\":\"https:\\\/\\\/lospoliticosveracruz.com\\\/?p=157099#primaryimage\",\"url\":\"https:\\\/\\\/lospoliticosveracruz.com\\\/wp-content\\\/uploads\\\/2025\\\/04\\\/Bernardo-Gutierrez-Parra.jpg\",\"contentUrl\":\"https:\\\/\\\/lospoliticosveracruz.com\\\/wp-content\\\/uploads\\\/2025\\\/04\\\/Bernardo-Gutierrez-Parra.jpg\",\"width\":1250,\"height\":667},{\"@type\":\"BreadcrumbList\",\"@id\":\"https:\\\/\\\/lospoliticosveracruz.com\\\/?p=157099#breadcrumb\",\"itemListElement\":[{\"@type\":\"ListItem\",\"position\":1,\"name\":\"Portada\",\"item\":\"https:\\\/\\\/lospoliticosveracruz.com\\\/\"},{\"@type\":\"ListItem\",\"position\":2,\"name\":\"\u00bfALGUIEN CREE QUE ESO LE IMPORTA?\"}]},{\"@type\":\"WebSite\",\"@id\":\"https:\\\/\\\/lospoliticosveracruz.com\\\/#website\",\"url\":\"https:\\\/\\\/lospoliticosveracruz.com\\\/\",\"name\":\"Los pol\u00edticos Veracruz\",\"description\":\"\",\"publisher\":{\"@id\":\"https:\\\/\\\/lospoliticosveracruz.com\\\/#organization\"},\"potentialAction\":[{\"@type\":\"SearchAction\",\"target\":{\"@type\":\"EntryPoint\",\"urlTemplate\":\"https:\\\/\\\/lospoliticosveracruz.com\\\/?s={search_term_string}\"},\"query-input\":{\"@type\":\"PropertyValueSpecification\",\"valueRequired\":true,\"valueName\":\"search_term_string\"}}],\"inLanguage\":\"es\"},{\"@type\":\"Organization\",\"@id\":\"https:\\\/\\\/lospoliticosveracruz.com\\\/#organization\",\"name\":\"Los pol\u00edticos Veracruz\",\"url\":\"https:\\\/\\\/lospoliticosveracruz.com\\\/\",\"logo\":{\"@type\":\"ImageObject\",\"inLanguage\":\"es\",\"@id\":\"https:\\\/\\\/lospoliticosveracruz.com\\\/#\\\/schema\\\/logo\\\/image\\\/\",\"url\":\"https:\\\/\\\/lospoliticosveracruz.com\\\/wp-content\\\/uploads\\\/2025\\\/12\\\/Logo-Nuevo-LOS-POLITICOS-1.jpg\",\"contentUrl\":\"https:\\\/\\\/lospoliticosveracruz.com\\\/wp-content\\\/uploads\\\/2025\\\/12\\\/Logo-Nuevo-LOS-POLITICOS-1.jpg\",\"width\":260,\"height\":70,\"caption\":\"Los pol\u00edticos Veracruz\"},\"image\":{\"@id\":\"https:\\\/\\\/lospoliticosveracruz.com\\\/#\\\/schema\\\/logo\\\/image\\\/\"},\"sameAs\":[\"https:\\\/\\\/www.facebook.com\\\/people\\\/Notimemes-de-los-Polticos\\\/61565672886568\\\/\",\"https:\\\/\\\/x.com\\\/LosPoliticosVer\"]},{\"@type\":\"Person\",\"@id\":\"https:\\\/\\\/lospoliticosveracruz.com\\\/#\\\/schema\\\/person\\\/b8702bb0e538456e6efd07080bf2a4a2\",\"name\":\"Lo viste en Los Pol\u00edticos\",\"image\":{\"@type\":\"ImageObject\",\"inLanguage\":\"es\",\"@id\":\"https:\\\/\\\/secure.gravatar.com\\\/avatar\\\/3a8de04a2656d44082be478bd6c086daa447c4651605818287b9532d3d0bd435?s=96&d=mm&r=g\",\"url\":\"https:\\\/\\\/secure.gravatar.com\\\/avatar\\\/3a8de04a2656d44082be478bd6c086daa447c4651605818287b9532d3d0bd435?s=96&d=mm&r=g\",\"contentUrl\":\"https:\\\/\\\/secure.gravatar.com\\\/avatar\\\/3a8de04a2656d44082be478bd6c086daa447c4651605818287b9532d3d0bd435?s=96&d=mm&r=g\",\"caption\":\"Lo viste en Los Pol\u00edticos\"},\"url\":\"https:\\\/\\\/lospoliticosveracruz.com\\\/?author=2\"}]}<\/script>\n<!-- \/ Yoast SEO plugin. -->","yoast_head_json":{"title":"\u00bfALGUIEN CREE QUE ESO LE IMPORTA? - Los pol\u00edticos Veracruz","robots":{"index":"index","follow":"follow","max-snippet":"max-snippet:-1","max-image-preview":"max-image-preview:large","max-video-preview":"max-video-preview:-1"},"canonical":"https:\/\/lospoliticosveracruz.com\/?p=157099","og_locale":"es_ES","og_type":"article","og_title":"\u00bfALGUIEN CREE QUE ESO LE IMPORTA? - Los pol\u00edticos Veracruz","og_description":"Bernardo Guti\u00e9rrez ParraDesde el Caf\u00e9 El 20 de este mes, el periodista Filiberto Vargas comenz\u00f3 as\u00ed su columna Punto de Vista: \u201cHabla de que me rob\u00e9 60 mil millones de pesos, \u00bfde d\u00f3nde lo saca? A m\u00ed no se me acusa de robarme un solo peso. \u00bfEste es el nivel de la FGR? Su dicho [&hellip;]","og_url":"https:\/\/lospoliticosveracruz.com\/?p=157099","og_site_name":"Los pol\u00edticos Veracruz","article_publisher":"https:\/\/www.facebook.com\/people\/Notimemes-de-los-Polticos\/61565672886568\/","article_published_time":"2025-11-24T17:51:40+00:00","article_modified_time":"2025-11-24T17:52:11+00:00","og_image":[{"width":1250,"height":667,"url":"https:\/\/lospoliticosveracruz.com\/wp-content\/uploads\/2025\/04\/Bernardo-Gutierrez-Parra.jpg","type":"image\/jpeg"}],"author":"Lo viste en Los Pol\u00edticos","twitter_card":"summary_large_image","twitter_creator":"@LosPoliticosVer","twitter_site":"@LosPoliticosVer","twitter_misc":{"Escrito por":"Lo viste en Los Pol\u00edticos","Tiempo de lectura":"4 minutos"},"schema":{"@context":"https:\/\/schema.org","@graph":[{"@type":"Article","@id":"https:\/\/lospoliticosveracruz.com\/?p=157099#article","isPartOf":{"@id":"https:\/\/lospoliticosveracruz.com\/?p=157099"},"author":{"name":"Lo viste en Los Pol\u00edticos","@id":"https:\/\/lospoliticosveracruz.com\/#\/schema\/person\/b8702bb0e538456e6efd07080bf2a4a2"},"headline":"\u00bfALGUIEN CREE QUE ESO LE IMPORTA?","datePublished":"2025-11-24T17:51:40+00:00","dateModified":"2025-11-24T17:52:11+00:00","mainEntityOfPage":{"@id":"https:\/\/lospoliticosveracruz.com\/?p=157099"},"wordCount":721,"publisher":{"@id":"https:\/\/lospoliticosveracruz.com\/#organization"},"image":{"@id":"https:\/\/lospoliticosveracruz.com\/?p=157099#primaryimage"},"thumbnailUrl":"https:\/\/lospoliticosveracruz.com\/wp-content\/uploads\/2025\/04\/Bernardo-Gutierrez-Parra.jpg","keywords":["Bernardo Guti\u00e9rrez Parra"],"articleSection":["De Opini\u00f3n"],"inLanguage":"es"},{"@type":"WebPage","@id":"https:\/\/lospoliticosveracruz.com\/?p=157099","url":"https:\/\/lospoliticosveracruz.com\/?p=157099","name":"\u00bfALGUIEN CREE QUE ESO LE IMPORTA? - Los pol\u00edticos Veracruz","isPartOf":{"@id":"https:\/\/lospoliticosveracruz.com\/#website"},"primaryImageOfPage":{"@id":"https:\/\/lospoliticosveracruz.com\/?p=157099#primaryimage"},"image":{"@id":"https:\/\/lospoliticosveracruz.com\/?p=157099#primaryimage"},"thumbnailUrl":"https:\/\/lospoliticosveracruz.com\/wp-content\/uploads\/2025\/04\/Bernardo-Gutierrez-Parra.jpg","datePublished":"2025-11-24T17:51:40+00:00","dateModified":"2025-11-24T17:52:11+00:00","breadcrumb":{"@id":"https:\/\/lospoliticosveracruz.com\/?p=157099#breadcrumb"},"inLanguage":"es","potentialAction":[{"@type":"ReadAction","target":["https:\/\/lospoliticosveracruz.com\/?p=157099"]}]},{"@type":"ImageObject","inLanguage":"es","@id":"https:\/\/lospoliticosveracruz.com\/?p=157099#primaryimage","url":"https:\/\/lospoliticosveracruz.com\/wp-content\/uploads\/2025\/04\/Bernardo-Gutierrez-Parra.jpg","contentUrl":"https:\/\/lospoliticosveracruz.com\/wp-content\/uploads\/2025\/04\/Bernardo-Gutierrez-Parra.jpg","width":1250,"height":667},{"@type":"BreadcrumbList","@id":"https:\/\/lospoliticosveracruz.com\/?p=157099#breadcrumb","itemListElement":[{"@type":"ListItem","position":1,"name":"Portada","item":"https:\/\/lospoliticosveracruz.com\/"},{"@type":"ListItem","position":2,"name":"\u00bfALGUIEN CREE QUE ESO LE IMPORTA?"}]},{"@type":"WebSite","@id":"https:\/\/lospoliticosveracruz.com\/#website","url":"https:\/\/lospoliticosveracruz.com\/","name":"Los pol\u00edticos Veracruz","description":"","publisher":{"@id":"https:\/\/lospoliticosveracruz.com\/#organization"},"potentialAction":[{"@type":"SearchAction","target":{"@type":"EntryPoint","urlTemplate":"https:\/\/lospoliticosveracruz.com\/?s={search_term_string}"},"query-input":{"@type":"PropertyValueSpecification","valueRequired":true,"valueName":"search_term_string"}}],"inLanguage":"es"},{"@type":"Organization","@id":"https:\/\/lospoliticosveracruz.com\/#organization","name":"Los pol\u00edticos Veracruz","url":"https:\/\/lospoliticosveracruz.com\/","logo":{"@type":"ImageObject","inLanguage":"es","@id":"https:\/\/lospoliticosveracruz.com\/#\/schema\/logo\/image\/","url":"https:\/\/lospoliticosveracruz.com\/wp-content\/uploads\/2025\/12\/Logo-Nuevo-LOS-POLITICOS-1.jpg","contentUrl":"https:\/\/lospoliticosveracruz.com\/wp-content\/uploads\/2025\/12\/Logo-Nuevo-LOS-POLITICOS-1.jpg","width":260,"height":70,"caption":"Los pol\u00edticos Veracruz"},"image":{"@id":"https:\/\/lospoliticosveracruz.com\/#\/schema\/logo\/image\/"},"sameAs":["https:\/\/www.facebook.com\/people\/Notimemes-de-los-Polticos\/61565672886568\/","https:\/\/x.com\/LosPoliticosVer"]},{"@type":"Person","@id":"https:\/\/lospoliticosveracruz.com\/#\/schema\/person\/b8702bb0e538456e6efd07080bf2a4a2","name":"Lo viste en Los Pol\u00edticos","image":{"@type":"ImageObject","inLanguage":"es","@id":"https:\/\/secure.gravatar.com\/avatar\/3a8de04a2656d44082be478bd6c086daa447c4651605818287b9532d3d0bd435?s=96&d=mm&r=g","url":"https:\/\/secure.gravatar.com\/avatar\/3a8de04a2656d44082be478bd6c086daa447c4651605818287b9532d3d0bd435?s=96&d=mm&r=g","contentUrl":"https:\/\/secure.gravatar.com\/avatar\/3a8de04a2656d44082be478bd6c086daa447c4651605818287b9532d3d0bd435?s=96&d=mm&r=g","caption":"Lo viste en Los Pol\u00edticos"},"url":"https:\/\/lospoliticosveracruz.com\/?author=2"}]}},"_links":{"self":[{"href":"https:\/\/lospoliticosveracruz.com\/index.php?rest_route=\/wp\/v2\/posts\/157099","targetHints":{"allow":["GET"]}}],"collection":[{"href":"https:\/\/lospoliticosveracruz.com\/index.php?rest_route=\/wp\/v2\/posts"}],"about":[{"href":"https:\/\/lospoliticosveracruz.com\/index.php?rest_route=\/wp\/v2\/types\/post"}],"author":[{"embeddable":true,"href":"https:\/\/lospoliticosveracruz.com\/index.php?rest_route=\/wp\/v2\/users\/2"}],"replies":[{"embeddable":true,"href":"https:\/\/lospoliticosveracruz.com\/index.php?rest_route=%2Fwp%2Fv2%2Fcomments&post=157099"}],"version-history":[{"count":1,"href":"https:\/\/lospoliticosveracruz.com\/index.php?rest_route=\/wp\/v2\/posts\/157099\/revisions"}],"predecessor-version":[{"id":157100,"href":"https:\/\/lospoliticosveracruz.com\/index.php?rest_route=\/wp\/v2\/posts\/157099\/revisions\/157100"}],"wp:featuredmedia":[{"embeddable":true,"href":"https:\/\/lospoliticosveracruz.com\/index.php?rest_route=\/wp\/v2\/media\/141479"}],"wp:attachment":[{"href":"https:\/\/lospoliticosveracruz.com\/index.php?rest_route=%2Fwp%2Fv2%2Fmedia&parent=157099"}],"wp:term":[{"taxonomy":"category","embeddable":true,"href":"https:\/\/lospoliticosveracruz.com\/index.php?rest_route=%2Fwp%2Fv2%2Fcategories&post=157099"},{"taxonomy":"post_tag","embeddable":true,"href":"https:\/\/lospoliticosveracruz.com\/index.php?rest_route=%2Fwp%2Fv2%2Ftags&post=157099"}],"curies":[{"name":"wp","href":"https:\/\/api.w.org\/{rel}","templated":true}]}}