{"id":157171,"date":"2025-11-25T09:44:22","date_gmt":"2025-11-25T15:44:22","guid":{"rendered":"https:\/\/lospoliticosveracruz.com.mx\/?p=157171"},"modified":"2025-11-25T09:44:41","modified_gmt":"2025-11-25T15:44:41","slug":"no-nadie-revento-la-comparecencia-de-la-maestra","status":"publish","type":"post","link":"https:\/\/lospoliticosveracruz.com\/?p=157171","title":{"rendered":"NO, NADIE \u201cREVENT\u00d3\u201d LA COMPARECENCIA DE LA MAESTRA"},"content":{"rendered":"\n<p>S\u00edguenos ahora tambi\u00e9n en WhatsApp.\u00a0\u00a1<a href=\"https:\/\/whatsapp.com\/channel\/0029Va8zRWlEKyZIP3Z1dF0e\"><strong>Da clic aqu\u00ed<\/strong><\/a><strong>!<\/strong><\/p>\n\n\n\n<p><strong>Bernardo Guti\u00e9rrez Parra<\/strong><\/p>\n\n\n\n<p><em>Desde el Caf\u00e9<br><\/em><\/p>\n\n\n\n<p>Este lunes, antes de la comparecencia de la titular de la Secretar\u00eda de Educaci\u00f3n de Veracruz, Claudia Tello Espinosa ante los diputados locales, hab\u00eda morbo por saber si David Jim\u00e9nez Rojas, el sujeto que (se) despacha como subsecretario de Educaci\u00f3n Media Superior y Superior en la SEV, cumplir\u00eda su amenaza de \u201creventar\u201d la asistencia de su jefa al Congreso local, lo que no sucedi\u00f3.<\/p>\n\n\n\n\n\n<p>Como bien sabes lector, la semana anterior circul\u00f3 en las redes un audio donde presuntamente David da una orden terminante: \u201cEl d\u00eda de la comparecencia necesito que me apoyen a hacer un desmadre y hacer quedar mal a la Secretaria. Y tambi\u00e9n hay que mandar gente afuera del Congreso con pancartas, hablando mal de (Claudia) Tello\u201d.<\/p>\n\n\n\n<p>Al verse descubierto, el tipo hizo lo que se hace en estos casos: negarlo todo y le ech\u00f3 la culpa a la Inteligencia Artificial. \u201cEs un audio falso; esa no es mi voz, quieren desestabilizar el ejercicio de gobierno de nuestra gobernadora, deber\u00edamos legislar para regular la Inteligencia Artificial\u201d.<\/p>\n\n\n\n<p>Total que no pas\u00f3 nada. Y si en efecto lo plane\u00f3, no se le hizo al chilango echarle a perder la comparecencia a la maestra Tello.<\/p>\n\n\n\n<p>En comparaci\u00f3n con otros miembros del gabinete, la funcionaria no lleg\u00f3 al Congreso a improvisar, por el contrario, lleg\u00f3 preparada.<\/p>\n\n\n\n<p>Destac\u00f3 que la transformaci\u00f3n educativa avanza con acciones concretas como la estrategia Maestro al Aula, que ha regresado a cientos de docentes a su labor frente a los alumnos. Es decir, ya no est\u00e1n \u201ccomisionados\u201d como sucedi\u00f3 con miles en el sexenio anterior. Dijo que el programa Por Ti, ha acompa\u00f1ado a m\u00e1s de 92 mil maestras y maestros en el fortalecimiento de sus pr\u00e1cticas pedag\u00f3gicas.<\/p>\n\n\n\n<p>Como parte de la atenci\u00f3n directa a las escuelas y con una inversi\u00f3n de m\u00e1s de 200 millones de pesos, la maestra Tello inform\u00f3 que se han entregado 39 mil muebles escolares en 199 municipios respondiendo a las necesidades que le plante\u00f3 el magisterio.<\/p>\n\n\n\n<p>Agreg\u00f3 que gracias a la pol\u00edtica educativa de la Cuarta Transformaci\u00f3n, m\u00e1s de un mill\u00f3n de estudiantes reciben becas, lo que significa que se est\u00e1n beneficiando a uno de cada dos alumnos y alumnas veracruzanos, y esto contribuye a que nadie abandone sus estudios por falta de recursos.<\/p>\n\n\n\n<p>La funcionaria reconoci\u00f3 que hay corrupci\u00f3n en la Universidad Aut\u00f3noma Popular de Veracruz (UPAV), porque est\u00e1 bajo un esquema que no la define como Universidad p\u00fablica o privada, lo que ha derivado en un manejo irregular de los recursos. Pero ese problema se va a solucionar.<\/p>\n\n\n\n<p>Lo que nadie se imagin\u00f3 es que soltara un bazucazo que dio en la l\u00ednea de flotaci\u00f3n de la barca de CENAGAS y zarande\u00f3 muy feo a su ocupante, al denunciar que durante el sexenio de Cuitl\u00e1huac Garc\u00eda, Veracruz enfrent\u00f3 un rezago nacional por encima de la media nacional. \u201cRecibimos esta lamentable situaci\u00f3n, 10 puntos por arriba del promedio nacional en rezago educativo, y casi el doble de la media nacional en analfabetismo, con un \u00edndice de reprobaci\u00f3n en m\u00e1s del doble del promedio nacional\u201d, dijo.<\/p>\n\n\n\n<p>Pero esto no debe sorprender. Para nadie es un secreto que en el sexenio anterior la SEV se convirti\u00f3 en la caja chica de Cuitl\u00e1huac y Zenyazen Escobar el anterior titular de la dependencia. \u00bfO de d\u00f3nde crees lector que sali\u00f3 para pagar a la caterva de aviadores y para comprar caballos pura sangre y ranchos que quitan el hipo, entre otros abusos?<\/p>\n\n\n\n<p>A diferencia de sus antecesores que sufrieron de p\u00e1nico esc\u00e9nico y se enredaron con las respuestas; de otros que contestaron a medias o de plano no contestaron, la maestra Claudia Tello no dej\u00f3 pregunta sin responder.<\/p>\n\n\n\n<p>Cuando el legislador H\u00e9ctor Yunes la acus\u00f3 de ser due\u00f1a de varias casas adquiridas durante su a\u00f1o de gesti\u00f3n, la maestra contest\u00f3: \u201cNo soy empresaria, se\u00f1or H\u00e9ctor, y si lo fuera, por favor den\u00fancieme. No lo soy y se lo digo de frente. Y espero la denuncia si as\u00ed fuera\u201d.<\/p>\n\n\n\n<p>Si en un principio varios l\u00edderes magisteriales se opusieron a que los maestros \u201ccomisionados\u201d regresaran a las aulas, tomaron la SEV y pidieron la salida de la maestra, meses despu\u00e9s fueron de los primeros en llegar a la comparecencia \u201ca apoyar a nuestra secretaria, a brindarle nuestro respaldo en correspondencia por el apoyo que ha dado al magisterio, por su apertura al di\u00e1logo para trabajar en bien de la educaci\u00f3n en Veracruz\u201d.<\/p>\n\n\n\n<p>En fin lector, la sangre no lleg\u00f3 al r\u00edo porque no hubo sangre, sino una comparecencia clara, estructurada y respaldada con datos duros; una comparecencia seria y respetuosa de parte de la maestra Claudia Tello Espinosa, que hoy encabeza la educaci\u00f3n de Veracruz con una visi\u00f3n humanista.<\/p>\n\n\n\n<p>bernagup28@gmail.com<\/p>\n","protected":false},"excerpt":{"rendered":"<p>Bernardo Guti\u00e9rrez Parra Desde el Caf\u00e9 Este lunes, antes de la comparecencia de la titular de la Secretar\u00eda de Educaci\u00f3n de Veracruz, Claudia Tello Espinosa ante los diputados locales, hab\u00eda morbo por saber si David Jim\u00e9nez Rojas, el sujeto que (se) despacha como subsecretario de Educaci\u00f3n Media Superior y Superior en la SEV, cumplir\u00eda su [&hellip;]<\/p>\n","protected":false},"author":2,"featured_media":141479,"comment_status":"closed","ping_status":"closed","sticky":false,"template":"","format":"standard","meta":{"tdm_status":"","tdm_grid_status":"","footnotes":""},"categories":[70],"tags":[34206,13953,2432],"class_list":{"0":"post-157171","1":"post","2":"type-post","3":"status-publish","4":"format-standard","5":"has-post-thumbnail","7":"category-de-opinion","8":"tag-bernardo-gutierrez-parra","9":"tag-claudia-tello-espinosa","10":"tag-secretaria-de-educacion-de-veracruz"},"yoast_head":"<!-- This site is optimized with the Yoast SEO plugin v27.4 - https:\/\/yoast.com\/product\/yoast-seo-wordpress\/ -->\n<title>NO, NADIE \u201cREVENT\u00d3\u201d LA COMPARECENCIA DE LA MAESTRA - Los pol\u00edticos Veracruz<\/title>\n<meta name=\"robots\" content=\"index, follow, max-snippet:-1, max-image-preview:large, max-video-preview:-1\" \/>\n<link rel=\"canonical\" href=\"https:\/\/lospoliticosveracruz.com\/?p=157171\" \/>\n<meta property=\"og:locale\" content=\"es_ES\" \/>\n<meta property=\"og:type\" content=\"article\" \/>\n<meta property=\"og:title\" content=\"NO, NADIE \u201cREVENT\u00d3\u201d LA COMPARECENCIA DE LA MAESTRA - Los pol\u00edticos Veracruz\" \/>\n<meta property=\"og:description\" content=\"Bernardo Guti\u00e9rrez Parra Desde el Caf\u00e9 Este lunes, antes de la comparecencia de la titular de la Secretar\u00eda de Educaci\u00f3n de Veracruz, Claudia Tello Espinosa ante los diputados locales, hab\u00eda morbo por saber si David Jim\u00e9nez Rojas, el sujeto que (se) despacha como subsecretario de Educaci\u00f3n Media Superior y Superior en la SEV, cumplir\u00eda su [&hellip;]\" \/>\n<meta property=\"og:url\" content=\"https:\/\/lospoliticosveracruz.com\/?p=157171\" \/>\n<meta property=\"og:site_name\" content=\"Los pol\u00edticos Veracruz\" \/>\n<meta property=\"article:publisher\" content=\"https:\/\/www.facebook.com\/people\/Notimemes-de-los-Polticos\/61565672886568\/\" \/>\n<meta property=\"article:published_time\" content=\"2025-11-25T15:44:22+00:00\" \/>\n<meta property=\"article:modified_time\" content=\"2025-11-25T15:44:41+00:00\" \/>\n<meta property=\"og:image\" content=\"https:\/\/lospoliticosveracruz.com\/wp-content\/uploads\/2025\/04\/Bernardo-Gutierrez-Parra.jpg\" \/>\n\t<meta property=\"og:image:width\" content=\"1250\" \/>\n\t<meta property=\"og:image:height\" content=\"667\" \/>\n\t<meta property=\"og:image:type\" content=\"image\/jpeg\" \/>\n<meta name=\"author\" content=\"Lo viste en Los Pol\u00edticos\" \/>\n<meta name=\"twitter:card\" content=\"summary_large_image\" \/>\n<meta name=\"twitter:creator\" content=\"@LosPoliticosVer\" \/>\n<meta name=\"twitter:site\" content=\"@LosPoliticosVer\" \/>\n<meta name=\"twitter:label1\" content=\"Escrito por\" \/>\n\t<meta name=\"twitter:data1\" content=\"Lo viste en Los Pol\u00edticos\" \/>\n\t<meta name=\"twitter:label2\" content=\"Tiempo de lectura\" \/>\n\t<meta name=\"twitter:data2\" content=\"4 minutos\" \/>\n<script type=\"application\/ld+json\" class=\"yoast-schema-graph\">{\"@context\":\"https:\\\/\\\/schema.org\",\"@graph\":[{\"@type\":\"Article\",\"@id\":\"https:\\\/\\\/lospoliticosveracruz.com\\\/?p=157171#article\",\"isPartOf\":{\"@id\":\"https:\\\/\\\/lospoliticosveracruz.com\\\/?p=157171\"},\"author\":{\"name\":\"Lo viste en Los Pol\u00edticos\",\"@id\":\"https:\\\/\\\/lospoliticosveracruz.com\\\/#\\\/schema\\\/person\\\/b8702bb0e538456e6efd07080bf2a4a2\"},\"headline\":\"NO, NADIE \u201cREVENT\u00d3\u201d LA COMPARECENCIA DE LA MAESTRA\",\"datePublished\":\"2025-11-25T15:44:22+00:00\",\"dateModified\":\"2025-11-25T15:44:41+00:00\",\"mainEntityOfPage\":{\"@id\":\"https:\\\/\\\/lospoliticosveracruz.com\\\/?p=157171\"},\"wordCount\":838,\"publisher\":{\"@id\":\"https:\\\/\\\/lospoliticosveracruz.com\\\/#organization\"},\"image\":{\"@id\":\"https:\\\/\\\/lospoliticosveracruz.com\\\/?p=157171#primaryimage\"},\"thumbnailUrl\":\"https:\\\/\\\/lospoliticosveracruz.com\\\/wp-content\\\/uploads\\\/2025\\\/04\\\/Bernardo-Gutierrez-Parra.jpg\",\"keywords\":[\"Bernardo Guti\u00e9rrez Parra\",\"Claudia Tello Espinosa\",\"Secretar\u00eda de Educaci\u00f3n de Veracruz\"],\"articleSection\":[\"De Opini\u00f3n\"],\"inLanguage\":\"es\"},{\"@type\":\"WebPage\",\"@id\":\"https:\\\/\\\/lospoliticosveracruz.com\\\/?p=157171\",\"url\":\"https:\\\/\\\/lospoliticosveracruz.com\\\/?p=157171\",\"name\":\"NO, NADIE \u201cREVENT\u00d3\u201d LA COMPARECENCIA DE LA MAESTRA - Los pol\u00edticos Veracruz\",\"isPartOf\":{\"@id\":\"https:\\\/\\\/lospoliticosveracruz.com\\\/#website\"},\"primaryImageOfPage\":{\"@id\":\"https:\\\/\\\/lospoliticosveracruz.com\\\/?p=157171#primaryimage\"},\"image\":{\"@id\":\"https:\\\/\\\/lospoliticosveracruz.com\\\/?p=157171#primaryimage\"},\"thumbnailUrl\":\"https:\\\/\\\/lospoliticosveracruz.com\\\/wp-content\\\/uploads\\\/2025\\\/04\\\/Bernardo-Gutierrez-Parra.jpg\",\"datePublished\":\"2025-11-25T15:44:22+00:00\",\"dateModified\":\"2025-11-25T15:44:41+00:00\",\"breadcrumb\":{\"@id\":\"https:\\\/\\\/lospoliticosveracruz.com\\\/?p=157171#breadcrumb\"},\"inLanguage\":\"es\",\"potentialAction\":[{\"@type\":\"ReadAction\",\"target\":[\"https:\\\/\\\/lospoliticosveracruz.com\\\/?p=157171\"]}]},{\"@type\":\"ImageObject\",\"inLanguage\":\"es\",\"@id\":\"https:\\\/\\\/lospoliticosveracruz.com\\\/?p=157171#primaryimage\",\"url\":\"https:\\\/\\\/lospoliticosveracruz.com\\\/wp-content\\\/uploads\\\/2025\\\/04\\\/Bernardo-Gutierrez-Parra.jpg\",\"contentUrl\":\"https:\\\/\\\/lospoliticosveracruz.com\\\/wp-content\\\/uploads\\\/2025\\\/04\\\/Bernardo-Gutierrez-Parra.jpg\",\"width\":1250,\"height\":667},{\"@type\":\"BreadcrumbList\",\"@id\":\"https:\\\/\\\/lospoliticosveracruz.com\\\/?p=157171#breadcrumb\",\"itemListElement\":[{\"@type\":\"ListItem\",\"position\":1,\"name\":\"Portada\",\"item\":\"https:\\\/\\\/lospoliticosveracruz.com\\\/\"},{\"@type\":\"ListItem\",\"position\":2,\"name\":\"NO, NADIE \u201cREVENT\u00d3\u201d LA COMPARECENCIA DE LA MAESTRA\"}]},{\"@type\":\"WebSite\",\"@id\":\"https:\\\/\\\/lospoliticosveracruz.com\\\/#website\",\"url\":\"https:\\\/\\\/lospoliticosveracruz.com\\\/\",\"name\":\"Los pol\u00edticos Veracruz\",\"description\":\"\",\"publisher\":{\"@id\":\"https:\\\/\\\/lospoliticosveracruz.com\\\/#organization\"},\"potentialAction\":[{\"@type\":\"SearchAction\",\"target\":{\"@type\":\"EntryPoint\",\"urlTemplate\":\"https:\\\/\\\/lospoliticosveracruz.com\\\/?s={search_term_string}\"},\"query-input\":{\"@type\":\"PropertyValueSpecification\",\"valueRequired\":true,\"valueName\":\"search_term_string\"}}],\"inLanguage\":\"es\"},{\"@type\":\"Organization\",\"@id\":\"https:\\\/\\\/lospoliticosveracruz.com\\\/#organization\",\"name\":\"Los pol\u00edticos Veracruz\",\"url\":\"https:\\\/\\\/lospoliticosveracruz.com\\\/\",\"logo\":{\"@type\":\"ImageObject\",\"inLanguage\":\"es\",\"@id\":\"https:\\\/\\\/lospoliticosveracruz.com\\\/#\\\/schema\\\/logo\\\/image\\\/\",\"url\":\"https:\\\/\\\/lospoliticosveracruz.com\\\/wp-content\\\/uploads\\\/2025\\\/12\\\/Logo-Nuevo-LOS-POLITICOS-1.jpg\",\"contentUrl\":\"https:\\\/\\\/lospoliticosveracruz.com\\\/wp-content\\\/uploads\\\/2025\\\/12\\\/Logo-Nuevo-LOS-POLITICOS-1.jpg\",\"width\":260,\"height\":70,\"caption\":\"Los pol\u00edticos Veracruz\"},\"image\":{\"@id\":\"https:\\\/\\\/lospoliticosveracruz.com\\\/#\\\/schema\\\/logo\\\/image\\\/\"},\"sameAs\":[\"https:\\\/\\\/www.facebook.com\\\/people\\\/Notimemes-de-los-Polticos\\\/61565672886568\\\/\",\"https:\\\/\\\/x.com\\\/LosPoliticosVer\"]},{\"@type\":\"Person\",\"@id\":\"https:\\\/\\\/lospoliticosveracruz.com\\\/#\\\/schema\\\/person\\\/b8702bb0e538456e6efd07080bf2a4a2\",\"name\":\"Lo viste en Los Pol\u00edticos\",\"image\":{\"@type\":\"ImageObject\",\"inLanguage\":\"es\",\"@id\":\"https:\\\/\\\/secure.gravatar.com\\\/avatar\\\/3a8de04a2656d44082be478bd6c086daa447c4651605818287b9532d3d0bd435?s=96&d=mm&r=g\",\"url\":\"https:\\\/\\\/secure.gravatar.com\\\/avatar\\\/3a8de04a2656d44082be478bd6c086daa447c4651605818287b9532d3d0bd435?s=96&d=mm&r=g\",\"contentUrl\":\"https:\\\/\\\/secure.gravatar.com\\\/avatar\\\/3a8de04a2656d44082be478bd6c086daa447c4651605818287b9532d3d0bd435?s=96&d=mm&r=g\",\"caption\":\"Lo viste en Los Pol\u00edticos\"},\"url\":\"https:\\\/\\\/lospoliticosveracruz.com\\\/?author=2\"}]}<\/script>\n<!-- \/ Yoast SEO plugin. -->","yoast_head_json":{"title":"NO, NADIE \u201cREVENT\u00d3\u201d LA COMPARECENCIA DE LA MAESTRA - Los pol\u00edticos Veracruz","robots":{"index":"index","follow":"follow","max-snippet":"max-snippet:-1","max-image-preview":"max-image-preview:large","max-video-preview":"max-video-preview:-1"},"canonical":"https:\/\/lospoliticosveracruz.com\/?p=157171","og_locale":"es_ES","og_type":"article","og_title":"NO, NADIE \u201cREVENT\u00d3\u201d LA COMPARECENCIA DE LA MAESTRA - Los pol\u00edticos Veracruz","og_description":"Bernardo Guti\u00e9rrez Parra Desde el Caf\u00e9 Este lunes, antes de la comparecencia de la titular de la Secretar\u00eda de Educaci\u00f3n de Veracruz, Claudia Tello Espinosa ante los diputados locales, hab\u00eda morbo por saber si David Jim\u00e9nez Rojas, el sujeto que (se) despacha como subsecretario de Educaci\u00f3n Media Superior y Superior en la SEV, cumplir\u00eda su [&hellip;]","og_url":"https:\/\/lospoliticosveracruz.com\/?p=157171","og_site_name":"Los pol\u00edticos Veracruz","article_publisher":"https:\/\/www.facebook.com\/people\/Notimemes-de-los-Polticos\/61565672886568\/","article_published_time":"2025-11-25T15:44:22+00:00","article_modified_time":"2025-11-25T15:44:41+00:00","og_image":[{"width":1250,"height":667,"url":"https:\/\/lospoliticosveracruz.com\/wp-content\/uploads\/2025\/04\/Bernardo-Gutierrez-Parra.jpg","type":"image\/jpeg"}],"author":"Lo viste en Los Pol\u00edticos","twitter_card":"summary_large_image","twitter_creator":"@LosPoliticosVer","twitter_site":"@LosPoliticosVer","twitter_misc":{"Escrito por":"Lo viste en Los Pol\u00edticos","Tiempo de lectura":"4 minutos"},"schema":{"@context":"https:\/\/schema.org","@graph":[{"@type":"Article","@id":"https:\/\/lospoliticosveracruz.com\/?p=157171#article","isPartOf":{"@id":"https:\/\/lospoliticosveracruz.com\/?p=157171"},"author":{"name":"Lo viste en Los Pol\u00edticos","@id":"https:\/\/lospoliticosveracruz.com\/#\/schema\/person\/b8702bb0e538456e6efd07080bf2a4a2"},"headline":"NO, NADIE \u201cREVENT\u00d3\u201d LA COMPARECENCIA DE LA MAESTRA","datePublished":"2025-11-25T15:44:22+00:00","dateModified":"2025-11-25T15:44:41+00:00","mainEntityOfPage":{"@id":"https:\/\/lospoliticosveracruz.com\/?p=157171"},"wordCount":838,"publisher":{"@id":"https:\/\/lospoliticosveracruz.com\/#organization"},"image":{"@id":"https:\/\/lospoliticosveracruz.com\/?p=157171#primaryimage"},"thumbnailUrl":"https:\/\/lospoliticosveracruz.com\/wp-content\/uploads\/2025\/04\/Bernardo-Gutierrez-Parra.jpg","keywords":["Bernardo Guti\u00e9rrez Parra","Claudia Tello Espinosa","Secretar\u00eda de Educaci\u00f3n de Veracruz"],"articleSection":["De Opini\u00f3n"],"inLanguage":"es"},{"@type":"WebPage","@id":"https:\/\/lospoliticosveracruz.com\/?p=157171","url":"https:\/\/lospoliticosveracruz.com\/?p=157171","name":"NO, NADIE \u201cREVENT\u00d3\u201d LA COMPARECENCIA DE LA MAESTRA - Los pol\u00edticos Veracruz","isPartOf":{"@id":"https:\/\/lospoliticosveracruz.com\/#website"},"primaryImageOfPage":{"@id":"https:\/\/lospoliticosveracruz.com\/?p=157171#primaryimage"},"image":{"@id":"https:\/\/lospoliticosveracruz.com\/?p=157171#primaryimage"},"thumbnailUrl":"https:\/\/lospoliticosveracruz.com\/wp-content\/uploads\/2025\/04\/Bernardo-Gutierrez-Parra.jpg","datePublished":"2025-11-25T15:44:22+00:00","dateModified":"2025-11-25T15:44:41+00:00","breadcrumb":{"@id":"https:\/\/lospoliticosveracruz.com\/?p=157171#breadcrumb"},"inLanguage":"es","potentialAction":[{"@type":"ReadAction","target":["https:\/\/lospoliticosveracruz.com\/?p=157171"]}]},{"@type":"ImageObject","inLanguage":"es","@id":"https:\/\/lospoliticosveracruz.com\/?p=157171#primaryimage","url":"https:\/\/lospoliticosveracruz.com\/wp-content\/uploads\/2025\/04\/Bernardo-Gutierrez-Parra.jpg","contentUrl":"https:\/\/lospoliticosveracruz.com\/wp-content\/uploads\/2025\/04\/Bernardo-Gutierrez-Parra.jpg","width":1250,"height":667},{"@type":"BreadcrumbList","@id":"https:\/\/lospoliticosveracruz.com\/?p=157171#breadcrumb","itemListElement":[{"@type":"ListItem","position":1,"name":"Portada","item":"https:\/\/lospoliticosveracruz.com\/"},{"@type":"ListItem","position":2,"name":"NO, NADIE \u201cREVENT\u00d3\u201d LA COMPARECENCIA DE LA MAESTRA"}]},{"@type":"WebSite","@id":"https:\/\/lospoliticosveracruz.com\/#website","url":"https:\/\/lospoliticosveracruz.com\/","name":"Los pol\u00edticos Veracruz","description":"","publisher":{"@id":"https:\/\/lospoliticosveracruz.com\/#organization"},"potentialAction":[{"@type":"SearchAction","target":{"@type":"EntryPoint","urlTemplate":"https:\/\/lospoliticosveracruz.com\/?s={search_term_string}"},"query-input":{"@type":"PropertyValueSpecification","valueRequired":true,"valueName":"search_term_string"}}],"inLanguage":"es"},{"@type":"Organization","@id":"https:\/\/lospoliticosveracruz.com\/#organization","name":"Los pol\u00edticos Veracruz","url":"https:\/\/lospoliticosveracruz.com\/","logo":{"@type":"ImageObject","inLanguage":"es","@id":"https:\/\/lospoliticosveracruz.com\/#\/schema\/logo\/image\/","url":"https:\/\/lospoliticosveracruz.com\/wp-content\/uploads\/2025\/12\/Logo-Nuevo-LOS-POLITICOS-1.jpg","contentUrl":"https:\/\/lospoliticosveracruz.com\/wp-content\/uploads\/2025\/12\/Logo-Nuevo-LOS-POLITICOS-1.jpg","width":260,"height":70,"caption":"Los pol\u00edticos Veracruz"},"image":{"@id":"https:\/\/lospoliticosveracruz.com\/#\/schema\/logo\/image\/"},"sameAs":["https:\/\/www.facebook.com\/people\/Notimemes-de-los-Polticos\/61565672886568\/","https:\/\/x.com\/LosPoliticosVer"]},{"@type":"Person","@id":"https:\/\/lospoliticosveracruz.com\/#\/schema\/person\/b8702bb0e538456e6efd07080bf2a4a2","name":"Lo viste en Los Pol\u00edticos","image":{"@type":"ImageObject","inLanguage":"es","@id":"https:\/\/secure.gravatar.com\/avatar\/3a8de04a2656d44082be478bd6c086daa447c4651605818287b9532d3d0bd435?s=96&d=mm&r=g","url":"https:\/\/secure.gravatar.com\/avatar\/3a8de04a2656d44082be478bd6c086daa447c4651605818287b9532d3d0bd435?s=96&d=mm&r=g","contentUrl":"https:\/\/secure.gravatar.com\/avatar\/3a8de04a2656d44082be478bd6c086daa447c4651605818287b9532d3d0bd435?s=96&d=mm&r=g","caption":"Lo viste en Los Pol\u00edticos"},"url":"https:\/\/lospoliticosveracruz.com\/?author=2"}]}},"_links":{"self":[{"href":"https:\/\/lospoliticosveracruz.com\/index.php?rest_route=\/wp\/v2\/posts\/157171","targetHints":{"allow":["GET"]}}],"collection":[{"href":"https:\/\/lospoliticosveracruz.com\/index.php?rest_route=\/wp\/v2\/posts"}],"about":[{"href":"https:\/\/lospoliticosveracruz.com\/index.php?rest_route=\/wp\/v2\/types\/post"}],"author":[{"embeddable":true,"href":"https:\/\/lospoliticosveracruz.com\/index.php?rest_route=\/wp\/v2\/users\/2"}],"replies":[{"embeddable":true,"href":"https:\/\/lospoliticosveracruz.com\/index.php?rest_route=%2Fwp%2Fv2%2Fcomments&post=157171"}],"version-history":[{"count":2,"href":"https:\/\/lospoliticosveracruz.com\/index.php?rest_route=\/wp\/v2\/posts\/157171\/revisions"}],"predecessor-version":[{"id":157173,"href":"https:\/\/lospoliticosveracruz.com\/index.php?rest_route=\/wp\/v2\/posts\/157171\/revisions\/157173"}],"wp:featuredmedia":[{"embeddable":true,"href":"https:\/\/lospoliticosveracruz.com\/index.php?rest_route=\/wp\/v2\/media\/141479"}],"wp:attachment":[{"href":"https:\/\/lospoliticosveracruz.com\/index.php?rest_route=%2Fwp%2Fv2%2Fmedia&parent=157171"}],"wp:term":[{"taxonomy":"category","embeddable":true,"href":"https:\/\/lospoliticosveracruz.com\/index.php?rest_route=%2Fwp%2Fv2%2Fcategories&post=157171"},{"taxonomy":"post_tag","embeddable":true,"href":"https:\/\/lospoliticosveracruz.com\/index.php?rest_route=%2Fwp%2Fv2%2Ftags&post=157171"}],"curies":[{"name":"wp","href":"https:\/\/api.w.org\/{rel}","templated":true}]}}