{"id":157240,"date":"2025-11-26T08:08:11","date_gmt":"2025-11-26T14:08:11","guid":{"rendered":"https:\/\/lospoliticosveracruz.com.mx\/?p=157240"},"modified":"2025-11-26T08:08:38","modified_gmt":"2025-11-26T14:08:38","slug":"no-es-tuyo-ni-mio-pero-si-nuestra-responsabilidad","status":"publish","type":"post","link":"https:\/\/lospoliticosveracruz.com\/?p=157240","title":{"rendered":"NO ES TUYO NI M\u00cdO, PERO S\u00cd NUESTRA RESPONSABILIDAD"},"content":{"rendered":"\n<p><\/p>\n\n\n\n<p>S\u00edguenos ahora tambi\u00e9n en WhatsApp.\u00a0\u00a1<a href=\"https:\/\/whatsapp.com\/channel\/0029Va8zRWlEKyZIP3Z1dF0e\"><strong>Da clic aqu\u00ed<\/strong><\/a><strong>!<\/strong><\/p>\n\n\n\n<p><strong>Julio Vallejo<\/strong><\/p>\n\n\n\n<p><em>La delgada l\u00ednea entre mi opini\u00f3n y la tuya<br><\/em><\/p>\n\n\n\n<p>La inmensa mayor\u00eda de los seres humanos que nacen en este universo son producto de una relaci\u00f3n de dos personas que se aman; otras, por un descuido y no necesariamente de las manos; y por \u00faltimo, lamentablemente otras por abuso sexual. El resultado, es la creaci\u00f3n de una vida que sabe sobrevivir, pero no cu\u00e1ndo morir, sin importarles el por qu\u00e9 de nacer, el para qu\u00e9 de crecer y, principalmente, el sentido de la vida.<\/p>\n\n\n\n\n\n<p>Esta traves\u00eda nos lleva a viajar por el camino de la existencia, donde la primera pregunta ser\u00eda: \u00bflos hijos son de nuestra propiedad o solo son seres humanos que debemos, amar, custodiar, guiar y respetar?<\/p>\n\n\n\n<p>En muchas ocasiones, durante una discusi\u00f3n de pareja, se oye la frase femenina: \u00abMe llevo a mis hijos porque son m\u00edos\u00bb, mientras que la parte masculina, por lo general, se ve obligada a respetar la idea, aunque no la comparte. Esto es lo que ordinariamente sucede, porque se piensa y cree que es lo mejor para ellos y, en ese sentido, para los hijos.<\/p>\n\n\n\n<p>Sin embargo, los hijos tienen que realizarse por ellos mismos. No dejando a\u00fan lado, que como padre, t\u00fa eres el principal modelo a seguir. Por consiguiente, el objetivo del padre y la madre es que ellos sean la mejor versi\u00f3n de s\u00ed mismos.<\/p>\n\n\n\n<p>A los hijos, desde que nacen, hay que fomentarles el amor propio, el amor y el respeto a su padre y madre. Debemos ense\u00f1arles, por medio de la confianza, la seguridad y la independencia, a tomar las decisiones futuras que mejor les convengan. El sentimiento de propiedad de los hijos puede perjudicar su desarrollo emocional y su propia autonom\u00eda. Sin olvidar, que para que un ni\u00f1o crezca feliz necesita de su padre y de su madre.<\/p>\n\n\n\n<p>Un ni\u00f1o tampoco suele comentar qu\u00e9 pasa en casa, porque todo lo ve normal. Sin embargo, hay escuelas que los apoyan escuchando y detectando el comportamiento de los infantes, pero faltan m\u00e1s acciones de prevenci\u00f3n emocional y psic\u00f3logica.<\/p>\n\n\n\n<p>Solo imagina un pap\u00e1 alcoh\u00f3lico, una madre ausente y que en la escuela le dicen que no sirve para estudiar y sus compa\u00f1eritos le hagan bullying. El ni\u00f1o siempre crecer\u00e1 con la idea de que no es bueno para nada y pasar\u00e1 a ser una cifra m\u00e1s de los alumnos desertados, quienes podr\u00edan llegar a ser los pr\u00f3ximos sicarios.<\/p>\n\n\n\n<p>Un ni\u00f1o deber\u00eda ir a la escuela sonriendo, bien dormido, bien alimentado, con todas las ganas de aprender y jugar. Sin embargo, hay ni\u00f1os que llegan solos, el uniforme incompleto, sin planchar, sin \u00fatiles o sin desayunar. Esto genera entre los ni\u00f1os una desigualdad que, a temprana edad, si no la asimilan, puede crearles un dolor emocional. Por eso, toda acci\u00f3n o sufrimiento emocional se debe atender inmediatamente como padres, para que despu\u00e9s no nos estemos lamentando y reclamando la culpa de qui\u00e9n es el hijo, qui\u00e9n lo crio y, por \u00faltimo, qui\u00e9n lo educ\u00f3.<\/p>\n\n\n\n<p>As\u00ed que los padres deben quitarse la idea de que los hijos son de su propiedad y solo velar por la integridad y el amor hacia ellos, e inculcarles que el mundo simplemente existe y que lo que hagamos en esta tierra ser\u00e1 la semilla del futuro.<\/p>\n","protected":false},"excerpt":{"rendered":"<p>Julio Vallejo La delgada l\u00ednea entre mi opini\u00f3n y la tuya La inmensa mayor\u00eda de los seres humanos que nacen en este universo son producto de una relaci\u00f3n de dos personas que se aman; otras, por un descuido y no necesariamente de las manos; y por \u00faltimo, lamentablemente otras por abuso sexual. El resultado, es [&hellip;]<\/p>\n","protected":false},"author":2,"featured_media":141394,"comment_status":"closed","ping_status":"closed","sticky":false,"template":"","format":"standard","meta":{"tdm_status":"","tdm_grid_status":"","footnotes":""},"categories":[70],"tags":[],"class_list":{"0":"post-157240","1":"post","2":"type-post","3":"status-publish","4":"format-standard","5":"has-post-thumbnail","7":"category-de-opinion"},"yoast_head":"<!-- This site is optimized with the Yoast SEO plugin v27.4 - https:\/\/yoast.com\/product\/yoast-seo-wordpress\/ -->\n<title>NO ES TUYO NI M\u00cdO, PERO S\u00cd NUESTRA RESPONSABILIDAD - Los pol\u00edticos Veracruz<\/title>\n<meta name=\"robots\" content=\"index, follow, max-snippet:-1, max-image-preview:large, max-video-preview:-1\" \/>\n<link rel=\"canonical\" href=\"https:\/\/lospoliticosveracruz.com\/?p=157240\" \/>\n<meta property=\"og:locale\" content=\"es_ES\" \/>\n<meta property=\"og:type\" content=\"article\" \/>\n<meta property=\"og:title\" content=\"NO ES TUYO NI M\u00cdO, PERO S\u00cd NUESTRA RESPONSABILIDAD - Los pol\u00edticos Veracruz\" \/>\n<meta property=\"og:description\" content=\"Julio Vallejo La delgada l\u00ednea entre mi opini\u00f3n y la tuya La inmensa mayor\u00eda de los seres humanos que nacen en este universo son producto de una relaci\u00f3n de dos personas que se aman; otras, por un descuido y no necesariamente de las manos; y por \u00faltimo, lamentablemente otras por abuso sexual. El resultado, es [&hellip;]\" \/>\n<meta property=\"og:url\" content=\"https:\/\/lospoliticosveracruz.com\/?p=157240\" \/>\n<meta property=\"og:site_name\" content=\"Los pol\u00edticos Veracruz\" \/>\n<meta property=\"article:publisher\" content=\"https:\/\/www.facebook.com\/people\/Notimemes-de-los-Polticos\/61565672886568\/\" \/>\n<meta property=\"article:published_time\" content=\"2025-11-26T14:08:11+00:00\" \/>\n<meta property=\"article:modified_time\" content=\"2025-11-26T14:08:38+00:00\" \/>\n<meta property=\"og:image\" content=\"https:\/\/lospoliticosveracruz.com\/wp-content\/uploads\/2025\/04\/Julio-Vallejo.jpg\" \/>\n\t<meta property=\"og:image:width\" content=\"1250\" \/>\n\t<meta property=\"og:image:height\" content=\"667\" \/>\n\t<meta property=\"og:image:type\" content=\"image\/jpeg\" \/>\n<meta name=\"author\" content=\"Lo viste en Los Pol\u00edticos\" \/>\n<meta name=\"twitter:card\" content=\"summary_large_image\" \/>\n<meta name=\"twitter:creator\" content=\"@LosPoliticosVer\" \/>\n<meta name=\"twitter:site\" content=\"@LosPoliticosVer\" \/>\n<meta name=\"twitter:label1\" content=\"Escrito por\" \/>\n\t<meta name=\"twitter:data1\" content=\"Lo viste en Los Pol\u00edticos\" \/>\n\t<meta name=\"twitter:label2\" content=\"Tiempo de lectura\" \/>\n\t<meta name=\"twitter:data2\" content=\"3 minutos\" \/>\n<script type=\"application\/ld+json\" class=\"yoast-schema-graph\">{\"@context\":\"https:\\\/\\\/schema.org\",\"@graph\":[{\"@type\":\"Article\",\"@id\":\"https:\\\/\\\/lospoliticosveracruz.com\\\/?p=157240#article\",\"isPartOf\":{\"@id\":\"https:\\\/\\\/lospoliticosveracruz.com\\\/?p=157240\"},\"author\":{\"name\":\"Lo viste en Los Pol\u00edticos\",\"@id\":\"https:\\\/\\\/lospoliticosveracruz.com\\\/#\\\/schema\\\/person\\\/b8702bb0e538456e6efd07080bf2a4a2\"},\"headline\":\"NO ES TUYO NI M\u00cdO, PERO S\u00cd NUESTRA RESPONSABILIDAD\",\"datePublished\":\"2025-11-26T14:08:11+00:00\",\"dateModified\":\"2025-11-26T14:08:38+00:00\",\"mainEntityOfPage\":{\"@id\":\"https:\\\/\\\/lospoliticosveracruz.com\\\/?p=157240\"},\"wordCount\":587,\"publisher\":{\"@id\":\"https:\\\/\\\/lospoliticosveracruz.com\\\/#organization\"},\"image\":{\"@id\":\"https:\\\/\\\/lospoliticosveracruz.com\\\/?p=157240#primaryimage\"},\"thumbnailUrl\":\"https:\\\/\\\/lospoliticosveracruz.com\\\/wp-content\\\/uploads\\\/2025\\\/04\\\/Julio-Vallejo.jpg\",\"articleSection\":[\"De Opini\u00f3n\"],\"inLanguage\":\"es\"},{\"@type\":\"WebPage\",\"@id\":\"https:\\\/\\\/lospoliticosveracruz.com\\\/?p=157240\",\"url\":\"https:\\\/\\\/lospoliticosveracruz.com\\\/?p=157240\",\"name\":\"NO ES TUYO NI M\u00cdO, PERO S\u00cd NUESTRA RESPONSABILIDAD - Los pol\u00edticos Veracruz\",\"isPartOf\":{\"@id\":\"https:\\\/\\\/lospoliticosveracruz.com\\\/#website\"},\"primaryImageOfPage\":{\"@id\":\"https:\\\/\\\/lospoliticosveracruz.com\\\/?p=157240#primaryimage\"},\"image\":{\"@id\":\"https:\\\/\\\/lospoliticosveracruz.com\\\/?p=157240#primaryimage\"},\"thumbnailUrl\":\"https:\\\/\\\/lospoliticosveracruz.com\\\/wp-content\\\/uploads\\\/2025\\\/04\\\/Julio-Vallejo.jpg\",\"datePublished\":\"2025-11-26T14:08:11+00:00\",\"dateModified\":\"2025-11-26T14:08:38+00:00\",\"breadcrumb\":{\"@id\":\"https:\\\/\\\/lospoliticosveracruz.com\\\/?p=157240#breadcrumb\"},\"inLanguage\":\"es\",\"potentialAction\":[{\"@type\":\"ReadAction\",\"target\":[\"https:\\\/\\\/lospoliticosveracruz.com\\\/?p=157240\"]}]},{\"@type\":\"ImageObject\",\"inLanguage\":\"es\",\"@id\":\"https:\\\/\\\/lospoliticosveracruz.com\\\/?p=157240#primaryimage\",\"url\":\"https:\\\/\\\/lospoliticosveracruz.com\\\/wp-content\\\/uploads\\\/2025\\\/04\\\/Julio-Vallejo.jpg\",\"contentUrl\":\"https:\\\/\\\/lospoliticosveracruz.com\\\/wp-content\\\/uploads\\\/2025\\\/04\\\/Julio-Vallejo.jpg\",\"width\":1250,\"height\":667},{\"@type\":\"BreadcrumbList\",\"@id\":\"https:\\\/\\\/lospoliticosveracruz.com\\\/?p=157240#breadcrumb\",\"itemListElement\":[{\"@type\":\"ListItem\",\"position\":1,\"name\":\"Portada\",\"item\":\"https:\\\/\\\/lospoliticosveracruz.com\\\/\"},{\"@type\":\"ListItem\",\"position\":2,\"name\":\"NO ES TUYO NI M\u00cdO, PERO S\u00cd NUESTRA RESPONSABILIDAD\"}]},{\"@type\":\"WebSite\",\"@id\":\"https:\\\/\\\/lospoliticosveracruz.com\\\/#website\",\"url\":\"https:\\\/\\\/lospoliticosveracruz.com\\\/\",\"name\":\"Los pol\u00edticos Veracruz\",\"description\":\"\",\"publisher\":{\"@id\":\"https:\\\/\\\/lospoliticosveracruz.com\\\/#organization\"},\"potentialAction\":[{\"@type\":\"SearchAction\",\"target\":{\"@type\":\"EntryPoint\",\"urlTemplate\":\"https:\\\/\\\/lospoliticosveracruz.com\\\/?s={search_term_string}\"},\"query-input\":{\"@type\":\"PropertyValueSpecification\",\"valueRequired\":true,\"valueName\":\"search_term_string\"}}],\"inLanguage\":\"es\"},{\"@type\":\"Organization\",\"@id\":\"https:\\\/\\\/lospoliticosveracruz.com\\\/#organization\",\"name\":\"Los pol\u00edticos Veracruz\",\"url\":\"https:\\\/\\\/lospoliticosveracruz.com\\\/\",\"logo\":{\"@type\":\"ImageObject\",\"inLanguage\":\"es\",\"@id\":\"https:\\\/\\\/lospoliticosveracruz.com\\\/#\\\/schema\\\/logo\\\/image\\\/\",\"url\":\"https:\\\/\\\/lospoliticosveracruz.com\\\/wp-content\\\/uploads\\\/2025\\\/12\\\/Logo-Nuevo-LOS-POLITICOS-1.jpg\",\"contentUrl\":\"https:\\\/\\\/lospoliticosveracruz.com\\\/wp-content\\\/uploads\\\/2025\\\/12\\\/Logo-Nuevo-LOS-POLITICOS-1.jpg\",\"width\":260,\"height\":70,\"caption\":\"Los pol\u00edticos Veracruz\"},\"image\":{\"@id\":\"https:\\\/\\\/lospoliticosveracruz.com\\\/#\\\/schema\\\/logo\\\/image\\\/\"},\"sameAs\":[\"https:\\\/\\\/www.facebook.com\\\/people\\\/Notimemes-de-los-Polticos\\\/61565672886568\\\/\",\"https:\\\/\\\/x.com\\\/LosPoliticosVer\"]},{\"@type\":\"Person\",\"@id\":\"https:\\\/\\\/lospoliticosveracruz.com\\\/#\\\/schema\\\/person\\\/b8702bb0e538456e6efd07080bf2a4a2\",\"name\":\"Lo viste en Los Pol\u00edticos\",\"image\":{\"@type\":\"ImageObject\",\"inLanguage\":\"es\",\"@id\":\"https:\\\/\\\/secure.gravatar.com\\\/avatar\\\/3a8de04a2656d44082be478bd6c086daa447c4651605818287b9532d3d0bd435?s=96&d=mm&r=g\",\"url\":\"https:\\\/\\\/secure.gravatar.com\\\/avatar\\\/3a8de04a2656d44082be478bd6c086daa447c4651605818287b9532d3d0bd435?s=96&d=mm&r=g\",\"contentUrl\":\"https:\\\/\\\/secure.gravatar.com\\\/avatar\\\/3a8de04a2656d44082be478bd6c086daa447c4651605818287b9532d3d0bd435?s=96&d=mm&r=g\",\"caption\":\"Lo viste en Los Pol\u00edticos\"},\"url\":\"https:\\\/\\\/lospoliticosveracruz.com\\\/?author=2\"}]}<\/script>\n<!-- \/ Yoast SEO plugin. -->","yoast_head_json":{"title":"NO ES TUYO NI M\u00cdO, PERO S\u00cd NUESTRA RESPONSABILIDAD - Los pol\u00edticos Veracruz","robots":{"index":"index","follow":"follow","max-snippet":"max-snippet:-1","max-image-preview":"max-image-preview:large","max-video-preview":"max-video-preview:-1"},"canonical":"https:\/\/lospoliticosveracruz.com\/?p=157240","og_locale":"es_ES","og_type":"article","og_title":"NO ES TUYO NI M\u00cdO, PERO S\u00cd NUESTRA RESPONSABILIDAD - Los pol\u00edticos Veracruz","og_description":"Julio Vallejo La delgada l\u00ednea entre mi opini\u00f3n y la tuya La inmensa mayor\u00eda de los seres humanos que nacen en este universo son producto de una relaci\u00f3n de dos personas que se aman; otras, por un descuido y no necesariamente de las manos; y por \u00faltimo, lamentablemente otras por abuso sexual. El resultado, es [&hellip;]","og_url":"https:\/\/lospoliticosveracruz.com\/?p=157240","og_site_name":"Los pol\u00edticos Veracruz","article_publisher":"https:\/\/www.facebook.com\/people\/Notimemes-de-los-Polticos\/61565672886568\/","article_published_time":"2025-11-26T14:08:11+00:00","article_modified_time":"2025-11-26T14:08:38+00:00","og_image":[{"width":1250,"height":667,"url":"https:\/\/lospoliticosveracruz.com\/wp-content\/uploads\/2025\/04\/Julio-Vallejo.jpg","type":"image\/jpeg"}],"author":"Lo viste en Los Pol\u00edticos","twitter_card":"summary_large_image","twitter_creator":"@LosPoliticosVer","twitter_site":"@LosPoliticosVer","twitter_misc":{"Escrito por":"Lo viste en Los Pol\u00edticos","Tiempo de lectura":"3 minutos"},"schema":{"@context":"https:\/\/schema.org","@graph":[{"@type":"Article","@id":"https:\/\/lospoliticosveracruz.com\/?p=157240#article","isPartOf":{"@id":"https:\/\/lospoliticosveracruz.com\/?p=157240"},"author":{"name":"Lo viste en Los Pol\u00edticos","@id":"https:\/\/lospoliticosveracruz.com\/#\/schema\/person\/b8702bb0e538456e6efd07080bf2a4a2"},"headline":"NO ES TUYO NI M\u00cdO, PERO S\u00cd NUESTRA RESPONSABILIDAD","datePublished":"2025-11-26T14:08:11+00:00","dateModified":"2025-11-26T14:08:38+00:00","mainEntityOfPage":{"@id":"https:\/\/lospoliticosveracruz.com\/?p=157240"},"wordCount":587,"publisher":{"@id":"https:\/\/lospoliticosveracruz.com\/#organization"},"image":{"@id":"https:\/\/lospoliticosveracruz.com\/?p=157240#primaryimage"},"thumbnailUrl":"https:\/\/lospoliticosveracruz.com\/wp-content\/uploads\/2025\/04\/Julio-Vallejo.jpg","articleSection":["De Opini\u00f3n"],"inLanguage":"es"},{"@type":"WebPage","@id":"https:\/\/lospoliticosveracruz.com\/?p=157240","url":"https:\/\/lospoliticosveracruz.com\/?p=157240","name":"NO ES TUYO NI M\u00cdO, PERO S\u00cd NUESTRA RESPONSABILIDAD - Los pol\u00edticos Veracruz","isPartOf":{"@id":"https:\/\/lospoliticosveracruz.com\/#website"},"primaryImageOfPage":{"@id":"https:\/\/lospoliticosveracruz.com\/?p=157240#primaryimage"},"image":{"@id":"https:\/\/lospoliticosveracruz.com\/?p=157240#primaryimage"},"thumbnailUrl":"https:\/\/lospoliticosveracruz.com\/wp-content\/uploads\/2025\/04\/Julio-Vallejo.jpg","datePublished":"2025-11-26T14:08:11+00:00","dateModified":"2025-11-26T14:08:38+00:00","breadcrumb":{"@id":"https:\/\/lospoliticosveracruz.com\/?p=157240#breadcrumb"},"inLanguage":"es","potentialAction":[{"@type":"ReadAction","target":["https:\/\/lospoliticosveracruz.com\/?p=157240"]}]},{"@type":"ImageObject","inLanguage":"es","@id":"https:\/\/lospoliticosveracruz.com\/?p=157240#primaryimage","url":"https:\/\/lospoliticosveracruz.com\/wp-content\/uploads\/2025\/04\/Julio-Vallejo.jpg","contentUrl":"https:\/\/lospoliticosveracruz.com\/wp-content\/uploads\/2025\/04\/Julio-Vallejo.jpg","width":1250,"height":667},{"@type":"BreadcrumbList","@id":"https:\/\/lospoliticosveracruz.com\/?p=157240#breadcrumb","itemListElement":[{"@type":"ListItem","position":1,"name":"Portada","item":"https:\/\/lospoliticosveracruz.com\/"},{"@type":"ListItem","position":2,"name":"NO ES TUYO NI M\u00cdO, PERO S\u00cd NUESTRA RESPONSABILIDAD"}]},{"@type":"WebSite","@id":"https:\/\/lospoliticosveracruz.com\/#website","url":"https:\/\/lospoliticosveracruz.com\/","name":"Los pol\u00edticos Veracruz","description":"","publisher":{"@id":"https:\/\/lospoliticosveracruz.com\/#organization"},"potentialAction":[{"@type":"SearchAction","target":{"@type":"EntryPoint","urlTemplate":"https:\/\/lospoliticosveracruz.com\/?s={search_term_string}"},"query-input":{"@type":"PropertyValueSpecification","valueRequired":true,"valueName":"search_term_string"}}],"inLanguage":"es"},{"@type":"Organization","@id":"https:\/\/lospoliticosveracruz.com\/#organization","name":"Los pol\u00edticos Veracruz","url":"https:\/\/lospoliticosveracruz.com\/","logo":{"@type":"ImageObject","inLanguage":"es","@id":"https:\/\/lospoliticosveracruz.com\/#\/schema\/logo\/image\/","url":"https:\/\/lospoliticosveracruz.com\/wp-content\/uploads\/2025\/12\/Logo-Nuevo-LOS-POLITICOS-1.jpg","contentUrl":"https:\/\/lospoliticosveracruz.com\/wp-content\/uploads\/2025\/12\/Logo-Nuevo-LOS-POLITICOS-1.jpg","width":260,"height":70,"caption":"Los pol\u00edticos Veracruz"},"image":{"@id":"https:\/\/lospoliticosveracruz.com\/#\/schema\/logo\/image\/"},"sameAs":["https:\/\/www.facebook.com\/people\/Notimemes-de-los-Polticos\/61565672886568\/","https:\/\/x.com\/LosPoliticosVer"]},{"@type":"Person","@id":"https:\/\/lospoliticosveracruz.com\/#\/schema\/person\/b8702bb0e538456e6efd07080bf2a4a2","name":"Lo viste en Los Pol\u00edticos","image":{"@type":"ImageObject","inLanguage":"es","@id":"https:\/\/secure.gravatar.com\/avatar\/3a8de04a2656d44082be478bd6c086daa447c4651605818287b9532d3d0bd435?s=96&d=mm&r=g","url":"https:\/\/secure.gravatar.com\/avatar\/3a8de04a2656d44082be478bd6c086daa447c4651605818287b9532d3d0bd435?s=96&d=mm&r=g","contentUrl":"https:\/\/secure.gravatar.com\/avatar\/3a8de04a2656d44082be478bd6c086daa447c4651605818287b9532d3d0bd435?s=96&d=mm&r=g","caption":"Lo viste en Los Pol\u00edticos"},"url":"https:\/\/lospoliticosveracruz.com\/?author=2"}]}},"_links":{"self":[{"href":"https:\/\/lospoliticosveracruz.com\/index.php?rest_route=\/wp\/v2\/posts\/157240","targetHints":{"allow":["GET"]}}],"collection":[{"href":"https:\/\/lospoliticosveracruz.com\/index.php?rest_route=\/wp\/v2\/posts"}],"about":[{"href":"https:\/\/lospoliticosveracruz.com\/index.php?rest_route=\/wp\/v2\/types\/post"}],"author":[{"embeddable":true,"href":"https:\/\/lospoliticosveracruz.com\/index.php?rest_route=\/wp\/v2\/users\/2"}],"replies":[{"embeddable":true,"href":"https:\/\/lospoliticosveracruz.com\/index.php?rest_route=%2Fwp%2Fv2%2Fcomments&post=157240"}],"version-history":[{"count":1,"href":"https:\/\/lospoliticosveracruz.com\/index.php?rest_route=\/wp\/v2\/posts\/157240\/revisions"}],"predecessor-version":[{"id":157241,"href":"https:\/\/lospoliticosveracruz.com\/index.php?rest_route=\/wp\/v2\/posts\/157240\/revisions\/157241"}],"wp:featuredmedia":[{"embeddable":true,"href":"https:\/\/lospoliticosveracruz.com\/index.php?rest_route=\/wp\/v2\/media\/141394"}],"wp:attachment":[{"href":"https:\/\/lospoliticosveracruz.com\/index.php?rest_route=%2Fwp%2Fv2%2Fmedia&parent=157240"}],"wp:term":[{"taxonomy":"category","embeddable":true,"href":"https:\/\/lospoliticosveracruz.com\/index.php?rest_route=%2Fwp%2Fv2%2Fcategories&post=157240"},{"taxonomy":"post_tag","embeddable":true,"href":"https:\/\/lospoliticosveracruz.com\/index.php?rest_route=%2Fwp%2Fv2%2Ftags&post=157240"}],"curies":[{"name":"wp","href":"https:\/\/api.w.org\/{rel}","templated":true}]}}