{"id":157301,"date":"2025-11-26T19:34:15","date_gmt":"2025-11-27T01:34:15","guid":{"rendered":"https:\/\/lospoliticosveracruz.com.mx\/?p=157301"},"modified":"2025-11-26T19:34:30","modified_gmt":"2025-11-27T01:34:30","slug":"indice-global-de-crimen-organizado-2025","status":"publish","type":"post","link":"https:\/\/lospoliticosveracruz.com\/?p=157301","title":{"rendered":"\u00cdNDICE GLOBAL DE CRIMEN ORGANIZADO 2025"},"content":{"rendered":"\n<p>S\u00edguenos ahora tambi\u00e9n en WhatsApp.\u00a0\u00a1<a href=\"https:\/\/whatsapp.com\/channel\/0029Va8zRWlEKyZIP3Z1dF0e\"><strong>Da clic aqu\u00ed<\/strong><\/a><strong>!<\/strong><\/p>\n\n\n\n<p><strong>Carlos Miguel Acosta Bravo*<br><\/strong><em>Impronta<\/em><\/p>\n\n\n\n<p>M\u00e9xico se convirti\u00f3 en el pa\u00eds con mayor actividad en mercados criminales a nivel mundial, de acuerdo con la tercera edici\u00f3n del \u00cdndice Mundial de Delincuencia Organizada 2025, el cual es elaborado por la Iniciativa Global contra la Delincuencia Organizada Transnacional (GI-TOC en ingl\u00e9s). El informe posiciona al pa\u00eds en el primer lugar en mercados il\u00edcitos con una puntuaci\u00f3n de 8.27, y en el tercer lugar global en criminalidad total \u2015con 7.8 puntos\u2015solo detr\u00e1s de Myanmar y Colombia.<\/p>\n\n\n\n\n\n<p><br>Los resultados del \u00cdndice Global de Crimen Organizado 2025 han afectado negativamente la imagen y credibilidad de la presidenta Claudia Sheinbaum y de Morena, al ubicar a M\u00e9xico en el tercer lugar global en criminalidad, solo detr\u00e1s de Myanmar y Colombia. El informe destaca la creciente sofisticaci\u00f3n e internacionalizaci\u00f3n de las redes criminales, con persistentes problemas de corrupci\u00f3n, impunidad y debilidad del sistema judicial, a pesar de algunos avances en transparencia y cooperaci\u00f3n internacional. Esto evidencia que, bajo la administraci\u00f3n de Sheinbaum, la problem\u00e1tica del crimen organizado sigue siendo un desaf\u00edo may\u00fasculo sin soluciones contundentes visibles, afectando la percepci\u00f3n de gobernabilidad y seguridad.\u200b\u200b<br>En el caso del Instituto Internacional para la Democracia y Asistencia Electoral (IDEA), la evaluaci\u00f3n de los procesos electorales recientes en M\u00e9xico indica que, aunque hubo avances en organizaci\u00f3n y cooperaci\u00f3n t\u00e9cnica, la violencia pol\u00edtica electoral alcanz\u00f3 niveles in\u00e9ditos, con m\u00e1s de 500 incidentes violentos contra actores pol\u00edticos y si hubo dudas sobre las elecciones de 2024, el panorama luce sombr\u00edo para 2027 y m\u00e1s con la idea de juntar las elecciones federales con las estatales y sumar tambi\u00e9n la revocaci\u00f3n de mandato y desaparecer la representaci\u00f3n proporcional.<br>Esto refleja tensiones pol\u00edticas agravadas y un entorno poco favorable para la participaci\u00f3n ciudadana libre y segura, lo que genera cuestionamientos sobre la capacidad del gobierno para garantizar condiciones democr\u00e1ticas \u00f3ptimas. La alianza con el INE busca mitigar estos retos, pero el impacto sobre la confianza en el sistema democr\u00e1tico y en Morena como fuerza pol\u00edtica encargada persiste.\u200b\u200b El magistrado presidente del Tribunal electoral Humberto Bat\u00edz ya se pronunci\u00f3 en el sentido de no conjuntar en un solo proceso las elecciones federales con la renovaci\u00f3n de poderes estatales y la revocaci\u00f3n de mandato.<br>En suma, estos indicadores internacionales revelan importantes retos para Claudia Sheinbaum y Morena en seguridad y democracia, que afectan su legitimidad y ponen en evidencia la necesidad de estrategias m\u00e1s efectivas para combatir el crimen y fortalecer las instituciones pol\u00edticas en M\u00e9xico<br>El impacto pol\u00edtico inmediato para la presidenta Claudia Sheinbaum tras la publicaci\u00f3n del \u00cdndice Global de Crimen Organizado (GI-TOC) 2025 ha sido negativo, pues el informe refuerza cr\u00edticas sobre su capacidad para enfrentar la inseguridad y el crimen organizado en M\u00e9xico, tema prioritario para el electorado y un punto d\u00e9bil constante en su administraci\u00f3n. Esto ha incrementado presiones pol\u00edticas internas y externas, alimentando cuestionamientos de oposici\u00f3n y sectores ciudadanos sobre la efectividad de sus estrategias en materia de seguridad.<br>La percepci\u00f3n de fracaso en reducir la criminalidad afecta la confianza de la ciudadan\u00eda y podr\u00eda erosionar el apoyo a Sheinbaum dentro de Morena, generando tensiones en la consolidaci\u00f3n de su liderazgo pol\u00edtico y en las aspiraciones electorales futuras, especialmente ante partidos opositores que buscan capitalizar la inseguridad como tema central. Adem\u00e1s, obliga al gabinete a reajustar o intensificar acciones de seguridad para frenar la p\u00e9rdida de legitimidad.<br>El \u00edndice GI-TOC 2025 ha impactado pol\u00edticamente a Sheinbaum al aumentar la presi\u00f3n por resultados concretos en seguridad, debilitar su imagen de gobernabilidad y abrir brechas para cr\u00edticas y desaf\u00edos electorales en corto plazo, a\u00fan y cuando se presenten resultados que son cuestionables para la sociedad mexicana teniendo como referencia la experiencia propia.<br>Comente u opine a:<br>cacostabravo@yahoo.com.mx<br>*Maestro en comunicaci\u00f3n por la Universidad Iberoamericana, de la cual form\u00f3 parte del cuerpo acad\u00e9mico de la Licenciatura en comunicaci\u00f3n, as\u00ed como de la Universidad An\u00e1huac, camp\u00fas norte de CDMX.<\/p>\n","protected":false},"excerpt":{"rendered":"<p>Carlos Miguel Acosta Bravo*Impronta M\u00e9xico se convirti\u00f3 en el pa\u00eds con mayor actividad en mercados criminales a nivel mundial, de acuerdo con la tercera edici\u00f3n del \u00cdndice Mundial de Delincuencia Organizada 2025, el cual es elaborado por la Iniciativa Global contra la Delincuencia Organizada Transnacional (GI-TOC en ingl\u00e9s). El informe posiciona al pa\u00eds en el [&hellip;]<\/p>\n","protected":false},"author":2,"featured_media":141377,"comment_status":"closed","ping_status":"closed","sticky":false,"template":"","format":"standard","meta":{"tdm_status":"","tdm_grid_status":"","footnotes":""},"categories":[70],"tags":[],"class_list":{"0":"post-157301","1":"post","2":"type-post","3":"status-publish","4":"format-standard","5":"has-post-thumbnail","7":"category-de-opinion"},"yoast_head":"<!-- This site is optimized with the Yoast SEO plugin v27.4 - https:\/\/yoast.com\/product\/yoast-seo-wordpress\/ -->\n<title>\u00cdNDICE GLOBAL DE CRIMEN ORGANIZADO 2025 - Los pol\u00edticos Veracruz<\/title>\n<meta name=\"robots\" content=\"index, follow, max-snippet:-1, max-image-preview:large, max-video-preview:-1\" \/>\n<link rel=\"canonical\" href=\"https:\/\/lospoliticosveracruz.com\/?p=157301\" \/>\n<meta property=\"og:locale\" content=\"es_ES\" \/>\n<meta property=\"og:type\" content=\"article\" \/>\n<meta property=\"og:title\" content=\"\u00cdNDICE GLOBAL DE CRIMEN ORGANIZADO 2025 - Los pol\u00edticos Veracruz\" \/>\n<meta property=\"og:description\" content=\"Carlos Miguel Acosta Bravo*Impronta M\u00e9xico se convirti\u00f3 en el pa\u00eds con mayor actividad en mercados criminales a nivel mundial, de acuerdo con la tercera edici\u00f3n del \u00cdndice Mundial de Delincuencia Organizada 2025, el cual es elaborado por la Iniciativa Global contra la Delincuencia Organizada Transnacional (GI-TOC en ingl\u00e9s). El informe posiciona al pa\u00eds en el [&hellip;]\" \/>\n<meta property=\"og:url\" content=\"https:\/\/lospoliticosveracruz.com\/?p=157301\" \/>\n<meta property=\"og:site_name\" content=\"Los pol\u00edticos Veracruz\" \/>\n<meta property=\"article:publisher\" content=\"https:\/\/www.facebook.com\/people\/Notimemes-de-los-Polticos\/61565672886568\/\" \/>\n<meta property=\"article:published_time\" content=\"2025-11-27T01:34:15+00:00\" \/>\n<meta property=\"article:modified_time\" content=\"2025-11-27T01:34:30+00:00\" \/>\n<meta property=\"og:image\" content=\"https:\/\/lospoliticosveracruz.com\/wp-content\/uploads\/2025\/04\/Carlos-Miguel-Acosta-Bravo.jpg\" \/>\n\t<meta property=\"og:image:width\" content=\"1250\" \/>\n\t<meta property=\"og:image:height\" content=\"667\" \/>\n\t<meta property=\"og:image:type\" content=\"image\/jpeg\" \/>\n<meta name=\"author\" content=\"Lo viste en Los Pol\u00edticos\" \/>\n<meta name=\"twitter:card\" content=\"summary_large_image\" \/>\n<meta name=\"twitter:creator\" content=\"@LosPoliticosVer\" \/>\n<meta name=\"twitter:site\" content=\"@LosPoliticosVer\" \/>\n<meta name=\"twitter:label1\" content=\"Escrito por\" \/>\n\t<meta name=\"twitter:data1\" content=\"Lo viste en Los Pol\u00edticos\" \/>\n\t<meta name=\"twitter:label2\" content=\"Tiempo de lectura\" \/>\n\t<meta name=\"twitter:data2\" content=\"4 minutos\" \/>\n<script type=\"application\/ld+json\" class=\"yoast-schema-graph\">{\"@context\":\"https:\\\/\\\/schema.org\",\"@graph\":[{\"@type\":\"Article\",\"@id\":\"https:\\\/\\\/lospoliticosveracruz.com\\\/?p=157301#article\",\"isPartOf\":{\"@id\":\"https:\\\/\\\/lospoliticosveracruz.com\\\/?p=157301\"},\"author\":{\"name\":\"Lo viste en Los Pol\u00edticos\",\"@id\":\"https:\\\/\\\/lospoliticosveracruz.com\\\/#\\\/schema\\\/person\\\/b8702bb0e538456e6efd07080bf2a4a2\"},\"headline\":\"\u00cdNDICE GLOBAL DE CRIMEN ORGANIZADO 2025\",\"datePublished\":\"2025-11-27T01:34:15+00:00\",\"dateModified\":\"2025-11-27T01:34:30+00:00\",\"mainEntityOfPage\":{\"@id\":\"https:\\\/\\\/lospoliticosveracruz.com\\\/?p=157301\"},\"wordCount\":712,\"publisher\":{\"@id\":\"https:\\\/\\\/lospoliticosveracruz.com\\\/#organization\"},\"image\":{\"@id\":\"https:\\\/\\\/lospoliticosveracruz.com\\\/?p=157301#primaryimage\"},\"thumbnailUrl\":\"https:\\\/\\\/lospoliticosveracruz.com\\\/wp-content\\\/uploads\\\/2025\\\/04\\\/Carlos-Miguel-Acosta-Bravo.jpg\",\"articleSection\":[\"De Opini\u00f3n\"],\"inLanguage\":\"es\"},{\"@type\":\"WebPage\",\"@id\":\"https:\\\/\\\/lospoliticosveracruz.com\\\/?p=157301\",\"url\":\"https:\\\/\\\/lospoliticosveracruz.com\\\/?p=157301\",\"name\":\"\u00cdNDICE GLOBAL DE CRIMEN ORGANIZADO 2025 - Los pol\u00edticos Veracruz\",\"isPartOf\":{\"@id\":\"https:\\\/\\\/lospoliticosveracruz.com\\\/#website\"},\"primaryImageOfPage\":{\"@id\":\"https:\\\/\\\/lospoliticosveracruz.com\\\/?p=157301#primaryimage\"},\"image\":{\"@id\":\"https:\\\/\\\/lospoliticosveracruz.com\\\/?p=157301#primaryimage\"},\"thumbnailUrl\":\"https:\\\/\\\/lospoliticosveracruz.com\\\/wp-content\\\/uploads\\\/2025\\\/04\\\/Carlos-Miguel-Acosta-Bravo.jpg\",\"datePublished\":\"2025-11-27T01:34:15+00:00\",\"dateModified\":\"2025-11-27T01:34:30+00:00\",\"breadcrumb\":{\"@id\":\"https:\\\/\\\/lospoliticosveracruz.com\\\/?p=157301#breadcrumb\"},\"inLanguage\":\"es\",\"potentialAction\":[{\"@type\":\"ReadAction\",\"target\":[\"https:\\\/\\\/lospoliticosveracruz.com\\\/?p=157301\"]}]},{\"@type\":\"ImageObject\",\"inLanguage\":\"es\",\"@id\":\"https:\\\/\\\/lospoliticosveracruz.com\\\/?p=157301#primaryimage\",\"url\":\"https:\\\/\\\/lospoliticosveracruz.com\\\/wp-content\\\/uploads\\\/2025\\\/04\\\/Carlos-Miguel-Acosta-Bravo.jpg\",\"contentUrl\":\"https:\\\/\\\/lospoliticosveracruz.com\\\/wp-content\\\/uploads\\\/2025\\\/04\\\/Carlos-Miguel-Acosta-Bravo.jpg\",\"width\":1250,\"height\":667},{\"@type\":\"BreadcrumbList\",\"@id\":\"https:\\\/\\\/lospoliticosveracruz.com\\\/?p=157301#breadcrumb\",\"itemListElement\":[{\"@type\":\"ListItem\",\"position\":1,\"name\":\"Portada\",\"item\":\"https:\\\/\\\/lospoliticosveracruz.com\\\/\"},{\"@type\":\"ListItem\",\"position\":2,\"name\":\"\u00cdNDICE GLOBAL DE CRIMEN ORGANIZADO 2025\"}]},{\"@type\":\"WebSite\",\"@id\":\"https:\\\/\\\/lospoliticosveracruz.com\\\/#website\",\"url\":\"https:\\\/\\\/lospoliticosveracruz.com\\\/\",\"name\":\"Los pol\u00edticos Veracruz\",\"description\":\"\",\"publisher\":{\"@id\":\"https:\\\/\\\/lospoliticosveracruz.com\\\/#organization\"},\"potentialAction\":[{\"@type\":\"SearchAction\",\"target\":{\"@type\":\"EntryPoint\",\"urlTemplate\":\"https:\\\/\\\/lospoliticosveracruz.com\\\/?s={search_term_string}\"},\"query-input\":{\"@type\":\"PropertyValueSpecification\",\"valueRequired\":true,\"valueName\":\"search_term_string\"}}],\"inLanguage\":\"es\"},{\"@type\":\"Organization\",\"@id\":\"https:\\\/\\\/lospoliticosveracruz.com\\\/#organization\",\"name\":\"Los pol\u00edticos Veracruz\",\"url\":\"https:\\\/\\\/lospoliticosveracruz.com\\\/\",\"logo\":{\"@type\":\"ImageObject\",\"inLanguage\":\"es\",\"@id\":\"https:\\\/\\\/lospoliticosveracruz.com\\\/#\\\/schema\\\/logo\\\/image\\\/\",\"url\":\"https:\\\/\\\/lospoliticosveracruz.com\\\/wp-content\\\/uploads\\\/2025\\\/12\\\/Logo-Nuevo-LOS-POLITICOS-1.jpg\",\"contentUrl\":\"https:\\\/\\\/lospoliticosveracruz.com\\\/wp-content\\\/uploads\\\/2025\\\/12\\\/Logo-Nuevo-LOS-POLITICOS-1.jpg\",\"width\":260,\"height\":70,\"caption\":\"Los pol\u00edticos Veracruz\"},\"image\":{\"@id\":\"https:\\\/\\\/lospoliticosveracruz.com\\\/#\\\/schema\\\/logo\\\/image\\\/\"},\"sameAs\":[\"https:\\\/\\\/www.facebook.com\\\/people\\\/Notimemes-de-los-Polticos\\\/61565672886568\\\/\",\"https:\\\/\\\/x.com\\\/LosPoliticosVer\"]},{\"@type\":\"Person\",\"@id\":\"https:\\\/\\\/lospoliticosveracruz.com\\\/#\\\/schema\\\/person\\\/b8702bb0e538456e6efd07080bf2a4a2\",\"name\":\"Lo viste en Los Pol\u00edticos\",\"image\":{\"@type\":\"ImageObject\",\"inLanguage\":\"es\",\"@id\":\"https:\\\/\\\/secure.gravatar.com\\\/avatar\\\/3a8de04a2656d44082be478bd6c086daa447c4651605818287b9532d3d0bd435?s=96&d=mm&r=g\",\"url\":\"https:\\\/\\\/secure.gravatar.com\\\/avatar\\\/3a8de04a2656d44082be478bd6c086daa447c4651605818287b9532d3d0bd435?s=96&d=mm&r=g\",\"contentUrl\":\"https:\\\/\\\/secure.gravatar.com\\\/avatar\\\/3a8de04a2656d44082be478bd6c086daa447c4651605818287b9532d3d0bd435?s=96&d=mm&r=g\",\"caption\":\"Lo viste en Los Pol\u00edticos\"},\"url\":\"https:\\\/\\\/lospoliticosveracruz.com\\\/?author=2\"}]}<\/script>\n<!-- \/ Yoast SEO plugin. -->","yoast_head_json":{"title":"\u00cdNDICE GLOBAL DE CRIMEN ORGANIZADO 2025 - Los pol\u00edticos Veracruz","robots":{"index":"index","follow":"follow","max-snippet":"max-snippet:-1","max-image-preview":"max-image-preview:large","max-video-preview":"max-video-preview:-1"},"canonical":"https:\/\/lospoliticosveracruz.com\/?p=157301","og_locale":"es_ES","og_type":"article","og_title":"\u00cdNDICE GLOBAL DE CRIMEN ORGANIZADO 2025 - Los pol\u00edticos Veracruz","og_description":"Carlos Miguel Acosta Bravo*Impronta M\u00e9xico se convirti\u00f3 en el pa\u00eds con mayor actividad en mercados criminales a nivel mundial, de acuerdo con la tercera edici\u00f3n del \u00cdndice Mundial de Delincuencia Organizada 2025, el cual es elaborado por la Iniciativa Global contra la Delincuencia Organizada Transnacional (GI-TOC en ingl\u00e9s). El informe posiciona al pa\u00eds en el [&hellip;]","og_url":"https:\/\/lospoliticosveracruz.com\/?p=157301","og_site_name":"Los pol\u00edticos Veracruz","article_publisher":"https:\/\/www.facebook.com\/people\/Notimemes-de-los-Polticos\/61565672886568\/","article_published_time":"2025-11-27T01:34:15+00:00","article_modified_time":"2025-11-27T01:34:30+00:00","og_image":[{"width":1250,"height":667,"url":"https:\/\/lospoliticosveracruz.com\/wp-content\/uploads\/2025\/04\/Carlos-Miguel-Acosta-Bravo.jpg","type":"image\/jpeg"}],"author":"Lo viste en Los Pol\u00edticos","twitter_card":"summary_large_image","twitter_creator":"@LosPoliticosVer","twitter_site":"@LosPoliticosVer","twitter_misc":{"Escrito por":"Lo viste en Los Pol\u00edticos","Tiempo de lectura":"4 minutos"},"schema":{"@context":"https:\/\/schema.org","@graph":[{"@type":"Article","@id":"https:\/\/lospoliticosveracruz.com\/?p=157301#article","isPartOf":{"@id":"https:\/\/lospoliticosveracruz.com\/?p=157301"},"author":{"name":"Lo viste en Los Pol\u00edticos","@id":"https:\/\/lospoliticosveracruz.com\/#\/schema\/person\/b8702bb0e538456e6efd07080bf2a4a2"},"headline":"\u00cdNDICE GLOBAL DE CRIMEN ORGANIZADO 2025","datePublished":"2025-11-27T01:34:15+00:00","dateModified":"2025-11-27T01:34:30+00:00","mainEntityOfPage":{"@id":"https:\/\/lospoliticosveracruz.com\/?p=157301"},"wordCount":712,"publisher":{"@id":"https:\/\/lospoliticosveracruz.com\/#organization"},"image":{"@id":"https:\/\/lospoliticosveracruz.com\/?p=157301#primaryimage"},"thumbnailUrl":"https:\/\/lospoliticosveracruz.com\/wp-content\/uploads\/2025\/04\/Carlos-Miguel-Acosta-Bravo.jpg","articleSection":["De Opini\u00f3n"],"inLanguage":"es"},{"@type":"WebPage","@id":"https:\/\/lospoliticosveracruz.com\/?p=157301","url":"https:\/\/lospoliticosveracruz.com\/?p=157301","name":"\u00cdNDICE GLOBAL DE CRIMEN ORGANIZADO 2025 - Los pol\u00edticos Veracruz","isPartOf":{"@id":"https:\/\/lospoliticosveracruz.com\/#website"},"primaryImageOfPage":{"@id":"https:\/\/lospoliticosveracruz.com\/?p=157301#primaryimage"},"image":{"@id":"https:\/\/lospoliticosveracruz.com\/?p=157301#primaryimage"},"thumbnailUrl":"https:\/\/lospoliticosveracruz.com\/wp-content\/uploads\/2025\/04\/Carlos-Miguel-Acosta-Bravo.jpg","datePublished":"2025-11-27T01:34:15+00:00","dateModified":"2025-11-27T01:34:30+00:00","breadcrumb":{"@id":"https:\/\/lospoliticosveracruz.com\/?p=157301#breadcrumb"},"inLanguage":"es","potentialAction":[{"@type":"ReadAction","target":["https:\/\/lospoliticosveracruz.com\/?p=157301"]}]},{"@type":"ImageObject","inLanguage":"es","@id":"https:\/\/lospoliticosveracruz.com\/?p=157301#primaryimage","url":"https:\/\/lospoliticosveracruz.com\/wp-content\/uploads\/2025\/04\/Carlos-Miguel-Acosta-Bravo.jpg","contentUrl":"https:\/\/lospoliticosveracruz.com\/wp-content\/uploads\/2025\/04\/Carlos-Miguel-Acosta-Bravo.jpg","width":1250,"height":667},{"@type":"BreadcrumbList","@id":"https:\/\/lospoliticosveracruz.com\/?p=157301#breadcrumb","itemListElement":[{"@type":"ListItem","position":1,"name":"Portada","item":"https:\/\/lospoliticosveracruz.com\/"},{"@type":"ListItem","position":2,"name":"\u00cdNDICE GLOBAL DE CRIMEN ORGANIZADO 2025"}]},{"@type":"WebSite","@id":"https:\/\/lospoliticosveracruz.com\/#website","url":"https:\/\/lospoliticosveracruz.com\/","name":"Los pol\u00edticos Veracruz","description":"","publisher":{"@id":"https:\/\/lospoliticosveracruz.com\/#organization"},"potentialAction":[{"@type":"SearchAction","target":{"@type":"EntryPoint","urlTemplate":"https:\/\/lospoliticosveracruz.com\/?s={search_term_string}"},"query-input":{"@type":"PropertyValueSpecification","valueRequired":true,"valueName":"search_term_string"}}],"inLanguage":"es"},{"@type":"Organization","@id":"https:\/\/lospoliticosveracruz.com\/#organization","name":"Los pol\u00edticos Veracruz","url":"https:\/\/lospoliticosveracruz.com\/","logo":{"@type":"ImageObject","inLanguage":"es","@id":"https:\/\/lospoliticosveracruz.com\/#\/schema\/logo\/image\/","url":"https:\/\/lospoliticosveracruz.com\/wp-content\/uploads\/2025\/12\/Logo-Nuevo-LOS-POLITICOS-1.jpg","contentUrl":"https:\/\/lospoliticosveracruz.com\/wp-content\/uploads\/2025\/12\/Logo-Nuevo-LOS-POLITICOS-1.jpg","width":260,"height":70,"caption":"Los pol\u00edticos Veracruz"},"image":{"@id":"https:\/\/lospoliticosveracruz.com\/#\/schema\/logo\/image\/"},"sameAs":["https:\/\/www.facebook.com\/people\/Notimemes-de-los-Polticos\/61565672886568\/","https:\/\/x.com\/LosPoliticosVer"]},{"@type":"Person","@id":"https:\/\/lospoliticosveracruz.com\/#\/schema\/person\/b8702bb0e538456e6efd07080bf2a4a2","name":"Lo viste en Los Pol\u00edticos","image":{"@type":"ImageObject","inLanguage":"es","@id":"https:\/\/secure.gravatar.com\/avatar\/3a8de04a2656d44082be478bd6c086daa447c4651605818287b9532d3d0bd435?s=96&d=mm&r=g","url":"https:\/\/secure.gravatar.com\/avatar\/3a8de04a2656d44082be478bd6c086daa447c4651605818287b9532d3d0bd435?s=96&d=mm&r=g","contentUrl":"https:\/\/secure.gravatar.com\/avatar\/3a8de04a2656d44082be478bd6c086daa447c4651605818287b9532d3d0bd435?s=96&d=mm&r=g","caption":"Lo viste en Los Pol\u00edticos"},"url":"https:\/\/lospoliticosveracruz.com\/?author=2"}]}},"_links":{"self":[{"href":"https:\/\/lospoliticosveracruz.com\/index.php?rest_route=\/wp\/v2\/posts\/157301","targetHints":{"allow":["GET"]}}],"collection":[{"href":"https:\/\/lospoliticosveracruz.com\/index.php?rest_route=\/wp\/v2\/posts"}],"about":[{"href":"https:\/\/lospoliticosveracruz.com\/index.php?rest_route=\/wp\/v2\/types\/post"}],"author":[{"embeddable":true,"href":"https:\/\/lospoliticosveracruz.com\/index.php?rest_route=\/wp\/v2\/users\/2"}],"replies":[{"embeddable":true,"href":"https:\/\/lospoliticosveracruz.com\/index.php?rest_route=%2Fwp%2Fv2%2Fcomments&post=157301"}],"version-history":[{"count":2,"href":"https:\/\/lospoliticosveracruz.com\/index.php?rest_route=\/wp\/v2\/posts\/157301\/revisions"}],"predecessor-version":[{"id":157303,"href":"https:\/\/lospoliticosveracruz.com\/index.php?rest_route=\/wp\/v2\/posts\/157301\/revisions\/157303"}],"wp:featuredmedia":[{"embeddable":true,"href":"https:\/\/lospoliticosveracruz.com\/index.php?rest_route=\/wp\/v2\/media\/141377"}],"wp:attachment":[{"href":"https:\/\/lospoliticosveracruz.com\/index.php?rest_route=%2Fwp%2Fv2%2Fmedia&parent=157301"}],"wp:term":[{"taxonomy":"category","embeddable":true,"href":"https:\/\/lospoliticosveracruz.com\/index.php?rest_route=%2Fwp%2Fv2%2Fcategories&post=157301"},{"taxonomy":"post_tag","embeddable":true,"href":"https:\/\/lospoliticosveracruz.com\/index.php?rest_route=%2Fwp%2Fv2%2Ftags&post=157301"}],"curies":[{"name":"wp","href":"https:\/\/api.w.org\/{rel}","templated":true}]}}