{"id":157413,"date":"2025-11-28T08:35:28","date_gmt":"2025-11-28T14:35:28","guid":{"rendered":"https:\/\/lospoliticosveracruz.com.mx\/?p=157413"},"modified":"2025-11-28T08:35:49","modified_gmt":"2025-11-28T14:35:49","slug":"sheinbaum-y-nahle-la-agenda-de-procuracion-de-justicia","status":"publish","type":"post","link":"https:\/\/lospoliticosveracruz.com\/?p=157413","title":{"rendered":"SHEINBAUM Y NAHLE, LA AGENDA DE PROCURACI\u00d3N DE JUSTICIA"},"content":{"rendered":"\n<p>S\u00edguenos ahora tambi\u00e9n en WhatsApp.\u00a0\u00a1<a href=\"https:\/\/whatsapp.com\/channel\/0029Va8zRWlEKyZIP3Z1dF0e\"><strong>Da clic aqu\u00ed<\/strong><\/a><strong>!<\/strong><\/p>\n\n\n\n<ul class=\"wp-block-list\"><\/ul>\n\n\n\n<p><strong>Miguel Valera<br><\/strong><em>Contrase\u00f1as<br><\/em>En pol\u00edtica muchas veces resulta ocioso intentar jugar al adivino cundo en realidad sabemos lo que va a suceder. Este jueves el secretario de Gobierno Ricardo Ahued Bardahuil fue cuestionado sobre la reforma legislativa para que sea la Gobernadora Roc\u00edo Nahle Garc\u00eda quien designe al Fiscal General del Estado de Veracruz para un periodo de cuatro a\u00f1os.<\/p>\n\n\n\n\n\n<p>El encargado de la pol\u00edtica interna explic\u00f3 al compa\u00f1ero Dar\u00edo \u201cEl Tobi\u201d Pale los pasos a seguir: \u201cFalta que se turne a los 212 municipios para que se someta a Cabildo y tenga validez, se haga publicaci\u00f3n en Gaceta y tenga validez la reforma que acaba de aprobar el Congreso local\u201d, indic\u00f3.<\/p>\n\n\n\n<p>A quienes ya ven fuera de la Fiscal\u00eda a Ver\u00f3nica Hern\u00e1ndez Giad\u00e1ns, les dijo: \u201cYo la veo todos los d\u00edas en la Mesa de seguridad, con un trabajo muy cercano a la gobernadora y en su momento son ellos, no el secretario de Gobierno, que se inmiscuya en un tema que ser\u00e1 muy institucional; que se den los tiempos\u201d, refrend\u00f3.<\/p>\n\n\n\n<p>La reforma a diversas disposiciones de la Constituci\u00f3n Pol\u00edtica de Veracruz relativas al procedimiento para la designaci\u00f3n de la persona titular de la Fiscal\u00eda General del Estado (FGE) y la duraci\u00f3n del periodo en el cargo, que pasa de 9 a 4 a\u00f1os, lleva por supuesto una dedicatoria: la salida de Ver\u00f3nica Hern\u00e1ndez Giad\u00e1ns y la instrucci\u00f3n sigue una \u201calineaci\u00f3n\u201d de las directrices del poder a nivel nacional.<\/p>\n\n\n\n<p>As\u00ed lo vimos en el altiplano con la renuncia de Alejandro Gertz Manero a la Fiscal\u00eda General de la Rep\u00fablica. Aunque se especul\u00f3 sobre una \u201cdestituci\u00f3n\u201d, lo que gener\u00f3 el nerviosismo de los propios senadores morenistas, la carta lleg\u00f3 despu\u00e9s de un obligado receso y por all\u00e1 de las 18:00 horas, con 74 votos a favor y 24 en contra se acept\u00f3 su retiro.<\/p>\n\n\n\n<p>La presidenta Claudia Sheinbaum Pardo ya le hab\u00eda enviado mensajes, sobre todo al referirse a la importancia de tener una \u201cmayor coordinaci\u00f3n\u201d entre la FGR y los estados, para el combate al crimen organizado. Aunque la relaci\u00f3n se hab\u00eda venido desgastando, nos cuentan de la Ciudad de M\u00e9xico que la gota que derram\u00f3 el vaso fue quiz\u00e1 el reporte difundido por la Fiscal\u00eda de una investigaci\u00f3n por tr\u00e1fico de drogas y armas en contra de Ra\u00fal Rocha, copropietario de Miss universo, luego del pol\u00e9mico triunfo de la cuatrote\u00edstaF\u00e1tima Bosch.<\/p>\n\n\n\n<p>Al final son especulaciones. Lo cierto es que la presidenta Claudia Sheinbaum Pardo tom\u00f3 una decisi\u00f3n y sigui\u00f3 el manual de procedimientos para darle una salida digna a Alejandro Gertz Manero. No dudamos que el retraso de la carta de renuncia fue parte de la resistencia del viejo lobo de mar en la pol\u00edtica mexicana.<\/p>\n\n\n\n<p>En Veracruz, en el cierre de su primer a\u00f1o de gobierno, Roc\u00edo Nahle Garc\u00eda est\u00e1 haciendo lo propio, barriendo los \u00faltimos reductos de los gobernantes del pasado inmediato. Visionaria como es, considero que la mandataria veracruzana le dar\u00e1 una salida digna a Ver\u00f3nica Hern\u00e1ndez Giad\u00e1ns, regres\u00e1ndola quiz\u00e1 a la titularidad de la Notar\u00eda 5 con sede en Santiago Tuxtla, que ten\u00eda su padre Diego Dositeo Hern\u00e1ndez, fallecido el pasado domingo 09 de noviembre, a los 89 a\u00f1os.De no tomar la titularidad, por ley, le tendr\u00edan que retirar ese espacio de fe p\u00fablica.<\/p>\n\n\n\n<p>La reforma enviada por la gobernadora Roc\u00edo Nahle Garc\u00eda al Congreso a trav\u00e9s del diputado Diego Casta\u00f1eda Aburto y respaldada despu\u00e9s por los legisladores Ram\u00f3n D\u00edaz \u00c1vila y El\u00edzabeth Morales Garc\u00eda busca \u201cfortalecer la inserci\u00f3n de la FGE en la arquitectura del poder p\u00fablico para optimizar su funcionamiento, garantizando su eficacia y asegurando su rendici\u00f3n de cuentas\u201d.<\/p>\n\n\n\n<p>\u201cSe transitar\u00eda de un modelo de designaci\u00f3n que, en la pr\u00e1ctica, ha demostrado ser susceptible de generar par\u00e1lisis institucional y vac\u00edos de responsabilidad, hacia una nueva visi\u00f3n que privilegiar\u00e1 la colaboraci\u00f3n arm\u00f3nica entre los poderes, la celeridad en las decisiones cr\u00edticas y una clara e inequ\u00edvoca l\u00ednea de responsabilidad pol\u00edtica\u201d, as\u00ed lo indic\u00f3 el Congreso del Estado.<\/p>\n\n\n\n<p>El proyecto considera necesario establecer la obligatoriedad de que la propuesta para ocupar la titularidad del organismo aut\u00f3nomo sea sometida a la aprobaci\u00f3n de las dos terceras partes de las diputadas y los diputados presentes el d\u00eda de la elecci\u00f3n.<\/p>\n\n\n\n<p>De esta manera, se establecer\u00eda en la Constituci\u00f3n que la o el titular de la FGE dure en el cargo cuatro a\u00f1os, pudiendo ser ratificado o ratificada por la o el titular del Poder Ejecutivo para un segundo y \u00faltimo periodo de igual duraci\u00f3n, haci\u00e9ndolo del conocimiento del Congreso para la protesta de ley.<\/p>\n\n\n\n<p>El nombramiento de Fiscal General se realizar\u00e1 a propuesta de la persona titular del Poder Ejecutivo y sometido a la consideraci\u00f3n del Congreso del Estado, el cual deber\u00e1 resolver dentro del improrrogable t\u00e9rmino de cinco d\u00edas h\u00e1biles.<\/p>\n\n\n\n<p>De esta manera, la gobernadora Roc\u00edo Nahle Garc\u00eda tomar\u00eda el control total de esta dependencia, para atender la ingente necesidad de procuraci\u00f3n de justicia en la entidad veracruzana, un reclamo creciente en nuestra sociedad.<\/p>\n\n\n\n<p>El hecho de que Veracruz siga la agenda nacional habla de una coincidencia entre mandatarias: Claudia Sheinbaum Pardo y Roc\u00edo Nahle Garc\u00eda van en el mismo proyecto, reforzar la agenda de procuraci\u00f3n de justicia y consolidar el combate a la impunidad, una llaga que a\u00fan sigue causando dolor a mexicanos y veracruzanos.<\/p>\n\n\n\n<p>@MValeraH<\/p>\n","protected":false},"excerpt":{"rendered":"<p>Miguel ValeraContrase\u00f1asEn pol\u00edtica muchas veces resulta ocioso intentar jugar al adivino cundo en realidad sabemos lo que va a suceder. Este jueves el secretario de Gobierno Ricardo Ahued Bardahuil fue cuestionado sobre la reforma legislativa para que sea la Gobernadora Roc\u00edo Nahle Garc\u00eda quien designe al Fiscal General del Estado de Veracruz para un periodo [&hellip;]<\/p>\n","protected":false},"author":2,"featured_media":141429,"comment_status":"closed","ping_status":"closed","sticky":false,"template":"","format":"standard","meta":{"tdm_status":"","tdm_grid_status":"","footnotes":""},"categories":[70],"tags":[9776],"class_list":{"0":"post-157413","1":"post","2":"type-post","3":"status-publish","4":"format-standard","5":"has-post-thumbnail","7":"category-de-opinion","8":"tag-miguel-valera"},"yoast_head":"<!-- This site is optimized with the Yoast SEO plugin v27.4 - https:\/\/yoast.com\/product\/yoast-seo-wordpress\/ -->\n<title>SHEINBAUM Y NAHLE, LA AGENDA DE PROCURACI\u00d3N DE JUSTICIA - Los pol\u00edticos Veracruz<\/title>\n<meta name=\"robots\" content=\"index, follow, max-snippet:-1, max-image-preview:large, max-video-preview:-1\" \/>\n<link rel=\"canonical\" href=\"https:\/\/lospoliticosveracruz.com\/?p=157413\" \/>\n<meta property=\"og:locale\" content=\"es_ES\" \/>\n<meta property=\"og:type\" content=\"article\" \/>\n<meta property=\"og:title\" content=\"SHEINBAUM Y NAHLE, LA AGENDA DE PROCURACI\u00d3N DE JUSTICIA - Los pol\u00edticos Veracruz\" \/>\n<meta property=\"og:description\" content=\"Miguel ValeraContrase\u00f1asEn pol\u00edtica muchas veces resulta ocioso intentar jugar al adivino cundo en realidad sabemos lo que va a suceder. Este jueves el secretario de Gobierno Ricardo Ahued Bardahuil fue cuestionado sobre la reforma legislativa para que sea la Gobernadora Roc\u00edo Nahle Garc\u00eda quien designe al Fiscal General del Estado de Veracruz para un periodo [&hellip;]\" \/>\n<meta property=\"og:url\" content=\"https:\/\/lospoliticosveracruz.com\/?p=157413\" \/>\n<meta property=\"og:site_name\" content=\"Los pol\u00edticos Veracruz\" \/>\n<meta property=\"article:publisher\" content=\"https:\/\/www.facebook.com\/people\/Notimemes-de-los-Polticos\/61565672886568\/\" \/>\n<meta property=\"article:published_time\" content=\"2025-11-28T14:35:28+00:00\" \/>\n<meta property=\"article:modified_time\" content=\"2025-11-28T14:35:49+00:00\" \/>\n<meta property=\"og:image\" content=\"https:\/\/lospoliticosveracruz.com\/wp-content\/uploads\/2025\/04\/Miguel-Valera.jpg\" \/>\n\t<meta property=\"og:image:width\" content=\"1250\" \/>\n\t<meta property=\"og:image:height\" content=\"667\" \/>\n\t<meta property=\"og:image:type\" content=\"image\/jpeg\" \/>\n<meta name=\"author\" content=\"Lo viste en Los Pol\u00edticos\" \/>\n<meta name=\"twitter:card\" content=\"summary_large_image\" \/>\n<meta name=\"twitter:creator\" content=\"@LosPoliticosVer\" \/>\n<meta name=\"twitter:site\" content=\"@LosPoliticosVer\" \/>\n<meta name=\"twitter:label1\" content=\"Escrito por\" \/>\n\t<meta name=\"twitter:data1\" content=\"Lo viste en Los Pol\u00edticos\" \/>\n\t<meta name=\"twitter:label2\" content=\"Tiempo de lectura\" \/>\n\t<meta name=\"twitter:data2\" content=\"5 minutos\" \/>\n<script type=\"application\/ld+json\" class=\"yoast-schema-graph\">{\"@context\":\"https:\\\/\\\/schema.org\",\"@graph\":[{\"@type\":\"Article\",\"@id\":\"https:\\\/\\\/lospoliticosveracruz.com\\\/?p=157413#article\",\"isPartOf\":{\"@id\":\"https:\\\/\\\/lospoliticosveracruz.com\\\/?p=157413\"},\"author\":{\"name\":\"Lo viste en Los Pol\u00edticos\",\"@id\":\"https:\\\/\\\/lospoliticosveracruz.com\\\/#\\\/schema\\\/person\\\/b8702bb0e538456e6efd07080bf2a4a2\"},\"headline\":\"SHEINBAUM Y NAHLE, LA AGENDA DE PROCURACI\u00d3N DE JUSTICIA\",\"datePublished\":\"2025-11-28T14:35:28+00:00\",\"dateModified\":\"2025-11-28T14:35:49+00:00\",\"mainEntityOfPage\":{\"@id\":\"https:\\\/\\\/lospoliticosveracruz.com\\\/?p=157413\"},\"wordCount\":975,\"publisher\":{\"@id\":\"https:\\\/\\\/lospoliticosveracruz.com\\\/#organization\"},\"image\":{\"@id\":\"https:\\\/\\\/lospoliticosveracruz.com\\\/?p=157413#primaryimage\"},\"thumbnailUrl\":\"https:\\\/\\\/lospoliticosveracruz.com\\\/wp-content\\\/uploads\\\/2025\\\/04\\\/Miguel-Valera.jpg\",\"keywords\":[\"Miguel Valera\"],\"articleSection\":[\"De Opini\u00f3n\"],\"inLanguage\":\"es\"},{\"@type\":\"WebPage\",\"@id\":\"https:\\\/\\\/lospoliticosveracruz.com\\\/?p=157413\",\"url\":\"https:\\\/\\\/lospoliticosveracruz.com\\\/?p=157413\",\"name\":\"SHEINBAUM Y NAHLE, LA AGENDA DE PROCURACI\u00d3N DE JUSTICIA - Los pol\u00edticos Veracruz\",\"isPartOf\":{\"@id\":\"https:\\\/\\\/lospoliticosveracruz.com\\\/#website\"},\"primaryImageOfPage\":{\"@id\":\"https:\\\/\\\/lospoliticosveracruz.com\\\/?p=157413#primaryimage\"},\"image\":{\"@id\":\"https:\\\/\\\/lospoliticosveracruz.com\\\/?p=157413#primaryimage\"},\"thumbnailUrl\":\"https:\\\/\\\/lospoliticosveracruz.com\\\/wp-content\\\/uploads\\\/2025\\\/04\\\/Miguel-Valera.jpg\",\"datePublished\":\"2025-11-28T14:35:28+00:00\",\"dateModified\":\"2025-11-28T14:35:49+00:00\",\"breadcrumb\":{\"@id\":\"https:\\\/\\\/lospoliticosveracruz.com\\\/?p=157413#breadcrumb\"},\"inLanguage\":\"es\",\"potentialAction\":[{\"@type\":\"ReadAction\",\"target\":[\"https:\\\/\\\/lospoliticosveracruz.com\\\/?p=157413\"]}]},{\"@type\":\"ImageObject\",\"inLanguage\":\"es\",\"@id\":\"https:\\\/\\\/lospoliticosveracruz.com\\\/?p=157413#primaryimage\",\"url\":\"https:\\\/\\\/lospoliticosveracruz.com\\\/wp-content\\\/uploads\\\/2025\\\/04\\\/Miguel-Valera.jpg\",\"contentUrl\":\"https:\\\/\\\/lospoliticosveracruz.com\\\/wp-content\\\/uploads\\\/2025\\\/04\\\/Miguel-Valera.jpg\",\"width\":1250,\"height\":667},{\"@type\":\"BreadcrumbList\",\"@id\":\"https:\\\/\\\/lospoliticosveracruz.com\\\/?p=157413#breadcrumb\",\"itemListElement\":[{\"@type\":\"ListItem\",\"position\":1,\"name\":\"Portada\",\"item\":\"https:\\\/\\\/lospoliticosveracruz.com\\\/\"},{\"@type\":\"ListItem\",\"position\":2,\"name\":\"SHEINBAUM Y NAHLE, LA AGENDA DE PROCURACI\u00d3N DE JUSTICIA\"}]},{\"@type\":\"WebSite\",\"@id\":\"https:\\\/\\\/lospoliticosveracruz.com\\\/#website\",\"url\":\"https:\\\/\\\/lospoliticosveracruz.com\\\/\",\"name\":\"Los pol\u00edticos Veracruz\",\"description\":\"\",\"publisher\":{\"@id\":\"https:\\\/\\\/lospoliticosveracruz.com\\\/#organization\"},\"potentialAction\":[{\"@type\":\"SearchAction\",\"target\":{\"@type\":\"EntryPoint\",\"urlTemplate\":\"https:\\\/\\\/lospoliticosveracruz.com\\\/?s={search_term_string}\"},\"query-input\":{\"@type\":\"PropertyValueSpecification\",\"valueRequired\":true,\"valueName\":\"search_term_string\"}}],\"inLanguage\":\"es\"},{\"@type\":\"Organization\",\"@id\":\"https:\\\/\\\/lospoliticosveracruz.com\\\/#organization\",\"name\":\"Los pol\u00edticos Veracruz\",\"url\":\"https:\\\/\\\/lospoliticosveracruz.com\\\/\",\"logo\":{\"@type\":\"ImageObject\",\"inLanguage\":\"es\",\"@id\":\"https:\\\/\\\/lospoliticosveracruz.com\\\/#\\\/schema\\\/logo\\\/image\\\/\",\"url\":\"https:\\\/\\\/lospoliticosveracruz.com\\\/wp-content\\\/uploads\\\/2025\\\/12\\\/Logo-Nuevo-LOS-POLITICOS-1.jpg\",\"contentUrl\":\"https:\\\/\\\/lospoliticosveracruz.com\\\/wp-content\\\/uploads\\\/2025\\\/12\\\/Logo-Nuevo-LOS-POLITICOS-1.jpg\",\"width\":260,\"height\":70,\"caption\":\"Los pol\u00edticos Veracruz\"},\"image\":{\"@id\":\"https:\\\/\\\/lospoliticosveracruz.com\\\/#\\\/schema\\\/logo\\\/image\\\/\"},\"sameAs\":[\"https:\\\/\\\/www.facebook.com\\\/people\\\/Notimemes-de-los-Polticos\\\/61565672886568\\\/\",\"https:\\\/\\\/x.com\\\/LosPoliticosVer\"]},{\"@type\":\"Person\",\"@id\":\"https:\\\/\\\/lospoliticosveracruz.com\\\/#\\\/schema\\\/person\\\/b8702bb0e538456e6efd07080bf2a4a2\",\"name\":\"Lo viste en Los Pol\u00edticos\",\"image\":{\"@type\":\"ImageObject\",\"inLanguage\":\"es\",\"@id\":\"https:\\\/\\\/secure.gravatar.com\\\/avatar\\\/3a8de04a2656d44082be478bd6c086daa447c4651605818287b9532d3d0bd435?s=96&d=mm&r=g\",\"url\":\"https:\\\/\\\/secure.gravatar.com\\\/avatar\\\/3a8de04a2656d44082be478bd6c086daa447c4651605818287b9532d3d0bd435?s=96&d=mm&r=g\",\"contentUrl\":\"https:\\\/\\\/secure.gravatar.com\\\/avatar\\\/3a8de04a2656d44082be478bd6c086daa447c4651605818287b9532d3d0bd435?s=96&d=mm&r=g\",\"caption\":\"Lo viste en Los Pol\u00edticos\"},\"url\":\"https:\\\/\\\/lospoliticosveracruz.com\\\/?author=2\"}]}<\/script>\n<!-- \/ Yoast SEO plugin. -->","yoast_head_json":{"title":"SHEINBAUM Y NAHLE, LA AGENDA DE PROCURACI\u00d3N DE JUSTICIA - Los pol\u00edticos Veracruz","robots":{"index":"index","follow":"follow","max-snippet":"max-snippet:-1","max-image-preview":"max-image-preview:large","max-video-preview":"max-video-preview:-1"},"canonical":"https:\/\/lospoliticosveracruz.com\/?p=157413","og_locale":"es_ES","og_type":"article","og_title":"SHEINBAUM Y NAHLE, LA AGENDA DE PROCURACI\u00d3N DE JUSTICIA - Los pol\u00edticos Veracruz","og_description":"Miguel ValeraContrase\u00f1asEn pol\u00edtica muchas veces resulta ocioso intentar jugar al adivino cundo en realidad sabemos lo que va a suceder. Este jueves el secretario de Gobierno Ricardo Ahued Bardahuil fue cuestionado sobre la reforma legislativa para que sea la Gobernadora Roc\u00edo Nahle Garc\u00eda quien designe al Fiscal General del Estado de Veracruz para un periodo [&hellip;]","og_url":"https:\/\/lospoliticosveracruz.com\/?p=157413","og_site_name":"Los pol\u00edticos Veracruz","article_publisher":"https:\/\/www.facebook.com\/people\/Notimemes-de-los-Polticos\/61565672886568\/","article_published_time":"2025-11-28T14:35:28+00:00","article_modified_time":"2025-11-28T14:35:49+00:00","og_image":[{"width":1250,"height":667,"url":"https:\/\/lospoliticosveracruz.com\/wp-content\/uploads\/2025\/04\/Miguel-Valera.jpg","type":"image\/jpeg"}],"author":"Lo viste en Los Pol\u00edticos","twitter_card":"summary_large_image","twitter_creator":"@LosPoliticosVer","twitter_site":"@LosPoliticosVer","twitter_misc":{"Escrito por":"Lo viste en Los Pol\u00edticos","Tiempo de lectura":"5 minutos"},"schema":{"@context":"https:\/\/schema.org","@graph":[{"@type":"Article","@id":"https:\/\/lospoliticosveracruz.com\/?p=157413#article","isPartOf":{"@id":"https:\/\/lospoliticosveracruz.com\/?p=157413"},"author":{"name":"Lo viste en Los Pol\u00edticos","@id":"https:\/\/lospoliticosveracruz.com\/#\/schema\/person\/b8702bb0e538456e6efd07080bf2a4a2"},"headline":"SHEINBAUM Y NAHLE, LA AGENDA DE PROCURACI\u00d3N DE JUSTICIA","datePublished":"2025-11-28T14:35:28+00:00","dateModified":"2025-11-28T14:35:49+00:00","mainEntityOfPage":{"@id":"https:\/\/lospoliticosveracruz.com\/?p=157413"},"wordCount":975,"publisher":{"@id":"https:\/\/lospoliticosveracruz.com\/#organization"},"image":{"@id":"https:\/\/lospoliticosveracruz.com\/?p=157413#primaryimage"},"thumbnailUrl":"https:\/\/lospoliticosveracruz.com\/wp-content\/uploads\/2025\/04\/Miguel-Valera.jpg","keywords":["Miguel Valera"],"articleSection":["De Opini\u00f3n"],"inLanguage":"es"},{"@type":"WebPage","@id":"https:\/\/lospoliticosveracruz.com\/?p=157413","url":"https:\/\/lospoliticosveracruz.com\/?p=157413","name":"SHEINBAUM Y NAHLE, LA AGENDA DE PROCURACI\u00d3N DE JUSTICIA - Los pol\u00edticos Veracruz","isPartOf":{"@id":"https:\/\/lospoliticosveracruz.com\/#website"},"primaryImageOfPage":{"@id":"https:\/\/lospoliticosveracruz.com\/?p=157413#primaryimage"},"image":{"@id":"https:\/\/lospoliticosveracruz.com\/?p=157413#primaryimage"},"thumbnailUrl":"https:\/\/lospoliticosveracruz.com\/wp-content\/uploads\/2025\/04\/Miguel-Valera.jpg","datePublished":"2025-11-28T14:35:28+00:00","dateModified":"2025-11-28T14:35:49+00:00","breadcrumb":{"@id":"https:\/\/lospoliticosveracruz.com\/?p=157413#breadcrumb"},"inLanguage":"es","potentialAction":[{"@type":"ReadAction","target":["https:\/\/lospoliticosveracruz.com\/?p=157413"]}]},{"@type":"ImageObject","inLanguage":"es","@id":"https:\/\/lospoliticosveracruz.com\/?p=157413#primaryimage","url":"https:\/\/lospoliticosveracruz.com\/wp-content\/uploads\/2025\/04\/Miguel-Valera.jpg","contentUrl":"https:\/\/lospoliticosveracruz.com\/wp-content\/uploads\/2025\/04\/Miguel-Valera.jpg","width":1250,"height":667},{"@type":"BreadcrumbList","@id":"https:\/\/lospoliticosveracruz.com\/?p=157413#breadcrumb","itemListElement":[{"@type":"ListItem","position":1,"name":"Portada","item":"https:\/\/lospoliticosveracruz.com\/"},{"@type":"ListItem","position":2,"name":"SHEINBAUM Y NAHLE, LA AGENDA DE PROCURACI\u00d3N DE JUSTICIA"}]},{"@type":"WebSite","@id":"https:\/\/lospoliticosveracruz.com\/#website","url":"https:\/\/lospoliticosveracruz.com\/","name":"Los pol\u00edticos Veracruz","description":"","publisher":{"@id":"https:\/\/lospoliticosveracruz.com\/#organization"},"potentialAction":[{"@type":"SearchAction","target":{"@type":"EntryPoint","urlTemplate":"https:\/\/lospoliticosveracruz.com\/?s={search_term_string}"},"query-input":{"@type":"PropertyValueSpecification","valueRequired":true,"valueName":"search_term_string"}}],"inLanguage":"es"},{"@type":"Organization","@id":"https:\/\/lospoliticosveracruz.com\/#organization","name":"Los pol\u00edticos Veracruz","url":"https:\/\/lospoliticosveracruz.com\/","logo":{"@type":"ImageObject","inLanguage":"es","@id":"https:\/\/lospoliticosveracruz.com\/#\/schema\/logo\/image\/","url":"https:\/\/lospoliticosveracruz.com\/wp-content\/uploads\/2025\/12\/Logo-Nuevo-LOS-POLITICOS-1.jpg","contentUrl":"https:\/\/lospoliticosveracruz.com\/wp-content\/uploads\/2025\/12\/Logo-Nuevo-LOS-POLITICOS-1.jpg","width":260,"height":70,"caption":"Los pol\u00edticos Veracruz"},"image":{"@id":"https:\/\/lospoliticosveracruz.com\/#\/schema\/logo\/image\/"},"sameAs":["https:\/\/www.facebook.com\/people\/Notimemes-de-los-Polticos\/61565672886568\/","https:\/\/x.com\/LosPoliticosVer"]},{"@type":"Person","@id":"https:\/\/lospoliticosveracruz.com\/#\/schema\/person\/b8702bb0e538456e6efd07080bf2a4a2","name":"Lo viste en Los Pol\u00edticos","image":{"@type":"ImageObject","inLanguage":"es","@id":"https:\/\/secure.gravatar.com\/avatar\/3a8de04a2656d44082be478bd6c086daa447c4651605818287b9532d3d0bd435?s=96&d=mm&r=g","url":"https:\/\/secure.gravatar.com\/avatar\/3a8de04a2656d44082be478bd6c086daa447c4651605818287b9532d3d0bd435?s=96&d=mm&r=g","contentUrl":"https:\/\/secure.gravatar.com\/avatar\/3a8de04a2656d44082be478bd6c086daa447c4651605818287b9532d3d0bd435?s=96&d=mm&r=g","caption":"Lo viste en Los Pol\u00edticos"},"url":"https:\/\/lospoliticosveracruz.com\/?author=2"}]}},"_links":{"self":[{"href":"https:\/\/lospoliticosveracruz.com\/index.php?rest_route=\/wp\/v2\/posts\/157413","targetHints":{"allow":["GET"]}}],"collection":[{"href":"https:\/\/lospoliticosveracruz.com\/index.php?rest_route=\/wp\/v2\/posts"}],"about":[{"href":"https:\/\/lospoliticosveracruz.com\/index.php?rest_route=\/wp\/v2\/types\/post"}],"author":[{"embeddable":true,"href":"https:\/\/lospoliticosveracruz.com\/index.php?rest_route=\/wp\/v2\/users\/2"}],"replies":[{"embeddable":true,"href":"https:\/\/lospoliticosveracruz.com\/index.php?rest_route=%2Fwp%2Fv2%2Fcomments&post=157413"}],"version-history":[{"count":1,"href":"https:\/\/lospoliticosveracruz.com\/index.php?rest_route=\/wp\/v2\/posts\/157413\/revisions"}],"predecessor-version":[{"id":157414,"href":"https:\/\/lospoliticosveracruz.com\/index.php?rest_route=\/wp\/v2\/posts\/157413\/revisions\/157414"}],"wp:featuredmedia":[{"embeddable":true,"href":"https:\/\/lospoliticosveracruz.com\/index.php?rest_route=\/wp\/v2\/media\/141429"}],"wp:attachment":[{"href":"https:\/\/lospoliticosveracruz.com\/index.php?rest_route=%2Fwp%2Fv2%2Fmedia&parent=157413"}],"wp:term":[{"taxonomy":"category","embeddable":true,"href":"https:\/\/lospoliticosveracruz.com\/index.php?rest_route=%2Fwp%2Fv2%2Fcategories&post=157413"},{"taxonomy":"post_tag","embeddable":true,"href":"https:\/\/lospoliticosveracruz.com\/index.php?rest_route=%2Fwp%2Fv2%2Ftags&post=157413"}],"curies":[{"name":"wp","href":"https:\/\/api.w.org\/{rel}","templated":true}]}}