{"id":157474,"date":"2025-11-29T08:49:21","date_gmt":"2025-11-29T14:49:21","guid":{"rendered":"https:\/\/lospoliticosveracruz.com.mx\/?p=157474"},"modified":"2025-11-29T08:49:33","modified_gmt":"2025-11-29T14:49:33","slug":"los-resbalones-de-bouzas","status":"publish","type":"post","link":"https:\/\/lospoliticosveracruz.com\/?p=157474","title":{"rendered":"LOS RESBALONES DE BOUZAS"},"content":{"rendered":"\n<p><strong>Oved Contreras<\/strong><\/p>\n\n\n\n<p><em>Secas Mecas<\/em><\/p>\n\n\n\n<p>Ayer compareci\u00f3 Fito Bouzas, coordinador de Comunicaci\u00f3n Social, ante el Congreso y dicen que no hubo diputados de oposici\u00f3n\u2026pero ni falta que hicieron pues con los dislates del compareciente y los exabruptos de algunos legisladores morenazos hubo m\u00e1s que suficiente\u2026primero el gordo Bouzas llama a la t\u00eda Corajes como gobernanta que, seg\u00fan la Real Academia de la Lengua, significa mujer que hace la limpieza, algo parecido a la mucama\u2026luego el suegrazo de Morena, Paul Mart\u00ednez, se pone a decirle al Fito que a ver si ya hace algo en contra de los medios que traen de encargo a la gobernadora Roc\u00edo Nahle, que se la suenan un d\u00eda s\u00ed y otro tambi\u00e9n, como el Loret de Mola y el Brozo, porque parece que no hay nadie que la defienda.<\/p>\n\n\n\n\n\n<p>A ver\u2026a ver\u2026que nos aclare bien la cosa el Fito Ba-Bouzas qu\u00e9 es lo que quiso decir\u2026que la mucama\u2026que la famuya\u2026.que la gobernanta\u2026que si esto\u2026que si aquello\u2026que tu\u2026que yo\u2026que a Chuchita la bolsearon y a la T\u00eda Zacatecas las minimizaron\u2026que explique\u2026porque entendimos que hizo de menos a la jefaza de su vidaza en el congreso local\u2026<\/p>\n\n\n\n<p>Se le leng\u00fco la traba..?\u2026.o fue un Lapsus Rebrutus?\u2026juarrrrrrrrr\u2026en una de esas hasta le reclama el pel\u00f3n Richie Ahued que le quiera volar su puesto\u2026pos el mero mero conserje de palacio es \u00e9l\u2026fue el pelonete quien se encarg\u00f3 de vigilar la remodelaci\u00f3n del palacio de Gobierno para que quedara de rechupete con su m\u00e1rmol blanco y al mismo tiempo buscaba en cuadros, floreros y muebles toda c\u00e1mara de vigilancia que le haya dejado el Patros\u00edsmico para vigilar los pasos a do\u00f1a Zacatl\u00e1n de las Manzanas.<\/p>\n\n\n\n<p>Uno de los momentos m\u00e1s pol\u00e9micos de la comparecencia se produjo cuando, al intentar parecer incluyente para reforzar su respaldo a la gobernadora, Bouzas se refiri\u00f3 a Roc\u00edo Nahle como \u201cgobernanta\u201d\u2026el funcionario buscaba destacar su papel como jefa del Ejecutivo, el t\u00e9rmino, pero seg\u00fan la Real Academia Espa\u00f1ola, el t\u00e9rmino \u201cGobernanta\u201d describe a una mujer encargada de la administraci\u00f3n de una casa o instituci\u00f3n, o bien a quien en un hotel tiene bajo su responsabilidad la limpieza y el mobiliario\u2026claro est\u00e1 que el gordo Bouzas no es muy h\u00e1bil para el uso del idioma y eso se ve en los comunicados que mandan desde el gobierno estatal.<\/p>\n\n\n\n<p>Bouzas se\u00f1al\u00f3 que existe una \u201cestrategia nacional\u201d para desestabilizar al gobierno de Nahle y que las cr\u00edticas difundidas fuera de Veracruz no reflejan la percepci\u00f3n local, ya que seg\u00fan \u00e9l, la aceptaci\u00f3n de la mandataria se mide en las giras y encuentros con la ciudadan\u00eda\u2026\u00f3sea que Mitofsky puede ponerla en \u00faltimo lugar dentro de sus evaluaciones pero que a la t\u00eda Corajes la quieren por todos lados donde se pare excepto en Poza Rica.<\/p>\n\n\n\n<p>SUEGRAZO ENOJON\u2026.ayer fue todo un chou en la legis\u2026.hasta se soltaron el pelo como el suegro del partido Morena\u2026Paul Mart\u00ednez\u2026que dijo que anda bien enojado con los periodistas y los medios de comunicaci\u00f3n que traen de encargo a la T\u00eda Ch\u00edo\u2026que ni puede dormir de la muina\u2026porque le publican hartas cosas feas.<\/p>\n\n\n\n<p>El perote\u00f1o quiere que Comunicaci\u00f3n Social proceda contra la prensa\u2026o sea que se entiende que los demande\u2026los reprima\u2026les quite convenios\u2026o les pinte changuitos\u2026.que ser\u00e1 lo que quiere el Paulino ese??? Que ya estuvo bueno de estar criticando a la t\u00eda Corajes con falsedades, que solo buscan desinformar a la poblaci\u00f3n y le pide al Fito Bouzas que se ponga las pilas y que act\u00fae contra esos buitres, carro\u00f1eros que sirven a la derecha conservadora como el tal Loret de Mola y el mentado de Brozo que traen de encargo a la t\u00eda Ch\u00edo.<\/p>\n\n\n\n<p>Ante la ausencia de legisladores de oposici\u00f3n en la comparecencia del titular de la Coordinaci\u00f3n General de Comunicaci\u00f3n Social (CGCS), Rodolfo Bouzas Medina, Mart\u00ednez Marie expres\u00f3 que esperan que dicha \u00e1rea act\u00fae ante lo que calific\u00f3 como una ofensiva medi\u00e1tica. \u201cDurante 4 semanas vimos c\u00f3mo medios nacionales atacaban a nuestra Gobernadora. Eso genera molestia\u201d, declar\u00f3, \u201cesperamos que el Coordinador act\u00fae\u201d.<\/p>\n\n\n\n<p>Paul Mart\u00ednez abri\u00f3 la ronda de preguntas al solicitar una explicaci\u00f3n sobre las acciones emprendidas para contrarrestar cr\u00edticas transmitidas en medios nacionales. \u201cNos molest\u00f3 ver c\u00f3mo se utiliz\u00f3 la tragedia para desacreditar a la Gobernadora\u201d.<\/p>\n\n\n\n<p>Perooo como el que se lleva se aguanta\u2026pos ya algunos compas metiches en las vidas ajenas\u2026le est\u00e1n posteando al diputeibol que es el suegro de partido guinda\u2026.y que su reto\u00f1o es el primer damo del comit\u00e9 estatal\u2026(no le ented\u00ed..) y que por eso el partidazo lo coloc\u00f3 en primer lugar de la lista pa que tuviera la regidur\u00eda asegurada en el pr\u00f3ximo ayuntamiento de Perote\u2026.uyyyyyy se van a encabritar por all\u00e1 en Santiago Tuxtla o por la Secretar\u00eda del Trabajo\u2026na m\u00e1s que se enteren habr\u00e1 drama y desgre\u00f1adero\u2026juarrrr\u2026y conste que eso le dice en las redes y en los pasillos del edificio de Sim\u00f3n Bolivarrr\u2026 es el chisme caliente del momentooooo\u2026<\/p>\n\n\n\n<p>PIDEN SU RENUNCIA\u2026mientras al Fito Bouzas lo despreciaron en su comparecencia, pas\u00f3 lo contrario con la Lupe Osorno de Protecci\u00f3n Civil que tuvo casa llena ayer en el Congreso y no precisamente para bien\u2026se la ten\u00edan guardada los diputados de oposici\u00f3n luego de su cuestionado trabajo para enfrentar la emergencia por las inundaciones en la zona norte del estado en la primera semana de octubre.<\/p>\n\n\n\n<p>Los diputados de oposici\u00f3n le exigieron desde un principio su renuncia, cuestionaron su capacidad para encabezar la dependencia, la responsabilizaron por las muertes y desapariciones registradas durante las inundaciones en la zona norte y le preguntaron \u201cc\u00f3mo es posible que pueda dormir tranquila\u201d\u2026los morenos y aliados intentaron respaldarla y afirmaron que hubo intervenci\u00f3n oportuna durante la contingencia, pero no impidieron que la sesi\u00f3n se desarrollara entre reclamos directos.<\/p>\n\n\n\n<p>Los cuestionamientos se centraron en la actuaci\u00f3n de Protecci\u00f3n Civil durante las lluvias de octubre, en el retraso para la llegada de apoyos, en la presunta falta de alertas tempranas, en la ausencia de un seguro catastr\u00f3fico vigente, en la operaci\u00f3n del fideicomiso estatal, as\u00ed como en se\u00f1alamientos sobre la capacidad profesional de Osorno para dirigir la instituci\u00f3n\u2026\u201cSe le rob\u00f3 la esperanza\u201d a los damnificados, acusaron los opositores mientras el bloque oficialista sostuvo que la emergencia super\u00f3 las capacidades locales, pero hubo respuesta.<\/p>\n\n\n\n<p>La diputada priista Ana Rosa Vald\u00e9s sostuvo que la poblaci\u00f3n afectada fue quien realmente enfrent\u00f3 la emergencia y, en medio de su intervenci\u00f3n, se levant\u00f3 de su curul para pedir la renuncia de Osorno: \u201cEn el informe lo que podemos ver es que efectivamente la sociedad es la que ha sacado adelante lo que se ha podido hacer y todav\u00eda los limitaban, qu\u00e9 lamentable que la diputada Dorheny venga a decir que estorbaban cuando llegan las ayudas y que por eso se ten\u00edan que mover, lo que quer\u00edan era politizar las ayudas porque Protecci\u00f3n Civil no ten\u00eda los insumos suficientes para atajar la contingencia\u201d, y despu\u00e9s cuestion\u00f3 directamente a la secretaria: \u201c\u00bfC\u00f3mo es posible que pueda dormir tranquila con 37 muertos y siete personas desparecidas?\u201d.<\/p>\n\n\n\n<p>Mientras que la diputada de MC, Mar\u00eda Elena C\u00f3rdova Molina pregunt\u00f3 si las alertas tempranas fueron emitidas en tiempo para advertir a la poblaci\u00f3n de lo que termin\u00f3 siendo una tragedia en r\u00edo Cazones y Pantepec\u2026y tambi\u00e9n hizo referencia a una imagen difundida en redes sociales. \u201cMientras la gente caminaba en el lodo, hubo quienes pudieron mantener sus tenis perfectamente blancos; los tenis se limpian, pero las p\u00e9rdidas de una familia no y eso es lamentable\u201d.<\/p>\n","protected":false},"excerpt":{"rendered":"<p>Oved Contreras Secas Mecas Ayer compareci\u00f3 Fito Bouzas, coordinador de Comunicaci\u00f3n Social, ante el Congreso y dicen que no hubo diputados de oposici\u00f3n\u2026pero ni falta que hicieron pues con los dislates del compareciente y los exabruptos de algunos legisladores morenazos hubo m\u00e1s que suficiente\u2026primero el gordo Bouzas llama a la t\u00eda Corajes como gobernanta que, [&hellip;]<\/p>\n","protected":false},"author":2,"featured_media":141426,"comment_status":"closed","ping_status":"closed","sticky":false,"template":"","format":"standard","meta":{"tdm_status":"","tdm_grid_status":"","footnotes":""},"categories":[70],"tags":[11408,4148,42416],"class_list":{"0":"post-157474","1":"post","2":"type-post","3":"status-publish","4":"format-standard","5":"has-post-thumbnail","7":"category-de-opinion","8":"tag-guadalupe-osorno-maldonado","9":"tag-paul-martinez-marie","10":"tag-rodolfo-bouzas"},"yoast_head":"<!-- This site is optimized with the Yoast SEO plugin v27.4 - https:\/\/yoast.com\/product\/yoast-seo-wordpress\/ -->\n<title>LOS RESBALONES DE BOUZAS - Los pol\u00edticos Veracruz<\/title>\n<meta name=\"robots\" content=\"index, follow, max-snippet:-1, max-image-preview:large, max-video-preview:-1\" \/>\n<link rel=\"canonical\" href=\"https:\/\/lospoliticosveracruz.com\/?p=157474\" \/>\n<meta property=\"og:locale\" content=\"es_ES\" \/>\n<meta property=\"og:type\" content=\"article\" \/>\n<meta property=\"og:title\" content=\"LOS RESBALONES DE BOUZAS - Los pol\u00edticos Veracruz\" \/>\n<meta property=\"og:description\" content=\"Oved Contreras Secas Mecas Ayer compareci\u00f3 Fito Bouzas, coordinador de Comunicaci\u00f3n Social, ante el Congreso y dicen que no hubo diputados de oposici\u00f3n\u2026pero ni falta que hicieron pues con los dislates del compareciente y los exabruptos de algunos legisladores morenazos hubo m\u00e1s que suficiente\u2026primero el gordo Bouzas llama a la t\u00eda Corajes como gobernanta que, [&hellip;]\" \/>\n<meta property=\"og:url\" content=\"https:\/\/lospoliticosveracruz.com\/?p=157474\" \/>\n<meta property=\"og:site_name\" content=\"Los pol\u00edticos Veracruz\" \/>\n<meta property=\"article:publisher\" content=\"https:\/\/www.facebook.com\/people\/Notimemes-de-los-Polticos\/61565672886568\/\" \/>\n<meta property=\"article:published_time\" content=\"2025-11-29T14:49:21+00:00\" \/>\n<meta property=\"article:modified_time\" content=\"2025-11-29T14:49:33+00:00\" \/>\n<meta property=\"og:image\" content=\"https:\/\/lospoliticosveracruz.com\/wp-content\/uploads\/2025\/04\/Oved-Contreras-e1768066319253.jpg\" \/>\n\t<meta property=\"og:image:width\" content=\"600\" \/>\n\t<meta property=\"og:image:height\" content=\"320\" \/>\n\t<meta property=\"og:image:type\" content=\"image\/jpeg\" \/>\n<meta name=\"author\" content=\"Lo viste en Los Pol\u00edticos\" \/>\n<meta name=\"twitter:card\" content=\"summary_large_image\" \/>\n<meta name=\"twitter:creator\" content=\"@LosPoliticosVer\" \/>\n<meta name=\"twitter:site\" content=\"@LosPoliticosVer\" \/>\n<meta name=\"twitter:label1\" content=\"Escrito por\" \/>\n\t<meta name=\"twitter:data1\" content=\"Lo viste en Los Pol\u00edticos\" \/>\n\t<meta name=\"twitter:label2\" content=\"Tiempo de lectura\" \/>\n\t<meta name=\"twitter:data2\" content=\"7 minutos\" \/>\n<script type=\"application\/ld+json\" class=\"yoast-schema-graph\">{\"@context\":\"https:\\\/\\\/schema.org\",\"@graph\":[{\"@type\":\"Article\",\"@id\":\"https:\\\/\\\/lospoliticosveracruz.com\\\/?p=157474#article\",\"isPartOf\":{\"@id\":\"https:\\\/\\\/lospoliticosveracruz.com\\\/?p=157474\"},\"author\":{\"name\":\"Lo viste en Los Pol\u00edticos\",\"@id\":\"https:\\\/\\\/lospoliticosveracruz.com\\\/#\\\/schema\\\/person\\\/b8702bb0e538456e6efd07080bf2a4a2\"},\"headline\":\"LOS RESBALONES DE BOUZAS\",\"datePublished\":\"2025-11-29T14:49:21+00:00\",\"dateModified\":\"2025-11-29T14:49:33+00:00\",\"mainEntityOfPage\":{\"@id\":\"https:\\\/\\\/lospoliticosveracruz.com\\\/?p=157474\"},\"wordCount\":1368,\"publisher\":{\"@id\":\"https:\\\/\\\/lospoliticosveracruz.com\\\/#organization\"},\"image\":{\"@id\":\"https:\\\/\\\/lospoliticosveracruz.com\\\/?p=157474#primaryimage\"},\"thumbnailUrl\":\"https:\\\/\\\/lospoliticosveracruz.com\\\/wp-content\\\/uploads\\\/2025\\\/04\\\/Oved-Contreras-e1768066319253.jpg\",\"keywords\":[\"Guadalupe Osorno Maldonado\",\"Paul Mart\u00ednez Marie\",\"Rodolfo Bouzas\"],\"articleSection\":[\"De Opini\u00f3n\"],\"inLanguage\":\"es\"},{\"@type\":\"WebPage\",\"@id\":\"https:\\\/\\\/lospoliticosveracruz.com\\\/?p=157474\",\"url\":\"https:\\\/\\\/lospoliticosveracruz.com\\\/?p=157474\",\"name\":\"LOS RESBALONES DE BOUZAS - Los pol\u00edticos Veracruz\",\"isPartOf\":{\"@id\":\"https:\\\/\\\/lospoliticosveracruz.com\\\/#website\"},\"primaryImageOfPage\":{\"@id\":\"https:\\\/\\\/lospoliticosveracruz.com\\\/?p=157474#primaryimage\"},\"image\":{\"@id\":\"https:\\\/\\\/lospoliticosveracruz.com\\\/?p=157474#primaryimage\"},\"thumbnailUrl\":\"https:\\\/\\\/lospoliticosveracruz.com\\\/wp-content\\\/uploads\\\/2025\\\/04\\\/Oved-Contreras-e1768066319253.jpg\",\"datePublished\":\"2025-11-29T14:49:21+00:00\",\"dateModified\":\"2025-11-29T14:49:33+00:00\",\"breadcrumb\":{\"@id\":\"https:\\\/\\\/lospoliticosveracruz.com\\\/?p=157474#breadcrumb\"},\"inLanguage\":\"es\",\"potentialAction\":[{\"@type\":\"ReadAction\",\"target\":[\"https:\\\/\\\/lospoliticosveracruz.com\\\/?p=157474\"]}]},{\"@type\":\"ImageObject\",\"inLanguage\":\"es\",\"@id\":\"https:\\\/\\\/lospoliticosveracruz.com\\\/?p=157474#primaryimage\",\"url\":\"https:\\\/\\\/lospoliticosveracruz.com\\\/wp-content\\\/uploads\\\/2025\\\/04\\\/Oved-Contreras-e1768066319253.jpg\",\"contentUrl\":\"https:\\\/\\\/lospoliticosveracruz.com\\\/wp-content\\\/uploads\\\/2025\\\/04\\\/Oved-Contreras-e1768066319253.jpg\",\"width\":600,\"height\":320},{\"@type\":\"BreadcrumbList\",\"@id\":\"https:\\\/\\\/lospoliticosveracruz.com\\\/?p=157474#breadcrumb\",\"itemListElement\":[{\"@type\":\"ListItem\",\"position\":1,\"name\":\"Portada\",\"item\":\"https:\\\/\\\/lospoliticosveracruz.com\\\/\"},{\"@type\":\"ListItem\",\"position\":2,\"name\":\"LOS RESBALONES DE BOUZAS\"}]},{\"@type\":\"WebSite\",\"@id\":\"https:\\\/\\\/lospoliticosveracruz.com\\\/#website\",\"url\":\"https:\\\/\\\/lospoliticosveracruz.com\\\/\",\"name\":\"Los pol\u00edticos Veracruz\",\"description\":\"\",\"publisher\":{\"@id\":\"https:\\\/\\\/lospoliticosveracruz.com\\\/#organization\"},\"potentialAction\":[{\"@type\":\"SearchAction\",\"target\":{\"@type\":\"EntryPoint\",\"urlTemplate\":\"https:\\\/\\\/lospoliticosveracruz.com\\\/?s={search_term_string}\"},\"query-input\":{\"@type\":\"PropertyValueSpecification\",\"valueRequired\":true,\"valueName\":\"search_term_string\"}}],\"inLanguage\":\"es\"},{\"@type\":\"Organization\",\"@id\":\"https:\\\/\\\/lospoliticosveracruz.com\\\/#organization\",\"name\":\"Los pol\u00edticos Veracruz\",\"url\":\"https:\\\/\\\/lospoliticosveracruz.com\\\/\",\"logo\":{\"@type\":\"ImageObject\",\"inLanguage\":\"es\",\"@id\":\"https:\\\/\\\/lospoliticosveracruz.com\\\/#\\\/schema\\\/logo\\\/image\\\/\",\"url\":\"https:\\\/\\\/lospoliticosveracruz.com\\\/wp-content\\\/uploads\\\/2025\\\/12\\\/Logo-Nuevo-LOS-POLITICOS-1.jpg\",\"contentUrl\":\"https:\\\/\\\/lospoliticosveracruz.com\\\/wp-content\\\/uploads\\\/2025\\\/12\\\/Logo-Nuevo-LOS-POLITICOS-1.jpg\",\"width\":260,\"height\":70,\"caption\":\"Los pol\u00edticos Veracruz\"},\"image\":{\"@id\":\"https:\\\/\\\/lospoliticosveracruz.com\\\/#\\\/schema\\\/logo\\\/image\\\/\"},\"sameAs\":[\"https:\\\/\\\/www.facebook.com\\\/people\\\/Notimemes-de-los-Polticos\\\/61565672886568\\\/\",\"https:\\\/\\\/x.com\\\/LosPoliticosVer\"]},{\"@type\":\"Person\",\"@id\":\"https:\\\/\\\/lospoliticosveracruz.com\\\/#\\\/schema\\\/person\\\/b8702bb0e538456e6efd07080bf2a4a2\",\"name\":\"Lo viste en Los Pol\u00edticos\",\"image\":{\"@type\":\"ImageObject\",\"inLanguage\":\"es\",\"@id\":\"https:\\\/\\\/secure.gravatar.com\\\/avatar\\\/3a8de04a2656d44082be478bd6c086daa447c4651605818287b9532d3d0bd435?s=96&d=mm&r=g\",\"url\":\"https:\\\/\\\/secure.gravatar.com\\\/avatar\\\/3a8de04a2656d44082be478bd6c086daa447c4651605818287b9532d3d0bd435?s=96&d=mm&r=g\",\"contentUrl\":\"https:\\\/\\\/secure.gravatar.com\\\/avatar\\\/3a8de04a2656d44082be478bd6c086daa447c4651605818287b9532d3d0bd435?s=96&d=mm&r=g\",\"caption\":\"Lo viste en Los Pol\u00edticos\"},\"url\":\"https:\\\/\\\/lospoliticosveracruz.com\\\/?author=2\"}]}<\/script>\n<!-- \/ Yoast SEO plugin. -->","yoast_head_json":{"title":"LOS RESBALONES DE BOUZAS - Los pol\u00edticos Veracruz","robots":{"index":"index","follow":"follow","max-snippet":"max-snippet:-1","max-image-preview":"max-image-preview:large","max-video-preview":"max-video-preview:-1"},"canonical":"https:\/\/lospoliticosveracruz.com\/?p=157474","og_locale":"es_ES","og_type":"article","og_title":"LOS RESBALONES DE BOUZAS - Los pol\u00edticos Veracruz","og_description":"Oved Contreras Secas Mecas Ayer compareci\u00f3 Fito Bouzas, coordinador de Comunicaci\u00f3n Social, ante el Congreso y dicen que no hubo diputados de oposici\u00f3n\u2026pero ni falta que hicieron pues con los dislates del compareciente y los exabruptos de algunos legisladores morenazos hubo m\u00e1s que suficiente\u2026primero el gordo Bouzas llama a la t\u00eda Corajes como gobernanta que, [&hellip;]","og_url":"https:\/\/lospoliticosveracruz.com\/?p=157474","og_site_name":"Los pol\u00edticos Veracruz","article_publisher":"https:\/\/www.facebook.com\/people\/Notimemes-de-los-Polticos\/61565672886568\/","article_published_time":"2025-11-29T14:49:21+00:00","article_modified_time":"2025-11-29T14:49:33+00:00","og_image":[{"width":600,"height":320,"url":"https:\/\/lospoliticosveracruz.com\/wp-content\/uploads\/2025\/04\/Oved-Contreras-e1768066319253.jpg","type":"image\/jpeg"}],"author":"Lo viste en Los Pol\u00edticos","twitter_card":"summary_large_image","twitter_creator":"@LosPoliticosVer","twitter_site":"@LosPoliticosVer","twitter_misc":{"Escrito por":"Lo viste en Los Pol\u00edticos","Tiempo de lectura":"7 minutos"},"schema":{"@context":"https:\/\/schema.org","@graph":[{"@type":"Article","@id":"https:\/\/lospoliticosveracruz.com\/?p=157474#article","isPartOf":{"@id":"https:\/\/lospoliticosveracruz.com\/?p=157474"},"author":{"name":"Lo viste en Los Pol\u00edticos","@id":"https:\/\/lospoliticosveracruz.com\/#\/schema\/person\/b8702bb0e538456e6efd07080bf2a4a2"},"headline":"LOS RESBALONES DE BOUZAS","datePublished":"2025-11-29T14:49:21+00:00","dateModified":"2025-11-29T14:49:33+00:00","mainEntityOfPage":{"@id":"https:\/\/lospoliticosveracruz.com\/?p=157474"},"wordCount":1368,"publisher":{"@id":"https:\/\/lospoliticosveracruz.com\/#organization"},"image":{"@id":"https:\/\/lospoliticosveracruz.com\/?p=157474#primaryimage"},"thumbnailUrl":"https:\/\/lospoliticosveracruz.com\/wp-content\/uploads\/2025\/04\/Oved-Contreras-e1768066319253.jpg","keywords":["Guadalupe Osorno Maldonado","Paul Mart\u00ednez Marie","Rodolfo Bouzas"],"articleSection":["De Opini\u00f3n"],"inLanguage":"es"},{"@type":"WebPage","@id":"https:\/\/lospoliticosveracruz.com\/?p=157474","url":"https:\/\/lospoliticosveracruz.com\/?p=157474","name":"LOS RESBALONES DE BOUZAS - Los pol\u00edticos Veracruz","isPartOf":{"@id":"https:\/\/lospoliticosveracruz.com\/#website"},"primaryImageOfPage":{"@id":"https:\/\/lospoliticosveracruz.com\/?p=157474#primaryimage"},"image":{"@id":"https:\/\/lospoliticosveracruz.com\/?p=157474#primaryimage"},"thumbnailUrl":"https:\/\/lospoliticosveracruz.com\/wp-content\/uploads\/2025\/04\/Oved-Contreras-e1768066319253.jpg","datePublished":"2025-11-29T14:49:21+00:00","dateModified":"2025-11-29T14:49:33+00:00","breadcrumb":{"@id":"https:\/\/lospoliticosveracruz.com\/?p=157474#breadcrumb"},"inLanguage":"es","potentialAction":[{"@type":"ReadAction","target":["https:\/\/lospoliticosveracruz.com\/?p=157474"]}]},{"@type":"ImageObject","inLanguage":"es","@id":"https:\/\/lospoliticosveracruz.com\/?p=157474#primaryimage","url":"https:\/\/lospoliticosveracruz.com\/wp-content\/uploads\/2025\/04\/Oved-Contreras-e1768066319253.jpg","contentUrl":"https:\/\/lospoliticosveracruz.com\/wp-content\/uploads\/2025\/04\/Oved-Contreras-e1768066319253.jpg","width":600,"height":320},{"@type":"BreadcrumbList","@id":"https:\/\/lospoliticosveracruz.com\/?p=157474#breadcrumb","itemListElement":[{"@type":"ListItem","position":1,"name":"Portada","item":"https:\/\/lospoliticosveracruz.com\/"},{"@type":"ListItem","position":2,"name":"LOS RESBALONES DE BOUZAS"}]},{"@type":"WebSite","@id":"https:\/\/lospoliticosveracruz.com\/#website","url":"https:\/\/lospoliticosveracruz.com\/","name":"Los pol\u00edticos Veracruz","description":"","publisher":{"@id":"https:\/\/lospoliticosveracruz.com\/#organization"},"potentialAction":[{"@type":"SearchAction","target":{"@type":"EntryPoint","urlTemplate":"https:\/\/lospoliticosveracruz.com\/?s={search_term_string}"},"query-input":{"@type":"PropertyValueSpecification","valueRequired":true,"valueName":"search_term_string"}}],"inLanguage":"es"},{"@type":"Organization","@id":"https:\/\/lospoliticosveracruz.com\/#organization","name":"Los pol\u00edticos Veracruz","url":"https:\/\/lospoliticosveracruz.com\/","logo":{"@type":"ImageObject","inLanguage":"es","@id":"https:\/\/lospoliticosveracruz.com\/#\/schema\/logo\/image\/","url":"https:\/\/lospoliticosveracruz.com\/wp-content\/uploads\/2025\/12\/Logo-Nuevo-LOS-POLITICOS-1.jpg","contentUrl":"https:\/\/lospoliticosveracruz.com\/wp-content\/uploads\/2025\/12\/Logo-Nuevo-LOS-POLITICOS-1.jpg","width":260,"height":70,"caption":"Los pol\u00edticos Veracruz"},"image":{"@id":"https:\/\/lospoliticosveracruz.com\/#\/schema\/logo\/image\/"},"sameAs":["https:\/\/www.facebook.com\/people\/Notimemes-de-los-Polticos\/61565672886568\/","https:\/\/x.com\/LosPoliticosVer"]},{"@type":"Person","@id":"https:\/\/lospoliticosveracruz.com\/#\/schema\/person\/b8702bb0e538456e6efd07080bf2a4a2","name":"Lo viste en Los Pol\u00edticos","image":{"@type":"ImageObject","inLanguage":"es","@id":"https:\/\/secure.gravatar.com\/avatar\/3a8de04a2656d44082be478bd6c086daa447c4651605818287b9532d3d0bd435?s=96&d=mm&r=g","url":"https:\/\/secure.gravatar.com\/avatar\/3a8de04a2656d44082be478bd6c086daa447c4651605818287b9532d3d0bd435?s=96&d=mm&r=g","contentUrl":"https:\/\/secure.gravatar.com\/avatar\/3a8de04a2656d44082be478bd6c086daa447c4651605818287b9532d3d0bd435?s=96&d=mm&r=g","caption":"Lo viste en Los Pol\u00edticos"},"url":"https:\/\/lospoliticosveracruz.com\/?author=2"}]}},"_links":{"self":[{"href":"https:\/\/lospoliticosveracruz.com\/index.php?rest_route=\/wp\/v2\/posts\/157474","targetHints":{"allow":["GET"]}}],"collection":[{"href":"https:\/\/lospoliticosveracruz.com\/index.php?rest_route=\/wp\/v2\/posts"}],"about":[{"href":"https:\/\/lospoliticosveracruz.com\/index.php?rest_route=\/wp\/v2\/types\/post"}],"author":[{"embeddable":true,"href":"https:\/\/lospoliticosveracruz.com\/index.php?rest_route=\/wp\/v2\/users\/2"}],"replies":[{"embeddable":true,"href":"https:\/\/lospoliticosveracruz.com\/index.php?rest_route=%2Fwp%2Fv2%2Fcomments&post=157474"}],"version-history":[{"count":1,"href":"https:\/\/lospoliticosveracruz.com\/index.php?rest_route=\/wp\/v2\/posts\/157474\/revisions"}],"predecessor-version":[{"id":157475,"href":"https:\/\/lospoliticosveracruz.com\/index.php?rest_route=\/wp\/v2\/posts\/157474\/revisions\/157475"}],"wp:featuredmedia":[{"embeddable":true,"href":"https:\/\/lospoliticosveracruz.com\/index.php?rest_route=\/wp\/v2\/media\/141426"}],"wp:attachment":[{"href":"https:\/\/lospoliticosveracruz.com\/index.php?rest_route=%2Fwp%2Fv2%2Fmedia&parent=157474"}],"wp:term":[{"taxonomy":"category","embeddable":true,"href":"https:\/\/lospoliticosveracruz.com\/index.php?rest_route=%2Fwp%2Fv2%2Fcategories&post=157474"},{"taxonomy":"post_tag","embeddable":true,"href":"https:\/\/lospoliticosveracruz.com\/index.php?rest_route=%2Fwp%2Fv2%2Ftags&post=157474"}],"curies":[{"name":"wp","href":"https:\/\/api.w.org\/{rel}","templated":true}]}}