{"id":157502,"date":"2025-11-30T20:58:00","date_gmt":"2025-12-01T02:58:00","guid":{"rendered":"https:\/\/lospoliticosveracruz.com.mx\/?p=157502"},"modified":"2025-11-30T11:53:55","modified_gmt":"2025-11-30T17:53:55","slug":"crisanto","status":"publish","type":"post","link":"https:\/\/lospoliticosveracruz.com\/?p=157502","title":{"rendered":"CRISANTO"},"content":{"rendered":"\n<p>S\u00edguenos ahora tambi\u00e9n en WhatsApp.\u00a0\u00a1<a href=\"https:\/\/whatsapp.com\/channel\/0029Va8zRWlEKyZIP3Z1dF0e\"><strong>Da clic aqu\u00ed<\/strong><\/a><strong>!<\/strong><\/p>\n\n\n\n<p><strong>Guadalupe H. Mar<\/strong><br>Mira Pol\u00edtica<\/p>\n\n\n\n<p><strong>ZAPATERO A TUS ZAPATOS\u2026<\/strong> Con la designaci\u00f3n del destacado triatleta xalape\u00f1o <strong>Crisanto Grajales Valencia<\/strong> como director del <strong>Instituto Veracruzano del Deporte<\/strong>, el estado de <strong>Veracruz<\/strong> perdi\u00f3 a un gran deportista y gan\u00f3 un mal funcionario, pues los conflictos, sobre todo de tipo administrativo en el <strong>IVD<\/strong> son cada vez m\u00e1s graves.<\/p>\n\n\n\n\n\n<p>Como bot\u00f3n que sirva de muestra de lo anterior amables lectoras y lectores, est\u00e1 el caso de la <strong>Unidad Deportiva \u201cLeyes de Reforma\u201d<\/strong> ubicada en el fraccionamiento Virginia del municipio de <strong>Boca del R\u00edo<\/strong>, donde los entrenadores del afamado Complejo Acu\u00e1tico pr\u00e1cticamente cerraron el ciclo 2025 el pasado viernes 28 de noviembre, por una simple y sencilla raz\u00f3n, a estos maestros les adeudan tres meses de salario.<\/p>\n\n\n\n<p>El asunto no es menor si se toma en cuenta que en ese complejo acu\u00e1tico, de fama nacional e internacional, acuden diariamente decenas de deportistas y personas aficionadas a la nataci\u00f3n que no entran de gratis, sino pagando diversas cuotas que no son elevadas, pero son ingresos diarios en efectivo que ahora, con la acci\u00f3n de protesta de los entrenadores, obliga a preguntarse a d\u00f3nde van a parar esos recursos econ\u00f3micos.<\/p>\n\n\n\n<p>En un comunicado que se difundi\u00f3 a trav\u00e9s del Whatsapp, seis entrenadores del <strong>Complejo Acu\u00e1tico \u201cLeyes de Reforma\u201d<\/strong> dieron a conocer lo siguiente: \u201cEstimados usuarios:<br>Ha sido un a\u00f1o de valioso aprendizaje y grandes logros. Agradecemos sinceramente que hayan elegido, una vez m\u00e1s, Leyes de Reforma. Les aseguramos que ponemos todo nuestro amor y esfuerzo en brindarles la mejor atenci\u00f3n posible.<br>Lamentamos informarles que las actividades de este a\u00f1o concluir\u00e1n este viernes 28 de noviembre. Esta decisi\u00f3n se debe a que el <strong>IVD (Instituto Veracruzano del Deporte)<\/strong> nos adeuda tres meses de salarios, lo que imposibilita continuar solventando nuestros gastos operativos.<br>Agradecemos su comprensi\u00f3n y les pedimos estar atentos a futuras indicaciones\u201d.<\/p>\n\n\n\n<p>Por lo anterior es justo y necesario que la <strong>Contralor\u00eda General del Estado de Veracruz<\/strong> intervenga para conocer qu\u00e9 sucede con los recursos econ\u00f3micos que genera la <strong>Unidad Deportiva \u201cLeyes de Reforma\u201d<\/strong>, pues sus entrenadores de nataci\u00f3n han tenido que suspender sus actividades ante la falta de pago de sus salarios los \u00faltimos tres meses.<\/p>\n\n\n\n<p><strong>LO QUE SE VE, NO SE \u2026 <\/strong>Quien prometi\u00f3 encargarse personalmente de recuperar y reconstruir <strong>Poza Rica<\/strong>, as\u00ed como <strong>\u00c1lamo<\/strong> tras las inundaciones ocurridas en octubre pasado, debe supervisar que las dependencias a cargo del <strong>gobierno del estado de Veracruz<\/strong> cumplan con la instrucci\u00f3n y no dejen los trabajos a medias, pues resulta que la semana pasada, con las lluvias que trajo el Frente Fr\u00edo 16, volvieron a encharcarse las colonias Villa de las Flores, Gaviotas, <strong>Ignacio de la Llave<\/strong>, L\u00e1zaro C\u00e1rdenas y Morelos en la ciudad petrolera, al igual que parte del Bulevar <strong>Adolfo Ruiz Cortines<\/strong>.<\/p>\n\n\n\n<p>El encharcamiento de las calles de esas colonias, se debi\u00f3 a que no fueron totalmente desazolvados los drenajes pluviales tras la inundaci\u00f3n y r\u00edos de lodo que cubrieron las calles de <strong>Poza Rica<\/strong>.<\/p>\n\n\n\n<p>No debe olvidarse que acci\u00f3n no supervisada \u2026<\/p>\n\n\n\n<p><strong>DEL DICHO AL HECHO \u2026 <\/strong>En la entidad veracruzana, donde con base en datos del Censo de 2020 del <strong>Instituto Nacional de Estad\u00edstica y Geograf\u00eda (INEGI)<\/strong>, la poblaci\u00f3n total del estado de <strong>Veracruz<\/strong> es de ocho millones 62 mil 579 habitantes, de los cuales el 52 por ciento son mujeres y el 48 por ciento son hombres, la autonom\u00eda econ\u00f3mica del sector femenino es de las m\u00e1s bajas del pa\u00eds, con apenas el 21.4 por ciento del total, revel\u00f3 reciente estudio del <strong>Instituto Mexicano para la Competitividad (IMCO)<\/strong>.<\/p>\n\n\n\n<p>Este instituto reci\u00e9n present\u00f3 la cuarta edici\u00f3n de <strong>Estados #ConLupaDeG\u00e9nero<\/strong>, una herramienta que mide las 32 entidades a trav\u00e9s de 16 indicadores agrupados en tres pilares: entrada, permanencia y autonom\u00eda econ\u00f3mica, el cual ustedes amables lectoras y lectores lo encuentran en <a href=\"https:\/\/imco.org.mx\/estados-con-lupa-de-genero-2025\/\"><strong><em>https:\/\/imco.org.mx\/estados-con-lupa-de-genero-2025\/<\/em><\/strong><\/a><\/p>\n\n\n\n<p>El estudio del <strong>IMCO<\/strong> cobra importancia porque sus resultados indican que, en cuanto a autonom\u00eda econ\u00f3mica, que dimensiona las condiciones para que las mujeres accedan y generen ingresos y recursos productivos, en <strong>Veracruz<\/strong>, 38 por ciento de las mujeres no percibe ingresos directos, frente a 17 por ciento en <strong>Baja California Sur<\/strong>.<\/p>\n\n\n\n<p>La falta de ingresos propios limita la autonom\u00eda, indica en su estudio el <strong>IMCO<\/strong>, lo cual obliga a voltear la mirada hacia las pol\u00edticas p\u00fablicas para y en favor de las mujeres en el estado de <strong>Veracruz<\/strong>.<\/p>\n\n\n\n<p>D\u00cdGALO SIN MIEDO \u2026 Al correo electr\u00f3nico <strong><a>guadalupehmar@gmail.com<\/a><\/strong><\/p>\n","protected":false},"excerpt":{"rendered":"<p>Guadalupe H. MarMira Pol\u00edtica ZAPATERO A TUS ZAPATOS\u2026 Con la designaci\u00f3n del destacado triatleta xalape\u00f1o Crisanto Grajales Valencia como director del Instituto Veracruzano del Deporte, el estado de Veracruz perdi\u00f3 a un gran deportista y gan\u00f3 un mal funcionario, pues los conflictos, sobre todo de tipo administrativo en el IVD son cada vez m\u00e1s graves. [&hellip;]<\/p>\n","protected":false},"author":2,"featured_media":141398,"comment_status":"closed","ping_status":"closed","sticky":false,"template":"","format":"standard","meta":{"tdm_status":"","tdm_grid_status":"","footnotes":""},"categories":[70],"tags":[47669,47672,47671,6358,47668,47670],"class_list":{"0":"post-157502","1":"post","2":"type-post","3":"status-publish","4":"format-standard","5":"has-post-thumbnail","7":"category-de-opinion","8":"tag-crisanto-grajales-veracruz","9":"tag-guadalupe-h-mar-columna-2","10":"tag-imco-autonomia-economica-mujeres","11":"tag-instituto-veracruzano-del-deporte","12":"tag-leyes-de-reforma-boca-del-rio","13":"tag-veracruz-inundaciones-poza-rica"},"yoast_head":"<!-- This site is optimized with the Yoast SEO plugin v27.4 - https:\/\/yoast.com\/product\/yoast-seo-wordpress\/ -->\n<title>CRISANTO - Los pol\u00edticos Veracruz<\/title>\n<meta name=\"robots\" content=\"index, follow, max-snippet:-1, max-image-preview:large, max-video-preview:-1\" \/>\n<link rel=\"canonical\" href=\"https:\/\/lospoliticosveracruz.com\/?p=157502\" \/>\n<meta property=\"og:locale\" content=\"es_ES\" \/>\n<meta property=\"og:type\" content=\"article\" \/>\n<meta property=\"og:title\" content=\"CRISANTO - Los pol\u00edticos Veracruz\" \/>\n<meta property=\"og:description\" content=\"Guadalupe H. MarMira Pol\u00edtica ZAPATERO A TUS ZAPATOS\u2026 Con la designaci\u00f3n del destacado triatleta xalape\u00f1o Crisanto Grajales Valencia como director del Instituto Veracruzano del Deporte, el estado de Veracruz perdi\u00f3 a un gran deportista y gan\u00f3 un mal funcionario, pues los conflictos, sobre todo de tipo administrativo en el IVD son cada vez m\u00e1s graves. [&hellip;]\" \/>\n<meta property=\"og:url\" content=\"https:\/\/lospoliticosveracruz.com\/?p=157502\" \/>\n<meta property=\"og:site_name\" content=\"Los pol\u00edticos Veracruz\" \/>\n<meta property=\"article:publisher\" content=\"https:\/\/www.facebook.com\/people\/Notimemes-de-los-Polticos\/61565672886568\/\" \/>\n<meta property=\"article:published_time\" content=\"2025-12-01T02:58:00+00:00\" \/>\n<meta property=\"og:image\" content=\"https:\/\/lospoliticosveracruz.com\/wp-content\/uploads\/2025\/04\/Lupita-H-Mar.jpg\" \/>\n\t<meta property=\"og:image:width\" content=\"1250\" \/>\n\t<meta property=\"og:image:height\" content=\"667\" \/>\n\t<meta property=\"og:image:type\" content=\"image\/jpeg\" \/>\n<meta name=\"author\" content=\"Lo viste en Los Pol\u00edticos\" \/>\n<meta name=\"twitter:card\" content=\"summary_large_image\" \/>\n<meta name=\"twitter:creator\" content=\"@LosPoliticosVer\" \/>\n<meta name=\"twitter:site\" content=\"@LosPoliticosVer\" \/>\n<meta name=\"twitter:label1\" content=\"Escrito por\" \/>\n\t<meta name=\"twitter:data1\" content=\"Lo viste en Los Pol\u00edticos\" \/>\n\t<meta name=\"twitter:label2\" content=\"Tiempo de lectura\" \/>\n\t<meta name=\"twitter:data2\" content=\"4 minutos\" \/>\n<script type=\"application\/ld+json\" class=\"yoast-schema-graph\">{\"@context\":\"https:\\\/\\\/schema.org\",\"@graph\":[{\"@type\":\"Article\",\"@id\":\"https:\\\/\\\/lospoliticosveracruz.com\\\/?p=157502#article\",\"isPartOf\":{\"@id\":\"https:\\\/\\\/lospoliticosveracruz.com\\\/?p=157502\"},\"author\":{\"name\":\"Lo viste en Los Pol\u00edticos\",\"@id\":\"https:\\\/\\\/lospoliticosveracruz.com\\\/#\\\/schema\\\/person\\\/b8702bb0e538456e6efd07080bf2a4a2\"},\"headline\":\"CRISANTO\",\"datePublished\":\"2025-12-01T02:58:00+00:00\",\"mainEntityOfPage\":{\"@id\":\"https:\\\/\\\/lospoliticosveracruz.com\\\/?p=157502\"},\"wordCount\":768,\"publisher\":{\"@id\":\"https:\\\/\\\/lospoliticosveracruz.com\\\/#organization\"},\"image\":{\"@id\":\"https:\\\/\\\/lospoliticosveracruz.com\\\/?p=157502#primaryimage\"},\"thumbnailUrl\":\"https:\\\/\\\/lospoliticosveracruz.com\\\/wp-content\\\/uploads\\\/2025\\\/04\\\/Lupita-H-Mar.jpg\",\"keywords\":[\"crisanto grajales veracruz\",\"guadalupe h mar columna\",\"imco autonom\u00eda econ\u00f3mica mujeres\",\"Instituto Veracruzano del Deporte\",\"leyes de reforma boca del r\u00edo\",\"veracruz inundaciones poza rica\"],\"articleSection\":[\"De Opini\u00f3n\"],\"inLanguage\":\"es\"},{\"@type\":\"WebPage\",\"@id\":\"https:\\\/\\\/lospoliticosveracruz.com\\\/?p=157502\",\"url\":\"https:\\\/\\\/lospoliticosveracruz.com\\\/?p=157502\",\"name\":\"CRISANTO - Los pol\u00edticos Veracruz\",\"isPartOf\":{\"@id\":\"https:\\\/\\\/lospoliticosveracruz.com\\\/#website\"},\"primaryImageOfPage\":{\"@id\":\"https:\\\/\\\/lospoliticosveracruz.com\\\/?p=157502#primaryimage\"},\"image\":{\"@id\":\"https:\\\/\\\/lospoliticosveracruz.com\\\/?p=157502#primaryimage\"},\"thumbnailUrl\":\"https:\\\/\\\/lospoliticosveracruz.com\\\/wp-content\\\/uploads\\\/2025\\\/04\\\/Lupita-H-Mar.jpg\",\"datePublished\":\"2025-12-01T02:58:00+00:00\",\"breadcrumb\":{\"@id\":\"https:\\\/\\\/lospoliticosveracruz.com\\\/?p=157502#breadcrumb\"},\"inLanguage\":\"es\",\"potentialAction\":[{\"@type\":\"ReadAction\",\"target\":[\"https:\\\/\\\/lospoliticosveracruz.com\\\/?p=157502\"]}]},{\"@type\":\"ImageObject\",\"inLanguage\":\"es\",\"@id\":\"https:\\\/\\\/lospoliticosveracruz.com\\\/?p=157502#primaryimage\",\"url\":\"https:\\\/\\\/lospoliticosveracruz.com\\\/wp-content\\\/uploads\\\/2025\\\/04\\\/Lupita-H-Mar.jpg\",\"contentUrl\":\"https:\\\/\\\/lospoliticosveracruz.com\\\/wp-content\\\/uploads\\\/2025\\\/04\\\/Lupita-H-Mar.jpg\",\"width\":1250,\"height\":667},{\"@type\":\"BreadcrumbList\",\"@id\":\"https:\\\/\\\/lospoliticosveracruz.com\\\/?p=157502#breadcrumb\",\"itemListElement\":[{\"@type\":\"ListItem\",\"position\":1,\"name\":\"Portada\",\"item\":\"https:\\\/\\\/lospoliticosveracruz.com\\\/\"},{\"@type\":\"ListItem\",\"position\":2,\"name\":\"CRISANTO\"}]},{\"@type\":\"WebSite\",\"@id\":\"https:\\\/\\\/lospoliticosveracruz.com\\\/#website\",\"url\":\"https:\\\/\\\/lospoliticosveracruz.com\\\/\",\"name\":\"Los pol\u00edticos Veracruz\",\"description\":\"\",\"publisher\":{\"@id\":\"https:\\\/\\\/lospoliticosveracruz.com\\\/#organization\"},\"potentialAction\":[{\"@type\":\"SearchAction\",\"target\":{\"@type\":\"EntryPoint\",\"urlTemplate\":\"https:\\\/\\\/lospoliticosveracruz.com\\\/?s={search_term_string}\"},\"query-input\":{\"@type\":\"PropertyValueSpecification\",\"valueRequired\":true,\"valueName\":\"search_term_string\"}}],\"inLanguage\":\"es\"},{\"@type\":\"Organization\",\"@id\":\"https:\\\/\\\/lospoliticosveracruz.com\\\/#organization\",\"name\":\"Los pol\u00edticos Veracruz\",\"url\":\"https:\\\/\\\/lospoliticosveracruz.com\\\/\",\"logo\":{\"@type\":\"ImageObject\",\"inLanguage\":\"es\",\"@id\":\"https:\\\/\\\/lospoliticosveracruz.com\\\/#\\\/schema\\\/logo\\\/image\\\/\",\"url\":\"https:\\\/\\\/lospoliticosveracruz.com\\\/wp-content\\\/uploads\\\/2025\\\/12\\\/Logo-Nuevo-LOS-POLITICOS-1.jpg\",\"contentUrl\":\"https:\\\/\\\/lospoliticosveracruz.com\\\/wp-content\\\/uploads\\\/2025\\\/12\\\/Logo-Nuevo-LOS-POLITICOS-1.jpg\",\"width\":260,\"height\":70,\"caption\":\"Los pol\u00edticos Veracruz\"},\"image\":{\"@id\":\"https:\\\/\\\/lospoliticosveracruz.com\\\/#\\\/schema\\\/logo\\\/image\\\/\"},\"sameAs\":[\"https:\\\/\\\/www.facebook.com\\\/people\\\/Notimemes-de-los-Polticos\\\/61565672886568\\\/\",\"https:\\\/\\\/x.com\\\/LosPoliticosVer\"]},{\"@type\":\"Person\",\"@id\":\"https:\\\/\\\/lospoliticosveracruz.com\\\/#\\\/schema\\\/person\\\/b8702bb0e538456e6efd07080bf2a4a2\",\"name\":\"Lo viste en Los Pol\u00edticos\",\"image\":{\"@type\":\"ImageObject\",\"inLanguage\":\"es\",\"@id\":\"https:\\\/\\\/secure.gravatar.com\\\/avatar\\\/3a8de04a2656d44082be478bd6c086daa447c4651605818287b9532d3d0bd435?s=96&d=mm&r=g\",\"url\":\"https:\\\/\\\/secure.gravatar.com\\\/avatar\\\/3a8de04a2656d44082be478bd6c086daa447c4651605818287b9532d3d0bd435?s=96&d=mm&r=g\",\"contentUrl\":\"https:\\\/\\\/secure.gravatar.com\\\/avatar\\\/3a8de04a2656d44082be478bd6c086daa447c4651605818287b9532d3d0bd435?s=96&d=mm&r=g\",\"caption\":\"Lo viste en Los Pol\u00edticos\"},\"url\":\"https:\\\/\\\/lospoliticosveracruz.com\\\/?author=2\"}]}<\/script>\n<!-- \/ Yoast SEO plugin. -->","yoast_head_json":{"title":"CRISANTO - Los pol\u00edticos Veracruz","robots":{"index":"index","follow":"follow","max-snippet":"max-snippet:-1","max-image-preview":"max-image-preview:large","max-video-preview":"max-video-preview:-1"},"canonical":"https:\/\/lospoliticosveracruz.com\/?p=157502","og_locale":"es_ES","og_type":"article","og_title":"CRISANTO - Los pol\u00edticos Veracruz","og_description":"Guadalupe H. MarMira Pol\u00edtica ZAPATERO A TUS ZAPATOS\u2026 Con la designaci\u00f3n del destacado triatleta xalape\u00f1o Crisanto Grajales Valencia como director del Instituto Veracruzano del Deporte, el estado de Veracruz perdi\u00f3 a un gran deportista y gan\u00f3 un mal funcionario, pues los conflictos, sobre todo de tipo administrativo en el IVD son cada vez m\u00e1s graves. [&hellip;]","og_url":"https:\/\/lospoliticosveracruz.com\/?p=157502","og_site_name":"Los pol\u00edticos Veracruz","article_publisher":"https:\/\/www.facebook.com\/people\/Notimemes-de-los-Polticos\/61565672886568\/","article_published_time":"2025-12-01T02:58:00+00:00","og_image":[{"width":1250,"height":667,"url":"https:\/\/lospoliticosveracruz.com\/wp-content\/uploads\/2025\/04\/Lupita-H-Mar.jpg","type":"image\/jpeg"}],"author":"Lo viste en Los Pol\u00edticos","twitter_card":"summary_large_image","twitter_creator":"@LosPoliticosVer","twitter_site":"@LosPoliticosVer","twitter_misc":{"Escrito por":"Lo viste en Los Pol\u00edticos","Tiempo de lectura":"4 minutos"},"schema":{"@context":"https:\/\/schema.org","@graph":[{"@type":"Article","@id":"https:\/\/lospoliticosveracruz.com\/?p=157502#article","isPartOf":{"@id":"https:\/\/lospoliticosveracruz.com\/?p=157502"},"author":{"name":"Lo viste en Los Pol\u00edticos","@id":"https:\/\/lospoliticosveracruz.com\/#\/schema\/person\/b8702bb0e538456e6efd07080bf2a4a2"},"headline":"CRISANTO","datePublished":"2025-12-01T02:58:00+00:00","mainEntityOfPage":{"@id":"https:\/\/lospoliticosveracruz.com\/?p=157502"},"wordCount":768,"publisher":{"@id":"https:\/\/lospoliticosveracruz.com\/#organization"},"image":{"@id":"https:\/\/lospoliticosveracruz.com\/?p=157502#primaryimage"},"thumbnailUrl":"https:\/\/lospoliticosveracruz.com\/wp-content\/uploads\/2025\/04\/Lupita-H-Mar.jpg","keywords":["crisanto grajales veracruz","guadalupe h mar columna","imco autonom\u00eda econ\u00f3mica mujeres","Instituto Veracruzano del Deporte","leyes de reforma boca del r\u00edo","veracruz inundaciones poza rica"],"articleSection":["De Opini\u00f3n"],"inLanguage":"es"},{"@type":"WebPage","@id":"https:\/\/lospoliticosveracruz.com\/?p=157502","url":"https:\/\/lospoliticosveracruz.com\/?p=157502","name":"CRISANTO - Los pol\u00edticos Veracruz","isPartOf":{"@id":"https:\/\/lospoliticosveracruz.com\/#website"},"primaryImageOfPage":{"@id":"https:\/\/lospoliticosveracruz.com\/?p=157502#primaryimage"},"image":{"@id":"https:\/\/lospoliticosveracruz.com\/?p=157502#primaryimage"},"thumbnailUrl":"https:\/\/lospoliticosveracruz.com\/wp-content\/uploads\/2025\/04\/Lupita-H-Mar.jpg","datePublished":"2025-12-01T02:58:00+00:00","breadcrumb":{"@id":"https:\/\/lospoliticosveracruz.com\/?p=157502#breadcrumb"},"inLanguage":"es","potentialAction":[{"@type":"ReadAction","target":["https:\/\/lospoliticosveracruz.com\/?p=157502"]}]},{"@type":"ImageObject","inLanguage":"es","@id":"https:\/\/lospoliticosveracruz.com\/?p=157502#primaryimage","url":"https:\/\/lospoliticosveracruz.com\/wp-content\/uploads\/2025\/04\/Lupita-H-Mar.jpg","contentUrl":"https:\/\/lospoliticosveracruz.com\/wp-content\/uploads\/2025\/04\/Lupita-H-Mar.jpg","width":1250,"height":667},{"@type":"BreadcrumbList","@id":"https:\/\/lospoliticosveracruz.com\/?p=157502#breadcrumb","itemListElement":[{"@type":"ListItem","position":1,"name":"Portada","item":"https:\/\/lospoliticosveracruz.com\/"},{"@type":"ListItem","position":2,"name":"CRISANTO"}]},{"@type":"WebSite","@id":"https:\/\/lospoliticosveracruz.com\/#website","url":"https:\/\/lospoliticosveracruz.com\/","name":"Los pol\u00edticos Veracruz","description":"","publisher":{"@id":"https:\/\/lospoliticosveracruz.com\/#organization"},"potentialAction":[{"@type":"SearchAction","target":{"@type":"EntryPoint","urlTemplate":"https:\/\/lospoliticosveracruz.com\/?s={search_term_string}"},"query-input":{"@type":"PropertyValueSpecification","valueRequired":true,"valueName":"search_term_string"}}],"inLanguage":"es"},{"@type":"Organization","@id":"https:\/\/lospoliticosveracruz.com\/#organization","name":"Los pol\u00edticos Veracruz","url":"https:\/\/lospoliticosveracruz.com\/","logo":{"@type":"ImageObject","inLanguage":"es","@id":"https:\/\/lospoliticosveracruz.com\/#\/schema\/logo\/image\/","url":"https:\/\/lospoliticosveracruz.com\/wp-content\/uploads\/2025\/12\/Logo-Nuevo-LOS-POLITICOS-1.jpg","contentUrl":"https:\/\/lospoliticosveracruz.com\/wp-content\/uploads\/2025\/12\/Logo-Nuevo-LOS-POLITICOS-1.jpg","width":260,"height":70,"caption":"Los pol\u00edticos Veracruz"},"image":{"@id":"https:\/\/lospoliticosveracruz.com\/#\/schema\/logo\/image\/"},"sameAs":["https:\/\/www.facebook.com\/people\/Notimemes-de-los-Polticos\/61565672886568\/","https:\/\/x.com\/LosPoliticosVer"]},{"@type":"Person","@id":"https:\/\/lospoliticosveracruz.com\/#\/schema\/person\/b8702bb0e538456e6efd07080bf2a4a2","name":"Lo viste en Los Pol\u00edticos","image":{"@type":"ImageObject","inLanguage":"es","@id":"https:\/\/secure.gravatar.com\/avatar\/3a8de04a2656d44082be478bd6c086daa447c4651605818287b9532d3d0bd435?s=96&d=mm&r=g","url":"https:\/\/secure.gravatar.com\/avatar\/3a8de04a2656d44082be478bd6c086daa447c4651605818287b9532d3d0bd435?s=96&d=mm&r=g","contentUrl":"https:\/\/secure.gravatar.com\/avatar\/3a8de04a2656d44082be478bd6c086daa447c4651605818287b9532d3d0bd435?s=96&d=mm&r=g","caption":"Lo viste en Los Pol\u00edticos"},"url":"https:\/\/lospoliticosveracruz.com\/?author=2"}]}},"_links":{"self":[{"href":"https:\/\/lospoliticosveracruz.com\/index.php?rest_route=\/wp\/v2\/posts\/157502","targetHints":{"allow":["GET"]}}],"collection":[{"href":"https:\/\/lospoliticosveracruz.com\/index.php?rest_route=\/wp\/v2\/posts"}],"about":[{"href":"https:\/\/lospoliticosveracruz.com\/index.php?rest_route=\/wp\/v2\/types\/post"}],"author":[{"embeddable":true,"href":"https:\/\/lospoliticosveracruz.com\/index.php?rest_route=\/wp\/v2\/users\/2"}],"replies":[{"embeddable":true,"href":"https:\/\/lospoliticosveracruz.com\/index.php?rest_route=%2Fwp%2Fv2%2Fcomments&post=157502"}],"version-history":[{"count":1,"href":"https:\/\/lospoliticosveracruz.com\/index.php?rest_route=\/wp\/v2\/posts\/157502\/revisions"}],"predecessor-version":[{"id":157503,"href":"https:\/\/lospoliticosveracruz.com\/index.php?rest_route=\/wp\/v2\/posts\/157502\/revisions\/157503"}],"wp:featuredmedia":[{"embeddable":true,"href":"https:\/\/lospoliticosveracruz.com\/index.php?rest_route=\/wp\/v2\/media\/141398"}],"wp:attachment":[{"href":"https:\/\/lospoliticosveracruz.com\/index.php?rest_route=%2Fwp%2Fv2%2Fmedia&parent=157502"}],"wp:term":[{"taxonomy":"category","embeddable":true,"href":"https:\/\/lospoliticosveracruz.com\/index.php?rest_route=%2Fwp%2Fv2%2Fcategories&post=157502"},{"taxonomy":"post_tag","embeddable":true,"href":"https:\/\/lospoliticosveracruz.com\/index.php?rest_route=%2Fwp%2Fv2%2Ftags&post=157502"}],"curies":[{"name":"wp","href":"https:\/\/api.w.org\/{rel}","templated":true}]}}