{"id":157679,"date":"2025-12-02T07:45:08","date_gmt":"2025-12-02T13:45:08","guid":{"rendered":"https:\/\/lospoliticosveracruz.com.mx\/?p=157679"},"modified":"2025-12-02T07:45:26","modified_gmt":"2025-12-02T13:45:26","slug":"pati-pa-siempre","status":"publish","type":"post","link":"https:\/\/lospoliticosveracruz.com\/?p=157679","title":{"rendered":"PA\u2019TI, PA\u2019 SIEMPRE!"},"content":{"rendered":"\n<p>S\u00edguenos ahora tambi\u00e9n en WhatsApp.\u00a0\u00a1<a href=\"https:\/\/whatsapp.com\/channel\/0029Va8zRWlEKyZIP3Z1dF0e\"><strong>Da clic aqu\u00ed<\/strong><\/a><strong>!<\/strong><\/p>\n\n\n\n<p>Veracruz: La alcaldesa Paty Lobeira present\u00f3 su Cuarto Informe de Gobierno en una sesi\u00f3n solemne realizada en el Teatro Francisco Javier Clavijero, destacando que su administraci\u00f3n respondi\u00f3 con hechos al compromiso asumido con las y los veracruzanos a trav\u00e9s de un gobierno cercano, humano y eficaz.<\/p>\n\n\n\n<p>En su mensaje, la alcaldesa destac\u00f3 que este informe marca el cierre de un ciclo de cuatro a\u00f1os de trabajo intenso y permanente, en el que se impulsaron programas, infraestructura y pol\u00edticas p\u00fablicas que fortalecieron el desarrollo del municipio.<\/p>\n\n\n\n<p>\u201cGobernar significa estar presentes, escuchar con atenci\u00f3n y actuar con compromiso para dar soluciones que verdaderamente cambien vidas\u201d, expres\u00f3.<br>\u00a0<br><strong>Rehabilitaci\u00f3n y Reactivaci\u00f3n Integral del Centro Hist\u00f3rico: legado para Veracruz<br><\/strong>\u00a0<br>Uno de los proyectos m\u00e1s significativos presentados en este informe fue la rehabilitaci\u00f3n integral del Centro Hist\u00f3rico de Veracruz, una intervenci\u00f3n emblem\u00e1tica que, desde el inicio de la administraci\u00f3n, se concibi\u00f3 como prioridad para rescatar, dignificar y revitalizar el coraz\u00f3n de la ciudad.<br>\u00a0<br>Paty Lobeira afirm\u00f3 que el Centro Hist\u00f3rico \u201choy est\u00e1 mejor que nunca\u201d, gracias a una transformaci\u00f3n profunda que incluy\u00f3 renovaci\u00f3n de vialidades, modernizaci\u00f3n de la infraestructura urbana y fortalecimiento de la movilidad peatonal.<\/p>\n\n\n\n<p>Este proyecto de rehabilitaci\u00f3n del Centro Hist\u00f3rico se desarroll\u00f3 por etapas, renovando calles, callejones y espacios p\u00fablicos para revitalizar su imagen urbana y mejorar la movilidad peatonal. Se incorporaron nuevos pavimentos, equipamiento urbano, bancas, postes, luminarias, basureros y se\u00f1al\u00e9tica, y se construyeron banquetas m\u00e1s amplias y accesibles, logrando espacios m\u00e1s atractivos, dignos y seguros.<\/p>\n\n\n\n<p>Antes de intervenir superficies, se atendi\u00f3 el problema de fondo: la renovaci\u00f3n de las redes hidrosanitarias y pluviales que por d\u00e9cadas permanecieron obsoletas, con esto se garantiz\u00f3 la durabilidad de los nuevos pavimentos. Para mitigar riesgos de inundaciones se construyeron tres colectores pluviales principales en las calles Independencia, Lerdo y Guti\u00e9rrez Zamora.<br>\u00a0<br>La intervenci\u00f3n incluy\u00f3 la pavimentaci\u00f3n con concreto estampado en las calles Independencia y 5 de Mayo, desde Montesinos hasta Ray\u00f3n, as\u00ed como la rehabilitaci\u00f3n de los principales callejones del centro, entre ellos: H\u00e9roes de Nacozari, Trigueros, La Campana, Clavijero, J.J. Herrera, La Lagunilla y Dehesa, ahora con pavimento de placas de m\u00e1rmol.<br>\u00a0<br>Asimismo, se recubrieron con granito las banquetas de Independencia, Morelos, Zaragoza, Benito Ju\u00e1rez, Mario Molina y Landero y Coss. En 2024, el Z\u00f3calo, Los Portales y los andadores de Guti\u00e9rrez Zamora fueron intervenidos con m\u00e1rmol y granito como parte de esta modernizaci\u00f3n hist\u00f3rica.<br>\u00a0<br><strong>Plaza del Hero\u00edsmo: un nuevo espacio para las familias<br><\/strong>\u00a0<br>Como parte de este gran proyecto, tambi\u00e9n destac\u00f3 la construcci\u00f3n de la Plaza del Hero\u00edsmo, un espacio renovado con instalaciones dignas para comerciantes y visitantes, que reemplaz\u00f3 antiguas bodegas y abri\u00f3 una conexi\u00f3n visual entre el Z\u00f3calo, la Macroplaza del Malec\u00f3n y la Plaza de la Rep\u00fablica.<br>\u00a0<br>La alcaldesa agradeci\u00f3 a ASIPONA, INAH y al arquitecto Felipe Leal por la colaboraci\u00f3n que hizo posible esta transformaci\u00f3n.<br>\u00a0<br><strong>Un legado para el futuro<br><\/strong>\u00a0<br>Paty Lobeira subray\u00f3 que la reactivaci\u00f3n integral del Centro Hist\u00f3rico representa uno de los mayores logros de su gobierno, al preparar esta zona para un crecimiento sostenible que impulsar\u00e1 el turismo, la econom\u00eda local y la convivencia familiar.<br>\u00a0<br>\u201cCuando se trabaja con pasi\u00f3n por nuestra ciudad, los resultados perduran m\u00e1s all\u00e1 del tiempo\u2026 pa\u2019 ti, pa\u2019 siempre\u201d, concluy\u00f3.<\/p>\n\n\n\n<p><strong>Obras y Servicios: Infraestructura que transforma la vida de las familias veracruzanas<br><\/strong>\u00a0<br>Durante su Cuarto Informe de Gobierno, la alcaldesa Paty Lobeira destac\u00f3 que Veracruz vivi\u00f3 cuatro a\u00f1os de crecimiento urbano ordenado, con obras integrales, mantenimiento permanente y acciones de prevenci\u00f3n que fortalecieron la movilidad, la seguridad y la calidad de vida de miles de familias.<\/p>\n\n\n\n<p><strong>M\u00e1s de 171 mil m\u00b2 de vialidades repavimentadas<br><\/strong>\u00a0<br>La alcaldesa inform\u00f3 que, a lo largo de su gesti\u00f3n, se llev\u00f3 a cabo un programa continuo de construcci\u00f3n y rehabilitaci\u00f3n de calles, con pavimentaciones de concreto hidr\u00e1ulico y asf\u00e1ltico que mejoraron la movilidad y modernizaron la imagen urbana.<br>\u00a0<br>Se repavimentaron m\u00e1s de 171 mil metros cuadrados de vialidades en colonias, fraccionamientos y zonas c\u00e9ntricas. Entre las obras m\u00e1s destacadas se encuentran:<br>\u00a0<br><strong>Colonias y fraccionamientos:<br><\/strong>\u00a0<br>Justino Sarmiento (Santa Fe), Circuito Teresa de Jes\u00fas (Dos R\u00edos), Y\u00e1\u00f1ez (Infonavit Chiver\u00eda), Laguna Real (Rosa Borunda), Cerro Pizarro (Volcanes), Hermenegildo Galeana (Netzahualc\u00f3yotl), Jos\u00e9 Azueta (Coyol y Palmas Coyol), R\u00edo Texolo (Torrentes), Avenida 7 (Valente D\u00edaz), Orqu\u00eddeas (Dos Caminos), Madre Selva (La Loma), Carlos Cruz (Pocitos y Rivera), Circuito Paseo Las Palmas (Coyol), Guacamaya (Albatros), Bulevar Azteca (Tejer\u00eda), Circuitos en Predios I y II, Prolongaci\u00f3n R\u00edo Medio, Playa Boca Andrea, Playa del Rey, Playa del Reloj y Playa San Fandier (Playa Linda), Abraham Morteo (R\u00e9bsamen) y Campesinos (Ortiz Rubio).<br>\u00a0<br><strong>Colonias c\u00e9ntricas<br><\/strong>\u00a0<br>V\u00edctimas del 5 y 6 de Julio (Col. Zaragoza), 20 de Noviembre (Centro), Ernesto Dom\u00ednguez (Reforma), Alacio P\u00e9rez (Centro) y Am\u00e9rico Vespucio (Reforma).<br>\u00a0<br><strong>Centro Hist\u00f3rico<br><\/strong>\u00a0<br>Avenidas 5 de Mayo, Independencia, y Valent\u00edn G\u00f3mez Far\u00edas frente al Baluarte de Santiago.<\/p>\n\n\n\n<p><strong>Banquetas, rampas y puentes m\u00e1s seguros y accesibles<br><\/strong>\u00a0<br>Para mejorar la movilidad peatonal, se construyeron m\u00e1s de 43 mil m\u00b2 de banquetas y rampas inclusivas.<\/p>\n\n\n\n<p>En 2025 se rehabilitaron 9 puentes peatonales y 1 vehicular, y a lo largo de la administraci\u00f3n se dieron mantenimiento a 27 puentes entre peatonales, vehiculares y mixtos. Entre los m\u00e1s relevantes: Regatas, Brisas, Villa Rica, Playa Barriles, Miguel Alem\u00e1n, Torrentes y Cuauht\u00e9moc. Adem\u00e1s, ese mismo a\u00f1o se construy\u00f3 un puente peatonal de 32 metros en Avenida Cuauht\u00e9moc.<br>&nbsp;<br>El mantenimiento urbano tambi\u00e9n incluy\u00f3 m\u00e1s de 277 mil metros lineales de pintura de guarniciones tan solo este a\u00f1o, y m\u00e1s de 1.4 millones de metros lineales en los cuatro a\u00f1os.<br>&nbsp;<br>En 2025 se rehabilitaron 2,400 m\u00b2 adicionales de banquetas, alcanzando un total acumulado de 9,500 m\u00b2, y se dio mantenimiento a m\u00e1s de 700 rampas, sumando 4,200 en toda la administraci\u00f3n.<\/p>\n\n\n\n<p><strong>Infraestructura contra inundaciones: obras que protegen a la ciudad<br><\/strong>\u00a0<br>La alcaldesa destac\u00f3 que la prevenci\u00f3n de inundaciones fue una prioridad. Cada a\u00f1o se ejecut\u00f3 el Programa de Prevenci\u00f3n de Inundaciones, que incluy\u00f3 limpieza de canales, desazolve de drenajes, mantenimiento del c\u00e1rcamo de la Zamorana y renovaci\u00f3n de compuertas en diversas lagunas como Lagartos, Pescadores y Geovillas del Puerto.<br>\u00a0<br>Se instalaron y rehabilitaron m\u00e1s de 1,840 rejillas pluviales y se colocaron m\u00e1s de 2,200 tapas de concreto durante los cuatro a\u00f1os.<br>\u00a0<br><strong>Colectores y red pluvial<\/strong><\/p>\n\n\n\n<p>Durante esta administraci\u00f3n se realiz\u00f3 un esfuerzo significativo para mitigar el riesgo de inundaciones en zonas estrat\u00e9gicas del municipio, obteniendo resultados favorables gracias a diversas obras de infraestructura pluvial.<\/p>\n\n\n\n<p>Se realizaron obras clave, entre ellas la rehabilitaci\u00f3n y construcci\u00f3n de los colectores de Lafragua, Washington, 5 de Mayo, La Herradura, Valencia, Alcocer, Independencia y Guti\u00e9rrez Zamora, as\u00ed como en el sistema pluvial del Centro Hist\u00f3rico (Lerdo, Callej\u00f3n del Z\u00f3calo e Ignacio Zaragoza).<br>&nbsp;<br>Tambi\u00e9n se construyeron alcantarillas y redes pluviales en zonas estrat\u00e9gicas como Matacocuite, Dos Lomas, Ej\u00e9rcito Mexicano (Col. R\u00e9bsamen), Texolo y Dr. V\u00edctor S\u00e1nchez Tapia, aumentando la capacidad de captaci\u00f3n y reduciendo riesgos de inundaci\u00f3n.<\/p>\n\n\n\n<p><strong>Instituto Metropolitano del Agua: m\u00e1s de 2 mil obras para mejorar el sistema hidrosanitario<br><\/strong>\u00a0<br>Durante la administraci\u00f3n, el Instituto Metropolitano del Agua ejecut\u00f3 y supervis\u00f3 m\u00e1s de 2 mil obras de agua potable, drenaje sanitario y pluvial.<\/p>\n\n\n\n<p>Se ampliaron las redes con 24 mil metros lineales de tuber\u00eda de agua potable y 30 mil metros lineales de drenaje sanitario.<br>&nbsp;<br>En coordinaci\u00f3n con el Consejo Consultivo se realizaron 16 obras con inversi\u00f3n superior a 235 millones de pesos, beneficiando a m\u00e1s de 116 mil habitantes.<br>&nbsp;<br>Por su parte, Grupo MAS destin\u00f3 1,600 millones de pesos a mejoras en la Planta Potabilizadora, pozos profundos y plantas de tratamiento.<br>&nbsp;<br>La alcaldesa agradeci\u00f3 a colegios de ingenieros y c\u00e1maras empresariales por su contribuci\u00f3n en estas mejoras.<\/p>\n\n\n\n<p><strong>Servicios P\u00fablicos: mantenimiento permanente para un Veracruz limpio y ordenado<br><\/strong>\u00a0<br><strong>Programa Permanente de Bacheo<br><\/strong>\u00a0<br>Durante 2025 se atendieron 18 mil baches, equivalentes a 130 mil m\u00b2 intervenidos.<\/p>\n\n\n\n<p>En toda la administraci\u00f3n se repararon 74 mil baches, mejorando accesos, colonias y zonas de alto flujo vehicular.<\/p>\n\n\n\n<p><strong>Revestimiento de vialidades<br><\/strong>\u00a0<br>M\u00e1s de 250 calles y avenidas fueron niveladas con subproducto de acero donado por Tenaris Tamsa, alcanzando 937 mil m\u00b2 atendidos en cuatro a\u00f1os.<\/p>\n\n\n\n<p>Estas acciones se realizaron en las congregaciones de Santa Fe, Santa Rita, El Pando, Vargas, Mata de Pita, Villar\u00edn y Tejer\u00eda, as\u00ed como en las colonias Granjas de R\u00edo Medio, El F\u00e9nix, Graciano S\u00e1nchez, Puente Roto, Agr\u00edcola Industrial, Adolfo L\u00f3pez Mateos, Villa de Guadalupe, Acosta Lagunes, Asociaci\u00f3n Civil, S\u00e1nchez, Lomas del Vergel, Valente D\u00edaz, Predio La Laguna, Predios 1, 2, 3 y 4, Las Bajadas, Ampliaci\u00f3n Las Bajadas, La Pochota, Amapolas 1 y 2, Malibr\u00e1n, Ni\u00f1os H\u00e9roes, Reserva 2, 3 y 4, Antonio Luna, Sentimientos de la Naci\u00f3n, Los Morales, Campestres, Chalchihuecan, 2 Lomas, Reserva Tarimoya, Bonfil, Lombardo Toledano, Dos Caminos, Rosario Salda\u00f1a, La Condesa, Colina de las Flores, Renacimiento, Libertad y Buena Vista.<\/p>\n\n\n\n<p>La alcaldesa agradeci\u00f3 a Tenaris Tamsa por su apoyo en beneficio de los veracruzanos.<\/p>\n\n\n\n<p><strong>Modernizaci\u00f3n de edificios municipales<br><\/strong>\u00a0<br>Se rehabilitaron los mercados Hidalgo, Zaragoza y Malibr\u00e1n, mejorando las condiciones para locatarios y consumidores.<\/p>\n\n\n\n<p>Tambi\u00e9n se concluy\u00f3 la rehabilitaci\u00f3n integral del Museo de la Ciudad, preservando su estructura hist\u00f3rica e incorporando museograf\u00eda, iluminaci\u00f3n nueva y aire acondicionado.<\/p>\n\n\n\n<p><strong>Alumbrado P\u00fablico: 75 mil reportes atendidos y modernizaci\u00f3n LED<br><\/strong>\u00a0<br>Se atendi\u00f3 el 99% de los reportes ciudadanos, sumando m\u00e1s de 75 mil casos en cuatro a\u00f1os.<br>\u00a0<br>Durante estos cuatro a\u00f1os se rehabilit\u00f3 de manera integral la iluminaci\u00f3n del Distribuidor Vial Aeropuerto, Av. D\u00edaz Mir\u00f3n, Puente Allende, Av. Lafragua, Av. Miguel \u00c1ngel de Quevedo, Av. Isabel la Cat\u00f3lica, Av. Cuauht\u00e9moc, Puente Morelos, Av. Fidel Vel\u00e1zquez y Av. Xana, entre otras.<\/p>\n\n\n\n<p>Se realiz\u00f3 la limpieza integral de \u00f3pticas de m\u00e1s de 3,600 luminarias en calles, avenidas, parques y espacios p\u00fablicos, logrando mejorar su eficiencia lum\u00ednica; y se dio mantenimiento a m\u00e1s de 4,200 postes de alumbrado p\u00fablico.<\/p>\n\n\n\n<p>Adem\u00e1s, se sustituyeron 3,000 luminarias por tecnolog\u00eda LED, beneficiando a 75 mil habitantes, y se instalaron 3,500 luminarias nuevas en zonas vulnerables y senderos peatonales.<br>&nbsp;<br>Como parte de las obras de pavimentaci\u00f3n, se a\u00f1adieron 520 postes con luminarias al sistema municipal.<br>&nbsp;<br>En 2025 se implement\u00f3 el programa Acceso Escolar Seguro, mejorando la iluminaci\u00f3n en planteles con turno vespertino.<\/p>\n\n\n\n<p><strong>Espacios p\u00fablicos renovados: parques, \u00e1reas verdes y unidades deportivas<br><\/strong>\u00a0<br>Durante cuatro a\u00f1os se mantuvo un programa continuo de rescate y conservaci\u00f3n de espacios p\u00fablicos, abarcando desde el Centro Hist\u00f3rico hasta el malec\u00f3n, plazas, camellones, escuelas y unidades deportivas.<br>\u00a0<br>Cada a\u00f1o se atendieron 301 parques, 279 \u00e1reas verdes y se intervinieron 3 millones de m\u00b2 de \u00e1reas verdes en toda la ciudad.<br>\u00a0<br>Se rehabilitaron 32 parques p\u00fablicos, adem\u00e1s de espacios como: Parques Zamora, Cedros, Robles, Parque M\u00e1gico, Bugambilias, Rosario Salda\u00f1a, Dorado Real, Valente D\u00edaz, Tejer\u00eda, Laguna Real, Parque Lomas de R\u00edo Medio 4, Recreativo Lomas de R\u00edo Medio, as\u00ed como el Parque Superaci\u00f3n Ciudadana, las canchas e iluminaci\u00f3n del Parque Reino M\u00e1gico y los espacios intervenidos en Lomas de R\u00edo Medio II.<br>\u00a0<br>As\u00ed tambi\u00e9n, se rehabilitaron Unidades Deportivas como Roberto Bueno en el Floresta, Antillas, Palmas, Flores del Valle, Salvador Campa, La Pinera, El Arenal, Rafael D\u00edaz Serd\u00e1n, el Deportivo Antorcha, la cancha de B\u00e9isbol del Parque Ecol\u00f3gico, la cancha de futbol en Albatros, la cancha de usos m\u00faltiples del Blvd. Veracruz Norte, entre otras.<\/p>\n\n\n\n<p><strong>Adopta tu Parque y Guardianes del Parque<br><\/strong>\u00a0<br>Se implementaron programas de participaci\u00f3n ciudadana que fortalecieron el mantenimiento y apropiaci\u00f3n de estos espacios por parte de los vecinos.<\/p>\n\n\n\n<p><strong>Renace un \u00edcono: el Parque Zool\u00f3gico Miguel \u00c1ngel de Quevedo<br><\/strong>\u00a0<br>Uno de los rescates m\u00e1s emblem\u00e1ticos fue la rehabilitaci\u00f3n del Zool\u00f3gico Miguel \u00c1ngel de Quevedo, que, tras permanecer inactivo por la pandemia, fue completamente renovado.<br>\u00a0<br>La reapertura alcanz\u00f3 la mayor afluencia de su historia, con 155 mil visitantes, ofreciendo nuevas \u00e1reas como zona de picnic y palapa, reforzando su vocaci\u00f3n educativa, ambiental y familiar.<\/p>\n\n\n\n<p><strong>Medio Ambiente y Protecci\u00f3n Animal: un Veracruz m\u00e1s limpio, verde y responsable<br><\/strong>\u00a0<br>La alcaldesa Paty Lobeira destac\u00f3 que, durante estos cuatro a\u00f1os, Veracruz avanz\u00f3 hacia un modelo de ciudad m\u00e1s sostenible y en armon\u00eda con su entorno, mediante programas permanentes de conservaci\u00f3n, reforestaci\u00f3n, educaci\u00f3n ambiental y protecci\u00f3n animal. La Direcci\u00f3n de Medio Ambiente y Protecci\u00f3n Animal consolid\u00f3 acciones que reflejan el compromiso municipal con un desarrollo urbano responsable y orientado al bienestar de todas las familias.<\/p>\n\n\n\n<p><strong>Operativos de Limpia P\u00fablica: 776 mil toneladas recolectadas en 4 a\u00f1os<br><\/strong>\u00a0<br>Para mantener una ciudad limpia y ordenada, se realizaron operativos permanentes de limpieza las 24 horas del d\u00eda, los 365 d\u00edas del a\u00f1o.<\/p>\n\n\n\n<p>Estas labores incluyeron recolecci\u00f3n de residuos s\u00f3lidos, barrido manual, limpieza de avenidas y playas, as\u00ed como campa\u00f1as de descacharrizaci\u00f3n en las colonias.<br>&nbsp;<br>Gracias a este esfuerzo continuo, la Direcci\u00f3n de Limpia P\u00fablica recolect\u00f3 m\u00e1s de 776 mil toneladas de residuos s\u00f3lidos durante la administraci\u00f3n.<br>&nbsp;<br>Adem\u00e1s, en el Centro Hist\u00f3rico se implement\u00f3 un programa especial de lavado diario en puntos emblem\u00e1ticos como el Z\u00f3calo, la Catedral, el Parque Zamora, el Callej\u00f3n de la Campana, el Callej\u00f3n de la Lagunilla y Plaza Mart\u00ed, garantizando espacios limpios para turistas y habitantes.<\/p>\n\n\n\n<p>Reforestaci\u00f3n y embellecimiento urbano: m\u00e1s de 45 mil plantas sembradas y donadas<br>&nbsp;<br>Como parte del programa municipal de arborizaci\u00f3n, este a\u00f1o se sembraron y donaron m\u00e1s de 10,400 plantas de ornato y \u00e1rboles en diversas zonas de la ciudad, incluyendo Raz y Guzm\u00e1n (Infonavit Buenavista), el Parque Zamora, el Z\u00f3calo y la colonia Renacimiento.<br>&nbsp;<br>Con estas acciones, la administraci\u00f3n alcanz\u00f3 un total de m\u00e1s de 45 mil especies sembradas y donadas, fortaleciendo \u00e1reas verdes y contribuyendo a la mitigaci\u00f3n del cambio clim\u00e1tico.<\/p>\n\n\n\n<p>Vivero Municipal: m\u00e1s de 75 mil especies para la ciudad<br>&nbsp;<br>El Vivero Municipal se consolid\u00f3 como una pieza clave en el cuidado del medio ambiente.<br>Este a\u00f1o se logr\u00f3 la reproducci\u00f3n de m\u00e1s de 1,000 especies entre plantas y \u00e1rboles frutales, adem\u00e1s de recibir en donaci\u00f3n m\u00e1s de 7,000 plantas de ornato y \u00e1rboles.<br>&nbsp;<br>Sumando el trabajo de los cuatro a\u00f1os, se obtuvieron m\u00e1s de 75 mil especies, que fortalecen el programa de reforestaci\u00f3n y el embellecimiento de los espacios p\u00fablicos.<\/p>\n\n\n\n<p>Centros de Salud Animal: atenci\u00f3n m\u00e9dica, esterilizaci\u00f3n y rehabilitaci\u00f3n de instalaciones<br>&nbsp;<br>A trav\u00e9s de los dos Centros de Salud Animal y brigadas m\u00f3viles, se brind\u00f3 atenci\u00f3n integral con m\u00e1s de 12 mil vacunas antirr\u00e1bicas aplicadas; m\u00e1s de 6 mil consultas veterinarias, m\u00e1s de 3,800 esterilizaciones<br>&nbsp;<br>Este a\u00f1o se realiz\u00f3 adem\u00e1s la rehabilitaci\u00f3n total del Centro Animal de Mariano Matamoros, con nuevas jaulas, pisos de concreto, techos aislados y renovaci\u00f3n de las redes de agua potable y drenaje, ofreciendo instalaciones dignas y seguras para los animales.<\/p>\n\n\n\n<p>Expo Adopta: 370 familias dando un nuevo hogar<br>&nbsp;<br>El programa Expo Adopta se consolid\u00f3 como una iniciativa exitosa para promover la adopci\u00f3n responsable. Durante estos cuatro a\u00f1os se realizaron 16 ediciones, logrando que m\u00e1s de 370 perros y gatos encontraran un hogar. Estas acciones reflejan el compromiso municipal con la salud p\u00fablica, el bienestar animal y una cultura de empat\u00eda hacia todos los seres vivos.<\/p>\n\n\n\n<p>Mantenimiento del arbolado urbano<br>&nbsp;<br>Para preservar y cuidar el arbolado urbano, se llevaron a cabo labores de poda y mantenimiento en m\u00e1s de 24 mil \u00e1rboles y palmeras en parques, camellones y espacios p\u00fablicos del municipio.<\/p>\n\n\n\n<p>Disposici\u00f3n responsable de llantas: m\u00e1s de 54 mil enviadas a reciclaje<br>&nbsp;<br>En las instalaciones de Reino M\u00e1gico se recibieron m\u00e1s de 54 mil llantas, que a lo largo de la administraci\u00f3n fueron trasladadas a f\u00e1bricas para su correcta disposici\u00f3n y aprovechamiento, otorg\u00e1ndoles una segunda vida \u00fatil, garantizando un manejo adecuado y sostenible de estos residuos.<\/p>\n\n\n\n<p>Cuatro a\u00f1os trabajando por un Veracruz m\u00e1s verde, limpio y responsable<br>&nbsp;<br>La alcaldesa reafirm\u00f3 que estas acciones representan el esfuerzo constante de una administraci\u00f3n comprometida con un mejor futuro ambiental.<\/p>\n\n\n\n<p>Desarrollo Social: m\u00e1s programas, m\u00e1s apoyo y m\u00e1s sonrisas para las familias veracruzanas<br>&nbsp;<br>La alcaldesa Paty Lobeira destac\u00f3 que, durante estos cuatro a\u00f1os de gobierno, el centro de cada acci\u00f3n fueron las familias veracruzanas. El objetivo principal de todos los programas sociales fue mejorar su calidad de vida, brindar oportunidades y acompa\u00f1arlas en su progreso diario. \u201cTrabajar por Veracruz es trabajar por su gente\u201d, afirm\u00f3.<\/p>\n\n\n\n<p>Programa de Apoyo Alimentario: 992 mil despensas para 41 mil hogares<br>&nbsp;<br>Con un enfoque humano y cercano, el Gobierno Municipal cumpli\u00f3 cuatro a\u00f1os llevando alimento y respaldo a quienes m\u00e1s lo necesitan a trav\u00e9s del Programa de Apoyo Alimentario. Esta iniciativa lleg\u00f3 a m\u00e1s de 250 colonias, entregando m\u00e1s de 992 mil despensas a m\u00e1s de 41 mil familias, fortaleciendo su econom\u00eda y contribuyendo a un mejor bienestar en los hogares veracruzanos.<\/p>\n\n\n\n<p>Mercadito Pa\u2019ti, Pa\u2019 tu Mesa: 114 jornadas y 50 mil familias beneficiadas<br>&nbsp;<br>Para seguir impulsando la econom\u00eda local, se consolid\u00f3 el Mercadito Pa\u2019ti, Pa\u2019 tu Mesa, en colaboraci\u00f3n con productores locales y el Banco de Alimentos de Veracruz. A lo largo de 114 mercadillos, m\u00e1s de 50 mil familias accedieron a productos frescos y de calidad a precios accesibles.<br>&nbsp;<br>Este programa visit\u00f3 colonias como Las Brisas, Astilleros, Albatros, Lomas de R\u00edo Medio 4, Chiver\u00eda, El Coyol, La Pochota, Reserva 1, Torrentes, Vicente Lombardo y Dos Caminos, entre muchas otras.<br>Como apoyo adicional, se distribuyeron m\u00e1s de 50 mil kilos de tortillas.<br>&nbsp;<br>La alcaldesa agradeci\u00f3 al Banco de Alimentos y a todos los colaboradores, reconociendo su papel fundamental para hacer posible esta iniciativa.<\/p>\n\n\n\n<p>Pollot\u00f3n y entrega de despensas navide\u00f1as: 62 mil apoyos para las familias<br>&nbsp;<br>En esta temporada en la que cada ayuda cuenta, se implement\u00f3 el Programa Pollot\u00f3n, logrando la distribuci\u00f3n de 30,000 pollos en colonias como La Herradura, Torrentes, Tarimoya, Las Brisas, Renacimiento, Lomas de R\u00edo Medio, Los Volcanes, Santa Fe, Predios 3, Mata de Pita, Valente D\u00edaz y muchas m\u00e1s , y la pr\u00f3xima entrega de 32,000 despensas.<\/p>\n\n\n\n<p>Zona rural: talleres productivos y desarrollo comunitario<br>&nbsp;<br>En las comunidades rurales se impulsaron acciones para fortalecer la econom\u00eda familiar y promover el autoempleo. A trav\u00e9s de 1,440 talleres, m\u00e1s de 12,000 personas desarrollaron habilidades productivas y de emprendimiento.<\/p>\n\n\n\n<p>Estas acciones se complementaron con desayunos comunitarios, conferencias, exposiciones tem\u00e1ticas enfocadas en inteligencia emocional, salud y empoderamiento femenino; adem\u00e1s de cursos de verano en beneficio de m\u00e1s de 500 ni\u00f1os, y el fortalecimiento del funcionamiento del rastro municipal.<br>&nbsp;<br>Adem\u00e1s, se promovieron actividades culturales y recreativas mediante visitas guiadas a museos, cine y al hist\u00f3rico Fuerte de San Juan de Ul\u00faa, con la participaci\u00f3n de m\u00e1s de 5,000 personas.<br>&nbsp;<br>Un hecho hist\u00f3rico fue la aprobaci\u00f3n un\u00e1nime del D\u00eda de la Visibilizaci\u00f3n de las Mujeres Rurales, reconociendo su invaluable contribuci\u00f3n al desarrollo sostenible del municipio.<\/p>\n\n\n\n<p>Programa de Apoyo Escolar: 180 mil paquetes para alumnos de primarias p\u00fablicas<br>&nbsp;<br>La alcaldesa destac\u00f3 que uno de los programas que m\u00e1s le llena de satisfacci\u00f3n fue la Entrega de Apoyos Escolares, ya que garantiza que ning\u00fan ni\u00f1o abandone la escuela por falta de \u00fatiles.<br>&nbsp;<br>Durante los cuatro a\u00f1os se entregaron 180 mil paquetes escolares, con mochila, \u00fatiles y tenis, beneficiando al 100% de los alumnos de las primarias p\u00fablicas del municipio.<br>&nbsp;<br>Tambi\u00e9n se otorgaron insumos para mejorar la infraestructura educativa, se rehabilit\u00f3 la Escuela de Bachilleres, y se construy\u00f3 el Jard\u00edn de Ni\u00f1os Juana Paula Manso en Lomas de R\u00edo Medio 4, que pas\u00f3 de operar en contenedores improvisados a ser una escuela digna y segura.<\/p>\n\n\n\n<p>DIF Municipal: apoyo humano, sensible y cercano<\/p>\n\n\n\n<p>El Sistema DIF Municipal trabaj\u00f3 con dedicaci\u00f3n para acompa\u00f1ar y proteger a ni\u00f1as, ni\u00f1os, adolescentes, adultos mayores y familias en situaci\u00f3n vulnerable.<br>&nbsp;<br>Protecci\u00f3n a la ni\u00f1ez y asesor\u00eda jur\u00eddica<br>&nbsp;<br>A trav\u00e9s de la Procuradur\u00eda Municipal de la Defensa del Menor se brind\u00f3 atenci\u00f3n integral a 165 ni\u00f1as, ni\u00f1os y adolescentes, nacionales y extranjeros, logrando su reintegraci\u00f3n a entornos familiares seguros. Se otorgaron m\u00e1s de 45 mil asesor\u00edas jur\u00eddicas gratuitas, y a trav\u00e9s del programa Septiembre, mes del Testamento, benefici\u00f3 a m\u00e1s de 2 mil personas en cuatro a\u00f1os.<\/p>\n\n\n\n<p>Centros de Asistencia Social y albergues certificados<br>&nbsp;<br>El DIF opera tres Centros de Asistencia Social que, por primera vez, obtuvieron Certificaci\u00f3n Oficial de Operaci\u00f3n y Seguridad: Casa Hogar Vida Nueva, Aldea de Ni\u00f1as y Aldea de Ni\u00f1os, garantizando atenci\u00f3n bajo los m\u00e1s altos est\u00e1ndares de calidad.<br>&nbsp;<br>El albergue Santa Teresa de Jes\u00fas brind\u00f3 cuidado permanente a adultos mayores y el albergue nocturno Casa Veracruz otorg\u00f3 m\u00e1s de 29 mil atenciones, adem\u00e1s de ser totalmente rehabilitado para garantizar espacios dignos.<\/p>\n\n\n\n<p>CAIC\u2019s y CADI\u2019s: educaci\u00f3n inicial y cuidado temprano<br>&nbsp;<br>En los 14 CAIC\u2019s y 9 CADI\u2019s, se impartieron m\u00e1s de 38 mil clases y servicios de guarder\u00eda, beneficiando a m\u00e1s de 3,700 ni\u00f1as y ni\u00f1os y brindando tranquilidad a miles de familias.<\/p>\n\n\n\n<p>Becas Jean Piaget<br>&nbsp;<br>Se reafirm\u00f3 el compromiso con la educaci\u00f3n a trav\u00e9s de la Beca Paty Lobeira, otorgada gracias al apoyo de la Universidad Jean Piaget. 1,000 j\u00f3venes pudieron continuar sus estudios superiores gracias a este programa.<\/p>\n\n\n\n<p>Programa Municipal de Salud: atenci\u00f3n m\u00e9dica gratuita para miles de familias<br>&nbsp;<br>La Subdirecci\u00f3n M\u00e9dica acerc\u00f3 servicios integrales de salud mediante unidades m\u00f3viles: M\u00e1s de 150 mil consultas generales, ginecol\u00f3gicas, dentales y contra la amibiasis; m\u00e1s de 150 brigadas m\u00e9dicas en colonias; 3 mil aparatos funcionales entregados; 4,600 lentes graduados a trav\u00e9s de A Ver A Ver; m\u00e1s de 4,500 certificados m\u00e9dicos y 4,600 referencias hospitalarias; m\u00e1s de 10 mil servicios dentales especializados y m\u00e1s de 7,000 pl\u00e1ticas para promover salud bucodental.<br>&nbsp;<br>Junto con la Secretar\u00eda de Marina, se gestionaron medicamentos para pacientes con diabetes, registrando m\u00e1s de 3,200 tratamientos y curaciones.<br>&nbsp;<br>Para combatir el dengue, se aplicaron estrategias en coordinaci\u00f3n con la Jurisdicci\u00f3n Sanitaria No. 8, con acciones de nebulizaci\u00f3n, rociado residual, abatizaci\u00f3n y control larvario en m\u00e1s de mil \u00e1reas del municipio.<br>&nbsp;<br>En nutrici\u00f3n, se realizaron 17 mil evaluaciones nutricionales, 4,500 consultas y 140 pl\u00e1ticas informativas. Y se fortaleci\u00f3 el Programa Estatal de Alimentaci\u00f3n Escolar beneficiando a casi 130 mil alumnos, con m\u00e1s de un mill\u00f3n 600 mil bricks del Programa de Alimentaci\u00f3n Escolar Fr\u00eda.<br>&nbsp;<br>El programa Primeros 1000 D\u00edas apoy\u00f3 a m\u00e1s de 28 mil mujeres embarazadas y a poblaci\u00f3n infantil menor de 24 meses. En salud mental, se otorgaron m\u00e1s de 70 mil consultas psicol\u00f3gicas, adem\u00e1s de talleres para padres y acompa\u00f1amiento emocional.<br>&nbsp;<br>En atenci\u00f3n especializada, m\u00e1s de 3 mil personas recibieron terapias de lenguaje, mientras que los programas \u201cNuestros J\u00f3venes\u201d y el Taller de Beb\u00e9s Virtuales beneficiaron a m\u00e1s de 8 mil adolescentes.<\/p>\n\n\n\n<p>Integraci\u00f3n Social<br>&nbsp;<br>A trav\u00e9s de los m\u00f3dulos del DIF se ofrecieron servicios como fisioterapia, quiropr\u00e1ctica y terapia emocional, beneficiando a m\u00e1s de 20 mil personas.<br>&nbsp;<br>Se impartieron m\u00e1s de 3,000 talleres y se realizaron m\u00e1s de 600 actividades culturales y recreativas, con la participaci\u00f3n de m\u00e1s de 26 mil asistentes.<br>&nbsp;<br>En atenci\u00f3n a los adultos mayores m\u00e1s de 21 mil personas se beneficiaron con actividades recreativas, culturales y educativas. Se impartieron 1,400 cursos permanentes durante los cuatro a\u00f1os.<\/p>\n\n\n\n<p>Agradecimiento institucional del DIF<br>&nbsp;<br>La alcaldesa reconoci\u00f3 la colaboraci\u00f3n de instituciones m\u00e9dicas, empresas, organizaciones civiles y dependencias gubernamentales que fortalecieron los programas de salud f\u00edsica, mental y emocional.<\/p>\n\n\n\n<p>Entre ellas: CRIVER, FAICIC, Laboratorios Amstrong y Liomont, Hospital Covadonga, Hospital Espa\u00f1ol, Salud Digna, Grupo Tony y Tenaris Tamsa, Jurisdicci\u00f3n Sanitaria No. 8 y PEMEX, AMANC, Grupo Reto, Casa MAM, MUAC, Meraki, Once Once, Red Futuro, Iker Conciencia, VIFAC, AMEXME, Michou y Mau, Anspac, ANCIFEM, Se Mujer, Fundaci\u00f3n ADEM, entre otras.<\/p>\n\n\n\n<p>Instituto Municipal de las Mujeres: una ciudad m\u00e1s segura y con derechos para todas<br>&nbsp;<br>A trav\u00e9s del IMMUVER, se implementaron pol\u00edticas integrales con perspectiva de g\u00e9nero, atendiendo la alerta de violencia de g\u00e9nero y fortaleciendo acciones de prevenci\u00f3n, atenci\u00f3n y sanci\u00f3n.<br>&nbsp;<br>Resultados: 293 denuncias formales atendidas; 46 sentencias condenatorias; m\u00e1s de 7,000 personas capacitadas en pl\u00e1ticas y conferencias; m\u00e1s de 8,000 mujeres beneficiadas con talleres de empoderamiento y autonom\u00eda econ\u00f3mica. Creaci\u00f3n de la Casa de Medio Camino, que brinda alojamiento temporal y acompa\u00f1amiento integral. Promoci\u00f3n de derechos humanos con un alcance de m\u00e1s de 15,500 personas y 1,300 estudios m\u00e9dicos gratuitos para mujeres<\/p>\n\n\n\n<p>Orquestando Cumbia: talento joven que trasciende fronteras<br>&nbsp;<br>El programa Orquestando Cumbia se consolid\u00f3 como una plataforma art\u00edstica que transform\u00f3 la vida de miles de j\u00f3venes.<\/p>\n\n\n\n<p>M\u00e1s de 1,500 participantes, en tres generaciones, recibieron formaci\u00f3n musical, talleres y cl\u00ednicas con artistas como Los Flamers, Los S\u00faper Caracoles, Grupo S\u00faper Lamas y Nativo Show.<br>&nbsp;<br>Las bandas juveniles participaron en desfiles del Carnaval 2023, 2024 y 2025, grabaron producciones en el Teatro Clavijero y fueron parte del concierto masivo por el 60\u00b0 aniversario de Los Flamers y el 50\u00b0 de Nativo Show ante m\u00e1s de 15 mil asistentes.<br>&nbsp;<br>El programa recibi\u00f3 reconocimientos nacionales e internacionales y fue presentado ante la ONU en Nueva York, posicionando a Veracruz como referente de innovaci\u00f3n social a trav\u00e9s de la m\u00fasica.<\/p>\n\n\n\n<p>Cultura. Nuestra historia, nuestro coraz\u00f3n: cuatro a\u00f1os fortaleciendo la identidad veracruzana<\/p>\n\n\n\n<p>Durante estos cuatro a\u00f1os, se trabaj\u00f3 para consolidar a Veracruz como un espacio donde la cultura se vive y se disfruta, colocando a los museos, las tradiciones y la alegr\u00eda jarocha en el centro de nuestra identidad.<\/p>\n\n\n\n<p>Con este prop\u00f3sito, se realizaron m\u00e1s de 3,200 eventos culturales, entre ellos las tradicionales Jornadas Culturales en puntos emblem\u00e1ticos del Centro Hist\u00f3rico como el Z\u00f3calo, la Plazuela de la Campana y el Callej\u00f3n de la Lagunilla, as\u00ed como jornadas recreativas con juegos gigantes en diversos barrios y colonias. Estas actividades reunieron a m\u00e1s de un mill\u00f3n de asistentes.<\/p>\n\n\n\n<p>Para fortalecer el arte, la m\u00fasica y el rescate de nuestras ra\u00edces, se llevaron a cabo m\u00e1s de 1,000 eventos art\u00edsticos en espacios como el Teatro Francisco Javier Clavijero y el Z\u00f3calo, adem\u00e1s de conciertos de la Orquesta Filarm\u00f3nica de Boca del R\u00edo\u2013Veracruz y la Orquesta de la EMBA. Como parte de esta estrategia, tambi\u00e9n se realizaron visitas guiadas por recintos hist\u00f3ricos del Centro Hist\u00f3rico, con una afluencia superior a 950 mil personas.<\/p>\n\n\n\n<p>La formaci\u00f3n cultural fue una prioridad. A trav\u00e9s de m\u00e1s de 500 talleres, se foment\u00f3 el aprendizaje, la creatividad y el desarrollo art\u00edstico de m\u00e1s de 18 mil ni\u00f1as, ni\u00f1os, j\u00f3venes y adultos, fortaleciendo la participaci\u00f3n ciudadana y acercando el arte a todas las edades.<\/p>\n\n\n\n<p>El deporte nos une: cuatro a\u00f1os impulsando salud, convivencia y orgullo veracruzano<\/p>\n\n\n\n<p>Se impuls\u00f3 el deporte como una herramienta de cohesi\u00f3n social, recuperaci\u00f3n de espacios p\u00fablicos y promoci\u00f3n de la salud entre las familias veracruzanas.<\/p>\n\n\n\n<p>A trav\u00e9s del Programa Deportivo Municipal, se realizaron actividades en 25 unidades deportivas, parques, escuelas, caravanas y en el gimnasio de playa GymMart\u00ed, logrando aproximadamente 6 millones de participaciones en disciplinas como futbol, volibol, zumba y acondicionamiento f\u00edsico.<\/p>\n\n\n\n<p>El municipio respald\u00f3 la organizaci\u00f3n de carreras pedestres y ciclistas de alcance nacional e internacional, con la participaci\u00f3n de m\u00e1s de 71 mil deportistas locales y visitantes. Asimismo, en coordinaci\u00f3n con el Instituto Veracruzano del Deporte, se brind\u00f3 apoyo a m\u00e1s de 2 mil atletas de alto rendimiento, quienes obtuvieron 811 medallas a lo largo del periodo: 403 de oro, 243 de plata y 170 de bronce.<\/p>\n\n\n\n<p>En materia de deporte adaptado, se realizaron eventos especializados y se puso en marcha la Primera Escuela Municipal de Atletismo para Personas con Discapacidad, dirigida por un instructor para-atleta, fortaleciendo la inclusi\u00f3n y el acceso al deporte para todas y todos.<\/p>\n\n\n\n<p>Uno de los proyectos m\u00e1s innovadores fue el GymMart\u00ed, el primer gimnasio de playa del Golfo de M\u00e9xico, construido con materiales reciclados como \u00e1rboles navide\u00f1os recolectados en enero y troncos arrastrados por los nortes. Este espacio se convirti\u00f3 en un \u00e9xito rotundo, elevando su afluencia anual de 7 mil a 23 mil usuarios, un crecimiento superior al 324%.<\/p>\n\n\n\n<p>En el \u00e1mbito infantil, se implementaron actividades escolares como caravanas de medici\u00f3n y coordinaci\u00f3n psicomotora, beneficiando a 79 escuelas, adem\u00e1s de cursos de verano gratuitos en cuatro unidades deportivas, con la participaci\u00f3n de alrededor de 800 ni\u00f1as y ni\u00f1os cada a\u00f1o.<\/p>\n\n\n\n<p>Finalmente, se logr\u00f3 resolver un pasivo hist\u00f3rico de 8 millones de pesos con CONADE, heredado desde 2012, reafirmando el compromiso de esta administraci\u00f3n con la transparencia y el manejo responsable de los recursos p\u00fablicos.<\/p>\n\n\n\n<p>Veracruz que enamora: cuatro a\u00f1os de ritmo, sabor y tradici\u00f3n que nos conectan con el mundo<\/p>\n\n\n\n<p>Durante estos cuatro a\u00f1os, la administraci\u00f3n municipal trabaj\u00f3 para posicionar a Veracruz como un destino vibrante, lleno de tradici\u00f3n, cultura, gastronom\u00eda y alegr\u00eda. A trav\u00e9s de una amplia agenda de actividades tur\u00edsticas y recreativas, se fortaleci\u00f3 tanto la proyecci\u00f3n de la ciudad como la econom\u00eda de miles de familias veracruzanas.<\/p>\n\n\n\n<p>Festival de San Sebasti\u00e1n:<\/p>\n\n\n\n<p>Como parte de la preservaci\u00f3n de las tradiciones, se dio continuidad al Festival de San Sebasti\u00e1n, con actividades culturales que se consolidaron como una tradici\u00f3n durante esta administraci\u00f3n. Entre ellas destacan las procesiones, paseos en lancha, misas y conciertos de la Orquesta Sinf\u00f3nica Daniel Ayala de la EMBA en la Catedral. La celebraci\u00f3n concluy\u00f3 con una Feria Gastron\u00f3mica de pescadores, que impuls\u00f3 la econom\u00eda de este importante sector.<\/p>\n\n\n\n<p>Semana Santa<\/p>\n\n\n\n<p>Durante el periodo vacacional de Semana Santa, se implementaron actividades dise\u00f1adas para incrementar la afluencia tur\u00edstica, como la Ruta del Caf\u00e9 en coordinaci\u00f3n con CANIRAC, adem\u00e1s de presentaciones culturales, recreativas y art\u00edsticas en la Macroplaza y el Z\u00f3calo. Gracias a esta programaci\u00f3n se recibieron m\u00e1s de 360 mil visitantes, alcanzando temporadas con saldo blanco.<\/p>\n\n\n\n<p>Verano<\/p>\n\n\n\n<p>Los eventos de verano reunieron a m\u00e1s de 400 mil asistentes, fortaleciendo el desarrollo tur\u00edstico, econ\u00f3mico y social del municipio y consolidando a Veracruz como un destino atractivo para visitantes nacionales y extranjeros.<\/p>\n\n\n\n<p>Carnaval de Veracruz<\/p>\n\n\n\n<p>El Carnaval se posicion\u00f3 como uno de los motores tur\u00edsticos m\u00e1s importantes del periodo. Durante estos cuatro a\u00f1os, la fiesta recibi\u00f3 m\u00e1s de 5 millones de turistas y m\u00e1s de 6 millones de asistentes, logrando una ocupaci\u00f3n hotelera del 100% en los d\u00edas de mayor afluencia. Adem\u00e1s, se registr\u00f3 un incremento del 30% en las ventas de establecimientos comerciales y de servicios tur\u00edsticos, generando una derrama econ\u00f3mica superior a 200 millones de pesos.<\/p>\n\n\n\n<p>La celebraci\u00f3n se llev\u00f3 a cabo con orden y seguridad, gracias a los operativos preventivos y la coordinaci\u00f3n de cuerpos de seguridad, logrando nuevamente temporadas con saldo blanco.<\/p>\n\n\n\n<p>D\u00eda de Muertos<\/p>\n\n\n\n<p>El D\u00eda de Muertos se reafirm\u00f3 como una de las tradiciones m\u00e1s queridas del puerto. A trav\u00e9s de desfiles, concursos, talleres y exposiciones, esta festividad logr\u00f3 reunir a m\u00e1s de 150 mil asistentes durante el periodo, llenando de color, vida y significado las calles del municipio.<\/p>\n\n\n\n<p>Festivales Gastron\u00f3micos<\/p>\n\n\n\n<p>Para promover la riqueza culinaria del puerto, se realizaron 30 festivales gastron\u00f3micos, que reunieron a m\u00e1s de un mill\u00f3n de asistentes. Edici\u00f3n tras edici\u00f3n se convirtieron en un \u00e9xito como el Festival del Pescador, el Festival del Esquite, la Tamaliza del Puerto, el Papaloapan Grill Fest, el Festival de Antojitos Jarochos, el Festival del Volov\u00e1n y la Hojaldra, la Pozoliza del Puerto y el Festival de la Pizza, Vino y Gelato. Estas actividades generaron aproximadamente 4 millones de pesos en ingresos para comerciantes y prestadores de servicios.<\/p>\n\n\n\n<p>Temporada decembrina<\/p>\n\n\n\n<p>La ciudad se alista cada a\u00f1o para la temporada decembrina, considerada una de las m\u00e1s especiales para las familias veracruzanas. Desde la iluminaci\u00f3n del Centro Hist\u00f3rico hasta presentaciones, talleres, conciertos de la Orquesta Filarm\u00f3nica, la tradicional Rama y el Mercadito Navide\u00f1o, esta celebraci\u00f3n fortalece la convivencia y el esp\u00edritu festivo en el municipio.<\/p>\n\n\n\n<p>La alcaldesa reconoci\u00f3 la colaboraci\u00f3n de c\u00e1maras empresariales, asociaciones y consejos, entre ellas Coparmex y CANIRAC, por su disposici\u00f3n para trabajar de la mano en el fortalecimiento del sector tur\u00edstico.<\/p>\n\n\n\n<p>Protecci\u00f3n que brind\u00f3 confianza<\/p>\n\n\n\n<p>Garantizar la seguridad de las y los veracruzanos ha sido una prioridad en esta administraci\u00f3n, fortaleciendo de manera integral la capacidad operativa de la Direcci\u00f3n de Protecci\u00f3n Civil y sus tres jefaturas: Protecci\u00f3n Civil, Bomberos y Guardavidas.<\/p>\n\n\n\n<p>Durante estos cuatro a\u00f1os, la Direcci\u00f3n brind\u00f3 m\u00e1s de 43,800 atenciones, reflejo del compromiso, la preparaci\u00f3n y la entrega del personal que d\u00eda con d\u00eda responde a emergencias para proteger la vida y el patrimonio de la ciudadan\u00eda.<\/p>\n\n\n\n<p>Para respaldar esta labor esencial, se realizaron importantes inversiones en equipamiento. El cuerpo de guardavidas fue dotado con uniformes, boyas de rescate, lonas preventivas e insumos especializados, utilizados principalmente en los operativos de Semana Santa. Asimismo, se adquirieron mangueras, botas contra incendio y uniformes completos para los 90 elementos que integran las tres \u00e1reas de la Direcci\u00f3n.<\/p>\n\n\n\n<p>El equipo de Bomberos tambi\u00e9n fue reforzado con la compra de 70 trajes certificados, dise\u00f1ados para garantizar su seguridad y eficiencia durante las labores de atenci\u00f3n a emergencias. A esto se sum\u00f3 la adquisici\u00f3n de un cami\u00f3n cisterna de 7,500 litros, que incrementa de manera significativa la capacidad de respuesta ante siniestros en distintos puntos de la ciudad.<\/p>\n\n\n\n<p>En conjunto, estas acciones representan una inversi\u00f3n superior a 11 millones 600 mil pesos, destinada a fortalecer la infraestructura operativa y garantizar servicios de emergencia oportunos, seguros y eficientes para toda la poblaci\u00f3n.<\/p>\n\n\n\n<p>La alcaldesa Paty Lobeira reconoci\u00f3 la labor de las bomberas y los bomberos, \u201cmujeres y hombres valientes que arriesgan su vida atendiendo cada llamado\u201d, as\u00ed como a Antonio Chedraui Bolado, Presidente del Patronato de Bomberos Conurbados, por su compromiso, respaldo y constante apoyo a este cuerpo de emergencia.<\/p>\n\n\n\n<p>Transparencia que da certeza: cuatro a\u00f1os de un gobierno honesto y responsable<\/p>\n\n\n\n<p>Durante esta administraci\u00f3n se impulsaron acciones firmes para garantizar el manejo honesto y transparente de los recursos p\u00fablicos, brindar servicios de calidad y fortalecer la participaci\u00f3n ciudadana. \u201cGracias a este compromiso cumplimos al 100% con las obligaciones en materia de transparencia y se atendieron puntualmente m\u00e1s de 1,000 solicitudes de informaci\u00f3n\u201d.<\/p>\n\n\n\n<p>Adem\u00e1s, se implementaron pol\u00edticas p\u00fablicas y programas orientados a la transparencia proactiva, el uso de tecnolog\u00edas y el modelo de gobierno abierto, posicionando al municipio como referente estatal en rendici\u00f3n de cuentas. Este esfuerzo fue reconocido por el IVAI, que otorg\u00f3 al Ayuntamiento el distintivo de Ayuntamiento Transparente durante tres a\u00f1os consecutivos en el Congreso del Estado.<\/p>\n\n\n\n<p>En materia financiera, la alcaldesa Paty Lobeira destac\u00f3 que durante esta administraci\u00f3n no se adquiri\u00f3 nueva deuda p\u00fablica. Los compromisos actuales derivan de la bursatilizaci\u00f3n realizada en 2007, lo que refleja una gesti\u00f3n responsable, disciplinada y orientada a mantener finanzas sanas. Dicho manejo ha sido avalado por las agencias calificadoras, que reconocieron el desempe\u00f1o financiero s\u00f3lido del municipio.<\/p>\n\n\n\n<p>Gracias a esta gesti\u00f3n ordenada y eficiente, el Ayuntamiento entregar\u00e1 una administraci\u00f3n con estabilidad econ\u00f3mica, cuentas claras y una estructura financiera s\u00f3lida.<\/p>\n\n\n\n<p>Un ciclo que cierra con gratitud y resultados para Veracruz<\/p>\n\n\n\n<p>Al concluir su Cuarto Informe de Gobierno, la alcaldesa Paty Lobeira expres\u00f3 su agradecimiento a todo su equipo de trabajo, a los ediles, a las \u00e1reas operativas y administrativas, as\u00ed como a los trabajadores sindicalizados y de confianza, por su entrega y compromiso durante estos cuatro a\u00f1os. Reconoci\u00f3 tambi\u00e9n el esfuerzo de los cuerpos de seguridad y protecci\u00f3n civil, cuyo trabajo permiti\u00f3 brindar tranquilidad y bienestar a las familias veracruzanas.<\/p>\n\n\n\n<p>Asimismo, agradeci\u00f3 profundamente a los ciudadanos por su confianza, cercan\u00eda y participaci\u00f3n, destacando que la administraci\u00f3n se caracteriz\u00f3 por ser un gobierno cercano, humano y que cumple. Dirigi\u00f3 un mensaje especial a su familia, particularmente a sus hijos, por acompa\u00f1arla y comprender el compromiso de servir a Veracruz.<\/p>\n\n\n\n<p>\u201cSoy veracruzana y amo profundamente a mi tierra y a su gente alegre, fuerte y trabajadora, amo cada rinc\u00f3n de esta ciudad hermosa que compartimos y que, con esfuerzo y unidad, hemos hecho brillar como nunca. Hoy, con el coraz\u00f3n lleno de gratitud, quiero decirles que todo lo que hemos hecho ha valido la pena, porque lo hicimos pensando en ustedes, por ustedes y para ustedes los veracruzanos\u201d, afirm\u00f3.<\/p>\n\n\n\n<p>La alcaldesa afirm\u00f3 que estos cuatro a\u00f1os representan avances, aprendizajes y resultados construidos con esfuerzo compartido, y reiter\u00f3 su amor por Veracruz y su gente. Se\u00f1al\u00f3 que este informe no marca un final, sino la confirmaci\u00f3n de que los logros se alcanzan con constancia, visi\u00f3n y amor por la ciudad.<\/p>\n\n\n\n<p>Finalmente, Paty Lobeira asegur\u00f3 que los veracruzanos podr\u00e1n contar con ella. \u201cPa\u2019 ti, pa\u2019 siempre\u201d, concluy\u00f3.<\/p>\n","protected":false},"excerpt":{"rendered":"<p>Veracruz: La alcaldesa Paty Lobeira present\u00f3 su Cuarto Informe de Gobierno en una sesi\u00f3n solemne realizada en el Teatro Francisco Javier Clavijero, destacando que su administraci\u00f3n respondi\u00f3 con hechos al compromiso asumido con las y los veracruzanos a trav\u00e9s de un gobierno cercano, humano y eficaz. En su mensaje, la alcaldesa destac\u00f3 que este informe [&hellip;]<\/p>\n","protected":false},"author":2,"featured_media":157675,"comment_status":"closed","ping_status":"closed","sticky":false,"template":"","format":"standard","meta":{"tdm_status":"","tdm_grid_status":"","footnotes":""},"categories":[73],"tags":[47729,47726,47728,47730,47727],"class_list":{"0":"post-157679","1":"post","2":"type-post","3":"status-publish","4":"format-standard","5":"has-post-thumbnail","7":"category-de-boleto","8":"tag-desarrollo-turistico-veracruz","9":"tag-infraestructura-urbana-veracruz","10":"tag-paty-lobeira-informe","11":"tag-programas-sociales-municipales","12":"tag-veracruz-gobierno-municipal"},"yoast_head":"<!-- This site is optimized with the Yoast SEO plugin v27.4 - https:\/\/yoast.com\/product\/yoast-seo-wordpress\/ -->\n<title>PA\u2019TI, PA\u2019 SIEMPRE! - Los pol\u00edticos Veracruz<\/title>\n<meta name=\"robots\" content=\"index, follow, max-snippet:-1, max-image-preview:large, max-video-preview:-1\" \/>\n<link rel=\"canonical\" href=\"https:\/\/lospoliticosveracruz.com\/?p=157679\" \/>\n<meta property=\"og:locale\" content=\"es_ES\" \/>\n<meta property=\"og:type\" content=\"article\" \/>\n<meta property=\"og:title\" content=\"PA\u2019TI, PA\u2019 SIEMPRE! - Los pol\u00edticos Veracruz\" \/>\n<meta property=\"og:description\" content=\"Veracruz: La alcaldesa Paty Lobeira present\u00f3 su Cuarto Informe de Gobierno en una sesi\u00f3n solemne realizada en el Teatro Francisco Javier Clavijero, destacando que su administraci\u00f3n respondi\u00f3 con hechos al compromiso asumido con las y los veracruzanos a trav\u00e9s de un gobierno cercano, humano y eficaz. En su mensaje, la alcaldesa destac\u00f3 que este informe [&hellip;]\" \/>\n<meta property=\"og:url\" content=\"https:\/\/lospoliticosveracruz.com\/?p=157679\" \/>\n<meta property=\"og:site_name\" content=\"Los pol\u00edticos Veracruz\" \/>\n<meta property=\"article:publisher\" content=\"https:\/\/www.facebook.com\/people\/Notimemes-de-los-Polticos\/61565672886568\/\" \/>\n<meta property=\"article:published_time\" content=\"2025-12-02T13:45:08+00:00\" \/>\n<meta property=\"article:modified_time\" content=\"2025-12-02T13:45:26+00:00\" \/>\n<meta property=\"og:image\" content=\"https:\/\/lospoliticosveracruz.com\/wp-content\/uploads\/2025\/12\/WhatsApp-Image-2025-12-02-at-07.26.14-1.jpeg\" \/>\n\t<meta property=\"og:image:width\" content=\"600\" \/>\n\t<meta property=\"og:image:height\" content=\"320\" \/>\n\t<meta property=\"og:image:type\" content=\"image\/jpeg\" \/>\n<meta name=\"author\" content=\"Lo viste en Los Pol\u00edticos\" \/>\n<meta name=\"twitter:card\" content=\"summary_large_image\" \/>\n<meta name=\"twitter:creator\" content=\"@LosPoliticosVer\" \/>\n<meta name=\"twitter:site\" content=\"@LosPoliticosVer\" \/>\n<meta name=\"twitter:label1\" content=\"Escrito por\" \/>\n\t<meta name=\"twitter:data1\" content=\"Lo viste en Los Pol\u00edticos\" \/>\n\t<meta name=\"twitter:label2\" content=\"Tiempo de lectura\" \/>\n\t<meta name=\"twitter:data2\" content=\"32 minutos\" \/>\n<script type=\"application\/ld+json\" class=\"yoast-schema-graph\">{\"@context\":\"https:\\\/\\\/schema.org\",\"@graph\":[{\"@type\":\"Article\",\"@id\":\"https:\\\/\\\/lospoliticosveracruz.com\\\/?p=157679#article\",\"isPartOf\":{\"@id\":\"https:\\\/\\\/lospoliticosveracruz.com\\\/?p=157679\"},\"author\":{\"name\":\"Lo viste en Los Pol\u00edticos\",\"@id\":\"https:\\\/\\\/lospoliticosveracruz.com\\\/#\\\/schema\\\/person\\\/b8702bb0e538456e6efd07080bf2a4a2\"},\"headline\":\"PA\u2019TI, PA\u2019 SIEMPRE!\",\"datePublished\":\"2025-12-02T13:45:08+00:00\",\"dateModified\":\"2025-12-02T13:45:26+00:00\",\"mainEntityOfPage\":{\"@id\":\"https:\\\/\\\/lospoliticosveracruz.com\\\/?p=157679\"},\"wordCount\":6372,\"publisher\":{\"@id\":\"https:\\\/\\\/lospoliticosveracruz.com\\\/#organization\"},\"image\":{\"@id\":\"https:\\\/\\\/lospoliticosveracruz.com\\\/?p=157679#primaryimage\"},\"thumbnailUrl\":\"https:\\\/\\\/lospoliticosveracruz.com\\\/wp-content\\\/uploads\\\/2025\\\/12\\\/WhatsApp-Image-2025-12-02-at-07.26.14-1.jpeg\",\"keywords\":[\"desarrollo tur\u00edstico Veracruz\",\"infraestructura urbana Veracruz\",\"Paty Lobeira informe\",\"programas sociales municipales\",\"Veracruz gobierno municipal\"],\"articleSection\":[\"De Boleto\"],\"inLanguage\":\"es\"},{\"@type\":\"WebPage\",\"@id\":\"https:\\\/\\\/lospoliticosveracruz.com\\\/?p=157679\",\"url\":\"https:\\\/\\\/lospoliticosveracruz.com\\\/?p=157679\",\"name\":\"PA\u2019TI, PA\u2019 SIEMPRE! - Los pol\u00edticos Veracruz\",\"isPartOf\":{\"@id\":\"https:\\\/\\\/lospoliticosveracruz.com\\\/#website\"},\"primaryImageOfPage\":{\"@id\":\"https:\\\/\\\/lospoliticosveracruz.com\\\/?p=157679#primaryimage\"},\"image\":{\"@id\":\"https:\\\/\\\/lospoliticosveracruz.com\\\/?p=157679#primaryimage\"},\"thumbnailUrl\":\"https:\\\/\\\/lospoliticosveracruz.com\\\/wp-content\\\/uploads\\\/2025\\\/12\\\/WhatsApp-Image-2025-12-02-at-07.26.14-1.jpeg\",\"datePublished\":\"2025-12-02T13:45:08+00:00\",\"dateModified\":\"2025-12-02T13:45:26+00:00\",\"breadcrumb\":{\"@id\":\"https:\\\/\\\/lospoliticosveracruz.com\\\/?p=157679#breadcrumb\"},\"inLanguage\":\"es\",\"potentialAction\":[{\"@type\":\"ReadAction\",\"target\":[\"https:\\\/\\\/lospoliticosveracruz.com\\\/?p=157679\"]}]},{\"@type\":\"ImageObject\",\"inLanguage\":\"es\",\"@id\":\"https:\\\/\\\/lospoliticosveracruz.com\\\/?p=157679#primaryimage\",\"url\":\"https:\\\/\\\/lospoliticosveracruz.com\\\/wp-content\\\/uploads\\\/2025\\\/12\\\/WhatsApp-Image-2025-12-02-at-07.26.14-1.jpeg\",\"contentUrl\":\"https:\\\/\\\/lospoliticosveracruz.com\\\/wp-content\\\/uploads\\\/2025\\\/12\\\/WhatsApp-Image-2025-12-02-at-07.26.14-1.jpeg\",\"width\":600,\"height\":320},{\"@type\":\"BreadcrumbList\",\"@id\":\"https:\\\/\\\/lospoliticosveracruz.com\\\/?p=157679#breadcrumb\",\"itemListElement\":[{\"@type\":\"ListItem\",\"position\":1,\"name\":\"Portada\",\"item\":\"https:\\\/\\\/lospoliticosveracruz.com\\\/\"},{\"@type\":\"ListItem\",\"position\":2,\"name\":\"PA\u2019TI, PA\u2019 SIEMPRE!\"}]},{\"@type\":\"WebSite\",\"@id\":\"https:\\\/\\\/lospoliticosveracruz.com\\\/#website\",\"url\":\"https:\\\/\\\/lospoliticosveracruz.com\\\/\",\"name\":\"Los pol\u00edticos Veracruz\",\"description\":\"\",\"publisher\":{\"@id\":\"https:\\\/\\\/lospoliticosveracruz.com\\\/#organization\"},\"potentialAction\":[{\"@type\":\"SearchAction\",\"target\":{\"@type\":\"EntryPoint\",\"urlTemplate\":\"https:\\\/\\\/lospoliticosveracruz.com\\\/?s={search_term_string}\"},\"query-input\":{\"@type\":\"PropertyValueSpecification\",\"valueRequired\":true,\"valueName\":\"search_term_string\"}}],\"inLanguage\":\"es\"},{\"@type\":\"Organization\",\"@id\":\"https:\\\/\\\/lospoliticosveracruz.com\\\/#organization\",\"name\":\"Los pol\u00edticos Veracruz\",\"url\":\"https:\\\/\\\/lospoliticosveracruz.com\\\/\",\"logo\":{\"@type\":\"ImageObject\",\"inLanguage\":\"es\",\"@id\":\"https:\\\/\\\/lospoliticosveracruz.com\\\/#\\\/schema\\\/logo\\\/image\\\/\",\"url\":\"https:\\\/\\\/lospoliticosveracruz.com\\\/wp-content\\\/uploads\\\/2025\\\/12\\\/Logo-Nuevo-LOS-POLITICOS-1.jpg\",\"contentUrl\":\"https:\\\/\\\/lospoliticosveracruz.com\\\/wp-content\\\/uploads\\\/2025\\\/12\\\/Logo-Nuevo-LOS-POLITICOS-1.jpg\",\"width\":260,\"height\":70,\"caption\":\"Los pol\u00edticos Veracruz\"},\"image\":{\"@id\":\"https:\\\/\\\/lospoliticosveracruz.com\\\/#\\\/schema\\\/logo\\\/image\\\/\"},\"sameAs\":[\"https:\\\/\\\/www.facebook.com\\\/people\\\/Notimemes-de-los-Polticos\\\/61565672886568\\\/\",\"https:\\\/\\\/x.com\\\/LosPoliticosVer\"]},{\"@type\":\"Person\",\"@id\":\"https:\\\/\\\/lospoliticosveracruz.com\\\/#\\\/schema\\\/person\\\/b8702bb0e538456e6efd07080bf2a4a2\",\"name\":\"Lo viste en Los Pol\u00edticos\",\"image\":{\"@type\":\"ImageObject\",\"inLanguage\":\"es\",\"@id\":\"https:\\\/\\\/secure.gravatar.com\\\/avatar\\\/3a8de04a2656d44082be478bd6c086daa447c4651605818287b9532d3d0bd435?s=96&d=mm&r=g\",\"url\":\"https:\\\/\\\/secure.gravatar.com\\\/avatar\\\/3a8de04a2656d44082be478bd6c086daa447c4651605818287b9532d3d0bd435?s=96&d=mm&r=g\",\"contentUrl\":\"https:\\\/\\\/secure.gravatar.com\\\/avatar\\\/3a8de04a2656d44082be478bd6c086daa447c4651605818287b9532d3d0bd435?s=96&d=mm&r=g\",\"caption\":\"Lo viste en Los Pol\u00edticos\"},\"url\":\"https:\\\/\\\/lospoliticosveracruz.com\\\/?author=2\"}]}<\/script>\n<!-- \/ Yoast SEO plugin. -->","yoast_head_json":{"title":"PA\u2019TI, PA\u2019 SIEMPRE! - Los pol\u00edticos Veracruz","robots":{"index":"index","follow":"follow","max-snippet":"max-snippet:-1","max-image-preview":"max-image-preview:large","max-video-preview":"max-video-preview:-1"},"canonical":"https:\/\/lospoliticosveracruz.com\/?p=157679","og_locale":"es_ES","og_type":"article","og_title":"PA\u2019TI, PA\u2019 SIEMPRE! - Los pol\u00edticos Veracruz","og_description":"Veracruz: La alcaldesa Paty Lobeira present\u00f3 su Cuarto Informe de Gobierno en una sesi\u00f3n solemne realizada en el Teatro Francisco Javier Clavijero, destacando que su administraci\u00f3n respondi\u00f3 con hechos al compromiso asumido con las y los veracruzanos a trav\u00e9s de un gobierno cercano, humano y eficaz. En su mensaje, la alcaldesa destac\u00f3 que este informe [&hellip;]","og_url":"https:\/\/lospoliticosveracruz.com\/?p=157679","og_site_name":"Los pol\u00edticos Veracruz","article_publisher":"https:\/\/www.facebook.com\/people\/Notimemes-de-los-Polticos\/61565672886568\/","article_published_time":"2025-12-02T13:45:08+00:00","article_modified_time":"2025-12-02T13:45:26+00:00","og_image":[{"width":600,"height":320,"url":"https:\/\/lospoliticosveracruz.com\/wp-content\/uploads\/2025\/12\/WhatsApp-Image-2025-12-02-at-07.26.14-1.jpeg","type":"image\/jpeg"}],"author":"Lo viste en Los Pol\u00edticos","twitter_card":"summary_large_image","twitter_creator":"@LosPoliticosVer","twitter_site":"@LosPoliticosVer","twitter_misc":{"Escrito por":"Lo viste en Los Pol\u00edticos","Tiempo de lectura":"32 minutos"},"schema":{"@context":"https:\/\/schema.org","@graph":[{"@type":"Article","@id":"https:\/\/lospoliticosveracruz.com\/?p=157679#article","isPartOf":{"@id":"https:\/\/lospoliticosveracruz.com\/?p=157679"},"author":{"name":"Lo viste en Los Pol\u00edticos","@id":"https:\/\/lospoliticosveracruz.com\/#\/schema\/person\/b8702bb0e538456e6efd07080bf2a4a2"},"headline":"PA\u2019TI, PA\u2019 SIEMPRE!","datePublished":"2025-12-02T13:45:08+00:00","dateModified":"2025-12-02T13:45:26+00:00","mainEntityOfPage":{"@id":"https:\/\/lospoliticosveracruz.com\/?p=157679"},"wordCount":6372,"publisher":{"@id":"https:\/\/lospoliticosveracruz.com\/#organization"},"image":{"@id":"https:\/\/lospoliticosveracruz.com\/?p=157679#primaryimage"},"thumbnailUrl":"https:\/\/lospoliticosveracruz.com\/wp-content\/uploads\/2025\/12\/WhatsApp-Image-2025-12-02-at-07.26.14-1.jpeg","keywords":["desarrollo tur\u00edstico Veracruz","infraestructura urbana Veracruz","Paty Lobeira informe","programas sociales municipales","Veracruz gobierno municipal"],"articleSection":["De Boleto"],"inLanguage":"es"},{"@type":"WebPage","@id":"https:\/\/lospoliticosveracruz.com\/?p=157679","url":"https:\/\/lospoliticosveracruz.com\/?p=157679","name":"PA\u2019TI, PA\u2019 SIEMPRE! - Los pol\u00edticos Veracruz","isPartOf":{"@id":"https:\/\/lospoliticosveracruz.com\/#website"},"primaryImageOfPage":{"@id":"https:\/\/lospoliticosveracruz.com\/?p=157679#primaryimage"},"image":{"@id":"https:\/\/lospoliticosveracruz.com\/?p=157679#primaryimage"},"thumbnailUrl":"https:\/\/lospoliticosveracruz.com\/wp-content\/uploads\/2025\/12\/WhatsApp-Image-2025-12-02-at-07.26.14-1.jpeg","datePublished":"2025-12-02T13:45:08+00:00","dateModified":"2025-12-02T13:45:26+00:00","breadcrumb":{"@id":"https:\/\/lospoliticosveracruz.com\/?p=157679#breadcrumb"},"inLanguage":"es","potentialAction":[{"@type":"ReadAction","target":["https:\/\/lospoliticosveracruz.com\/?p=157679"]}]},{"@type":"ImageObject","inLanguage":"es","@id":"https:\/\/lospoliticosveracruz.com\/?p=157679#primaryimage","url":"https:\/\/lospoliticosveracruz.com\/wp-content\/uploads\/2025\/12\/WhatsApp-Image-2025-12-02-at-07.26.14-1.jpeg","contentUrl":"https:\/\/lospoliticosveracruz.com\/wp-content\/uploads\/2025\/12\/WhatsApp-Image-2025-12-02-at-07.26.14-1.jpeg","width":600,"height":320},{"@type":"BreadcrumbList","@id":"https:\/\/lospoliticosveracruz.com\/?p=157679#breadcrumb","itemListElement":[{"@type":"ListItem","position":1,"name":"Portada","item":"https:\/\/lospoliticosveracruz.com\/"},{"@type":"ListItem","position":2,"name":"PA\u2019TI, PA\u2019 SIEMPRE!"}]},{"@type":"WebSite","@id":"https:\/\/lospoliticosveracruz.com\/#website","url":"https:\/\/lospoliticosveracruz.com\/","name":"Los pol\u00edticos Veracruz","description":"","publisher":{"@id":"https:\/\/lospoliticosveracruz.com\/#organization"},"potentialAction":[{"@type":"SearchAction","target":{"@type":"EntryPoint","urlTemplate":"https:\/\/lospoliticosveracruz.com\/?s={search_term_string}"},"query-input":{"@type":"PropertyValueSpecification","valueRequired":true,"valueName":"search_term_string"}}],"inLanguage":"es"},{"@type":"Organization","@id":"https:\/\/lospoliticosveracruz.com\/#organization","name":"Los pol\u00edticos Veracruz","url":"https:\/\/lospoliticosveracruz.com\/","logo":{"@type":"ImageObject","inLanguage":"es","@id":"https:\/\/lospoliticosveracruz.com\/#\/schema\/logo\/image\/","url":"https:\/\/lospoliticosveracruz.com\/wp-content\/uploads\/2025\/12\/Logo-Nuevo-LOS-POLITICOS-1.jpg","contentUrl":"https:\/\/lospoliticosveracruz.com\/wp-content\/uploads\/2025\/12\/Logo-Nuevo-LOS-POLITICOS-1.jpg","width":260,"height":70,"caption":"Los pol\u00edticos Veracruz"},"image":{"@id":"https:\/\/lospoliticosveracruz.com\/#\/schema\/logo\/image\/"},"sameAs":["https:\/\/www.facebook.com\/people\/Notimemes-de-los-Polticos\/61565672886568\/","https:\/\/x.com\/LosPoliticosVer"]},{"@type":"Person","@id":"https:\/\/lospoliticosveracruz.com\/#\/schema\/person\/b8702bb0e538456e6efd07080bf2a4a2","name":"Lo viste en Los Pol\u00edticos","image":{"@type":"ImageObject","inLanguage":"es","@id":"https:\/\/secure.gravatar.com\/avatar\/3a8de04a2656d44082be478bd6c086daa447c4651605818287b9532d3d0bd435?s=96&d=mm&r=g","url":"https:\/\/secure.gravatar.com\/avatar\/3a8de04a2656d44082be478bd6c086daa447c4651605818287b9532d3d0bd435?s=96&d=mm&r=g","contentUrl":"https:\/\/secure.gravatar.com\/avatar\/3a8de04a2656d44082be478bd6c086daa447c4651605818287b9532d3d0bd435?s=96&d=mm&r=g","caption":"Lo viste en Los Pol\u00edticos"},"url":"https:\/\/lospoliticosveracruz.com\/?author=2"}]}},"_links":{"self":[{"href":"https:\/\/lospoliticosveracruz.com\/index.php?rest_route=\/wp\/v2\/posts\/157679","targetHints":{"allow":["GET"]}}],"collection":[{"href":"https:\/\/lospoliticosveracruz.com\/index.php?rest_route=\/wp\/v2\/posts"}],"about":[{"href":"https:\/\/lospoliticosveracruz.com\/index.php?rest_route=\/wp\/v2\/types\/post"}],"author":[{"embeddable":true,"href":"https:\/\/lospoliticosveracruz.com\/index.php?rest_route=\/wp\/v2\/users\/2"}],"replies":[{"embeddable":true,"href":"https:\/\/lospoliticosveracruz.com\/index.php?rest_route=%2Fwp%2Fv2%2Fcomments&post=157679"}],"version-history":[{"count":1,"href":"https:\/\/lospoliticosveracruz.com\/index.php?rest_route=\/wp\/v2\/posts\/157679\/revisions"}],"predecessor-version":[{"id":157680,"href":"https:\/\/lospoliticosveracruz.com\/index.php?rest_route=\/wp\/v2\/posts\/157679\/revisions\/157680"}],"wp:featuredmedia":[{"embeddable":true,"href":"https:\/\/lospoliticosveracruz.com\/index.php?rest_route=\/wp\/v2\/media\/157675"}],"wp:attachment":[{"href":"https:\/\/lospoliticosveracruz.com\/index.php?rest_route=%2Fwp%2Fv2%2Fmedia&parent=157679"}],"wp:term":[{"taxonomy":"category","embeddable":true,"href":"https:\/\/lospoliticosveracruz.com\/index.php?rest_route=%2Fwp%2Fv2%2Fcategories&post=157679"},{"taxonomy":"post_tag","embeddable":true,"href":"https:\/\/lospoliticosveracruz.com\/index.php?rest_route=%2Fwp%2Fv2%2Ftags&post=157679"}],"curies":[{"name":"wp","href":"https:\/\/api.w.org\/{rel}","templated":true}]}}