{"id":157696,"date":"2025-12-03T06:04:50","date_gmt":"2025-12-03T12:04:50","guid":{"rendered":"https:\/\/lospoliticosveracruz.com.mx\/?p=157696"},"modified":"2025-12-03T06:05:19","modified_gmt":"2025-12-03T12:05:19","slug":"la-primera-morena-de-veracruz","status":"publish","type":"post","link":"https:\/\/lospoliticosveracruz.com\/?p=157696","title":{"rendered":"LA PRIMERA MORENA DE VERACRUZ"},"content":{"rendered":"\n<p>S\u00edguenos ahora tambi\u00e9n en WhatsApp.\u00a0\u00a1<a href=\"https:\/\/whatsapp.com\/channel\/0029Va8zRWlEKyZIP3Z1dF0e\"><strong>Da clic aqu\u00ed<\/strong><\/a><strong>!<\/strong><\/p>\n\n\n\n<p><strong>Salvador Mu\u00f1oz<\/strong><br><em>Los Pol\u00edticos<\/em><\/p>\n\n\n\n<p>Es seguro que la oposici\u00f3n no haga tanta mella con sus cr\u00edticas, ataques, se\u00f1alamientos, contra <strong>Morena<\/strong> y su gobierno en el Poder, como el mismo <strong>Morena<\/strong> al interior lo hace. <strong>Morena<\/strong>, con una Presidenta, mayor\u00eda en C\u00e1maras alta y baja; mayor n\u00famero de Gobernadores; y en lo local, con Poder Ejecutivo en sus manos y mayor\u00eda en el Congreso local; sin contar que abrir\u00e1n con un gran n\u00famero de alcald\u00edas pesadas, fuertes, significantes en sus manos, hacen que sea objetivo de las cr\u00edticas muy ajenas a cualquier \u201cdesvar\u00edo\u201d de campa\u00f1as en contra.<\/p>\n\n\n\n\n\n<p>Justificarse con eso, es no entender la posici\u00f3n en la que se encuentran. <strong>Morena<\/strong> es el sujeto de la observancia medi\u00e1tica, pol\u00edtica, partidista y sobre todo, ciudadana. Los ojos est\u00e1n puestos en sus gobernantes o funcionarios porque ellos son los que ejercen\u2026 en serio, no hay campa\u00f1a en contra; afirmar lo contrario es un intento burdo de justificar la ineptitud, los errores y exponer que no se est\u00e1 de acuerdo con el escrutinio de los mexicanos y en este caso, localmente hablando, de los veracruzanos.<\/p>\n\n\n\n<p>La cr\u00edtica de la oposici\u00f3n o de los ciudadanos, sin embargo, quiz\u00e1s debiera ser la menor de sus preocupaciones; no se est\u00e1 minimizando; lo que ocurre es que \u00e9sta es la natural, la que se da por decanto, la que sale del coraz\u00f3n\u2026 \u00e9sa, con oficio pol\u00edtico, se atiende, se resuelve, se soluciona, siempre y cuando haya la disposici\u00f3n para, insisto, entender la posici\u00f3n en que se encuentran: son poder y por eso pueden\u2026 pueden atender, pueden escuchar, pueden resolver\u2026<\/p>\n\n\n\n<p>El asunto est\u00e1 al interior de <strong>Morena<\/strong> con una serie de golpes bajos, en un todos contra todos, en que cada quien quiere llevar agua a su molino, en una guerra de guerrillas visceral, entra\u00f1able, que expone al p\u00fablico, al espectador, al ciudadano, un <strong>Morena<\/strong> igual que los otros: corrupto, mentiroso, transa, sedientos de poder particular, motivados por los intereses propios m\u00e1s que comunitarios.<\/p>\n\n\n\n<p>Ah\u00ed est\u00e1n los <strong>Manuel Huerta<\/strong>, los <strong>Eleazar<\/strong>, los <strong>Zenyazen<\/strong>, los <strong>Zepeta<\/strong>, los Cuitahuistas, etc\u00e9tera\u2026 todos jalando en sentido contrario al de la Gobernadora\u2026 Las elecciones del <strong>2025<\/strong> fueron una prueba de ello.<\/p>\n\n\n\n<p>A esto se suma los intereses que desde el Altiplano se concentran sobre <strong>Veracruz<\/strong> y se pone el ejemplo de <strong>Ad\u00e1n Augusto<\/strong> y <strong>Manuel Huerta<\/strong> con esa nueva relaci\u00f3n que guardan con el senador <strong>Yunes M\u00e1rquez<\/strong>\u2026 los amigos de tus enemigos, son tus enemigos <strong>Nahle<\/strong>\u2026<\/p>\n\n\n\n<p><strong>Morena<\/strong> en <strong>Veracruz<\/strong> est\u00e1 lejos de verse como una unidad\u2026 cuando <strong>Nahle Garc\u00eda<\/strong> debiera verse como la \u00fanica lideresa local en la entidad, la primera morena de <strong>Veracruz<\/strong>, hay la urgencia de muchos por los reflectores, por los micr\u00f3fonos o por poner zancadillas a los verdaderos aliados o aliadas de la Gobernadora.<\/p>\n\n\n\n<p>El partido en el poder tiene el tiempo encima para meditar los errores del 25 y solventarlos para el 27 si es que quiere ir barbechando el camino al 30\u2026 Parece lejos pero el tiempo pasa volando.<\/p>\n\n\n\n<p>Dependiendo del resultado del <strong>2027<\/strong> nos podremos ir haciendo una idea de c\u00f3mo pas\u00f3 <strong>Roc\u00edo Nahle<\/strong> de ser Gobernadora a tambi\u00e9n ostentar el t\u00edtulo de ser la primera morena de <strong>Veracruz<\/strong>, algo que en el <strong>2025<\/strong> no se vio, no pudo o no la dejaron ejercer\u2026<\/p>\n","protected":false},"excerpt":{"rendered":"<p>Salvador Mu\u00f1ozLos Pol\u00edticos Es seguro que la oposici\u00f3n no haga tanta mella con sus cr\u00edticas, ataques, se\u00f1alamientos, contra Morena y su gobierno en el Poder, como el mismo Morena al interior lo hace. Morena, con una Presidenta, mayor\u00eda en C\u00e1maras alta y baja; mayor n\u00famero de Gobernadores; y en lo local, con Poder Ejecutivo en [&hellip;]<\/p>\n","protected":false},"author":2,"featured_media":141805,"comment_status":"closed","ping_status":"closed","sticky":false,"template":"","format":"standard","meta":{"tdm_status":"","tdm_grid_status":"","footnotes":""},"categories":[70],"tags":[47749,14022,25035,2328,3578,2646],"class_list":{"0":"post-157696","1":"post","2":"type-post","3":"status-publish","4":"format-standard","5":"has-post-thumbnail","7":"category-de-opinion","8":"tag-analisis-electoral","9":"tag-los-politicos","10":"tag-morena-veracruz","11":"tag-politica-veracruzana","12":"tag-rocio-nahle","13":"tag-salvador-munoz"},"yoast_head":"<!-- This site is optimized with the Yoast SEO plugin v27.4 - https:\/\/yoast.com\/product\/yoast-seo-wordpress\/ -->\n<title>LA PRIMERA MORENA DE VERACRUZ - Los pol\u00edticos Veracruz<\/title>\n<meta name=\"robots\" content=\"index, follow, max-snippet:-1, max-image-preview:large, max-video-preview:-1\" \/>\n<link rel=\"canonical\" href=\"https:\/\/lospoliticosveracruz.com\/?p=157696\" \/>\n<meta property=\"og:locale\" content=\"es_ES\" \/>\n<meta property=\"og:type\" content=\"article\" \/>\n<meta property=\"og:title\" content=\"LA PRIMERA MORENA DE VERACRUZ - Los pol\u00edticos Veracruz\" \/>\n<meta property=\"og:description\" content=\"Salvador Mu\u00f1ozLos Pol\u00edticos Es seguro que la oposici\u00f3n no haga tanta mella con sus cr\u00edticas, ataques, se\u00f1alamientos, contra Morena y su gobierno en el Poder, como el mismo Morena al interior lo hace. Morena, con una Presidenta, mayor\u00eda en C\u00e1maras alta y baja; mayor n\u00famero de Gobernadores; y en lo local, con Poder Ejecutivo en [&hellip;]\" \/>\n<meta property=\"og:url\" content=\"https:\/\/lospoliticosveracruz.com\/?p=157696\" \/>\n<meta property=\"og:site_name\" content=\"Los pol\u00edticos Veracruz\" \/>\n<meta property=\"article:publisher\" content=\"https:\/\/www.facebook.com\/people\/Notimemes-de-los-Polticos\/61565672886568\/\" \/>\n<meta property=\"article:published_time\" content=\"2025-12-03T12:04:50+00:00\" \/>\n<meta property=\"article:modified_time\" content=\"2025-12-03T12:05:19+00:00\" \/>\n<meta property=\"og:image\" content=\"https:\/\/lospoliticosveracruz.com\/wp-content\/uploads\/2025\/04\/Chava-Munoz-1.jpg\" \/>\n\t<meta property=\"og:image:width\" content=\"1250\" \/>\n\t<meta property=\"og:image:height\" content=\"667\" \/>\n\t<meta property=\"og:image:type\" content=\"image\/jpeg\" \/>\n<meta name=\"author\" content=\"Lo viste en Los Pol\u00edticos\" \/>\n<meta name=\"twitter:card\" content=\"summary_large_image\" \/>\n<meta name=\"twitter:creator\" content=\"@LosPoliticosVer\" \/>\n<meta name=\"twitter:site\" content=\"@LosPoliticosVer\" \/>\n<meta name=\"twitter:label1\" content=\"Escrito por\" \/>\n\t<meta name=\"twitter:data1\" content=\"Lo viste en Los Pol\u00edticos\" \/>\n\t<meta name=\"twitter:label2\" content=\"Tiempo de lectura\" \/>\n\t<meta name=\"twitter:data2\" content=\"3 minutos\" \/>\n<script type=\"application\/ld+json\" class=\"yoast-schema-graph\">{\"@context\":\"https:\\\/\\\/schema.org\",\"@graph\":[{\"@type\":\"Article\",\"@id\":\"https:\\\/\\\/lospoliticosveracruz.com\\\/?p=157696#article\",\"isPartOf\":{\"@id\":\"https:\\\/\\\/lospoliticosveracruz.com\\\/?p=157696\"},\"author\":{\"name\":\"Lo viste en Los Pol\u00edticos\",\"@id\":\"https:\\\/\\\/lospoliticosveracruz.com\\\/#\\\/schema\\\/person\\\/b8702bb0e538456e6efd07080bf2a4a2\"},\"headline\":\"LA PRIMERA MORENA DE VERACRUZ\",\"datePublished\":\"2025-12-03T12:04:50+00:00\",\"dateModified\":\"2025-12-03T12:05:19+00:00\",\"mainEntityOfPage\":{\"@id\":\"https:\\\/\\\/lospoliticosveracruz.com\\\/?p=157696\"},\"wordCount\":577,\"publisher\":{\"@id\":\"https:\\\/\\\/lospoliticosveracruz.com\\\/#organization\"},\"image\":{\"@id\":\"https:\\\/\\\/lospoliticosveracruz.com\\\/?p=157696#primaryimage\"},\"thumbnailUrl\":\"https:\\\/\\\/lospoliticosveracruz.com\\\/wp-content\\\/uploads\\\/2025\\\/04\\\/Chava-Munoz-1.jpg\",\"keywords\":[\"an\u00e1lisis electoral\",\"Los Pol\u00edticos\",\"Morena Veracruz\",\"Pol\u00edtica veracruzana\",\"Roc\u00edo Nahle\",\"Salvador Mu\u00f1oz\"],\"articleSection\":[\"De Opini\u00f3n\"],\"inLanguage\":\"es\"},{\"@type\":\"WebPage\",\"@id\":\"https:\\\/\\\/lospoliticosveracruz.com\\\/?p=157696\",\"url\":\"https:\\\/\\\/lospoliticosveracruz.com\\\/?p=157696\",\"name\":\"LA PRIMERA MORENA DE VERACRUZ - Los pol\u00edticos Veracruz\",\"isPartOf\":{\"@id\":\"https:\\\/\\\/lospoliticosveracruz.com\\\/#website\"},\"primaryImageOfPage\":{\"@id\":\"https:\\\/\\\/lospoliticosveracruz.com\\\/?p=157696#primaryimage\"},\"image\":{\"@id\":\"https:\\\/\\\/lospoliticosveracruz.com\\\/?p=157696#primaryimage\"},\"thumbnailUrl\":\"https:\\\/\\\/lospoliticosveracruz.com\\\/wp-content\\\/uploads\\\/2025\\\/04\\\/Chava-Munoz-1.jpg\",\"datePublished\":\"2025-12-03T12:04:50+00:00\",\"dateModified\":\"2025-12-03T12:05:19+00:00\",\"breadcrumb\":{\"@id\":\"https:\\\/\\\/lospoliticosveracruz.com\\\/?p=157696#breadcrumb\"},\"inLanguage\":\"es\",\"potentialAction\":[{\"@type\":\"ReadAction\",\"target\":[\"https:\\\/\\\/lospoliticosveracruz.com\\\/?p=157696\"]}]},{\"@type\":\"ImageObject\",\"inLanguage\":\"es\",\"@id\":\"https:\\\/\\\/lospoliticosveracruz.com\\\/?p=157696#primaryimage\",\"url\":\"https:\\\/\\\/lospoliticosveracruz.com\\\/wp-content\\\/uploads\\\/2025\\\/04\\\/Chava-Munoz-1.jpg\",\"contentUrl\":\"https:\\\/\\\/lospoliticosveracruz.com\\\/wp-content\\\/uploads\\\/2025\\\/04\\\/Chava-Munoz-1.jpg\",\"width\":1250,\"height\":667},{\"@type\":\"BreadcrumbList\",\"@id\":\"https:\\\/\\\/lospoliticosveracruz.com\\\/?p=157696#breadcrumb\",\"itemListElement\":[{\"@type\":\"ListItem\",\"position\":1,\"name\":\"Portada\",\"item\":\"https:\\\/\\\/lospoliticosveracruz.com\\\/\"},{\"@type\":\"ListItem\",\"position\":2,\"name\":\"LA PRIMERA MORENA DE VERACRUZ\"}]},{\"@type\":\"WebSite\",\"@id\":\"https:\\\/\\\/lospoliticosveracruz.com\\\/#website\",\"url\":\"https:\\\/\\\/lospoliticosveracruz.com\\\/\",\"name\":\"Los pol\u00edticos Veracruz\",\"description\":\"\",\"publisher\":{\"@id\":\"https:\\\/\\\/lospoliticosveracruz.com\\\/#organization\"},\"potentialAction\":[{\"@type\":\"SearchAction\",\"target\":{\"@type\":\"EntryPoint\",\"urlTemplate\":\"https:\\\/\\\/lospoliticosveracruz.com\\\/?s={search_term_string}\"},\"query-input\":{\"@type\":\"PropertyValueSpecification\",\"valueRequired\":true,\"valueName\":\"search_term_string\"}}],\"inLanguage\":\"es\"},{\"@type\":\"Organization\",\"@id\":\"https:\\\/\\\/lospoliticosveracruz.com\\\/#organization\",\"name\":\"Los pol\u00edticos Veracruz\",\"url\":\"https:\\\/\\\/lospoliticosveracruz.com\\\/\",\"logo\":{\"@type\":\"ImageObject\",\"inLanguage\":\"es\",\"@id\":\"https:\\\/\\\/lospoliticosveracruz.com\\\/#\\\/schema\\\/logo\\\/image\\\/\",\"url\":\"https:\\\/\\\/lospoliticosveracruz.com\\\/wp-content\\\/uploads\\\/2025\\\/12\\\/Logo-Nuevo-LOS-POLITICOS-1.jpg\",\"contentUrl\":\"https:\\\/\\\/lospoliticosveracruz.com\\\/wp-content\\\/uploads\\\/2025\\\/12\\\/Logo-Nuevo-LOS-POLITICOS-1.jpg\",\"width\":260,\"height\":70,\"caption\":\"Los pol\u00edticos Veracruz\"},\"image\":{\"@id\":\"https:\\\/\\\/lospoliticosveracruz.com\\\/#\\\/schema\\\/logo\\\/image\\\/\"},\"sameAs\":[\"https:\\\/\\\/www.facebook.com\\\/people\\\/Notimemes-de-los-Polticos\\\/61565672886568\\\/\",\"https:\\\/\\\/x.com\\\/LosPoliticosVer\"]},{\"@type\":\"Person\",\"@id\":\"https:\\\/\\\/lospoliticosveracruz.com\\\/#\\\/schema\\\/person\\\/b8702bb0e538456e6efd07080bf2a4a2\",\"name\":\"Lo viste en Los Pol\u00edticos\",\"image\":{\"@type\":\"ImageObject\",\"inLanguage\":\"es\",\"@id\":\"https:\\\/\\\/secure.gravatar.com\\\/avatar\\\/3a8de04a2656d44082be478bd6c086daa447c4651605818287b9532d3d0bd435?s=96&d=mm&r=g\",\"url\":\"https:\\\/\\\/secure.gravatar.com\\\/avatar\\\/3a8de04a2656d44082be478bd6c086daa447c4651605818287b9532d3d0bd435?s=96&d=mm&r=g\",\"contentUrl\":\"https:\\\/\\\/secure.gravatar.com\\\/avatar\\\/3a8de04a2656d44082be478bd6c086daa447c4651605818287b9532d3d0bd435?s=96&d=mm&r=g\",\"caption\":\"Lo viste en Los Pol\u00edticos\"},\"url\":\"https:\\\/\\\/lospoliticosveracruz.com\\\/?author=2\"}]}<\/script>\n<!-- \/ Yoast SEO plugin. -->","yoast_head_json":{"title":"LA PRIMERA MORENA DE VERACRUZ - Los pol\u00edticos Veracruz","robots":{"index":"index","follow":"follow","max-snippet":"max-snippet:-1","max-image-preview":"max-image-preview:large","max-video-preview":"max-video-preview:-1"},"canonical":"https:\/\/lospoliticosveracruz.com\/?p=157696","og_locale":"es_ES","og_type":"article","og_title":"LA PRIMERA MORENA DE VERACRUZ - Los pol\u00edticos Veracruz","og_description":"Salvador Mu\u00f1ozLos Pol\u00edticos Es seguro que la oposici\u00f3n no haga tanta mella con sus cr\u00edticas, ataques, se\u00f1alamientos, contra Morena y su gobierno en el Poder, como el mismo Morena al interior lo hace. Morena, con una Presidenta, mayor\u00eda en C\u00e1maras alta y baja; mayor n\u00famero de Gobernadores; y en lo local, con Poder Ejecutivo en [&hellip;]","og_url":"https:\/\/lospoliticosveracruz.com\/?p=157696","og_site_name":"Los pol\u00edticos Veracruz","article_publisher":"https:\/\/www.facebook.com\/people\/Notimemes-de-los-Polticos\/61565672886568\/","article_published_time":"2025-12-03T12:04:50+00:00","article_modified_time":"2025-12-03T12:05:19+00:00","og_image":[{"width":1250,"height":667,"url":"https:\/\/lospoliticosveracruz.com\/wp-content\/uploads\/2025\/04\/Chava-Munoz-1.jpg","type":"image\/jpeg"}],"author":"Lo viste en Los Pol\u00edticos","twitter_card":"summary_large_image","twitter_creator":"@LosPoliticosVer","twitter_site":"@LosPoliticosVer","twitter_misc":{"Escrito por":"Lo viste en Los Pol\u00edticos","Tiempo de lectura":"3 minutos"},"schema":{"@context":"https:\/\/schema.org","@graph":[{"@type":"Article","@id":"https:\/\/lospoliticosveracruz.com\/?p=157696#article","isPartOf":{"@id":"https:\/\/lospoliticosveracruz.com\/?p=157696"},"author":{"name":"Lo viste en Los Pol\u00edticos","@id":"https:\/\/lospoliticosveracruz.com\/#\/schema\/person\/b8702bb0e538456e6efd07080bf2a4a2"},"headline":"LA PRIMERA MORENA DE VERACRUZ","datePublished":"2025-12-03T12:04:50+00:00","dateModified":"2025-12-03T12:05:19+00:00","mainEntityOfPage":{"@id":"https:\/\/lospoliticosveracruz.com\/?p=157696"},"wordCount":577,"publisher":{"@id":"https:\/\/lospoliticosveracruz.com\/#organization"},"image":{"@id":"https:\/\/lospoliticosveracruz.com\/?p=157696#primaryimage"},"thumbnailUrl":"https:\/\/lospoliticosveracruz.com\/wp-content\/uploads\/2025\/04\/Chava-Munoz-1.jpg","keywords":["an\u00e1lisis electoral","Los Pol\u00edticos","Morena Veracruz","Pol\u00edtica veracruzana","Roc\u00edo Nahle","Salvador Mu\u00f1oz"],"articleSection":["De Opini\u00f3n"],"inLanguage":"es"},{"@type":"WebPage","@id":"https:\/\/lospoliticosveracruz.com\/?p=157696","url":"https:\/\/lospoliticosveracruz.com\/?p=157696","name":"LA PRIMERA MORENA DE VERACRUZ - Los pol\u00edticos Veracruz","isPartOf":{"@id":"https:\/\/lospoliticosveracruz.com\/#website"},"primaryImageOfPage":{"@id":"https:\/\/lospoliticosveracruz.com\/?p=157696#primaryimage"},"image":{"@id":"https:\/\/lospoliticosveracruz.com\/?p=157696#primaryimage"},"thumbnailUrl":"https:\/\/lospoliticosveracruz.com\/wp-content\/uploads\/2025\/04\/Chava-Munoz-1.jpg","datePublished":"2025-12-03T12:04:50+00:00","dateModified":"2025-12-03T12:05:19+00:00","breadcrumb":{"@id":"https:\/\/lospoliticosveracruz.com\/?p=157696#breadcrumb"},"inLanguage":"es","potentialAction":[{"@type":"ReadAction","target":["https:\/\/lospoliticosveracruz.com\/?p=157696"]}]},{"@type":"ImageObject","inLanguage":"es","@id":"https:\/\/lospoliticosveracruz.com\/?p=157696#primaryimage","url":"https:\/\/lospoliticosveracruz.com\/wp-content\/uploads\/2025\/04\/Chava-Munoz-1.jpg","contentUrl":"https:\/\/lospoliticosveracruz.com\/wp-content\/uploads\/2025\/04\/Chava-Munoz-1.jpg","width":1250,"height":667},{"@type":"BreadcrumbList","@id":"https:\/\/lospoliticosveracruz.com\/?p=157696#breadcrumb","itemListElement":[{"@type":"ListItem","position":1,"name":"Portada","item":"https:\/\/lospoliticosveracruz.com\/"},{"@type":"ListItem","position":2,"name":"LA PRIMERA MORENA DE VERACRUZ"}]},{"@type":"WebSite","@id":"https:\/\/lospoliticosveracruz.com\/#website","url":"https:\/\/lospoliticosveracruz.com\/","name":"Los pol\u00edticos Veracruz","description":"","publisher":{"@id":"https:\/\/lospoliticosveracruz.com\/#organization"},"potentialAction":[{"@type":"SearchAction","target":{"@type":"EntryPoint","urlTemplate":"https:\/\/lospoliticosveracruz.com\/?s={search_term_string}"},"query-input":{"@type":"PropertyValueSpecification","valueRequired":true,"valueName":"search_term_string"}}],"inLanguage":"es"},{"@type":"Organization","@id":"https:\/\/lospoliticosveracruz.com\/#organization","name":"Los pol\u00edticos Veracruz","url":"https:\/\/lospoliticosveracruz.com\/","logo":{"@type":"ImageObject","inLanguage":"es","@id":"https:\/\/lospoliticosveracruz.com\/#\/schema\/logo\/image\/","url":"https:\/\/lospoliticosveracruz.com\/wp-content\/uploads\/2025\/12\/Logo-Nuevo-LOS-POLITICOS-1.jpg","contentUrl":"https:\/\/lospoliticosveracruz.com\/wp-content\/uploads\/2025\/12\/Logo-Nuevo-LOS-POLITICOS-1.jpg","width":260,"height":70,"caption":"Los pol\u00edticos Veracruz"},"image":{"@id":"https:\/\/lospoliticosveracruz.com\/#\/schema\/logo\/image\/"},"sameAs":["https:\/\/www.facebook.com\/people\/Notimemes-de-los-Polticos\/61565672886568\/","https:\/\/x.com\/LosPoliticosVer"]},{"@type":"Person","@id":"https:\/\/lospoliticosveracruz.com\/#\/schema\/person\/b8702bb0e538456e6efd07080bf2a4a2","name":"Lo viste en Los Pol\u00edticos","image":{"@type":"ImageObject","inLanguage":"es","@id":"https:\/\/secure.gravatar.com\/avatar\/3a8de04a2656d44082be478bd6c086daa447c4651605818287b9532d3d0bd435?s=96&d=mm&r=g","url":"https:\/\/secure.gravatar.com\/avatar\/3a8de04a2656d44082be478bd6c086daa447c4651605818287b9532d3d0bd435?s=96&d=mm&r=g","contentUrl":"https:\/\/secure.gravatar.com\/avatar\/3a8de04a2656d44082be478bd6c086daa447c4651605818287b9532d3d0bd435?s=96&d=mm&r=g","caption":"Lo viste en Los Pol\u00edticos"},"url":"https:\/\/lospoliticosveracruz.com\/?author=2"}]}},"_links":{"self":[{"href":"https:\/\/lospoliticosveracruz.com\/index.php?rest_route=\/wp\/v2\/posts\/157696","targetHints":{"allow":["GET"]}}],"collection":[{"href":"https:\/\/lospoliticosveracruz.com\/index.php?rest_route=\/wp\/v2\/posts"}],"about":[{"href":"https:\/\/lospoliticosveracruz.com\/index.php?rest_route=\/wp\/v2\/types\/post"}],"author":[{"embeddable":true,"href":"https:\/\/lospoliticosveracruz.com\/index.php?rest_route=\/wp\/v2\/users\/2"}],"replies":[{"embeddable":true,"href":"https:\/\/lospoliticosveracruz.com\/index.php?rest_route=%2Fwp%2Fv2%2Fcomments&post=157696"}],"version-history":[{"count":1,"href":"https:\/\/lospoliticosveracruz.com\/index.php?rest_route=\/wp\/v2\/posts\/157696\/revisions"}],"predecessor-version":[{"id":157697,"href":"https:\/\/lospoliticosveracruz.com\/index.php?rest_route=\/wp\/v2\/posts\/157696\/revisions\/157697"}],"wp:featuredmedia":[{"embeddable":true,"href":"https:\/\/lospoliticosveracruz.com\/index.php?rest_route=\/wp\/v2\/media\/141805"}],"wp:attachment":[{"href":"https:\/\/lospoliticosveracruz.com\/index.php?rest_route=%2Fwp%2Fv2%2Fmedia&parent=157696"}],"wp:term":[{"taxonomy":"category","embeddable":true,"href":"https:\/\/lospoliticosveracruz.com\/index.php?rest_route=%2Fwp%2Fv2%2Fcategories&post=157696"},{"taxonomy":"post_tag","embeddable":true,"href":"https:\/\/lospoliticosveracruz.com\/index.php?rest_route=%2Fwp%2Fv2%2Ftags&post=157696"}],"curies":[{"name":"wp","href":"https:\/\/api.w.org\/{rel}","templated":true}]}}