{"id":157721,"date":"2025-12-03T06:20:23","date_gmt":"2025-12-03T12:20:23","guid":{"rendered":"https:\/\/lospoliticosveracruz.com.mx\/?p=157721"},"modified":"2025-12-03T06:22:42","modified_gmt":"2025-12-03T12:22:42","slug":"remesas-regalo-de-navidad","status":"publish","type":"post","link":"https:\/\/lospoliticosveracruz.com\/?p=157721","title":{"rendered":"REMESAS, REGALO DE NAVIDAD!"},"content":{"rendered":"\n<p><strong>Fanny Y\u00e9pez<\/strong><br><em>La Columna<\/em><\/p>\n\n\n\n<p>A nivel nacional, las remesas han experimentado un descenso generalizado en 2025; sin embargo, Veracruz se encuentra entre el peque\u00f1o grupo de estados que han registrado un incremento en la recepci\u00f3n de remesas, seg\u00fan datos recientes del Banco de M\u00e9xico (Banxico).<\/p>\n\n\n\n<p>En el primer semestre de 2025, la entidad veracruzana recibi\u00f3 un total de 1,253 millones de d\u00f3lares, consolidando su posici\u00f3n como el d\u00e9cimo estado con mayor captaci\u00f3n de remesas en el pa\u00eds.<\/p>\n\n\n\n\n\n<p>Los municipios veracruzanos que m\u00e1s remesas recibieron en ese periodo fueron: Orizaba, Xalapa, San Andr\u00e9s Tuxtla y Veracruz.<\/p>\n\n\n\n<p>Estas remesas son un alivio para la econom\u00eda de las familias, sobre todo en esta \u00e9poca navide\u00f1a.<\/p>\n\n\n\n<p>Las remesas resuelven problemas significativos para millones de familias mexicanas, al ser una fuente crucial de ingresos que les ayuda a cubrir sus necesidades b\u00e1sicas, mejorar su calidad de vida y reducir la pobreza monetaria. Sin embargo, no se consideran una soluci\u00f3n integral a todos los problemas estructurales a largo plazo.<\/p>\n\n\n\n<p>Impacto Positivo en las Familias:<br>Cobertura de Necesidades B\u00e1sicas: Los recursos se destinan principalmente a gastos esenciales como alimentaci\u00f3n, salud, educaci\u00f3n y vivienda, lo cual es fundamental para la subsistencia de muchos hogares vulnerables.<\/p>\n\n\n\n<p>Durante el primer semestre de 2025, mientras que 26 de las 32 entidades federativas reportaron reducciones en el flujo de remesas, Veracruz y otros cinco estados (Baja California, Chiapas, Guerrero, Oaxaca y Puebla) vieron un aumento en la recepci\u00f3n de dinero.<\/p>\n\n\n\n<p>A pesar de la tendencia nacional a la baja, Veracruz ha sido uno de los pocos estados que ha reportado un aumento en las transferencias de remesas durante el primer semestre de 2025.<\/p>\n\n\n\n<p>Esto sugiere que, si bien el flujo total de dinero hacia el pa\u00eds ha disminuido, la proporci\u00f3n o el monto dirigido espec\u00edficamente a Veracruz ha mostrado resiliencia o crecimiento.<\/p>\n\n\n\n<p>Comparativo Anual: En 2024, Veracruz fue el d\u00e9cimo estado con mayor captaci\u00f3n de remesas en M\u00e9xico, recibiendo aproximadamente 2,603 millones de d\u00f3lares.<\/p>\n\n\n\n<p>En resumen, los datos m\u00e1s recientes indican que, aunque el panorama general de remesas en M\u00e9xico muestra un declive, Veracruz ha logrado mantener o aumentar sus niveles de recepci\u00f3n de estos recursos.<\/p>\n\n\n\n<p>Las remesas recibidas en Veracruz en 2025 se concentraron en el primer semestre, aunque se ha reportado que los datos de remesas nacionales para 2025 podr\u00edan mostrar una tendencia a la baja. La cifra espec\u00edfica para Veracruz no ha sido revelada, pero se ubic\u00f3 entre los seis estados con aumento de recepci\u00f3n y entre los 10 principales receptores de remesas a nivel nacional.<\/p>\n\n\n\n<p>Se estima que entre 750 mil y 850 mil veracruzanos viven en Estados Unidos, aunque las cifras exactas son dif\u00edciles de precisar. Las principales comunidades se concentran en los estados de Texas, California e Illinois.<\/p>\n\n\n\n<p>Estimaciones y cifras<br>Rango estimado: La cifra oscila entre 750,000 y 850,000 veracruzanos.<br>Con base en remesas: El c\u00e1lculo de 850 mil se basa en el env\u00edo de remesas a familias en Veracruz.<\/p>\n\n\n\n<p>Estimaci\u00f3n oficial: Un c\u00e1lculo del Consejo Nacional de Poblaci\u00f3n (CONAPO) e Instituto de Mexicanos en el Exterior, estima alrededor de 700,000 veracruzanos.<\/p>\n\n\n\n<p>Cabe destacar, que tras la llegada de Donald Trump a la presidencia de Estados Unidos y la aplicaci\u00f3n de sus pol\u00edticas migratorias, al menos 3 mil 800 veracruzanos han sido repatriados del pa\u00eds del norte, inform\u00f3 el director general de Atenci\u00f3n a Migrantes, Bertoldo Reyes Campuzano.<\/p>\n\n\n\n<p>El funcionario estatal dijo que estos hermanos migrantes veracruzanos retornan a municipios de las Altas Monta\u00f1as, as\u00ed como a Juchique de Ferrer y Colipa, pero tambi\u00e9n a Xalapa.<\/p>\n\n\n\n<p>La Fiscal\u00eda de Veracruz, bajo el escrutinio del pueblo<\/p>\n\n\n\n<p>El conflicto de intereses est\u00e1 tipificado en la ley, espec\u00edficamente en la Ley General de Responsabilidades Administrativas en M\u00e9xico, que lo define como la posible afectaci\u00f3n del desempe\u00f1o imparcial de las funciones de los servidores p\u00fablicos. Esta ley considera la actuaci\u00f3n bajo un conflicto de inter\u00e9s como una falta administrativa grave y establece sanciones como suspensi\u00f3n, destituci\u00f3n, sanci\u00f3n econ\u00f3mica o inhabilitaci\u00f3n, adem\u00e1s de requerir que los servidores p\u00fablicos declaren sus intereses.<\/p>\n\n\n\n<p>Un conflicto de intereses es una situaci\u00f3n en la que los intereses privados de una persona (como los personales, familiares o financieros), pueden influir indebidamente en su juicio y en el desempe\u00f1o de sus deberes profesionales, p\u00fablicos u organizacionales.<\/p>\n\n\n\n<p>Estos conflictos pueden ser reales, potenciales o aparentes y pueden afectar la objetividad e imparcialidad de las decisiones. No implican necesariamente corrupci\u00f3n, pero su gesti\u00f3n es fundamental para prevenirla y asegurar la integridad.<\/p>\n\n\n\n<p>La clave no es si la persona realmente act\u00faa de manera sesgada, sino si la situaci\u00f3n tiene el potencial de socavar la confianza p\u00fablica en la objetividad e integridad de la persona u organizaci\u00f3n.<\/p>\n\n\n\n<p>El impedimento para que los integrantes de una comisi\u00f3n, responsable de elaborar la ley de la fiscal\u00eda, participen como aspirantes a un puesto en la misma instituci\u00f3n generalmente se fundamenta en principios \u00e9ticos, de imparcialidad, independencia y para evitar conflictos de inter\u00e9s.<\/p>\n\n\n\n<p>Las razones principales incluyen:<br>Garantizar la Imparcialidad e Independencia: La funci\u00f3n de la fiscal\u00eda requiere una estricta imparcialidad. Si las personas que redactaron las normas que rigen la instituci\u00f3n, pudieran luego postularse para un cargo dentro de ella, podr\u00eda existir la percepci\u00f3n de que dise\u00f1aron las reglas para su propio beneficio o para favorecer a ciertos candidatos, comprometiendo la objetividad del proceso de selecci\u00f3n. Algo as\u00ed como un traje a la medida.<\/p>\n\n\n\n<p>Prevenir Conflictos de Inter\u00e9s: Un miembro de la comisi\u00f3n podr\u00eda tener acceso a informaci\u00f3n privilegiada sobre la estructura, los procesos o los criterios de selecci\u00f3n que no est\u00e1n disponibles para otros aspirantes. Esto genera un claro conflicto de inter\u00e9s, ya que su conocimiento interno podr\u00eda darles una ventaja indebida en cualquier concurso o designaci\u00f3n.<\/p>\n\n\n\n<p>Asegurar la Transparencia y la Confianza P\u00fablica: La credibilidad de la fiscal\u00eda depende de la confianza del p\u00fablico en que sus funcionarios son seleccionados a trav\u00e9s de un proceso justo y equitativo. Prohibir la participaci\u00f3n de los comisionados ayuda a mantener la transparencia y a disipar cualquier duda sobre la integridad del proceso de establecimiento y operaci\u00f3n de la instituci\u00f3n.<\/p>\n\n\n\n<p>Separaci\u00f3n de Funciones: Existe una distinci\u00f3n entre la funci\u00f3n legislativa (crear la ley) y la funci\u00f3n ejecutiva o de servicio p\u00fablico (trabajar en la instituci\u00f3n regida por esa ley). Mantener estas funciones separadas refuerza el sistema de pesos y contrapesos y la especializaci\u00f3n de las instituciones.<\/p>\n\n\n\n<p>Este mi\u00e9rcoles se va a llevar a cabo la sesi\u00f3n legislativa en la que se va a discutir la ley para la designaci\u00f3n de la pr\u00f3xima Fiscal General del Estado. Se tiene contemplada esa sesi\u00f3n para las 17 horas, si no pasa otra cosa.<\/p>\n","protected":false},"excerpt":{"rendered":"<p>Fanny Y\u00e9pezLa Columna A nivel nacional, las remesas han experimentado un descenso generalizado en 2025; sin embargo, Veracruz se encuentra entre el peque\u00f1o grupo de estados que han registrado un incremento en la recepci\u00f3n de remesas, seg\u00fan datos recientes del Banco de M\u00e9xico (Banxico). En el primer semestre de 2025, la entidad veracruzana recibi\u00f3 un [&hellip;]<\/p>\n","protected":false},"author":2,"featured_media":141383,"comment_status":"closed","ping_status":"closed","sticky":false,"template":"","format":"standard","meta":{"tdm_status":"","tdm_grid_status":"","footnotes":""},"categories":[70],"tags":[2018],"class_list":{"0":"post-157721","1":"post","2":"type-post","3":"status-publish","4":"format-standard","5":"has-post-thumbnail","7":"category-de-opinion","8":"tag-remesas"},"yoast_head":"<!-- This site is optimized with the Yoast SEO plugin v27.4 - https:\/\/yoast.com\/product\/yoast-seo-wordpress\/ -->\n<title>REMESAS, REGALO DE NAVIDAD! - Los pol\u00edticos Veracruz<\/title>\n<meta name=\"robots\" content=\"index, follow, max-snippet:-1, max-image-preview:large, max-video-preview:-1\" \/>\n<link rel=\"canonical\" href=\"https:\/\/lospoliticosveracruz.com\/?p=157721\" \/>\n<meta property=\"og:locale\" content=\"es_ES\" \/>\n<meta property=\"og:type\" content=\"article\" \/>\n<meta property=\"og:title\" content=\"REMESAS, REGALO DE NAVIDAD! - Los pol\u00edticos Veracruz\" \/>\n<meta property=\"og:description\" content=\"Fanny Y\u00e9pezLa Columna A nivel nacional, las remesas han experimentado un descenso generalizado en 2025; sin embargo, Veracruz se encuentra entre el peque\u00f1o grupo de estados que han registrado un incremento en la recepci\u00f3n de remesas, seg\u00fan datos recientes del Banco de M\u00e9xico (Banxico). En el primer semestre de 2025, la entidad veracruzana recibi\u00f3 un [&hellip;]\" \/>\n<meta property=\"og:url\" content=\"https:\/\/lospoliticosveracruz.com\/?p=157721\" \/>\n<meta property=\"og:site_name\" content=\"Los pol\u00edticos Veracruz\" \/>\n<meta property=\"article:publisher\" content=\"https:\/\/www.facebook.com\/people\/Notimemes-de-los-Polticos\/61565672886568\/\" \/>\n<meta property=\"article:published_time\" content=\"2025-12-03T12:20:23+00:00\" \/>\n<meta property=\"article:modified_time\" content=\"2025-12-03T12:22:42+00:00\" \/>\n<meta property=\"og:image\" content=\"https:\/\/lospoliticosveracruz.com\/wp-content\/uploads\/2025\/04\/Fanny-Yepez-Luna.jpg\" \/>\n\t<meta property=\"og:image:width\" content=\"1250\" \/>\n\t<meta property=\"og:image:height\" content=\"667\" \/>\n\t<meta property=\"og:image:type\" content=\"image\/jpeg\" \/>\n<meta name=\"author\" content=\"Lo viste en Los Pol\u00edticos\" \/>\n<meta name=\"twitter:card\" content=\"summary_large_image\" \/>\n<meta name=\"twitter:creator\" content=\"@LosPoliticosVer\" \/>\n<meta name=\"twitter:site\" content=\"@LosPoliticosVer\" \/>\n<meta name=\"twitter:label1\" content=\"Escrito por\" \/>\n\t<meta name=\"twitter:data1\" content=\"Lo viste en Los Pol\u00edticos\" \/>\n\t<meta name=\"twitter:label2\" content=\"Tiempo de lectura\" \/>\n\t<meta name=\"twitter:data2\" content=\"6 minutos\" \/>\n<script type=\"application\/ld+json\" class=\"yoast-schema-graph\">{\"@context\":\"https:\\\/\\\/schema.org\",\"@graph\":[{\"@type\":\"Article\",\"@id\":\"https:\\\/\\\/lospoliticosveracruz.com\\\/?p=157721#article\",\"isPartOf\":{\"@id\":\"https:\\\/\\\/lospoliticosveracruz.com\\\/?p=157721\"},\"author\":{\"name\":\"Lo viste en Los Pol\u00edticos\",\"@id\":\"https:\\\/\\\/lospoliticosveracruz.com\\\/#\\\/schema\\\/person\\\/b8702bb0e538456e6efd07080bf2a4a2\"},\"headline\":\"REMESAS, REGALO DE NAVIDAD!\",\"datePublished\":\"2025-12-03T12:20:23+00:00\",\"dateModified\":\"2025-12-03T12:22:42+00:00\",\"mainEntityOfPage\":{\"@id\":\"https:\\\/\\\/lospoliticosveracruz.com\\\/?p=157721\"},\"wordCount\":1175,\"publisher\":{\"@id\":\"https:\\\/\\\/lospoliticosveracruz.com\\\/#organization\"},\"image\":{\"@id\":\"https:\\\/\\\/lospoliticosveracruz.com\\\/?p=157721#primaryimage\"},\"thumbnailUrl\":\"https:\\\/\\\/lospoliticosveracruz.com\\\/wp-content\\\/uploads\\\/2025\\\/04\\\/Fanny-Yepez-Luna-e1768657334923.jpg\",\"keywords\":[\"Remesas\"],\"articleSection\":[\"De Opini\u00f3n\"],\"inLanguage\":\"es\"},{\"@type\":\"WebPage\",\"@id\":\"https:\\\/\\\/lospoliticosveracruz.com\\\/?p=157721\",\"url\":\"https:\\\/\\\/lospoliticosveracruz.com\\\/?p=157721\",\"name\":\"REMESAS, REGALO DE NAVIDAD! - Los pol\u00edticos Veracruz\",\"isPartOf\":{\"@id\":\"https:\\\/\\\/lospoliticosveracruz.com\\\/#website\"},\"primaryImageOfPage\":{\"@id\":\"https:\\\/\\\/lospoliticosveracruz.com\\\/?p=157721#primaryimage\"},\"image\":{\"@id\":\"https:\\\/\\\/lospoliticosveracruz.com\\\/?p=157721#primaryimage\"},\"thumbnailUrl\":\"https:\\\/\\\/lospoliticosveracruz.com\\\/wp-content\\\/uploads\\\/2025\\\/04\\\/Fanny-Yepez-Luna-e1768657334923.jpg\",\"datePublished\":\"2025-12-03T12:20:23+00:00\",\"dateModified\":\"2025-12-03T12:22:42+00:00\",\"breadcrumb\":{\"@id\":\"https:\\\/\\\/lospoliticosveracruz.com\\\/?p=157721#breadcrumb\"},\"inLanguage\":\"es\",\"potentialAction\":[{\"@type\":\"ReadAction\",\"target\":[\"https:\\\/\\\/lospoliticosveracruz.com\\\/?p=157721\"]}]},{\"@type\":\"ImageObject\",\"inLanguage\":\"es\",\"@id\":\"https:\\\/\\\/lospoliticosveracruz.com\\\/?p=157721#primaryimage\",\"url\":\"https:\\\/\\\/lospoliticosveracruz.com\\\/wp-content\\\/uploads\\\/2025\\\/04\\\/Fanny-Yepez-Luna-e1768657334923.jpg\",\"contentUrl\":\"https:\\\/\\\/lospoliticosveracruz.com\\\/wp-content\\\/uploads\\\/2025\\\/04\\\/Fanny-Yepez-Luna-e1768657334923.jpg\",\"width\":600,\"height\":320},{\"@type\":\"BreadcrumbList\",\"@id\":\"https:\\\/\\\/lospoliticosveracruz.com\\\/?p=157721#breadcrumb\",\"itemListElement\":[{\"@type\":\"ListItem\",\"position\":1,\"name\":\"Portada\",\"item\":\"https:\\\/\\\/lospoliticosveracruz.com\\\/\"},{\"@type\":\"ListItem\",\"position\":2,\"name\":\"REMESAS, REGALO DE NAVIDAD!\"}]},{\"@type\":\"WebSite\",\"@id\":\"https:\\\/\\\/lospoliticosveracruz.com\\\/#website\",\"url\":\"https:\\\/\\\/lospoliticosveracruz.com\\\/\",\"name\":\"Los pol\u00edticos Veracruz\",\"description\":\"\",\"publisher\":{\"@id\":\"https:\\\/\\\/lospoliticosveracruz.com\\\/#organization\"},\"potentialAction\":[{\"@type\":\"SearchAction\",\"target\":{\"@type\":\"EntryPoint\",\"urlTemplate\":\"https:\\\/\\\/lospoliticosveracruz.com\\\/?s={search_term_string}\"},\"query-input\":{\"@type\":\"PropertyValueSpecification\",\"valueRequired\":true,\"valueName\":\"search_term_string\"}}],\"inLanguage\":\"es\"},{\"@type\":\"Organization\",\"@id\":\"https:\\\/\\\/lospoliticosveracruz.com\\\/#organization\",\"name\":\"Los pol\u00edticos Veracruz\",\"url\":\"https:\\\/\\\/lospoliticosveracruz.com\\\/\",\"logo\":{\"@type\":\"ImageObject\",\"inLanguage\":\"es\",\"@id\":\"https:\\\/\\\/lospoliticosveracruz.com\\\/#\\\/schema\\\/logo\\\/image\\\/\",\"url\":\"https:\\\/\\\/lospoliticosveracruz.com\\\/wp-content\\\/uploads\\\/2025\\\/12\\\/Logo-Nuevo-LOS-POLITICOS-1.jpg\",\"contentUrl\":\"https:\\\/\\\/lospoliticosveracruz.com\\\/wp-content\\\/uploads\\\/2025\\\/12\\\/Logo-Nuevo-LOS-POLITICOS-1.jpg\",\"width\":260,\"height\":70,\"caption\":\"Los pol\u00edticos Veracruz\"},\"image\":{\"@id\":\"https:\\\/\\\/lospoliticosveracruz.com\\\/#\\\/schema\\\/logo\\\/image\\\/\"},\"sameAs\":[\"https:\\\/\\\/www.facebook.com\\\/people\\\/Notimemes-de-los-Polticos\\\/61565672886568\\\/\",\"https:\\\/\\\/x.com\\\/LosPoliticosVer\"]},{\"@type\":\"Person\",\"@id\":\"https:\\\/\\\/lospoliticosveracruz.com\\\/#\\\/schema\\\/person\\\/b8702bb0e538456e6efd07080bf2a4a2\",\"name\":\"Lo viste en Los Pol\u00edticos\",\"image\":{\"@type\":\"ImageObject\",\"inLanguage\":\"es\",\"@id\":\"https:\\\/\\\/secure.gravatar.com\\\/avatar\\\/3a8de04a2656d44082be478bd6c086daa447c4651605818287b9532d3d0bd435?s=96&d=mm&r=g\",\"url\":\"https:\\\/\\\/secure.gravatar.com\\\/avatar\\\/3a8de04a2656d44082be478bd6c086daa447c4651605818287b9532d3d0bd435?s=96&d=mm&r=g\",\"contentUrl\":\"https:\\\/\\\/secure.gravatar.com\\\/avatar\\\/3a8de04a2656d44082be478bd6c086daa447c4651605818287b9532d3d0bd435?s=96&d=mm&r=g\",\"caption\":\"Lo viste en Los Pol\u00edticos\"},\"url\":\"https:\\\/\\\/lospoliticosveracruz.com\\\/?author=2\"}]}<\/script>\n<!-- \/ Yoast SEO plugin. -->","yoast_head_json":{"title":"REMESAS, REGALO DE NAVIDAD! - Los pol\u00edticos Veracruz","robots":{"index":"index","follow":"follow","max-snippet":"max-snippet:-1","max-image-preview":"max-image-preview:large","max-video-preview":"max-video-preview:-1"},"canonical":"https:\/\/lospoliticosveracruz.com\/?p=157721","og_locale":"es_ES","og_type":"article","og_title":"REMESAS, REGALO DE NAVIDAD! - Los pol\u00edticos Veracruz","og_description":"Fanny Y\u00e9pezLa Columna A nivel nacional, las remesas han experimentado un descenso generalizado en 2025; sin embargo, Veracruz se encuentra entre el peque\u00f1o grupo de estados que han registrado un incremento en la recepci\u00f3n de remesas, seg\u00fan datos recientes del Banco de M\u00e9xico (Banxico). En el primer semestre de 2025, la entidad veracruzana recibi\u00f3 un [&hellip;]","og_url":"https:\/\/lospoliticosveracruz.com\/?p=157721","og_site_name":"Los pol\u00edticos Veracruz","article_publisher":"https:\/\/www.facebook.com\/people\/Notimemes-de-los-Polticos\/61565672886568\/","article_published_time":"2025-12-03T12:20:23+00:00","article_modified_time":"2025-12-03T12:22:42+00:00","og_image":[{"width":1250,"height":667,"url":"https:\/\/lospoliticosveracruz.com\/wp-content\/uploads\/2025\/04\/Fanny-Yepez-Luna.jpg","type":"image\/jpeg"}],"author":"Lo viste en Los Pol\u00edticos","twitter_card":"summary_large_image","twitter_creator":"@LosPoliticosVer","twitter_site":"@LosPoliticosVer","twitter_misc":{"Escrito por":"Lo viste en Los Pol\u00edticos","Tiempo de lectura":"6 minutos"},"schema":{"@context":"https:\/\/schema.org","@graph":[{"@type":"Article","@id":"https:\/\/lospoliticosveracruz.com\/?p=157721#article","isPartOf":{"@id":"https:\/\/lospoliticosveracruz.com\/?p=157721"},"author":{"name":"Lo viste en Los Pol\u00edticos","@id":"https:\/\/lospoliticosveracruz.com\/#\/schema\/person\/b8702bb0e538456e6efd07080bf2a4a2"},"headline":"REMESAS, REGALO DE NAVIDAD!","datePublished":"2025-12-03T12:20:23+00:00","dateModified":"2025-12-03T12:22:42+00:00","mainEntityOfPage":{"@id":"https:\/\/lospoliticosveracruz.com\/?p=157721"},"wordCount":1175,"publisher":{"@id":"https:\/\/lospoliticosveracruz.com\/#organization"},"image":{"@id":"https:\/\/lospoliticosveracruz.com\/?p=157721#primaryimage"},"thumbnailUrl":"https:\/\/lospoliticosveracruz.com\/wp-content\/uploads\/2025\/04\/Fanny-Yepez-Luna-e1768657334923.jpg","keywords":["Remesas"],"articleSection":["De Opini\u00f3n"],"inLanguage":"es"},{"@type":"WebPage","@id":"https:\/\/lospoliticosveracruz.com\/?p=157721","url":"https:\/\/lospoliticosveracruz.com\/?p=157721","name":"REMESAS, REGALO DE NAVIDAD! - Los pol\u00edticos Veracruz","isPartOf":{"@id":"https:\/\/lospoliticosveracruz.com\/#website"},"primaryImageOfPage":{"@id":"https:\/\/lospoliticosveracruz.com\/?p=157721#primaryimage"},"image":{"@id":"https:\/\/lospoliticosveracruz.com\/?p=157721#primaryimage"},"thumbnailUrl":"https:\/\/lospoliticosveracruz.com\/wp-content\/uploads\/2025\/04\/Fanny-Yepez-Luna-e1768657334923.jpg","datePublished":"2025-12-03T12:20:23+00:00","dateModified":"2025-12-03T12:22:42+00:00","breadcrumb":{"@id":"https:\/\/lospoliticosveracruz.com\/?p=157721#breadcrumb"},"inLanguage":"es","potentialAction":[{"@type":"ReadAction","target":["https:\/\/lospoliticosveracruz.com\/?p=157721"]}]},{"@type":"ImageObject","inLanguage":"es","@id":"https:\/\/lospoliticosveracruz.com\/?p=157721#primaryimage","url":"https:\/\/lospoliticosveracruz.com\/wp-content\/uploads\/2025\/04\/Fanny-Yepez-Luna-e1768657334923.jpg","contentUrl":"https:\/\/lospoliticosveracruz.com\/wp-content\/uploads\/2025\/04\/Fanny-Yepez-Luna-e1768657334923.jpg","width":600,"height":320},{"@type":"BreadcrumbList","@id":"https:\/\/lospoliticosveracruz.com\/?p=157721#breadcrumb","itemListElement":[{"@type":"ListItem","position":1,"name":"Portada","item":"https:\/\/lospoliticosveracruz.com\/"},{"@type":"ListItem","position":2,"name":"REMESAS, REGALO DE NAVIDAD!"}]},{"@type":"WebSite","@id":"https:\/\/lospoliticosveracruz.com\/#website","url":"https:\/\/lospoliticosveracruz.com\/","name":"Los pol\u00edticos Veracruz","description":"","publisher":{"@id":"https:\/\/lospoliticosveracruz.com\/#organization"},"potentialAction":[{"@type":"SearchAction","target":{"@type":"EntryPoint","urlTemplate":"https:\/\/lospoliticosveracruz.com\/?s={search_term_string}"},"query-input":{"@type":"PropertyValueSpecification","valueRequired":true,"valueName":"search_term_string"}}],"inLanguage":"es"},{"@type":"Organization","@id":"https:\/\/lospoliticosveracruz.com\/#organization","name":"Los pol\u00edticos Veracruz","url":"https:\/\/lospoliticosveracruz.com\/","logo":{"@type":"ImageObject","inLanguage":"es","@id":"https:\/\/lospoliticosveracruz.com\/#\/schema\/logo\/image\/","url":"https:\/\/lospoliticosveracruz.com\/wp-content\/uploads\/2025\/12\/Logo-Nuevo-LOS-POLITICOS-1.jpg","contentUrl":"https:\/\/lospoliticosveracruz.com\/wp-content\/uploads\/2025\/12\/Logo-Nuevo-LOS-POLITICOS-1.jpg","width":260,"height":70,"caption":"Los pol\u00edticos Veracruz"},"image":{"@id":"https:\/\/lospoliticosveracruz.com\/#\/schema\/logo\/image\/"},"sameAs":["https:\/\/www.facebook.com\/people\/Notimemes-de-los-Polticos\/61565672886568\/","https:\/\/x.com\/LosPoliticosVer"]},{"@type":"Person","@id":"https:\/\/lospoliticosveracruz.com\/#\/schema\/person\/b8702bb0e538456e6efd07080bf2a4a2","name":"Lo viste en Los Pol\u00edticos","image":{"@type":"ImageObject","inLanguage":"es","@id":"https:\/\/secure.gravatar.com\/avatar\/3a8de04a2656d44082be478bd6c086daa447c4651605818287b9532d3d0bd435?s=96&d=mm&r=g","url":"https:\/\/secure.gravatar.com\/avatar\/3a8de04a2656d44082be478bd6c086daa447c4651605818287b9532d3d0bd435?s=96&d=mm&r=g","contentUrl":"https:\/\/secure.gravatar.com\/avatar\/3a8de04a2656d44082be478bd6c086daa447c4651605818287b9532d3d0bd435?s=96&d=mm&r=g","caption":"Lo viste en Los Pol\u00edticos"},"url":"https:\/\/lospoliticosveracruz.com\/?author=2"}]}},"_links":{"self":[{"href":"https:\/\/lospoliticosveracruz.com\/index.php?rest_route=\/wp\/v2\/posts\/157721","targetHints":{"allow":["GET"]}}],"collection":[{"href":"https:\/\/lospoliticosveracruz.com\/index.php?rest_route=\/wp\/v2\/posts"}],"about":[{"href":"https:\/\/lospoliticosveracruz.com\/index.php?rest_route=\/wp\/v2\/types\/post"}],"author":[{"embeddable":true,"href":"https:\/\/lospoliticosveracruz.com\/index.php?rest_route=\/wp\/v2\/users\/2"}],"replies":[{"embeddable":true,"href":"https:\/\/lospoliticosveracruz.com\/index.php?rest_route=%2Fwp%2Fv2%2Fcomments&post=157721"}],"version-history":[{"count":2,"href":"https:\/\/lospoliticosveracruz.com\/index.php?rest_route=\/wp\/v2\/posts\/157721\/revisions"}],"predecessor-version":[{"id":157726,"href":"https:\/\/lospoliticosveracruz.com\/index.php?rest_route=\/wp\/v2\/posts\/157721\/revisions\/157726"}],"wp:featuredmedia":[{"embeddable":true,"href":"https:\/\/lospoliticosveracruz.com\/index.php?rest_route=\/wp\/v2\/media\/141383"}],"wp:attachment":[{"href":"https:\/\/lospoliticosveracruz.com\/index.php?rest_route=%2Fwp%2Fv2%2Fmedia&parent=157721"}],"wp:term":[{"taxonomy":"category","embeddable":true,"href":"https:\/\/lospoliticosveracruz.com\/index.php?rest_route=%2Fwp%2Fv2%2Fcategories&post=157721"},{"taxonomy":"post_tag","embeddable":true,"href":"https:\/\/lospoliticosveracruz.com\/index.php?rest_route=%2Fwp%2Fv2%2Ftags&post=157721"}],"curies":[{"name":"wp","href":"https:\/\/api.w.org\/{rel}","templated":true}]}}