{"id":157741,"date":"2025-12-03T09:11:16","date_gmt":"2025-12-03T15:11:16","guid":{"rendered":"https:\/\/lospoliticosveracruz.com.mx\/?p=157741"},"modified":"2025-12-03T09:11:43","modified_gmt":"2025-12-03T15:11:43","slug":"fortaleza-del-ipe","status":"publish","type":"post","link":"https:\/\/lospoliticosveracruz.com\/?p=157741","title":{"rendered":"FORTALEZA DEL IPE"},"content":{"rendered":"\n<p>S\u00edguenos ahora tambi\u00e9n en WhatsApp.\u00a0\u00a1<a href=\"https:\/\/whatsapp.com\/channel\/0029Va8zRWlEKyZIP3Z1dF0e\"><strong>Da clic aqu\u00ed<\/strong><\/a><strong>!<\/strong><\/p>\n\n\n\n<p><strong>Miguel Valera<br><\/strong><em>Contrase\u00f1as<\/em><\/p>\n\n\n\n<p>Es hasta cierto punto normal que el Instituto de Pensiones del Estado de Veracruz sea flanco de ataques medi\u00e1ticos. Si su director, Luis Octavio Hern\u00e1ndez Lara navegara de a muertito, si echara la vaca a retozar, si siguiera las viejas consignas de dejar hacer y dejar pasar, permitiendo que el trabajo de siete a\u00f1os de rescate de esta instituci\u00f3n se fuera por la borda, quiz\u00e1 el escenario ser\u00eda otro.<\/p>\n\n\n\n\n\n<p>Sin embargo, el pedagogo y Maestro en Investigaci\u00f3n Educativa del Instituto de Investigaciones en Educaci\u00f3n de la Universidad Veracruzana se puso las pilas y desde que tom\u00f3 las riendas de la instituci\u00f3n, luego de que Daniela Griego Ceballos saliera en busca de la presidencia municipal de Xalapa \u2014la ciudad que gobernar\u00e1 a partir del 1 de enero de 2026\u2014, se puso manos a la obra y ha mantenido un ritmo intenso para la instituci\u00f3n.<\/p>\n\n\n\n<p>No pod\u00eda ser de otra manera. La exigencia de la gobernadora Roc\u00edo Nahle Garc\u00eda para todos los funcionarios p\u00fablicos fue la misma: Veracruz requiere trabajar sin descanso. El pasado lunes comentaba c\u00f3mo la jefa de las instituciones en Veracruz destac\u00f3 en su informe el trabajo de saneamiento financiero de la entidad. El Instituto de Pensiones del Estado es parte de esa fortaleza que hoy puede presumir la gobernadora.<\/p>\n\n\n\n<p>Ayer, frente a los ataques que se arrecieron contra el IPE, la Direcci\u00f3n de esta instituci\u00f3n fue muy puntual al informar \u201cque cuenta con estabilidad financiera, opera con normalidad y cumple puntualmente con el pago a m\u00e1s de 37 mil pensionadas y pensionados\u201d.<\/p>\n\n\n\n<p>Los puntos que destac\u00f3 fueron los siguientes:<\/p>\n\n\n\n<ul class=\"wp-block-list\">\n<li>En 2024, tuvo ingresos por 11 mil 507 millones de pesos (mdp) y egresos por 11 mil 428 millones, con pagos cubiertos en tiempo y forma.<\/li>\n\n\n\n<li>La Reserva T\u00e9cnica alcanz\u00f3 3 mil139 millones en octubre de 2025, m\u00e1s del triple de lo registrado en 2016.<\/li>\n\n\n\n<li>El portafolio inmobiliario creci\u00f3 de 4 mil 511 mdp (2018) a 6 mil 193 mdp (2025).<\/li>\n\n\n\n<li>El Programa de Pr\u00e9stamos aument\u00f3 su presupuesto a 805 mdp, generando rendimiento.<\/li>\n\n\n\n<li>Para 2026, el Estado destinar\u00e1 4 mil 600 mdp del Fondo de Aportaciones para el Fortalecimiento de las Entidades Federativas.<\/li>\n<\/ul>\n\n\n\n<p>As\u00ed, directo, sin cortapisas, la instituci\u00f3n reiter\u00f3 que \u201clas presiones actuariales son un reto nacional, no un problema exclusivo de Veracruz, por ello avanza en una Ruta de Fortalecimiento 2025\u20132030 que moderniza procesos, mejora ingresos y protege el patrimonio institucional\u201d.<\/p>\n\n\n\n<p>\u201cConforme a la Ley 287, el Gobierno del Estado es garante solidario del sistema de pensiones, y en la administraci\u00f3n de la gobernadora Roc\u00edo Nahle Garc\u00eda, la estabilidad es una prioridad respaldada por la Secretar\u00eda de Finanzas y Planeaci\u00f3n\u201d.<\/p>\n\n\n\n<p>\u201cEl IPE no est\u00e1 en riesgo, no enfrenta quiebra y mantiene un manejo responsable y transparente, trabajando para garantizar la seguridad social de sus m\u00e1s de 135 mil derechohabientes\u201d.<\/p>\n\n\n\n<p>Aclarando amanece, como se dice en el refranero popular. M\u00e1s claro, ni el agua. El Instituto de Pensiones del Estado de Veracruz goza de cabal salud, se trabaja con orden, con disciplina financiera y est\u00e1n garantizadas las pensiones que mes con mes se entregan a sus afiliados, trabajadores que entregaron su vida por nuestra entidad.<\/p>\n\n\n\n<p>Est\u00e1n tan sanas las fianzas, que el director Luis Octavio Hern\u00e1ndez Lara recientemente inaugur\u00f3 un techado de la cancha de la Estancia Garnica, en Xalapa, espacio emblem\u00e1tico para los adultos mayores de la regi\u00f3n capital. El 28 de octubre pasado el director expres\u00f3 durante la inauguraci\u00f3n: \u201cEste techado permitir\u00e1 a los pensionados realizar talleres al aire libre, como danz\u00f3n, salsa o actividades deportivas. Es una obra significativa que refleja la continuidad del trabajo de la gobernadora Roc\u00edo Nahle Garc\u00eda, quien ha brindado su respaldo al Instituto y a sus derechohabientes\u201d.<\/p>\n\n\n\n<p>Junto a esto, tambi\u00e9n hace algunos meses, present\u00f3 el Asistente Virtual Inteligente IPEBOT, una herramienta tecnol\u00f3gica que, mediante WhatsApp y el uso de inteligencia artificial, facilitar\u00e1 la atenci\u00f3n a la derechohabiencia y a las organizaciones sindicales.<\/p>\n\n\n\n<p>La cercan\u00eda que ha mantenido con los representantes de los gremios sindicales, cuyos agremiados cotizan al IPE, han sido tambi\u00e9n parte de su agenda diaria. Un d\u00eda s\u00ed y otro tambi\u00e9n, el funcionario estatal cumple la encomienda de la gobernadora Roc\u00edo Nahle de brindar atenci\u00f3n cercana y oportuna a los ciudadanos.<\/p>\n\n\n\n<p>El fuego amigo, seguramente seguir\u00e1. Si la envidia es uno de las peores pasiones del ser humano, en la vida cotidiana, la envidia pol\u00edtica ha hecho caer imperios en la historia de la humanidad y hay actores que no les gusta que otros brillen. Es la naturaleza humana. Tan tan.<\/p>\n\n\n\n<p>@MValeraH<\/p>\n","protected":false},"excerpt":{"rendered":"<p>Miguel ValeraContrase\u00f1as Es hasta cierto punto normal que el Instituto de Pensiones del Estado de Veracruz sea flanco de ataques medi\u00e1ticos. Si su director, Luis Octavio Hern\u00e1ndez Lara navegara de a muertito, si echara la vaca a retozar, si siguiera las viejas consignas de dejar hacer y dejar pasar, permitiendo que el trabajo de siete [&hellip;]<\/p>\n","protected":false},"author":2,"featured_media":141429,"comment_status":"closed","ping_status":"closed","sticky":false,"template":"","format":"standard","meta":{"tdm_status":"","tdm_grid_status":"","footnotes":""},"categories":[70],"tags":[],"class_list":{"0":"post-157741","1":"post","2":"type-post","3":"status-publish","4":"format-standard","5":"has-post-thumbnail","7":"category-de-opinion"},"yoast_head":"<!-- This site is optimized with the Yoast SEO plugin v27.4 - https:\/\/yoast.com\/product\/yoast-seo-wordpress\/ -->\n<title>FORTALEZA DEL IPE - Los pol\u00edticos Veracruz<\/title>\n<meta name=\"robots\" content=\"index, follow, max-snippet:-1, max-image-preview:large, max-video-preview:-1\" \/>\n<link rel=\"canonical\" href=\"https:\/\/lospoliticosveracruz.com\/?p=157741\" \/>\n<meta property=\"og:locale\" content=\"es_ES\" \/>\n<meta property=\"og:type\" content=\"article\" \/>\n<meta property=\"og:title\" content=\"FORTALEZA DEL IPE - Los pol\u00edticos Veracruz\" \/>\n<meta property=\"og:description\" content=\"Miguel ValeraContrase\u00f1as Es hasta cierto punto normal que el Instituto de Pensiones del Estado de Veracruz sea flanco de ataques medi\u00e1ticos. Si su director, Luis Octavio Hern\u00e1ndez Lara navegara de a muertito, si echara la vaca a retozar, si siguiera las viejas consignas de dejar hacer y dejar pasar, permitiendo que el trabajo de siete [&hellip;]\" \/>\n<meta property=\"og:url\" content=\"https:\/\/lospoliticosveracruz.com\/?p=157741\" \/>\n<meta property=\"og:site_name\" content=\"Los pol\u00edticos Veracruz\" \/>\n<meta property=\"article:publisher\" content=\"https:\/\/www.facebook.com\/people\/Notimemes-de-los-Polticos\/61565672886568\/\" \/>\n<meta property=\"article:published_time\" content=\"2025-12-03T15:11:16+00:00\" \/>\n<meta property=\"article:modified_time\" content=\"2025-12-03T15:11:43+00:00\" \/>\n<meta property=\"og:image\" content=\"https:\/\/lospoliticosveracruz.com\/wp-content\/uploads\/2025\/04\/Miguel-Valera.jpg\" \/>\n\t<meta property=\"og:image:width\" content=\"1250\" \/>\n\t<meta property=\"og:image:height\" content=\"667\" \/>\n\t<meta property=\"og:image:type\" content=\"image\/jpeg\" \/>\n<meta name=\"author\" content=\"Lo viste en Los Pol\u00edticos\" \/>\n<meta name=\"twitter:card\" content=\"summary_large_image\" \/>\n<meta name=\"twitter:creator\" content=\"@LosPoliticosVer\" \/>\n<meta name=\"twitter:site\" content=\"@LosPoliticosVer\" \/>\n<meta name=\"twitter:label1\" content=\"Escrito por\" \/>\n\t<meta name=\"twitter:data1\" content=\"Lo viste en Los Pol\u00edticos\" \/>\n\t<meta name=\"twitter:label2\" content=\"Tiempo de lectura\" \/>\n\t<meta name=\"twitter:data2\" content=\"4 minutos\" \/>\n<script type=\"application\/ld+json\" class=\"yoast-schema-graph\">{\"@context\":\"https:\\\/\\\/schema.org\",\"@graph\":[{\"@type\":\"Article\",\"@id\":\"https:\\\/\\\/lospoliticosveracruz.com\\\/?p=157741#article\",\"isPartOf\":{\"@id\":\"https:\\\/\\\/lospoliticosveracruz.com\\\/?p=157741\"},\"author\":{\"name\":\"Lo viste en Los Pol\u00edticos\",\"@id\":\"https:\\\/\\\/lospoliticosveracruz.com\\\/#\\\/schema\\\/person\\\/b8702bb0e538456e6efd07080bf2a4a2\"},\"headline\":\"FORTALEZA DEL IPE\",\"datePublished\":\"2025-12-03T15:11:16+00:00\",\"dateModified\":\"2025-12-03T15:11:43+00:00\",\"mainEntityOfPage\":{\"@id\":\"https:\\\/\\\/lospoliticosveracruz.com\\\/?p=157741\"},\"wordCount\":774,\"publisher\":{\"@id\":\"https:\\\/\\\/lospoliticosveracruz.com\\\/#organization\"},\"image\":{\"@id\":\"https:\\\/\\\/lospoliticosveracruz.com\\\/?p=157741#primaryimage\"},\"thumbnailUrl\":\"https:\\\/\\\/lospoliticosveracruz.com\\\/wp-content\\\/uploads\\\/2025\\\/04\\\/Miguel-Valera.jpg\",\"articleSection\":[\"De Opini\u00f3n\"],\"inLanguage\":\"es\"},{\"@type\":\"WebPage\",\"@id\":\"https:\\\/\\\/lospoliticosveracruz.com\\\/?p=157741\",\"url\":\"https:\\\/\\\/lospoliticosveracruz.com\\\/?p=157741\",\"name\":\"FORTALEZA DEL IPE - Los pol\u00edticos Veracruz\",\"isPartOf\":{\"@id\":\"https:\\\/\\\/lospoliticosveracruz.com\\\/#website\"},\"primaryImageOfPage\":{\"@id\":\"https:\\\/\\\/lospoliticosveracruz.com\\\/?p=157741#primaryimage\"},\"image\":{\"@id\":\"https:\\\/\\\/lospoliticosveracruz.com\\\/?p=157741#primaryimage\"},\"thumbnailUrl\":\"https:\\\/\\\/lospoliticosveracruz.com\\\/wp-content\\\/uploads\\\/2025\\\/04\\\/Miguel-Valera.jpg\",\"datePublished\":\"2025-12-03T15:11:16+00:00\",\"dateModified\":\"2025-12-03T15:11:43+00:00\",\"breadcrumb\":{\"@id\":\"https:\\\/\\\/lospoliticosveracruz.com\\\/?p=157741#breadcrumb\"},\"inLanguage\":\"es\",\"potentialAction\":[{\"@type\":\"ReadAction\",\"target\":[\"https:\\\/\\\/lospoliticosveracruz.com\\\/?p=157741\"]}]},{\"@type\":\"ImageObject\",\"inLanguage\":\"es\",\"@id\":\"https:\\\/\\\/lospoliticosveracruz.com\\\/?p=157741#primaryimage\",\"url\":\"https:\\\/\\\/lospoliticosveracruz.com\\\/wp-content\\\/uploads\\\/2025\\\/04\\\/Miguel-Valera.jpg\",\"contentUrl\":\"https:\\\/\\\/lospoliticosveracruz.com\\\/wp-content\\\/uploads\\\/2025\\\/04\\\/Miguel-Valera.jpg\",\"width\":1250,\"height\":667},{\"@type\":\"BreadcrumbList\",\"@id\":\"https:\\\/\\\/lospoliticosveracruz.com\\\/?p=157741#breadcrumb\",\"itemListElement\":[{\"@type\":\"ListItem\",\"position\":1,\"name\":\"Portada\",\"item\":\"https:\\\/\\\/lospoliticosveracruz.com\\\/\"},{\"@type\":\"ListItem\",\"position\":2,\"name\":\"FORTALEZA DEL IPE\"}]},{\"@type\":\"WebSite\",\"@id\":\"https:\\\/\\\/lospoliticosveracruz.com\\\/#website\",\"url\":\"https:\\\/\\\/lospoliticosveracruz.com\\\/\",\"name\":\"Los pol\u00edticos Veracruz\",\"description\":\"\",\"publisher\":{\"@id\":\"https:\\\/\\\/lospoliticosveracruz.com\\\/#organization\"},\"potentialAction\":[{\"@type\":\"SearchAction\",\"target\":{\"@type\":\"EntryPoint\",\"urlTemplate\":\"https:\\\/\\\/lospoliticosveracruz.com\\\/?s={search_term_string}\"},\"query-input\":{\"@type\":\"PropertyValueSpecification\",\"valueRequired\":true,\"valueName\":\"search_term_string\"}}],\"inLanguage\":\"es\"},{\"@type\":\"Organization\",\"@id\":\"https:\\\/\\\/lospoliticosveracruz.com\\\/#organization\",\"name\":\"Los pol\u00edticos Veracruz\",\"url\":\"https:\\\/\\\/lospoliticosveracruz.com\\\/\",\"logo\":{\"@type\":\"ImageObject\",\"inLanguage\":\"es\",\"@id\":\"https:\\\/\\\/lospoliticosveracruz.com\\\/#\\\/schema\\\/logo\\\/image\\\/\",\"url\":\"https:\\\/\\\/lospoliticosveracruz.com\\\/wp-content\\\/uploads\\\/2025\\\/12\\\/Logo-Nuevo-LOS-POLITICOS-1.jpg\",\"contentUrl\":\"https:\\\/\\\/lospoliticosveracruz.com\\\/wp-content\\\/uploads\\\/2025\\\/12\\\/Logo-Nuevo-LOS-POLITICOS-1.jpg\",\"width\":260,\"height\":70,\"caption\":\"Los pol\u00edticos Veracruz\"},\"image\":{\"@id\":\"https:\\\/\\\/lospoliticosveracruz.com\\\/#\\\/schema\\\/logo\\\/image\\\/\"},\"sameAs\":[\"https:\\\/\\\/www.facebook.com\\\/people\\\/Notimemes-de-los-Polticos\\\/61565672886568\\\/\",\"https:\\\/\\\/x.com\\\/LosPoliticosVer\"]},{\"@type\":\"Person\",\"@id\":\"https:\\\/\\\/lospoliticosveracruz.com\\\/#\\\/schema\\\/person\\\/b8702bb0e538456e6efd07080bf2a4a2\",\"name\":\"Lo viste en Los Pol\u00edticos\",\"image\":{\"@type\":\"ImageObject\",\"inLanguage\":\"es\",\"@id\":\"https:\\\/\\\/secure.gravatar.com\\\/avatar\\\/3a8de04a2656d44082be478bd6c086daa447c4651605818287b9532d3d0bd435?s=96&d=mm&r=g\",\"url\":\"https:\\\/\\\/secure.gravatar.com\\\/avatar\\\/3a8de04a2656d44082be478bd6c086daa447c4651605818287b9532d3d0bd435?s=96&d=mm&r=g\",\"contentUrl\":\"https:\\\/\\\/secure.gravatar.com\\\/avatar\\\/3a8de04a2656d44082be478bd6c086daa447c4651605818287b9532d3d0bd435?s=96&d=mm&r=g\",\"caption\":\"Lo viste en Los Pol\u00edticos\"},\"url\":\"https:\\\/\\\/lospoliticosveracruz.com\\\/?author=2\"}]}<\/script>\n<!-- \/ Yoast SEO plugin. -->","yoast_head_json":{"title":"FORTALEZA DEL IPE - Los pol\u00edticos Veracruz","robots":{"index":"index","follow":"follow","max-snippet":"max-snippet:-1","max-image-preview":"max-image-preview:large","max-video-preview":"max-video-preview:-1"},"canonical":"https:\/\/lospoliticosveracruz.com\/?p=157741","og_locale":"es_ES","og_type":"article","og_title":"FORTALEZA DEL IPE - Los pol\u00edticos Veracruz","og_description":"Miguel ValeraContrase\u00f1as Es hasta cierto punto normal que el Instituto de Pensiones del Estado de Veracruz sea flanco de ataques medi\u00e1ticos. Si su director, Luis Octavio Hern\u00e1ndez Lara navegara de a muertito, si echara la vaca a retozar, si siguiera las viejas consignas de dejar hacer y dejar pasar, permitiendo que el trabajo de siete [&hellip;]","og_url":"https:\/\/lospoliticosveracruz.com\/?p=157741","og_site_name":"Los pol\u00edticos Veracruz","article_publisher":"https:\/\/www.facebook.com\/people\/Notimemes-de-los-Polticos\/61565672886568\/","article_published_time":"2025-12-03T15:11:16+00:00","article_modified_time":"2025-12-03T15:11:43+00:00","og_image":[{"width":1250,"height":667,"url":"https:\/\/lospoliticosveracruz.com\/wp-content\/uploads\/2025\/04\/Miguel-Valera.jpg","type":"image\/jpeg"}],"author":"Lo viste en Los Pol\u00edticos","twitter_card":"summary_large_image","twitter_creator":"@LosPoliticosVer","twitter_site":"@LosPoliticosVer","twitter_misc":{"Escrito por":"Lo viste en Los Pol\u00edticos","Tiempo de lectura":"4 minutos"},"schema":{"@context":"https:\/\/schema.org","@graph":[{"@type":"Article","@id":"https:\/\/lospoliticosveracruz.com\/?p=157741#article","isPartOf":{"@id":"https:\/\/lospoliticosveracruz.com\/?p=157741"},"author":{"name":"Lo viste en Los Pol\u00edticos","@id":"https:\/\/lospoliticosveracruz.com\/#\/schema\/person\/b8702bb0e538456e6efd07080bf2a4a2"},"headline":"FORTALEZA DEL IPE","datePublished":"2025-12-03T15:11:16+00:00","dateModified":"2025-12-03T15:11:43+00:00","mainEntityOfPage":{"@id":"https:\/\/lospoliticosveracruz.com\/?p=157741"},"wordCount":774,"publisher":{"@id":"https:\/\/lospoliticosveracruz.com\/#organization"},"image":{"@id":"https:\/\/lospoliticosveracruz.com\/?p=157741#primaryimage"},"thumbnailUrl":"https:\/\/lospoliticosveracruz.com\/wp-content\/uploads\/2025\/04\/Miguel-Valera.jpg","articleSection":["De Opini\u00f3n"],"inLanguage":"es"},{"@type":"WebPage","@id":"https:\/\/lospoliticosveracruz.com\/?p=157741","url":"https:\/\/lospoliticosveracruz.com\/?p=157741","name":"FORTALEZA DEL IPE - Los pol\u00edticos Veracruz","isPartOf":{"@id":"https:\/\/lospoliticosveracruz.com\/#website"},"primaryImageOfPage":{"@id":"https:\/\/lospoliticosveracruz.com\/?p=157741#primaryimage"},"image":{"@id":"https:\/\/lospoliticosveracruz.com\/?p=157741#primaryimage"},"thumbnailUrl":"https:\/\/lospoliticosveracruz.com\/wp-content\/uploads\/2025\/04\/Miguel-Valera.jpg","datePublished":"2025-12-03T15:11:16+00:00","dateModified":"2025-12-03T15:11:43+00:00","breadcrumb":{"@id":"https:\/\/lospoliticosveracruz.com\/?p=157741#breadcrumb"},"inLanguage":"es","potentialAction":[{"@type":"ReadAction","target":["https:\/\/lospoliticosveracruz.com\/?p=157741"]}]},{"@type":"ImageObject","inLanguage":"es","@id":"https:\/\/lospoliticosveracruz.com\/?p=157741#primaryimage","url":"https:\/\/lospoliticosveracruz.com\/wp-content\/uploads\/2025\/04\/Miguel-Valera.jpg","contentUrl":"https:\/\/lospoliticosveracruz.com\/wp-content\/uploads\/2025\/04\/Miguel-Valera.jpg","width":1250,"height":667},{"@type":"BreadcrumbList","@id":"https:\/\/lospoliticosveracruz.com\/?p=157741#breadcrumb","itemListElement":[{"@type":"ListItem","position":1,"name":"Portada","item":"https:\/\/lospoliticosveracruz.com\/"},{"@type":"ListItem","position":2,"name":"FORTALEZA DEL IPE"}]},{"@type":"WebSite","@id":"https:\/\/lospoliticosveracruz.com\/#website","url":"https:\/\/lospoliticosveracruz.com\/","name":"Los pol\u00edticos Veracruz","description":"","publisher":{"@id":"https:\/\/lospoliticosveracruz.com\/#organization"},"potentialAction":[{"@type":"SearchAction","target":{"@type":"EntryPoint","urlTemplate":"https:\/\/lospoliticosveracruz.com\/?s={search_term_string}"},"query-input":{"@type":"PropertyValueSpecification","valueRequired":true,"valueName":"search_term_string"}}],"inLanguage":"es"},{"@type":"Organization","@id":"https:\/\/lospoliticosveracruz.com\/#organization","name":"Los pol\u00edticos Veracruz","url":"https:\/\/lospoliticosveracruz.com\/","logo":{"@type":"ImageObject","inLanguage":"es","@id":"https:\/\/lospoliticosveracruz.com\/#\/schema\/logo\/image\/","url":"https:\/\/lospoliticosveracruz.com\/wp-content\/uploads\/2025\/12\/Logo-Nuevo-LOS-POLITICOS-1.jpg","contentUrl":"https:\/\/lospoliticosveracruz.com\/wp-content\/uploads\/2025\/12\/Logo-Nuevo-LOS-POLITICOS-1.jpg","width":260,"height":70,"caption":"Los pol\u00edticos Veracruz"},"image":{"@id":"https:\/\/lospoliticosveracruz.com\/#\/schema\/logo\/image\/"},"sameAs":["https:\/\/www.facebook.com\/people\/Notimemes-de-los-Polticos\/61565672886568\/","https:\/\/x.com\/LosPoliticosVer"]},{"@type":"Person","@id":"https:\/\/lospoliticosveracruz.com\/#\/schema\/person\/b8702bb0e538456e6efd07080bf2a4a2","name":"Lo viste en Los Pol\u00edticos","image":{"@type":"ImageObject","inLanguage":"es","@id":"https:\/\/secure.gravatar.com\/avatar\/3a8de04a2656d44082be478bd6c086daa447c4651605818287b9532d3d0bd435?s=96&d=mm&r=g","url":"https:\/\/secure.gravatar.com\/avatar\/3a8de04a2656d44082be478bd6c086daa447c4651605818287b9532d3d0bd435?s=96&d=mm&r=g","contentUrl":"https:\/\/secure.gravatar.com\/avatar\/3a8de04a2656d44082be478bd6c086daa447c4651605818287b9532d3d0bd435?s=96&d=mm&r=g","caption":"Lo viste en Los Pol\u00edticos"},"url":"https:\/\/lospoliticosveracruz.com\/?author=2"}]}},"_links":{"self":[{"href":"https:\/\/lospoliticosveracruz.com\/index.php?rest_route=\/wp\/v2\/posts\/157741","targetHints":{"allow":["GET"]}}],"collection":[{"href":"https:\/\/lospoliticosveracruz.com\/index.php?rest_route=\/wp\/v2\/posts"}],"about":[{"href":"https:\/\/lospoliticosveracruz.com\/index.php?rest_route=\/wp\/v2\/types\/post"}],"author":[{"embeddable":true,"href":"https:\/\/lospoliticosveracruz.com\/index.php?rest_route=\/wp\/v2\/users\/2"}],"replies":[{"embeddable":true,"href":"https:\/\/lospoliticosveracruz.com\/index.php?rest_route=%2Fwp%2Fv2%2Fcomments&post=157741"}],"version-history":[{"count":2,"href":"https:\/\/lospoliticosveracruz.com\/index.php?rest_route=\/wp\/v2\/posts\/157741\/revisions"}],"predecessor-version":[{"id":157743,"href":"https:\/\/lospoliticosveracruz.com\/index.php?rest_route=\/wp\/v2\/posts\/157741\/revisions\/157743"}],"wp:featuredmedia":[{"embeddable":true,"href":"https:\/\/lospoliticosveracruz.com\/index.php?rest_route=\/wp\/v2\/media\/141429"}],"wp:attachment":[{"href":"https:\/\/lospoliticosveracruz.com\/index.php?rest_route=%2Fwp%2Fv2%2Fmedia&parent=157741"}],"wp:term":[{"taxonomy":"category","embeddable":true,"href":"https:\/\/lospoliticosveracruz.com\/index.php?rest_route=%2Fwp%2Fv2%2Fcategories&post=157741"},{"taxonomy":"post_tag","embeddable":true,"href":"https:\/\/lospoliticosveracruz.com\/index.php?rest_route=%2Fwp%2Fv2%2Ftags&post=157741"}],"curies":[{"name":"wp","href":"https:\/\/api.w.org\/{rel}","templated":true}]}}