{"id":157744,"date":"2025-12-03T09:27:12","date_gmt":"2025-12-03T15:27:12","guid":{"rendered":"https:\/\/lospoliticosveracruz.com.mx\/?p=157744"},"modified":"2025-12-03T09:27:38","modified_gmt":"2025-12-03T15:27:38","slug":"dos-encuestas-y-una-realidad","status":"publish","type":"post","link":"https:\/\/lospoliticosveracruz.com\/?p=157744","title":{"rendered":"DOS ENCUESTAS Y UNA REALIDAD"},"content":{"rendered":"\n<p>S\u00edguenos ahora tambi\u00e9n en WhatsApp.\u00a0\u00a1<a href=\"https:\/\/whatsapp.com\/channel\/0029Va8zRWlEKyZIP3Z1dF0e\"><strong>Da clic aqu\u00ed<\/strong><\/a><strong>!<\/strong><\/p>\n\n\n\n<p><strong>Oved Contreras<\/strong><br>Secas mecas<\/p>\n\n\n\n<p>Ayer apareci\u00f3 una encuesta elaborada por <strong>Demoscopia Digital<\/strong>, que le trabaja al peri\u00f3dico <strong>La Jornada<\/strong>, con una medici\u00f3n que ubica a la t\u00eda Ch\u00edo entre los mejores 15 gobernadores evaluados, con un 56 por ciento de aprobaci\u00f3n ciudadana.<\/p>\n\n\n\n\n\n<p>Los datos contrastan con <strong>Mitofsky<\/strong> que hace un par de semanas coloc\u00f3 a la gobernadora <strong>Roc\u00edo Nahle<\/strong> en el \u00faltimo lugar de todos los mandatarios del pa\u00eds. \u00bfA cu\u00e1l de las dos le creemos? \u00bfA <strong>Demoscopia<\/strong> luego de ver una plaza Lerdo llena para el informe con burocracia estatal, y beneficiarios de programas sociales y becas escolares, o a <strong>Mitofsky<\/strong> luego de ver el cuestionado trabajo del gobierno estatal antes y despu\u00e9s del desastre natural que golpe\u00f3 la zona norte del estado?<\/p>\n\n\n\n<p>Dicen que las encuestas favorecen a quienes las pagan. Hay miles de damnificados por las inundaciones que perdieron todo y que siguen reclamando apoyo, porque les prometieron que no los dejar\u00edan solos y la gobernadora dijo que el dinero no era el problema.<\/p>\n\n\n\n<p><strong>SE LES HACE BOLAS EL ENGRUDO\u2026<\/strong> a falta de informaci\u00f3n contante y sonante que le diera m\u00e1s brillo al primer informe de Gobierno, a la t\u00eda Corajes se le ocurri\u00f3 afirmar que hab\u00eda reducido la deuda p\u00fablica y que gracias a sus gestiones tambi\u00e9n se hab\u00eda logrado bajar los adeudos hist\u00f3ricos con el <strong>SAT<\/strong>\u2026pero resulta que los mismos morenos hicieron cuentas y descubrieron que las cifras no concuerdan, que solo es humo para presumir que la t\u00eda Ch\u00edo encabeza un gobierno de finanzas sanas aunque en muchas dependencias van literal al d\u00eda con su gasto corriente.<\/p>\n\n\n\n<p>El primero en saltar fue <strong>Mauel Huerta Ladr\u00f3n de Guevara<\/strong> quien hizo un llamado para que se aclaren los cuestionamientos sobre la deuda de <strong>Veracruz<\/strong>, especificando entre lo que dej\u00f3 el exgobernador <strong>Cuitl\u00e1huac Garc\u00eda<\/strong> y lo que disminuy\u00f3 este \u00faltimo a\u00f1o\u2026 \u201cEl tema de la deuda, a m\u00ed ah\u00ed con sinceridad lo veo como oportunidad, pero entre lo que estuve leyendo toda la ma\u00f1ana y lo que inform\u00f3 <strong>Cuitl\u00e1huac<\/strong> de la deuda que hab\u00eda y lo que se dijo ayer, es una oportunidad para que se aclaren las cuentas\u201d, expuso.<\/p>\n\n\n\n<p>Desde el gobierno de <strong>Javier Duarte<\/strong>, Manolete Huerta dijo que se habla de un saqueo de m\u00e1s de 80 mil millones de pesos, por lo que, al ser cifras considerables, debe haber una revisi\u00f3n de cuentas\u2026 se tienen que aclarar bien el tema de la deuda porque <strong>Cuitl\u00e1huac<\/strong> dec\u00eda que \u00e9l hab\u00eda reducido la deuda. Se hablaba de 61 mil millones de pesos y ayer sube a 109 mil millones.<\/p>\n\n\n\n<p>Aunque <strong>Roc\u00edo Nahle<\/strong> precis\u00f3 que pag\u00f3 deudas del <strong>SAT<\/strong> y del <strong>ISSSTE<\/strong> a la mitad, el senador expuso que como que se tiene que profundizar y es la oportunidad, no vaya a ocurrir que a Chuchita la bolsearon despu\u00e9s, y reconoci\u00f3 que la Gobernadora es valiente en informar y actuar, pero es una oportunidad para pedir una revisi\u00f3n de cuentas.<\/p>\n\n\n\n<p><strong>NO MENTIR\u2026<\/strong> el l\u00edder estatal del <strong>PAN<\/strong>, <strong>Federico Salom\u00f3n Molina<\/strong>, critic\u00f3 el reciente informe de la gobernadora <strong>Roc\u00edo Nahle<\/strong> en diversos entre ellos por lo que hizo actividades y sembrar manzanas pero la realidad es otra diferente.<\/p>\n\n\n\n<p>\u201cSi queremos ver el tema de los resultados pues digamos, \u00bfqu\u00e9 resultados estamos viendo? Nada. \u00bfQu\u00e9 es lo que informaron? Un gran resultado que han informado mucho es que han bajado la deuda, o sea, \u00bfde d\u00f3nde ahorraron para pagar y decir: \u2018aqu\u00ed est\u00e1\u2019? Simplemente fue una condonaci\u00f3n que el <strong>Gobierno del Estado<\/strong> tiene con diferentes instancias, con el <strong>Servicio de Administraci\u00f3n Tributaria (SAT)<\/strong>, con el <strong>Instituto Mexicano del Seguro Social (IMSS)<\/strong>, con el <strong>Instituto de Seguridad y Servicios Sociales de los Trabajadores del Estado (ISSSTE)<\/strong>, donde finalmente dice \u2018bueno, ah\u00ed queda la deuda borrada y de aqu\u00ed para adelante\u2019\u201d.<\/p>\n\n\n\n<p>Por cierto, la gobernadora dijo que encontr\u00f3 una deuda de 119 mil millones de pesos, que se acogieron a un programa de regulaci\u00f3n de deuda con el <strong>SAT<\/strong> y que pagaron 30 mil millones de pesos. Hasta aqu\u00ed ok, todo est\u00e1 bien (seg\u00fan lo que dice) pero&#8230; \u00bfy para cu\u00e1ndo devolver\u00e1n los ladrones lo que se llevaron.<\/p>\n\n\n\n<p><strong>NO LLEGARON LAS CAMIONETITAS\u2026<\/strong> familiares de pacientes internados se\u00f1alaron ante medios de comunicaci\u00f3n que el <strong>Hospital General de C\u00f3rdoba, Yanga<\/strong>, se qued\u00f3 sin suturas para realizar cirug\u00edas, por lo que, como ocurre frecuentemente, los propios parientes deben adquirirlas, junto con otros insumos.<\/p>\n\n\n\n<p>Indicaron que materiales b\u00e1sicos como gasas, compresas, pleurevac, anest\u00e9sicos, antimicrobianos y analg\u00e9sicos inyectables, sondas Foley y vendas de 30 cm, entre otros elementos esenciales para cualquier procedimiento quir\u00fargico, ya no est\u00e1n disponibles. Ante esta situaci\u00f3n cr\u00edtica, piden la intervenci\u00f3n urgente de las autoridades competentes.<\/p>\n\n\n\n<p>Alguien tiene que avisarle a la t\u00eda berrinches que no se avanza mucho con sus camionetitas\u2026 Pero como puede ser posible si la se\u00f1ora de Zacatecas en su informe coment\u00f3 que sus camionetitas del bienestar ya tienen bien surtido todo nuestro estado de medicamentos.<\/p>\n","protected":false},"excerpt":{"rendered":"<p>Oved ContrerasSecas mecas Ayer apareci\u00f3 una encuesta elaborada por Demoscopia Digital, que le trabaja al peri\u00f3dico La Jornada, con una medici\u00f3n que ubica a la t\u00eda Ch\u00edo entre los mejores 15 gobernadores evaluados, con un 56 por ciento de aprobaci\u00f3n ciudadana. Los datos contrastan con Mitofsky que hace un par de semanas coloc\u00f3 a la [&hellip;]<\/p>\n","protected":false},"author":2,"featured_media":141426,"comment_status":"closed","ping_status":"closed","sticky":false,"template":"","format":"standard","meta":{"tdm_status":"","tdm_grid_status":"","footnotes":""},"categories":[70],"tags":[47776,1248,47778,47777,10317,3578],"class_list":{"0":"post-157744","1":"post","2":"type-post","3":"status-publish","4":"format-standard","5":"has-post-thumbnail","7":"category-de-opinion","8":"tag-crisis-administrativa","9":"tag-deuda-publica","10":"tag-encuestas-veracruz","11":"tag-hospital-de-cordoba","12":"tag-manuel-huerta","13":"tag-rocio-nahle"},"yoast_head":"<!-- This site is optimized with the Yoast SEO plugin v27.4 - https:\/\/yoast.com\/product\/yoast-seo-wordpress\/ -->\n<title>DOS ENCUESTAS Y UNA REALIDAD - Los pol\u00edticos Veracruz<\/title>\n<meta name=\"robots\" content=\"index, follow, max-snippet:-1, max-image-preview:large, max-video-preview:-1\" \/>\n<link rel=\"canonical\" href=\"https:\/\/lospoliticosveracruz.com\/?p=157744\" \/>\n<meta property=\"og:locale\" content=\"es_ES\" \/>\n<meta property=\"og:type\" content=\"article\" \/>\n<meta property=\"og:title\" content=\"DOS ENCUESTAS Y UNA REALIDAD - Los pol\u00edticos Veracruz\" \/>\n<meta property=\"og:description\" content=\"Oved ContrerasSecas mecas Ayer apareci\u00f3 una encuesta elaborada por Demoscopia Digital, que le trabaja al peri\u00f3dico La Jornada, con una medici\u00f3n que ubica a la t\u00eda Ch\u00edo entre los mejores 15 gobernadores evaluados, con un 56 por ciento de aprobaci\u00f3n ciudadana. Los datos contrastan con Mitofsky que hace un par de semanas coloc\u00f3 a la [&hellip;]\" \/>\n<meta property=\"og:url\" content=\"https:\/\/lospoliticosveracruz.com\/?p=157744\" \/>\n<meta property=\"og:site_name\" content=\"Los pol\u00edticos Veracruz\" \/>\n<meta property=\"article:publisher\" content=\"https:\/\/www.facebook.com\/people\/Notimemes-de-los-Polticos\/61565672886568\/\" \/>\n<meta property=\"article:published_time\" content=\"2025-12-03T15:27:12+00:00\" \/>\n<meta property=\"article:modified_time\" content=\"2025-12-03T15:27:38+00:00\" \/>\n<meta property=\"og:image\" content=\"https:\/\/lospoliticosveracruz.com\/wp-content\/uploads\/2025\/04\/Oved-Contreras-e1768066319253.jpg\" \/>\n\t<meta property=\"og:image:width\" content=\"600\" \/>\n\t<meta property=\"og:image:height\" content=\"320\" \/>\n\t<meta property=\"og:image:type\" content=\"image\/jpeg\" \/>\n<meta name=\"author\" content=\"Lo viste en Los Pol\u00edticos\" \/>\n<meta name=\"twitter:card\" content=\"summary_large_image\" \/>\n<meta name=\"twitter:creator\" content=\"@LosPoliticosVer\" \/>\n<meta name=\"twitter:site\" content=\"@LosPoliticosVer\" \/>\n<meta name=\"twitter:label1\" content=\"Escrito por\" \/>\n\t<meta name=\"twitter:data1\" content=\"Lo viste en Los Pol\u00edticos\" \/>\n\t<meta name=\"twitter:label2\" content=\"Tiempo de lectura\" \/>\n\t<meta name=\"twitter:data2\" content=\"4 minutos\" \/>\n<script type=\"application\/ld+json\" class=\"yoast-schema-graph\">{\"@context\":\"https:\\\/\\\/schema.org\",\"@graph\":[{\"@type\":\"Article\",\"@id\":\"https:\\\/\\\/lospoliticosveracruz.com\\\/?p=157744#article\",\"isPartOf\":{\"@id\":\"https:\\\/\\\/lospoliticosveracruz.com\\\/?p=157744\"},\"author\":{\"name\":\"Lo viste en Los Pol\u00edticos\",\"@id\":\"https:\\\/\\\/lospoliticosveracruz.com\\\/#\\\/schema\\\/person\\\/b8702bb0e538456e6efd07080bf2a4a2\"},\"headline\":\"DOS ENCUESTAS Y UNA REALIDAD\",\"datePublished\":\"2025-12-03T15:27:12+00:00\",\"dateModified\":\"2025-12-03T15:27:38+00:00\",\"mainEntityOfPage\":{\"@id\":\"https:\\\/\\\/lospoliticosveracruz.com\\\/?p=157744\"},\"wordCount\":865,\"publisher\":{\"@id\":\"https:\\\/\\\/lospoliticosveracruz.com\\\/#organization\"},\"image\":{\"@id\":\"https:\\\/\\\/lospoliticosveracruz.com\\\/?p=157744#primaryimage\"},\"thumbnailUrl\":\"https:\\\/\\\/lospoliticosveracruz.com\\\/wp-content\\\/uploads\\\/2025\\\/04\\\/Oved-Contreras-e1768066319253.jpg\",\"keywords\":[\"crisis administrativa\",\"deuda p\u00fablica\",\"encuestas Veracruz\",\"Hospital de C\u00f3rdoba\",\"Manuel Huerta\",\"Roc\u00edo Nahle\"],\"articleSection\":[\"De Opini\u00f3n\"],\"inLanguage\":\"es\"},{\"@type\":\"WebPage\",\"@id\":\"https:\\\/\\\/lospoliticosveracruz.com\\\/?p=157744\",\"url\":\"https:\\\/\\\/lospoliticosveracruz.com\\\/?p=157744\",\"name\":\"DOS ENCUESTAS Y UNA REALIDAD - Los pol\u00edticos Veracruz\",\"isPartOf\":{\"@id\":\"https:\\\/\\\/lospoliticosveracruz.com\\\/#website\"},\"primaryImageOfPage\":{\"@id\":\"https:\\\/\\\/lospoliticosveracruz.com\\\/?p=157744#primaryimage\"},\"image\":{\"@id\":\"https:\\\/\\\/lospoliticosveracruz.com\\\/?p=157744#primaryimage\"},\"thumbnailUrl\":\"https:\\\/\\\/lospoliticosveracruz.com\\\/wp-content\\\/uploads\\\/2025\\\/04\\\/Oved-Contreras-e1768066319253.jpg\",\"datePublished\":\"2025-12-03T15:27:12+00:00\",\"dateModified\":\"2025-12-03T15:27:38+00:00\",\"breadcrumb\":{\"@id\":\"https:\\\/\\\/lospoliticosveracruz.com\\\/?p=157744#breadcrumb\"},\"inLanguage\":\"es\",\"potentialAction\":[{\"@type\":\"ReadAction\",\"target\":[\"https:\\\/\\\/lospoliticosveracruz.com\\\/?p=157744\"]}]},{\"@type\":\"ImageObject\",\"inLanguage\":\"es\",\"@id\":\"https:\\\/\\\/lospoliticosveracruz.com\\\/?p=157744#primaryimage\",\"url\":\"https:\\\/\\\/lospoliticosveracruz.com\\\/wp-content\\\/uploads\\\/2025\\\/04\\\/Oved-Contreras-e1768066319253.jpg\",\"contentUrl\":\"https:\\\/\\\/lospoliticosveracruz.com\\\/wp-content\\\/uploads\\\/2025\\\/04\\\/Oved-Contreras-e1768066319253.jpg\",\"width\":600,\"height\":320},{\"@type\":\"BreadcrumbList\",\"@id\":\"https:\\\/\\\/lospoliticosveracruz.com\\\/?p=157744#breadcrumb\",\"itemListElement\":[{\"@type\":\"ListItem\",\"position\":1,\"name\":\"Portada\",\"item\":\"https:\\\/\\\/lospoliticosveracruz.com\\\/\"},{\"@type\":\"ListItem\",\"position\":2,\"name\":\"DOS ENCUESTAS Y UNA REALIDAD\"}]},{\"@type\":\"WebSite\",\"@id\":\"https:\\\/\\\/lospoliticosveracruz.com\\\/#website\",\"url\":\"https:\\\/\\\/lospoliticosveracruz.com\\\/\",\"name\":\"Los pol\u00edticos Veracruz\",\"description\":\"\",\"publisher\":{\"@id\":\"https:\\\/\\\/lospoliticosveracruz.com\\\/#organization\"},\"potentialAction\":[{\"@type\":\"SearchAction\",\"target\":{\"@type\":\"EntryPoint\",\"urlTemplate\":\"https:\\\/\\\/lospoliticosveracruz.com\\\/?s={search_term_string}\"},\"query-input\":{\"@type\":\"PropertyValueSpecification\",\"valueRequired\":true,\"valueName\":\"search_term_string\"}}],\"inLanguage\":\"es\"},{\"@type\":\"Organization\",\"@id\":\"https:\\\/\\\/lospoliticosveracruz.com\\\/#organization\",\"name\":\"Los pol\u00edticos Veracruz\",\"url\":\"https:\\\/\\\/lospoliticosveracruz.com\\\/\",\"logo\":{\"@type\":\"ImageObject\",\"inLanguage\":\"es\",\"@id\":\"https:\\\/\\\/lospoliticosveracruz.com\\\/#\\\/schema\\\/logo\\\/image\\\/\",\"url\":\"https:\\\/\\\/lospoliticosveracruz.com\\\/wp-content\\\/uploads\\\/2025\\\/12\\\/Logo-Nuevo-LOS-POLITICOS-1.jpg\",\"contentUrl\":\"https:\\\/\\\/lospoliticosveracruz.com\\\/wp-content\\\/uploads\\\/2025\\\/12\\\/Logo-Nuevo-LOS-POLITICOS-1.jpg\",\"width\":260,\"height\":70,\"caption\":\"Los pol\u00edticos Veracruz\"},\"image\":{\"@id\":\"https:\\\/\\\/lospoliticosveracruz.com\\\/#\\\/schema\\\/logo\\\/image\\\/\"},\"sameAs\":[\"https:\\\/\\\/www.facebook.com\\\/people\\\/Notimemes-de-los-Polticos\\\/61565672886568\\\/\",\"https:\\\/\\\/x.com\\\/LosPoliticosVer\"]},{\"@type\":\"Person\",\"@id\":\"https:\\\/\\\/lospoliticosveracruz.com\\\/#\\\/schema\\\/person\\\/b8702bb0e538456e6efd07080bf2a4a2\",\"name\":\"Lo viste en Los Pol\u00edticos\",\"image\":{\"@type\":\"ImageObject\",\"inLanguage\":\"es\",\"@id\":\"https:\\\/\\\/secure.gravatar.com\\\/avatar\\\/3a8de04a2656d44082be478bd6c086daa447c4651605818287b9532d3d0bd435?s=96&d=mm&r=g\",\"url\":\"https:\\\/\\\/secure.gravatar.com\\\/avatar\\\/3a8de04a2656d44082be478bd6c086daa447c4651605818287b9532d3d0bd435?s=96&d=mm&r=g\",\"contentUrl\":\"https:\\\/\\\/secure.gravatar.com\\\/avatar\\\/3a8de04a2656d44082be478bd6c086daa447c4651605818287b9532d3d0bd435?s=96&d=mm&r=g\",\"caption\":\"Lo viste en Los Pol\u00edticos\"},\"url\":\"https:\\\/\\\/lospoliticosveracruz.com\\\/?author=2\"}]}<\/script>\n<!-- \/ Yoast SEO plugin. -->","yoast_head_json":{"title":"DOS ENCUESTAS Y UNA REALIDAD - Los pol\u00edticos Veracruz","robots":{"index":"index","follow":"follow","max-snippet":"max-snippet:-1","max-image-preview":"max-image-preview:large","max-video-preview":"max-video-preview:-1"},"canonical":"https:\/\/lospoliticosveracruz.com\/?p=157744","og_locale":"es_ES","og_type":"article","og_title":"DOS ENCUESTAS Y UNA REALIDAD - Los pol\u00edticos Veracruz","og_description":"Oved ContrerasSecas mecas Ayer apareci\u00f3 una encuesta elaborada por Demoscopia Digital, que le trabaja al peri\u00f3dico La Jornada, con una medici\u00f3n que ubica a la t\u00eda Ch\u00edo entre los mejores 15 gobernadores evaluados, con un 56 por ciento de aprobaci\u00f3n ciudadana. Los datos contrastan con Mitofsky que hace un par de semanas coloc\u00f3 a la [&hellip;]","og_url":"https:\/\/lospoliticosveracruz.com\/?p=157744","og_site_name":"Los pol\u00edticos Veracruz","article_publisher":"https:\/\/www.facebook.com\/people\/Notimemes-de-los-Polticos\/61565672886568\/","article_published_time":"2025-12-03T15:27:12+00:00","article_modified_time":"2025-12-03T15:27:38+00:00","og_image":[{"width":600,"height":320,"url":"https:\/\/lospoliticosveracruz.com\/wp-content\/uploads\/2025\/04\/Oved-Contreras-e1768066319253.jpg","type":"image\/jpeg"}],"author":"Lo viste en Los Pol\u00edticos","twitter_card":"summary_large_image","twitter_creator":"@LosPoliticosVer","twitter_site":"@LosPoliticosVer","twitter_misc":{"Escrito por":"Lo viste en Los Pol\u00edticos","Tiempo de lectura":"4 minutos"},"schema":{"@context":"https:\/\/schema.org","@graph":[{"@type":"Article","@id":"https:\/\/lospoliticosveracruz.com\/?p=157744#article","isPartOf":{"@id":"https:\/\/lospoliticosveracruz.com\/?p=157744"},"author":{"name":"Lo viste en Los Pol\u00edticos","@id":"https:\/\/lospoliticosveracruz.com\/#\/schema\/person\/b8702bb0e538456e6efd07080bf2a4a2"},"headline":"DOS ENCUESTAS Y UNA REALIDAD","datePublished":"2025-12-03T15:27:12+00:00","dateModified":"2025-12-03T15:27:38+00:00","mainEntityOfPage":{"@id":"https:\/\/lospoliticosveracruz.com\/?p=157744"},"wordCount":865,"publisher":{"@id":"https:\/\/lospoliticosveracruz.com\/#organization"},"image":{"@id":"https:\/\/lospoliticosveracruz.com\/?p=157744#primaryimage"},"thumbnailUrl":"https:\/\/lospoliticosveracruz.com\/wp-content\/uploads\/2025\/04\/Oved-Contreras-e1768066319253.jpg","keywords":["crisis administrativa","deuda p\u00fablica","encuestas Veracruz","Hospital de C\u00f3rdoba","Manuel Huerta","Roc\u00edo Nahle"],"articleSection":["De Opini\u00f3n"],"inLanguage":"es"},{"@type":"WebPage","@id":"https:\/\/lospoliticosveracruz.com\/?p=157744","url":"https:\/\/lospoliticosveracruz.com\/?p=157744","name":"DOS ENCUESTAS Y UNA REALIDAD - Los pol\u00edticos Veracruz","isPartOf":{"@id":"https:\/\/lospoliticosveracruz.com\/#website"},"primaryImageOfPage":{"@id":"https:\/\/lospoliticosveracruz.com\/?p=157744#primaryimage"},"image":{"@id":"https:\/\/lospoliticosveracruz.com\/?p=157744#primaryimage"},"thumbnailUrl":"https:\/\/lospoliticosveracruz.com\/wp-content\/uploads\/2025\/04\/Oved-Contreras-e1768066319253.jpg","datePublished":"2025-12-03T15:27:12+00:00","dateModified":"2025-12-03T15:27:38+00:00","breadcrumb":{"@id":"https:\/\/lospoliticosveracruz.com\/?p=157744#breadcrumb"},"inLanguage":"es","potentialAction":[{"@type":"ReadAction","target":["https:\/\/lospoliticosveracruz.com\/?p=157744"]}]},{"@type":"ImageObject","inLanguage":"es","@id":"https:\/\/lospoliticosveracruz.com\/?p=157744#primaryimage","url":"https:\/\/lospoliticosveracruz.com\/wp-content\/uploads\/2025\/04\/Oved-Contreras-e1768066319253.jpg","contentUrl":"https:\/\/lospoliticosveracruz.com\/wp-content\/uploads\/2025\/04\/Oved-Contreras-e1768066319253.jpg","width":600,"height":320},{"@type":"BreadcrumbList","@id":"https:\/\/lospoliticosveracruz.com\/?p=157744#breadcrumb","itemListElement":[{"@type":"ListItem","position":1,"name":"Portada","item":"https:\/\/lospoliticosveracruz.com\/"},{"@type":"ListItem","position":2,"name":"DOS ENCUESTAS Y UNA REALIDAD"}]},{"@type":"WebSite","@id":"https:\/\/lospoliticosveracruz.com\/#website","url":"https:\/\/lospoliticosveracruz.com\/","name":"Los pol\u00edticos Veracruz","description":"","publisher":{"@id":"https:\/\/lospoliticosveracruz.com\/#organization"},"potentialAction":[{"@type":"SearchAction","target":{"@type":"EntryPoint","urlTemplate":"https:\/\/lospoliticosveracruz.com\/?s={search_term_string}"},"query-input":{"@type":"PropertyValueSpecification","valueRequired":true,"valueName":"search_term_string"}}],"inLanguage":"es"},{"@type":"Organization","@id":"https:\/\/lospoliticosveracruz.com\/#organization","name":"Los pol\u00edticos Veracruz","url":"https:\/\/lospoliticosveracruz.com\/","logo":{"@type":"ImageObject","inLanguage":"es","@id":"https:\/\/lospoliticosveracruz.com\/#\/schema\/logo\/image\/","url":"https:\/\/lospoliticosveracruz.com\/wp-content\/uploads\/2025\/12\/Logo-Nuevo-LOS-POLITICOS-1.jpg","contentUrl":"https:\/\/lospoliticosveracruz.com\/wp-content\/uploads\/2025\/12\/Logo-Nuevo-LOS-POLITICOS-1.jpg","width":260,"height":70,"caption":"Los pol\u00edticos Veracruz"},"image":{"@id":"https:\/\/lospoliticosveracruz.com\/#\/schema\/logo\/image\/"},"sameAs":["https:\/\/www.facebook.com\/people\/Notimemes-de-los-Polticos\/61565672886568\/","https:\/\/x.com\/LosPoliticosVer"]},{"@type":"Person","@id":"https:\/\/lospoliticosveracruz.com\/#\/schema\/person\/b8702bb0e538456e6efd07080bf2a4a2","name":"Lo viste en Los Pol\u00edticos","image":{"@type":"ImageObject","inLanguage":"es","@id":"https:\/\/secure.gravatar.com\/avatar\/3a8de04a2656d44082be478bd6c086daa447c4651605818287b9532d3d0bd435?s=96&d=mm&r=g","url":"https:\/\/secure.gravatar.com\/avatar\/3a8de04a2656d44082be478bd6c086daa447c4651605818287b9532d3d0bd435?s=96&d=mm&r=g","contentUrl":"https:\/\/secure.gravatar.com\/avatar\/3a8de04a2656d44082be478bd6c086daa447c4651605818287b9532d3d0bd435?s=96&d=mm&r=g","caption":"Lo viste en Los Pol\u00edticos"},"url":"https:\/\/lospoliticosveracruz.com\/?author=2"}]}},"_links":{"self":[{"href":"https:\/\/lospoliticosveracruz.com\/index.php?rest_route=\/wp\/v2\/posts\/157744","targetHints":{"allow":["GET"]}}],"collection":[{"href":"https:\/\/lospoliticosveracruz.com\/index.php?rest_route=\/wp\/v2\/posts"}],"about":[{"href":"https:\/\/lospoliticosveracruz.com\/index.php?rest_route=\/wp\/v2\/types\/post"}],"author":[{"embeddable":true,"href":"https:\/\/lospoliticosveracruz.com\/index.php?rest_route=\/wp\/v2\/users\/2"}],"replies":[{"embeddable":true,"href":"https:\/\/lospoliticosveracruz.com\/index.php?rest_route=%2Fwp%2Fv2%2Fcomments&post=157744"}],"version-history":[{"count":1,"href":"https:\/\/lospoliticosveracruz.com\/index.php?rest_route=\/wp\/v2\/posts\/157744\/revisions"}],"predecessor-version":[{"id":157745,"href":"https:\/\/lospoliticosveracruz.com\/index.php?rest_route=\/wp\/v2\/posts\/157744\/revisions\/157745"}],"wp:featuredmedia":[{"embeddable":true,"href":"https:\/\/lospoliticosveracruz.com\/index.php?rest_route=\/wp\/v2\/media\/141426"}],"wp:attachment":[{"href":"https:\/\/lospoliticosveracruz.com\/index.php?rest_route=%2Fwp%2Fv2%2Fmedia&parent=157744"}],"wp:term":[{"taxonomy":"category","embeddable":true,"href":"https:\/\/lospoliticosveracruz.com\/index.php?rest_route=%2Fwp%2Fv2%2Fcategories&post=157744"},{"taxonomy":"post_tag","embeddable":true,"href":"https:\/\/lospoliticosveracruz.com\/index.php?rest_route=%2Fwp%2Fv2%2Ftags&post=157744"}],"curies":[{"name":"wp","href":"https:\/\/api.w.org\/{rel}","templated":true}]}}