{"id":157752,"date":"2025-12-03T14:33:00","date_gmt":"2025-12-03T20:33:00","guid":{"rendered":"https:\/\/lospoliticosveracruz.com.mx\/?p=157752"},"modified":"2025-12-03T14:33:12","modified_gmt":"2025-12-03T20:33:12","slug":"fgr-quien-sera-quien-sera","status":"publish","type":"post","link":"https:\/\/lospoliticosveracruz.com\/?p=157752","title":{"rendered":"FGR: \u00bfQUI\u00c9N SER\u00c1? \u00bfQUI\u00c9N SER\u00c1?"},"content":{"rendered":"\n<p>S\u00edguenos ahora tambi\u00e9n en WhatsApp.\u00a0\u00a1<a href=\"https:\/\/whatsapp.com\/channel\/0029Va8zRWlEKyZIP3Z1dF0e\"><strong>Da clic aqu\u00ed<\/strong><\/a><strong>!<\/strong><\/p>\n\n\n\n<p><strong>Vicente Luna Hern\u00e1ndez<\/strong><\/p>\n\n\n\n<p>En los gobiernos neoliberales, conservadores y alejados del pueblo, el Titular del Poder Ejecutivo \u201ccontrolaba\u201d la Procuradur\u00eda General de la Rep\u00fablica, no se \u201ctocaban\u201d temas ni se integraban expedientes contra amigos, aliados o compa\u00f1eros de partido, aquellos que comet\u00edan algunos delitos en el ejercicio del servicio p\u00fablico pero formaban parte del sistema pol\u00edtico, eran parte de los \u00abintocables\u201d hasta que alguno cayera de la gracia del poder presidencial.<\/p>\n\n\n\n\n\n<p><br>Ayer la PGR no presum\u00eda ser \u201caut\u00f3noma\u201d, ayer la PGR \u201cbailaba\u201d al son que le tocaba el poder pol\u00edtico presidencial, ayer no se les llamaba \u201cprocuradores carnales\u201d simplemente se les llamaba \u201cparte del sistema\u201d y el pa\u00eds segu\u00eda caminando y el presidente en turno era el \u201ctodopoderoso\u201d de la pol\u00edtica en M\u00e9xico\u2026pero eso \u201cera\u201d ayer.<br>Hoy gracias a la transformaci\u00f3n las cosas son diferentes y a las pruebas me remito:<br>1- Ayer al Titular lo eleg\u00eda \u201c\u00e9l \u201c y hoy lo elige \u201cella\u201d.<br>2- Ayer era PGR hoy es FGR.<br>Sin embargo, hay un ingrediente que une al sistema pol\u00edtico en todo momento: Hoy la FGR presume ser aut\u00f3noma aunque la \u201ccontrole\u201d la presidenta y ayer se presum\u00eda que la PGR la \u201ccontrolaba\u201d el presidente, \u00bfEl pueblo bueno y sabio nota la diferencia?<br>Est\u00e1 claro que la pr\u00f3xima titular de la FGR llegar\u00e1 con una misi\u00f3n esencial en la procuraci\u00f3n de justicia: no tocar los intereses del grupo en el poder ni exhibir las \u201ctravesuras\u201d de los que hoy presumen tener la gracia del poder\u2026 ma\u00f1ana ser\u00e1 otra historia.<br>Lo cierto es que algo tendr\u00e1 que hacer la Fiscal General para darle legitimidad a su llegada ante tantos francos abiertos por prominentes integrantes de la llamada 4 transformaci\u00f3n, la pr\u00f3xima Fiscal tendr\u00e1 que hacer malabares con acciones y en el discurso oficial para presumir que se combate a los grupos de la delincuencia organizada pero no tocar a esos grupos que porten chaleco color guinda y est\u00e1n muy bien organizados o sean aliados del grupo pol\u00edtico que hoy saborea las mieles del poder.<br>Mucho se presume que el pa\u00eds vive hoy una transformaci\u00f3n social y pol\u00edtica, hoy el pa\u00eds vive \u201cel humanismo mexicano\u201d y todo lo que eso significa, sin embargo, hay acciones de gobierno y discursos del poder que hacen recordar\u2026el ayer.<br>M\u00e1s all\u00e1 de que ya la presidenta tenga el control absoluto de la FGR, m\u00e1s all\u00e1 de que el partido morena tenga la satisfacci\u00f3n de ver que logran el control total de la Fiscal\u00eda General de la Rep\u00fablica, m\u00e1s all\u00e1 de que uno de los principales se\u00f1alados en el Huachicol fiscal y robo de combustible hoy sienta que gan\u00f3 una \u201cestrellita\u201d m\u00e1s en la frente, la realidad se impone y no se puede ocultar: El crimen organizado ha saqueado de manera descarada las finanzas nacionales, el crimen organizado ha sido protegido e impulsado desde las entra\u00f1as del poder pol\u00edtico color guinda y por m\u00e1s que le den vueltas al asunto, el pueblo bueno y sabio ha tomado nota y en Estados Unidos\u2026tambi\u00e9n.<br>\u201cPor el bien de todos, primero los pobres\u201d, es el grito de guerra de morena y as\u00ed lleg\u00f3 al poder, se aplaude que se ponga en el centro de toda pol\u00edtica p\u00fablica a los grupos m\u00e1s marginados de nuestra sociedad, se aplaude que disminuir la desigualdad social sea \u201cpreocupaci\u00f3n\u201d principal de la 4T, pero hay un detalle que no se debe olvidar: robar recursos naturales en beneficio de un solo grupo social, llevar a su m\u00e1ximo esplendor el huachicol fiscal y afectar las finanzas p\u00fablicas y todo lo que eso implica, significa afectar a los que menos tienen por que son menos los recursos econ\u00f3micos que tiene el gobierno para hacer cumplir su m\u00e1xima pol\u00edtica: \u201cPor el bien de todos, primero los pobres\u201d.<br>Algunos dicen que los integrantes de la \u201cBarredora \u201c podr\u00e1n dormir tranquilos con la llegada oficial de la nueva Fiscal General, algunos dicen que el Coordinador de los senadores de morena a\u00fan no puede ni quiere borrar la sonrisa de satisfacci\u00f3n que trae, otros dicen que en una finca ubicada en Palenque alguien ya respira tranquilo, lo cierto es que no hay que olvidar que estamos en M\u00e9xico\u2026y como M\u00e9xico no hay 2 y todo puede pasar.<br>En el M\u00e9xico profundo las aguas est\u00e1n turbulencias y algo se tendr\u00e1 que hacer para calmarlas.<br>P.D.- Con el \u00e1nimo que la FGR contribuya a disipar tanta contaminaci\u00f3n que afecta la salud de M\u00e9xico\u2026Escribir\u00e9 otro d\u00eda.<\/p>\n","protected":false},"excerpt":{"rendered":"<p>Vicente Luna Hern\u00e1ndez En los gobiernos neoliberales, conservadores y alejados del pueblo, el Titular del Poder Ejecutivo \u201ccontrolaba\u201d la Procuradur\u00eda General de la Rep\u00fablica, no se \u201ctocaban\u201d temas ni se integraban expedientes contra amigos, aliados o compa\u00f1eros de partido, aquellos que comet\u00edan algunos delitos en el ejercicio del servicio p\u00fablico pero formaban parte del sistema [&hellip;]<\/p>\n","protected":false},"author":2,"featured_media":141415,"comment_status":"closed","ping_status":"closed","sticky":false,"template":"","format":"standard","meta":{"tdm_status":"","tdm_grid_status":"","footnotes":""},"categories":[70],"tags":[15667],"class_list":{"0":"post-157752","1":"post","2":"type-post","3":"status-publish","4":"format-standard","5":"has-post-thumbnail","7":"category-de-opinion","8":"tag-vicente-luna-hernandez"},"yoast_head":"<!-- This site is optimized with the Yoast SEO plugin v27.4 - https:\/\/yoast.com\/product\/yoast-seo-wordpress\/ -->\n<title>FGR: \u00bfQUI\u00c9N SER\u00c1? \u00bfQUI\u00c9N SER\u00c1? - Los pol\u00edticos Veracruz<\/title>\n<meta name=\"robots\" content=\"index, follow, max-snippet:-1, max-image-preview:large, max-video-preview:-1\" \/>\n<link rel=\"canonical\" href=\"https:\/\/lospoliticosveracruz.com\/?p=157752\" \/>\n<meta property=\"og:locale\" content=\"es_ES\" \/>\n<meta property=\"og:type\" content=\"article\" \/>\n<meta property=\"og:title\" content=\"FGR: \u00bfQUI\u00c9N SER\u00c1? \u00bfQUI\u00c9N SER\u00c1? - Los pol\u00edticos Veracruz\" \/>\n<meta property=\"og:description\" content=\"Vicente Luna Hern\u00e1ndez En los gobiernos neoliberales, conservadores y alejados del pueblo, el Titular del Poder Ejecutivo \u201ccontrolaba\u201d la Procuradur\u00eda General de la Rep\u00fablica, no se \u201ctocaban\u201d temas ni se integraban expedientes contra amigos, aliados o compa\u00f1eros de partido, aquellos que comet\u00edan algunos delitos en el ejercicio del servicio p\u00fablico pero formaban parte del sistema [&hellip;]\" \/>\n<meta property=\"og:url\" content=\"https:\/\/lospoliticosveracruz.com\/?p=157752\" \/>\n<meta property=\"og:site_name\" content=\"Los pol\u00edticos Veracruz\" \/>\n<meta property=\"article:publisher\" content=\"https:\/\/www.facebook.com\/people\/Notimemes-de-los-Polticos\/61565672886568\/\" \/>\n<meta property=\"article:published_time\" content=\"2025-12-03T20:33:00+00:00\" \/>\n<meta property=\"article:modified_time\" content=\"2025-12-03T20:33:12+00:00\" \/>\n<meta property=\"og:image\" content=\"https:\/\/lospoliticosveracruz.com\/wp-content\/uploads\/2025\/04\/Vicente-Luna-Hernandez.jpg\" \/>\n\t<meta property=\"og:image:width\" content=\"1250\" \/>\n\t<meta property=\"og:image:height\" content=\"667\" \/>\n\t<meta property=\"og:image:type\" content=\"image\/jpeg\" \/>\n<meta name=\"author\" content=\"Lo viste en Los Pol\u00edticos\" \/>\n<meta name=\"twitter:card\" content=\"summary_large_image\" \/>\n<meta name=\"twitter:creator\" content=\"@LosPoliticosVer\" \/>\n<meta name=\"twitter:site\" content=\"@LosPoliticosVer\" \/>\n<meta name=\"twitter:label1\" content=\"Escrito por\" \/>\n\t<meta name=\"twitter:data1\" content=\"Lo viste en Los Pol\u00edticos\" \/>\n\t<meta name=\"twitter:label2\" content=\"Tiempo de lectura\" \/>\n\t<meta name=\"twitter:data2\" content=\"4 minutos\" \/>\n<script type=\"application\/ld+json\" class=\"yoast-schema-graph\">{\"@context\":\"https:\\\/\\\/schema.org\",\"@graph\":[{\"@type\":\"Article\",\"@id\":\"https:\\\/\\\/lospoliticosveracruz.com\\\/?p=157752#article\",\"isPartOf\":{\"@id\":\"https:\\\/\\\/lospoliticosveracruz.com\\\/?p=157752\"},\"author\":{\"name\":\"Lo viste en Los Pol\u00edticos\",\"@id\":\"https:\\\/\\\/lospoliticosveracruz.com\\\/#\\\/schema\\\/person\\\/b8702bb0e538456e6efd07080bf2a4a2\"},\"headline\":\"FGR: \u00bfQUI\u00c9N SER\u00c1? \u00bfQUI\u00c9N SER\u00c1?\",\"datePublished\":\"2025-12-03T20:33:00+00:00\",\"dateModified\":\"2025-12-03T20:33:12+00:00\",\"mainEntityOfPage\":{\"@id\":\"https:\\\/\\\/lospoliticosveracruz.com\\\/?p=157752\"},\"wordCount\":804,\"publisher\":{\"@id\":\"https:\\\/\\\/lospoliticosveracruz.com\\\/#organization\"},\"image\":{\"@id\":\"https:\\\/\\\/lospoliticosveracruz.com\\\/?p=157752#primaryimage\"},\"thumbnailUrl\":\"https:\\\/\\\/lospoliticosveracruz.com\\\/wp-content\\\/uploads\\\/2025\\\/04\\\/Vicente-Luna-Hernandez.jpg\",\"keywords\":[\"Vicente Luna Hern\u00e1ndez\"],\"articleSection\":[\"De Opini\u00f3n\"],\"inLanguage\":\"es\"},{\"@type\":\"WebPage\",\"@id\":\"https:\\\/\\\/lospoliticosveracruz.com\\\/?p=157752\",\"url\":\"https:\\\/\\\/lospoliticosveracruz.com\\\/?p=157752\",\"name\":\"FGR: \u00bfQUI\u00c9N SER\u00c1? \u00bfQUI\u00c9N SER\u00c1? - Los pol\u00edticos Veracruz\",\"isPartOf\":{\"@id\":\"https:\\\/\\\/lospoliticosveracruz.com\\\/#website\"},\"primaryImageOfPage\":{\"@id\":\"https:\\\/\\\/lospoliticosveracruz.com\\\/?p=157752#primaryimage\"},\"image\":{\"@id\":\"https:\\\/\\\/lospoliticosveracruz.com\\\/?p=157752#primaryimage\"},\"thumbnailUrl\":\"https:\\\/\\\/lospoliticosveracruz.com\\\/wp-content\\\/uploads\\\/2025\\\/04\\\/Vicente-Luna-Hernandez.jpg\",\"datePublished\":\"2025-12-03T20:33:00+00:00\",\"dateModified\":\"2025-12-03T20:33:12+00:00\",\"breadcrumb\":{\"@id\":\"https:\\\/\\\/lospoliticosveracruz.com\\\/?p=157752#breadcrumb\"},\"inLanguage\":\"es\",\"potentialAction\":[{\"@type\":\"ReadAction\",\"target\":[\"https:\\\/\\\/lospoliticosveracruz.com\\\/?p=157752\"]}]},{\"@type\":\"ImageObject\",\"inLanguage\":\"es\",\"@id\":\"https:\\\/\\\/lospoliticosveracruz.com\\\/?p=157752#primaryimage\",\"url\":\"https:\\\/\\\/lospoliticosveracruz.com\\\/wp-content\\\/uploads\\\/2025\\\/04\\\/Vicente-Luna-Hernandez.jpg\",\"contentUrl\":\"https:\\\/\\\/lospoliticosveracruz.com\\\/wp-content\\\/uploads\\\/2025\\\/04\\\/Vicente-Luna-Hernandez.jpg\",\"width\":1250,\"height\":667},{\"@type\":\"BreadcrumbList\",\"@id\":\"https:\\\/\\\/lospoliticosveracruz.com\\\/?p=157752#breadcrumb\",\"itemListElement\":[{\"@type\":\"ListItem\",\"position\":1,\"name\":\"Portada\",\"item\":\"https:\\\/\\\/lospoliticosveracruz.com\\\/\"},{\"@type\":\"ListItem\",\"position\":2,\"name\":\"FGR: \u00bfQUI\u00c9N SER\u00c1? \u00bfQUI\u00c9N SER\u00c1?\"}]},{\"@type\":\"WebSite\",\"@id\":\"https:\\\/\\\/lospoliticosveracruz.com\\\/#website\",\"url\":\"https:\\\/\\\/lospoliticosveracruz.com\\\/\",\"name\":\"Los pol\u00edticos Veracruz\",\"description\":\"\",\"publisher\":{\"@id\":\"https:\\\/\\\/lospoliticosveracruz.com\\\/#organization\"},\"potentialAction\":[{\"@type\":\"SearchAction\",\"target\":{\"@type\":\"EntryPoint\",\"urlTemplate\":\"https:\\\/\\\/lospoliticosveracruz.com\\\/?s={search_term_string}\"},\"query-input\":{\"@type\":\"PropertyValueSpecification\",\"valueRequired\":true,\"valueName\":\"search_term_string\"}}],\"inLanguage\":\"es\"},{\"@type\":\"Organization\",\"@id\":\"https:\\\/\\\/lospoliticosveracruz.com\\\/#organization\",\"name\":\"Los pol\u00edticos Veracruz\",\"url\":\"https:\\\/\\\/lospoliticosveracruz.com\\\/\",\"logo\":{\"@type\":\"ImageObject\",\"inLanguage\":\"es\",\"@id\":\"https:\\\/\\\/lospoliticosveracruz.com\\\/#\\\/schema\\\/logo\\\/image\\\/\",\"url\":\"https:\\\/\\\/lospoliticosveracruz.com\\\/wp-content\\\/uploads\\\/2025\\\/12\\\/Logo-Nuevo-LOS-POLITICOS-1.jpg\",\"contentUrl\":\"https:\\\/\\\/lospoliticosveracruz.com\\\/wp-content\\\/uploads\\\/2025\\\/12\\\/Logo-Nuevo-LOS-POLITICOS-1.jpg\",\"width\":260,\"height\":70,\"caption\":\"Los pol\u00edticos Veracruz\"},\"image\":{\"@id\":\"https:\\\/\\\/lospoliticosveracruz.com\\\/#\\\/schema\\\/logo\\\/image\\\/\"},\"sameAs\":[\"https:\\\/\\\/www.facebook.com\\\/people\\\/Notimemes-de-los-Polticos\\\/61565672886568\\\/\",\"https:\\\/\\\/x.com\\\/LosPoliticosVer\"]},{\"@type\":\"Person\",\"@id\":\"https:\\\/\\\/lospoliticosveracruz.com\\\/#\\\/schema\\\/person\\\/b8702bb0e538456e6efd07080bf2a4a2\",\"name\":\"Lo viste en Los Pol\u00edticos\",\"image\":{\"@type\":\"ImageObject\",\"inLanguage\":\"es\",\"@id\":\"https:\\\/\\\/secure.gravatar.com\\\/avatar\\\/3a8de04a2656d44082be478bd6c086daa447c4651605818287b9532d3d0bd435?s=96&d=mm&r=g\",\"url\":\"https:\\\/\\\/secure.gravatar.com\\\/avatar\\\/3a8de04a2656d44082be478bd6c086daa447c4651605818287b9532d3d0bd435?s=96&d=mm&r=g\",\"contentUrl\":\"https:\\\/\\\/secure.gravatar.com\\\/avatar\\\/3a8de04a2656d44082be478bd6c086daa447c4651605818287b9532d3d0bd435?s=96&d=mm&r=g\",\"caption\":\"Lo viste en Los Pol\u00edticos\"},\"url\":\"https:\\\/\\\/lospoliticosveracruz.com\\\/?author=2\"}]}<\/script>\n<!-- \/ Yoast SEO plugin. -->","yoast_head_json":{"title":"FGR: \u00bfQUI\u00c9N SER\u00c1? \u00bfQUI\u00c9N SER\u00c1? - Los pol\u00edticos Veracruz","robots":{"index":"index","follow":"follow","max-snippet":"max-snippet:-1","max-image-preview":"max-image-preview:large","max-video-preview":"max-video-preview:-1"},"canonical":"https:\/\/lospoliticosveracruz.com\/?p=157752","og_locale":"es_ES","og_type":"article","og_title":"FGR: \u00bfQUI\u00c9N SER\u00c1? \u00bfQUI\u00c9N SER\u00c1? - Los pol\u00edticos Veracruz","og_description":"Vicente Luna Hern\u00e1ndez En los gobiernos neoliberales, conservadores y alejados del pueblo, el Titular del Poder Ejecutivo \u201ccontrolaba\u201d la Procuradur\u00eda General de la Rep\u00fablica, no se \u201ctocaban\u201d temas ni se integraban expedientes contra amigos, aliados o compa\u00f1eros de partido, aquellos que comet\u00edan algunos delitos en el ejercicio del servicio p\u00fablico pero formaban parte del sistema [&hellip;]","og_url":"https:\/\/lospoliticosveracruz.com\/?p=157752","og_site_name":"Los pol\u00edticos Veracruz","article_publisher":"https:\/\/www.facebook.com\/people\/Notimemes-de-los-Polticos\/61565672886568\/","article_published_time":"2025-12-03T20:33:00+00:00","article_modified_time":"2025-12-03T20:33:12+00:00","og_image":[{"width":1250,"height":667,"url":"https:\/\/lospoliticosveracruz.com\/wp-content\/uploads\/2025\/04\/Vicente-Luna-Hernandez.jpg","type":"image\/jpeg"}],"author":"Lo viste en Los Pol\u00edticos","twitter_card":"summary_large_image","twitter_creator":"@LosPoliticosVer","twitter_site":"@LosPoliticosVer","twitter_misc":{"Escrito por":"Lo viste en Los Pol\u00edticos","Tiempo de lectura":"4 minutos"},"schema":{"@context":"https:\/\/schema.org","@graph":[{"@type":"Article","@id":"https:\/\/lospoliticosveracruz.com\/?p=157752#article","isPartOf":{"@id":"https:\/\/lospoliticosveracruz.com\/?p=157752"},"author":{"name":"Lo viste en Los Pol\u00edticos","@id":"https:\/\/lospoliticosveracruz.com\/#\/schema\/person\/b8702bb0e538456e6efd07080bf2a4a2"},"headline":"FGR: \u00bfQUI\u00c9N SER\u00c1? \u00bfQUI\u00c9N SER\u00c1?","datePublished":"2025-12-03T20:33:00+00:00","dateModified":"2025-12-03T20:33:12+00:00","mainEntityOfPage":{"@id":"https:\/\/lospoliticosveracruz.com\/?p=157752"},"wordCount":804,"publisher":{"@id":"https:\/\/lospoliticosveracruz.com\/#organization"},"image":{"@id":"https:\/\/lospoliticosveracruz.com\/?p=157752#primaryimage"},"thumbnailUrl":"https:\/\/lospoliticosveracruz.com\/wp-content\/uploads\/2025\/04\/Vicente-Luna-Hernandez.jpg","keywords":["Vicente Luna Hern\u00e1ndez"],"articleSection":["De Opini\u00f3n"],"inLanguage":"es"},{"@type":"WebPage","@id":"https:\/\/lospoliticosveracruz.com\/?p=157752","url":"https:\/\/lospoliticosveracruz.com\/?p=157752","name":"FGR: \u00bfQUI\u00c9N SER\u00c1? \u00bfQUI\u00c9N SER\u00c1? - Los pol\u00edticos Veracruz","isPartOf":{"@id":"https:\/\/lospoliticosveracruz.com\/#website"},"primaryImageOfPage":{"@id":"https:\/\/lospoliticosveracruz.com\/?p=157752#primaryimage"},"image":{"@id":"https:\/\/lospoliticosveracruz.com\/?p=157752#primaryimage"},"thumbnailUrl":"https:\/\/lospoliticosveracruz.com\/wp-content\/uploads\/2025\/04\/Vicente-Luna-Hernandez.jpg","datePublished":"2025-12-03T20:33:00+00:00","dateModified":"2025-12-03T20:33:12+00:00","breadcrumb":{"@id":"https:\/\/lospoliticosveracruz.com\/?p=157752#breadcrumb"},"inLanguage":"es","potentialAction":[{"@type":"ReadAction","target":["https:\/\/lospoliticosveracruz.com\/?p=157752"]}]},{"@type":"ImageObject","inLanguage":"es","@id":"https:\/\/lospoliticosveracruz.com\/?p=157752#primaryimage","url":"https:\/\/lospoliticosveracruz.com\/wp-content\/uploads\/2025\/04\/Vicente-Luna-Hernandez.jpg","contentUrl":"https:\/\/lospoliticosveracruz.com\/wp-content\/uploads\/2025\/04\/Vicente-Luna-Hernandez.jpg","width":1250,"height":667},{"@type":"BreadcrumbList","@id":"https:\/\/lospoliticosveracruz.com\/?p=157752#breadcrumb","itemListElement":[{"@type":"ListItem","position":1,"name":"Portada","item":"https:\/\/lospoliticosveracruz.com\/"},{"@type":"ListItem","position":2,"name":"FGR: \u00bfQUI\u00c9N SER\u00c1? \u00bfQUI\u00c9N SER\u00c1?"}]},{"@type":"WebSite","@id":"https:\/\/lospoliticosveracruz.com\/#website","url":"https:\/\/lospoliticosveracruz.com\/","name":"Los pol\u00edticos Veracruz","description":"","publisher":{"@id":"https:\/\/lospoliticosveracruz.com\/#organization"},"potentialAction":[{"@type":"SearchAction","target":{"@type":"EntryPoint","urlTemplate":"https:\/\/lospoliticosveracruz.com\/?s={search_term_string}"},"query-input":{"@type":"PropertyValueSpecification","valueRequired":true,"valueName":"search_term_string"}}],"inLanguage":"es"},{"@type":"Organization","@id":"https:\/\/lospoliticosveracruz.com\/#organization","name":"Los pol\u00edticos Veracruz","url":"https:\/\/lospoliticosveracruz.com\/","logo":{"@type":"ImageObject","inLanguage":"es","@id":"https:\/\/lospoliticosveracruz.com\/#\/schema\/logo\/image\/","url":"https:\/\/lospoliticosveracruz.com\/wp-content\/uploads\/2025\/12\/Logo-Nuevo-LOS-POLITICOS-1.jpg","contentUrl":"https:\/\/lospoliticosveracruz.com\/wp-content\/uploads\/2025\/12\/Logo-Nuevo-LOS-POLITICOS-1.jpg","width":260,"height":70,"caption":"Los pol\u00edticos Veracruz"},"image":{"@id":"https:\/\/lospoliticosveracruz.com\/#\/schema\/logo\/image\/"},"sameAs":["https:\/\/www.facebook.com\/people\/Notimemes-de-los-Polticos\/61565672886568\/","https:\/\/x.com\/LosPoliticosVer"]},{"@type":"Person","@id":"https:\/\/lospoliticosveracruz.com\/#\/schema\/person\/b8702bb0e538456e6efd07080bf2a4a2","name":"Lo viste en Los Pol\u00edticos","image":{"@type":"ImageObject","inLanguage":"es","@id":"https:\/\/secure.gravatar.com\/avatar\/3a8de04a2656d44082be478bd6c086daa447c4651605818287b9532d3d0bd435?s=96&d=mm&r=g","url":"https:\/\/secure.gravatar.com\/avatar\/3a8de04a2656d44082be478bd6c086daa447c4651605818287b9532d3d0bd435?s=96&d=mm&r=g","contentUrl":"https:\/\/secure.gravatar.com\/avatar\/3a8de04a2656d44082be478bd6c086daa447c4651605818287b9532d3d0bd435?s=96&d=mm&r=g","caption":"Lo viste en Los Pol\u00edticos"},"url":"https:\/\/lospoliticosveracruz.com\/?author=2"}]}},"_links":{"self":[{"href":"https:\/\/lospoliticosveracruz.com\/index.php?rest_route=\/wp\/v2\/posts\/157752","targetHints":{"allow":["GET"]}}],"collection":[{"href":"https:\/\/lospoliticosveracruz.com\/index.php?rest_route=\/wp\/v2\/posts"}],"about":[{"href":"https:\/\/lospoliticosveracruz.com\/index.php?rest_route=\/wp\/v2\/types\/post"}],"author":[{"embeddable":true,"href":"https:\/\/lospoliticosveracruz.com\/index.php?rest_route=\/wp\/v2\/users\/2"}],"replies":[{"embeddable":true,"href":"https:\/\/lospoliticosveracruz.com\/index.php?rest_route=%2Fwp%2Fv2%2Fcomments&post=157752"}],"version-history":[{"count":1,"href":"https:\/\/lospoliticosveracruz.com\/index.php?rest_route=\/wp\/v2\/posts\/157752\/revisions"}],"predecessor-version":[{"id":157753,"href":"https:\/\/lospoliticosveracruz.com\/index.php?rest_route=\/wp\/v2\/posts\/157752\/revisions\/157753"}],"wp:featuredmedia":[{"embeddable":true,"href":"https:\/\/lospoliticosveracruz.com\/index.php?rest_route=\/wp\/v2\/media\/141415"}],"wp:attachment":[{"href":"https:\/\/lospoliticosveracruz.com\/index.php?rest_route=%2Fwp%2Fv2%2Fmedia&parent=157752"}],"wp:term":[{"taxonomy":"category","embeddable":true,"href":"https:\/\/lospoliticosveracruz.com\/index.php?rest_route=%2Fwp%2Fv2%2Fcategories&post=157752"},{"taxonomy":"post_tag","embeddable":true,"href":"https:\/\/lospoliticosveracruz.com\/index.php?rest_route=%2Fwp%2Fv2%2Ftags&post=157752"}],"curies":[{"name":"wp","href":"https:\/\/api.w.org\/{rel}","templated":true}]}}