{"id":157813,"date":"2025-12-04T08:48:51","date_gmt":"2025-12-04T14:48:51","guid":{"rendered":"https:\/\/lospoliticosveracruz.com.mx\/?p=157813"},"modified":"2025-12-04T08:49:05","modified_gmt":"2025-12-04T14:49:05","slug":"comparecencia-agridulce","status":"publish","type":"post","link":"https:\/\/lospoliticosveracruz.com\/?p=157813","title":{"rendered":"COMPARECENCIA AGRIDULCE\u2026"},"content":{"rendered":"\n<p>S\u00edguenos ahora tambi\u00e9n en WhatsApp.\u00a0\u00a1<a href=\"https:\/\/whatsapp.com\/channel\/0029Va8zRWlEKyZIP3Z1dF0e\"><strong>Da clic aqu\u00ed<\/strong><\/a><strong>!<\/strong><\/p>\n\n\n\n<p><strong>Oved Contreras<br><\/strong><em>Secas Mecas<\/em><\/p>\n\n\n\n<p><\/p>\n\n\n\n<p>Aunque en teor\u00eda sali\u00f3 bien librada la t\u00eda Ch\u00edo en su visita al Congreso local como parte de la Glosa de su primer informe de gobierno, adem\u00e1s de que ayer la Legislatura valid\u00f3 la reforma constitucional que la faculta para quitar y poner al fiscal del estado, el prietito en el arroz fue la resoluci\u00f3n de la Sala Superior del Tribunal Electoral para que no se hagan guajes en el Congreso y se emita la ley reglamentaria para que se aplique la revocaci\u00f3n de mandato en Veracruz como ya est\u00e1 vigente a nivel federal. No deber\u00eda de ocuparse ni preocuparse la t\u00eda Corajes si es la gobernadora m\u00e1s votada, todos la quieren por donde se para y tiene en sus manos todos los instrumentos para conseguir otra aplastante victoria en las urnas. Pero por alguna raz\u00f3n, el tema le molesta.<\/p>\n\n\n\n\n\n<p>Les corrige la plana\u2026la Sala Superior del Tribunal Electoral del Poder Judicial de la Federaci\u00f3n (TEPJF), por unanimidad de votos, revoc\u00f3 la sentencia del Tribunal Electoral de Veracruz (TEV) en torno a la omisi\u00f3n legislativa del Congreso del estado de emitir la ley reglamentaria en materia de revocaci\u00f3n de mandato.<\/p>\n\n\n\n<p>Eduardo de la Torre Jaramillo promovi\u00f3 un juicio ante el TEV para reclamar que el Congreso de Veracruz no hab\u00eda adecuado la regulaci\u00f3n local en lo relativo a la revocaci\u00f3n de mandato, tal como lo mandat\u00f3 la Carta Magna federal, a fin de materializar el derecho ciudadano de participaci\u00f3n en la revocaci\u00f3n de mandato a la gubernatura del estado.<\/p>\n\n\n\n<p>Al respecto, el Tribunal Electoral local declar\u00f3 fundada la omisi\u00f3n atribuida al Congreso local de expedir una ley reglamentaria en la que se haga efectivo el derecho de la ciudadan\u00eda de votar en materia de revocaci\u00f3n de mandato, por lo que notific\u00f3 al legislativo local para los efectos legales correspondientes\u2026as\u00ed que la t\u00eda Corajes por m\u00e1s que diga que ella se queda hasta el 2030, tambi\u00e9n se tiene que someter al escrutinio ciudadano.<\/p>\n\n\n\n<p>Despu\u00e9s de casi cinco meses, el ciudadano reclam\u00f3 el incumplimiento de la sentencia local, debido a que todav\u00eda no se hab\u00eda expedido la ley reglamentaria\u2026se dio vista al Congreso local, quien inform\u00f3 que se hab\u00eda recibido la notificaci\u00f3n de la sentencia y acord\u00f3 turnar el asunto a la Junta de Coordinaci\u00f3n Pol\u00edtica para su atenci\u00f3n, lo cual fue considerado por el TEV como el cumplimiento de su sentencia, argumentando que esta solo orden\u00f3 dar vista al Congreso, sin fijar forma, etapas o temporalidad espec\u00edfica para el proceso legislativo.<\/p>\n\n\n\n<p>La Sala Superior consider\u00f3 que, al no haberse emitido la ley reglamentaria en materia de revocaci\u00f3n de mandato, como se orden\u00f3 en la sentencia principal del TEV, este debi\u00f3 declarar que la resoluci\u00f3n se encuentra en v\u00edas de cumplimiento, ante las acciones realizadas por el Congreso.<\/p>\n\n\n\n<p>En consecuencia, a propuesta de la ponencia de magistrado Felipe de la Mata Piza\u00f1a, la Sala Superior del TEPJF revoc\u00f3 la resoluci\u00f3n incidental impugnada para que el tribunal local emita otra en la que declare que la sentencia se encuentra en v\u00edas de cumplimiento y despliegue sus&nbsp;atribuciones para el debido cumplimiento, en el entendido de que el Congreso local debe emitir la ley reglamentaria dentro de un plazo razonable (SUP-JDC-2504\/2025).<\/p>\n\n\n\n<p>En harina de otro costal, la gobernadora sali\u00f3 m\u00e1s que contenta ayer del Congreso donde acudi\u00f3 como parte de la glosa de su informe, y ayer mismo le informaron que el Congreso del Estado de Veracruz valid\u00f3 la reforma constitucional que otorga a la mandataria la facultad de nombrar y remover a la persona titular de la Fiscal\u00eda General del Estado (FGE), luego de recibir el aval de 122 de los 212 ayuntamientos veracruzanos.<\/p>\n\n\n\n<p>SE QUEDA ENCERRADO\u2026no sirvi\u00f3 mucho la mariscada y los vinos caros que ordenaron en la celda del Reclusorio Norte para festejar la partida del Duartocho a tierras londinenses\u2026el Gobierno de Guatemala otorg\u00f3 a las autoridades mexicanas el permiso para formular nuevas imputaciones contra el exgobernador de Veracruz, Javier Duarte.<\/p>\n\n\n\n<p>Tras la autorizaci\u00f3n, la Fiscal\u00eda General de la Rep\u00fablica (FGR) judicializ\u00f3 una carpeta de investigaci\u00f3n por el presunto desv\u00edo de recursos federales registrado durante su gesti\u00f3n, de acuerdo con informaci\u00f3n publicada por La Jornada. El expediente se deriv\u00f3 de denuncias recibidas desde 2016 sobre el uso de fondos destinados originalmente a la adquisici\u00f3n de insumos de salud y obras p\u00fablicas. El Ministerio P\u00fablico Federal requiri\u00f3 el aval guatemalteco debido a que los tratados internacionales impiden acusar a un extraditado por delitos distintos a los que motivaron su entrega, salvo consentimiento del Pa\u00eds que concedi\u00f3 la custodia.<\/p>\n\n\n\n<p>La audiencia inicial del caso se fij\u00f3 la semana pasada, pero la defensa del exmandatario no compareci\u00f3 ante la autoridad judicial. Los abogados notificaron que Duarte contrajo COVID-19, motivo por el cual la diligencia no pudo llevarse a cabo en la fecha estipulada. Duarte permanece internado en el Reclusorio Norte, donde la jueza de control \u00c1ngela Zamorano Herrera rechaz\u00f3 recientemente una solicitud para conmutar los 4 meses restantes de su condena actual por libertad vigilada.<\/p>\n\n\n\n<p>La juzgadora determin\u00f3 la improcedencia del beneficio al existir un proceso abierto por desaparici\u00f3n forzada y se\u00f1al\u00f3 que el interno no acredit\u00f3 el cumplimiento de las actividades educativas y deportivas requeridas en el penal. El exfuncionario veracruzano fue detenido el 15 de abril de 2017 en Panajachel, Guatemala, tras permanecer pr\u00f3fugo desde octubre de 2016, d\u00edas antes de finalizar su mandato. Las autoridades de ese Pa\u00eds aprobaron su extradici\u00f3n a M\u00e9xico el 17 de julio de ese mismo a\u00f1o.<\/p>\n\n\n\n<p>LA CUMBIA DEL BESUC\u00d3N\u2026por incre\u00edble que parezca, don Besuc\u00f3n Roberto Ramos Alor, el delegado del IMSS Bienestar. puso en marcha su estrategia de atenci\u00f3n a la salud mental en los municipios golpeados por las inundaciones del pasado mes de octubre, y el plan es llevar m\u00fasica para que al menos bailando se acuerden de que que est\u00e1n\u201d.<\/p>\n\n\n\n<p>El programa Una rola por la salud mental, pretende ofrecer un espacio de recreaci\u00f3n y resiliencia a los vecinos mediante m\u00fasica y baile. La m\u00fasica es ofrecida por el grupo musical Soneros de Puerto Ricco, en el que Roberto Ramos Alor, delegado del IMSS-Bienestar en el estado de Veracruz, toca conga, timbales y bong\u00f3s.<br>Sin embargo, la asistencia fue reducida: apenas unas 40 a 50 personas y dos ni\u00f1os se sumaron al baile en la calle.<\/p>\n\n\n\n<p>De manera que no habr\u00e1 un equipo de psic\u00f3logos para atender a los damnificados, o terapia con arom\u00e1ticos. solo m\u00fasica para que se pongan a bailar. La alcaldesa electa, Adanely Rodr\u00edguez, junto con un grupo de vecinas, apoy\u00f3 la organizaci\u00f3n del evento, que fue presentado como un esfuerzo conjunto entre instituciones y comunidad.<\/p>\n","protected":false},"excerpt":{"rendered":"<p>Oved ContrerasSecas Mecas Aunque en teor\u00eda sali\u00f3 bien librada la t\u00eda Ch\u00edo en su visita al Congreso local como parte de la Glosa de su primer informe de gobierno, adem\u00e1s de que ayer la Legislatura valid\u00f3 la reforma constitucional que la faculta para quitar y poner al fiscal del estado, el prietito en el arroz [&hellip;]<\/p>\n","protected":false},"author":2,"featured_media":141426,"comment_status":"closed","ping_status":"closed","sticky":false,"template":"","format":"standard","meta":{"tdm_status":"","tdm_grid_status":"","footnotes":""},"categories":[70],"tags":[39715],"class_list":{"0":"post-157813","1":"post","2":"type-post","3":"status-publish","4":"format-standard","5":"has-post-thumbnail","7":"category-de-opinion","8":"tag-oved-contreras"},"yoast_head":"<!-- This site is optimized with the Yoast SEO plugin v27.4 - https:\/\/yoast.com\/product\/yoast-seo-wordpress\/ -->\n<title>COMPARECENCIA AGRIDULCE\u2026 - Los pol\u00edticos Veracruz<\/title>\n<meta name=\"robots\" content=\"index, follow, max-snippet:-1, max-image-preview:large, max-video-preview:-1\" \/>\n<link rel=\"canonical\" href=\"https:\/\/lospoliticosveracruz.com\/?p=157813\" \/>\n<meta property=\"og:locale\" content=\"es_ES\" \/>\n<meta property=\"og:type\" content=\"article\" \/>\n<meta property=\"og:title\" content=\"COMPARECENCIA AGRIDULCE\u2026 - Los pol\u00edticos Veracruz\" \/>\n<meta property=\"og:description\" content=\"Oved ContrerasSecas Mecas Aunque en teor\u00eda sali\u00f3 bien librada la t\u00eda Ch\u00edo en su visita al Congreso local como parte de la Glosa de su primer informe de gobierno, adem\u00e1s de que ayer la Legislatura valid\u00f3 la reforma constitucional que la faculta para quitar y poner al fiscal del estado, el prietito en el arroz [&hellip;]\" \/>\n<meta property=\"og:url\" content=\"https:\/\/lospoliticosveracruz.com\/?p=157813\" \/>\n<meta property=\"og:site_name\" content=\"Los pol\u00edticos Veracruz\" \/>\n<meta property=\"article:publisher\" content=\"https:\/\/www.facebook.com\/people\/Notimemes-de-los-Polticos\/61565672886568\/\" \/>\n<meta property=\"article:published_time\" content=\"2025-12-04T14:48:51+00:00\" \/>\n<meta property=\"article:modified_time\" content=\"2025-12-04T14:49:05+00:00\" \/>\n<meta property=\"og:image\" content=\"https:\/\/lospoliticosveracruz.com\/wp-content\/uploads\/2025\/04\/Oved-Contreras-e1768066319253.jpg\" \/>\n\t<meta property=\"og:image:width\" content=\"600\" \/>\n\t<meta property=\"og:image:height\" content=\"320\" \/>\n\t<meta property=\"og:image:type\" content=\"image\/jpeg\" \/>\n<meta name=\"author\" content=\"Lo viste en Los Pol\u00edticos\" \/>\n<meta name=\"twitter:card\" content=\"summary_large_image\" \/>\n<meta name=\"twitter:creator\" content=\"@LosPoliticosVer\" \/>\n<meta name=\"twitter:site\" content=\"@LosPoliticosVer\" \/>\n<meta name=\"twitter:label1\" content=\"Escrito por\" \/>\n\t<meta name=\"twitter:data1\" content=\"Lo viste en Los Pol\u00edticos\" \/>\n\t<meta name=\"twitter:label2\" content=\"Tiempo de lectura\" \/>\n\t<meta name=\"twitter:data2\" content=\"6 minutos\" \/>\n<script type=\"application\/ld+json\" class=\"yoast-schema-graph\">{\"@context\":\"https:\\\/\\\/schema.org\",\"@graph\":[{\"@type\":\"Article\",\"@id\":\"https:\\\/\\\/lospoliticosveracruz.com\\\/?p=157813#article\",\"isPartOf\":{\"@id\":\"https:\\\/\\\/lospoliticosveracruz.com\\\/?p=157813\"},\"author\":{\"name\":\"Lo viste en Los Pol\u00edticos\",\"@id\":\"https:\\\/\\\/lospoliticosveracruz.com\\\/#\\\/schema\\\/person\\\/b8702bb0e538456e6efd07080bf2a4a2\"},\"headline\":\"COMPARECENCIA AGRIDULCE\u2026\",\"datePublished\":\"2025-12-04T14:48:51+00:00\",\"dateModified\":\"2025-12-04T14:49:05+00:00\",\"mainEntityOfPage\":{\"@id\":\"https:\\\/\\\/lospoliticosveracruz.com\\\/?p=157813\"},\"wordCount\":1164,\"publisher\":{\"@id\":\"https:\\\/\\\/lospoliticosveracruz.com\\\/#organization\"},\"image\":{\"@id\":\"https:\\\/\\\/lospoliticosveracruz.com\\\/?p=157813#primaryimage\"},\"thumbnailUrl\":\"https:\\\/\\\/lospoliticosveracruz.com\\\/wp-content\\\/uploads\\\/2025\\\/04\\\/Oved-Contreras-e1768066319253.jpg\",\"keywords\":[\"Oved Contreras\"],\"articleSection\":[\"De Opini\u00f3n\"],\"inLanguage\":\"es\"},{\"@type\":\"WebPage\",\"@id\":\"https:\\\/\\\/lospoliticosveracruz.com\\\/?p=157813\",\"url\":\"https:\\\/\\\/lospoliticosveracruz.com\\\/?p=157813\",\"name\":\"COMPARECENCIA AGRIDULCE\u2026 - Los pol\u00edticos Veracruz\",\"isPartOf\":{\"@id\":\"https:\\\/\\\/lospoliticosveracruz.com\\\/#website\"},\"primaryImageOfPage\":{\"@id\":\"https:\\\/\\\/lospoliticosveracruz.com\\\/?p=157813#primaryimage\"},\"image\":{\"@id\":\"https:\\\/\\\/lospoliticosveracruz.com\\\/?p=157813#primaryimage\"},\"thumbnailUrl\":\"https:\\\/\\\/lospoliticosveracruz.com\\\/wp-content\\\/uploads\\\/2025\\\/04\\\/Oved-Contreras-e1768066319253.jpg\",\"datePublished\":\"2025-12-04T14:48:51+00:00\",\"dateModified\":\"2025-12-04T14:49:05+00:00\",\"breadcrumb\":{\"@id\":\"https:\\\/\\\/lospoliticosveracruz.com\\\/?p=157813#breadcrumb\"},\"inLanguage\":\"es\",\"potentialAction\":[{\"@type\":\"ReadAction\",\"target\":[\"https:\\\/\\\/lospoliticosveracruz.com\\\/?p=157813\"]}]},{\"@type\":\"ImageObject\",\"inLanguage\":\"es\",\"@id\":\"https:\\\/\\\/lospoliticosveracruz.com\\\/?p=157813#primaryimage\",\"url\":\"https:\\\/\\\/lospoliticosveracruz.com\\\/wp-content\\\/uploads\\\/2025\\\/04\\\/Oved-Contreras-e1768066319253.jpg\",\"contentUrl\":\"https:\\\/\\\/lospoliticosveracruz.com\\\/wp-content\\\/uploads\\\/2025\\\/04\\\/Oved-Contreras-e1768066319253.jpg\",\"width\":600,\"height\":320},{\"@type\":\"BreadcrumbList\",\"@id\":\"https:\\\/\\\/lospoliticosveracruz.com\\\/?p=157813#breadcrumb\",\"itemListElement\":[{\"@type\":\"ListItem\",\"position\":1,\"name\":\"Portada\",\"item\":\"https:\\\/\\\/lospoliticosveracruz.com\\\/\"},{\"@type\":\"ListItem\",\"position\":2,\"name\":\"COMPARECENCIA AGRIDULCE\u2026\"}]},{\"@type\":\"WebSite\",\"@id\":\"https:\\\/\\\/lospoliticosveracruz.com\\\/#website\",\"url\":\"https:\\\/\\\/lospoliticosveracruz.com\\\/\",\"name\":\"Los pol\u00edticos Veracruz\",\"description\":\"\",\"publisher\":{\"@id\":\"https:\\\/\\\/lospoliticosveracruz.com\\\/#organization\"},\"potentialAction\":[{\"@type\":\"SearchAction\",\"target\":{\"@type\":\"EntryPoint\",\"urlTemplate\":\"https:\\\/\\\/lospoliticosveracruz.com\\\/?s={search_term_string}\"},\"query-input\":{\"@type\":\"PropertyValueSpecification\",\"valueRequired\":true,\"valueName\":\"search_term_string\"}}],\"inLanguage\":\"es\"},{\"@type\":\"Organization\",\"@id\":\"https:\\\/\\\/lospoliticosveracruz.com\\\/#organization\",\"name\":\"Los pol\u00edticos Veracruz\",\"url\":\"https:\\\/\\\/lospoliticosveracruz.com\\\/\",\"logo\":{\"@type\":\"ImageObject\",\"inLanguage\":\"es\",\"@id\":\"https:\\\/\\\/lospoliticosveracruz.com\\\/#\\\/schema\\\/logo\\\/image\\\/\",\"url\":\"https:\\\/\\\/lospoliticosveracruz.com\\\/wp-content\\\/uploads\\\/2025\\\/12\\\/Logo-Nuevo-LOS-POLITICOS-1.jpg\",\"contentUrl\":\"https:\\\/\\\/lospoliticosveracruz.com\\\/wp-content\\\/uploads\\\/2025\\\/12\\\/Logo-Nuevo-LOS-POLITICOS-1.jpg\",\"width\":260,\"height\":70,\"caption\":\"Los pol\u00edticos Veracruz\"},\"image\":{\"@id\":\"https:\\\/\\\/lospoliticosveracruz.com\\\/#\\\/schema\\\/logo\\\/image\\\/\"},\"sameAs\":[\"https:\\\/\\\/www.facebook.com\\\/people\\\/Notimemes-de-los-Polticos\\\/61565672886568\\\/\",\"https:\\\/\\\/x.com\\\/LosPoliticosVer\"]},{\"@type\":\"Person\",\"@id\":\"https:\\\/\\\/lospoliticosveracruz.com\\\/#\\\/schema\\\/person\\\/b8702bb0e538456e6efd07080bf2a4a2\",\"name\":\"Lo viste en Los Pol\u00edticos\",\"image\":{\"@type\":\"ImageObject\",\"inLanguage\":\"es\",\"@id\":\"https:\\\/\\\/secure.gravatar.com\\\/avatar\\\/3a8de04a2656d44082be478bd6c086daa447c4651605818287b9532d3d0bd435?s=96&d=mm&r=g\",\"url\":\"https:\\\/\\\/secure.gravatar.com\\\/avatar\\\/3a8de04a2656d44082be478bd6c086daa447c4651605818287b9532d3d0bd435?s=96&d=mm&r=g\",\"contentUrl\":\"https:\\\/\\\/secure.gravatar.com\\\/avatar\\\/3a8de04a2656d44082be478bd6c086daa447c4651605818287b9532d3d0bd435?s=96&d=mm&r=g\",\"caption\":\"Lo viste en Los Pol\u00edticos\"},\"url\":\"https:\\\/\\\/lospoliticosveracruz.com\\\/?author=2\"}]}<\/script>\n<!-- \/ Yoast SEO plugin. -->","yoast_head_json":{"title":"COMPARECENCIA AGRIDULCE\u2026 - Los pol\u00edticos Veracruz","robots":{"index":"index","follow":"follow","max-snippet":"max-snippet:-1","max-image-preview":"max-image-preview:large","max-video-preview":"max-video-preview:-1"},"canonical":"https:\/\/lospoliticosveracruz.com\/?p=157813","og_locale":"es_ES","og_type":"article","og_title":"COMPARECENCIA AGRIDULCE\u2026 - Los pol\u00edticos Veracruz","og_description":"Oved ContrerasSecas Mecas Aunque en teor\u00eda sali\u00f3 bien librada la t\u00eda Ch\u00edo en su visita al Congreso local como parte de la Glosa de su primer informe de gobierno, adem\u00e1s de que ayer la Legislatura valid\u00f3 la reforma constitucional que la faculta para quitar y poner al fiscal del estado, el prietito en el arroz [&hellip;]","og_url":"https:\/\/lospoliticosveracruz.com\/?p=157813","og_site_name":"Los pol\u00edticos Veracruz","article_publisher":"https:\/\/www.facebook.com\/people\/Notimemes-de-los-Polticos\/61565672886568\/","article_published_time":"2025-12-04T14:48:51+00:00","article_modified_time":"2025-12-04T14:49:05+00:00","og_image":[{"width":600,"height":320,"url":"https:\/\/lospoliticosveracruz.com\/wp-content\/uploads\/2025\/04\/Oved-Contreras-e1768066319253.jpg","type":"image\/jpeg"}],"author":"Lo viste en Los Pol\u00edticos","twitter_card":"summary_large_image","twitter_creator":"@LosPoliticosVer","twitter_site":"@LosPoliticosVer","twitter_misc":{"Escrito por":"Lo viste en Los Pol\u00edticos","Tiempo de lectura":"6 minutos"},"schema":{"@context":"https:\/\/schema.org","@graph":[{"@type":"Article","@id":"https:\/\/lospoliticosveracruz.com\/?p=157813#article","isPartOf":{"@id":"https:\/\/lospoliticosveracruz.com\/?p=157813"},"author":{"name":"Lo viste en Los Pol\u00edticos","@id":"https:\/\/lospoliticosveracruz.com\/#\/schema\/person\/b8702bb0e538456e6efd07080bf2a4a2"},"headline":"COMPARECENCIA AGRIDULCE\u2026","datePublished":"2025-12-04T14:48:51+00:00","dateModified":"2025-12-04T14:49:05+00:00","mainEntityOfPage":{"@id":"https:\/\/lospoliticosveracruz.com\/?p=157813"},"wordCount":1164,"publisher":{"@id":"https:\/\/lospoliticosveracruz.com\/#organization"},"image":{"@id":"https:\/\/lospoliticosveracruz.com\/?p=157813#primaryimage"},"thumbnailUrl":"https:\/\/lospoliticosveracruz.com\/wp-content\/uploads\/2025\/04\/Oved-Contreras-e1768066319253.jpg","keywords":["Oved Contreras"],"articleSection":["De Opini\u00f3n"],"inLanguage":"es"},{"@type":"WebPage","@id":"https:\/\/lospoliticosveracruz.com\/?p=157813","url":"https:\/\/lospoliticosveracruz.com\/?p=157813","name":"COMPARECENCIA AGRIDULCE\u2026 - Los pol\u00edticos Veracruz","isPartOf":{"@id":"https:\/\/lospoliticosveracruz.com\/#website"},"primaryImageOfPage":{"@id":"https:\/\/lospoliticosveracruz.com\/?p=157813#primaryimage"},"image":{"@id":"https:\/\/lospoliticosveracruz.com\/?p=157813#primaryimage"},"thumbnailUrl":"https:\/\/lospoliticosveracruz.com\/wp-content\/uploads\/2025\/04\/Oved-Contreras-e1768066319253.jpg","datePublished":"2025-12-04T14:48:51+00:00","dateModified":"2025-12-04T14:49:05+00:00","breadcrumb":{"@id":"https:\/\/lospoliticosveracruz.com\/?p=157813#breadcrumb"},"inLanguage":"es","potentialAction":[{"@type":"ReadAction","target":["https:\/\/lospoliticosveracruz.com\/?p=157813"]}]},{"@type":"ImageObject","inLanguage":"es","@id":"https:\/\/lospoliticosveracruz.com\/?p=157813#primaryimage","url":"https:\/\/lospoliticosveracruz.com\/wp-content\/uploads\/2025\/04\/Oved-Contreras-e1768066319253.jpg","contentUrl":"https:\/\/lospoliticosveracruz.com\/wp-content\/uploads\/2025\/04\/Oved-Contreras-e1768066319253.jpg","width":600,"height":320},{"@type":"BreadcrumbList","@id":"https:\/\/lospoliticosveracruz.com\/?p=157813#breadcrumb","itemListElement":[{"@type":"ListItem","position":1,"name":"Portada","item":"https:\/\/lospoliticosveracruz.com\/"},{"@type":"ListItem","position":2,"name":"COMPARECENCIA AGRIDULCE\u2026"}]},{"@type":"WebSite","@id":"https:\/\/lospoliticosveracruz.com\/#website","url":"https:\/\/lospoliticosveracruz.com\/","name":"Los pol\u00edticos Veracruz","description":"","publisher":{"@id":"https:\/\/lospoliticosveracruz.com\/#organization"},"potentialAction":[{"@type":"SearchAction","target":{"@type":"EntryPoint","urlTemplate":"https:\/\/lospoliticosveracruz.com\/?s={search_term_string}"},"query-input":{"@type":"PropertyValueSpecification","valueRequired":true,"valueName":"search_term_string"}}],"inLanguage":"es"},{"@type":"Organization","@id":"https:\/\/lospoliticosveracruz.com\/#organization","name":"Los pol\u00edticos Veracruz","url":"https:\/\/lospoliticosveracruz.com\/","logo":{"@type":"ImageObject","inLanguage":"es","@id":"https:\/\/lospoliticosveracruz.com\/#\/schema\/logo\/image\/","url":"https:\/\/lospoliticosveracruz.com\/wp-content\/uploads\/2025\/12\/Logo-Nuevo-LOS-POLITICOS-1.jpg","contentUrl":"https:\/\/lospoliticosveracruz.com\/wp-content\/uploads\/2025\/12\/Logo-Nuevo-LOS-POLITICOS-1.jpg","width":260,"height":70,"caption":"Los pol\u00edticos Veracruz"},"image":{"@id":"https:\/\/lospoliticosveracruz.com\/#\/schema\/logo\/image\/"},"sameAs":["https:\/\/www.facebook.com\/people\/Notimemes-de-los-Polticos\/61565672886568\/","https:\/\/x.com\/LosPoliticosVer"]},{"@type":"Person","@id":"https:\/\/lospoliticosveracruz.com\/#\/schema\/person\/b8702bb0e538456e6efd07080bf2a4a2","name":"Lo viste en Los Pol\u00edticos","image":{"@type":"ImageObject","inLanguage":"es","@id":"https:\/\/secure.gravatar.com\/avatar\/3a8de04a2656d44082be478bd6c086daa447c4651605818287b9532d3d0bd435?s=96&d=mm&r=g","url":"https:\/\/secure.gravatar.com\/avatar\/3a8de04a2656d44082be478bd6c086daa447c4651605818287b9532d3d0bd435?s=96&d=mm&r=g","contentUrl":"https:\/\/secure.gravatar.com\/avatar\/3a8de04a2656d44082be478bd6c086daa447c4651605818287b9532d3d0bd435?s=96&d=mm&r=g","caption":"Lo viste en Los Pol\u00edticos"},"url":"https:\/\/lospoliticosveracruz.com\/?author=2"}]}},"_links":{"self":[{"href":"https:\/\/lospoliticosveracruz.com\/index.php?rest_route=\/wp\/v2\/posts\/157813","targetHints":{"allow":["GET"]}}],"collection":[{"href":"https:\/\/lospoliticosveracruz.com\/index.php?rest_route=\/wp\/v2\/posts"}],"about":[{"href":"https:\/\/lospoliticosveracruz.com\/index.php?rest_route=\/wp\/v2\/types\/post"}],"author":[{"embeddable":true,"href":"https:\/\/lospoliticosveracruz.com\/index.php?rest_route=\/wp\/v2\/users\/2"}],"replies":[{"embeddable":true,"href":"https:\/\/lospoliticosveracruz.com\/index.php?rest_route=%2Fwp%2Fv2%2Fcomments&post=157813"}],"version-history":[{"count":1,"href":"https:\/\/lospoliticosveracruz.com\/index.php?rest_route=\/wp\/v2\/posts\/157813\/revisions"}],"predecessor-version":[{"id":157814,"href":"https:\/\/lospoliticosveracruz.com\/index.php?rest_route=\/wp\/v2\/posts\/157813\/revisions\/157814"}],"wp:featuredmedia":[{"embeddable":true,"href":"https:\/\/lospoliticosveracruz.com\/index.php?rest_route=\/wp\/v2\/media\/141426"}],"wp:attachment":[{"href":"https:\/\/lospoliticosveracruz.com\/index.php?rest_route=%2Fwp%2Fv2%2Fmedia&parent=157813"}],"wp:term":[{"taxonomy":"category","embeddable":true,"href":"https:\/\/lospoliticosveracruz.com\/index.php?rest_route=%2Fwp%2Fv2%2Fcategories&post=157813"},{"taxonomy":"post_tag","embeddable":true,"href":"https:\/\/lospoliticosveracruz.com\/index.php?rest_route=%2Fwp%2Fv2%2Ftags&post=157813"}],"curies":[{"name":"wp","href":"https:\/\/api.w.org\/{rel}","templated":true}]}}