{"id":157815,"date":"2025-12-04T08:55:43","date_gmt":"2025-12-04T14:55:43","guid":{"rendered":"https:\/\/lospoliticosveracruz.com.mx\/?p=157815"},"modified":"2025-12-04T08:55:59","modified_gmt":"2025-12-04T14:55:59","slug":"ya-no-hay-honor-entre-ladrones","status":"publish","type":"post","link":"https:\/\/lospoliticosveracruz.com\/?p=157815","title":{"rendered":"YA NO HAY HONOR ENTRE LADRONES"},"content":{"rendered":"\n<p>S\u00edguenos ahora tambi\u00e9n en WhatsApp.\u00a0\u00a1<a href=\"https:\/\/whatsapp.com\/channel\/0029Va8zRWlEKyZIP3Z1dF0e\"><strong>Da clic aqu\u00ed<\/strong><\/a><strong>!<\/strong><\/p>\n\n\n\n<p><strong>Bernardo Guti\u00e9rrez Parra<\/strong><\/p>\n\n\n\n<p><em>Desde el Caf\u00e9<br><\/em><\/p>\n\n\n\n<p>Privado de su libertad por casi nueve a\u00f1os, el exgobernador de Veracruz, Javier Duarte, debe estar padeciendo de ansiedad, pesimismo y si tantito me apuras lector, hasta de depresi\u00f3n. Y motivos no le faltan.<\/p>\n\n\n\n<p>El s\u00e1bado 1 de noviembre se despidi\u00f3 de sus compa\u00f1eros de reclusi\u00f3n con una mariscada donde hubo buenos tragos. Y es que daba por descontado que la jueza que lleva su causa, \u00c1ngela Zamorano Herrera, le conceder\u00eda la libertad anticipada que solicit\u00f3 por haber cumplido m\u00e1s del 90 por ciento de su condena.<\/p>\n\n\n\n\n\n<p>Pero\u2026<\/p>\n\n\n\n<p>El lunes 3, Javier se present\u00f3 a la audiencia ante la jueza que tras escuchar los argumentos de la fiscal\u00eda y la defensa, declar\u00f3 un receso hasta el d\u00eda 12, por lo que fue regresado a su celda.<\/p>\n\n\n\n<p>El d\u00eda 12 la Fiscal\u00eda General de la Rep\u00fablica mostr\u00f3 evidencias de que durante su reclusi\u00f3n, Javier no se hab\u00eda portado lo bien que aseguraba su defensa. Y la jueza la hizo de m\u00e1s emoci\u00f3n al anunciar que dar\u00eda su veredicto hasta el d\u00eda 21.<\/p>\n\n\n\n<p>Fueron nueve d\u00edas que el exgobernador debi\u00f3 pasarlos insomne y malhumorado, porque su anhelo de pasar las fiestas decembrinas en libertad se estaba haciendo humo.<\/p>\n\n\n\n<p>Y como fue.<\/p>\n\n\n\n<p>El viernes 21 la togada determin\u00f3 que el reo no cumpli\u00f3 los requisitos para ser liberado, y le orden\u00f3 completar la totalidad de su condena que termina el pr\u00f3ximo mes de abril.<\/p>\n\n\n\n<p>Como recordar\u00e1s lector, Duarte fue detenido en Guatemala y extraditado a M\u00e9xico donde se le conden\u00f3 a nueve a\u00f1os de prisi\u00f3n por los delitos de asociaci\u00f3n delictuosa y operaciones con recursos de procedencia il\u00edcita, se le decomisaron 41 propiedades y se le fij\u00f3 una multa de 58 mil pesos.<\/p>\n\n\n\n<p>Pero hubo dos delitos que ni siquiera fueron mencionados en su proceso: desaparici\u00f3n forzada y un multimillonario desfalco al erario veracruzano por 60 mil millones de pesos, de acuerdo con acusaciones del entonces Auditor Superior de la Auditor\u00eda Superior de la Federaci\u00f3n, Juan Manuel Portal.<\/p>\n\n\n\n<p>\u00bfPor qu\u00e9 se cometi\u00f3 semejante omisi\u00f3n?<\/p>\n\n\n\n<p>Porque por ignotas razones, estos delitos no estuvieron en la negociaci\u00f3n entre M\u00e9xico y Guatemala. Fue por ello que Guatemala extradit\u00f3 a Javier para que fuera juzgado S\u00d3LO por asociaci\u00f3n delictuosa y operaciones con recursos de procedencia il\u00edcita.<\/p>\n\n\n\n<p>De acuerdo con los tratados internacionales sobre la extradici\u00f3n de personas que cometen il\u00edcitos en su pa\u00eds de origen, \u00e9stas no pueden ser juzgadas por otros delitos a los aprobados por el pa\u00eds que concede la extradici\u00f3n (en este caso Guatemala), a menos que este pa\u00eds lo autorice.<\/p>\n\n\n\n<p>Ya en prisi\u00f3n, el gobierno de Guatemala acept\u00f3 que Javier fuera procesado por desaparici\u00f3n forzada (delito considerado de lesa humanidad y por el que lo hubieran condenado hasta 60 a\u00f1os de c\u00e1rcel en caso de ser encontrado culpable), pero un juez federal lo exoner\u00f3 en noviembre del 2024.<\/p>\n\n\n\n<p>El pasado viernes 21, mientras Javier era regresado una vez m\u00e1s a su celda, su abogado Pablo Campuzano, dijo a los reporteros que le preguntaron si no exist\u00eda riesgo de que lo acusaran de otro delito mientras permanec\u00eda en prisi\u00f3n, que el \u00fanico escenario que podr\u00eda frustrar la liberaci\u00f3n de su defendido, era que la FGR consiguiera que Guatemala le autorice procesarlo por delitos distintos a aquellos por los que fue expresamente extraditado en 2016.<\/p>\n\n\n\n<p>Y sopas\u2026<\/p>\n\n\n\n<p>Este mi\u00e9rcoles se dio a conocer que el gobierno de Guatemala otorg\u00f3 a las autoridades mexicanas su permiso para formularle nuevas imputaciones a Javier Duarte. Y que tras esta autorizaci\u00f3n, la Fiscal\u00eda General de la Rep\u00fablica judicializ\u00f3 una carpeta de investigaci\u00f3n por el presunto desv\u00edo de recursos. Pero eso no fue as\u00ed.<\/p>\n\n\n\n<p>Tiene meses que la FGR solicit\u00f3 al gobierno guatemalteco su autorizaci\u00f3n para agregarle m\u00e1s acusaciones a Javier. Y Guatemala accedi\u00f3.<\/p>\n\n\n\n<p>Ah caray, a ver\u2026 \u00bfqu\u00e9 no hab\u00eda un acuerdo de facto entre Javier Duarte de Ochoa y los morenos desde antes de que L\u00f3pez Obrador llegara a la presidencia? \u00bfQu\u00e9 acaso no fue Javier el que apoquin\u00f3 con millones de pesos para la campa\u00f1a de Cuitl\u00e1huac Garc\u00eda?<\/p>\n\n\n\n<p>Y ya en prisi\u00f3n \u00bfacaso no fueron enviados de Andr\u00e9s Manuel a prometerle todo a cambio de que los apoyara con informaci\u00f3n sobre estructura electoral (Duarte gan\u00f3 Michoac\u00e1n para el tricolor con un candidato del PRD), contactos e incluso apoyo monetario para la campa\u00f1a del 2024 que casi hizo desaparecer al PRI en Veracruz?<\/p>\n\n\n\n<p>Y Duarte les dio todo lo que le pidieron.<\/p>\n\n\n\n<p>En correspondencia, ahora le pagan con una carpeta de investigaci\u00f3n (sin duda, muy bien documentada), que puede dejarlo en prisi\u00f3n por a\u00f1os, m\u00e1s que los nueve que casi lleva cumplidos. Con lo que su esperanza de salir en abril se desvanece.<\/p>\n\n\n\n<p>Caray, \u00bfes que acaso ya no hay honor entre ladrones?<\/p>\n\n\n\n<p>Es evidente que no; ya no hay honor entre ladrones.<\/p>\n\n\n\n<p>bernagup28@gmail.com<\/p>\n","protected":false},"excerpt":{"rendered":"<p>Bernardo Guti\u00e9rrez Parra Desde el Caf\u00e9 Privado de su libertad por casi nueve a\u00f1os, el exgobernador de Veracruz, Javier Duarte, debe estar padeciendo de ansiedad, pesimismo y si tantito me apuras lector, hasta de depresi\u00f3n. Y motivos no le faltan. El s\u00e1bado 1 de noviembre se despidi\u00f3 de sus compa\u00f1eros de reclusi\u00f3n con una mariscada [&hellip;]<\/p>\n","protected":false},"author":2,"featured_media":141479,"comment_status":"closed","ping_status":"closed","sticky":false,"template":"","format":"standard","meta":{"tdm_status":"","tdm_grid_status":"","footnotes":""},"categories":[70],"tags":[34206],"class_list":{"0":"post-157815","1":"post","2":"type-post","3":"status-publish","4":"format-standard","5":"has-post-thumbnail","7":"category-de-opinion","8":"tag-bernardo-gutierrez-parra"},"yoast_head":"<!-- This site is optimized with the Yoast SEO plugin v27.4 - https:\/\/yoast.com\/product\/yoast-seo-wordpress\/ -->\n<title>YA NO HAY HONOR ENTRE LADRONES - Los pol\u00edticos Veracruz<\/title>\n<meta name=\"robots\" content=\"index, follow, max-snippet:-1, max-image-preview:large, max-video-preview:-1\" \/>\n<link rel=\"canonical\" href=\"https:\/\/lospoliticosveracruz.com\/?p=157815\" \/>\n<meta property=\"og:locale\" content=\"es_ES\" \/>\n<meta property=\"og:type\" content=\"article\" \/>\n<meta property=\"og:title\" content=\"YA NO HAY HONOR ENTRE LADRONES - Los pol\u00edticos Veracruz\" \/>\n<meta property=\"og:description\" content=\"Bernardo Guti\u00e9rrez Parra Desde el Caf\u00e9 Privado de su libertad por casi nueve a\u00f1os, el exgobernador de Veracruz, Javier Duarte, debe estar padeciendo de ansiedad, pesimismo y si tantito me apuras lector, hasta de depresi\u00f3n. Y motivos no le faltan. El s\u00e1bado 1 de noviembre se despidi\u00f3 de sus compa\u00f1eros de reclusi\u00f3n con una mariscada [&hellip;]\" \/>\n<meta property=\"og:url\" content=\"https:\/\/lospoliticosveracruz.com\/?p=157815\" \/>\n<meta property=\"og:site_name\" content=\"Los pol\u00edticos Veracruz\" \/>\n<meta property=\"article:publisher\" content=\"https:\/\/www.facebook.com\/people\/Notimemes-de-los-Polticos\/61565672886568\/\" \/>\n<meta property=\"article:published_time\" content=\"2025-12-04T14:55:43+00:00\" \/>\n<meta property=\"article:modified_time\" content=\"2025-12-04T14:55:59+00:00\" \/>\n<meta property=\"og:image\" content=\"https:\/\/lospoliticosveracruz.com\/wp-content\/uploads\/2025\/04\/Bernardo-Gutierrez-Parra.jpg\" \/>\n\t<meta property=\"og:image:width\" content=\"1250\" \/>\n\t<meta property=\"og:image:height\" content=\"667\" \/>\n\t<meta property=\"og:image:type\" content=\"image\/jpeg\" \/>\n<meta name=\"author\" content=\"Lo viste en Los Pol\u00edticos\" \/>\n<meta name=\"twitter:card\" content=\"summary_large_image\" \/>\n<meta name=\"twitter:creator\" content=\"@LosPoliticosVer\" \/>\n<meta name=\"twitter:site\" content=\"@LosPoliticosVer\" \/>\n<meta name=\"twitter:label1\" content=\"Escrito por\" \/>\n\t<meta name=\"twitter:data1\" content=\"Lo viste en Los Pol\u00edticos\" \/>\n\t<meta name=\"twitter:label2\" content=\"Tiempo de lectura\" \/>\n\t<meta name=\"twitter:data2\" content=\"4 minutos\" \/>\n<script type=\"application\/ld+json\" class=\"yoast-schema-graph\">{\"@context\":\"https:\\\/\\\/schema.org\",\"@graph\":[{\"@type\":\"Article\",\"@id\":\"https:\\\/\\\/lospoliticosveracruz.com\\\/?p=157815#article\",\"isPartOf\":{\"@id\":\"https:\\\/\\\/lospoliticosveracruz.com\\\/?p=157815\"},\"author\":{\"name\":\"Lo viste en Los Pol\u00edticos\",\"@id\":\"https:\\\/\\\/lospoliticosveracruz.com\\\/#\\\/schema\\\/person\\\/b8702bb0e538456e6efd07080bf2a4a2\"},\"headline\":\"YA NO HAY HONOR ENTRE LADRONES\",\"datePublished\":\"2025-12-04T14:55:43+00:00\",\"dateModified\":\"2025-12-04T14:55:59+00:00\",\"mainEntityOfPage\":{\"@id\":\"https:\\\/\\\/lospoliticosveracruz.com\\\/?p=157815\"},\"wordCount\":859,\"publisher\":{\"@id\":\"https:\\\/\\\/lospoliticosveracruz.com\\\/#organization\"},\"image\":{\"@id\":\"https:\\\/\\\/lospoliticosveracruz.com\\\/?p=157815#primaryimage\"},\"thumbnailUrl\":\"https:\\\/\\\/lospoliticosveracruz.com\\\/wp-content\\\/uploads\\\/2025\\\/04\\\/Bernardo-Gutierrez-Parra.jpg\",\"keywords\":[\"Bernardo Guti\u00e9rrez Parra\"],\"articleSection\":[\"De Opini\u00f3n\"],\"inLanguage\":\"es\"},{\"@type\":\"WebPage\",\"@id\":\"https:\\\/\\\/lospoliticosveracruz.com\\\/?p=157815\",\"url\":\"https:\\\/\\\/lospoliticosveracruz.com\\\/?p=157815\",\"name\":\"YA NO HAY HONOR ENTRE LADRONES - Los pol\u00edticos Veracruz\",\"isPartOf\":{\"@id\":\"https:\\\/\\\/lospoliticosveracruz.com\\\/#website\"},\"primaryImageOfPage\":{\"@id\":\"https:\\\/\\\/lospoliticosveracruz.com\\\/?p=157815#primaryimage\"},\"image\":{\"@id\":\"https:\\\/\\\/lospoliticosveracruz.com\\\/?p=157815#primaryimage\"},\"thumbnailUrl\":\"https:\\\/\\\/lospoliticosveracruz.com\\\/wp-content\\\/uploads\\\/2025\\\/04\\\/Bernardo-Gutierrez-Parra.jpg\",\"datePublished\":\"2025-12-04T14:55:43+00:00\",\"dateModified\":\"2025-12-04T14:55:59+00:00\",\"breadcrumb\":{\"@id\":\"https:\\\/\\\/lospoliticosveracruz.com\\\/?p=157815#breadcrumb\"},\"inLanguage\":\"es\",\"potentialAction\":[{\"@type\":\"ReadAction\",\"target\":[\"https:\\\/\\\/lospoliticosveracruz.com\\\/?p=157815\"]}]},{\"@type\":\"ImageObject\",\"inLanguage\":\"es\",\"@id\":\"https:\\\/\\\/lospoliticosveracruz.com\\\/?p=157815#primaryimage\",\"url\":\"https:\\\/\\\/lospoliticosveracruz.com\\\/wp-content\\\/uploads\\\/2025\\\/04\\\/Bernardo-Gutierrez-Parra.jpg\",\"contentUrl\":\"https:\\\/\\\/lospoliticosveracruz.com\\\/wp-content\\\/uploads\\\/2025\\\/04\\\/Bernardo-Gutierrez-Parra.jpg\",\"width\":1250,\"height\":667},{\"@type\":\"BreadcrumbList\",\"@id\":\"https:\\\/\\\/lospoliticosveracruz.com\\\/?p=157815#breadcrumb\",\"itemListElement\":[{\"@type\":\"ListItem\",\"position\":1,\"name\":\"Portada\",\"item\":\"https:\\\/\\\/lospoliticosveracruz.com\\\/\"},{\"@type\":\"ListItem\",\"position\":2,\"name\":\"YA NO HAY HONOR ENTRE LADRONES\"}]},{\"@type\":\"WebSite\",\"@id\":\"https:\\\/\\\/lospoliticosveracruz.com\\\/#website\",\"url\":\"https:\\\/\\\/lospoliticosveracruz.com\\\/\",\"name\":\"Los pol\u00edticos Veracruz\",\"description\":\"\",\"publisher\":{\"@id\":\"https:\\\/\\\/lospoliticosveracruz.com\\\/#organization\"},\"potentialAction\":[{\"@type\":\"SearchAction\",\"target\":{\"@type\":\"EntryPoint\",\"urlTemplate\":\"https:\\\/\\\/lospoliticosveracruz.com\\\/?s={search_term_string}\"},\"query-input\":{\"@type\":\"PropertyValueSpecification\",\"valueRequired\":true,\"valueName\":\"search_term_string\"}}],\"inLanguage\":\"es\"},{\"@type\":\"Organization\",\"@id\":\"https:\\\/\\\/lospoliticosveracruz.com\\\/#organization\",\"name\":\"Los pol\u00edticos Veracruz\",\"url\":\"https:\\\/\\\/lospoliticosveracruz.com\\\/\",\"logo\":{\"@type\":\"ImageObject\",\"inLanguage\":\"es\",\"@id\":\"https:\\\/\\\/lospoliticosveracruz.com\\\/#\\\/schema\\\/logo\\\/image\\\/\",\"url\":\"https:\\\/\\\/lospoliticosveracruz.com\\\/wp-content\\\/uploads\\\/2025\\\/12\\\/Logo-Nuevo-LOS-POLITICOS-1.jpg\",\"contentUrl\":\"https:\\\/\\\/lospoliticosveracruz.com\\\/wp-content\\\/uploads\\\/2025\\\/12\\\/Logo-Nuevo-LOS-POLITICOS-1.jpg\",\"width\":260,\"height\":70,\"caption\":\"Los pol\u00edticos Veracruz\"},\"image\":{\"@id\":\"https:\\\/\\\/lospoliticosveracruz.com\\\/#\\\/schema\\\/logo\\\/image\\\/\"},\"sameAs\":[\"https:\\\/\\\/www.facebook.com\\\/people\\\/Notimemes-de-los-Polticos\\\/61565672886568\\\/\",\"https:\\\/\\\/x.com\\\/LosPoliticosVer\"]},{\"@type\":\"Person\",\"@id\":\"https:\\\/\\\/lospoliticosveracruz.com\\\/#\\\/schema\\\/person\\\/b8702bb0e538456e6efd07080bf2a4a2\",\"name\":\"Lo viste en Los Pol\u00edticos\",\"image\":{\"@type\":\"ImageObject\",\"inLanguage\":\"es\",\"@id\":\"https:\\\/\\\/secure.gravatar.com\\\/avatar\\\/3a8de04a2656d44082be478bd6c086daa447c4651605818287b9532d3d0bd435?s=96&d=mm&r=g\",\"url\":\"https:\\\/\\\/secure.gravatar.com\\\/avatar\\\/3a8de04a2656d44082be478bd6c086daa447c4651605818287b9532d3d0bd435?s=96&d=mm&r=g\",\"contentUrl\":\"https:\\\/\\\/secure.gravatar.com\\\/avatar\\\/3a8de04a2656d44082be478bd6c086daa447c4651605818287b9532d3d0bd435?s=96&d=mm&r=g\",\"caption\":\"Lo viste en Los Pol\u00edticos\"},\"url\":\"https:\\\/\\\/lospoliticosveracruz.com\\\/?author=2\"}]}<\/script>\n<!-- \/ Yoast SEO plugin. -->","yoast_head_json":{"title":"YA NO HAY HONOR ENTRE LADRONES - Los pol\u00edticos Veracruz","robots":{"index":"index","follow":"follow","max-snippet":"max-snippet:-1","max-image-preview":"max-image-preview:large","max-video-preview":"max-video-preview:-1"},"canonical":"https:\/\/lospoliticosveracruz.com\/?p=157815","og_locale":"es_ES","og_type":"article","og_title":"YA NO HAY HONOR ENTRE LADRONES - Los pol\u00edticos Veracruz","og_description":"Bernardo Guti\u00e9rrez Parra Desde el Caf\u00e9 Privado de su libertad por casi nueve a\u00f1os, el exgobernador de Veracruz, Javier Duarte, debe estar padeciendo de ansiedad, pesimismo y si tantito me apuras lector, hasta de depresi\u00f3n. Y motivos no le faltan. El s\u00e1bado 1 de noviembre se despidi\u00f3 de sus compa\u00f1eros de reclusi\u00f3n con una mariscada [&hellip;]","og_url":"https:\/\/lospoliticosveracruz.com\/?p=157815","og_site_name":"Los pol\u00edticos Veracruz","article_publisher":"https:\/\/www.facebook.com\/people\/Notimemes-de-los-Polticos\/61565672886568\/","article_published_time":"2025-12-04T14:55:43+00:00","article_modified_time":"2025-12-04T14:55:59+00:00","og_image":[{"width":1250,"height":667,"url":"https:\/\/lospoliticosveracruz.com\/wp-content\/uploads\/2025\/04\/Bernardo-Gutierrez-Parra.jpg","type":"image\/jpeg"}],"author":"Lo viste en Los Pol\u00edticos","twitter_card":"summary_large_image","twitter_creator":"@LosPoliticosVer","twitter_site":"@LosPoliticosVer","twitter_misc":{"Escrito por":"Lo viste en Los Pol\u00edticos","Tiempo de lectura":"4 minutos"},"schema":{"@context":"https:\/\/schema.org","@graph":[{"@type":"Article","@id":"https:\/\/lospoliticosveracruz.com\/?p=157815#article","isPartOf":{"@id":"https:\/\/lospoliticosveracruz.com\/?p=157815"},"author":{"name":"Lo viste en Los Pol\u00edticos","@id":"https:\/\/lospoliticosveracruz.com\/#\/schema\/person\/b8702bb0e538456e6efd07080bf2a4a2"},"headline":"YA NO HAY HONOR ENTRE LADRONES","datePublished":"2025-12-04T14:55:43+00:00","dateModified":"2025-12-04T14:55:59+00:00","mainEntityOfPage":{"@id":"https:\/\/lospoliticosveracruz.com\/?p=157815"},"wordCount":859,"publisher":{"@id":"https:\/\/lospoliticosveracruz.com\/#organization"},"image":{"@id":"https:\/\/lospoliticosveracruz.com\/?p=157815#primaryimage"},"thumbnailUrl":"https:\/\/lospoliticosveracruz.com\/wp-content\/uploads\/2025\/04\/Bernardo-Gutierrez-Parra.jpg","keywords":["Bernardo Guti\u00e9rrez Parra"],"articleSection":["De Opini\u00f3n"],"inLanguage":"es"},{"@type":"WebPage","@id":"https:\/\/lospoliticosveracruz.com\/?p=157815","url":"https:\/\/lospoliticosveracruz.com\/?p=157815","name":"YA NO HAY HONOR ENTRE LADRONES - Los pol\u00edticos Veracruz","isPartOf":{"@id":"https:\/\/lospoliticosveracruz.com\/#website"},"primaryImageOfPage":{"@id":"https:\/\/lospoliticosveracruz.com\/?p=157815#primaryimage"},"image":{"@id":"https:\/\/lospoliticosveracruz.com\/?p=157815#primaryimage"},"thumbnailUrl":"https:\/\/lospoliticosveracruz.com\/wp-content\/uploads\/2025\/04\/Bernardo-Gutierrez-Parra.jpg","datePublished":"2025-12-04T14:55:43+00:00","dateModified":"2025-12-04T14:55:59+00:00","breadcrumb":{"@id":"https:\/\/lospoliticosveracruz.com\/?p=157815#breadcrumb"},"inLanguage":"es","potentialAction":[{"@type":"ReadAction","target":["https:\/\/lospoliticosveracruz.com\/?p=157815"]}]},{"@type":"ImageObject","inLanguage":"es","@id":"https:\/\/lospoliticosveracruz.com\/?p=157815#primaryimage","url":"https:\/\/lospoliticosveracruz.com\/wp-content\/uploads\/2025\/04\/Bernardo-Gutierrez-Parra.jpg","contentUrl":"https:\/\/lospoliticosveracruz.com\/wp-content\/uploads\/2025\/04\/Bernardo-Gutierrez-Parra.jpg","width":1250,"height":667},{"@type":"BreadcrumbList","@id":"https:\/\/lospoliticosveracruz.com\/?p=157815#breadcrumb","itemListElement":[{"@type":"ListItem","position":1,"name":"Portada","item":"https:\/\/lospoliticosveracruz.com\/"},{"@type":"ListItem","position":2,"name":"YA NO HAY HONOR ENTRE LADRONES"}]},{"@type":"WebSite","@id":"https:\/\/lospoliticosveracruz.com\/#website","url":"https:\/\/lospoliticosveracruz.com\/","name":"Los pol\u00edticos Veracruz","description":"","publisher":{"@id":"https:\/\/lospoliticosveracruz.com\/#organization"},"potentialAction":[{"@type":"SearchAction","target":{"@type":"EntryPoint","urlTemplate":"https:\/\/lospoliticosveracruz.com\/?s={search_term_string}"},"query-input":{"@type":"PropertyValueSpecification","valueRequired":true,"valueName":"search_term_string"}}],"inLanguage":"es"},{"@type":"Organization","@id":"https:\/\/lospoliticosveracruz.com\/#organization","name":"Los pol\u00edticos Veracruz","url":"https:\/\/lospoliticosveracruz.com\/","logo":{"@type":"ImageObject","inLanguage":"es","@id":"https:\/\/lospoliticosveracruz.com\/#\/schema\/logo\/image\/","url":"https:\/\/lospoliticosveracruz.com\/wp-content\/uploads\/2025\/12\/Logo-Nuevo-LOS-POLITICOS-1.jpg","contentUrl":"https:\/\/lospoliticosveracruz.com\/wp-content\/uploads\/2025\/12\/Logo-Nuevo-LOS-POLITICOS-1.jpg","width":260,"height":70,"caption":"Los pol\u00edticos Veracruz"},"image":{"@id":"https:\/\/lospoliticosveracruz.com\/#\/schema\/logo\/image\/"},"sameAs":["https:\/\/www.facebook.com\/people\/Notimemes-de-los-Polticos\/61565672886568\/","https:\/\/x.com\/LosPoliticosVer"]},{"@type":"Person","@id":"https:\/\/lospoliticosveracruz.com\/#\/schema\/person\/b8702bb0e538456e6efd07080bf2a4a2","name":"Lo viste en Los Pol\u00edticos","image":{"@type":"ImageObject","inLanguage":"es","@id":"https:\/\/secure.gravatar.com\/avatar\/3a8de04a2656d44082be478bd6c086daa447c4651605818287b9532d3d0bd435?s=96&d=mm&r=g","url":"https:\/\/secure.gravatar.com\/avatar\/3a8de04a2656d44082be478bd6c086daa447c4651605818287b9532d3d0bd435?s=96&d=mm&r=g","contentUrl":"https:\/\/secure.gravatar.com\/avatar\/3a8de04a2656d44082be478bd6c086daa447c4651605818287b9532d3d0bd435?s=96&d=mm&r=g","caption":"Lo viste en Los Pol\u00edticos"},"url":"https:\/\/lospoliticosveracruz.com\/?author=2"}]}},"_links":{"self":[{"href":"https:\/\/lospoliticosveracruz.com\/index.php?rest_route=\/wp\/v2\/posts\/157815","targetHints":{"allow":["GET"]}}],"collection":[{"href":"https:\/\/lospoliticosveracruz.com\/index.php?rest_route=\/wp\/v2\/posts"}],"about":[{"href":"https:\/\/lospoliticosveracruz.com\/index.php?rest_route=\/wp\/v2\/types\/post"}],"author":[{"embeddable":true,"href":"https:\/\/lospoliticosveracruz.com\/index.php?rest_route=\/wp\/v2\/users\/2"}],"replies":[{"embeddable":true,"href":"https:\/\/lospoliticosveracruz.com\/index.php?rest_route=%2Fwp%2Fv2%2Fcomments&post=157815"}],"version-history":[{"count":1,"href":"https:\/\/lospoliticosveracruz.com\/index.php?rest_route=\/wp\/v2\/posts\/157815\/revisions"}],"predecessor-version":[{"id":157816,"href":"https:\/\/lospoliticosveracruz.com\/index.php?rest_route=\/wp\/v2\/posts\/157815\/revisions\/157816"}],"wp:featuredmedia":[{"embeddable":true,"href":"https:\/\/lospoliticosveracruz.com\/index.php?rest_route=\/wp\/v2\/media\/141479"}],"wp:attachment":[{"href":"https:\/\/lospoliticosveracruz.com\/index.php?rest_route=%2Fwp%2Fv2%2Fmedia&parent=157815"}],"wp:term":[{"taxonomy":"category","embeddable":true,"href":"https:\/\/lospoliticosveracruz.com\/index.php?rest_route=%2Fwp%2Fv2%2Fcategories&post=157815"},{"taxonomy":"post_tag","embeddable":true,"href":"https:\/\/lospoliticosveracruz.com\/index.php?rest_route=%2Fwp%2Fv2%2Ftags&post=157815"}],"curies":[{"name":"wp","href":"https:\/\/api.w.org\/{rel}","templated":true}]}}