{"id":157850,"date":"2025-12-04T14:31:01","date_gmt":"2025-12-04T20:31:01","guid":{"rendered":"https:\/\/lospoliticosveracruz.com.mx\/?p=157850"},"modified":"2025-12-04T14:31:12","modified_gmt":"2025-12-04T20:31:12","slug":"fil-2025-pensamiento-lectura-y-debate","status":"publish","type":"post","link":"https:\/\/lospoliticosveracruz.com\/?p=157850","title":{"rendered":"FIL 2025: PENSAMIENTO, LECTURA Y DEBATE"},"content":{"rendered":"\n<p><br><strong>Agust\u00edn Torres Delgado<\/strong><\/p>\n\n\n\n<p><em>Pa\u2019 Vivir A Gusto<\/em><\/p>\n\n\n\n<p>La Feria Internacional del Libro de Guadalajara (FIL) 2025, tiene en su edici\u00f3n 39 a la ciudad de Barcelona como invitada de honor, su lema: Vendr\u00e1n las flores, Vindran les flors, en catal\u00e1n, esta frase es tomada del cuento Felicitat de Merc\u00e8 Rodoreda, gran autora de la literatura catalana.<\/p>\n\n\n\n\n\n<p>Guadalajara es sede cada a\u00f1o de la FIL, que no solo se mide en cu\u00e1ntos libros se venden sino en la capacidad de inteligencia colectiva que es capaz de convocar esta ciudad, hoy orgullosamente gobernada por la alcaldesa Ver\u00f3nica Delgadillo de Movimiento Ciudadano.<\/p>\n\n\n\n<p>La alcaldesa, ha dejado claro que la cultura en el municipio no ser\u00e1 un adorno protocolario, sino un gran espacio donde la ciudad participa de manera colectiva e inclusiva. Por ello, ha dado todas las facilidades en materia de log\u00edstica, movilidad y coordinaci\u00f3n institucional, busca que en su gobierno la cultura no sea una concesi\u00f3n sino un derecho para todas las personas.<\/p>\n\n\n\n<p>La FIL no es solo un evento cultural; podr\u00edamos asumirla tambi\u00e9n como una apuesta pol\u00edtica. No partidista, sino pol\u00edtica en su sentido m\u00e1s transparente: la defensa de un espacio en com\u00fan donde hay pluralidad, cr\u00edtica, imaginaci\u00f3n y desacuerdo civilizado. Por ello es tan relevante que un gobierno municipal otorgue facilidades, que reconozca que no es una feria m\u00e1s, sino una declaraci\u00f3n de ciudad cultural: aqu\u00ed se lee, se piensa, se debate. Aqu\u00ed, el libro sigue siendo un punto de encuentro para todas y todos.<\/p>\n\n\n\n<p>Uno de los reconocimientos m\u00e1s relevantes de la FIL es el premio de Literatura en Lenguas Romances 2025, que, en esta ocasi\u00f3n, se le otorg\u00f3 al escritor franco-liban\u00e9s Amin Maalouf, autor de obras como la novela Le\u00f3n el africano (1986) y el ensayo Las cruzadas vistas por lo \u00e1rabes (1983). En su discurso de recepci\u00f3n del premio, el autor se refiri\u00f3 a la democracia, las guerras en el mundo y al desarrollo cient\u00edfico de los \u00faltimos a\u00f1os, sobre todo al uso de la inteligencia artificial.<\/p>\n\n\n\n<p>Este a\u00f1o se rendir\u00e1 un homenaje a Mario Vargas Llosa, uno de los autores m\u00e1s relevantes de la literatura en espa\u00f1ol; Joan Manuel Serrat recibir\u00e1, en el marco de esta edici\u00f3n de la FIL, un Doctorado Honoris Causa por la Universidad de Guadalajara; los actores Richard Gere y Diego Luna, tendr\u00e1n presentaciones para hablar sobre activismo humanitario y dialogar sobre pensamiento y cultura; y la premio Nobel, Rigoberta Mench\u00fa Tum, particip\u00f3 en una mesa en la que se abord\u00f3 la importancia de la preservaci\u00f3n de las culturas originarias, lenguas y tradiciones.<\/p>\n\n\n\n<p>En esta edici\u00f3n de la FIL se desarrollar\u00e1n muchas conferencias relevantes que por sus temas responden al estado de \u00e1nimo global y colectivo que muchos sentimos: preocupaci\u00f3n por la democracia, debates sobre inteligencia artificial, reflexiones sobre violencia y desigualdad, conversaciones sobre c\u00f3mo sostener la salud mental en sociedades cada vez m\u00e1s desbordadas, entre otras.<\/p>\n\n\n\n<p>Al final la FIL funciona como un term\u00f3metro (a veces incomodo), de lo que realmente discutimos como pa\u00eds. Escuchar a especialistas, escritores, artistas y acad\u00e9micos juntos, sin filtros partidistas ni agendas disfrazadas, es un lujo que pocas ciudades pueden darse de manera tan org\u00e1nica.<\/p>\n\n\n\n<p>La Feria Internacional del Libro, tambi\u00e9n es un pretexto ideal para recordarle a todos los gobiernos que fomentar la lectura en nuestro pa\u00eds no es un lujo cultural, sino una urgencia social: seg\u00fan los datos del INEGI, al dar a conocer los resultados del M\u00f3dulo de Lectura 2025 (Molec), de cada 100 mexicanos alfabetos de 12 a\u00f1os o m\u00e1s de edad, 80 leyeron al menos un material este a\u00f1o y 20 no leyeron nada; la mayor\u00eda (el 79%) de esa poblaci\u00f3n lee libros; el 57.8% lee p\u00e1ginas de internet, foros o blogs; el 37.4%, revistas; el 31.3%, peri\u00f3dicos, y el 26.4%, historietas, c\u00f3mics o mangas.<\/p>\n\n\n\n<p>El fomento de la lectura tiene muchos beneficios: fortalece la comprensi\u00f3n cr\u00edtica, desarrolla pensamiento reflexivo y forma ciudadanos m\u00e1s informados. Leer m\u00e1s, leer bien y fomentar este h\u00e1bito desde las infancias, no es solo cultivar cultura: es sembrar ciudadan\u00eda.<\/p>\n\n\n\n<p>Aunque en la reflexi\u00f3n, la FIL siempre deja una pregunta suspendida sobre Guadalajara: \u00bfQu\u00e9 hacemos con toda esa rica y nutrida conversaci\u00f3n una vez que se cierran las puertas de la Expo? La respuesta no est\u00e1 en la feria, sino en la gente. Porque un libro nos puede abrir una ventana, s\u00ed, pero la decisi\u00f3n de asomarnos y ver el mundo de otra manera siempre ser\u00e1 nuestra.<\/p>\n\n\n\n<p>Agust\u00edn Torres Delgado<\/p>\n\n\n\n<p>Secretario General de Acuerdos<\/p>\n\n\n\n<p>Movimiento Ciudadano<\/p>\n","protected":false},"excerpt":{"rendered":"<p>Agust\u00edn Torres Delgado Pa\u2019 Vivir A Gusto La Feria Internacional del Libro de Guadalajara (FIL) 2025, tiene en su edici\u00f3n 39 a la ciudad de Barcelona como invitada de honor, su lema: Vendr\u00e1n las flores, Vindran les flors, en catal\u00e1n, esta frase es tomada del cuento Felicitat de Merc\u00e8 Rodoreda, gran autora de la literatura [&hellip;]<\/p>\n","protected":false},"author":2,"featured_media":151473,"comment_status":"closed","ping_status":"closed","sticky":false,"template":"","format":"standard","meta":{"tdm_status":"","tdm_grid_status":"","footnotes":""},"categories":[70],"tags":[47220],"class_list":{"0":"post-157850","1":"post","2":"type-post","3":"status-publish","4":"format-standard","5":"has-post-thumbnail","7":"category-de-opinion","8":"tag-agustin-torres-delgado"},"yoast_head":"<!-- This site is optimized with the Yoast SEO plugin v27.4 - https:\/\/yoast.com\/product\/yoast-seo-wordpress\/ -->\n<title>FIL 2025: PENSAMIENTO, LECTURA Y DEBATE - Los pol\u00edticos Veracruz<\/title>\n<meta name=\"robots\" content=\"index, follow, max-snippet:-1, max-image-preview:large, max-video-preview:-1\" \/>\n<link rel=\"canonical\" href=\"https:\/\/lospoliticosveracruz.com\/?p=157850\" \/>\n<meta property=\"og:locale\" content=\"es_ES\" \/>\n<meta property=\"og:type\" content=\"article\" \/>\n<meta property=\"og:title\" content=\"FIL 2025: PENSAMIENTO, LECTURA Y DEBATE - Los pol\u00edticos Veracruz\" \/>\n<meta property=\"og:description\" content=\"Agust\u00edn Torres Delgado Pa\u2019 Vivir A Gusto La Feria Internacional del Libro de Guadalajara (FIL) 2025, tiene en su edici\u00f3n 39 a la ciudad de Barcelona como invitada de honor, su lema: Vendr\u00e1n las flores, Vindran les flors, en catal\u00e1n, esta frase es tomada del cuento Felicitat de Merc\u00e8 Rodoreda, gran autora de la literatura [&hellip;]\" \/>\n<meta property=\"og:url\" content=\"https:\/\/lospoliticosveracruz.com\/?p=157850\" \/>\n<meta property=\"og:site_name\" content=\"Los pol\u00edticos Veracruz\" \/>\n<meta property=\"article:publisher\" content=\"https:\/\/www.facebook.com\/people\/Notimemes-de-los-Polticos\/61565672886568\/\" \/>\n<meta property=\"article:published_time\" content=\"2025-12-04T20:31:01+00:00\" \/>\n<meta property=\"article:modified_time\" content=\"2025-12-04T20:31:12+00:00\" \/>\n<meta property=\"og:image\" content=\"https:\/\/lospoliticosveracruz.com\/wp-content\/uploads\/2025\/08\/Agustin-Torres-Delgado.jpg\" \/>\n\t<meta property=\"og:image:width\" content=\"1250\" \/>\n\t<meta property=\"og:image:height\" content=\"667\" \/>\n\t<meta property=\"og:image:type\" content=\"image\/jpeg\" \/>\n<meta name=\"author\" content=\"Lo viste en Los Pol\u00edticos\" \/>\n<meta name=\"twitter:card\" content=\"summary_large_image\" \/>\n<meta name=\"twitter:creator\" content=\"@LosPoliticosVer\" \/>\n<meta name=\"twitter:site\" content=\"@LosPoliticosVer\" \/>\n<meta name=\"twitter:label1\" content=\"Escrito por\" \/>\n\t<meta name=\"twitter:data1\" content=\"Lo viste en Los Pol\u00edticos\" \/>\n\t<meta name=\"twitter:label2\" content=\"Tiempo de lectura\" \/>\n\t<meta name=\"twitter:data2\" content=\"4 minutos\" \/>\n<script type=\"application\/ld+json\" class=\"yoast-schema-graph\">{\"@context\":\"https:\\\/\\\/schema.org\",\"@graph\":[{\"@type\":\"Article\",\"@id\":\"https:\\\/\\\/lospoliticosveracruz.com\\\/?p=157850#article\",\"isPartOf\":{\"@id\":\"https:\\\/\\\/lospoliticosveracruz.com\\\/?p=157850\"},\"author\":{\"name\":\"Lo viste en Los Pol\u00edticos\",\"@id\":\"https:\\\/\\\/lospoliticosveracruz.com\\\/#\\\/schema\\\/person\\\/b8702bb0e538456e6efd07080bf2a4a2\"},\"headline\":\"FIL 2025: PENSAMIENTO, LECTURA Y DEBATE\",\"datePublished\":\"2025-12-04T20:31:01+00:00\",\"dateModified\":\"2025-12-04T20:31:12+00:00\",\"mainEntityOfPage\":{\"@id\":\"https:\\\/\\\/lospoliticosveracruz.com\\\/?p=157850\"},\"wordCount\":793,\"publisher\":{\"@id\":\"https:\\\/\\\/lospoliticosveracruz.com\\\/#organization\"},\"image\":{\"@id\":\"https:\\\/\\\/lospoliticosveracruz.com\\\/?p=157850#primaryimage\"},\"thumbnailUrl\":\"https:\\\/\\\/lospoliticosveracruz.com\\\/wp-content\\\/uploads\\\/2025\\\/08\\\/Agustin-Torres-Delgado.jpg\",\"keywords\":[\"Agust\u00edn Torres Delgado\"],\"articleSection\":[\"De Opini\u00f3n\"],\"inLanguage\":\"es\"},{\"@type\":\"WebPage\",\"@id\":\"https:\\\/\\\/lospoliticosveracruz.com\\\/?p=157850\",\"url\":\"https:\\\/\\\/lospoliticosveracruz.com\\\/?p=157850\",\"name\":\"FIL 2025: PENSAMIENTO, LECTURA Y DEBATE - Los pol\u00edticos Veracruz\",\"isPartOf\":{\"@id\":\"https:\\\/\\\/lospoliticosveracruz.com\\\/#website\"},\"primaryImageOfPage\":{\"@id\":\"https:\\\/\\\/lospoliticosveracruz.com\\\/?p=157850#primaryimage\"},\"image\":{\"@id\":\"https:\\\/\\\/lospoliticosveracruz.com\\\/?p=157850#primaryimage\"},\"thumbnailUrl\":\"https:\\\/\\\/lospoliticosveracruz.com\\\/wp-content\\\/uploads\\\/2025\\\/08\\\/Agustin-Torres-Delgado.jpg\",\"datePublished\":\"2025-12-04T20:31:01+00:00\",\"dateModified\":\"2025-12-04T20:31:12+00:00\",\"breadcrumb\":{\"@id\":\"https:\\\/\\\/lospoliticosveracruz.com\\\/?p=157850#breadcrumb\"},\"inLanguage\":\"es\",\"potentialAction\":[{\"@type\":\"ReadAction\",\"target\":[\"https:\\\/\\\/lospoliticosveracruz.com\\\/?p=157850\"]}]},{\"@type\":\"ImageObject\",\"inLanguage\":\"es\",\"@id\":\"https:\\\/\\\/lospoliticosveracruz.com\\\/?p=157850#primaryimage\",\"url\":\"https:\\\/\\\/lospoliticosveracruz.com\\\/wp-content\\\/uploads\\\/2025\\\/08\\\/Agustin-Torres-Delgado.jpg\",\"contentUrl\":\"https:\\\/\\\/lospoliticosveracruz.com\\\/wp-content\\\/uploads\\\/2025\\\/08\\\/Agustin-Torres-Delgado.jpg\",\"width\":1250,\"height\":667},{\"@type\":\"BreadcrumbList\",\"@id\":\"https:\\\/\\\/lospoliticosveracruz.com\\\/?p=157850#breadcrumb\",\"itemListElement\":[{\"@type\":\"ListItem\",\"position\":1,\"name\":\"Portada\",\"item\":\"https:\\\/\\\/lospoliticosveracruz.com\\\/\"},{\"@type\":\"ListItem\",\"position\":2,\"name\":\"FIL 2025: PENSAMIENTO, LECTURA Y DEBATE\"}]},{\"@type\":\"WebSite\",\"@id\":\"https:\\\/\\\/lospoliticosveracruz.com\\\/#website\",\"url\":\"https:\\\/\\\/lospoliticosveracruz.com\\\/\",\"name\":\"Los pol\u00edticos Veracruz\",\"description\":\"\",\"publisher\":{\"@id\":\"https:\\\/\\\/lospoliticosveracruz.com\\\/#organization\"},\"potentialAction\":[{\"@type\":\"SearchAction\",\"target\":{\"@type\":\"EntryPoint\",\"urlTemplate\":\"https:\\\/\\\/lospoliticosveracruz.com\\\/?s={search_term_string}\"},\"query-input\":{\"@type\":\"PropertyValueSpecification\",\"valueRequired\":true,\"valueName\":\"search_term_string\"}}],\"inLanguage\":\"es\"},{\"@type\":\"Organization\",\"@id\":\"https:\\\/\\\/lospoliticosveracruz.com\\\/#organization\",\"name\":\"Los pol\u00edticos Veracruz\",\"url\":\"https:\\\/\\\/lospoliticosveracruz.com\\\/\",\"logo\":{\"@type\":\"ImageObject\",\"inLanguage\":\"es\",\"@id\":\"https:\\\/\\\/lospoliticosveracruz.com\\\/#\\\/schema\\\/logo\\\/image\\\/\",\"url\":\"https:\\\/\\\/lospoliticosveracruz.com\\\/wp-content\\\/uploads\\\/2025\\\/12\\\/Logo-Nuevo-LOS-POLITICOS-1.jpg\",\"contentUrl\":\"https:\\\/\\\/lospoliticosveracruz.com\\\/wp-content\\\/uploads\\\/2025\\\/12\\\/Logo-Nuevo-LOS-POLITICOS-1.jpg\",\"width\":260,\"height\":70,\"caption\":\"Los pol\u00edticos Veracruz\"},\"image\":{\"@id\":\"https:\\\/\\\/lospoliticosveracruz.com\\\/#\\\/schema\\\/logo\\\/image\\\/\"},\"sameAs\":[\"https:\\\/\\\/www.facebook.com\\\/people\\\/Notimemes-de-los-Polticos\\\/61565672886568\\\/\",\"https:\\\/\\\/x.com\\\/LosPoliticosVer\"]},{\"@type\":\"Person\",\"@id\":\"https:\\\/\\\/lospoliticosveracruz.com\\\/#\\\/schema\\\/person\\\/b8702bb0e538456e6efd07080bf2a4a2\",\"name\":\"Lo viste en Los Pol\u00edticos\",\"image\":{\"@type\":\"ImageObject\",\"inLanguage\":\"es\",\"@id\":\"https:\\\/\\\/secure.gravatar.com\\\/avatar\\\/3a8de04a2656d44082be478bd6c086daa447c4651605818287b9532d3d0bd435?s=96&d=mm&r=g\",\"url\":\"https:\\\/\\\/secure.gravatar.com\\\/avatar\\\/3a8de04a2656d44082be478bd6c086daa447c4651605818287b9532d3d0bd435?s=96&d=mm&r=g\",\"contentUrl\":\"https:\\\/\\\/secure.gravatar.com\\\/avatar\\\/3a8de04a2656d44082be478bd6c086daa447c4651605818287b9532d3d0bd435?s=96&d=mm&r=g\",\"caption\":\"Lo viste en Los Pol\u00edticos\"},\"url\":\"https:\\\/\\\/lospoliticosveracruz.com\\\/?author=2\"}]}<\/script>\n<!-- \/ Yoast SEO plugin. -->","yoast_head_json":{"title":"FIL 2025: PENSAMIENTO, LECTURA Y DEBATE - Los pol\u00edticos Veracruz","robots":{"index":"index","follow":"follow","max-snippet":"max-snippet:-1","max-image-preview":"max-image-preview:large","max-video-preview":"max-video-preview:-1"},"canonical":"https:\/\/lospoliticosveracruz.com\/?p=157850","og_locale":"es_ES","og_type":"article","og_title":"FIL 2025: PENSAMIENTO, LECTURA Y DEBATE - Los pol\u00edticos Veracruz","og_description":"Agust\u00edn Torres Delgado Pa\u2019 Vivir A Gusto La Feria Internacional del Libro de Guadalajara (FIL) 2025, tiene en su edici\u00f3n 39 a la ciudad de Barcelona como invitada de honor, su lema: Vendr\u00e1n las flores, Vindran les flors, en catal\u00e1n, esta frase es tomada del cuento Felicitat de Merc\u00e8 Rodoreda, gran autora de la literatura [&hellip;]","og_url":"https:\/\/lospoliticosveracruz.com\/?p=157850","og_site_name":"Los pol\u00edticos Veracruz","article_publisher":"https:\/\/www.facebook.com\/people\/Notimemes-de-los-Polticos\/61565672886568\/","article_published_time":"2025-12-04T20:31:01+00:00","article_modified_time":"2025-12-04T20:31:12+00:00","og_image":[{"width":1250,"height":667,"url":"https:\/\/lospoliticosveracruz.com\/wp-content\/uploads\/2025\/08\/Agustin-Torres-Delgado.jpg","type":"image\/jpeg"}],"author":"Lo viste en Los Pol\u00edticos","twitter_card":"summary_large_image","twitter_creator":"@LosPoliticosVer","twitter_site":"@LosPoliticosVer","twitter_misc":{"Escrito por":"Lo viste en Los Pol\u00edticos","Tiempo de lectura":"4 minutos"},"schema":{"@context":"https:\/\/schema.org","@graph":[{"@type":"Article","@id":"https:\/\/lospoliticosveracruz.com\/?p=157850#article","isPartOf":{"@id":"https:\/\/lospoliticosveracruz.com\/?p=157850"},"author":{"name":"Lo viste en Los Pol\u00edticos","@id":"https:\/\/lospoliticosveracruz.com\/#\/schema\/person\/b8702bb0e538456e6efd07080bf2a4a2"},"headline":"FIL 2025: PENSAMIENTO, LECTURA Y DEBATE","datePublished":"2025-12-04T20:31:01+00:00","dateModified":"2025-12-04T20:31:12+00:00","mainEntityOfPage":{"@id":"https:\/\/lospoliticosveracruz.com\/?p=157850"},"wordCount":793,"publisher":{"@id":"https:\/\/lospoliticosveracruz.com\/#organization"},"image":{"@id":"https:\/\/lospoliticosveracruz.com\/?p=157850#primaryimage"},"thumbnailUrl":"https:\/\/lospoliticosveracruz.com\/wp-content\/uploads\/2025\/08\/Agustin-Torres-Delgado.jpg","keywords":["Agust\u00edn Torres Delgado"],"articleSection":["De Opini\u00f3n"],"inLanguage":"es"},{"@type":"WebPage","@id":"https:\/\/lospoliticosveracruz.com\/?p=157850","url":"https:\/\/lospoliticosveracruz.com\/?p=157850","name":"FIL 2025: PENSAMIENTO, LECTURA Y DEBATE - Los pol\u00edticos Veracruz","isPartOf":{"@id":"https:\/\/lospoliticosveracruz.com\/#website"},"primaryImageOfPage":{"@id":"https:\/\/lospoliticosveracruz.com\/?p=157850#primaryimage"},"image":{"@id":"https:\/\/lospoliticosveracruz.com\/?p=157850#primaryimage"},"thumbnailUrl":"https:\/\/lospoliticosveracruz.com\/wp-content\/uploads\/2025\/08\/Agustin-Torres-Delgado.jpg","datePublished":"2025-12-04T20:31:01+00:00","dateModified":"2025-12-04T20:31:12+00:00","breadcrumb":{"@id":"https:\/\/lospoliticosveracruz.com\/?p=157850#breadcrumb"},"inLanguage":"es","potentialAction":[{"@type":"ReadAction","target":["https:\/\/lospoliticosveracruz.com\/?p=157850"]}]},{"@type":"ImageObject","inLanguage":"es","@id":"https:\/\/lospoliticosveracruz.com\/?p=157850#primaryimage","url":"https:\/\/lospoliticosveracruz.com\/wp-content\/uploads\/2025\/08\/Agustin-Torres-Delgado.jpg","contentUrl":"https:\/\/lospoliticosveracruz.com\/wp-content\/uploads\/2025\/08\/Agustin-Torres-Delgado.jpg","width":1250,"height":667},{"@type":"BreadcrumbList","@id":"https:\/\/lospoliticosveracruz.com\/?p=157850#breadcrumb","itemListElement":[{"@type":"ListItem","position":1,"name":"Portada","item":"https:\/\/lospoliticosveracruz.com\/"},{"@type":"ListItem","position":2,"name":"FIL 2025: PENSAMIENTO, LECTURA Y DEBATE"}]},{"@type":"WebSite","@id":"https:\/\/lospoliticosveracruz.com\/#website","url":"https:\/\/lospoliticosveracruz.com\/","name":"Los pol\u00edticos Veracruz","description":"","publisher":{"@id":"https:\/\/lospoliticosveracruz.com\/#organization"},"potentialAction":[{"@type":"SearchAction","target":{"@type":"EntryPoint","urlTemplate":"https:\/\/lospoliticosveracruz.com\/?s={search_term_string}"},"query-input":{"@type":"PropertyValueSpecification","valueRequired":true,"valueName":"search_term_string"}}],"inLanguage":"es"},{"@type":"Organization","@id":"https:\/\/lospoliticosveracruz.com\/#organization","name":"Los pol\u00edticos Veracruz","url":"https:\/\/lospoliticosveracruz.com\/","logo":{"@type":"ImageObject","inLanguage":"es","@id":"https:\/\/lospoliticosveracruz.com\/#\/schema\/logo\/image\/","url":"https:\/\/lospoliticosveracruz.com\/wp-content\/uploads\/2025\/12\/Logo-Nuevo-LOS-POLITICOS-1.jpg","contentUrl":"https:\/\/lospoliticosveracruz.com\/wp-content\/uploads\/2025\/12\/Logo-Nuevo-LOS-POLITICOS-1.jpg","width":260,"height":70,"caption":"Los pol\u00edticos Veracruz"},"image":{"@id":"https:\/\/lospoliticosveracruz.com\/#\/schema\/logo\/image\/"},"sameAs":["https:\/\/www.facebook.com\/people\/Notimemes-de-los-Polticos\/61565672886568\/","https:\/\/x.com\/LosPoliticosVer"]},{"@type":"Person","@id":"https:\/\/lospoliticosveracruz.com\/#\/schema\/person\/b8702bb0e538456e6efd07080bf2a4a2","name":"Lo viste en Los Pol\u00edticos","image":{"@type":"ImageObject","inLanguage":"es","@id":"https:\/\/secure.gravatar.com\/avatar\/3a8de04a2656d44082be478bd6c086daa447c4651605818287b9532d3d0bd435?s=96&d=mm&r=g","url":"https:\/\/secure.gravatar.com\/avatar\/3a8de04a2656d44082be478bd6c086daa447c4651605818287b9532d3d0bd435?s=96&d=mm&r=g","contentUrl":"https:\/\/secure.gravatar.com\/avatar\/3a8de04a2656d44082be478bd6c086daa447c4651605818287b9532d3d0bd435?s=96&d=mm&r=g","caption":"Lo viste en Los Pol\u00edticos"},"url":"https:\/\/lospoliticosveracruz.com\/?author=2"}]}},"_links":{"self":[{"href":"https:\/\/lospoliticosveracruz.com\/index.php?rest_route=\/wp\/v2\/posts\/157850","targetHints":{"allow":["GET"]}}],"collection":[{"href":"https:\/\/lospoliticosveracruz.com\/index.php?rest_route=\/wp\/v2\/posts"}],"about":[{"href":"https:\/\/lospoliticosveracruz.com\/index.php?rest_route=\/wp\/v2\/types\/post"}],"author":[{"embeddable":true,"href":"https:\/\/lospoliticosveracruz.com\/index.php?rest_route=\/wp\/v2\/users\/2"}],"replies":[{"embeddable":true,"href":"https:\/\/lospoliticosveracruz.com\/index.php?rest_route=%2Fwp%2Fv2%2Fcomments&post=157850"}],"version-history":[{"count":1,"href":"https:\/\/lospoliticosveracruz.com\/index.php?rest_route=\/wp\/v2\/posts\/157850\/revisions"}],"predecessor-version":[{"id":157851,"href":"https:\/\/lospoliticosveracruz.com\/index.php?rest_route=\/wp\/v2\/posts\/157850\/revisions\/157851"}],"wp:featuredmedia":[{"embeddable":true,"href":"https:\/\/lospoliticosveracruz.com\/index.php?rest_route=\/wp\/v2\/media\/151473"}],"wp:attachment":[{"href":"https:\/\/lospoliticosveracruz.com\/index.php?rest_route=%2Fwp%2Fv2%2Fmedia&parent=157850"}],"wp:term":[{"taxonomy":"category","embeddable":true,"href":"https:\/\/lospoliticosveracruz.com\/index.php?rest_route=%2Fwp%2Fv2%2Fcategories&post=157850"},{"taxonomy":"post_tag","embeddable":true,"href":"https:\/\/lospoliticosveracruz.com\/index.php?rest_route=%2Fwp%2Fv2%2Ftags&post=157850"}],"curies":[{"name":"wp","href":"https:\/\/api.w.org\/{rel}","templated":true}]}}