{"id":157869,"date":"2025-12-04T19:41:17","date_gmt":"2025-12-05T01:41:17","guid":{"rendered":"https:\/\/lospoliticosveracruz.com.mx\/?p=157869"},"modified":"2025-12-04T19:41:38","modified_gmt":"2025-12-05T01:41:38","slug":"copa-del-mundo-reune-a-figuras-y-lideres-y-no-para-hablar-de-futbol","status":"publish","type":"post","link":"https:\/\/lospoliticosveracruz.com\/?p=157869","title":{"rendered":"COPA DEL MUNDO RE\u00daNE A FIGURAS Y L\u00cdDERES, Y NO PARA HABLAR DE F\u00daTBOL"},"content":{"rendered":"\n<p><strong>Jos\u00e9 Luis Enr\u00edquez Ambell<\/strong><\/p>\n\n\n\n<p><em>Caf\u00e9 de Ma\u00f1ana<\/em><\/p>\n\n\n\n<p>En unas horas, este primer viernes y d\u00eda 5 de diciembre del 2025, millones de ojos estar\u00e1n puestos en el sorteo del Mundial 2026 que se llevar\u00e1 a cabo en Washington, Estados Unidos.<\/p>\n\n\n\n<p>La capital de USA a las 12:00 horas tiempo de ellos (17:00 GMT), la FIFA iniciar\u00e1 la ceremonia en el Centro Kennedy para conformar los 12 grupos de la pr\u00f3xima Copa del Mundo que se celebrar\u00e1 en EE.UU., M\u00e9xico y Canad\u00e1. Y as\u00ed, por primera ocasi\u00f3n ser\u00e1n tres pa\u00edses anfitriones, y sabremos su grupo y tambi\u00e9n su posici\u00f3n, que ya est\u00e1n predeterminados en tres grupos diferentes.<\/p>\n\n\n\n<p>Y es que las otras 39 selecciones, m\u00e1s las 6 que se clasifiquen en los partidos de repechaje del pr\u00f3ximo a\u00f1o, algunos se jugaran en M\u00e9xico, conocer\u00e1n en unas horas sus respectivos grupos aleatoriamente. Y as\u00ed ser\u00e1 como la Federaci\u00f3n Internacional de F\u00fatbol Asociaci\u00f3n (FIFA) ha configurado 4 bombos (o potes) de los cuales ser\u00e1n extra\u00eddas unas bolas con los nombres de cada selecci\u00f3n y pa\u00eds.<\/p>\n\n\n\n<p>Aunque la extracci\u00f3n de las bolas es al azar, la FIFA ha definido una mec\u00e1nica con ciertas reglas y restricciones que tienen el fin de hacer equitativo y atractivo este primer campeonato de 48 selecciones en una Copa.<\/p>\n\n\n\n<p>As\u00ed se desarrollar\u00e1 el sorteo del Mundial, que ser\u00e1 transmitido en vivo por la FIFA y cientos de cadenas que tengan los derechos del campeonato aprobados y pagados. Lo primero que ocurrir\u00e1 en la ceremonia encabezada por el presidente de la FIFA, Gianni Infantino, ser\u00e1 la colocaci\u00f3n ya predeterminada de los tres anfitriones.<\/p>\n\n\n\n<p>Ah\u00ed estar\u00e1n presentes los Presidentes de los tres pa\u00edses anfitriones; EE.UU., M\u00e9xico y Canad\u00e1.<\/p>\n\n\n\n<p>Y es que el sorteo y la Copa del Mundo de F\u00fatbol regularmente re\u00fanen a importantes figuras del poder pol\u00edtico y l\u00edderes mundiales, tanto en las ceremonias inaugurales y finales como en reuniones bilaterales informales que ocurren paralelamente al evento deportivo.<\/p>\n\n\n\n<p>La asistencia de estos l\u00edderes pol\u00edticos a los Mundiales es un fen\u00f3meno com\u00fan que se extiende desde presidentes, presidentas y primeros ministros, incluyendo a miembros de la realeza en algunos casos.<\/p>\n\n\n\n<p>Para esta ocasi\u00f3n se confirm\u00f3 la asistencia de figuras pol\u00edticas, como lo es nuestra Presidenta de M\u00e9xico, Dra. Claudia Sheinbaum, y se ha mencionado la posibilidad de un encuentro con el expresidente estadounidense Donald Trump durante el sorteo oficial del torneo en Washington D.C., y suponemos que adem\u00e1s de establecer di\u00e1logo en relaci\u00f3n a ser pa\u00edses anfitriones, tambi\u00e9n pueda aprovecharse la ocasi\u00f3n para hablar de temas no solo vinculados a la preparaci\u00f3n de la Copa del Mundo.<\/p>\n\n\n\n<p>DE SOBREMESA<\/p>\n\n\n\n<p>Y es que m\u00e1s all\u00e1 del T-MEC y las presiones de USA relativas a mantener y extender el Tratado M\u00e9xico-Estados Unidos-Canad\u00e1, en medio de las aportaciones del sector privado as\u00ed como la academia y dependencias p\u00fablicas, los temas migratorios y de seguridad, adem\u00e1s de econom\u00eda, han llevado a d\u00edas de alta tensi\u00f3n entre el vecino del norte y autoridades de nuestro pa\u00eds, previo y durante la Copa del Mundo de F\u00fatbol 2026.<\/p>\n\n\n\n<p>Y presumo que en unas horas m\u00e1s, m\u00e1s que de f\u00fatbol, la Presidenta Sheinbaum y Donald Trump aprovechar\u00edan para abordar asuntos de inter\u00e9s fuera del terreno de pantalones cortos y un bal\u00f3n, pues hay se\u00f1ales que nos llevan a sospechar que entre Estados Unidos y M\u00e9xico se centrar\u00e1n en la agenda de migraci\u00f3n y de seguridad fronteriza, sin descontar disputas comerciales derivadas de la implementaci\u00f3n de aranceles.<\/p>\n\n\n\n<p>UN CAF\u00c9 LECHERO LIGHT<\/p>\n\n\n\n<p>Debemos celebrar que nuestra Presidenta de la Rep\u00fablica utilice aeronaves de la Fuerza A\u00e9rea Mexicana (FAM) para el transporte en viajes al interior y exterior, como ahora a los Estados Unidos, pues se trata de un asunto de seguridad nacional, soberan\u00eda y eficiencia operativa para ella y la poblaci\u00f3n nuestra.<\/p>\n\n\n\n<p>La Seguridad Nacional y protecci\u00f3n de todas nuestras Fuerzas Armadas fortalecen a la soberan\u00eda e imagen del Estado Mexicano en el \u00e1mbito nacional e internacional.<\/p>\n\n\n\n<p>Y es que el centro de mando m\u00f3vil que mueve a la Presidenta Claudia Sheinbaum, a trav\u00e9s de la flexibilidad y log\u00edstica de tiempos, itinerarios y necesidades, garantiza la agenda presidencial en sus horarios, rutas y disponibilidad con la mayor eficiencia que la diplomacia oficial demanda en sus misiones como mujer de Estado.<\/p>\n\n\n\n<p>En s\u00edntesis, la utilizaci\u00f3n de las aeronaves de la FAM para viajes presidenciales, si bien puede generar debate sobre costos o la austeridad, responde fundamentalmente a est\u00e1ndares internacionales de seguridad y eficiencia requeridos para un jefe de Estado as\u00ed como, debe ser y merece la Presidenta Sheinbaum y todo M\u00e9xico.<\/p>\n\n\n\n<p>\u00a1ES CUANTO!<\/p>\n\n\n\n<p>enriquezambell@gmail.com<\/p>\n\n\n\n<p>enamjl62@gmail.com<\/p>\n\n\n\n<p><\/p>\n","protected":false},"excerpt":{"rendered":"<p>Jos\u00e9 Luis Enr\u00edquez Ambell Caf\u00e9 de Ma\u00f1ana En unas horas, este primer viernes y d\u00eda 5 de diciembre del 2025, millones de ojos estar\u00e1n puestos en el sorteo del Mundial 2026 que se llevar\u00e1 a cabo en Washington, Estados Unidos. La capital de USA a las 12:00 horas tiempo de ellos (17:00 GMT), la FIFA [&hellip;]<\/p>\n","protected":false},"author":2,"featured_media":141435,"comment_status":"closed","ping_status":"closed","sticky":false,"template":"","format":"standard","meta":{"tdm_status":"","tdm_grid_status":"","footnotes":""},"categories":[70],"tags":[],"class_list":{"0":"post-157869","1":"post","2":"type-post","3":"status-publish","4":"format-standard","5":"has-post-thumbnail","7":"category-de-opinion"},"yoast_head":"<!-- This site is optimized with the Yoast SEO plugin v27.4 - https:\/\/yoast.com\/product\/yoast-seo-wordpress\/ -->\n<title>COPA DEL MUNDO RE\u00daNE A FIGURAS Y L\u00cdDERES, Y NO PARA HABLAR DE F\u00daTBOL - Los pol\u00edticos Veracruz<\/title>\n<meta name=\"robots\" content=\"index, follow, max-snippet:-1, max-image-preview:large, max-video-preview:-1\" \/>\n<link rel=\"canonical\" href=\"https:\/\/lospoliticosveracruz.com\/?p=157869\" \/>\n<meta property=\"og:locale\" content=\"es_ES\" \/>\n<meta property=\"og:type\" content=\"article\" \/>\n<meta property=\"og:title\" content=\"COPA DEL MUNDO RE\u00daNE A FIGURAS Y L\u00cdDERES, Y NO PARA HABLAR DE F\u00daTBOL - Los pol\u00edticos Veracruz\" \/>\n<meta property=\"og:description\" content=\"Jos\u00e9 Luis Enr\u00edquez Ambell Caf\u00e9 de Ma\u00f1ana En unas horas, este primer viernes y d\u00eda 5 de diciembre del 2025, millones de ojos estar\u00e1n puestos en el sorteo del Mundial 2026 que se llevar\u00e1 a cabo en Washington, Estados Unidos. La capital de USA a las 12:00 horas tiempo de ellos (17:00 GMT), la FIFA [&hellip;]\" \/>\n<meta property=\"og:url\" content=\"https:\/\/lospoliticosveracruz.com\/?p=157869\" \/>\n<meta property=\"og:site_name\" content=\"Los pol\u00edticos Veracruz\" \/>\n<meta property=\"article:publisher\" content=\"https:\/\/www.facebook.com\/people\/Notimemes-de-los-Polticos\/61565672886568\/\" \/>\n<meta property=\"article:published_time\" content=\"2025-12-05T01:41:17+00:00\" \/>\n<meta property=\"article:modified_time\" content=\"2025-12-05T01:41:38+00:00\" \/>\n<meta property=\"og:image\" content=\"https:\/\/lospoliticosveracruz.com\/wp-content\/uploads\/2025\/04\/Ambell.jpg\" \/>\n\t<meta property=\"og:image:width\" content=\"1250\" \/>\n\t<meta property=\"og:image:height\" content=\"667\" \/>\n\t<meta property=\"og:image:type\" content=\"image\/jpeg\" \/>\n<meta name=\"author\" content=\"Lo viste en Los Pol\u00edticos\" \/>\n<meta name=\"twitter:card\" content=\"summary_large_image\" \/>\n<meta name=\"twitter:creator\" content=\"@LosPoliticosVer\" \/>\n<meta name=\"twitter:site\" content=\"@LosPoliticosVer\" \/>\n<meta name=\"twitter:label1\" content=\"Escrito por\" \/>\n\t<meta name=\"twitter:data1\" content=\"Lo viste en Los Pol\u00edticos\" \/>\n\t<meta name=\"twitter:label2\" content=\"Tiempo de lectura\" \/>\n\t<meta name=\"twitter:data2\" content=\"4 minutos\" \/>\n<script type=\"application\/ld+json\" class=\"yoast-schema-graph\">{\"@context\":\"https:\\\/\\\/schema.org\",\"@graph\":[{\"@type\":\"Article\",\"@id\":\"https:\\\/\\\/lospoliticosveracruz.com\\\/?p=157869#article\",\"isPartOf\":{\"@id\":\"https:\\\/\\\/lospoliticosveracruz.com\\\/?p=157869\"},\"author\":{\"name\":\"Lo viste en Los Pol\u00edticos\",\"@id\":\"https:\\\/\\\/lospoliticosveracruz.com\\\/#\\\/schema\\\/person\\\/b8702bb0e538456e6efd07080bf2a4a2\"},\"headline\":\"COPA DEL MUNDO RE\u00daNE A FIGURAS Y L\u00cdDERES, Y NO PARA HABLAR DE F\u00daTBOL\",\"datePublished\":\"2025-12-05T01:41:17+00:00\",\"dateModified\":\"2025-12-05T01:41:38+00:00\",\"mainEntityOfPage\":{\"@id\":\"https:\\\/\\\/lospoliticosveracruz.com\\\/?p=157869\"},\"wordCount\":847,\"publisher\":{\"@id\":\"https:\\\/\\\/lospoliticosveracruz.com\\\/#organization\"},\"image\":{\"@id\":\"https:\\\/\\\/lospoliticosveracruz.com\\\/?p=157869#primaryimage\"},\"thumbnailUrl\":\"https:\\\/\\\/lospoliticosveracruz.com\\\/wp-content\\\/uploads\\\/2025\\\/04\\\/Ambell.jpg\",\"articleSection\":[\"De Opini\u00f3n\"],\"inLanguage\":\"es\"},{\"@type\":\"WebPage\",\"@id\":\"https:\\\/\\\/lospoliticosveracruz.com\\\/?p=157869\",\"url\":\"https:\\\/\\\/lospoliticosveracruz.com\\\/?p=157869\",\"name\":\"COPA DEL MUNDO RE\u00daNE A FIGURAS Y L\u00cdDERES, Y NO PARA HABLAR DE F\u00daTBOL - Los pol\u00edticos Veracruz\",\"isPartOf\":{\"@id\":\"https:\\\/\\\/lospoliticosveracruz.com\\\/#website\"},\"primaryImageOfPage\":{\"@id\":\"https:\\\/\\\/lospoliticosveracruz.com\\\/?p=157869#primaryimage\"},\"image\":{\"@id\":\"https:\\\/\\\/lospoliticosveracruz.com\\\/?p=157869#primaryimage\"},\"thumbnailUrl\":\"https:\\\/\\\/lospoliticosveracruz.com\\\/wp-content\\\/uploads\\\/2025\\\/04\\\/Ambell.jpg\",\"datePublished\":\"2025-12-05T01:41:17+00:00\",\"dateModified\":\"2025-12-05T01:41:38+00:00\",\"breadcrumb\":{\"@id\":\"https:\\\/\\\/lospoliticosveracruz.com\\\/?p=157869#breadcrumb\"},\"inLanguage\":\"es\",\"potentialAction\":[{\"@type\":\"ReadAction\",\"target\":[\"https:\\\/\\\/lospoliticosveracruz.com\\\/?p=157869\"]}]},{\"@type\":\"ImageObject\",\"inLanguage\":\"es\",\"@id\":\"https:\\\/\\\/lospoliticosveracruz.com\\\/?p=157869#primaryimage\",\"url\":\"https:\\\/\\\/lospoliticosveracruz.com\\\/wp-content\\\/uploads\\\/2025\\\/04\\\/Ambell.jpg\",\"contentUrl\":\"https:\\\/\\\/lospoliticosveracruz.com\\\/wp-content\\\/uploads\\\/2025\\\/04\\\/Ambell.jpg\",\"width\":1250,\"height\":667},{\"@type\":\"BreadcrumbList\",\"@id\":\"https:\\\/\\\/lospoliticosveracruz.com\\\/?p=157869#breadcrumb\",\"itemListElement\":[{\"@type\":\"ListItem\",\"position\":1,\"name\":\"Portada\",\"item\":\"https:\\\/\\\/lospoliticosveracruz.com\\\/\"},{\"@type\":\"ListItem\",\"position\":2,\"name\":\"COPA DEL MUNDO RE\u00daNE A FIGURAS Y L\u00cdDERES, Y NO PARA HABLAR DE F\u00daTBOL\"}]},{\"@type\":\"WebSite\",\"@id\":\"https:\\\/\\\/lospoliticosveracruz.com\\\/#website\",\"url\":\"https:\\\/\\\/lospoliticosveracruz.com\\\/\",\"name\":\"Los pol\u00edticos Veracruz\",\"description\":\"\",\"publisher\":{\"@id\":\"https:\\\/\\\/lospoliticosveracruz.com\\\/#organization\"},\"potentialAction\":[{\"@type\":\"SearchAction\",\"target\":{\"@type\":\"EntryPoint\",\"urlTemplate\":\"https:\\\/\\\/lospoliticosveracruz.com\\\/?s={search_term_string}\"},\"query-input\":{\"@type\":\"PropertyValueSpecification\",\"valueRequired\":true,\"valueName\":\"search_term_string\"}}],\"inLanguage\":\"es\"},{\"@type\":\"Organization\",\"@id\":\"https:\\\/\\\/lospoliticosveracruz.com\\\/#organization\",\"name\":\"Los pol\u00edticos Veracruz\",\"url\":\"https:\\\/\\\/lospoliticosveracruz.com\\\/\",\"logo\":{\"@type\":\"ImageObject\",\"inLanguage\":\"es\",\"@id\":\"https:\\\/\\\/lospoliticosveracruz.com\\\/#\\\/schema\\\/logo\\\/image\\\/\",\"url\":\"https:\\\/\\\/lospoliticosveracruz.com\\\/wp-content\\\/uploads\\\/2025\\\/12\\\/Logo-Nuevo-LOS-POLITICOS-1.jpg\",\"contentUrl\":\"https:\\\/\\\/lospoliticosveracruz.com\\\/wp-content\\\/uploads\\\/2025\\\/12\\\/Logo-Nuevo-LOS-POLITICOS-1.jpg\",\"width\":260,\"height\":70,\"caption\":\"Los pol\u00edticos Veracruz\"},\"image\":{\"@id\":\"https:\\\/\\\/lospoliticosveracruz.com\\\/#\\\/schema\\\/logo\\\/image\\\/\"},\"sameAs\":[\"https:\\\/\\\/www.facebook.com\\\/people\\\/Notimemes-de-los-Polticos\\\/61565672886568\\\/\",\"https:\\\/\\\/x.com\\\/LosPoliticosVer\"]},{\"@type\":\"Person\",\"@id\":\"https:\\\/\\\/lospoliticosveracruz.com\\\/#\\\/schema\\\/person\\\/b8702bb0e538456e6efd07080bf2a4a2\",\"name\":\"Lo viste en Los Pol\u00edticos\",\"image\":{\"@type\":\"ImageObject\",\"inLanguage\":\"es\",\"@id\":\"https:\\\/\\\/secure.gravatar.com\\\/avatar\\\/3a8de04a2656d44082be478bd6c086daa447c4651605818287b9532d3d0bd435?s=96&d=mm&r=g\",\"url\":\"https:\\\/\\\/secure.gravatar.com\\\/avatar\\\/3a8de04a2656d44082be478bd6c086daa447c4651605818287b9532d3d0bd435?s=96&d=mm&r=g\",\"contentUrl\":\"https:\\\/\\\/secure.gravatar.com\\\/avatar\\\/3a8de04a2656d44082be478bd6c086daa447c4651605818287b9532d3d0bd435?s=96&d=mm&r=g\",\"caption\":\"Lo viste en Los Pol\u00edticos\"},\"url\":\"https:\\\/\\\/lospoliticosveracruz.com\\\/?author=2\"}]}<\/script>\n<!-- \/ Yoast SEO plugin. -->","yoast_head_json":{"title":"COPA DEL MUNDO RE\u00daNE A FIGURAS Y L\u00cdDERES, Y NO PARA HABLAR DE F\u00daTBOL - Los pol\u00edticos Veracruz","robots":{"index":"index","follow":"follow","max-snippet":"max-snippet:-1","max-image-preview":"max-image-preview:large","max-video-preview":"max-video-preview:-1"},"canonical":"https:\/\/lospoliticosveracruz.com\/?p=157869","og_locale":"es_ES","og_type":"article","og_title":"COPA DEL MUNDO RE\u00daNE A FIGURAS Y L\u00cdDERES, Y NO PARA HABLAR DE F\u00daTBOL - Los pol\u00edticos Veracruz","og_description":"Jos\u00e9 Luis Enr\u00edquez Ambell Caf\u00e9 de Ma\u00f1ana En unas horas, este primer viernes y d\u00eda 5 de diciembre del 2025, millones de ojos estar\u00e1n puestos en el sorteo del Mundial 2026 que se llevar\u00e1 a cabo en Washington, Estados Unidos. La capital de USA a las 12:00 horas tiempo de ellos (17:00 GMT), la FIFA [&hellip;]","og_url":"https:\/\/lospoliticosveracruz.com\/?p=157869","og_site_name":"Los pol\u00edticos Veracruz","article_publisher":"https:\/\/www.facebook.com\/people\/Notimemes-de-los-Polticos\/61565672886568\/","article_published_time":"2025-12-05T01:41:17+00:00","article_modified_time":"2025-12-05T01:41:38+00:00","og_image":[{"width":1250,"height":667,"url":"https:\/\/lospoliticosveracruz.com\/wp-content\/uploads\/2025\/04\/Ambell.jpg","type":"image\/jpeg"}],"author":"Lo viste en Los Pol\u00edticos","twitter_card":"summary_large_image","twitter_creator":"@LosPoliticosVer","twitter_site":"@LosPoliticosVer","twitter_misc":{"Escrito por":"Lo viste en Los Pol\u00edticos","Tiempo de lectura":"4 minutos"},"schema":{"@context":"https:\/\/schema.org","@graph":[{"@type":"Article","@id":"https:\/\/lospoliticosveracruz.com\/?p=157869#article","isPartOf":{"@id":"https:\/\/lospoliticosveracruz.com\/?p=157869"},"author":{"name":"Lo viste en Los Pol\u00edticos","@id":"https:\/\/lospoliticosveracruz.com\/#\/schema\/person\/b8702bb0e538456e6efd07080bf2a4a2"},"headline":"COPA DEL MUNDO RE\u00daNE A FIGURAS Y L\u00cdDERES, Y NO PARA HABLAR DE F\u00daTBOL","datePublished":"2025-12-05T01:41:17+00:00","dateModified":"2025-12-05T01:41:38+00:00","mainEntityOfPage":{"@id":"https:\/\/lospoliticosveracruz.com\/?p=157869"},"wordCount":847,"publisher":{"@id":"https:\/\/lospoliticosveracruz.com\/#organization"},"image":{"@id":"https:\/\/lospoliticosveracruz.com\/?p=157869#primaryimage"},"thumbnailUrl":"https:\/\/lospoliticosveracruz.com\/wp-content\/uploads\/2025\/04\/Ambell.jpg","articleSection":["De Opini\u00f3n"],"inLanguage":"es"},{"@type":"WebPage","@id":"https:\/\/lospoliticosveracruz.com\/?p=157869","url":"https:\/\/lospoliticosveracruz.com\/?p=157869","name":"COPA DEL MUNDO RE\u00daNE A FIGURAS Y L\u00cdDERES, Y NO PARA HABLAR DE F\u00daTBOL - Los pol\u00edticos Veracruz","isPartOf":{"@id":"https:\/\/lospoliticosveracruz.com\/#website"},"primaryImageOfPage":{"@id":"https:\/\/lospoliticosveracruz.com\/?p=157869#primaryimage"},"image":{"@id":"https:\/\/lospoliticosveracruz.com\/?p=157869#primaryimage"},"thumbnailUrl":"https:\/\/lospoliticosveracruz.com\/wp-content\/uploads\/2025\/04\/Ambell.jpg","datePublished":"2025-12-05T01:41:17+00:00","dateModified":"2025-12-05T01:41:38+00:00","breadcrumb":{"@id":"https:\/\/lospoliticosveracruz.com\/?p=157869#breadcrumb"},"inLanguage":"es","potentialAction":[{"@type":"ReadAction","target":["https:\/\/lospoliticosveracruz.com\/?p=157869"]}]},{"@type":"ImageObject","inLanguage":"es","@id":"https:\/\/lospoliticosveracruz.com\/?p=157869#primaryimage","url":"https:\/\/lospoliticosveracruz.com\/wp-content\/uploads\/2025\/04\/Ambell.jpg","contentUrl":"https:\/\/lospoliticosveracruz.com\/wp-content\/uploads\/2025\/04\/Ambell.jpg","width":1250,"height":667},{"@type":"BreadcrumbList","@id":"https:\/\/lospoliticosveracruz.com\/?p=157869#breadcrumb","itemListElement":[{"@type":"ListItem","position":1,"name":"Portada","item":"https:\/\/lospoliticosveracruz.com\/"},{"@type":"ListItem","position":2,"name":"COPA DEL MUNDO RE\u00daNE A FIGURAS Y L\u00cdDERES, Y NO PARA HABLAR DE F\u00daTBOL"}]},{"@type":"WebSite","@id":"https:\/\/lospoliticosveracruz.com\/#website","url":"https:\/\/lospoliticosveracruz.com\/","name":"Los pol\u00edticos Veracruz","description":"","publisher":{"@id":"https:\/\/lospoliticosveracruz.com\/#organization"},"potentialAction":[{"@type":"SearchAction","target":{"@type":"EntryPoint","urlTemplate":"https:\/\/lospoliticosveracruz.com\/?s={search_term_string}"},"query-input":{"@type":"PropertyValueSpecification","valueRequired":true,"valueName":"search_term_string"}}],"inLanguage":"es"},{"@type":"Organization","@id":"https:\/\/lospoliticosveracruz.com\/#organization","name":"Los pol\u00edticos Veracruz","url":"https:\/\/lospoliticosveracruz.com\/","logo":{"@type":"ImageObject","inLanguage":"es","@id":"https:\/\/lospoliticosveracruz.com\/#\/schema\/logo\/image\/","url":"https:\/\/lospoliticosveracruz.com\/wp-content\/uploads\/2025\/12\/Logo-Nuevo-LOS-POLITICOS-1.jpg","contentUrl":"https:\/\/lospoliticosveracruz.com\/wp-content\/uploads\/2025\/12\/Logo-Nuevo-LOS-POLITICOS-1.jpg","width":260,"height":70,"caption":"Los pol\u00edticos Veracruz"},"image":{"@id":"https:\/\/lospoliticosveracruz.com\/#\/schema\/logo\/image\/"},"sameAs":["https:\/\/www.facebook.com\/people\/Notimemes-de-los-Polticos\/61565672886568\/","https:\/\/x.com\/LosPoliticosVer"]},{"@type":"Person","@id":"https:\/\/lospoliticosveracruz.com\/#\/schema\/person\/b8702bb0e538456e6efd07080bf2a4a2","name":"Lo viste en Los Pol\u00edticos","image":{"@type":"ImageObject","inLanguage":"es","@id":"https:\/\/secure.gravatar.com\/avatar\/3a8de04a2656d44082be478bd6c086daa447c4651605818287b9532d3d0bd435?s=96&d=mm&r=g","url":"https:\/\/secure.gravatar.com\/avatar\/3a8de04a2656d44082be478bd6c086daa447c4651605818287b9532d3d0bd435?s=96&d=mm&r=g","contentUrl":"https:\/\/secure.gravatar.com\/avatar\/3a8de04a2656d44082be478bd6c086daa447c4651605818287b9532d3d0bd435?s=96&d=mm&r=g","caption":"Lo viste en Los Pol\u00edticos"},"url":"https:\/\/lospoliticosveracruz.com\/?author=2"}]}},"_links":{"self":[{"href":"https:\/\/lospoliticosveracruz.com\/index.php?rest_route=\/wp\/v2\/posts\/157869","targetHints":{"allow":["GET"]}}],"collection":[{"href":"https:\/\/lospoliticosveracruz.com\/index.php?rest_route=\/wp\/v2\/posts"}],"about":[{"href":"https:\/\/lospoliticosveracruz.com\/index.php?rest_route=\/wp\/v2\/types\/post"}],"author":[{"embeddable":true,"href":"https:\/\/lospoliticosveracruz.com\/index.php?rest_route=\/wp\/v2\/users\/2"}],"replies":[{"embeddable":true,"href":"https:\/\/lospoliticosveracruz.com\/index.php?rest_route=%2Fwp%2Fv2%2Fcomments&post=157869"}],"version-history":[{"count":1,"href":"https:\/\/lospoliticosveracruz.com\/index.php?rest_route=\/wp\/v2\/posts\/157869\/revisions"}],"predecessor-version":[{"id":157870,"href":"https:\/\/lospoliticosveracruz.com\/index.php?rest_route=\/wp\/v2\/posts\/157869\/revisions\/157870"}],"wp:featuredmedia":[{"embeddable":true,"href":"https:\/\/lospoliticosveracruz.com\/index.php?rest_route=\/wp\/v2\/media\/141435"}],"wp:attachment":[{"href":"https:\/\/lospoliticosveracruz.com\/index.php?rest_route=%2Fwp%2Fv2%2Fmedia&parent=157869"}],"wp:term":[{"taxonomy":"category","embeddable":true,"href":"https:\/\/lospoliticosveracruz.com\/index.php?rest_route=%2Fwp%2Fv2%2Fcategories&post=157869"},{"taxonomy":"post_tag","embeddable":true,"href":"https:\/\/lospoliticosveracruz.com\/index.php?rest_route=%2Fwp%2Fv2%2Ftags&post=157869"}],"curies":[{"name":"wp","href":"https:\/\/api.w.org\/{rel}","templated":true}]}}