{"id":157879,"date":"2025-12-04T20:38:16","date_gmt":"2025-12-05T02:38:16","guid":{"rendered":"https:\/\/lospoliticosveracruz.com.mx\/?p=157879"},"modified":"2025-12-04T20:38:36","modified_gmt":"2025-12-05T02:38:36","slug":"nueva-ley-de-aguas","status":"publish","type":"post","link":"https:\/\/lospoliticosveracruz.com\/?p=157879","title":{"rendered":"NUEVA LEY DE AGUAS"},"content":{"rendered":"\n<p><strong>Carlos Miguel Acosta Bravo*<\/strong><\/p>\n\n\n\n<p>Impronta<\/p>\n\n\n\n<p>La nueva Ley General de Aguas, aprobada en lo general y particular por la C\u00e1mara de Diputados el 3-4 de diciembre de 2025 con 324-328 votos de Morena y aliados, crea un marco para regular el agua como derecho humano, elimina transmisiones de concesiones entre particulares (sustituidas por \u00abreasignaciones\u00bb controladas por CONAGUA), proh\u00edbe herencias autom\u00e1ticas de t\u00edtulos (requiriendo acreditaci\u00f3n sucesoria para nuevo t\u00edtulo con mismo volumen, uso y plazo), caduca concesiones no usadas y obliga a devolverlas a CONAGUA para redistribuci\u00f3n, adem\u00e1s de regular vol\u00famenes, crear un Registro Nacional del Agua y priorizar usos humanos y productivos.\u200b<\/p>\n\n\n\n\n\n<p>Para este tema vale la pena asomarse al periodista Sergio Sarmiento, quien&nbsp;&nbsp;con base en informaci\u00f3n de la Semarnat (Reforma 4-12-2025) apunta que el consumo humano a expensas del uso industrial. El propio gobierno ha difundido la mentira de que las refresqueras utilizan gran parte del agua del pa\u00eds, pero en realidad solo consumen 0.06 por ciento. Un 76.3% se utiliza en la agricultura; el abastecimiento p\u00fablico representan el 14.4% y la industria autoabastecida solo un 4.3 %. A esto hay que a\u00f1adir un 4.2% para la generaci\u00f3n.<\/p>\n\n\n\n<p>Con base en estos datos es que la ley genera incertidumbre al centralizar el control de concesiones en CONAGUA, afectando a agricultores y productores de granos (ma\u00edz, trigo) en regiones como Sinaloa y Guanajuato, donde m\u00f3dulos de riego podr\u00edan desaparecer sin derechos transferibles, reduciendo superficies sembradas y productividad. Ejidatarios y m\u00e1s de 30 mil productores con pozos enfrentan riesgos de amparos masivos por violaciones constitucionales, limitando inversi\u00f3n en riego y modernizaci\u00f3n.\u200b<\/p>\n\n\n\n<p>Podr\u00eda disminuir cosechas al restringir acceso a agua heredada o transferida, forzando ventas de tierra sin garant\u00eda de reasignaci\u00f3n r\u00e1pida y exponiendo a peque\u00f1os productores a caducidad por no uso estricto, lo que amenaza la seguridad alimentaria nacional en granos b\u00e1sicos. Aunque promete regularizaciones sin retroactividad, la oposici\u00f3n y CNA advierten menor producci\u00f3n de alimentos y mayor vulnerabilidad para familias campesinas dependientes de pozos familiares.<\/p>\n\n\n\n<p>La nueva Ley de Aguas, aprobada en diciembre de 2025, afectar\u00eda negativamente la disponibilidad de agua para la siembra de ma\u00edz y trigo en el ciclo agr\u00edcola 2025-2026 (oto\u00f1o-invierno, iniciando noviembre-diciembre) al centralizar concesiones en CONAGUA, prohibir transferencias\/herencias autom\u00e1ticas y caducar t\u00edtulos no usados, generando incertidumbre jur\u00eddica en regiones clave como Sinaloa, Sonora y Guanajuato.\u200b<\/p>\n\n\n\n<p>Sinaloa, principal productor de ma\u00edz (1.8 millones de toneladas proyectadas para 2025), enfrentar\u00eda restricciones en pozos de libre alumbramiento (unos 7 mil) y m\u00f3dulos de riego, reduciendo hect\u00e1reas sembradas hasta en 30 mil en Sonora y limitando riego por reasignaciones lentas, lo que podr\u00eda bajar producci\u00f3n 10-20% por falta de agua garantizada.\u200b<\/p>\n\n\n\n<p>El trigo sufrir\u00eda m\u00e1s dr\u00e1sticamente: Sonora y Baja California suspender\u00edan 200 mil hect\u00e1reas en Sonora y 40 mil en BC, con Valles del Yaqui-Mayo declarando \u00abimposible\u00bb sembrar para 2025-2026 por primera vez en un siglo, debido a demanda alta de agua y transici\u00f3n forzada a cultivos alternos bajo control estatal.\u200b<\/p>\n\n\n\n<p>La sequ\u00eda preexistente agravar\u00eda ca\u00eddas (trigo -41% nacional en 2025), elevando importaciones de grano estadounidense que est\u00e1n desmotivando la producci\u00f3n nacional (ma\u00edz a 25 millones de toneladas, trigo a 6.7 millones) y amenazando la seguridad alimentaria, con peque\u00f1os productores vulnerables a burocracia y delitos h\u00eddricos nuevos que parecen querer a la c\u00e1rcel a campesinos mexicanos, esperemos que al llegar a la C\u00e1mara de Senadores se escuch\u00e9 a productores agr\u00edcolas y logren encontrarse los puntos de equilibrio que permitan la producci\u00f3n, brinden certeza y certidumbre a productores agr\u00edcolas.<\/p>\n\n\n\n<p>Comente u opine a:<\/p>\n\n\n\n<p>cacostabravo@yahoo.com.mx<\/p>\n\n\n\n<p>*Maestro en comunicaci\u00f3n por la Universidad Iberoamericana, de la cual form\u00f3 parte del cuerpo acad\u00e9mico de la Licenciatura en comunicaci\u00f3n, as\u00ed como de la Universidad An\u00e1huac, camp\u00fas norte de CDMX.<\/p>\n","protected":false},"excerpt":{"rendered":"<p>Carlos Miguel Acosta Bravo* Impronta La nueva Ley General de Aguas, aprobada en lo general y particular por la C\u00e1mara de Diputados el 3-4 de diciembre de 2025 con 324-328 votos de Morena y aliados, crea un marco para regular el agua como derecho humano, elimina transmisiones de concesiones entre particulares (sustituidas por \u00abreasignaciones\u00bb controladas [&hellip;]<\/p>\n","protected":false},"author":2,"featured_media":141377,"comment_status":"closed","ping_status":"closed","sticky":false,"template":"","format":"standard","meta":{"tdm_status":"","tdm_grid_status":"","footnotes":""},"categories":[70],"tags":[],"class_list":{"0":"post-157879","1":"post","2":"type-post","3":"status-publish","4":"format-standard","5":"has-post-thumbnail","7":"category-de-opinion"},"yoast_head":"<!-- This site is optimized with the Yoast SEO plugin v27.4 - https:\/\/yoast.com\/product\/yoast-seo-wordpress\/ -->\n<title>NUEVA LEY DE AGUAS - Los pol\u00edticos Veracruz<\/title>\n<meta name=\"robots\" content=\"index, follow, max-snippet:-1, max-image-preview:large, max-video-preview:-1\" \/>\n<link rel=\"canonical\" href=\"https:\/\/lospoliticosveracruz.com\/?p=157879\" \/>\n<meta property=\"og:locale\" content=\"es_ES\" \/>\n<meta property=\"og:type\" content=\"article\" \/>\n<meta property=\"og:title\" content=\"NUEVA LEY DE AGUAS - Los pol\u00edticos Veracruz\" \/>\n<meta property=\"og:description\" content=\"Carlos Miguel Acosta Bravo* Impronta La nueva Ley General de Aguas, aprobada en lo general y particular por la C\u00e1mara de Diputados el 3-4 de diciembre de 2025 con 324-328 votos de Morena y aliados, crea un marco para regular el agua como derecho humano, elimina transmisiones de concesiones entre particulares (sustituidas por \u00abreasignaciones\u00bb controladas [&hellip;]\" \/>\n<meta property=\"og:url\" content=\"https:\/\/lospoliticosveracruz.com\/?p=157879\" \/>\n<meta property=\"og:site_name\" content=\"Los pol\u00edticos Veracruz\" \/>\n<meta property=\"article:publisher\" content=\"https:\/\/www.facebook.com\/people\/Notimemes-de-los-Polticos\/61565672886568\/\" \/>\n<meta property=\"article:published_time\" content=\"2025-12-05T02:38:16+00:00\" \/>\n<meta property=\"article:modified_time\" content=\"2025-12-05T02:38:36+00:00\" \/>\n<meta property=\"og:image\" content=\"https:\/\/lospoliticosveracruz.com\/wp-content\/uploads\/2025\/04\/Carlos-Miguel-Acosta-Bravo.jpg\" \/>\n\t<meta property=\"og:image:width\" content=\"1250\" \/>\n\t<meta property=\"og:image:height\" content=\"667\" \/>\n\t<meta property=\"og:image:type\" content=\"image\/jpeg\" \/>\n<meta name=\"author\" content=\"Lo viste en Los Pol\u00edticos\" \/>\n<meta name=\"twitter:card\" content=\"summary_large_image\" \/>\n<meta name=\"twitter:creator\" content=\"@LosPoliticosVer\" \/>\n<meta name=\"twitter:site\" content=\"@LosPoliticosVer\" \/>\n<meta name=\"twitter:label1\" content=\"Escrito por\" \/>\n\t<meta name=\"twitter:data1\" content=\"Lo viste en Los Pol\u00edticos\" \/>\n\t<meta name=\"twitter:label2\" content=\"Tiempo de lectura\" \/>\n\t<meta name=\"twitter:data2\" content=\"3 minutos\" \/>\n<script type=\"application\/ld+json\" class=\"yoast-schema-graph\">{\"@context\":\"https:\\\/\\\/schema.org\",\"@graph\":[{\"@type\":\"Article\",\"@id\":\"https:\\\/\\\/lospoliticosveracruz.com\\\/?p=157879#article\",\"isPartOf\":{\"@id\":\"https:\\\/\\\/lospoliticosveracruz.com\\\/?p=157879\"},\"author\":{\"name\":\"Lo viste en Los Pol\u00edticos\",\"@id\":\"https:\\\/\\\/lospoliticosveracruz.com\\\/#\\\/schema\\\/person\\\/b8702bb0e538456e6efd07080bf2a4a2\"},\"headline\":\"NUEVA LEY DE AGUAS\",\"datePublished\":\"2025-12-05T02:38:16+00:00\",\"dateModified\":\"2025-12-05T02:38:36+00:00\",\"mainEntityOfPage\":{\"@id\":\"https:\\\/\\\/lospoliticosveracruz.com\\\/?p=157879\"},\"wordCount\":663,\"publisher\":{\"@id\":\"https:\\\/\\\/lospoliticosveracruz.com\\\/#organization\"},\"image\":{\"@id\":\"https:\\\/\\\/lospoliticosveracruz.com\\\/?p=157879#primaryimage\"},\"thumbnailUrl\":\"https:\\\/\\\/lospoliticosveracruz.com\\\/wp-content\\\/uploads\\\/2025\\\/04\\\/Carlos-Miguel-Acosta-Bravo.jpg\",\"articleSection\":[\"De Opini\u00f3n\"],\"inLanguage\":\"es\"},{\"@type\":\"WebPage\",\"@id\":\"https:\\\/\\\/lospoliticosveracruz.com\\\/?p=157879\",\"url\":\"https:\\\/\\\/lospoliticosveracruz.com\\\/?p=157879\",\"name\":\"NUEVA LEY DE AGUAS - Los pol\u00edticos Veracruz\",\"isPartOf\":{\"@id\":\"https:\\\/\\\/lospoliticosveracruz.com\\\/#website\"},\"primaryImageOfPage\":{\"@id\":\"https:\\\/\\\/lospoliticosveracruz.com\\\/?p=157879#primaryimage\"},\"image\":{\"@id\":\"https:\\\/\\\/lospoliticosveracruz.com\\\/?p=157879#primaryimage\"},\"thumbnailUrl\":\"https:\\\/\\\/lospoliticosveracruz.com\\\/wp-content\\\/uploads\\\/2025\\\/04\\\/Carlos-Miguel-Acosta-Bravo.jpg\",\"datePublished\":\"2025-12-05T02:38:16+00:00\",\"dateModified\":\"2025-12-05T02:38:36+00:00\",\"breadcrumb\":{\"@id\":\"https:\\\/\\\/lospoliticosveracruz.com\\\/?p=157879#breadcrumb\"},\"inLanguage\":\"es\",\"potentialAction\":[{\"@type\":\"ReadAction\",\"target\":[\"https:\\\/\\\/lospoliticosveracruz.com\\\/?p=157879\"]}]},{\"@type\":\"ImageObject\",\"inLanguage\":\"es\",\"@id\":\"https:\\\/\\\/lospoliticosveracruz.com\\\/?p=157879#primaryimage\",\"url\":\"https:\\\/\\\/lospoliticosveracruz.com\\\/wp-content\\\/uploads\\\/2025\\\/04\\\/Carlos-Miguel-Acosta-Bravo.jpg\",\"contentUrl\":\"https:\\\/\\\/lospoliticosveracruz.com\\\/wp-content\\\/uploads\\\/2025\\\/04\\\/Carlos-Miguel-Acosta-Bravo.jpg\",\"width\":1250,\"height\":667},{\"@type\":\"BreadcrumbList\",\"@id\":\"https:\\\/\\\/lospoliticosveracruz.com\\\/?p=157879#breadcrumb\",\"itemListElement\":[{\"@type\":\"ListItem\",\"position\":1,\"name\":\"Portada\",\"item\":\"https:\\\/\\\/lospoliticosveracruz.com\\\/\"},{\"@type\":\"ListItem\",\"position\":2,\"name\":\"NUEVA LEY DE AGUAS\"}]},{\"@type\":\"WebSite\",\"@id\":\"https:\\\/\\\/lospoliticosveracruz.com\\\/#website\",\"url\":\"https:\\\/\\\/lospoliticosveracruz.com\\\/\",\"name\":\"Los pol\u00edticos Veracruz\",\"description\":\"\",\"publisher\":{\"@id\":\"https:\\\/\\\/lospoliticosveracruz.com\\\/#organization\"},\"potentialAction\":[{\"@type\":\"SearchAction\",\"target\":{\"@type\":\"EntryPoint\",\"urlTemplate\":\"https:\\\/\\\/lospoliticosveracruz.com\\\/?s={search_term_string}\"},\"query-input\":{\"@type\":\"PropertyValueSpecification\",\"valueRequired\":true,\"valueName\":\"search_term_string\"}}],\"inLanguage\":\"es\"},{\"@type\":\"Organization\",\"@id\":\"https:\\\/\\\/lospoliticosveracruz.com\\\/#organization\",\"name\":\"Los pol\u00edticos Veracruz\",\"url\":\"https:\\\/\\\/lospoliticosveracruz.com\\\/\",\"logo\":{\"@type\":\"ImageObject\",\"inLanguage\":\"es\",\"@id\":\"https:\\\/\\\/lospoliticosveracruz.com\\\/#\\\/schema\\\/logo\\\/image\\\/\",\"url\":\"https:\\\/\\\/lospoliticosveracruz.com\\\/wp-content\\\/uploads\\\/2025\\\/12\\\/Logo-Nuevo-LOS-POLITICOS-1.jpg\",\"contentUrl\":\"https:\\\/\\\/lospoliticosveracruz.com\\\/wp-content\\\/uploads\\\/2025\\\/12\\\/Logo-Nuevo-LOS-POLITICOS-1.jpg\",\"width\":260,\"height\":70,\"caption\":\"Los pol\u00edticos Veracruz\"},\"image\":{\"@id\":\"https:\\\/\\\/lospoliticosveracruz.com\\\/#\\\/schema\\\/logo\\\/image\\\/\"},\"sameAs\":[\"https:\\\/\\\/www.facebook.com\\\/people\\\/Notimemes-de-los-Polticos\\\/61565672886568\\\/\",\"https:\\\/\\\/x.com\\\/LosPoliticosVer\"]},{\"@type\":\"Person\",\"@id\":\"https:\\\/\\\/lospoliticosveracruz.com\\\/#\\\/schema\\\/person\\\/b8702bb0e538456e6efd07080bf2a4a2\",\"name\":\"Lo viste en Los Pol\u00edticos\",\"image\":{\"@type\":\"ImageObject\",\"inLanguage\":\"es\",\"@id\":\"https:\\\/\\\/secure.gravatar.com\\\/avatar\\\/3a8de04a2656d44082be478bd6c086daa447c4651605818287b9532d3d0bd435?s=96&d=mm&r=g\",\"url\":\"https:\\\/\\\/secure.gravatar.com\\\/avatar\\\/3a8de04a2656d44082be478bd6c086daa447c4651605818287b9532d3d0bd435?s=96&d=mm&r=g\",\"contentUrl\":\"https:\\\/\\\/secure.gravatar.com\\\/avatar\\\/3a8de04a2656d44082be478bd6c086daa447c4651605818287b9532d3d0bd435?s=96&d=mm&r=g\",\"caption\":\"Lo viste en Los Pol\u00edticos\"},\"url\":\"https:\\\/\\\/lospoliticosveracruz.com\\\/?author=2\"}]}<\/script>\n<!-- \/ Yoast SEO plugin. -->","yoast_head_json":{"title":"NUEVA LEY DE AGUAS - Los pol\u00edticos Veracruz","robots":{"index":"index","follow":"follow","max-snippet":"max-snippet:-1","max-image-preview":"max-image-preview:large","max-video-preview":"max-video-preview:-1"},"canonical":"https:\/\/lospoliticosveracruz.com\/?p=157879","og_locale":"es_ES","og_type":"article","og_title":"NUEVA LEY DE AGUAS - Los pol\u00edticos Veracruz","og_description":"Carlos Miguel Acosta Bravo* Impronta La nueva Ley General de Aguas, aprobada en lo general y particular por la C\u00e1mara de Diputados el 3-4 de diciembre de 2025 con 324-328 votos de Morena y aliados, crea un marco para regular el agua como derecho humano, elimina transmisiones de concesiones entre particulares (sustituidas por \u00abreasignaciones\u00bb controladas [&hellip;]","og_url":"https:\/\/lospoliticosveracruz.com\/?p=157879","og_site_name":"Los pol\u00edticos Veracruz","article_publisher":"https:\/\/www.facebook.com\/people\/Notimemes-de-los-Polticos\/61565672886568\/","article_published_time":"2025-12-05T02:38:16+00:00","article_modified_time":"2025-12-05T02:38:36+00:00","og_image":[{"width":1250,"height":667,"url":"https:\/\/lospoliticosveracruz.com\/wp-content\/uploads\/2025\/04\/Carlos-Miguel-Acosta-Bravo.jpg","type":"image\/jpeg"}],"author":"Lo viste en Los Pol\u00edticos","twitter_card":"summary_large_image","twitter_creator":"@LosPoliticosVer","twitter_site":"@LosPoliticosVer","twitter_misc":{"Escrito por":"Lo viste en Los Pol\u00edticos","Tiempo de lectura":"3 minutos"},"schema":{"@context":"https:\/\/schema.org","@graph":[{"@type":"Article","@id":"https:\/\/lospoliticosveracruz.com\/?p=157879#article","isPartOf":{"@id":"https:\/\/lospoliticosveracruz.com\/?p=157879"},"author":{"name":"Lo viste en Los Pol\u00edticos","@id":"https:\/\/lospoliticosveracruz.com\/#\/schema\/person\/b8702bb0e538456e6efd07080bf2a4a2"},"headline":"NUEVA LEY DE AGUAS","datePublished":"2025-12-05T02:38:16+00:00","dateModified":"2025-12-05T02:38:36+00:00","mainEntityOfPage":{"@id":"https:\/\/lospoliticosveracruz.com\/?p=157879"},"wordCount":663,"publisher":{"@id":"https:\/\/lospoliticosveracruz.com\/#organization"},"image":{"@id":"https:\/\/lospoliticosveracruz.com\/?p=157879#primaryimage"},"thumbnailUrl":"https:\/\/lospoliticosveracruz.com\/wp-content\/uploads\/2025\/04\/Carlos-Miguel-Acosta-Bravo.jpg","articleSection":["De Opini\u00f3n"],"inLanguage":"es"},{"@type":"WebPage","@id":"https:\/\/lospoliticosveracruz.com\/?p=157879","url":"https:\/\/lospoliticosveracruz.com\/?p=157879","name":"NUEVA LEY DE AGUAS - Los pol\u00edticos Veracruz","isPartOf":{"@id":"https:\/\/lospoliticosveracruz.com\/#website"},"primaryImageOfPage":{"@id":"https:\/\/lospoliticosveracruz.com\/?p=157879#primaryimage"},"image":{"@id":"https:\/\/lospoliticosveracruz.com\/?p=157879#primaryimage"},"thumbnailUrl":"https:\/\/lospoliticosveracruz.com\/wp-content\/uploads\/2025\/04\/Carlos-Miguel-Acosta-Bravo.jpg","datePublished":"2025-12-05T02:38:16+00:00","dateModified":"2025-12-05T02:38:36+00:00","breadcrumb":{"@id":"https:\/\/lospoliticosveracruz.com\/?p=157879#breadcrumb"},"inLanguage":"es","potentialAction":[{"@type":"ReadAction","target":["https:\/\/lospoliticosveracruz.com\/?p=157879"]}]},{"@type":"ImageObject","inLanguage":"es","@id":"https:\/\/lospoliticosveracruz.com\/?p=157879#primaryimage","url":"https:\/\/lospoliticosveracruz.com\/wp-content\/uploads\/2025\/04\/Carlos-Miguel-Acosta-Bravo.jpg","contentUrl":"https:\/\/lospoliticosveracruz.com\/wp-content\/uploads\/2025\/04\/Carlos-Miguel-Acosta-Bravo.jpg","width":1250,"height":667},{"@type":"BreadcrumbList","@id":"https:\/\/lospoliticosveracruz.com\/?p=157879#breadcrumb","itemListElement":[{"@type":"ListItem","position":1,"name":"Portada","item":"https:\/\/lospoliticosveracruz.com\/"},{"@type":"ListItem","position":2,"name":"NUEVA LEY DE AGUAS"}]},{"@type":"WebSite","@id":"https:\/\/lospoliticosveracruz.com\/#website","url":"https:\/\/lospoliticosveracruz.com\/","name":"Los pol\u00edticos Veracruz","description":"","publisher":{"@id":"https:\/\/lospoliticosveracruz.com\/#organization"},"potentialAction":[{"@type":"SearchAction","target":{"@type":"EntryPoint","urlTemplate":"https:\/\/lospoliticosveracruz.com\/?s={search_term_string}"},"query-input":{"@type":"PropertyValueSpecification","valueRequired":true,"valueName":"search_term_string"}}],"inLanguage":"es"},{"@type":"Organization","@id":"https:\/\/lospoliticosveracruz.com\/#organization","name":"Los pol\u00edticos Veracruz","url":"https:\/\/lospoliticosveracruz.com\/","logo":{"@type":"ImageObject","inLanguage":"es","@id":"https:\/\/lospoliticosveracruz.com\/#\/schema\/logo\/image\/","url":"https:\/\/lospoliticosveracruz.com\/wp-content\/uploads\/2025\/12\/Logo-Nuevo-LOS-POLITICOS-1.jpg","contentUrl":"https:\/\/lospoliticosveracruz.com\/wp-content\/uploads\/2025\/12\/Logo-Nuevo-LOS-POLITICOS-1.jpg","width":260,"height":70,"caption":"Los pol\u00edticos Veracruz"},"image":{"@id":"https:\/\/lospoliticosveracruz.com\/#\/schema\/logo\/image\/"},"sameAs":["https:\/\/www.facebook.com\/people\/Notimemes-de-los-Polticos\/61565672886568\/","https:\/\/x.com\/LosPoliticosVer"]},{"@type":"Person","@id":"https:\/\/lospoliticosveracruz.com\/#\/schema\/person\/b8702bb0e538456e6efd07080bf2a4a2","name":"Lo viste en Los Pol\u00edticos","image":{"@type":"ImageObject","inLanguage":"es","@id":"https:\/\/secure.gravatar.com\/avatar\/3a8de04a2656d44082be478bd6c086daa447c4651605818287b9532d3d0bd435?s=96&d=mm&r=g","url":"https:\/\/secure.gravatar.com\/avatar\/3a8de04a2656d44082be478bd6c086daa447c4651605818287b9532d3d0bd435?s=96&d=mm&r=g","contentUrl":"https:\/\/secure.gravatar.com\/avatar\/3a8de04a2656d44082be478bd6c086daa447c4651605818287b9532d3d0bd435?s=96&d=mm&r=g","caption":"Lo viste en Los Pol\u00edticos"},"url":"https:\/\/lospoliticosveracruz.com\/?author=2"}]}},"_links":{"self":[{"href":"https:\/\/lospoliticosveracruz.com\/index.php?rest_route=\/wp\/v2\/posts\/157879","targetHints":{"allow":["GET"]}}],"collection":[{"href":"https:\/\/lospoliticosveracruz.com\/index.php?rest_route=\/wp\/v2\/posts"}],"about":[{"href":"https:\/\/lospoliticosveracruz.com\/index.php?rest_route=\/wp\/v2\/types\/post"}],"author":[{"embeddable":true,"href":"https:\/\/lospoliticosveracruz.com\/index.php?rest_route=\/wp\/v2\/users\/2"}],"replies":[{"embeddable":true,"href":"https:\/\/lospoliticosveracruz.com\/index.php?rest_route=%2Fwp%2Fv2%2Fcomments&post=157879"}],"version-history":[{"count":1,"href":"https:\/\/lospoliticosveracruz.com\/index.php?rest_route=\/wp\/v2\/posts\/157879\/revisions"}],"predecessor-version":[{"id":157880,"href":"https:\/\/lospoliticosveracruz.com\/index.php?rest_route=\/wp\/v2\/posts\/157879\/revisions\/157880"}],"wp:featuredmedia":[{"embeddable":true,"href":"https:\/\/lospoliticosveracruz.com\/index.php?rest_route=\/wp\/v2\/media\/141377"}],"wp:attachment":[{"href":"https:\/\/lospoliticosveracruz.com\/index.php?rest_route=%2Fwp%2Fv2%2Fmedia&parent=157879"}],"wp:term":[{"taxonomy":"category","embeddable":true,"href":"https:\/\/lospoliticosveracruz.com\/index.php?rest_route=%2Fwp%2Fv2%2Fcategories&post=157879"},{"taxonomy":"post_tag","embeddable":true,"href":"https:\/\/lospoliticosveracruz.com\/index.php?rest_route=%2Fwp%2Fv2%2Ftags&post=157879"}],"curies":[{"name":"wp","href":"https:\/\/api.w.org\/{rel}","templated":true}]}}