{"id":157882,"date":"2025-12-04T20:46:29","date_gmt":"2025-12-05T02:46:29","guid":{"rendered":"https:\/\/lospoliticosveracruz.com.mx\/?p=157882"},"modified":"2025-12-04T20:46:43","modified_gmt":"2025-12-05T02:46:43","slug":"chambonerias","status":"publish","type":"post","link":"https:\/\/lospoliticosveracruz.com\/?p=157882","title":{"rendered":"CHAMBONER\u00cdAS"},"content":{"rendered":"\n<p><strong>Guadalupe H. Mar<\/strong><\/p>\n\n\n\n<p><em>Mira Pol\u00edtica&nbsp;<\/em><\/p>\n\n\n\n<p>TRANSEXENALES \u2026 Desde hace una d\u00e9cada, quienes cuando est\u00e1 lloviendo viajan en sus veh\u00edculos y transitan por el pomposamente llamado \u201cDistribuidor Vial de Paso del Toro\u201d, en el municipio de Medell\u00edn de Bravo, que forma parte de la autopista Tamaca-Paso del Toro-San Juli\u00e1n, se convencen que ingenieros chambones y p\u00e9simos supervisores de obras, han tenido y tienen los gobiernos estatales pasados y presente, que no han sabido como desaguar un charco que se forma a m\u00e1s de tres metros de altura en la cinta asf\u00e1ltica de este paso a desnivel.<\/p>\n\n\n\n\n\n<p>Para ponerlos en contexto amables lectoras y lectores, ese \u201cDistribuidor Vial de Paso del Toro\u201d, se inaugur\u00f3 hace unos diez a\u00f1os, en el 2015.<\/p>\n\n\n\n<p>Es el distribuidor vial por el que se tiene que pasar forzosamente si se va de Boca del R\u00edo a Alvarado, Veracruz, fue anunciado desde a\u00f1os antes, en el 2007 por el entonces gobernador del estado, Fidel Herrera Beltr\u00e1n (QEPD), obra que por casi una d\u00e9cada qued\u00f3 inconclusa.<\/p>\n\n\n\n<p>Finalmente, en el sexenio de quien gobern\u00f3 Veracruz del 2010 al 2016, unos ingenieros chambones terminaron la obra, pero olvidaron un peque\u00f1o detalle, se les olvid\u00f3 dotar el puente de un sistema de drenaje como todo ese tipo de obras en el mundo, cuyas aguas pluviales escurren por gravedad.<\/p>\n\n\n\n<p>Por ese casi insignificante detalle, no est\u00e1n ustedes para creerlo, se forma una inmensa laguna de casi medio metro de altura, pues cada que llueve el agua no tiene por donde escurrir, qued\u00e1ndose acumulada sobre el puente, en el carril derecho, el que viene de Boca del R\u00edo, lugar donde se han quedado varadas decenas de veh\u00edculos por la profundidad del charcote.<\/p>\n\n\n\n<p>\u00bfA poco no est\u00e1 paraRipley este caso?, amables lectoras y lectores, un charco de agua pluvial que se forma a m\u00e1s de tres metros de altura, en un transitado puente vehicular.<\/p>\n\n\n\n<p>Si eso es grave, lo es tambi\u00e9n que desde que se inaugur\u00f3 el pomposamente llamado \u201cDistribuidor Vial de Paso del Toro\u201d, han pasado tres gobiernos estatales y est\u00e1 en curso un cuarto, cuyos ingenieros no han podido resolver esa problem\u00e1tica. Chambones todos.<\/p>\n\n\n\n<p>Para que no se queden con la duda, por si preguntan qu\u00e9 es un chamb\u00f3n, de acuerdo al Diccionario de la Lengua Espa\u00f1ola, es alguien: \u201cDe escasa habilidad en el juego, caza o deportes; Poco h\u00e1bil en cualquier arte o facultad\u201d, definici\u00f3n que cae como anillo al dedo a quienes, teniendo la responsabilidad constitucional de servir a los veracruzanos, no han podido, ni querido, resolver lo del charcote en el puente o pomposamente llamado Distribuidor Vial de Paso del Toro.<\/p>\n\n\n\n<p>Cu\u00e1nta raz\u00f3n tienen los \u201cCoach\u201d o instructores cuando dan cursos de eficiencia, al decir que \u201cobra que no es supervisada \u2026 \u201c.<\/p>\n\n\n\n<p>APARECEN LOS PEINES \u2026 Recuerdan que comentamos aqu\u00ed hace unos d\u00edas que el Instituto Veracruzano del Deporte (IVD), que dirige el triatleta xalape\u00f1o Crisanto Grajales Valencia les debe tres meses de salario a los maestros de nataci\u00f3n del Complejo Deportivo \u201cLeyes de Reforma\u201d del municipio de Boca del R\u00edo, pues bien, nos contactaron lectores de la ciudad capital del estado para exponer que similar situaci\u00f3n se vive en el Vel\u00f3dromo Internacional de Xalapa.<\/p>\n\n\n\n<p>All\u00ed, seg\u00fan nos comparten amables lectoras y lectores, desde que inici\u00f3 la actual administraci\u00f3n estatal se les cobra 240 pesos mensuales a cada atleta que entrena en esas instalaciones ubicadas en la carretera Xalapa-Coatepec, kil\u00f3metro uno, por el rumbo del Circuito Presidentes.<\/p>\n\n\n\n<p>Lo curioso es que solo les hacen este cobro a disciplinas deportivas como la esgrima, mientras que a los de Alterofilia no les cobran nada, ni un peso.<\/p>\n\n\n\n<p>A pesar del cobro, que se supone que es para cubrir ciertos servicios que se ofrecen en esas instalaciones del gobierno del estado de Veracruz, las instalaciones del Vel\u00f3dromo Internacional est\u00e1n cada vez peor.<\/p>\n\n\n\n<p>No hay agua corriente, por ende, se carece de limpieza y peor a\u00fan, no hay siquiera papel en los ba\u00f1os.<\/p>\n\n\n\n<p>Caray, sin pretender demeritar los logros de Crisanto Grajales Valencia, ser\u00eda conveniente que a \u00e9l se le encargue lo deportivo del IVD y se designe a un administrador o administradora que sepa de haberes, deberes y contraprestaciones, porque ya son varios los focos amarillos encendidos en el Instituto Veracruzano del Deporte.<\/p>\n\n\n\n<p>D\u00cdGALO SIN MIEDO \u2026 Al correo electr\u00f3nico guadalupehmar@gmail.com<\/p>\n","protected":false},"excerpt":{"rendered":"<p>Guadalupe H. Mar Mira Pol\u00edtica&nbsp; TRANSEXENALES \u2026 Desde hace una d\u00e9cada, quienes cuando est\u00e1 lloviendo viajan en sus veh\u00edculos y transitan por el pomposamente llamado \u201cDistribuidor Vial de Paso del Toro\u201d, en el municipio de Medell\u00edn de Bravo, que forma parte de la autopista Tamaca-Paso del Toro-San Juli\u00e1n, se convencen que ingenieros chambones y p\u00e9simos [&hellip;]<\/p>\n","protected":false},"author":2,"featured_media":141398,"comment_status":"closed","ping_status":"closed","sticky":false,"template":"","format":"standard","meta":{"tdm_status":"","tdm_grid_status":"","footnotes":""},"categories":[70],"tags":[],"class_list":{"0":"post-157882","1":"post","2":"type-post","3":"status-publish","4":"format-standard","5":"has-post-thumbnail","7":"category-de-opinion"},"yoast_head":"<!-- This site is optimized with the Yoast SEO plugin v27.4 - https:\/\/yoast.com\/product\/yoast-seo-wordpress\/ -->\n<title>CHAMBONER\u00cdAS - Los pol\u00edticos Veracruz<\/title>\n<meta name=\"robots\" content=\"index, follow, max-snippet:-1, max-image-preview:large, max-video-preview:-1\" \/>\n<link rel=\"canonical\" href=\"https:\/\/lospoliticosveracruz.com\/?p=157882\" \/>\n<meta property=\"og:locale\" content=\"es_ES\" \/>\n<meta property=\"og:type\" content=\"article\" \/>\n<meta property=\"og:title\" content=\"CHAMBONER\u00cdAS - Los pol\u00edticos Veracruz\" \/>\n<meta property=\"og:description\" content=\"Guadalupe H. Mar Mira Pol\u00edtica&nbsp; TRANSEXENALES \u2026 Desde hace una d\u00e9cada, quienes cuando est\u00e1 lloviendo viajan en sus veh\u00edculos y transitan por el pomposamente llamado \u201cDistribuidor Vial de Paso del Toro\u201d, en el municipio de Medell\u00edn de Bravo, que forma parte de la autopista Tamaca-Paso del Toro-San Juli\u00e1n, se convencen que ingenieros chambones y p\u00e9simos [&hellip;]\" \/>\n<meta property=\"og:url\" content=\"https:\/\/lospoliticosveracruz.com\/?p=157882\" \/>\n<meta property=\"og:site_name\" content=\"Los pol\u00edticos Veracruz\" \/>\n<meta property=\"article:publisher\" content=\"https:\/\/www.facebook.com\/people\/Notimemes-de-los-Polticos\/61565672886568\/\" \/>\n<meta property=\"article:published_time\" content=\"2025-12-05T02:46:29+00:00\" \/>\n<meta property=\"article:modified_time\" content=\"2025-12-05T02:46:43+00:00\" \/>\n<meta property=\"og:image\" content=\"https:\/\/lospoliticosveracruz.com\/wp-content\/uploads\/2025\/04\/Lupita-H-Mar.jpg\" \/>\n\t<meta property=\"og:image:width\" content=\"1250\" \/>\n\t<meta property=\"og:image:height\" content=\"667\" \/>\n\t<meta property=\"og:image:type\" content=\"image\/jpeg\" \/>\n<meta name=\"author\" content=\"Lo viste en Los Pol\u00edticos\" \/>\n<meta name=\"twitter:card\" content=\"summary_large_image\" \/>\n<meta name=\"twitter:creator\" content=\"@LosPoliticosVer\" \/>\n<meta name=\"twitter:site\" content=\"@LosPoliticosVer\" \/>\n<meta name=\"twitter:label1\" content=\"Escrito por\" \/>\n\t<meta name=\"twitter:data1\" content=\"Lo viste en Los Pol\u00edticos\" \/>\n\t<meta name=\"twitter:label2\" content=\"Tiempo de lectura\" \/>\n\t<meta name=\"twitter:data2\" content=\"4 minutos\" \/>\n<script type=\"application\/ld+json\" class=\"yoast-schema-graph\">{\"@context\":\"https:\\\/\\\/schema.org\",\"@graph\":[{\"@type\":\"Article\",\"@id\":\"https:\\\/\\\/lospoliticosveracruz.com\\\/?p=157882#article\",\"isPartOf\":{\"@id\":\"https:\\\/\\\/lospoliticosveracruz.com\\\/?p=157882\"},\"author\":{\"name\":\"Lo viste en Los Pol\u00edticos\",\"@id\":\"https:\\\/\\\/lospoliticosveracruz.com\\\/#\\\/schema\\\/person\\\/b8702bb0e538456e6efd07080bf2a4a2\"},\"headline\":\"CHAMBONER\u00cdAS\",\"datePublished\":\"2025-12-05T02:46:29+00:00\",\"dateModified\":\"2025-12-05T02:46:43+00:00\",\"mainEntityOfPage\":{\"@id\":\"https:\\\/\\\/lospoliticosveracruz.com\\\/?p=157882\"},\"wordCount\":747,\"publisher\":{\"@id\":\"https:\\\/\\\/lospoliticosveracruz.com\\\/#organization\"},\"image\":{\"@id\":\"https:\\\/\\\/lospoliticosveracruz.com\\\/?p=157882#primaryimage\"},\"thumbnailUrl\":\"https:\\\/\\\/lospoliticosveracruz.com\\\/wp-content\\\/uploads\\\/2025\\\/04\\\/Lupita-H-Mar.jpg\",\"articleSection\":[\"De Opini\u00f3n\"],\"inLanguage\":\"es\"},{\"@type\":\"WebPage\",\"@id\":\"https:\\\/\\\/lospoliticosveracruz.com\\\/?p=157882\",\"url\":\"https:\\\/\\\/lospoliticosveracruz.com\\\/?p=157882\",\"name\":\"CHAMBONER\u00cdAS - Los pol\u00edticos Veracruz\",\"isPartOf\":{\"@id\":\"https:\\\/\\\/lospoliticosveracruz.com\\\/#website\"},\"primaryImageOfPage\":{\"@id\":\"https:\\\/\\\/lospoliticosveracruz.com\\\/?p=157882#primaryimage\"},\"image\":{\"@id\":\"https:\\\/\\\/lospoliticosveracruz.com\\\/?p=157882#primaryimage\"},\"thumbnailUrl\":\"https:\\\/\\\/lospoliticosveracruz.com\\\/wp-content\\\/uploads\\\/2025\\\/04\\\/Lupita-H-Mar.jpg\",\"datePublished\":\"2025-12-05T02:46:29+00:00\",\"dateModified\":\"2025-12-05T02:46:43+00:00\",\"breadcrumb\":{\"@id\":\"https:\\\/\\\/lospoliticosveracruz.com\\\/?p=157882#breadcrumb\"},\"inLanguage\":\"es\",\"potentialAction\":[{\"@type\":\"ReadAction\",\"target\":[\"https:\\\/\\\/lospoliticosveracruz.com\\\/?p=157882\"]}]},{\"@type\":\"ImageObject\",\"inLanguage\":\"es\",\"@id\":\"https:\\\/\\\/lospoliticosveracruz.com\\\/?p=157882#primaryimage\",\"url\":\"https:\\\/\\\/lospoliticosveracruz.com\\\/wp-content\\\/uploads\\\/2025\\\/04\\\/Lupita-H-Mar.jpg\",\"contentUrl\":\"https:\\\/\\\/lospoliticosveracruz.com\\\/wp-content\\\/uploads\\\/2025\\\/04\\\/Lupita-H-Mar.jpg\",\"width\":1250,\"height\":667},{\"@type\":\"BreadcrumbList\",\"@id\":\"https:\\\/\\\/lospoliticosveracruz.com\\\/?p=157882#breadcrumb\",\"itemListElement\":[{\"@type\":\"ListItem\",\"position\":1,\"name\":\"Portada\",\"item\":\"https:\\\/\\\/lospoliticosveracruz.com\\\/\"},{\"@type\":\"ListItem\",\"position\":2,\"name\":\"CHAMBONER\u00cdAS\"}]},{\"@type\":\"WebSite\",\"@id\":\"https:\\\/\\\/lospoliticosveracruz.com\\\/#website\",\"url\":\"https:\\\/\\\/lospoliticosveracruz.com\\\/\",\"name\":\"Los pol\u00edticos Veracruz\",\"description\":\"\",\"publisher\":{\"@id\":\"https:\\\/\\\/lospoliticosveracruz.com\\\/#organization\"},\"potentialAction\":[{\"@type\":\"SearchAction\",\"target\":{\"@type\":\"EntryPoint\",\"urlTemplate\":\"https:\\\/\\\/lospoliticosveracruz.com\\\/?s={search_term_string}\"},\"query-input\":{\"@type\":\"PropertyValueSpecification\",\"valueRequired\":true,\"valueName\":\"search_term_string\"}}],\"inLanguage\":\"es\"},{\"@type\":\"Organization\",\"@id\":\"https:\\\/\\\/lospoliticosveracruz.com\\\/#organization\",\"name\":\"Los pol\u00edticos Veracruz\",\"url\":\"https:\\\/\\\/lospoliticosveracruz.com\\\/\",\"logo\":{\"@type\":\"ImageObject\",\"inLanguage\":\"es\",\"@id\":\"https:\\\/\\\/lospoliticosveracruz.com\\\/#\\\/schema\\\/logo\\\/image\\\/\",\"url\":\"https:\\\/\\\/lospoliticosveracruz.com\\\/wp-content\\\/uploads\\\/2025\\\/12\\\/Logo-Nuevo-LOS-POLITICOS-1.jpg\",\"contentUrl\":\"https:\\\/\\\/lospoliticosveracruz.com\\\/wp-content\\\/uploads\\\/2025\\\/12\\\/Logo-Nuevo-LOS-POLITICOS-1.jpg\",\"width\":260,\"height\":70,\"caption\":\"Los pol\u00edticos Veracruz\"},\"image\":{\"@id\":\"https:\\\/\\\/lospoliticosveracruz.com\\\/#\\\/schema\\\/logo\\\/image\\\/\"},\"sameAs\":[\"https:\\\/\\\/www.facebook.com\\\/people\\\/Notimemes-de-los-Polticos\\\/61565672886568\\\/\",\"https:\\\/\\\/x.com\\\/LosPoliticosVer\"]},{\"@type\":\"Person\",\"@id\":\"https:\\\/\\\/lospoliticosveracruz.com\\\/#\\\/schema\\\/person\\\/b8702bb0e538456e6efd07080bf2a4a2\",\"name\":\"Lo viste en Los Pol\u00edticos\",\"image\":{\"@type\":\"ImageObject\",\"inLanguage\":\"es\",\"@id\":\"https:\\\/\\\/secure.gravatar.com\\\/avatar\\\/3a8de04a2656d44082be478bd6c086daa447c4651605818287b9532d3d0bd435?s=96&d=mm&r=g\",\"url\":\"https:\\\/\\\/secure.gravatar.com\\\/avatar\\\/3a8de04a2656d44082be478bd6c086daa447c4651605818287b9532d3d0bd435?s=96&d=mm&r=g\",\"contentUrl\":\"https:\\\/\\\/secure.gravatar.com\\\/avatar\\\/3a8de04a2656d44082be478bd6c086daa447c4651605818287b9532d3d0bd435?s=96&d=mm&r=g\",\"caption\":\"Lo viste en Los Pol\u00edticos\"},\"url\":\"https:\\\/\\\/lospoliticosveracruz.com\\\/?author=2\"}]}<\/script>\n<!-- \/ Yoast SEO plugin. -->","yoast_head_json":{"title":"CHAMBONER\u00cdAS - Los pol\u00edticos Veracruz","robots":{"index":"index","follow":"follow","max-snippet":"max-snippet:-1","max-image-preview":"max-image-preview:large","max-video-preview":"max-video-preview:-1"},"canonical":"https:\/\/lospoliticosveracruz.com\/?p=157882","og_locale":"es_ES","og_type":"article","og_title":"CHAMBONER\u00cdAS - Los pol\u00edticos Veracruz","og_description":"Guadalupe H. Mar Mira Pol\u00edtica&nbsp; TRANSEXENALES \u2026 Desde hace una d\u00e9cada, quienes cuando est\u00e1 lloviendo viajan en sus veh\u00edculos y transitan por el pomposamente llamado \u201cDistribuidor Vial de Paso del Toro\u201d, en el municipio de Medell\u00edn de Bravo, que forma parte de la autopista Tamaca-Paso del Toro-San Juli\u00e1n, se convencen que ingenieros chambones y p\u00e9simos [&hellip;]","og_url":"https:\/\/lospoliticosveracruz.com\/?p=157882","og_site_name":"Los pol\u00edticos Veracruz","article_publisher":"https:\/\/www.facebook.com\/people\/Notimemes-de-los-Polticos\/61565672886568\/","article_published_time":"2025-12-05T02:46:29+00:00","article_modified_time":"2025-12-05T02:46:43+00:00","og_image":[{"width":1250,"height":667,"url":"https:\/\/lospoliticosveracruz.com\/wp-content\/uploads\/2025\/04\/Lupita-H-Mar.jpg","type":"image\/jpeg"}],"author":"Lo viste en Los Pol\u00edticos","twitter_card":"summary_large_image","twitter_creator":"@LosPoliticosVer","twitter_site":"@LosPoliticosVer","twitter_misc":{"Escrito por":"Lo viste en Los Pol\u00edticos","Tiempo de lectura":"4 minutos"},"schema":{"@context":"https:\/\/schema.org","@graph":[{"@type":"Article","@id":"https:\/\/lospoliticosveracruz.com\/?p=157882#article","isPartOf":{"@id":"https:\/\/lospoliticosveracruz.com\/?p=157882"},"author":{"name":"Lo viste en Los Pol\u00edticos","@id":"https:\/\/lospoliticosveracruz.com\/#\/schema\/person\/b8702bb0e538456e6efd07080bf2a4a2"},"headline":"CHAMBONER\u00cdAS","datePublished":"2025-12-05T02:46:29+00:00","dateModified":"2025-12-05T02:46:43+00:00","mainEntityOfPage":{"@id":"https:\/\/lospoliticosveracruz.com\/?p=157882"},"wordCount":747,"publisher":{"@id":"https:\/\/lospoliticosveracruz.com\/#organization"},"image":{"@id":"https:\/\/lospoliticosveracruz.com\/?p=157882#primaryimage"},"thumbnailUrl":"https:\/\/lospoliticosveracruz.com\/wp-content\/uploads\/2025\/04\/Lupita-H-Mar.jpg","articleSection":["De Opini\u00f3n"],"inLanguage":"es"},{"@type":"WebPage","@id":"https:\/\/lospoliticosveracruz.com\/?p=157882","url":"https:\/\/lospoliticosveracruz.com\/?p=157882","name":"CHAMBONER\u00cdAS - Los pol\u00edticos Veracruz","isPartOf":{"@id":"https:\/\/lospoliticosveracruz.com\/#website"},"primaryImageOfPage":{"@id":"https:\/\/lospoliticosveracruz.com\/?p=157882#primaryimage"},"image":{"@id":"https:\/\/lospoliticosveracruz.com\/?p=157882#primaryimage"},"thumbnailUrl":"https:\/\/lospoliticosveracruz.com\/wp-content\/uploads\/2025\/04\/Lupita-H-Mar.jpg","datePublished":"2025-12-05T02:46:29+00:00","dateModified":"2025-12-05T02:46:43+00:00","breadcrumb":{"@id":"https:\/\/lospoliticosveracruz.com\/?p=157882#breadcrumb"},"inLanguage":"es","potentialAction":[{"@type":"ReadAction","target":["https:\/\/lospoliticosveracruz.com\/?p=157882"]}]},{"@type":"ImageObject","inLanguage":"es","@id":"https:\/\/lospoliticosveracruz.com\/?p=157882#primaryimage","url":"https:\/\/lospoliticosveracruz.com\/wp-content\/uploads\/2025\/04\/Lupita-H-Mar.jpg","contentUrl":"https:\/\/lospoliticosveracruz.com\/wp-content\/uploads\/2025\/04\/Lupita-H-Mar.jpg","width":1250,"height":667},{"@type":"BreadcrumbList","@id":"https:\/\/lospoliticosveracruz.com\/?p=157882#breadcrumb","itemListElement":[{"@type":"ListItem","position":1,"name":"Portada","item":"https:\/\/lospoliticosveracruz.com\/"},{"@type":"ListItem","position":2,"name":"CHAMBONER\u00cdAS"}]},{"@type":"WebSite","@id":"https:\/\/lospoliticosveracruz.com\/#website","url":"https:\/\/lospoliticosveracruz.com\/","name":"Los pol\u00edticos Veracruz","description":"","publisher":{"@id":"https:\/\/lospoliticosveracruz.com\/#organization"},"potentialAction":[{"@type":"SearchAction","target":{"@type":"EntryPoint","urlTemplate":"https:\/\/lospoliticosveracruz.com\/?s={search_term_string}"},"query-input":{"@type":"PropertyValueSpecification","valueRequired":true,"valueName":"search_term_string"}}],"inLanguage":"es"},{"@type":"Organization","@id":"https:\/\/lospoliticosveracruz.com\/#organization","name":"Los pol\u00edticos Veracruz","url":"https:\/\/lospoliticosveracruz.com\/","logo":{"@type":"ImageObject","inLanguage":"es","@id":"https:\/\/lospoliticosveracruz.com\/#\/schema\/logo\/image\/","url":"https:\/\/lospoliticosveracruz.com\/wp-content\/uploads\/2025\/12\/Logo-Nuevo-LOS-POLITICOS-1.jpg","contentUrl":"https:\/\/lospoliticosveracruz.com\/wp-content\/uploads\/2025\/12\/Logo-Nuevo-LOS-POLITICOS-1.jpg","width":260,"height":70,"caption":"Los pol\u00edticos Veracruz"},"image":{"@id":"https:\/\/lospoliticosveracruz.com\/#\/schema\/logo\/image\/"},"sameAs":["https:\/\/www.facebook.com\/people\/Notimemes-de-los-Polticos\/61565672886568\/","https:\/\/x.com\/LosPoliticosVer"]},{"@type":"Person","@id":"https:\/\/lospoliticosveracruz.com\/#\/schema\/person\/b8702bb0e538456e6efd07080bf2a4a2","name":"Lo viste en Los Pol\u00edticos","image":{"@type":"ImageObject","inLanguage":"es","@id":"https:\/\/secure.gravatar.com\/avatar\/3a8de04a2656d44082be478bd6c086daa447c4651605818287b9532d3d0bd435?s=96&d=mm&r=g","url":"https:\/\/secure.gravatar.com\/avatar\/3a8de04a2656d44082be478bd6c086daa447c4651605818287b9532d3d0bd435?s=96&d=mm&r=g","contentUrl":"https:\/\/secure.gravatar.com\/avatar\/3a8de04a2656d44082be478bd6c086daa447c4651605818287b9532d3d0bd435?s=96&d=mm&r=g","caption":"Lo viste en Los Pol\u00edticos"},"url":"https:\/\/lospoliticosveracruz.com\/?author=2"}]}},"_links":{"self":[{"href":"https:\/\/lospoliticosveracruz.com\/index.php?rest_route=\/wp\/v2\/posts\/157882","targetHints":{"allow":["GET"]}}],"collection":[{"href":"https:\/\/lospoliticosveracruz.com\/index.php?rest_route=\/wp\/v2\/posts"}],"about":[{"href":"https:\/\/lospoliticosveracruz.com\/index.php?rest_route=\/wp\/v2\/types\/post"}],"author":[{"embeddable":true,"href":"https:\/\/lospoliticosveracruz.com\/index.php?rest_route=\/wp\/v2\/users\/2"}],"replies":[{"embeddable":true,"href":"https:\/\/lospoliticosveracruz.com\/index.php?rest_route=%2Fwp%2Fv2%2Fcomments&post=157882"}],"version-history":[{"count":1,"href":"https:\/\/lospoliticosveracruz.com\/index.php?rest_route=\/wp\/v2\/posts\/157882\/revisions"}],"predecessor-version":[{"id":157883,"href":"https:\/\/lospoliticosveracruz.com\/index.php?rest_route=\/wp\/v2\/posts\/157882\/revisions\/157883"}],"wp:featuredmedia":[{"embeddable":true,"href":"https:\/\/lospoliticosveracruz.com\/index.php?rest_route=\/wp\/v2\/media\/141398"}],"wp:attachment":[{"href":"https:\/\/lospoliticosveracruz.com\/index.php?rest_route=%2Fwp%2Fv2%2Fmedia&parent=157882"}],"wp:term":[{"taxonomy":"category","embeddable":true,"href":"https:\/\/lospoliticosveracruz.com\/index.php?rest_route=%2Fwp%2Fv2%2Fcategories&post=157882"},{"taxonomy":"post_tag","embeddable":true,"href":"https:\/\/lospoliticosveracruz.com\/index.php?rest_route=%2Fwp%2Fv2%2Ftags&post=157882"}],"curies":[{"name":"wp","href":"https:\/\/api.w.org\/{rel}","templated":true}]}}