{"id":157885,"date":"2025-12-04T21:19:26","date_gmt":"2025-12-05T03:19:26","guid":{"rendered":"https:\/\/lospoliticosveracruz.com.mx\/?p=157885"},"modified":"2025-12-05T08:27:30","modified_gmt":"2025-12-05T14:27:30","slug":"tres-libros-del-nuevo-regimen-para-el-fin-de-2025","status":"publish","type":"post","link":"https:\/\/lospoliticosveracruz.com\/?p=157885","title":{"rendered":"TRES LIBROS DEL NUEVO R\u00c9GIMEN PARA EL FIN DE 2025"},"content":{"rendered":"\n<p>S\u00edguenos ahora tambi\u00e9n en WhatsApp.\u00a0\u00a1<a href=\"https:\/\/whatsapp.com\/channel\/0029Va8zRWlEKyZIP3Z1dF0e\"><strong>Da clic aqu\u00ed<\/strong><\/a><strong>!<\/strong><\/p>\n\n\n\n<p><strong>Ram\u00f3n Alberto Reyes Viveros<br><\/strong><em>Zoociedad An\u00f3nima<\/em><\/p>\n\n\n\n<p><\/p>\n\n\n\n<p>Historias de la Rep\u00fablica a la dictadura de los otros datos: el que prefiere ver el pasado, quien a\u00fan no puede ver el presente y el que imagin\u00f3 el futuro\u2026<\/p>\n\n\n\n<p>\u2e3b<\/p>\n\n\n\n<p>Si usted no va a leer ni una sola p\u00e1gina de Grandeza, Diario de una transici\u00f3n hist\u00f3rica o Camino a la nueva Rep\u00fablica, pero s\u00ed piensa opinar en la sobremesa, esta columna es para eso: un resumen para los que no les gusta, no se dan el tiempo o no tienen el h\u00e1bito de leer\u2026 pero s\u00ed criticar, opinar o pretender imponer su visi\u00f3n pol\u00edtica.<\/p>\n\n\n\n\n\n<p>Son tres libros escritos desde el poder o muy cerca de \u00e9l.<\/p>\n\n\n\n<p>Tres relatos para explicar qu\u00e9 fue, qu\u00e9 es y qu\u00e9 podr\u00eda ser M\u00e9xico.<\/p>\n\n\n\n<p>Y, sobre todo, tres maneras de usar la historia: como espejo, como maquillaje o como filtro de Instagram.<\/p>\n\n\n\n<p>\u2e3b<\/p>\n\n\n\n<p><strong>I. El que prefiere ver el pasado: Grandeza de L\u00f3pez Obrador<\/strong><\/p>\n\n\n\n<p><strong>Andr\u00e9s Manuel L\u00f3pez Obrador<\/strong> se retir\u00f3 a Palenque y, en lugar de escribir sus memorias, decidi\u00f3 escribir la Biblia oficial de la 4T: Grandeza. M\u00e1s de 600 p\u00e1ginas para decir, en resumen, que todo lo bueno viene del M\u00e9xico prehisp\u00e1nico y todo lo malo lo trajo la Conquista.<\/p>\n\n\n\n<p>En el mundo de Grandeza:<\/p>\n\n\n\n<p>\u2022 los pueblos originarios eran casi moralmente perfectos;<br>\u2022 no hab\u00eda codicia, ni corrupci\u00f3n, ni sacrificios humanos;<br>\u2022 los verdaderos b\u00e1rbaros eran los espa\u00f1oles y, por extensi\u00f3n, todo lo que huela a \u201cOccidente\u201d;<br>\u2022 y la Cuarta Transformaci\u00f3n es el desenlace luminoso de mil a\u00f1os de resistencia.<\/p>\n\n\n\n<p>Es un libro c\u00f3modo: en lugar de preguntarse qu\u00e9 sali\u00f3 mal entre 2018 y 2024, se va directo a Moctezuma.<\/p>\n\n\n\n<p>No hay autocr\u00edtica sobre militarizaci\u00f3n, violencia, desapariciones o desd\u00e9n por los contrapesos.<\/p>\n\n\n\n<p>Hay, eso s\u00ed, largas p\u00e1ginas para negar lo que la arqueolog\u00eda lleva d\u00e9cadas documentando y para explicar que la \u201cgrandeza\u201d actual del pueblo se debe a una pureza moral casi gen\u00e9tica.<\/p>\n\n\n\n<p>El ex Presidente acusa a la historiograf\u00eda colonial de inventar mitos para justificar la Conquista\u2026 mientras \u00e9l construye su propio mito para justificar su sexenio. Cambia a Cort\u00e9s por s\u00ed mismo como narrador oficial de la historia.<\/p>\n\n\n\n<p>El resultado es claro: un pasado m\u00edtico que sirve de coartada perfecta.<\/p>\n\n\n\n<p>Si el pueblo es bueno por naturaleza y las \u00e9lites siempre fueron malas, entonces cualquier cr\u00edtica al gobierno actual solo puede venir de \u201c\u00e9lites corruptas\u201d.<\/p>\n\n\n\n<p>La historia como escudo, no como examen.<\/p>\n\n\n\n<p>\u2e3b<\/p>\n\n\n\n<p><strong>II. La que no puede ver el presente: Diario de una transici\u00f3n hist\u00f3rica de Claudia Sheinbaum<\/strong><\/p>\n\n\n\n<p><strong>Claudia Sheinbaum<\/strong>, ya como Presidenta, public\u00f3 su Diario de una transici\u00f3n hist\u00f3rica. El t\u00edtulo promete confidencias; el contenido ofrece un \u00e1lbum de fotos sentimentales de la gira con L\u00f3pez Obrador.<\/p>\n\n\n\n<p>Su pasado arranca en 2018 y termina en 2024.<\/p>\n\n\n\n<p>Antes de AMLO, la noche neoliberal; despu\u00e9s de AMLO, la luz.<\/p>\n\n\n\n<p>Entre medias, ella: alumna aplicada del maestro.<\/p>\n\n\n\n<p>El libro repite una idea central:<\/p>\n\n\n\n<p>\u201c\u00c9l es el origen. Nosotros, la continuidad.\u201d<\/p>\n\n\n\n<p>Y eso lo explica todo: Sheinbaum se define m\u00e1s como heredera que como corregidora. No hay un solo cap\u00edtulo donde diga: \u201cAqu\u00ed nos equivocamos y aqu\u00ed pienso hacer algo distinto\u201d. No hay Metro, no hay feministas encapsuladas, no hay dudas sobre la estrategia de seguridad, no hay tensi\u00f3n interna en Morena.<\/p>\n\n\n\n<p>Todo es armon\u00eda.<\/p>\n\n\n\n<p>Todo es reconocimiento al l\u00edder.<\/p>\n\n\n\n<p>Todo es transici\u00f3n hist\u00f3rica sin sobresaltos.<\/p>\n\n\n\n<p>Parad\u00f3jicamente, el \u201cdiario\u201d casi no habla de lo que la gente vive hoy:<\/p>\n\n\n\n<p>inflaci\u00f3n, miedo, asesinatos, desconfianza.<\/p>\n\n\n\n<p>Habla de la emoci\u00f3n de la victoria, de la gira, de las horas de conversaci\u00f3n con el Presidente saliente, de la foto en Palacio donde \u00e9l le entrega simb\u00f3licamente el bast\u00f3n\u2026 y poco m\u00e1s.<\/p>\n\n\n\n<p>Si Grandeza es el libro del pasado ideal, el Diario es el libro del presente negado: un presente maquillado como ep\u00edlogo feliz, donde la \u00fanica tarea es seguir por el mismo camino, como si la realidad no estuviera tocando la puerta a golpes.<\/p>\n\n\n\n<p>\u2e3b<\/p>\n\n\n\n<p><strong>III. El que imagin\u00f3 el futuro: Camino a la nueva Rep\u00fablica de Mu\u00f1oz Ledo, C\u00e1rdenas y compa\u00f1\u00eda<\/strong><\/p>\n\n\n\n<p>Luego est\u00e1 Camino a la nueva Rep\u00fablica, coordinado por <strong>Porfirio Mu\u00f1oz Ledo<\/strong> y <strong>Tatiana Alc\u00e1zar<\/strong>, con textos de <strong>Cuauht\u00e9moc C\u00e1rdenas<\/strong> y otras voces que llevan d\u00e9cadas peleando por la democracia.<\/p>\n\n\n\n<p>Este no es un libro de culto a la personalidad.<\/p>\n\n\n\n<p>Es un libro inc\u00f3modo porque recuerda que la historia democr\u00e1tica de M\u00e9xico no empez\u00f3 en 2018.<\/p>\n\n\n\n<p>Habla de:<\/p>\n\n\n\n<p>\u2022 el fraude del 88,<br>\u2022 las reformas de los 90,<br>\u2022 la alternancia del 2000,<br>\u2022 la construcci\u00f3n del sistema electoral,<br>\u2022 y, s\u00ed, tambi\u00e9n de la llegada de la izquierda al poder en 2018.<\/p>\n\n\n\n<p>Pero en lugar de cantar victoria, hace preguntas:<\/p>\n\n\n\n<p>\u2022 \u00bfPor qu\u00e9 no tenemos todav\u00eda una reforma fiscal seria?<br>\u2022 \u00bfPor qu\u00e9 siguen deterior\u00e1ndose la educaci\u00f3n y la salud p\u00fablicas?<br>\u2022 \u00bfPor qu\u00e9 no hay di\u00e1logo con las voces disidentes?<\/p>\n\n\n\n<p><strong>C\u00e1rdenas<\/strong>, el mismo que llen\u00f3 el Z\u00f3calo cuando <strong>Morena<\/strong> no exist\u00eda, dijo algo brutal en la presentaci\u00f3n: le preocupa que el gobierno de Sheinbaum no discuta los problemas con quienes piensan distinto.<\/p>\n\n\n\n<p>Es el libro del futuro por hacer, no del futuro garantizado.<\/p>\n\n\n\n<p>No da por sentada la \u201cnueva Rep\u00fablica\u201d: la pone como meta condicionada a que el poder corrija, escuche y se reforme a s\u00ed mismo.<\/p>\n\n\n\n<p>Y ah\u00ed est\u00e1 la iron\u00eda:<\/p>\n\n\n\n<p>los dos primeros libros \u2014el del pasado glorioso y el del presente perfecto\u2014 vienen de quienes se beneficiaron de la lucha que narran el tercero y sus autores.<\/p>\n\n\n\n<p>Sin <strong>Mu\u00f1oz Ledo<\/strong> y sin <strong>C\u00e1rdenas<\/strong> no habr\u00eda credencial de elector, ni instituto ciudadano, ni condiciones para que una izquierda llegara legalmente a la presidencia.<\/p>\n\n\n\n<p>Hoy, sus banderas sirven de tapete: se invoca su memoria, pero se ignoran sus advertencias.<\/p>\n\n\n\n<p>\u2e3b<\/p>\n\n\n\n<p><strong>IV. Tres relatos del poder, un pa\u00eds en disputa<\/strong><\/p>\n\n\n\n<p>Si ponemos los tres libros en la mesa, quedan claros los papeles:<\/p>\n\n\n\n<p>\u2022 El que prefiere ver el pasado: L\u00f3pez Obrador mira mil a\u00f1os atr\u00e1s para no hablar de seis a\u00f1os recientes.<br>\u2022 La que no puede ver el presente: Sheinbaum cuenta la transici\u00f3n como si ya hubi\u00e9ramos llegado y no quedara nada por discutir.<br>\u2022 El que imagin\u00f3 el futuro: <strong>Mu\u00f1oz Ledo<\/strong> \u2014y con \u00e9l <strong>C\u00e1rdenas<\/strong>\u2014 nos recuerdan que la democracia es una obra negra, no una casa terminada.<\/p>\n\n\n\n<p>Los dos primeros construyen una narrativa epop\u00e9yica y autojustificativa:<\/p>\n\n\n\n<p>hay un pasado heroico, un pueblo virtuoso, un l\u00edder casi infalible y una transformaci\u00f3n que solo necesita continuidad.<\/p>\n\n\n\n<p>Las disonancias se minimizan, las cifras inc\u00f3modas se tapan con \u201cotros datos\u201d y cualquier cr\u00edtica se clasifica como conservadora.<\/p>\n\n\n\n<p>El tercero es anal\u00edtico y condicional:<\/p>\n\n\n\n<p>reconoce avances, pero tambi\u00e9n desviaciones; celebra las conquistas democr\u00e1ticas, pero advierte retrocesos autoritarios; no concede a nadie el derecho a declararse due\u00f1o definitivo de la historia.<\/p>\n\n\n\n<p>Para un r\u00e9gimen que se alimenta de relatos, esta pelea importa.<\/p>\n\n\n\n<p>No es un pleito entre editoriales: es una batalla por el sentido com\u00fan de la ciudadan\u00eda.<\/p>\n\n\n\n<p>\u2022 Si usted se queda solo con Grandeza, creer\u00e1 que cualquier cuestionamiento al gobierno actual es una traici\u00f3n a los pueblos originarios.<br>\u2022 Si solo lee Diario de una transici\u00f3n hist\u00f3rica, pensar\u00e1 que el mayor problema del pa\u00eds es que la oposici\u00f3n no aplaude lo suficiente.<br>\u2022 Si se asoma a Camino a la nueva Rep\u00fablica, entender\u00e1 que la transici\u00f3n democr\u00e1tica fue trabajo colectivo y que la 4T es apenas un cap\u00edtulo \u2014importante, s\u00ed\u2014 pero ni el primero ni el \u00faltimo.<\/p>\n\n\n\n<p>Al final, la pregunta no es qu\u00e9 libro vende m\u00e1s, sino qu\u00e9 historia nos contamos para justificar el poder.<\/p>\n\n\n\n<p>Porque la verdadera grandeza de M\u00e9xico no est\u00e1 en glorificarse sin m\u00e1cula, sino en mirarse al espejo con honestidad.<\/p>\n\n\n\n<p>Porque ninguna transici\u00f3n puede darse por concluida mientras haya voces leg\u00edtimas excluidas del di\u00e1logo.<\/p>\n\n\n\n<p>Porque el camino a una nueva Rep\u00fablica no pasa por memorias complacientes, sino por reconocer que el poder, incluso el que se dice popular, necesita correcciones, l\u00edmites y memoria.<\/p>\n\n\n\n<p>Los tres libros cierran el 2025 como cat\u00e1logo de opciones:<\/p>\n\n\n\n<p>\u2022 El pasado mitificado.<br>\u2022 El presente maquillado.<br>\u2022 El futuro exigente.<\/p>\n\n\n\n<p>Que cada quien escoja su lectura.<\/p>\n\n\n\n<p>Y que quienes opinan sin leer reconozcan, al menos, qu\u00e9 narrativa legitiman cuando aplauden o cuando callan:<\/p>\n\n\n\n<p>la de la nueva \u00e9lite gobernante que aspira a perpetuarse mediante la fe ciega en sus propios mitos,<\/p>\n\n\n\n<p>o la de los aut\u00e9nticos dem\u00f3cratas de izquierda mexicana que lucharon por un pa\u00eds plural, libre y honesto, muy distinto al que hoy pretende imponerse.<\/p>\n\n\n\n<p>PD: Los libros de <strong>Sheinbaum<\/strong> y <strong>L\u00f3pez Obrador<\/strong> los regalan en PDF.<\/p>\n\n\n\n<p>El libro de <strong>Mu\u00f1oz Ledo<\/strong>, <strong>Alc\u00e1zar<\/strong> y compa\u00f1\u00eda cuesta $349 pesos.<\/p>\n\n\n\n<p>Y s\u00ed: es el \u00fanico que vale la pena leer.<\/p>\n\n\n\n<p><\/p>\n","protected":false},"excerpt":{"rendered":"<p>Ram\u00f3n Alberto Reyes ViverosZoociedad An\u00f3nima Historias de la Rep\u00fablica a la dictadura de los otros datos: el que prefiere ver el pasado, quien a\u00fan no puede ver el presente y el que imagin\u00f3 el futuro\u2026 \u2e3b Si usted no va a leer ni una sola p\u00e1gina de Grandeza, Diario de una transici\u00f3n hist\u00f3rica o Camino [&hellip;]<\/p>\n","protected":false},"author":2,"featured_media":144875,"comment_status":"closed","ping_status":"closed","sticky":false,"template":"","format":"standard","meta":{"tdm_status":"","tdm_grid_status":"","footnotes":""},"categories":[70],"tags":[15551],"class_list":{"0":"post-157885","1":"post","2":"type-post","3":"status-publish","4":"format-standard","5":"has-post-thumbnail","7":"category-de-opinion","8":"tag-ramon-alberto-reyes-viveros"},"yoast_head":"<!-- This site is optimized with the Yoast SEO plugin v27.4 - https:\/\/yoast.com\/product\/yoast-seo-wordpress\/ -->\n<title>TRES LIBROS DEL NUEVO R\u00c9GIMEN PARA EL FIN DE 2025 - Los pol\u00edticos Veracruz<\/title>\n<meta name=\"robots\" content=\"index, follow, max-snippet:-1, max-image-preview:large, max-video-preview:-1\" \/>\n<link rel=\"canonical\" href=\"https:\/\/lospoliticosveracruz.com\/?p=157885\" \/>\n<meta property=\"og:locale\" content=\"es_ES\" \/>\n<meta property=\"og:type\" content=\"article\" \/>\n<meta property=\"og:title\" content=\"TRES LIBROS DEL NUEVO R\u00c9GIMEN PARA EL FIN DE 2025 - Los pol\u00edticos Veracruz\" \/>\n<meta property=\"og:description\" content=\"Ram\u00f3n Alberto Reyes ViverosZoociedad An\u00f3nima Historias de la Rep\u00fablica a la dictadura de los otros datos: el que prefiere ver el pasado, quien a\u00fan no puede ver el presente y el que imagin\u00f3 el futuro\u2026 \u2e3b Si usted no va a leer ni una sola p\u00e1gina de Grandeza, Diario de una transici\u00f3n hist\u00f3rica o Camino [&hellip;]\" \/>\n<meta property=\"og:url\" content=\"https:\/\/lospoliticosveracruz.com\/?p=157885\" \/>\n<meta property=\"og:site_name\" content=\"Los pol\u00edticos Veracruz\" \/>\n<meta property=\"article:publisher\" content=\"https:\/\/www.facebook.com\/people\/Notimemes-de-los-Polticos\/61565672886568\/\" \/>\n<meta property=\"article:published_time\" content=\"2025-12-05T03:19:26+00:00\" \/>\n<meta property=\"article:modified_time\" content=\"2025-12-05T14:27:30+00:00\" \/>\n<meta property=\"og:image\" content=\"https:\/\/lospoliticosveracruz.com\/wp-content\/uploads\/2025\/05\/Ramon-Reyes-Viveros.jpg\" \/>\n\t<meta property=\"og:image:width\" content=\"1250\" \/>\n\t<meta property=\"og:image:height\" content=\"667\" \/>\n\t<meta property=\"og:image:type\" content=\"image\/jpeg\" \/>\n<meta name=\"author\" content=\"Lo viste en Los Pol\u00edticos\" \/>\n<meta name=\"twitter:card\" content=\"summary_large_image\" \/>\n<meta name=\"twitter:creator\" content=\"@LosPoliticosVer\" \/>\n<meta name=\"twitter:site\" content=\"@LosPoliticosVer\" \/>\n<meta name=\"twitter:label1\" content=\"Escrito por\" \/>\n\t<meta name=\"twitter:data1\" content=\"Lo viste en Los Pol\u00edticos\" \/>\n\t<meta name=\"twitter:label2\" content=\"Tiempo de lectura\" \/>\n\t<meta name=\"twitter:data2\" content=\"8 minutos\" \/>\n<script type=\"application\/ld+json\" class=\"yoast-schema-graph\">{\"@context\":\"https:\\\/\\\/schema.org\",\"@graph\":[{\"@type\":\"Article\",\"@id\":\"https:\\\/\\\/lospoliticosveracruz.com\\\/?p=157885#article\",\"isPartOf\":{\"@id\":\"https:\\\/\\\/lospoliticosveracruz.com\\\/?p=157885\"},\"author\":{\"name\":\"Lo viste en Los Pol\u00edticos\",\"@id\":\"https:\\\/\\\/lospoliticosveracruz.com\\\/#\\\/schema\\\/person\\\/b8702bb0e538456e6efd07080bf2a4a2\"},\"headline\":\"TRES LIBROS DEL NUEVO R\u00c9GIMEN PARA EL FIN DE 2025\",\"datePublished\":\"2025-12-05T03:19:26+00:00\",\"dateModified\":\"2025-12-05T14:27:30+00:00\",\"mainEntityOfPage\":{\"@id\":\"https:\\\/\\\/lospoliticosveracruz.com\\\/?p=157885\"},\"wordCount\":1524,\"publisher\":{\"@id\":\"https:\\\/\\\/lospoliticosveracruz.com\\\/#organization\"},\"image\":{\"@id\":\"https:\\\/\\\/lospoliticosveracruz.com\\\/?p=157885#primaryimage\"},\"thumbnailUrl\":\"https:\\\/\\\/lospoliticosveracruz.com\\\/wp-content\\\/uploads\\\/2025\\\/05\\\/Ramon-Reyes-Viveros.jpg\",\"keywords\":[\"Ram\u00f3n Alberto Reyes Viveros\"],\"articleSection\":[\"De Opini\u00f3n\"],\"inLanguage\":\"es\"},{\"@type\":\"WebPage\",\"@id\":\"https:\\\/\\\/lospoliticosveracruz.com\\\/?p=157885\",\"url\":\"https:\\\/\\\/lospoliticosveracruz.com\\\/?p=157885\",\"name\":\"TRES LIBROS DEL NUEVO R\u00c9GIMEN PARA EL FIN DE 2025 - Los pol\u00edticos Veracruz\",\"isPartOf\":{\"@id\":\"https:\\\/\\\/lospoliticosveracruz.com\\\/#website\"},\"primaryImageOfPage\":{\"@id\":\"https:\\\/\\\/lospoliticosveracruz.com\\\/?p=157885#primaryimage\"},\"image\":{\"@id\":\"https:\\\/\\\/lospoliticosveracruz.com\\\/?p=157885#primaryimage\"},\"thumbnailUrl\":\"https:\\\/\\\/lospoliticosveracruz.com\\\/wp-content\\\/uploads\\\/2025\\\/05\\\/Ramon-Reyes-Viveros.jpg\",\"datePublished\":\"2025-12-05T03:19:26+00:00\",\"dateModified\":\"2025-12-05T14:27:30+00:00\",\"breadcrumb\":{\"@id\":\"https:\\\/\\\/lospoliticosveracruz.com\\\/?p=157885#breadcrumb\"},\"inLanguage\":\"es\",\"potentialAction\":[{\"@type\":\"ReadAction\",\"target\":[\"https:\\\/\\\/lospoliticosveracruz.com\\\/?p=157885\"]}]},{\"@type\":\"ImageObject\",\"inLanguage\":\"es\",\"@id\":\"https:\\\/\\\/lospoliticosveracruz.com\\\/?p=157885#primaryimage\",\"url\":\"https:\\\/\\\/lospoliticosveracruz.com\\\/wp-content\\\/uploads\\\/2025\\\/05\\\/Ramon-Reyes-Viveros.jpg\",\"contentUrl\":\"https:\\\/\\\/lospoliticosveracruz.com\\\/wp-content\\\/uploads\\\/2025\\\/05\\\/Ramon-Reyes-Viveros.jpg\",\"width\":1250,\"height\":667},{\"@type\":\"BreadcrumbList\",\"@id\":\"https:\\\/\\\/lospoliticosveracruz.com\\\/?p=157885#breadcrumb\",\"itemListElement\":[{\"@type\":\"ListItem\",\"position\":1,\"name\":\"Portada\",\"item\":\"https:\\\/\\\/lospoliticosveracruz.com\\\/\"},{\"@type\":\"ListItem\",\"position\":2,\"name\":\"TRES LIBROS DEL NUEVO R\u00c9GIMEN PARA EL FIN DE 2025\"}]},{\"@type\":\"WebSite\",\"@id\":\"https:\\\/\\\/lospoliticosveracruz.com\\\/#website\",\"url\":\"https:\\\/\\\/lospoliticosveracruz.com\\\/\",\"name\":\"Los pol\u00edticos Veracruz\",\"description\":\"\",\"publisher\":{\"@id\":\"https:\\\/\\\/lospoliticosveracruz.com\\\/#organization\"},\"potentialAction\":[{\"@type\":\"SearchAction\",\"target\":{\"@type\":\"EntryPoint\",\"urlTemplate\":\"https:\\\/\\\/lospoliticosveracruz.com\\\/?s={search_term_string}\"},\"query-input\":{\"@type\":\"PropertyValueSpecification\",\"valueRequired\":true,\"valueName\":\"search_term_string\"}}],\"inLanguage\":\"es\"},{\"@type\":\"Organization\",\"@id\":\"https:\\\/\\\/lospoliticosveracruz.com\\\/#organization\",\"name\":\"Los pol\u00edticos Veracruz\",\"url\":\"https:\\\/\\\/lospoliticosveracruz.com\\\/\",\"logo\":{\"@type\":\"ImageObject\",\"inLanguage\":\"es\",\"@id\":\"https:\\\/\\\/lospoliticosveracruz.com\\\/#\\\/schema\\\/logo\\\/image\\\/\",\"url\":\"https:\\\/\\\/lospoliticosveracruz.com\\\/wp-content\\\/uploads\\\/2025\\\/12\\\/Logo-Nuevo-LOS-POLITICOS-1.jpg\",\"contentUrl\":\"https:\\\/\\\/lospoliticosveracruz.com\\\/wp-content\\\/uploads\\\/2025\\\/12\\\/Logo-Nuevo-LOS-POLITICOS-1.jpg\",\"width\":260,\"height\":70,\"caption\":\"Los pol\u00edticos Veracruz\"},\"image\":{\"@id\":\"https:\\\/\\\/lospoliticosveracruz.com\\\/#\\\/schema\\\/logo\\\/image\\\/\"},\"sameAs\":[\"https:\\\/\\\/www.facebook.com\\\/people\\\/Notimemes-de-los-Polticos\\\/61565672886568\\\/\",\"https:\\\/\\\/x.com\\\/LosPoliticosVer\"]},{\"@type\":\"Person\",\"@id\":\"https:\\\/\\\/lospoliticosveracruz.com\\\/#\\\/schema\\\/person\\\/b8702bb0e538456e6efd07080bf2a4a2\",\"name\":\"Lo viste en Los Pol\u00edticos\",\"image\":{\"@type\":\"ImageObject\",\"inLanguage\":\"es\",\"@id\":\"https:\\\/\\\/secure.gravatar.com\\\/avatar\\\/3a8de04a2656d44082be478bd6c086daa447c4651605818287b9532d3d0bd435?s=96&d=mm&r=g\",\"url\":\"https:\\\/\\\/secure.gravatar.com\\\/avatar\\\/3a8de04a2656d44082be478bd6c086daa447c4651605818287b9532d3d0bd435?s=96&d=mm&r=g\",\"contentUrl\":\"https:\\\/\\\/secure.gravatar.com\\\/avatar\\\/3a8de04a2656d44082be478bd6c086daa447c4651605818287b9532d3d0bd435?s=96&d=mm&r=g\",\"caption\":\"Lo viste en Los Pol\u00edticos\"},\"url\":\"https:\\\/\\\/lospoliticosveracruz.com\\\/?author=2\"}]}<\/script>\n<!-- \/ Yoast SEO plugin. -->","yoast_head_json":{"title":"TRES LIBROS DEL NUEVO R\u00c9GIMEN PARA EL FIN DE 2025 - Los pol\u00edticos Veracruz","robots":{"index":"index","follow":"follow","max-snippet":"max-snippet:-1","max-image-preview":"max-image-preview:large","max-video-preview":"max-video-preview:-1"},"canonical":"https:\/\/lospoliticosveracruz.com\/?p=157885","og_locale":"es_ES","og_type":"article","og_title":"TRES LIBROS DEL NUEVO R\u00c9GIMEN PARA EL FIN DE 2025 - Los pol\u00edticos Veracruz","og_description":"Ram\u00f3n Alberto Reyes ViverosZoociedad An\u00f3nima Historias de la Rep\u00fablica a la dictadura de los otros datos: el que prefiere ver el pasado, quien a\u00fan no puede ver el presente y el que imagin\u00f3 el futuro\u2026 \u2e3b Si usted no va a leer ni una sola p\u00e1gina de Grandeza, Diario de una transici\u00f3n hist\u00f3rica o Camino [&hellip;]","og_url":"https:\/\/lospoliticosveracruz.com\/?p=157885","og_site_name":"Los pol\u00edticos Veracruz","article_publisher":"https:\/\/www.facebook.com\/people\/Notimemes-de-los-Polticos\/61565672886568\/","article_published_time":"2025-12-05T03:19:26+00:00","article_modified_time":"2025-12-05T14:27:30+00:00","og_image":[{"width":1250,"height":667,"url":"https:\/\/lospoliticosveracruz.com\/wp-content\/uploads\/2025\/05\/Ramon-Reyes-Viveros.jpg","type":"image\/jpeg"}],"author":"Lo viste en Los Pol\u00edticos","twitter_card":"summary_large_image","twitter_creator":"@LosPoliticosVer","twitter_site":"@LosPoliticosVer","twitter_misc":{"Escrito por":"Lo viste en Los Pol\u00edticos","Tiempo de lectura":"8 minutos"},"schema":{"@context":"https:\/\/schema.org","@graph":[{"@type":"Article","@id":"https:\/\/lospoliticosveracruz.com\/?p=157885#article","isPartOf":{"@id":"https:\/\/lospoliticosveracruz.com\/?p=157885"},"author":{"name":"Lo viste en Los Pol\u00edticos","@id":"https:\/\/lospoliticosveracruz.com\/#\/schema\/person\/b8702bb0e538456e6efd07080bf2a4a2"},"headline":"TRES LIBROS DEL NUEVO R\u00c9GIMEN PARA EL FIN DE 2025","datePublished":"2025-12-05T03:19:26+00:00","dateModified":"2025-12-05T14:27:30+00:00","mainEntityOfPage":{"@id":"https:\/\/lospoliticosveracruz.com\/?p=157885"},"wordCount":1524,"publisher":{"@id":"https:\/\/lospoliticosveracruz.com\/#organization"},"image":{"@id":"https:\/\/lospoliticosveracruz.com\/?p=157885#primaryimage"},"thumbnailUrl":"https:\/\/lospoliticosveracruz.com\/wp-content\/uploads\/2025\/05\/Ramon-Reyes-Viveros.jpg","keywords":["Ram\u00f3n Alberto Reyes Viveros"],"articleSection":["De Opini\u00f3n"],"inLanguage":"es"},{"@type":"WebPage","@id":"https:\/\/lospoliticosveracruz.com\/?p=157885","url":"https:\/\/lospoliticosveracruz.com\/?p=157885","name":"TRES LIBROS DEL NUEVO R\u00c9GIMEN PARA EL FIN DE 2025 - Los pol\u00edticos Veracruz","isPartOf":{"@id":"https:\/\/lospoliticosveracruz.com\/#website"},"primaryImageOfPage":{"@id":"https:\/\/lospoliticosveracruz.com\/?p=157885#primaryimage"},"image":{"@id":"https:\/\/lospoliticosveracruz.com\/?p=157885#primaryimage"},"thumbnailUrl":"https:\/\/lospoliticosveracruz.com\/wp-content\/uploads\/2025\/05\/Ramon-Reyes-Viveros.jpg","datePublished":"2025-12-05T03:19:26+00:00","dateModified":"2025-12-05T14:27:30+00:00","breadcrumb":{"@id":"https:\/\/lospoliticosveracruz.com\/?p=157885#breadcrumb"},"inLanguage":"es","potentialAction":[{"@type":"ReadAction","target":["https:\/\/lospoliticosveracruz.com\/?p=157885"]}]},{"@type":"ImageObject","inLanguage":"es","@id":"https:\/\/lospoliticosveracruz.com\/?p=157885#primaryimage","url":"https:\/\/lospoliticosveracruz.com\/wp-content\/uploads\/2025\/05\/Ramon-Reyes-Viveros.jpg","contentUrl":"https:\/\/lospoliticosveracruz.com\/wp-content\/uploads\/2025\/05\/Ramon-Reyes-Viveros.jpg","width":1250,"height":667},{"@type":"BreadcrumbList","@id":"https:\/\/lospoliticosveracruz.com\/?p=157885#breadcrumb","itemListElement":[{"@type":"ListItem","position":1,"name":"Portada","item":"https:\/\/lospoliticosveracruz.com\/"},{"@type":"ListItem","position":2,"name":"TRES LIBROS DEL NUEVO R\u00c9GIMEN PARA EL FIN DE 2025"}]},{"@type":"WebSite","@id":"https:\/\/lospoliticosveracruz.com\/#website","url":"https:\/\/lospoliticosveracruz.com\/","name":"Los pol\u00edticos Veracruz","description":"","publisher":{"@id":"https:\/\/lospoliticosveracruz.com\/#organization"},"potentialAction":[{"@type":"SearchAction","target":{"@type":"EntryPoint","urlTemplate":"https:\/\/lospoliticosveracruz.com\/?s={search_term_string}"},"query-input":{"@type":"PropertyValueSpecification","valueRequired":true,"valueName":"search_term_string"}}],"inLanguage":"es"},{"@type":"Organization","@id":"https:\/\/lospoliticosveracruz.com\/#organization","name":"Los pol\u00edticos Veracruz","url":"https:\/\/lospoliticosveracruz.com\/","logo":{"@type":"ImageObject","inLanguage":"es","@id":"https:\/\/lospoliticosveracruz.com\/#\/schema\/logo\/image\/","url":"https:\/\/lospoliticosveracruz.com\/wp-content\/uploads\/2025\/12\/Logo-Nuevo-LOS-POLITICOS-1.jpg","contentUrl":"https:\/\/lospoliticosveracruz.com\/wp-content\/uploads\/2025\/12\/Logo-Nuevo-LOS-POLITICOS-1.jpg","width":260,"height":70,"caption":"Los pol\u00edticos Veracruz"},"image":{"@id":"https:\/\/lospoliticosveracruz.com\/#\/schema\/logo\/image\/"},"sameAs":["https:\/\/www.facebook.com\/people\/Notimemes-de-los-Polticos\/61565672886568\/","https:\/\/x.com\/LosPoliticosVer"]},{"@type":"Person","@id":"https:\/\/lospoliticosveracruz.com\/#\/schema\/person\/b8702bb0e538456e6efd07080bf2a4a2","name":"Lo viste en Los Pol\u00edticos","image":{"@type":"ImageObject","inLanguage":"es","@id":"https:\/\/secure.gravatar.com\/avatar\/3a8de04a2656d44082be478bd6c086daa447c4651605818287b9532d3d0bd435?s=96&d=mm&r=g","url":"https:\/\/secure.gravatar.com\/avatar\/3a8de04a2656d44082be478bd6c086daa447c4651605818287b9532d3d0bd435?s=96&d=mm&r=g","contentUrl":"https:\/\/secure.gravatar.com\/avatar\/3a8de04a2656d44082be478bd6c086daa447c4651605818287b9532d3d0bd435?s=96&d=mm&r=g","caption":"Lo viste en Los Pol\u00edticos"},"url":"https:\/\/lospoliticosveracruz.com\/?author=2"}]}},"_links":{"self":[{"href":"https:\/\/lospoliticosveracruz.com\/index.php?rest_route=\/wp\/v2\/posts\/157885","targetHints":{"allow":["GET"]}}],"collection":[{"href":"https:\/\/lospoliticosveracruz.com\/index.php?rest_route=\/wp\/v2\/posts"}],"about":[{"href":"https:\/\/lospoliticosveracruz.com\/index.php?rest_route=\/wp\/v2\/types\/post"}],"author":[{"embeddable":true,"href":"https:\/\/lospoliticosveracruz.com\/index.php?rest_route=\/wp\/v2\/users\/2"}],"replies":[{"embeddable":true,"href":"https:\/\/lospoliticosveracruz.com\/index.php?rest_route=%2Fwp%2Fv2%2Fcomments&post=157885"}],"version-history":[{"count":2,"href":"https:\/\/lospoliticosveracruz.com\/index.php?rest_route=\/wp\/v2\/posts\/157885\/revisions"}],"predecessor-version":[{"id":157907,"href":"https:\/\/lospoliticosveracruz.com\/index.php?rest_route=\/wp\/v2\/posts\/157885\/revisions\/157907"}],"wp:featuredmedia":[{"embeddable":true,"href":"https:\/\/lospoliticosveracruz.com\/index.php?rest_route=\/wp\/v2\/media\/144875"}],"wp:attachment":[{"href":"https:\/\/lospoliticosveracruz.com\/index.php?rest_route=%2Fwp%2Fv2%2Fmedia&parent=157885"}],"wp:term":[{"taxonomy":"category","embeddable":true,"href":"https:\/\/lospoliticosveracruz.com\/index.php?rest_route=%2Fwp%2Fv2%2Fcategories&post=157885"},{"taxonomy":"post_tag","embeddable":true,"href":"https:\/\/lospoliticosveracruz.com\/index.php?rest_route=%2Fwp%2Fv2%2Ftags&post=157885"}],"curies":[{"name":"wp","href":"https:\/\/api.w.org\/{rel}","templated":true}]}}