{"id":157894,"date":"2025-12-05T06:09:55","date_gmt":"2025-12-05T12:09:55","guid":{"rendered":"https:\/\/lospoliticosveracruz.com.mx\/?p=157894"},"modified":"2025-12-05T06:10:46","modified_gmt":"2025-12-05T12:10:46","slug":"notable-cambio-positivo-de-nahle","status":"publish","type":"post","link":"https:\/\/lospoliticosveracruz.com\/?p=157894","title":{"rendered":"NOTABLE CAMBIO POSITIVO DE NAHLE"},"content":{"rendered":"\n<p><strong>Fanny Y\u00e9pez<\/strong><br><em>La Columna<\/em><\/p>\n\n\n\n<p>Despu\u00e9s de un a\u00f1o, la gobernadora Roc\u00edo Nahle Garc\u00eda, escuch\u00f3 con detenimiento las preguntas y opiniones de los diputados locales, sobre todo los de oposici\u00f3n, que, sin caer en diatribas, reclamaron lo justo, lo que muchos veracruzanos tambi\u00e9n vemos diariamente en los distintos renglones de la administraci\u00f3n estatal.<\/p>\n\n\n\n\n\n<p><br>Nunca tuve dudas de la capacidad de Roc\u00edo Nahle, pero el poder transforma y a veces hasta hace que los poderosos pierdan el piso, porque la naturaleza del ser humano es as\u00ed y la muestra la hemos visto hasta con los que llegan de regidores, que de la noche a la ma\u00f1ana cambian el saludo, la indumentaria y hasta la forma de caminar.<br>A Roc\u00edo Nahle se le noto emp\u00e1tica, que es la capacidad de comprender y compartir los sentimientos de otra persona, poni\u00e9ndose en su lugar sin necesariamente estar de acuerdo con ella. Implica escuchar activamente y sin prejuicios, reconocer las emociones del otro incluso a trav\u00e9s de la comunicaci\u00f3n no verbal, y responder de manera compasiva y solidaria.<br>Los que esta vez preguntaron en el Congreso fueron los representantes del pueblo, esos funcionarios que fueron elegidos para guardar el equilibrio entre los poderes, los que velan para coadyuvar con el poder ejecutivo a que a Veracruz le vaya mejor y que, adem\u00e1s, son personas preparadas para evidenciar lo que no est\u00e1 bien visto.<br>Estos no son carro\u00f1eros ni hay que darles contentillo, ellos son una verdadera autoridad legislativa y, afortunadamente, as\u00ed lo entendi\u00f3 la gobernadora, que reconoci\u00f3 las fallas del titular de la SIOP, el ahora famoso Leonardo Cornejo Serrano, que ha sido multi citado en comentarios y columnas pol\u00edticas, pero por sus deficiencias.<br>La curva de aprendizaje de Roc\u00edo Nahle ha tenido sus efectos positivos, despu\u00e9s de haber sido diputada de oposici\u00f3n, senadora y despu\u00e9s secretaria de energ\u00eda, para pasar a ser gobernadora, le ha permitido observar que esas posiciones, aunque todas valiosas, son completamente distintas en su funcionamiento.<br>Sus reacciones fueron bien vistas por la gran mayor\u00eda del respetable p\u00fablico veracruzano, tambi\u00e9n fueron bien vistas por muchos de sus cr\u00edticos recurrentes, incluso hasta por el senador Manuel Huerta, que no se aguanta las ganas de opinar con su voz desganada, pero llena de coraje, en contra del gobierno estatal; hasta \u00e9l agradeci\u00f3 las palabras de la mandataria veracruzana.<br>Parece que estamos en un despu\u00e9s, un despu\u00e9s de un a\u00f1o de lidiar con muchas dificultades. Donde los arrebatos eran reacciones a los momentos \u00e1lgidos que se vive en la administraci\u00f3n de un gran Estado como Veracruz, que tiene todo para ser muy rico, pero lamentablemente solo seguimos viendo pobreza.<br>El ejemplo que dio a sus colaboradores Roc\u00edo Nahle, tambi\u00e9n es de mucho reconocimiento, porque algunos de sus secretarios de despacho se mostraron, en la comparecencia y en la vida diaria, como unos verdaderos ignorantes de la responsabilidad que les asignaron.<br>Le quedan muchos pendientes a la gobernadora y seguramente los ir\u00e1 resolviendo y superando con las semanas y los meses, es lo que muchos deseamos para estabilizar el \u00e1nimo en muchas personas que, afanosamente se entregaron a los trabajos de campa\u00f1a y \u201calguien\u201d se preocup\u00f3 por intrigarlos.<br>Pudimos ver que esa debilidad ante la \u201cgrilla\u201d la hizo cambiar de parecer, con muchos que le apoyaron, que invirtieron en gasolinas, comidas y refrescos para alcanzar el objetivo de verla como gobernadora, pero despu\u00e9s de este cambio que hoy se vive, pensamos que ahora todo va a ser distinto.<br>As\u00ed es que como dijo un buen d\u00eda el ex gobernador, Miguel Alem\u00e1n Velasco, \u201clos que ya bailaron, que se sienten\u201d, porque lamentablemente no pudieron con el paquete y la gran oportunidad la tuvieron en sus manos, pero la dejaron perder.<br>Este cambio de car\u00e1cter de Roc\u00edo Nahle llega como un regalo de Navidad para muchos veracruzanos, que sabemos que, si a ella le va bien, nos va bien a todos, entonces como dijo la paisana \u201cYuri\u201d, vendr\u00e1n tiempos mejores.<br>Ahora todos esperan los tan comentados cambios en el gabinete que conforman el primer c\u00edrculo, varios pasaron airosos la curva del aprendizaje, en vez de ayudar, afectaron a la Gobernadora Roc\u00edo Nahle y ahora tienen que enfrentar las consecuencias de sus errores.<br><strong>Lo dejaron solo, el pueblo de Poza Rica abandono al alcalde<\/strong><br>Lo que siembras, cosechas reza un viejo y sabio refr\u00e1n popular. Efectivamente es lo que le est\u00e1 ocurriendo al presidente municipal de Poza Rica, Fernando Remes. Resulta que en el tradicional encendido del \u00e1rbol navide\u00f1o dej\u00f3 este a\u00f1o una imagen inesperada: la plaza principal pr\u00e1cticamente de esta ciudad petrolera lucio vac\u00eda, nadie se present\u00f3 acompa\u00f1arlo.<br>En actos similares de a\u00f1os anteriores, congregaba a familias enteras, se convirti\u00f3 en un escenario de ausencia ciudadana. Mientras las luces del \u00e1rbol se encend\u00edan, el espacio p\u00fablico permanec\u00eda desierto, proyectando un contraste entre la intenci\u00f3n festiva y la realidad pol\u00edtica. La invitaci\u00f3n se extendi\u00f3, pero los pozarricenses optaron por castigar al mun\u00edcipe, no cabe duda que \u201cel que siembra tormentas cosecha tempestades\u201d.<br>La ausencia del pueblo evidenci\u00f3 el distanciamiento entre la ciudadan\u00eda y la administraci\u00f3n saliente. Esta situaci\u00f3n revela la irritaci\u00f3n de los ciudadanos, quienes consideran que hubo un mal manejo de la emergencia durante las lluvias de octubre que dejaron inundaciones y v\u00edctimas fallecidas.<br>Reprochan la falta de un llamado a tiempo que alertara a la poblaci\u00f3n sobre la inundaci\u00f3n que arras\u00f3 con viviendas cercanas al bulevar ribere\u00f1o. La figura del alcalde, aislado en lo alto, reforz\u00f3 la percepci\u00f3n de la indiferencia de los pobladores a su autoridad. El encendido, que suele ser un acto de uni\u00f3n y esperanza, se transform\u00f3 en la met\u00e1fora de una soledad oficial, a unos d\u00edas de que culmine la administraci\u00f3n municipal.<\/p>\n\n\n\n<p><\/p>\n","protected":false},"excerpt":{"rendered":"<p>Fanny Y\u00e9pezLa Columna Despu\u00e9s de un a\u00f1o, la gobernadora Roc\u00edo Nahle Garc\u00eda, escuch\u00f3 con detenimiento las preguntas y opiniones de los diputados locales, sobre todo los de oposici\u00f3n, que, sin caer en diatribas, reclamaron lo justo, lo que muchos veracruzanos tambi\u00e9n vemos diariamente en los distintos renglones de la administraci\u00f3n estatal. Nunca tuve dudas de [&hellip;]<\/p>\n","protected":false},"author":2,"featured_media":141383,"comment_status":"closed","ping_status":"closed","sticky":false,"template":"","format":"standard","meta":{"tdm_status":"","tdm_grid_status":"","footnotes":""},"categories":[70],"tags":[32972,1026,3578,195],"class_list":{"0":"post-157894","1":"post","2":"type-post","3":"status-publish","4":"format-standard","5":"has-post-thumbnail","7":"category-de-opinion","8":"tag-fernando-remes-garza","9":"tag-morena","10":"tag-rocio-nahle","11":"tag-veracruz"},"yoast_head":"<!-- This site is optimized with the Yoast SEO plugin v27.4 - https:\/\/yoast.com\/product\/yoast-seo-wordpress\/ -->\n<title>NOTABLE CAMBIO POSITIVO DE NAHLE - Los pol\u00edticos Veracruz<\/title>\n<meta name=\"robots\" content=\"index, follow, max-snippet:-1, max-image-preview:large, max-video-preview:-1\" \/>\n<link rel=\"canonical\" href=\"https:\/\/lospoliticosveracruz.com\/?p=157894\" \/>\n<meta property=\"og:locale\" content=\"es_ES\" \/>\n<meta property=\"og:type\" content=\"article\" \/>\n<meta property=\"og:title\" content=\"NOTABLE CAMBIO POSITIVO DE NAHLE - Los pol\u00edticos Veracruz\" \/>\n<meta property=\"og:description\" content=\"Fanny Y\u00e9pezLa Columna Despu\u00e9s de un a\u00f1o, la gobernadora Roc\u00edo Nahle Garc\u00eda, escuch\u00f3 con detenimiento las preguntas y opiniones de los diputados locales, sobre todo los de oposici\u00f3n, que, sin caer en diatribas, reclamaron lo justo, lo que muchos veracruzanos tambi\u00e9n vemos diariamente en los distintos renglones de la administraci\u00f3n estatal. Nunca tuve dudas de [&hellip;]\" \/>\n<meta property=\"og:url\" content=\"https:\/\/lospoliticosveracruz.com\/?p=157894\" \/>\n<meta property=\"og:site_name\" content=\"Los pol\u00edticos Veracruz\" \/>\n<meta property=\"article:publisher\" content=\"https:\/\/www.facebook.com\/people\/Notimemes-de-los-Polticos\/61565672886568\/\" \/>\n<meta property=\"article:published_time\" content=\"2025-12-05T12:09:55+00:00\" \/>\n<meta property=\"article:modified_time\" content=\"2025-12-05T12:10:46+00:00\" \/>\n<meta property=\"og:image\" content=\"https:\/\/lospoliticosveracruz.com\/wp-content\/uploads\/2025\/04\/Fanny-Yepez-Luna.jpg\" \/>\n\t<meta property=\"og:image:width\" content=\"1250\" \/>\n\t<meta property=\"og:image:height\" content=\"667\" \/>\n\t<meta property=\"og:image:type\" content=\"image\/jpeg\" \/>\n<meta name=\"author\" content=\"Lo viste en Los Pol\u00edticos\" \/>\n<meta name=\"twitter:card\" content=\"summary_large_image\" \/>\n<meta name=\"twitter:creator\" content=\"@LosPoliticosVer\" \/>\n<meta name=\"twitter:site\" content=\"@LosPoliticosVer\" \/>\n<meta name=\"twitter:label1\" content=\"Escrito por\" \/>\n\t<meta name=\"twitter:data1\" content=\"Lo viste en Los Pol\u00edticos\" \/>\n\t<meta name=\"twitter:label2\" content=\"Tiempo de lectura\" \/>\n\t<meta name=\"twitter:data2\" content=\"5 minutos\" \/>\n<script type=\"application\/ld+json\" class=\"yoast-schema-graph\">{\"@context\":\"https:\\\/\\\/schema.org\",\"@graph\":[{\"@type\":\"Article\",\"@id\":\"https:\\\/\\\/lospoliticosveracruz.com\\\/?p=157894#article\",\"isPartOf\":{\"@id\":\"https:\\\/\\\/lospoliticosveracruz.com\\\/?p=157894\"},\"author\":{\"name\":\"Lo viste en Los Pol\u00edticos\",\"@id\":\"https:\\\/\\\/lospoliticosveracruz.com\\\/#\\\/schema\\\/person\\\/b8702bb0e538456e6efd07080bf2a4a2\"},\"headline\":\"NOTABLE CAMBIO POSITIVO DE NAHLE\",\"datePublished\":\"2025-12-05T12:09:55+00:00\",\"dateModified\":\"2025-12-05T12:10:46+00:00\",\"mainEntityOfPage\":{\"@id\":\"https:\\\/\\\/lospoliticosveracruz.com\\\/?p=157894\"},\"wordCount\":1013,\"publisher\":{\"@id\":\"https:\\\/\\\/lospoliticosveracruz.com\\\/#organization\"},\"image\":{\"@id\":\"https:\\\/\\\/lospoliticosveracruz.com\\\/?p=157894#primaryimage\"},\"thumbnailUrl\":\"https:\\\/\\\/lospoliticosveracruz.com\\\/wp-content\\\/uploads\\\/2025\\\/04\\\/Fanny-Yepez-Luna-e1768657334923.jpg\",\"keywords\":[\"Fernando Remes Garza\",\"Morena\",\"Roc\u00edo Nahle\",\"Veracruz\"],\"articleSection\":[\"De Opini\u00f3n\"],\"inLanguage\":\"es\"},{\"@type\":\"WebPage\",\"@id\":\"https:\\\/\\\/lospoliticosveracruz.com\\\/?p=157894\",\"url\":\"https:\\\/\\\/lospoliticosveracruz.com\\\/?p=157894\",\"name\":\"NOTABLE CAMBIO POSITIVO DE NAHLE - Los pol\u00edticos Veracruz\",\"isPartOf\":{\"@id\":\"https:\\\/\\\/lospoliticosveracruz.com\\\/#website\"},\"primaryImageOfPage\":{\"@id\":\"https:\\\/\\\/lospoliticosveracruz.com\\\/?p=157894#primaryimage\"},\"image\":{\"@id\":\"https:\\\/\\\/lospoliticosveracruz.com\\\/?p=157894#primaryimage\"},\"thumbnailUrl\":\"https:\\\/\\\/lospoliticosveracruz.com\\\/wp-content\\\/uploads\\\/2025\\\/04\\\/Fanny-Yepez-Luna-e1768657334923.jpg\",\"datePublished\":\"2025-12-05T12:09:55+00:00\",\"dateModified\":\"2025-12-05T12:10:46+00:00\",\"breadcrumb\":{\"@id\":\"https:\\\/\\\/lospoliticosveracruz.com\\\/?p=157894#breadcrumb\"},\"inLanguage\":\"es\",\"potentialAction\":[{\"@type\":\"ReadAction\",\"target\":[\"https:\\\/\\\/lospoliticosveracruz.com\\\/?p=157894\"]}]},{\"@type\":\"ImageObject\",\"inLanguage\":\"es\",\"@id\":\"https:\\\/\\\/lospoliticosveracruz.com\\\/?p=157894#primaryimage\",\"url\":\"https:\\\/\\\/lospoliticosveracruz.com\\\/wp-content\\\/uploads\\\/2025\\\/04\\\/Fanny-Yepez-Luna-e1768657334923.jpg\",\"contentUrl\":\"https:\\\/\\\/lospoliticosveracruz.com\\\/wp-content\\\/uploads\\\/2025\\\/04\\\/Fanny-Yepez-Luna-e1768657334923.jpg\",\"width\":600,\"height\":320},{\"@type\":\"BreadcrumbList\",\"@id\":\"https:\\\/\\\/lospoliticosveracruz.com\\\/?p=157894#breadcrumb\",\"itemListElement\":[{\"@type\":\"ListItem\",\"position\":1,\"name\":\"Portada\",\"item\":\"https:\\\/\\\/lospoliticosveracruz.com\\\/\"},{\"@type\":\"ListItem\",\"position\":2,\"name\":\"NOTABLE CAMBIO POSITIVO DE NAHLE\"}]},{\"@type\":\"WebSite\",\"@id\":\"https:\\\/\\\/lospoliticosveracruz.com\\\/#website\",\"url\":\"https:\\\/\\\/lospoliticosveracruz.com\\\/\",\"name\":\"Los pol\u00edticos Veracruz\",\"description\":\"\",\"publisher\":{\"@id\":\"https:\\\/\\\/lospoliticosveracruz.com\\\/#organization\"},\"potentialAction\":[{\"@type\":\"SearchAction\",\"target\":{\"@type\":\"EntryPoint\",\"urlTemplate\":\"https:\\\/\\\/lospoliticosveracruz.com\\\/?s={search_term_string}\"},\"query-input\":{\"@type\":\"PropertyValueSpecification\",\"valueRequired\":true,\"valueName\":\"search_term_string\"}}],\"inLanguage\":\"es\"},{\"@type\":\"Organization\",\"@id\":\"https:\\\/\\\/lospoliticosveracruz.com\\\/#organization\",\"name\":\"Los pol\u00edticos Veracruz\",\"url\":\"https:\\\/\\\/lospoliticosveracruz.com\\\/\",\"logo\":{\"@type\":\"ImageObject\",\"inLanguage\":\"es\",\"@id\":\"https:\\\/\\\/lospoliticosveracruz.com\\\/#\\\/schema\\\/logo\\\/image\\\/\",\"url\":\"https:\\\/\\\/lospoliticosveracruz.com\\\/wp-content\\\/uploads\\\/2025\\\/12\\\/Logo-Nuevo-LOS-POLITICOS-1.jpg\",\"contentUrl\":\"https:\\\/\\\/lospoliticosveracruz.com\\\/wp-content\\\/uploads\\\/2025\\\/12\\\/Logo-Nuevo-LOS-POLITICOS-1.jpg\",\"width\":260,\"height\":70,\"caption\":\"Los pol\u00edticos Veracruz\"},\"image\":{\"@id\":\"https:\\\/\\\/lospoliticosveracruz.com\\\/#\\\/schema\\\/logo\\\/image\\\/\"},\"sameAs\":[\"https:\\\/\\\/www.facebook.com\\\/people\\\/Notimemes-de-los-Polticos\\\/61565672886568\\\/\",\"https:\\\/\\\/x.com\\\/LosPoliticosVer\"]},{\"@type\":\"Person\",\"@id\":\"https:\\\/\\\/lospoliticosveracruz.com\\\/#\\\/schema\\\/person\\\/b8702bb0e538456e6efd07080bf2a4a2\",\"name\":\"Lo viste en Los Pol\u00edticos\",\"image\":{\"@type\":\"ImageObject\",\"inLanguage\":\"es\",\"@id\":\"https:\\\/\\\/secure.gravatar.com\\\/avatar\\\/3a8de04a2656d44082be478bd6c086daa447c4651605818287b9532d3d0bd435?s=96&d=mm&r=g\",\"url\":\"https:\\\/\\\/secure.gravatar.com\\\/avatar\\\/3a8de04a2656d44082be478bd6c086daa447c4651605818287b9532d3d0bd435?s=96&d=mm&r=g\",\"contentUrl\":\"https:\\\/\\\/secure.gravatar.com\\\/avatar\\\/3a8de04a2656d44082be478bd6c086daa447c4651605818287b9532d3d0bd435?s=96&d=mm&r=g\",\"caption\":\"Lo viste en Los Pol\u00edticos\"},\"url\":\"https:\\\/\\\/lospoliticosveracruz.com\\\/?author=2\"}]}<\/script>\n<!-- \/ Yoast SEO plugin. -->","yoast_head_json":{"title":"NOTABLE CAMBIO POSITIVO DE NAHLE - Los pol\u00edticos Veracruz","robots":{"index":"index","follow":"follow","max-snippet":"max-snippet:-1","max-image-preview":"max-image-preview:large","max-video-preview":"max-video-preview:-1"},"canonical":"https:\/\/lospoliticosveracruz.com\/?p=157894","og_locale":"es_ES","og_type":"article","og_title":"NOTABLE CAMBIO POSITIVO DE NAHLE - Los pol\u00edticos Veracruz","og_description":"Fanny Y\u00e9pezLa Columna Despu\u00e9s de un a\u00f1o, la gobernadora Roc\u00edo Nahle Garc\u00eda, escuch\u00f3 con detenimiento las preguntas y opiniones de los diputados locales, sobre todo los de oposici\u00f3n, que, sin caer en diatribas, reclamaron lo justo, lo que muchos veracruzanos tambi\u00e9n vemos diariamente en los distintos renglones de la administraci\u00f3n estatal. Nunca tuve dudas de [&hellip;]","og_url":"https:\/\/lospoliticosveracruz.com\/?p=157894","og_site_name":"Los pol\u00edticos Veracruz","article_publisher":"https:\/\/www.facebook.com\/people\/Notimemes-de-los-Polticos\/61565672886568\/","article_published_time":"2025-12-05T12:09:55+00:00","article_modified_time":"2025-12-05T12:10:46+00:00","og_image":[{"width":1250,"height":667,"url":"https:\/\/lospoliticosveracruz.com\/wp-content\/uploads\/2025\/04\/Fanny-Yepez-Luna.jpg","type":"image\/jpeg"}],"author":"Lo viste en Los Pol\u00edticos","twitter_card":"summary_large_image","twitter_creator":"@LosPoliticosVer","twitter_site":"@LosPoliticosVer","twitter_misc":{"Escrito por":"Lo viste en Los Pol\u00edticos","Tiempo de lectura":"5 minutos"},"schema":{"@context":"https:\/\/schema.org","@graph":[{"@type":"Article","@id":"https:\/\/lospoliticosveracruz.com\/?p=157894#article","isPartOf":{"@id":"https:\/\/lospoliticosveracruz.com\/?p=157894"},"author":{"name":"Lo viste en Los Pol\u00edticos","@id":"https:\/\/lospoliticosveracruz.com\/#\/schema\/person\/b8702bb0e538456e6efd07080bf2a4a2"},"headline":"NOTABLE CAMBIO POSITIVO DE NAHLE","datePublished":"2025-12-05T12:09:55+00:00","dateModified":"2025-12-05T12:10:46+00:00","mainEntityOfPage":{"@id":"https:\/\/lospoliticosveracruz.com\/?p=157894"},"wordCount":1013,"publisher":{"@id":"https:\/\/lospoliticosveracruz.com\/#organization"},"image":{"@id":"https:\/\/lospoliticosveracruz.com\/?p=157894#primaryimage"},"thumbnailUrl":"https:\/\/lospoliticosveracruz.com\/wp-content\/uploads\/2025\/04\/Fanny-Yepez-Luna-e1768657334923.jpg","keywords":["Fernando Remes Garza","Morena","Roc\u00edo Nahle","Veracruz"],"articleSection":["De Opini\u00f3n"],"inLanguage":"es"},{"@type":"WebPage","@id":"https:\/\/lospoliticosveracruz.com\/?p=157894","url":"https:\/\/lospoliticosveracruz.com\/?p=157894","name":"NOTABLE CAMBIO POSITIVO DE NAHLE - Los pol\u00edticos Veracruz","isPartOf":{"@id":"https:\/\/lospoliticosveracruz.com\/#website"},"primaryImageOfPage":{"@id":"https:\/\/lospoliticosveracruz.com\/?p=157894#primaryimage"},"image":{"@id":"https:\/\/lospoliticosveracruz.com\/?p=157894#primaryimage"},"thumbnailUrl":"https:\/\/lospoliticosveracruz.com\/wp-content\/uploads\/2025\/04\/Fanny-Yepez-Luna-e1768657334923.jpg","datePublished":"2025-12-05T12:09:55+00:00","dateModified":"2025-12-05T12:10:46+00:00","breadcrumb":{"@id":"https:\/\/lospoliticosveracruz.com\/?p=157894#breadcrumb"},"inLanguage":"es","potentialAction":[{"@type":"ReadAction","target":["https:\/\/lospoliticosveracruz.com\/?p=157894"]}]},{"@type":"ImageObject","inLanguage":"es","@id":"https:\/\/lospoliticosveracruz.com\/?p=157894#primaryimage","url":"https:\/\/lospoliticosveracruz.com\/wp-content\/uploads\/2025\/04\/Fanny-Yepez-Luna-e1768657334923.jpg","contentUrl":"https:\/\/lospoliticosveracruz.com\/wp-content\/uploads\/2025\/04\/Fanny-Yepez-Luna-e1768657334923.jpg","width":600,"height":320},{"@type":"BreadcrumbList","@id":"https:\/\/lospoliticosveracruz.com\/?p=157894#breadcrumb","itemListElement":[{"@type":"ListItem","position":1,"name":"Portada","item":"https:\/\/lospoliticosveracruz.com\/"},{"@type":"ListItem","position":2,"name":"NOTABLE CAMBIO POSITIVO DE NAHLE"}]},{"@type":"WebSite","@id":"https:\/\/lospoliticosveracruz.com\/#website","url":"https:\/\/lospoliticosveracruz.com\/","name":"Los pol\u00edticos Veracruz","description":"","publisher":{"@id":"https:\/\/lospoliticosveracruz.com\/#organization"},"potentialAction":[{"@type":"SearchAction","target":{"@type":"EntryPoint","urlTemplate":"https:\/\/lospoliticosveracruz.com\/?s={search_term_string}"},"query-input":{"@type":"PropertyValueSpecification","valueRequired":true,"valueName":"search_term_string"}}],"inLanguage":"es"},{"@type":"Organization","@id":"https:\/\/lospoliticosveracruz.com\/#organization","name":"Los pol\u00edticos Veracruz","url":"https:\/\/lospoliticosveracruz.com\/","logo":{"@type":"ImageObject","inLanguage":"es","@id":"https:\/\/lospoliticosveracruz.com\/#\/schema\/logo\/image\/","url":"https:\/\/lospoliticosveracruz.com\/wp-content\/uploads\/2025\/12\/Logo-Nuevo-LOS-POLITICOS-1.jpg","contentUrl":"https:\/\/lospoliticosveracruz.com\/wp-content\/uploads\/2025\/12\/Logo-Nuevo-LOS-POLITICOS-1.jpg","width":260,"height":70,"caption":"Los pol\u00edticos Veracruz"},"image":{"@id":"https:\/\/lospoliticosveracruz.com\/#\/schema\/logo\/image\/"},"sameAs":["https:\/\/www.facebook.com\/people\/Notimemes-de-los-Polticos\/61565672886568\/","https:\/\/x.com\/LosPoliticosVer"]},{"@type":"Person","@id":"https:\/\/lospoliticosveracruz.com\/#\/schema\/person\/b8702bb0e538456e6efd07080bf2a4a2","name":"Lo viste en Los Pol\u00edticos","image":{"@type":"ImageObject","inLanguage":"es","@id":"https:\/\/secure.gravatar.com\/avatar\/3a8de04a2656d44082be478bd6c086daa447c4651605818287b9532d3d0bd435?s=96&d=mm&r=g","url":"https:\/\/secure.gravatar.com\/avatar\/3a8de04a2656d44082be478bd6c086daa447c4651605818287b9532d3d0bd435?s=96&d=mm&r=g","contentUrl":"https:\/\/secure.gravatar.com\/avatar\/3a8de04a2656d44082be478bd6c086daa447c4651605818287b9532d3d0bd435?s=96&d=mm&r=g","caption":"Lo viste en Los Pol\u00edticos"},"url":"https:\/\/lospoliticosveracruz.com\/?author=2"}]}},"_links":{"self":[{"href":"https:\/\/lospoliticosveracruz.com\/index.php?rest_route=\/wp\/v2\/posts\/157894","targetHints":{"allow":["GET"]}}],"collection":[{"href":"https:\/\/lospoliticosveracruz.com\/index.php?rest_route=\/wp\/v2\/posts"}],"about":[{"href":"https:\/\/lospoliticosveracruz.com\/index.php?rest_route=\/wp\/v2\/types\/post"}],"author":[{"embeddable":true,"href":"https:\/\/lospoliticosveracruz.com\/index.php?rest_route=\/wp\/v2\/users\/2"}],"replies":[{"embeddable":true,"href":"https:\/\/lospoliticosveracruz.com\/index.php?rest_route=%2Fwp%2Fv2%2Fcomments&post=157894"}],"version-history":[{"count":1,"href":"https:\/\/lospoliticosveracruz.com\/index.php?rest_route=\/wp\/v2\/posts\/157894\/revisions"}],"predecessor-version":[{"id":157895,"href":"https:\/\/lospoliticosveracruz.com\/index.php?rest_route=\/wp\/v2\/posts\/157894\/revisions\/157895"}],"wp:featuredmedia":[{"embeddable":true,"href":"https:\/\/lospoliticosveracruz.com\/index.php?rest_route=\/wp\/v2\/media\/141383"}],"wp:attachment":[{"href":"https:\/\/lospoliticosveracruz.com\/index.php?rest_route=%2Fwp%2Fv2%2Fmedia&parent=157894"}],"wp:term":[{"taxonomy":"category","embeddable":true,"href":"https:\/\/lospoliticosveracruz.com\/index.php?rest_route=%2Fwp%2Fv2%2Fcategories&post=157894"},{"taxonomy":"post_tag","embeddable":true,"href":"https:\/\/lospoliticosveracruz.com\/index.php?rest_route=%2Fwp%2Fv2%2Ftags&post=157894"}],"curies":[{"name":"wp","href":"https:\/\/api.w.org\/{rel}","templated":true}]}}