{"id":158010,"date":"2025-12-08T05:43:39","date_gmt":"2025-12-08T11:43:39","guid":{"rendered":"https:\/\/lospoliticosveracruz.com.mx\/?p=158010"},"modified":"2025-12-08T05:44:34","modified_gmt":"2025-12-08T11:44:34","slug":"lela-marioneta-de-nahle","status":"publish","type":"post","link":"https:\/\/lospoliticosveracruz.com\/?p=158010","title":{"rendered":"LELA, MARIONETA DE NAHLE"},"content":{"rendered":"\n<p><strong>Fidel P\u00e9rez<\/strong><\/p>\n\n\n\n<p><em>De Poder a Poder<\/em><\/p>\n\n\n\n<p>La magistrada del Poder Judicial de Veracruz, Lisbeth Aurelia Jim\u00e9nez Aguirre, est\u00e1 a punto de ser otra marioneta, una nueva t\u00edtere de Roc\u00edo Nahle.<\/p>\n\n\n\n\n\n<p>Su metamorfosis se est\u00e1 construyendo con los mismos hilos que tejieron la candidatura de la de Zacatecas, para asumir el Poder Ejecutivo veracruzano.<\/p>\n\n\n\n<p>Nahle desempolv\u00f3 la argucia leguleya con la que el que vive en \u00abLa Chingada\u00bb la impuso como candidata y, despu\u00e9s, se encarg\u00f3 de enfundarla en la blusa de gobernadora, aunque la prenda le venga guanga, para imponer una \u00abFiscal Carnala\u00bb, \u00aba modo\u00bb.<\/p>\n\n\n\n<p>Mire usted.<\/p>\n\n\n\n<p>Hoy, probablemente, el Congreso de mayor\u00eda morenista aplique la reci\u00e9n reformada ley, que entr\u00f3 en vigor desde el 5 de septiembre, para que Nahle imponga en la Fiscal\u00eda General del Estado (FGE) a un nuevo titular.<\/p>\n\n\n\n<p>Como en los viejos tiempos del PRI, cuando aquella aplanadora en el Congreso ninguneaba a la oposici\u00f3n e impon\u00eda autoritaria y prepotentemente sus caprichitos convertidos en ley.<\/p>\n\n\n\n<p>As\u00ed tambi\u00e9n Lela, est\u00e1 a punto de ser impuesta en la Fiscal\u00eda General del Estado de Veracruz por encargo de Nahle, bajo la misma estrategia: le confeccionaron una ley a modo para hacerla Fiscal, ante un poder Legislativo totalmente mangoneado por la gobernadora y, por ello, sometido a sus caprichos.<\/p>\n\n\n\n<p>Estrategias, formas, rutas muy id\u00e9nticas a las usadas por el PRI y el PAN, en su momento. PRIAN le llama sin rubor el morenismo, aunque real y risiblemente Morena sea una mezcla de morenistas y, precisamente, prianistas. A medida que crece, Morena se parece m\u00e1s al PRI.<\/p>\n\n\n\n<p>Aplastado qued\u00f3 el manoseado apotegma lopezobradorista de no mentir: \u201cYo asum\u00ed el primero de septiembre y tom\u00e9 protesta por nueve a\u00f1os para ser magistrada (presidenta del Poder Judicial de Veracruz)\u201d, afirm\u00f3 Lela durante una entrevista, pero hoy est\u00e1 a punto de machacar el legado de su m\u00e1ximo l\u00edder: AMLO.<\/p>\n\n\n\n<p>S\u00ed, mienten, y con todos sus dientes.<\/p>\n\n\n\n<p>Tips\u2026tips\u2026tips<\/p>\n\n\n\n<p>A prop\u00f3sito del tema de la renovaci\u00f3n de la Fiscal\u00eda, columnistas han manejado el nombre del comunicador sanandrescano Iv\u00e1n Calder\u00f3n para que asuma la jefatura de prensa del organismo, pero \u00e9l mismo ha rechazado. Habr\u00e1 que ver sino se trata de otro asunto similar al de no mentir\u2026El pron\u00f3stico del clima, que presagia tormenta intensa, provoc\u00f3 que la Universidad Veracruzana (UV) suspendiera clases hoy. Hasta pronto<\/p>\n","protected":false},"excerpt":{"rendered":"<p>Fidel P\u00e9rez De Poder a Poder La magistrada del Poder Judicial de Veracruz, Lisbeth Aurelia Jim\u00e9nez Aguirre, est\u00e1 a punto de ser otra marioneta, una nueva t\u00edtere de Roc\u00edo Nahle. Su metamorfosis se est\u00e1 construyendo con los mismos hilos que tejieron la candidatura de la de Zacatecas, para asumir el Poder Ejecutivo veracruzano. Nahle desempolv\u00f3 [&hellip;]<\/p>\n","protected":false},"author":2,"featured_media":157136,"comment_status":"closed","ping_status":"closed","sticky":false,"template":"","format":"standard","meta":{"tdm_status":"","tdm_grid_status":"","footnotes":""},"categories":[70],"tags":[618,36463,1026,3578,195],"class_list":{"0":"post-158010","1":"post","2":"type-post","3":"status-publish","4":"format-standard","5":"has-post-thumbnail","7":"category-de-opinion","8":"tag-andres-manuel-lopez-obrador","9":"tag-lisbeth-aurelia-jimenez-aguirre","10":"tag-morena","11":"tag-rocio-nahle","12":"tag-veracruz"},"yoast_head":"<!-- This site is optimized with the Yoast SEO plugin v27.4 - https:\/\/yoast.com\/product\/yoast-seo-wordpress\/ -->\n<title>LELA, MARIONETA DE NAHLE - Los pol\u00edticos Veracruz<\/title>\n<meta name=\"robots\" content=\"index, follow, max-snippet:-1, max-image-preview:large, max-video-preview:-1\" \/>\n<link rel=\"canonical\" href=\"https:\/\/lospoliticosveracruz.com\/?p=158010\" \/>\n<meta property=\"og:locale\" content=\"es_ES\" \/>\n<meta property=\"og:type\" content=\"article\" \/>\n<meta property=\"og:title\" content=\"LELA, MARIONETA DE NAHLE - Los pol\u00edticos Veracruz\" \/>\n<meta property=\"og:description\" content=\"Fidel P\u00e9rez De Poder a Poder La magistrada del Poder Judicial de Veracruz, Lisbeth Aurelia Jim\u00e9nez Aguirre, est\u00e1 a punto de ser otra marioneta, una nueva t\u00edtere de Roc\u00edo Nahle. Su metamorfosis se est\u00e1 construyendo con los mismos hilos que tejieron la candidatura de la de Zacatecas, para asumir el Poder Ejecutivo veracruzano. Nahle desempolv\u00f3 [&hellip;]\" \/>\n<meta property=\"og:url\" content=\"https:\/\/lospoliticosveracruz.com\/?p=158010\" \/>\n<meta property=\"og:site_name\" content=\"Los pol\u00edticos Veracruz\" \/>\n<meta property=\"article:publisher\" content=\"https:\/\/www.facebook.com\/people\/Notimemes-de-los-Polticos\/61565672886568\/\" \/>\n<meta property=\"article:published_time\" content=\"2025-12-08T11:43:39+00:00\" \/>\n<meta property=\"article:modified_time\" content=\"2025-12-08T11:44:34+00:00\" \/>\n<meta property=\"og:image\" content=\"https:\/\/lospoliticosveracruz.com\/wp-content\/uploads\/2025\/11\/Fidel-Prez-Snchez.jpg\" \/>\n\t<meta property=\"og:image:width\" content=\"1250\" \/>\n\t<meta property=\"og:image:height\" content=\"667\" \/>\n\t<meta property=\"og:image:type\" content=\"image\/jpeg\" \/>\n<meta name=\"author\" content=\"Lo viste en Los Pol\u00edticos\" \/>\n<meta name=\"twitter:card\" content=\"summary_large_image\" \/>\n<meta name=\"twitter:creator\" content=\"@LosPoliticosVer\" \/>\n<meta name=\"twitter:site\" content=\"@LosPoliticosVer\" \/>\n<meta name=\"twitter:label1\" content=\"Escrito por\" \/>\n\t<meta name=\"twitter:data1\" content=\"Lo viste en Los Pol\u00edticos\" \/>\n\t<meta name=\"twitter:label2\" content=\"Tiempo de lectura\" \/>\n\t<meta name=\"twitter:data2\" content=\"2 minutos\" \/>\n<script type=\"application\/ld+json\" class=\"yoast-schema-graph\">{\"@context\":\"https:\\\/\\\/schema.org\",\"@graph\":[{\"@type\":\"Article\",\"@id\":\"https:\\\/\\\/lospoliticosveracruz.com\\\/?p=158010#article\",\"isPartOf\":{\"@id\":\"https:\\\/\\\/lospoliticosveracruz.com\\\/?p=158010\"},\"author\":{\"name\":\"Lo viste en Los Pol\u00edticos\",\"@id\":\"https:\\\/\\\/lospoliticosveracruz.com\\\/#\\\/schema\\\/person\\\/b8702bb0e538456e6efd07080bf2a4a2\"},\"headline\":\"LELA, MARIONETA DE NAHLE\",\"datePublished\":\"2025-12-08T11:43:39+00:00\",\"dateModified\":\"2025-12-08T11:44:34+00:00\",\"mainEntityOfPage\":{\"@id\":\"https:\\\/\\\/lospoliticosveracruz.com\\\/?p=158010\"},\"wordCount\":409,\"publisher\":{\"@id\":\"https:\\\/\\\/lospoliticosveracruz.com\\\/#organization\"},\"image\":{\"@id\":\"https:\\\/\\\/lospoliticosveracruz.com\\\/?p=158010#primaryimage\"},\"thumbnailUrl\":\"https:\\\/\\\/lospoliticosveracruz.com\\\/wp-content\\\/uploads\\\/2025\\\/11\\\/Fidel-Prez-Snchez.jpg\",\"keywords\":[\"Andr\u00e9s Manuel L\u00f3pez Obrador\",\"Lisbeth Aurelia Jim\u00e9nez Aguirre\",\"Morena\",\"Roc\u00edo Nahle\",\"Veracruz\"],\"articleSection\":[\"De Opini\u00f3n\"],\"inLanguage\":\"es\"},{\"@type\":\"WebPage\",\"@id\":\"https:\\\/\\\/lospoliticosveracruz.com\\\/?p=158010\",\"url\":\"https:\\\/\\\/lospoliticosveracruz.com\\\/?p=158010\",\"name\":\"LELA, MARIONETA DE NAHLE - Los pol\u00edticos Veracruz\",\"isPartOf\":{\"@id\":\"https:\\\/\\\/lospoliticosveracruz.com\\\/#website\"},\"primaryImageOfPage\":{\"@id\":\"https:\\\/\\\/lospoliticosveracruz.com\\\/?p=158010#primaryimage\"},\"image\":{\"@id\":\"https:\\\/\\\/lospoliticosveracruz.com\\\/?p=158010#primaryimage\"},\"thumbnailUrl\":\"https:\\\/\\\/lospoliticosveracruz.com\\\/wp-content\\\/uploads\\\/2025\\\/11\\\/Fidel-Prez-Snchez.jpg\",\"datePublished\":\"2025-12-08T11:43:39+00:00\",\"dateModified\":\"2025-12-08T11:44:34+00:00\",\"breadcrumb\":{\"@id\":\"https:\\\/\\\/lospoliticosveracruz.com\\\/?p=158010#breadcrumb\"},\"inLanguage\":\"es\",\"potentialAction\":[{\"@type\":\"ReadAction\",\"target\":[\"https:\\\/\\\/lospoliticosveracruz.com\\\/?p=158010\"]}]},{\"@type\":\"ImageObject\",\"inLanguage\":\"es\",\"@id\":\"https:\\\/\\\/lospoliticosveracruz.com\\\/?p=158010#primaryimage\",\"url\":\"https:\\\/\\\/lospoliticosveracruz.com\\\/wp-content\\\/uploads\\\/2025\\\/11\\\/Fidel-Prez-Snchez.jpg\",\"contentUrl\":\"https:\\\/\\\/lospoliticosveracruz.com\\\/wp-content\\\/uploads\\\/2025\\\/11\\\/Fidel-Prez-Snchez.jpg\",\"width\":1250,\"height\":667},{\"@type\":\"BreadcrumbList\",\"@id\":\"https:\\\/\\\/lospoliticosveracruz.com\\\/?p=158010#breadcrumb\",\"itemListElement\":[{\"@type\":\"ListItem\",\"position\":1,\"name\":\"Portada\",\"item\":\"https:\\\/\\\/lospoliticosveracruz.com\\\/\"},{\"@type\":\"ListItem\",\"position\":2,\"name\":\"LELA, MARIONETA DE NAHLE\"}]},{\"@type\":\"WebSite\",\"@id\":\"https:\\\/\\\/lospoliticosveracruz.com\\\/#website\",\"url\":\"https:\\\/\\\/lospoliticosveracruz.com\\\/\",\"name\":\"Los pol\u00edticos Veracruz\",\"description\":\"\",\"publisher\":{\"@id\":\"https:\\\/\\\/lospoliticosveracruz.com\\\/#organization\"},\"potentialAction\":[{\"@type\":\"SearchAction\",\"target\":{\"@type\":\"EntryPoint\",\"urlTemplate\":\"https:\\\/\\\/lospoliticosveracruz.com\\\/?s={search_term_string}\"},\"query-input\":{\"@type\":\"PropertyValueSpecification\",\"valueRequired\":true,\"valueName\":\"search_term_string\"}}],\"inLanguage\":\"es\"},{\"@type\":\"Organization\",\"@id\":\"https:\\\/\\\/lospoliticosveracruz.com\\\/#organization\",\"name\":\"Los pol\u00edticos Veracruz\",\"url\":\"https:\\\/\\\/lospoliticosveracruz.com\\\/\",\"logo\":{\"@type\":\"ImageObject\",\"inLanguage\":\"es\",\"@id\":\"https:\\\/\\\/lospoliticosveracruz.com\\\/#\\\/schema\\\/logo\\\/image\\\/\",\"url\":\"https:\\\/\\\/lospoliticosveracruz.com\\\/wp-content\\\/uploads\\\/2025\\\/12\\\/Logo-Nuevo-LOS-POLITICOS-1.jpg\",\"contentUrl\":\"https:\\\/\\\/lospoliticosveracruz.com\\\/wp-content\\\/uploads\\\/2025\\\/12\\\/Logo-Nuevo-LOS-POLITICOS-1.jpg\",\"width\":260,\"height\":70,\"caption\":\"Los pol\u00edticos Veracruz\"},\"image\":{\"@id\":\"https:\\\/\\\/lospoliticosveracruz.com\\\/#\\\/schema\\\/logo\\\/image\\\/\"},\"sameAs\":[\"https:\\\/\\\/www.facebook.com\\\/people\\\/Notimemes-de-los-Polticos\\\/61565672886568\\\/\",\"https:\\\/\\\/x.com\\\/LosPoliticosVer\"]},{\"@type\":\"Person\",\"@id\":\"https:\\\/\\\/lospoliticosveracruz.com\\\/#\\\/schema\\\/person\\\/b8702bb0e538456e6efd07080bf2a4a2\",\"name\":\"Lo viste en Los Pol\u00edticos\",\"image\":{\"@type\":\"ImageObject\",\"inLanguage\":\"es\",\"@id\":\"https:\\\/\\\/secure.gravatar.com\\\/avatar\\\/3a8de04a2656d44082be478bd6c086daa447c4651605818287b9532d3d0bd435?s=96&d=mm&r=g\",\"url\":\"https:\\\/\\\/secure.gravatar.com\\\/avatar\\\/3a8de04a2656d44082be478bd6c086daa447c4651605818287b9532d3d0bd435?s=96&d=mm&r=g\",\"contentUrl\":\"https:\\\/\\\/secure.gravatar.com\\\/avatar\\\/3a8de04a2656d44082be478bd6c086daa447c4651605818287b9532d3d0bd435?s=96&d=mm&r=g\",\"caption\":\"Lo viste en Los Pol\u00edticos\"},\"url\":\"https:\\\/\\\/lospoliticosveracruz.com\\\/?author=2\"}]}<\/script>\n<!-- \/ Yoast SEO plugin. -->","yoast_head_json":{"title":"LELA, MARIONETA DE NAHLE - Los pol\u00edticos Veracruz","robots":{"index":"index","follow":"follow","max-snippet":"max-snippet:-1","max-image-preview":"max-image-preview:large","max-video-preview":"max-video-preview:-1"},"canonical":"https:\/\/lospoliticosveracruz.com\/?p=158010","og_locale":"es_ES","og_type":"article","og_title":"LELA, MARIONETA DE NAHLE - Los pol\u00edticos Veracruz","og_description":"Fidel P\u00e9rez De Poder a Poder La magistrada del Poder Judicial de Veracruz, Lisbeth Aurelia Jim\u00e9nez Aguirre, est\u00e1 a punto de ser otra marioneta, una nueva t\u00edtere de Roc\u00edo Nahle. Su metamorfosis se est\u00e1 construyendo con los mismos hilos que tejieron la candidatura de la de Zacatecas, para asumir el Poder Ejecutivo veracruzano. Nahle desempolv\u00f3 [&hellip;]","og_url":"https:\/\/lospoliticosveracruz.com\/?p=158010","og_site_name":"Los pol\u00edticos Veracruz","article_publisher":"https:\/\/www.facebook.com\/people\/Notimemes-de-los-Polticos\/61565672886568\/","article_published_time":"2025-12-08T11:43:39+00:00","article_modified_time":"2025-12-08T11:44:34+00:00","og_image":[{"width":1250,"height":667,"url":"https:\/\/lospoliticosveracruz.com\/wp-content\/uploads\/2025\/11\/Fidel-Prez-Snchez.jpg","type":"image\/jpeg"}],"author":"Lo viste en Los Pol\u00edticos","twitter_card":"summary_large_image","twitter_creator":"@LosPoliticosVer","twitter_site":"@LosPoliticosVer","twitter_misc":{"Escrito por":"Lo viste en Los Pol\u00edticos","Tiempo de lectura":"2 minutos"},"schema":{"@context":"https:\/\/schema.org","@graph":[{"@type":"Article","@id":"https:\/\/lospoliticosveracruz.com\/?p=158010#article","isPartOf":{"@id":"https:\/\/lospoliticosveracruz.com\/?p=158010"},"author":{"name":"Lo viste en Los Pol\u00edticos","@id":"https:\/\/lospoliticosveracruz.com\/#\/schema\/person\/b8702bb0e538456e6efd07080bf2a4a2"},"headline":"LELA, MARIONETA DE NAHLE","datePublished":"2025-12-08T11:43:39+00:00","dateModified":"2025-12-08T11:44:34+00:00","mainEntityOfPage":{"@id":"https:\/\/lospoliticosveracruz.com\/?p=158010"},"wordCount":409,"publisher":{"@id":"https:\/\/lospoliticosveracruz.com\/#organization"},"image":{"@id":"https:\/\/lospoliticosveracruz.com\/?p=158010#primaryimage"},"thumbnailUrl":"https:\/\/lospoliticosveracruz.com\/wp-content\/uploads\/2025\/11\/Fidel-Prez-Snchez.jpg","keywords":["Andr\u00e9s Manuel L\u00f3pez Obrador","Lisbeth Aurelia Jim\u00e9nez Aguirre","Morena","Roc\u00edo Nahle","Veracruz"],"articleSection":["De Opini\u00f3n"],"inLanguage":"es"},{"@type":"WebPage","@id":"https:\/\/lospoliticosveracruz.com\/?p=158010","url":"https:\/\/lospoliticosveracruz.com\/?p=158010","name":"LELA, MARIONETA DE NAHLE - Los pol\u00edticos Veracruz","isPartOf":{"@id":"https:\/\/lospoliticosveracruz.com\/#website"},"primaryImageOfPage":{"@id":"https:\/\/lospoliticosveracruz.com\/?p=158010#primaryimage"},"image":{"@id":"https:\/\/lospoliticosveracruz.com\/?p=158010#primaryimage"},"thumbnailUrl":"https:\/\/lospoliticosveracruz.com\/wp-content\/uploads\/2025\/11\/Fidel-Prez-Snchez.jpg","datePublished":"2025-12-08T11:43:39+00:00","dateModified":"2025-12-08T11:44:34+00:00","breadcrumb":{"@id":"https:\/\/lospoliticosveracruz.com\/?p=158010#breadcrumb"},"inLanguage":"es","potentialAction":[{"@type":"ReadAction","target":["https:\/\/lospoliticosveracruz.com\/?p=158010"]}]},{"@type":"ImageObject","inLanguage":"es","@id":"https:\/\/lospoliticosveracruz.com\/?p=158010#primaryimage","url":"https:\/\/lospoliticosveracruz.com\/wp-content\/uploads\/2025\/11\/Fidel-Prez-Snchez.jpg","contentUrl":"https:\/\/lospoliticosveracruz.com\/wp-content\/uploads\/2025\/11\/Fidel-Prez-Snchez.jpg","width":1250,"height":667},{"@type":"BreadcrumbList","@id":"https:\/\/lospoliticosveracruz.com\/?p=158010#breadcrumb","itemListElement":[{"@type":"ListItem","position":1,"name":"Portada","item":"https:\/\/lospoliticosveracruz.com\/"},{"@type":"ListItem","position":2,"name":"LELA, MARIONETA DE NAHLE"}]},{"@type":"WebSite","@id":"https:\/\/lospoliticosveracruz.com\/#website","url":"https:\/\/lospoliticosveracruz.com\/","name":"Los pol\u00edticos Veracruz","description":"","publisher":{"@id":"https:\/\/lospoliticosveracruz.com\/#organization"},"potentialAction":[{"@type":"SearchAction","target":{"@type":"EntryPoint","urlTemplate":"https:\/\/lospoliticosveracruz.com\/?s={search_term_string}"},"query-input":{"@type":"PropertyValueSpecification","valueRequired":true,"valueName":"search_term_string"}}],"inLanguage":"es"},{"@type":"Organization","@id":"https:\/\/lospoliticosveracruz.com\/#organization","name":"Los pol\u00edticos Veracruz","url":"https:\/\/lospoliticosveracruz.com\/","logo":{"@type":"ImageObject","inLanguage":"es","@id":"https:\/\/lospoliticosveracruz.com\/#\/schema\/logo\/image\/","url":"https:\/\/lospoliticosveracruz.com\/wp-content\/uploads\/2025\/12\/Logo-Nuevo-LOS-POLITICOS-1.jpg","contentUrl":"https:\/\/lospoliticosveracruz.com\/wp-content\/uploads\/2025\/12\/Logo-Nuevo-LOS-POLITICOS-1.jpg","width":260,"height":70,"caption":"Los pol\u00edticos Veracruz"},"image":{"@id":"https:\/\/lospoliticosveracruz.com\/#\/schema\/logo\/image\/"},"sameAs":["https:\/\/www.facebook.com\/people\/Notimemes-de-los-Polticos\/61565672886568\/","https:\/\/x.com\/LosPoliticosVer"]},{"@type":"Person","@id":"https:\/\/lospoliticosveracruz.com\/#\/schema\/person\/b8702bb0e538456e6efd07080bf2a4a2","name":"Lo viste en Los Pol\u00edticos","image":{"@type":"ImageObject","inLanguage":"es","@id":"https:\/\/secure.gravatar.com\/avatar\/3a8de04a2656d44082be478bd6c086daa447c4651605818287b9532d3d0bd435?s=96&d=mm&r=g","url":"https:\/\/secure.gravatar.com\/avatar\/3a8de04a2656d44082be478bd6c086daa447c4651605818287b9532d3d0bd435?s=96&d=mm&r=g","contentUrl":"https:\/\/secure.gravatar.com\/avatar\/3a8de04a2656d44082be478bd6c086daa447c4651605818287b9532d3d0bd435?s=96&d=mm&r=g","caption":"Lo viste en Los Pol\u00edticos"},"url":"https:\/\/lospoliticosveracruz.com\/?author=2"}]}},"_links":{"self":[{"href":"https:\/\/lospoliticosveracruz.com\/index.php?rest_route=\/wp\/v2\/posts\/158010","targetHints":{"allow":["GET"]}}],"collection":[{"href":"https:\/\/lospoliticosveracruz.com\/index.php?rest_route=\/wp\/v2\/posts"}],"about":[{"href":"https:\/\/lospoliticosveracruz.com\/index.php?rest_route=\/wp\/v2\/types\/post"}],"author":[{"embeddable":true,"href":"https:\/\/lospoliticosveracruz.com\/index.php?rest_route=\/wp\/v2\/users\/2"}],"replies":[{"embeddable":true,"href":"https:\/\/lospoliticosveracruz.com\/index.php?rest_route=%2Fwp%2Fv2%2Fcomments&post=158010"}],"version-history":[{"count":1,"href":"https:\/\/lospoliticosveracruz.com\/index.php?rest_route=\/wp\/v2\/posts\/158010\/revisions"}],"predecessor-version":[{"id":158011,"href":"https:\/\/lospoliticosveracruz.com\/index.php?rest_route=\/wp\/v2\/posts\/158010\/revisions\/158011"}],"wp:featuredmedia":[{"embeddable":true,"href":"https:\/\/lospoliticosveracruz.com\/index.php?rest_route=\/wp\/v2\/media\/157136"}],"wp:attachment":[{"href":"https:\/\/lospoliticosveracruz.com\/index.php?rest_route=%2Fwp%2Fv2%2Fmedia&parent=158010"}],"wp:term":[{"taxonomy":"category","embeddable":true,"href":"https:\/\/lospoliticosveracruz.com\/index.php?rest_route=%2Fwp%2Fv2%2Fcategories&post=158010"},{"taxonomy":"post_tag","embeddable":true,"href":"https:\/\/lospoliticosveracruz.com\/index.php?rest_route=%2Fwp%2Fv2%2Ftags&post=158010"}],"curies":[{"name":"wp","href":"https:\/\/api.w.org\/{rel}","templated":true}]}}