{"id":158122,"date":"2025-12-08T22:13:34","date_gmt":"2025-12-09T04:13:34","guid":{"rendered":"https:\/\/lospoliticosveracruz.com.mx\/?p=158122"},"modified":"2025-12-08T22:14:02","modified_gmt":"2025-12-09T04:14:02","slug":"defender-a-mexico","status":"publish","type":"post","link":"https:\/\/lospoliticosveracruz.com\/?p=158122","title":{"rendered":"DEFENDER A M\u00c9XICO"},"content":{"rendered":"\n<p>S\u00edguenos ahora tambi\u00e9n en WhatsApp.\u00a0\u00a1<a href=\"https:\/\/whatsapp.com\/channel\/0029Va8zRWlEKyZIP3Z1dF0e\"><strong>Da clic aqu\u00ed<\/strong><\/a><strong>!<\/strong><\/p>\n\n\n\n<p><strong>Agust\u00edn Basilio de la Vega<br><\/strong>La tr\u00e1gica muerte de alcalde Carlos Manzo refleja una grave crisis de seguridad debido al desprecio por parte del gobierno de la Republica al Estado de Derecho. La indignaci\u00f3n por la violencia que caracteriza a nuestro pa\u00eds crece cada d\u00eda en m\u00e1s mexicanos que temen por la seguridad de sus hijas, familiares, negocios y bienes. La secuela de incapacidad de defender a los ciudadanos por parte de las fuerzas del orden debido al enorme error de \u201cdar abrazos\u201d y dejar que los balazos sean en contra de inocentes, est\u00e1 haciendo que muchos se hayan arrepentido de haber votado por Amlo y los candidatos de Morena.<\/p>\n\n\n\n\n\n<p><br>Como consecuencia de lo anterior, los ciudadanos mexicanos piensan que las bandas de traficantes son m\u00e1s numerosas y poderosas que las polic\u00edas municipales y estatales. Otro error es haber ordenado al ej\u00e9rcito construir infraestructura y administrar aeropuertos y trenes y, a la Armada de M\u00e9xico, administrar los puertos. Es el mundo al rev\u00e9s: los ciudadanos estamos encargados de nuestra propia seguridad (comprando candados, rejas, c\u00e1maras y alarmas) y las fuerzas armadas son los constructores y est\u00e1n haciendo negocios que han resultado improductivos para los mexicanos (AIFA, Tren Maya etc.).<br>Defender a M\u00e9xico implica defender a la Patria, fortalecer a la Familia y asegurar la libertad de todos. La patria es la tierra natal, el territorio donde vivimos los mexicanos con sus instituciones e infraestructuras. La primera tarea es hacer que dentro de las fronteras de nuestro pa\u00eds se respete la ley y se combata a quienes la alteran, no lo contrario. Desafortunadamente el gobierno actual ha destruido instituciones y abierto las puertas al narcotr\u00e1fico en muchos Municipios y Estados con esa falacia de los \u201cabrazos\u201d.<br>La Familia es la c\u00e9lula b\u00e1sica de la sociedad. Es el crisol en donde nacen, crecen y se forman las personas. Es la primera comunidad que se cohesiona en torno a la solidaridad que no es otra cosa que el amor al pr\u00f3jimo. La familia es sagrada para los mexicanos en el mejor sentido de su significado pues los padres dan su vida por sus hijos y estos no abandonan a sus abuelos. Querer instrumentarla para satisfacer ego\u00edsmos personales es destruir la esencia de la naturaleza del ser humano.<br>La libertad es connatural a la persona humana, est\u00e1 reconocida como un derecho humano por nuestra propia constituci\u00f3n y sin ella se denigra la dignidad humana. Se necesita libertad para la vida social, econ\u00f3mica y pol\u00edtica y es uno de los principales motores del desarrollo humano. Los pa\u00edses que no la respetan y promueven generalmente el intervencionismo estatal en la econom\u00eda (energ\u00eda, comunicaciones, transportes) abandonan la educaci\u00f3n, salud y seguridad jur\u00eddica y social y hacen que sus pueblos se arruinen.<br>Tristemente en M\u00e9xico, el gobierno populista actual est\u00e1 entregando el territorio de nuestra patria a los criminales, est\u00e1 destruyendo a las familias promoviendo la ideolog\u00eda de g\u00e9nero y el hedonismo y matando la libertad personal. El \u00faltimo ejemplo contra la libertad de los mexicanos fue el acarreo fascistoide al z\u00f3calo de miles de bur\u00f3cratas, empleados y beneficiarios de programas sociales quienes fueron obligados a rendir culto a la presidente y su movimiento pol\u00edtico.<br>X @basiliodelavega<\/p>\n","protected":false},"excerpt":{"rendered":"<p>Agust\u00edn Basilio de la VegaLa tr\u00e1gica muerte de alcalde Carlos Manzo refleja una grave crisis de seguridad debido al desprecio por parte del gobierno de la Republica al Estado de Derecho. La indignaci\u00f3n por la violencia que caracteriza a nuestro pa\u00eds crece cada d\u00eda en m\u00e1s mexicanos que temen por la seguridad de sus hijas, [&hellip;]<\/p>\n","protected":false},"author":2,"featured_media":141477,"comment_status":"closed","ping_status":"closed","sticky":false,"template":"","format":"standard","meta":{"tdm_status":"","tdm_grid_status":"","footnotes":""},"categories":[70],"tags":[47865,47862,47861,47864,47863],"class_list":{"0":"post-158122","1":"post","2":"type-post","3":"status-publish","4":"format-standard","5":"has-post-thumbnail","7":"category-de-opinion","8":"tag-agustin-basilio-de-la-vega-columna","9":"tag-crimen-organizado-y-estado-de-derecho","10":"tag-defender-a-mexico-seguridad","11":"tag-familia-y-libertad-en-mexico","12":"tag-gobierno-populista-mexico-critica"},"yoast_head":"<!-- This site is optimized with the Yoast SEO plugin v27.4 - https:\/\/yoast.com\/product\/yoast-seo-wordpress\/ -->\n<title>DEFENDER A M\u00c9XICO - Los pol\u00edticos Veracruz<\/title>\n<meta name=\"robots\" content=\"index, follow, max-snippet:-1, max-image-preview:large, max-video-preview:-1\" \/>\n<link rel=\"canonical\" href=\"https:\/\/lospoliticosveracruz.com\/?p=158122\" \/>\n<meta property=\"og:locale\" content=\"es_ES\" \/>\n<meta property=\"og:type\" content=\"article\" \/>\n<meta property=\"og:title\" content=\"DEFENDER A M\u00c9XICO - Los pol\u00edticos Veracruz\" \/>\n<meta property=\"og:description\" content=\"Agust\u00edn Basilio de la VegaLa tr\u00e1gica muerte de alcalde Carlos Manzo refleja una grave crisis de seguridad debido al desprecio por parte del gobierno de la Republica al Estado de Derecho. La indignaci\u00f3n por la violencia que caracteriza a nuestro pa\u00eds crece cada d\u00eda en m\u00e1s mexicanos que temen por la seguridad de sus hijas, [&hellip;]\" \/>\n<meta property=\"og:url\" content=\"https:\/\/lospoliticosveracruz.com\/?p=158122\" \/>\n<meta property=\"og:site_name\" content=\"Los pol\u00edticos Veracruz\" \/>\n<meta property=\"article:publisher\" content=\"https:\/\/www.facebook.com\/people\/Notimemes-de-los-Polticos\/61565672886568\/\" \/>\n<meta property=\"article:published_time\" content=\"2025-12-09T04:13:34+00:00\" \/>\n<meta property=\"article:modified_time\" content=\"2025-12-09T04:14:02+00:00\" \/>\n<meta property=\"og:image\" content=\"https:\/\/lospoliticosveracruz.com\/wp-content\/uploads\/2025\/04\/Agustn-Basilio-de-la-Vega.jpg\" \/>\n\t<meta property=\"og:image:width\" content=\"1250\" \/>\n\t<meta property=\"og:image:height\" content=\"667\" \/>\n\t<meta property=\"og:image:type\" content=\"image\/jpeg\" \/>\n<meta name=\"author\" content=\"Lo viste en Los Pol\u00edticos\" \/>\n<meta name=\"twitter:card\" content=\"summary_large_image\" \/>\n<meta name=\"twitter:creator\" content=\"@LosPoliticosVer\" \/>\n<meta name=\"twitter:site\" content=\"@LosPoliticosVer\" \/>\n<meta name=\"twitter:label1\" content=\"Escrito por\" \/>\n\t<meta name=\"twitter:data1\" content=\"Lo viste en Los Pol\u00edticos\" \/>\n\t<meta name=\"twitter:label2\" content=\"Tiempo de lectura\" \/>\n\t<meta name=\"twitter:data2\" content=\"3 minutos\" \/>\n<script type=\"application\/ld+json\" class=\"yoast-schema-graph\">{\"@context\":\"https:\\\/\\\/schema.org\",\"@graph\":[{\"@type\":\"Article\",\"@id\":\"https:\\\/\\\/lospoliticosveracruz.com\\\/?p=158122#article\",\"isPartOf\":{\"@id\":\"https:\\\/\\\/lospoliticosveracruz.com\\\/?p=158122\"},\"author\":{\"name\":\"Lo viste en Los Pol\u00edticos\",\"@id\":\"https:\\\/\\\/lospoliticosveracruz.com\\\/#\\\/schema\\\/person\\\/b8702bb0e538456e6efd07080bf2a4a2\"},\"headline\":\"DEFENDER A M\u00c9XICO\",\"datePublished\":\"2025-12-09T04:13:34+00:00\",\"dateModified\":\"2025-12-09T04:14:02+00:00\",\"mainEntityOfPage\":{\"@id\":\"https:\\\/\\\/lospoliticosveracruz.com\\\/?p=158122\"},\"wordCount\":567,\"publisher\":{\"@id\":\"https:\\\/\\\/lospoliticosveracruz.com\\\/#organization\"},\"image\":{\"@id\":\"https:\\\/\\\/lospoliticosveracruz.com\\\/?p=158122#primaryimage\"},\"thumbnailUrl\":\"https:\\\/\\\/lospoliticosveracruz.com\\\/wp-content\\\/uploads\\\/2025\\\/04\\\/Agustn-Basilio-de-la-Vega-e1775850704178.jpg\",\"keywords\":[\"Agust\u00edn Basilio de la Vega columna\",\"crimen organizado y Estado de Derecho\",\"defender a M\u00e9xico seguridad\",\"familia y libertad en M\u00e9xico\",\"gobierno populista M\u00e9xico cr\u00edtica\"],\"articleSection\":[\"De Opini\u00f3n\"],\"inLanguage\":\"es\"},{\"@type\":\"WebPage\",\"@id\":\"https:\\\/\\\/lospoliticosveracruz.com\\\/?p=158122\",\"url\":\"https:\\\/\\\/lospoliticosveracruz.com\\\/?p=158122\",\"name\":\"DEFENDER A M\u00c9XICO - Los pol\u00edticos Veracruz\",\"isPartOf\":{\"@id\":\"https:\\\/\\\/lospoliticosveracruz.com\\\/#website\"},\"primaryImageOfPage\":{\"@id\":\"https:\\\/\\\/lospoliticosveracruz.com\\\/?p=158122#primaryimage\"},\"image\":{\"@id\":\"https:\\\/\\\/lospoliticosveracruz.com\\\/?p=158122#primaryimage\"},\"thumbnailUrl\":\"https:\\\/\\\/lospoliticosveracruz.com\\\/wp-content\\\/uploads\\\/2025\\\/04\\\/Agustn-Basilio-de-la-Vega-e1775850704178.jpg\",\"datePublished\":\"2025-12-09T04:13:34+00:00\",\"dateModified\":\"2025-12-09T04:14:02+00:00\",\"breadcrumb\":{\"@id\":\"https:\\\/\\\/lospoliticosveracruz.com\\\/?p=158122#breadcrumb\"},\"inLanguage\":\"es\",\"potentialAction\":[{\"@type\":\"ReadAction\",\"target\":[\"https:\\\/\\\/lospoliticosveracruz.com\\\/?p=158122\"]}]},{\"@type\":\"ImageObject\",\"inLanguage\":\"es\",\"@id\":\"https:\\\/\\\/lospoliticosveracruz.com\\\/?p=158122#primaryimage\",\"url\":\"https:\\\/\\\/lospoliticosveracruz.com\\\/wp-content\\\/uploads\\\/2025\\\/04\\\/Agustn-Basilio-de-la-Vega-e1775850704178.jpg\",\"contentUrl\":\"https:\\\/\\\/lospoliticosveracruz.com\\\/wp-content\\\/uploads\\\/2025\\\/04\\\/Agustn-Basilio-de-la-Vega-e1775850704178.jpg\",\"width\":600,\"height\":320},{\"@type\":\"BreadcrumbList\",\"@id\":\"https:\\\/\\\/lospoliticosveracruz.com\\\/?p=158122#breadcrumb\",\"itemListElement\":[{\"@type\":\"ListItem\",\"position\":1,\"name\":\"Portada\",\"item\":\"https:\\\/\\\/lospoliticosveracruz.com\\\/\"},{\"@type\":\"ListItem\",\"position\":2,\"name\":\"DEFENDER A M\u00c9XICO\"}]},{\"@type\":\"WebSite\",\"@id\":\"https:\\\/\\\/lospoliticosveracruz.com\\\/#website\",\"url\":\"https:\\\/\\\/lospoliticosveracruz.com\\\/\",\"name\":\"Los pol\u00edticos Veracruz\",\"description\":\"\",\"publisher\":{\"@id\":\"https:\\\/\\\/lospoliticosveracruz.com\\\/#organization\"},\"potentialAction\":[{\"@type\":\"SearchAction\",\"target\":{\"@type\":\"EntryPoint\",\"urlTemplate\":\"https:\\\/\\\/lospoliticosveracruz.com\\\/?s={search_term_string}\"},\"query-input\":{\"@type\":\"PropertyValueSpecification\",\"valueRequired\":true,\"valueName\":\"search_term_string\"}}],\"inLanguage\":\"es\"},{\"@type\":\"Organization\",\"@id\":\"https:\\\/\\\/lospoliticosveracruz.com\\\/#organization\",\"name\":\"Los pol\u00edticos Veracruz\",\"url\":\"https:\\\/\\\/lospoliticosveracruz.com\\\/\",\"logo\":{\"@type\":\"ImageObject\",\"inLanguage\":\"es\",\"@id\":\"https:\\\/\\\/lospoliticosveracruz.com\\\/#\\\/schema\\\/logo\\\/image\\\/\",\"url\":\"https:\\\/\\\/lospoliticosveracruz.com\\\/wp-content\\\/uploads\\\/2025\\\/12\\\/Logo-Nuevo-LOS-POLITICOS-1.jpg\",\"contentUrl\":\"https:\\\/\\\/lospoliticosveracruz.com\\\/wp-content\\\/uploads\\\/2025\\\/12\\\/Logo-Nuevo-LOS-POLITICOS-1.jpg\",\"width\":260,\"height\":70,\"caption\":\"Los pol\u00edticos Veracruz\"},\"image\":{\"@id\":\"https:\\\/\\\/lospoliticosveracruz.com\\\/#\\\/schema\\\/logo\\\/image\\\/\"},\"sameAs\":[\"https:\\\/\\\/www.facebook.com\\\/people\\\/Notimemes-de-los-Polticos\\\/61565672886568\\\/\",\"https:\\\/\\\/x.com\\\/LosPoliticosVer\"]},{\"@type\":\"Person\",\"@id\":\"https:\\\/\\\/lospoliticosveracruz.com\\\/#\\\/schema\\\/person\\\/b8702bb0e538456e6efd07080bf2a4a2\",\"name\":\"Lo viste en Los Pol\u00edticos\",\"image\":{\"@type\":\"ImageObject\",\"inLanguage\":\"es\",\"@id\":\"https:\\\/\\\/secure.gravatar.com\\\/avatar\\\/3a8de04a2656d44082be478bd6c086daa447c4651605818287b9532d3d0bd435?s=96&d=mm&r=g\",\"url\":\"https:\\\/\\\/secure.gravatar.com\\\/avatar\\\/3a8de04a2656d44082be478bd6c086daa447c4651605818287b9532d3d0bd435?s=96&d=mm&r=g\",\"contentUrl\":\"https:\\\/\\\/secure.gravatar.com\\\/avatar\\\/3a8de04a2656d44082be478bd6c086daa447c4651605818287b9532d3d0bd435?s=96&d=mm&r=g\",\"caption\":\"Lo viste en Los Pol\u00edticos\"},\"url\":\"https:\\\/\\\/lospoliticosveracruz.com\\\/?author=2\"}]}<\/script>\n<!-- \/ Yoast SEO plugin. -->","yoast_head_json":{"title":"DEFENDER A M\u00c9XICO - Los pol\u00edticos Veracruz","robots":{"index":"index","follow":"follow","max-snippet":"max-snippet:-1","max-image-preview":"max-image-preview:large","max-video-preview":"max-video-preview:-1"},"canonical":"https:\/\/lospoliticosveracruz.com\/?p=158122","og_locale":"es_ES","og_type":"article","og_title":"DEFENDER A M\u00c9XICO - Los pol\u00edticos Veracruz","og_description":"Agust\u00edn Basilio de la VegaLa tr\u00e1gica muerte de alcalde Carlos Manzo refleja una grave crisis de seguridad debido al desprecio por parte del gobierno de la Republica al Estado de Derecho. La indignaci\u00f3n por la violencia que caracteriza a nuestro pa\u00eds crece cada d\u00eda en m\u00e1s mexicanos que temen por la seguridad de sus hijas, [&hellip;]","og_url":"https:\/\/lospoliticosveracruz.com\/?p=158122","og_site_name":"Los pol\u00edticos Veracruz","article_publisher":"https:\/\/www.facebook.com\/people\/Notimemes-de-los-Polticos\/61565672886568\/","article_published_time":"2025-12-09T04:13:34+00:00","article_modified_time":"2025-12-09T04:14:02+00:00","og_image":[{"width":1250,"height":667,"url":"https:\/\/lospoliticosveracruz.com\/wp-content\/uploads\/2025\/04\/Agustn-Basilio-de-la-Vega.jpg","type":"image\/jpeg"}],"author":"Lo viste en Los Pol\u00edticos","twitter_card":"summary_large_image","twitter_creator":"@LosPoliticosVer","twitter_site":"@LosPoliticosVer","twitter_misc":{"Escrito por":"Lo viste en Los Pol\u00edticos","Tiempo de lectura":"3 minutos"},"schema":{"@context":"https:\/\/schema.org","@graph":[{"@type":"Article","@id":"https:\/\/lospoliticosveracruz.com\/?p=158122#article","isPartOf":{"@id":"https:\/\/lospoliticosveracruz.com\/?p=158122"},"author":{"name":"Lo viste en Los Pol\u00edticos","@id":"https:\/\/lospoliticosveracruz.com\/#\/schema\/person\/b8702bb0e538456e6efd07080bf2a4a2"},"headline":"DEFENDER A M\u00c9XICO","datePublished":"2025-12-09T04:13:34+00:00","dateModified":"2025-12-09T04:14:02+00:00","mainEntityOfPage":{"@id":"https:\/\/lospoliticosveracruz.com\/?p=158122"},"wordCount":567,"publisher":{"@id":"https:\/\/lospoliticosveracruz.com\/#organization"},"image":{"@id":"https:\/\/lospoliticosveracruz.com\/?p=158122#primaryimage"},"thumbnailUrl":"https:\/\/lospoliticosveracruz.com\/wp-content\/uploads\/2025\/04\/Agustn-Basilio-de-la-Vega-e1775850704178.jpg","keywords":["Agust\u00edn Basilio de la Vega columna","crimen organizado y Estado de Derecho","defender a M\u00e9xico seguridad","familia y libertad en M\u00e9xico","gobierno populista M\u00e9xico cr\u00edtica"],"articleSection":["De Opini\u00f3n"],"inLanguage":"es"},{"@type":"WebPage","@id":"https:\/\/lospoliticosveracruz.com\/?p=158122","url":"https:\/\/lospoliticosveracruz.com\/?p=158122","name":"DEFENDER A M\u00c9XICO - Los pol\u00edticos Veracruz","isPartOf":{"@id":"https:\/\/lospoliticosveracruz.com\/#website"},"primaryImageOfPage":{"@id":"https:\/\/lospoliticosveracruz.com\/?p=158122#primaryimage"},"image":{"@id":"https:\/\/lospoliticosveracruz.com\/?p=158122#primaryimage"},"thumbnailUrl":"https:\/\/lospoliticosveracruz.com\/wp-content\/uploads\/2025\/04\/Agustn-Basilio-de-la-Vega-e1775850704178.jpg","datePublished":"2025-12-09T04:13:34+00:00","dateModified":"2025-12-09T04:14:02+00:00","breadcrumb":{"@id":"https:\/\/lospoliticosveracruz.com\/?p=158122#breadcrumb"},"inLanguage":"es","potentialAction":[{"@type":"ReadAction","target":["https:\/\/lospoliticosveracruz.com\/?p=158122"]}]},{"@type":"ImageObject","inLanguage":"es","@id":"https:\/\/lospoliticosveracruz.com\/?p=158122#primaryimage","url":"https:\/\/lospoliticosveracruz.com\/wp-content\/uploads\/2025\/04\/Agustn-Basilio-de-la-Vega-e1775850704178.jpg","contentUrl":"https:\/\/lospoliticosveracruz.com\/wp-content\/uploads\/2025\/04\/Agustn-Basilio-de-la-Vega-e1775850704178.jpg","width":600,"height":320},{"@type":"BreadcrumbList","@id":"https:\/\/lospoliticosveracruz.com\/?p=158122#breadcrumb","itemListElement":[{"@type":"ListItem","position":1,"name":"Portada","item":"https:\/\/lospoliticosveracruz.com\/"},{"@type":"ListItem","position":2,"name":"DEFENDER A M\u00c9XICO"}]},{"@type":"WebSite","@id":"https:\/\/lospoliticosveracruz.com\/#website","url":"https:\/\/lospoliticosveracruz.com\/","name":"Los pol\u00edticos Veracruz","description":"","publisher":{"@id":"https:\/\/lospoliticosveracruz.com\/#organization"},"potentialAction":[{"@type":"SearchAction","target":{"@type":"EntryPoint","urlTemplate":"https:\/\/lospoliticosveracruz.com\/?s={search_term_string}"},"query-input":{"@type":"PropertyValueSpecification","valueRequired":true,"valueName":"search_term_string"}}],"inLanguage":"es"},{"@type":"Organization","@id":"https:\/\/lospoliticosveracruz.com\/#organization","name":"Los pol\u00edticos Veracruz","url":"https:\/\/lospoliticosveracruz.com\/","logo":{"@type":"ImageObject","inLanguage":"es","@id":"https:\/\/lospoliticosveracruz.com\/#\/schema\/logo\/image\/","url":"https:\/\/lospoliticosveracruz.com\/wp-content\/uploads\/2025\/12\/Logo-Nuevo-LOS-POLITICOS-1.jpg","contentUrl":"https:\/\/lospoliticosveracruz.com\/wp-content\/uploads\/2025\/12\/Logo-Nuevo-LOS-POLITICOS-1.jpg","width":260,"height":70,"caption":"Los pol\u00edticos Veracruz"},"image":{"@id":"https:\/\/lospoliticosveracruz.com\/#\/schema\/logo\/image\/"},"sameAs":["https:\/\/www.facebook.com\/people\/Notimemes-de-los-Polticos\/61565672886568\/","https:\/\/x.com\/LosPoliticosVer"]},{"@type":"Person","@id":"https:\/\/lospoliticosveracruz.com\/#\/schema\/person\/b8702bb0e538456e6efd07080bf2a4a2","name":"Lo viste en Los Pol\u00edticos","image":{"@type":"ImageObject","inLanguage":"es","@id":"https:\/\/secure.gravatar.com\/avatar\/3a8de04a2656d44082be478bd6c086daa447c4651605818287b9532d3d0bd435?s=96&d=mm&r=g","url":"https:\/\/secure.gravatar.com\/avatar\/3a8de04a2656d44082be478bd6c086daa447c4651605818287b9532d3d0bd435?s=96&d=mm&r=g","contentUrl":"https:\/\/secure.gravatar.com\/avatar\/3a8de04a2656d44082be478bd6c086daa447c4651605818287b9532d3d0bd435?s=96&d=mm&r=g","caption":"Lo viste en Los Pol\u00edticos"},"url":"https:\/\/lospoliticosveracruz.com\/?author=2"}]}},"_links":{"self":[{"href":"https:\/\/lospoliticosveracruz.com\/index.php?rest_route=\/wp\/v2\/posts\/158122","targetHints":{"allow":["GET"]}}],"collection":[{"href":"https:\/\/lospoliticosveracruz.com\/index.php?rest_route=\/wp\/v2\/posts"}],"about":[{"href":"https:\/\/lospoliticosveracruz.com\/index.php?rest_route=\/wp\/v2\/types\/post"}],"author":[{"embeddable":true,"href":"https:\/\/lospoliticosveracruz.com\/index.php?rest_route=\/wp\/v2\/users\/2"}],"replies":[{"embeddable":true,"href":"https:\/\/lospoliticosveracruz.com\/index.php?rest_route=%2Fwp%2Fv2%2Fcomments&post=158122"}],"version-history":[{"count":2,"href":"https:\/\/lospoliticosveracruz.com\/index.php?rest_route=\/wp\/v2\/posts\/158122\/revisions"}],"predecessor-version":[{"id":158124,"href":"https:\/\/lospoliticosveracruz.com\/index.php?rest_route=\/wp\/v2\/posts\/158122\/revisions\/158124"}],"wp:featuredmedia":[{"embeddable":true,"href":"https:\/\/lospoliticosveracruz.com\/index.php?rest_route=\/wp\/v2\/media\/141477"}],"wp:attachment":[{"href":"https:\/\/lospoliticosveracruz.com\/index.php?rest_route=%2Fwp%2Fv2%2Fmedia&parent=158122"}],"wp:term":[{"taxonomy":"category","embeddable":true,"href":"https:\/\/lospoliticosveracruz.com\/index.php?rest_route=%2Fwp%2Fv2%2Fcategories&post=158122"},{"taxonomy":"post_tag","embeddable":true,"href":"https:\/\/lospoliticosveracruz.com\/index.php?rest_route=%2Fwp%2Fv2%2Ftags&post=158122"}],"curies":[{"name":"wp","href":"https:\/\/api.w.org\/{rel}","templated":true}]}}