{"id":158130,"date":"2025-12-09T05:52:47","date_gmt":"2025-12-09T11:52:47","guid":{"rendered":"https:\/\/lospoliticosveracruz.com.mx\/?p=158130"},"modified":"2025-12-09T05:53:14","modified_gmt":"2025-12-09T11:53:14","slug":"el-reto-de-lisbeth-aurelia","status":"publish","type":"post","link":"https:\/\/lospoliticosveracruz.com\/?p=158130","title":{"rendered":"EL RETO DE LISBETH AURELIA"},"content":{"rendered":"\n<p><strong>Fanny Y\u00e9pez<\/strong><br><em>La Columna<\/em><\/p>\n\n\n\n<p>A diciembre de 2025, el rezago de expedientes en la Fiscal\u00eda General del Estado de Veracruz (FGE) sigue siendo un tema de discusi\u00f3n p\u00fablica, especialmente tras la renuncia a la fiscal\u00eda, por parte de Ver\u00f3nica Hern\u00e1ndez Giad\u00e1ns y precisamente con este atraso, tendr\u00e1 que lidiar Lisbeth Aurelia Jim\u00e9nez Aguirre.<br>Porque este rezago no permite que se preste una \u00abjusticia pronta y expedita\u00bb, que es un derecho fundamental que obliga a los tribunales a resolver los asuntos de manera r\u00e1pida (pronta) y sin obst\u00e1culos (expedita), dentro de los plazos legales, garantizando una soluci\u00f3n completa e imparcial, siendo un principio constitucional clave en M\u00e9xico, que busca la eficiencia del sistema judicial para evitar dilaciones injustificadas y asegurar el acceso efectivo a la justicia para todos los ciudadanos.<\/p>\n\n\n\n\n\n<p><br><strong>Cifras de Rezago<\/strong><br>Seg\u00fan el Censo Nacional de Procuraci\u00f3n de Justicia 2025 del INEGI, que reporta datos de 2024, la FGE de Veracruz dej\u00f3 16,102 carpetas de investigaci\u00f3n pendientes de concluir, de un total de 81,131 abiertas ese a\u00f1o.<br>Organizaciones y familias de v\u00edctimas, como las que buscan a personas desaparecidas, han expresado temor a retrocesos en sus casos, ante los posibles cambios en la titularidad de la Fiscal\u00eda.<br>La FGE publica estad\u00edsticas sobre incidencia delictiva y operativos recientes en su sitio web oficial, donde se puede consultar informaci\u00f3n actualizada sobre sus actividades.<br>El rezago de expedientes en la Fiscal\u00eda General del Estado (FGE) impacta negativamente en la impartici\u00f3n de justicia al generar impunidad, desconfianza ciudadana y re victimizaci\u00f3n. Este problema sistem\u00e1tico es considerado un \u00abcuello de botella\u00bb en el sistema de justicia penal mexicano.<br>Los principales problemas que provoca el rezago de expedientes son:<br>Impunidad y falta de sanci\u00f3n: La acumulaci\u00f3n de casos sin resolver reduce la probabilidad de que, los responsables sean llevados ante la justicia y sean sancionados, lo cual es un factor que contribuye a los altos \u00edndices de inseguridad y violencia.<br>Retrasos prolongados y dilaci\u00f3n: Las v\u00edctimas y los acusados pueden esperar a\u00f1os para que sus casos se resuelvan, dej\u00e1ndolos en un \u00ablimbo legal\u00bb. Esto contraviene el derecho a una justicia pronta y expedita.<br><strong>Desconfianza en las instituciones:<\/strong> La lentitud y la ineficiencia generan una baja confianza de la poblaci\u00f3n en la FGE y el Poder Judicial en general. Las personas dejan de creer en el sistema, lo que se refleja en una falta de denuncias formales.<br>Re victimizaci\u00f3n y afectaciones emocionales: El proceso legal prolongado y la falta de resoluci\u00f3n pueden causar un desgaste emocional significativo a las v\u00edctimas y sus familias, quienes no encuentran la verdad, la justicia ni la reparaci\u00f3n que merecen.<br><strong>Colapso del sistema penal: <\/strong>La enorme carga de trabajo, sumada a la falta de personal y recursos adecuados, puede llevar a un colapso del sistema de justicia, haciendo que sea menos justo y efectivo para el p\u00fablico al que sirve.<br>Violaci\u00f3n de derechos humanos: La dilaci\u00f3n indebida de los procesos judiciales, puede resultar en violaciones al debido proceso y al derecho de las v\u00edctimas a la verdad, la justicia, la reparaci\u00f3n y garant\u00edas de no repetici\u00f3n.<br>Obligaci\u00f3n del Estado: El Estado tiene la obligaci\u00f3n de proveer un servicio p\u00fablico de justicia eficiente, con servidores p\u00fablicos que act\u00faen con diligencia y sin causar retrasos injustificados.<br>El desaf\u00edo al que se enfrenta Lisbeth Aurelia Jim\u00e9nez Aguirre, es acabar con la lentitud judicial situaci\u00f3n que sigue siendo un problema, y la simplificaci\u00f3n de procedimientos y el uso de nuevas tecnolog\u00edas son claves para lograrlo.<br>En resumen, el rezago de expedientes socava los principios fundamentales de un sistema de justicia eficaz, perpetuando ciclos de violencia e impunidad.<br>Otro de los temas al que se enfrentar\u00e1 Lisbeth Aurelia, son las denuncias de<br>detenciones de presuntos responsables por delitos contra las instituciones de seguridad p\u00fablica y denuncias de corrupci\u00f3n, que involucran a funcionarios de alto nivel dentro de la Fiscal\u00eda General del Estado (FGE).<br><strong>Casos Reportados en diciembre de 2025<\/strong><br>Detenciones de Funcionarios: La Fiscal\u00eda General del Estado inform\u00f3 sobre la detenci\u00f3n de individuos, como presuntos responsables del delito contra las instituciones de seguridad p\u00fablica, en un operativo con elementos de la polic\u00eda ministerial.<br><strong>Denuncias de Alto Perfil: <\/strong>Ha habido se\u00f1alamientos p\u00fablicos en medios de comunicaci\u00f3n sobre posibles conflictos de inter\u00e9s y presunta \u00abfabricaci\u00f3n de culpables\u00bb, que involucran a la actual Fiscal General del Estado y su pareja sentimental, quien tambi\u00e9n ocupa un cargo importante en la instituci\u00f3n.<br>As\u00ed es que la llegada de la nueva Fiscal, viene a dar a todo el estado de Veracruz un nuevo respiro, un nuevo nivel de confianza y as\u00ed pensar positivo, en que dejaremos de ocupar los primeros lugares en criminalidad y observar que no trae varita m\u00e1gica, pero si mucha experiencia que le permitir\u00e1 trazar nuevas l\u00edneas de acci\u00f3n para el bien de las y los veracruzanos.<br>Evitar actos de corrupci\u00f3n va a servir mucho, para atraer nuevas inversiones y generar m\u00e1s empleos bien remunerados, para poner a Veracruz de moda; y no estar\u00eda de m\u00e1s que esos cambios saludables se sigan dando en otras \u00e1reas, donde la apat\u00eda asent\u00f3 sus reales y ya no los vamos a mencionar a esos personajes, porque ahora todos los veracruzanos los conocemos por sus deficiencias. Parece que con este primer importante cambio todo ser\u00e1 diferente.<\/p>\n","protected":false},"excerpt":{"rendered":"<p>Fanny Y\u00e9pezLa Columna A diciembre de 2025, el rezago de expedientes en la Fiscal\u00eda General del Estado de Veracruz (FGE) sigue siendo un tema de discusi\u00f3n p\u00fablica, especialmente tras la renuncia a la fiscal\u00eda, por parte de Ver\u00f3nica Hern\u00e1ndez Giad\u00e1ns y precisamente con este atraso, tendr\u00e1 que lidiar Lisbeth Aurelia Jim\u00e9nez Aguirre.Porque este rezago no [&hellip;]<\/p>\n","protected":false},"author":2,"featured_media":141383,"comment_status":"closed","ping_status":"closed","sticky":false,"template":"","format":"standard","meta":{"tdm_status":"","tdm_grid_status":"","footnotes":""},"categories":[70],"tags":[],"class_list":{"0":"post-158130","1":"post","2":"type-post","3":"status-publish","4":"format-standard","5":"has-post-thumbnail","7":"category-de-opinion"},"yoast_head":"<!-- This site is optimized with the Yoast SEO plugin v27.4 - https:\/\/yoast.com\/product\/yoast-seo-wordpress\/ -->\n<title>EL RETO DE LISBETH AURELIA - Los pol\u00edticos Veracruz<\/title>\n<meta name=\"robots\" content=\"index, follow, max-snippet:-1, max-image-preview:large, max-video-preview:-1\" \/>\n<link rel=\"canonical\" href=\"https:\/\/lospoliticosveracruz.com\/?p=158130\" \/>\n<meta property=\"og:locale\" content=\"es_ES\" \/>\n<meta property=\"og:type\" content=\"article\" \/>\n<meta property=\"og:title\" content=\"EL RETO DE LISBETH AURELIA - Los pol\u00edticos Veracruz\" \/>\n<meta property=\"og:description\" content=\"Fanny Y\u00e9pezLa Columna A diciembre de 2025, el rezago de expedientes en la Fiscal\u00eda General del Estado de Veracruz (FGE) sigue siendo un tema de discusi\u00f3n p\u00fablica, especialmente tras la renuncia a la fiscal\u00eda, por parte de Ver\u00f3nica Hern\u00e1ndez Giad\u00e1ns y precisamente con este atraso, tendr\u00e1 que lidiar Lisbeth Aurelia Jim\u00e9nez Aguirre.Porque este rezago no [&hellip;]\" \/>\n<meta property=\"og:url\" content=\"https:\/\/lospoliticosveracruz.com\/?p=158130\" \/>\n<meta property=\"og:site_name\" content=\"Los pol\u00edticos Veracruz\" \/>\n<meta property=\"article:publisher\" content=\"https:\/\/www.facebook.com\/people\/Notimemes-de-los-Polticos\/61565672886568\/\" \/>\n<meta property=\"article:published_time\" content=\"2025-12-09T11:52:47+00:00\" \/>\n<meta property=\"article:modified_time\" content=\"2025-12-09T11:53:14+00:00\" \/>\n<meta property=\"og:image\" content=\"https:\/\/lospoliticosveracruz.com\/wp-content\/uploads\/2025\/04\/Fanny-Yepez-Luna.jpg\" \/>\n\t<meta property=\"og:image:width\" content=\"1250\" \/>\n\t<meta property=\"og:image:height\" content=\"667\" \/>\n\t<meta property=\"og:image:type\" content=\"image\/jpeg\" \/>\n<meta name=\"author\" content=\"Lo viste en Los Pol\u00edticos\" \/>\n<meta name=\"twitter:card\" content=\"summary_large_image\" \/>\n<meta name=\"twitter:creator\" content=\"@LosPoliticosVer\" \/>\n<meta name=\"twitter:site\" content=\"@LosPoliticosVer\" \/>\n<meta name=\"twitter:label1\" content=\"Escrito por\" \/>\n\t<meta name=\"twitter:data1\" content=\"Lo viste en Los Pol\u00edticos\" \/>\n\t<meta name=\"twitter:label2\" content=\"Tiempo de lectura\" \/>\n\t<meta name=\"twitter:data2\" content=\"5 minutos\" \/>\n<script type=\"application\/ld+json\" class=\"yoast-schema-graph\">{\"@context\":\"https:\\\/\\\/schema.org\",\"@graph\":[{\"@type\":\"Article\",\"@id\":\"https:\\\/\\\/lospoliticosveracruz.com\\\/?p=158130#article\",\"isPartOf\":{\"@id\":\"https:\\\/\\\/lospoliticosveracruz.com\\\/?p=158130\"},\"author\":{\"name\":\"Lo viste en Los Pol\u00edticos\",\"@id\":\"https:\\\/\\\/lospoliticosveracruz.com\\\/#\\\/schema\\\/person\\\/b8702bb0e538456e6efd07080bf2a4a2\"},\"headline\":\"EL RETO DE LISBETH AURELIA\",\"datePublished\":\"2025-12-09T11:52:47+00:00\",\"dateModified\":\"2025-12-09T11:53:14+00:00\",\"mainEntityOfPage\":{\"@id\":\"https:\\\/\\\/lospoliticosveracruz.com\\\/?p=158130\"},\"wordCount\":936,\"publisher\":{\"@id\":\"https:\\\/\\\/lospoliticosveracruz.com\\\/#organization\"},\"image\":{\"@id\":\"https:\\\/\\\/lospoliticosveracruz.com\\\/?p=158130#primaryimage\"},\"thumbnailUrl\":\"https:\\\/\\\/lospoliticosveracruz.com\\\/wp-content\\\/uploads\\\/2025\\\/04\\\/Fanny-Yepez-Luna-e1768657334923.jpg\",\"articleSection\":[\"De Opini\u00f3n\"],\"inLanguage\":\"es\"},{\"@type\":\"WebPage\",\"@id\":\"https:\\\/\\\/lospoliticosveracruz.com\\\/?p=158130\",\"url\":\"https:\\\/\\\/lospoliticosveracruz.com\\\/?p=158130\",\"name\":\"EL RETO DE LISBETH AURELIA - Los pol\u00edticos Veracruz\",\"isPartOf\":{\"@id\":\"https:\\\/\\\/lospoliticosveracruz.com\\\/#website\"},\"primaryImageOfPage\":{\"@id\":\"https:\\\/\\\/lospoliticosveracruz.com\\\/?p=158130#primaryimage\"},\"image\":{\"@id\":\"https:\\\/\\\/lospoliticosveracruz.com\\\/?p=158130#primaryimage\"},\"thumbnailUrl\":\"https:\\\/\\\/lospoliticosveracruz.com\\\/wp-content\\\/uploads\\\/2025\\\/04\\\/Fanny-Yepez-Luna-e1768657334923.jpg\",\"datePublished\":\"2025-12-09T11:52:47+00:00\",\"dateModified\":\"2025-12-09T11:53:14+00:00\",\"breadcrumb\":{\"@id\":\"https:\\\/\\\/lospoliticosveracruz.com\\\/?p=158130#breadcrumb\"},\"inLanguage\":\"es\",\"potentialAction\":[{\"@type\":\"ReadAction\",\"target\":[\"https:\\\/\\\/lospoliticosveracruz.com\\\/?p=158130\"]}]},{\"@type\":\"ImageObject\",\"inLanguage\":\"es\",\"@id\":\"https:\\\/\\\/lospoliticosveracruz.com\\\/?p=158130#primaryimage\",\"url\":\"https:\\\/\\\/lospoliticosveracruz.com\\\/wp-content\\\/uploads\\\/2025\\\/04\\\/Fanny-Yepez-Luna-e1768657334923.jpg\",\"contentUrl\":\"https:\\\/\\\/lospoliticosveracruz.com\\\/wp-content\\\/uploads\\\/2025\\\/04\\\/Fanny-Yepez-Luna-e1768657334923.jpg\",\"width\":600,\"height\":320},{\"@type\":\"BreadcrumbList\",\"@id\":\"https:\\\/\\\/lospoliticosveracruz.com\\\/?p=158130#breadcrumb\",\"itemListElement\":[{\"@type\":\"ListItem\",\"position\":1,\"name\":\"Portada\",\"item\":\"https:\\\/\\\/lospoliticosveracruz.com\\\/\"},{\"@type\":\"ListItem\",\"position\":2,\"name\":\"EL RETO DE LISBETH AURELIA\"}]},{\"@type\":\"WebSite\",\"@id\":\"https:\\\/\\\/lospoliticosveracruz.com\\\/#website\",\"url\":\"https:\\\/\\\/lospoliticosveracruz.com\\\/\",\"name\":\"Los pol\u00edticos Veracruz\",\"description\":\"\",\"publisher\":{\"@id\":\"https:\\\/\\\/lospoliticosveracruz.com\\\/#organization\"},\"potentialAction\":[{\"@type\":\"SearchAction\",\"target\":{\"@type\":\"EntryPoint\",\"urlTemplate\":\"https:\\\/\\\/lospoliticosveracruz.com\\\/?s={search_term_string}\"},\"query-input\":{\"@type\":\"PropertyValueSpecification\",\"valueRequired\":true,\"valueName\":\"search_term_string\"}}],\"inLanguage\":\"es\"},{\"@type\":\"Organization\",\"@id\":\"https:\\\/\\\/lospoliticosveracruz.com\\\/#organization\",\"name\":\"Los pol\u00edticos Veracruz\",\"url\":\"https:\\\/\\\/lospoliticosveracruz.com\\\/\",\"logo\":{\"@type\":\"ImageObject\",\"inLanguage\":\"es\",\"@id\":\"https:\\\/\\\/lospoliticosveracruz.com\\\/#\\\/schema\\\/logo\\\/image\\\/\",\"url\":\"https:\\\/\\\/lospoliticosveracruz.com\\\/wp-content\\\/uploads\\\/2025\\\/12\\\/Logo-Nuevo-LOS-POLITICOS-1.jpg\",\"contentUrl\":\"https:\\\/\\\/lospoliticosveracruz.com\\\/wp-content\\\/uploads\\\/2025\\\/12\\\/Logo-Nuevo-LOS-POLITICOS-1.jpg\",\"width\":260,\"height\":70,\"caption\":\"Los pol\u00edticos Veracruz\"},\"image\":{\"@id\":\"https:\\\/\\\/lospoliticosveracruz.com\\\/#\\\/schema\\\/logo\\\/image\\\/\"},\"sameAs\":[\"https:\\\/\\\/www.facebook.com\\\/people\\\/Notimemes-de-los-Polticos\\\/61565672886568\\\/\",\"https:\\\/\\\/x.com\\\/LosPoliticosVer\"]},{\"@type\":\"Person\",\"@id\":\"https:\\\/\\\/lospoliticosveracruz.com\\\/#\\\/schema\\\/person\\\/b8702bb0e538456e6efd07080bf2a4a2\",\"name\":\"Lo viste en Los Pol\u00edticos\",\"image\":{\"@type\":\"ImageObject\",\"inLanguage\":\"es\",\"@id\":\"https:\\\/\\\/secure.gravatar.com\\\/avatar\\\/3a8de04a2656d44082be478bd6c086daa447c4651605818287b9532d3d0bd435?s=96&d=mm&r=g\",\"url\":\"https:\\\/\\\/secure.gravatar.com\\\/avatar\\\/3a8de04a2656d44082be478bd6c086daa447c4651605818287b9532d3d0bd435?s=96&d=mm&r=g\",\"contentUrl\":\"https:\\\/\\\/secure.gravatar.com\\\/avatar\\\/3a8de04a2656d44082be478bd6c086daa447c4651605818287b9532d3d0bd435?s=96&d=mm&r=g\",\"caption\":\"Lo viste en Los Pol\u00edticos\"},\"url\":\"https:\\\/\\\/lospoliticosveracruz.com\\\/?author=2\"}]}<\/script>\n<!-- \/ Yoast SEO plugin. -->","yoast_head_json":{"title":"EL RETO DE LISBETH AURELIA - Los pol\u00edticos Veracruz","robots":{"index":"index","follow":"follow","max-snippet":"max-snippet:-1","max-image-preview":"max-image-preview:large","max-video-preview":"max-video-preview:-1"},"canonical":"https:\/\/lospoliticosveracruz.com\/?p=158130","og_locale":"es_ES","og_type":"article","og_title":"EL RETO DE LISBETH AURELIA - Los pol\u00edticos Veracruz","og_description":"Fanny Y\u00e9pezLa Columna A diciembre de 2025, el rezago de expedientes en la Fiscal\u00eda General del Estado de Veracruz (FGE) sigue siendo un tema de discusi\u00f3n p\u00fablica, especialmente tras la renuncia a la fiscal\u00eda, por parte de Ver\u00f3nica Hern\u00e1ndez Giad\u00e1ns y precisamente con este atraso, tendr\u00e1 que lidiar Lisbeth Aurelia Jim\u00e9nez Aguirre.Porque este rezago no [&hellip;]","og_url":"https:\/\/lospoliticosveracruz.com\/?p=158130","og_site_name":"Los pol\u00edticos Veracruz","article_publisher":"https:\/\/www.facebook.com\/people\/Notimemes-de-los-Polticos\/61565672886568\/","article_published_time":"2025-12-09T11:52:47+00:00","article_modified_time":"2025-12-09T11:53:14+00:00","og_image":[{"width":1250,"height":667,"url":"https:\/\/lospoliticosveracruz.com\/wp-content\/uploads\/2025\/04\/Fanny-Yepez-Luna.jpg","type":"image\/jpeg"}],"author":"Lo viste en Los Pol\u00edticos","twitter_card":"summary_large_image","twitter_creator":"@LosPoliticosVer","twitter_site":"@LosPoliticosVer","twitter_misc":{"Escrito por":"Lo viste en Los Pol\u00edticos","Tiempo de lectura":"5 minutos"},"schema":{"@context":"https:\/\/schema.org","@graph":[{"@type":"Article","@id":"https:\/\/lospoliticosveracruz.com\/?p=158130#article","isPartOf":{"@id":"https:\/\/lospoliticosveracruz.com\/?p=158130"},"author":{"name":"Lo viste en Los Pol\u00edticos","@id":"https:\/\/lospoliticosveracruz.com\/#\/schema\/person\/b8702bb0e538456e6efd07080bf2a4a2"},"headline":"EL RETO DE LISBETH AURELIA","datePublished":"2025-12-09T11:52:47+00:00","dateModified":"2025-12-09T11:53:14+00:00","mainEntityOfPage":{"@id":"https:\/\/lospoliticosveracruz.com\/?p=158130"},"wordCount":936,"publisher":{"@id":"https:\/\/lospoliticosveracruz.com\/#organization"},"image":{"@id":"https:\/\/lospoliticosveracruz.com\/?p=158130#primaryimage"},"thumbnailUrl":"https:\/\/lospoliticosveracruz.com\/wp-content\/uploads\/2025\/04\/Fanny-Yepez-Luna-e1768657334923.jpg","articleSection":["De Opini\u00f3n"],"inLanguage":"es"},{"@type":"WebPage","@id":"https:\/\/lospoliticosveracruz.com\/?p=158130","url":"https:\/\/lospoliticosveracruz.com\/?p=158130","name":"EL RETO DE LISBETH AURELIA - Los pol\u00edticos Veracruz","isPartOf":{"@id":"https:\/\/lospoliticosveracruz.com\/#website"},"primaryImageOfPage":{"@id":"https:\/\/lospoliticosveracruz.com\/?p=158130#primaryimage"},"image":{"@id":"https:\/\/lospoliticosveracruz.com\/?p=158130#primaryimage"},"thumbnailUrl":"https:\/\/lospoliticosveracruz.com\/wp-content\/uploads\/2025\/04\/Fanny-Yepez-Luna-e1768657334923.jpg","datePublished":"2025-12-09T11:52:47+00:00","dateModified":"2025-12-09T11:53:14+00:00","breadcrumb":{"@id":"https:\/\/lospoliticosveracruz.com\/?p=158130#breadcrumb"},"inLanguage":"es","potentialAction":[{"@type":"ReadAction","target":["https:\/\/lospoliticosveracruz.com\/?p=158130"]}]},{"@type":"ImageObject","inLanguage":"es","@id":"https:\/\/lospoliticosveracruz.com\/?p=158130#primaryimage","url":"https:\/\/lospoliticosveracruz.com\/wp-content\/uploads\/2025\/04\/Fanny-Yepez-Luna-e1768657334923.jpg","contentUrl":"https:\/\/lospoliticosveracruz.com\/wp-content\/uploads\/2025\/04\/Fanny-Yepez-Luna-e1768657334923.jpg","width":600,"height":320},{"@type":"BreadcrumbList","@id":"https:\/\/lospoliticosveracruz.com\/?p=158130#breadcrumb","itemListElement":[{"@type":"ListItem","position":1,"name":"Portada","item":"https:\/\/lospoliticosveracruz.com\/"},{"@type":"ListItem","position":2,"name":"EL RETO DE LISBETH AURELIA"}]},{"@type":"WebSite","@id":"https:\/\/lospoliticosveracruz.com\/#website","url":"https:\/\/lospoliticosveracruz.com\/","name":"Los pol\u00edticos Veracruz","description":"","publisher":{"@id":"https:\/\/lospoliticosveracruz.com\/#organization"},"potentialAction":[{"@type":"SearchAction","target":{"@type":"EntryPoint","urlTemplate":"https:\/\/lospoliticosveracruz.com\/?s={search_term_string}"},"query-input":{"@type":"PropertyValueSpecification","valueRequired":true,"valueName":"search_term_string"}}],"inLanguage":"es"},{"@type":"Organization","@id":"https:\/\/lospoliticosveracruz.com\/#organization","name":"Los pol\u00edticos Veracruz","url":"https:\/\/lospoliticosveracruz.com\/","logo":{"@type":"ImageObject","inLanguage":"es","@id":"https:\/\/lospoliticosveracruz.com\/#\/schema\/logo\/image\/","url":"https:\/\/lospoliticosveracruz.com\/wp-content\/uploads\/2025\/12\/Logo-Nuevo-LOS-POLITICOS-1.jpg","contentUrl":"https:\/\/lospoliticosveracruz.com\/wp-content\/uploads\/2025\/12\/Logo-Nuevo-LOS-POLITICOS-1.jpg","width":260,"height":70,"caption":"Los pol\u00edticos Veracruz"},"image":{"@id":"https:\/\/lospoliticosveracruz.com\/#\/schema\/logo\/image\/"},"sameAs":["https:\/\/www.facebook.com\/people\/Notimemes-de-los-Polticos\/61565672886568\/","https:\/\/x.com\/LosPoliticosVer"]},{"@type":"Person","@id":"https:\/\/lospoliticosveracruz.com\/#\/schema\/person\/b8702bb0e538456e6efd07080bf2a4a2","name":"Lo viste en Los Pol\u00edticos","image":{"@type":"ImageObject","inLanguage":"es","@id":"https:\/\/secure.gravatar.com\/avatar\/3a8de04a2656d44082be478bd6c086daa447c4651605818287b9532d3d0bd435?s=96&d=mm&r=g","url":"https:\/\/secure.gravatar.com\/avatar\/3a8de04a2656d44082be478bd6c086daa447c4651605818287b9532d3d0bd435?s=96&d=mm&r=g","contentUrl":"https:\/\/secure.gravatar.com\/avatar\/3a8de04a2656d44082be478bd6c086daa447c4651605818287b9532d3d0bd435?s=96&d=mm&r=g","caption":"Lo viste en Los Pol\u00edticos"},"url":"https:\/\/lospoliticosveracruz.com\/?author=2"}]}},"_links":{"self":[{"href":"https:\/\/lospoliticosveracruz.com\/index.php?rest_route=\/wp\/v2\/posts\/158130","targetHints":{"allow":["GET"]}}],"collection":[{"href":"https:\/\/lospoliticosveracruz.com\/index.php?rest_route=\/wp\/v2\/posts"}],"about":[{"href":"https:\/\/lospoliticosveracruz.com\/index.php?rest_route=\/wp\/v2\/types\/post"}],"author":[{"embeddable":true,"href":"https:\/\/lospoliticosveracruz.com\/index.php?rest_route=\/wp\/v2\/users\/2"}],"replies":[{"embeddable":true,"href":"https:\/\/lospoliticosveracruz.com\/index.php?rest_route=%2Fwp%2Fv2%2Fcomments&post=158130"}],"version-history":[{"count":2,"href":"https:\/\/lospoliticosveracruz.com\/index.php?rest_route=\/wp\/v2\/posts\/158130\/revisions"}],"predecessor-version":[{"id":158133,"href":"https:\/\/lospoliticosveracruz.com\/index.php?rest_route=\/wp\/v2\/posts\/158130\/revisions\/158133"}],"wp:featuredmedia":[{"embeddable":true,"href":"https:\/\/lospoliticosveracruz.com\/index.php?rest_route=\/wp\/v2\/media\/141383"}],"wp:attachment":[{"href":"https:\/\/lospoliticosveracruz.com\/index.php?rest_route=%2Fwp%2Fv2%2Fmedia&parent=158130"}],"wp:term":[{"taxonomy":"category","embeddable":true,"href":"https:\/\/lospoliticosveracruz.com\/index.php?rest_route=%2Fwp%2Fv2%2Fcategories&post=158130"},{"taxonomy":"post_tag","embeddable":true,"href":"https:\/\/lospoliticosveracruz.com\/index.php?rest_route=%2Fwp%2Fv2%2Ftags&post=158130"}],"curies":[{"name":"wp","href":"https:\/\/api.w.org\/{rel}","templated":true}]}}