{"id":158163,"date":"2025-12-09T21:00:46","date_gmt":"2025-12-10T03:00:46","guid":{"rendered":"https:\/\/lospoliticosveracruz.com.mx\/?p=158163"},"modified":"2025-12-09T21:01:46","modified_gmt":"2025-12-10T03:01:46","slug":"con-la-venia-del-senor","status":"publish","type":"post","link":"https:\/\/lospoliticosveracruz.com\/?p=158163","title":{"rendered":"CON LA VENIA DEL SE\u00d1OR!"},"content":{"rendered":"\n<p>S\u00edguenos ahora tambi\u00e9n en WhatsApp.\u00a0\u00a1<a href=\"https:\/\/whatsapp.com\/channel\/0029Va8zRWlEKyZIP3Z1dF0e\"><strong>Da clic aqu\u00ed<\/strong><\/a><strong>!<\/strong><\/p>\n\n\n\n<p><strong>Miguel Valera<br><\/strong><em>Contrase\u00f1as<\/em><\/p>\n\n\n\n<p>Un viejo amigo, monse\u00f1or Isidoro Abad Olivares, arzobispo primado de la Iglesia Apost\u00f3lica Ecum\u00e9nica Siervos del Esp\u00edritu Santo de Veracruz \u2014ojo, no es la iglesia cat\u00f3lica tradicional romana que normalmente conocemos\u2014 est\u00e1 feliz porque este martes 09 de diciembre recibi\u00f3 de manos de la Secretaria de Gobernaci\u00f3n Rosa Icela Rodr\u00edguez Vel\u00e1zquez, el registro SGAR\/5471\/2025 de su iglesia como Asociaci\u00f3n Religiosa.<\/p>\n\n\n\n\n\n<p>\u201cDios nos bendice abundantemente con el crecimiento de nuestra comunidad religiosa y con este reconocimiento de las autoridades federales\u201d, me coment\u00f3 el prelado desde las oficinas del Conjunto Bucareli en la Ciudad de M\u00e9xico, en donde se llev\u00f3 a cabo el acto protocolario y en donde participaron cat\u00f3licos, evang\u00e9licos y diversas denominaciones religiosas de 26 estados de la Rep\u00fablica.<\/p>\n\n\n\n<p>En la ceremonia de entrega de Registros constitutivos a nuevas Asociaciones Religiosas, la funcionaria federal les dio un saludo de la presidenta Claudia Sheinbaum Pardo \u201cy un reconocimiento por la labor que ustedes hacen a favor de la paz; esto es lo m\u00e1s importante para cualquier pa\u00eds, trabajar en el tema de la paz\u201d.<\/p>\n\n\n\n<p>\u201cPara el gobierno de M\u00e9xico la libertad es la esencia de la democracia, por eso se garantizan todas las libertades y tambi\u00e9n la libertad de culto religioso. Desde la Secretar\u00eda de Gobernaci\u00f3n tenemos toda la disposici\u00f3n para contribuir, dentro del marco legal, al buen desarrollo de las comunidades de fe. Hoy celebramos un acto que reafirma los principios constitucionales de libertad de convicci\u00f3n y de creencia, as\u00ed como la laicidad del Estado de mexicano\u201d, coment\u00f3 al entregar 103 certificados de registro.<\/p>\n\n\n\n<p>Monse\u00f1or Isidoro Abad Olivares insisti\u00f3 en el agradecimiento a Dios de toda la comunidad eclesi\u00e1stica que dirige, porque este reconocimiento gubernamental les permitir\u00e1 tener un mayor margen de acci\u00f3n para llevar la palabra de Dios a la comunidad veracruzana y de todo el pa\u00eds en donde se desempe\u00f1an.<\/p>\n\n\n\n<p>\u201cEste hecho jur\u00eddico representa para todos nosotros una grata alegr\u00eda; para m\u00ed como Pastor y en uni\u00f3n con el Gobierno que me acompa\u00f1a en el cargo y para toda la comunidad de esta iglesia. La personalidad jur\u00eddica de la Iglesia Apost\u00f3lica Ecum\u00e9nica Siervos del Esp\u00edritu Santo de Veracruz es una bendici\u00f3n de Dios\u201d.<\/p>\n\n\n\n<p>\u201cAgradezco a cada uno de los que colaboraron a trav\u00e9s de estos cuatro a\u00f1os que dur\u00f3 el proceso para el registro, gracias a todos por los que en diferentes momentos se unieron a nuestras oraciones\u201d, asever\u00f3.<\/p>\n\n\n\n<p>\u201cEsto es muy grande para nosotros; se logr\u00f3 despu\u00e9s de muchos a\u00f1os. Fue una historia larga. Algunas veces nos desanimamos, pero siempre fuimos saliendo delante de todos los tr\u00e1mites que nos pidieron a lo largo de cuatro a\u00f1os\u201d, dijo.<\/p>\n\n\n\n<p>El arzobispo primado de esta Iglesia que naci\u00f3 en 2013 por la iniciativa de un grupo de sacerdotes y laicos que buscaban una iglesia m\u00e1s cercana a la gente, con mayor vocaci\u00f3n de servicio y sobre todo m\u00e1s inclusiva, coment\u00f3 que este reconocimiento del Gobierno de la Rep\u00fablica es una muestra \u201cde que no estamos equivocados, de que vamos por el camino correcto y de que Dios nos bendice\u201d.<\/p>\n\n\n\n<p>\u201cEl registro nos otorga personalidad jur\u00eddica plena, lo que nos permitir\u00e1 ampliar nuestras actividades pastorales, establecer centros de formaci\u00f3n, y desarrollar programas comunitarios en diversas regiones del pa\u00eds\u201d, asent\u00f3 monse\u00f1or Isidoro Abad Olivares.<\/p>\n\n\n\n<p>El cl\u00e9rigo oriundo del puerto de Veracruz insisti\u00f3 que \u201ceste Registro confirma que nuestra iglesia est\u00e1 plenamente reconocida por el Estado mexicano. Nuestros sacerdotes son leg\u00edtimos, nuestro proyecto pastoral es serio y nuestra labor social continuar\u00e1 fortaleci\u00e9ndose\u201d, asever\u00f3.<\/p>\n\n\n\n<p>\u201cEsto nos fortalece y nos legitima\u201d, insiste, al referir que la Iglesia Apost\u00f3lica Ecum\u00e9nica Siervos del Esp\u00edritu Santo de Veracruz ha recibido ataques de otras instituciones religiosas, sobre todo de la iglesia cat\u00f3lica romana, quien no permite que existan otras expresiones religiosas.<\/p>\n\n\n\n<p>\u201cA quienes nos han llamado \u2018iglesia falsa\u2019 aqu\u00ed tienen una respuesta de parte de las instituciones del pa\u00eds. Por eso insisto en que Dios est\u00e1 de nuestro lado y nos acompa\u00f1a. Nosotros aceptamos y reconocemos todas las expresiones religiosas y pedimos que de la misma manera nos respeten\u201d, asent\u00f3.<\/p>\n\n\n\n<p>@MValeraH<\/p>\n","protected":false},"excerpt":{"rendered":"<p>Miguel ValeraContrase\u00f1as Un viejo amigo, monse\u00f1or Isidoro Abad Olivares, arzobispo primado de la Iglesia Apost\u00f3lica Ecum\u00e9nica Siervos del Esp\u00edritu Santo de Veracruz \u2014ojo, no es la iglesia cat\u00f3lica tradicional romana que normalmente conocemos\u2014 est\u00e1 feliz porque este martes 09 de diciembre recibi\u00f3 de manos de la Secretaria de Gobernaci\u00f3n Rosa Icela Rodr\u00edguez Vel\u00e1zquez, el registro [&hellip;]<\/p>\n","protected":false},"author":2,"featured_media":141429,"comment_status":"closed","ping_status":"closed","sticky":false,"template":"","format":"standard","meta":{"tdm_status":"","tdm_grid_status":"","footnotes":""},"categories":[70],"tags":[47882],"class_list":{"0":"post-158163","1":"post","2":"type-post","3":"status-publish","4":"format-standard","5":"has-post-thumbnail","7":"category-de-opinion","8":"tag-miguel-valera-2"},"yoast_head":"<!-- This site is optimized with the Yoast SEO plugin v27.4 - https:\/\/yoast.com\/product\/yoast-seo-wordpress\/ -->\n<title>CON LA VENIA DEL SE\u00d1OR! - Los pol\u00edticos Veracruz<\/title>\n<meta name=\"robots\" content=\"index, follow, max-snippet:-1, max-image-preview:large, max-video-preview:-1\" \/>\n<link rel=\"canonical\" href=\"https:\/\/lospoliticosveracruz.com\/?p=158163\" \/>\n<meta property=\"og:locale\" content=\"es_ES\" \/>\n<meta property=\"og:type\" content=\"article\" \/>\n<meta property=\"og:title\" content=\"CON LA VENIA DEL SE\u00d1OR! - Los pol\u00edticos Veracruz\" \/>\n<meta property=\"og:description\" content=\"Miguel ValeraContrase\u00f1as Un viejo amigo, monse\u00f1or Isidoro Abad Olivares, arzobispo primado de la Iglesia Apost\u00f3lica Ecum\u00e9nica Siervos del Esp\u00edritu Santo de Veracruz \u2014ojo, no es la iglesia cat\u00f3lica tradicional romana que normalmente conocemos\u2014 est\u00e1 feliz porque este martes 09 de diciembre recibi\u00f3 de manos de la Secretaria de Gobernaci\u00f3n Rosa Icela Rodr\u00edguez Vel\u00e1zquez, el registro [&hellip;]\" \/>\n<meta property=\"og:url\" content=\"https:\/\/lospoliticosveracruz.com\/?p=158163\" \/>\n<meta property=\"og:site_name\" content=\"Los pol\u00edticos Veracruz\" \/>\n<meta property=\"article:publisher\" content=\"https:\/\/www.facebook.com\/people\/Notimemes-de-los-Polticos\/61565672886568\/\" \/>\n<meta property=\"article:published_time\" content=\"2025-12-10T03:00:46+00:00\" \/>\n<meta property=\"article:modified_time\" content=\"2025-12-10T03:01:46+00:00\" \/>\n<meta property=\"og:image\" content=\"https:\/\/lospoliticosveracruz.com\/wp-content\/uploads\/2025\/04\/Miguel-Valera.jpg\" \/>\n\t<meta property=\"og:image:width\" content=\"1250\" \/>\n\t<meta property=\"og:image:height\" content=\"667\" \/>\n\t<meta property=\"og:image:type\" content=\"image\/jpeg\" \/>\n<meta name=\"author\" content=\"Lo viste en Los Pol\u00edticos\" \/>\n<meta name=\"twitter:card\" content=\"summary_large_image\" \/>\n<meta name=\"twitter:creator\" content=\"@LosPoliticosVer\" \/>\n<meta name=\"twitter:site\" content=\"@LosPoliticosVer\" \/>\n<meta name=\"twitter:label1\" content=\"Escrito por\" \/>\n\t<meta name=\"twitter:data1\" content=\"Lo viste en Los Pol\u00edticos\" \/>\n\t<meta name=\"twitter:label2\" content=\"Tiempo de lectura\" \/>\n\t<meta name=\"twitter:data2\" content=\"4 minutos\" \/>\n<script type=\"application\/ld+json\" class=\"yoast-schema-graph\">{\"@context\":\"https:\\\/\\\/schema.org\",\"@graph\":[{\"@type\":\"Article\",\"@id\":\"https:\\\/\\\/lospoliticosveracruz.com\\\/?p=158163#article\",\"isPartOf\":{\"@id\":\"https:\\\/\\\/lospoliticosveracruz.com\\\/?p=158163\"},\"author\":{\"name\":\"Lo viste en Los Pol\u00edticos\",\"@id\":\"https:\\\/\\\/lospoliticosveracruz.com\\\/#\\\/schema\\\/person\\\/b8702bb0e538456e6efd07080bf2a4a2\"},\"headline\":\"CON LA VENIA DEL SE\u00d1OR!\",\"datePublished\":\"2025-12-10T03:00:46+00:00\",\"dateModified\":\"2025-12-10T03:01:46+00:00\",\"mainEntityOfPage\":{\"@id\":\"https:\\\/\\\/lospoliticosveracruz.com\\\/?p=158163\"},\"wordCount\":726,\"publisher\":{\"@id\":\"https:\\\/\\\/lospoliticosveracruz.com\\\/#organization\"},\"image\":{\"@id\":\"https:\\\/\\\/lospoliticosveracruz.com\\\/?p=158163#primaryimage\"},\"thumbnailUrl\":\"https:\\\/\\\/lospoliticosveracruz.com\\\/wp-content\\\/uploads\\\/2025\\\/04\\\/Miguel-Valera.jpg\",\"keywords\":[\"Miguel Valera.\"],\"articleSection\":[\"De Opini\u00f3n\"],\"inLanguage\":\"es\"},{\"@type\":\"WebPage\",\"@id\":\"https:\\\/\\\/lospoliticosveracruz.com\\\/?p=158163\",\"url\":\"https:\\\/\\\/lospoliticosveracruz.com\\\/?p=158163\",\"name\":\"CON LA VENIA DEL SE\u00d1OR! - Los pol\u00edticos Veracruz\",\"isPartOf\":{\"@id\":\"https:\\\/\\\/lospoliticosveracruz.com\\\/#website\"},\"primaryImageOfPage\":{\"@id\":\"https:\\\/\\\/lospoliticosveracruz.com\\\/?p=158163#primaryimage\"},\"image\":{\"@id\":\"https:\\\/\\\/lospoliticosveracruz.com\\\/?p=158163#primaryimage\"},\"thumbnailUrl\":\"https:\\\/\\\/lospoliticosveracruz.com\\\/wp-content\\\/uploads\\\/2025\\\/04\\\/Miguel-Valera.jpg\",\"datePublished\":\"2025-12-10T03:00:46+00:00\",\"dateModified\":\"2025-12-10T03:01:46+00:00\",\"breadcrumb\":{\"@id\":\"https:\\\/\\\/lospoliticosveracruz.com\\\/?p=158163#breadcrumb\"},\"inLanguage\":\"es\",\"potentialAction\":[{\"@type\":\"ReadAction\",\"target\":[\"https:\\\/\\\/lospoliticosveracruz.com\\\/?p=158163\"]}]},{\"@type\":\"ImageObject\",\"inLanguage\":\"es\",\"@id\":\"https:\\\/\\\/lospoliticosveracruz.com\\\/?p=158163#primaryimage\",\"url\":\"https:\\\/\\\/lospoliticosveracruz.com\\\/wp-content\\\/uploads\\\/2025\\\/04\\\/Miguel-Valera.jpg\",\"contentUrl\":\"https:\\\/\\\/lospoliticosveracruz.com\\\/wp-content\\\/uploads\\\/2025\\\/04\\\/Miguel-Valera.jpg\",\"width\":1250,\"height\":667},{\"@type\":\"BreadcrumbList\",\"@id\":\"https:\\\/\\\/lospoliticosveracruz.com\\\/?p=158163#breadcrumb\",\"itemListElement\":[{\"@type\":\"ListItem\",\"position\":1,\"name\":\"Portada\",\"item\":\"https:\\\/\\\/lospoliticosveracruz.com\\\/\"},{\"@type\":\"ListItem\",\"position\":2,\"name\":\"CON LA VENIA DEL SE\u00d1OR!\"}]},{\"@type\":\"WebSite\",\"@id\":\"https:\\\/\\\/lospoliticosveracruz.com\\\/#website\",\"url\":\"https:\\\/\\\/lospoliticosveracruz.com\\\/\",\"name\":\"Los pol\u00edticos Veracruz\",\"description\":\"\",\"publisher\":{\"@id\":\"https:\\\/\\\/lospoliticosveracruz.com\\\/#organization\"},\"potentialAction\":[{\"@type\":\"SearchAction\",\"target\":{\"@type\":\"EntryPoint\",\"urlTemplate\":\"https:\\\/\\\/lospoliticosveracruz.com\\\/?s={search_term_string}\"},\"query-input\":{\"@type\":\"PropertyValueSpecification\",\"valueRequired\":true,\"valueName\":\"search_term_string\"}}],\"inLanguage\":\"es\"},{\"@type\":\"Organization\",\"@id\":\"https:\\\/\\\/lospoliticosveracruz.com\\\/#organization\",\"name\":\"Los pol\u00edticos Veracruz\",\"url\":\"https:\\\/\\\/lospoliticosveracruz.com\\\/\",\"logo\":{\"@type\":\"ImageObject\",\"inLanguage\":\"es\",\"@id\":\"https:\\\/\\\/lospoliticosveracruz.com\\\/#\\\/schema\\\/logo\\\/image\\\/\",\"url\":\"https:\\\/\\\/lospoliticosveracruz.com\\\/wp-content\\\/uploads\\\/2025\\\/12\\\/Logo-Nuevo-LOS-POLITICOS-1.jpg\",\"contentUrl\":\"https:\\\/\\\/lospoliticosveracruz.com\\\/wp-content\\\/uploads\\\/2025\\\/12\\\/Logo-Nuevo-LOS-POLITICOS-1.jpg\",\"width\":260,\"height\":70,\"caption\":\"Los pol\u00edticos Veracruz\"},\"image\":{\"@id\":\"https:\\\/\\\/lospoliticosveracruz.com\\\/#\\\/schema\\\/logo\\\/image\\\/\"},\"sameAs\":[\"https:\\\/\\\/www.facebook.com\\\/people\\\/Notimemes-de-los-Polticos\\\/61565672886568\\\/\",\"https:\\\/\\\/x.com\\\/LosPoliticosVer\"]},{\"@type\":\"Person\",\"@id\":\"https:\\\/\\\/lospoliticosveracruz.com\\\/#\\\/schema\\\/person\\\/b8702bb0e538456e6efd07080bf2a4a2\",\"name\":\"Lo viste en Los Pol\u00edticos\",\"image\":{\"@type\":\"ImageObject\",\"inLanguage\":\"es\",\"@id\":\"https:\\\/\\\/secure.gravatar.com\\\/avatar\\\/3a8de04a2656d44082be478bd6c086daa447c4651605818287b9532d3d0bd435?s=96&d=mm&r=g\",\"url\":\"https:\\\/\\\/secure.gravatar.com\\\/avatar\\\/3a8de04a2656d44082be478bd6c086daa447c4651605818287b9532d3d0bd435?s=96&d=mm&r=g\",\"contentUrl\":\"https:\\\/\\\/secure.gravatar.com\\\/avatar\\\/3a8de04a2656d44082be478bd6c086daa447c4651605818287b9532d3d0bd435?s=96&d=mm&r=g\",\"caption\":\"Lo viste en Los Pol\u00edticos\"},\"url\":\"https:\\\/\\\/lospoliticosveracruz.com\\\/?author=2\"}]}<\/script>\n<!-- \/ Yoast SEO plugin. -->","yoast_head_json":{"title":"CON LA VENIA DEL SE\u00d1OR! - Los pol\u00edticos Veracruz","robots":{"index":"index","follow":"follow","max-snippet":"max-snippet:-1","max-image-preview":"max-image-preview:large","max-video-preview":"max-video-preview:-1"},"canonical":"https:\/\/lospoliticosveracruz.com\/?p=158163","og_locale":"es_ES","og_type":"article","og_title":"CON LA VENIA DEL SE\u00d1OR! - Los pol\u00edticos Veracruz","og_description":"Miguel ValeraContrase\u00f1as Un viejo amigo, monse\u00f1or Isidoro Abad Olivares, arzobispo primado de la Iglesia Apost\u00f3lica Ecum\u00e9nica Siervos del Esp\u00edritu Santo de Veracruz \u2014ojo, no es la iglesia cat\u00f3lica tradicional romana que normalmente conocemos\u2014 est\u00e1 feliz porque este martes 09 de diciembre recibi\u00f3 de manos de la Secretaria de Gobernaci\u00f3n Rosa Icela Rodr\u00edguez Vel\u00e1zquez, el registro [&hellip;]","og_url":"https:\/\/lospoliticosveracruz.com\/?p=158163","og_site_name":"Los pol\u00edticos Veracruz","article_publisher":"https:\/\/www.facebook.com\/people\/Notimemes-de-los-Polticos\/61565672886568\/","article_published_time":"2025-12-10T03:00:46+00:00","article_modified_time":"2025-12-10T03:01:46+00:00","og_image":[{"width":1250,"height":667,"url":"https:\/\/lospoliticosveracruz.com\/wp-content\/uploads\/2025\/04\/Miguel-Valera.jpg","type":"image\/jpeg"}],"author":"Lo viste en Los Pol\u00edticos","twitter_card":"summary_large_image","twitter_creator":"@LosPoliticosVer","twitter_site":"@LosPoliticosVer","twitter_misc":{"Escrito por":"Lo viste en Los Pol\u00edticos","Tiempo de lectura":"4 minutos"},"schema":{"@context":"https:\/\/schema.org","@graph":[{"@type":"Article","@id":"https:\/\/lospoliticosveracruz.com\/?p=158163#article","isPartOf":{"@id":"https:\/\/lospoliticosveracruz.com\/?p=158163"},"author":{"name":"Lo viste en Los Pol\u00edticos","@id":"https:\/\/lospoliticosveracruz.com\/#\/schema\/person\/b8702bb0e538456e6efd07080bf2a4a2"},"headline":"CON LA VENIA DEL SE\u00d1OR!","datePublished":"2025-12-10T03:00:46+00:00","dateModified":"2025-12-10T03:01:46+00:00","mainEntityOfPage":{"@id":"https:\/\/lospoliticosveracruz.com\/?p=158163"},"wordCount":726,"publisher":{"@id":"https:\/\/lospoliticosveracruz.com\/#organization"},"image":{"@id":"https:\/\/lospoliticosveracruz.com\/?p=158163#primaryimage"},"thumbnailUrl":"https:\/\/lospoliticosveracruz.com\/wp-content\/uploads\/2025\/04\/Miguel-Valera.jpg","keywords":["Miguel Valera."],"articleSection":["De Opini\u00f3n"],"inLanguage":"es"},{"@type":"WebPage","@id":"https:\/\/lospoliticosveracruz.com\/?p=158163","url":"https:\/\/lospoliticosveracruz.com\/?p=158163","name":"CON LA VENIA DEL SE\u00d1OR! - Los pol\u00edticos Veracruz","isPartOf":{"@id":"https:\/\/lospoliticosveracruz.com\/#website"},"primaryImageOfPage":{"@id":"https:\/\/lospoliticosveracruz.com\/?p=158163#primaryimage"},"image":{"@id":"https:\/\/lospoliticosveracruz.com\/?p=158163#primaryimage"},"thumbnailUrl":"https:\/\/lospoliticosveracruz.com\/wp-content\/uploads\/2025\/04\/Miguel-Valera.jpg","datePublished":"2025-12-10T03:00:46+00:00","dateModified":"2025-12-10T03:01:46+00:00","breadcrumb":{"@id":"https:\/\/lospoliticosveracruz.com\/?p=158163#breadcrumb"},"inLanguage":"es","potentialAction":[{"@type":"ReadAction","target":["https:\/\/lospoliticosveracruz.com\/?p=158163"]}]},{"@type":"ImageObject","inLanguage":"es","@id":"https:\/\/lospoliticosveracruz.com\/?p=158163#primaryimage","url":"https:\/\/lospoliticosveracruz.com\/wp-content\/uploads\/2025\/04\/Miguel-Valera.jpg","contentUrl":"https:\/\/lospoliticosveracruz.com\/wp-content\/uploads\/2025\/04\/Miguel-Valera.jpg","width":1250,"height":667},{"@type":"BreadcrumbList","@id":"https:\/\/lospoliticosveracruz.com\/?p=158163#breadcrumb","itemListElement":[{"@type":"ListItem","position":1,"name":"Portada","item":"https:\/\/lospoliticosveracruz.com\/"},{"@type":"ListItem","position":2,"name":"CON LA VENIA DEL SE\u00d1OR!"}]},{"@type":"WebSite","@id":"https:\/\/lospoliticosveracruz.com\/#website","url":"https:\/\/lospoliticosveracruz.com\/","name":"Los pol\u00edticos Veracruz","description":"","publisher":{"@id":"https:\/\/lospoliticosveracruz.com\/#organization"},"potentialAction":[{"@type":"SearchAction","target":{"@type":"EntryPoint","urlTemplate":"https:\/\/lospoliticosveracruz.com\/?s={search_term_string}"},"query-input":{"@type":"PropertyValueSpecification","valueRequired":true,"valueName":"search_term_string"}}],"inLanguage":"es"},{"@type":"Organization","@id":"https:\/\/lospoliticosveracruz.com\/#organization","name":"Los pol\u00edticos Veracruz","url":"https:\/\/lospoliticosveracruz.com\/","logo":{"@type":"ImageObject","inLanguage":"es","@id":"https:\/\/lospoliticosveracruz.com\/#\/schema\/logo\/image\/","url":"https:\/\/lospoliticosveracruz.com\/wp-content\/uploads\/2025\/12\/Logo-Nuevo-LOS-POLITICOS-1.jpg","contentUrl":"https:\/\/lospoliticosveracruz.com\/wp-content\/uploads\/2025\/12\/Logo-Nuevo-LOS-POLITICOS-1.jpg","width":260,"height":70,"caption":"Los pol\u00edticos Veracruz"},"image":{"@id":"https:\/\/lospoliticosveracruz.com\/#\/schema\/logo\/image\/"},"sameAs":["https:\/\/www.facebook.com\/people\/Notimemes-de-los-Polticos\/61565672886568\/","https:\/\/x.com\/LosPoliticosVer"]},{"@type":"Person","@id":"https:\/\/lospoliticosveracruz.com\/#\/schema\/person\/b8702bb0e538456e6efd07080bf2a4a2","name":"Lo viste en Los Pol\u00edticos","image":{"@type":"ImageObject","inLanguage":"es","@id":"https:\/\/secure.gravatar.com\/avatar\/3a8de04a2656d44082be478bd6c086daa447c4651605818287b9532d3d0bd435?s=96&d=mm&r=g","url":"https:\/\/secure.gravatar.com\/avatar\/3a8de04a2656d44082be478bd6c086daa447c4651605818287b9532d3d0bd435?s=96&d=mm&r=g","contentUrl":"https:\/\/secure.gravatar.com\/avatar\/3a8de04a2656d44082be478bd6c086daa447c4651605818287b9532d3d0bd435?s=96&d=mm&r=g","caption":"Lo viste en Los Pol\u00edticos"},"url":"https:\/\/lospoliticosveracruz.com\/?author=2"}]}},"_links":{"self":[{"href":"https:\/\/lospoliticosveracruz.com\/index.php?rest_route=\/wp\/v2\/posts\/158163","targetHints":{"allow":["GET"]}}],"collection":[{"href":"https:\/\/lospoliticosveracruz.com\/index.php?rest_route=\/wp\/v2\/posts"}],"about":[{"href":"https:\/\/lospoliticosveracruz.com\/index.php?rest_route=\/wp\/v2\/types\/post"}],"author":[{"embeddable":true,"href":"https:\/\/lospoliticosveracruz.com\/index.php?rest_route=\/wp\/v2\/users\/2"}],"replies":[{"embeddable":true,"href":"https:\/\/lospoliticosveracruz.com\/index.php?rest_route=%2Fwp%2Fv2%2Fcomments&post=158163"}],"version-history":[{"count":1,"href":"https:\/\/lospoliticosveracruz.com\/index.php?rest_route=\/wp\/v2\/posts\/158163\/revisions"}],"predecessor-version":[{"id":158164,"href":"https:\/\/lospoliticosveracruz.com\/index.php?rest_route=\/wp\/v2\/posts\/158163\/revisions\/158164"}],"wp:featuredmedia":[{"embeddable":true,"href":"https:\/\/lospoliticosveracruz.com\/index.php?rest_route=\/wp\/v2\/media\/141429"}],"wp:attachment":[{"href":"https:\/\/lospoliticosveracruz.com\/index.php?rest_route=%2Fwp%2Fv2%2Fmedia&parent=158163"}],"wp:term":[{"taxonomy":"category","embeddable":true,"href":"https:\/\/lospoliticosveracruz.com\/index.php?rest_route=%2Fwp%2Fv2%2Fcategories&post=158163"},{"taxonomy":"post_tag","embeddable":true,"href":"https:\/\/lospoliticosveracruz.com\/index.php?rest_route=%2Fwp%2Fv2%2Ftags&post=158163"}],"curies":[{"name":"wp","href":"https:\/\/api.w.org\/{rel}","templated":true}]}}