{"id":158166,"date":"2025-12-09T21:18:49","date_gmt":"2025-12-10T03:18:49","guid":{"rendered":"https:\/\/lospoliticosveracruz.com.mx\/?p=158166"},"modified":"2025-12-09T21:19:17","modified_gmt":"2025-12-10T03:19:17","slug":"ni-sobra-el-que-se-queda-pero-ni-falta-el-que-se-va","status":"publish","type":"post","link":"https:\/\/lospoliticosveracruz.com\/?p=158166","title":{"rendered":"NI SOBRA EL QUE SE QUEDA, PERO NI FALTA EL QUE SE VA"},"content":{"rendered":"\n<p>S\u00edguenos ahora tambi\u00e9n en WhatsApp.\u00a0\u00a1<a href=\"https:\/\/whatsapp.com\/channel\/0029Va8zRWlEKyZIP3Z1dF0e\"><strong>Da clic aqu\u00ed<\/strong><\/a><strong>!<\/strong><\/p>\n\n\n\n<p><strong>Jos\u00e9 Luis Enr\u00edquez Ambell<br><\/strong><em>Caf\u00e9 de Ma\u00f1ana<\/em><\/p>\n\n\n\n<p><\/p>\n\n\n\n<p>En horas recientes, la Gobernadora Roc\u00edo Nahle, seg\u00fan difundieron diversos medios, declar\u00f3: \u201cEstamos trabajando, estoy trabajando con colaboradores muy bien, pero quien no pueda o no quiera o algo, pues ni modo, nosotros vamos a seguir avanzando. Pero al momento, estamos trabajando bien\u201d. Sin que estas l\u00edneas hayan sido desmentidas, y al ser as\u00ed, nos reconfirma que son aut\u00e9nticas.<\/p>\n\n\n\n\n\n<p>Ahora bien, dec\u00eda don Jes\u00fas Reyes Heroles, al referirse a cambios en el tablero oficial del recurso humano: \u201cSi est\u00e1 trabajando bien, \u00bfpara qu\u00e9 lo quitas?; y si est\u00e1 trabajando mal, \u00bfpara qu\u00e9 lo promueves?\u201d.<\/p>\n\n\n\n<p>La rumorolog\u00eda veracruzana suele mover a los actores pol\u00edticos de sus puestos, en pl\u00e1ticas de caf\u00e9 y sitios de concentraci\u00f3n social, entre verdad, mentira e inventos \u2014sanos e insanos\u2014 que solo generan morbo.<\/p>\n\n\n\n<p>La movilidad en los mandos medios y superiores del gabinete de la Gobernadora Roc\u00edo Nahle, desde un principio en su administraci\u00f3n, se estableci\u00f3 bajo un criterio: estar\u00edan siendo evaluados frecuentemente, en busca de evitar a toda costa un divorcio entre su gobierno y su equipo con la poblaci\u00f3n, entendida como comunidad a la que se le debe atender de manera oportuna y eficiente.<\/p>\n\n\n\n<p>Y es que los perfiles en esos mandos &#8211; no todos &#8211; parecer\u00edan obedecer a compromisos, pero no conocen de la sensibilidad social, humana y pol\u00edtica, y a veces menos sobre el tacto y contacto que se requiere en la administraci\u00f3n p\u00fablica del r\u00e9gimen y estilo de Nahle. De ah\u00ed que viene advirtiendo que estar\u00e1 meti\u00e9ndose m\u00e1s en las acciones y actuaci\u00f3n de sus colaboradores, sin que eso signifique estar a disgusto con ellos o que est\u00e9 por hacer cambios; pero s\u00ed ha dejado en claro, con firmeza, que quien tenga intenci\u00f3n de atender otros planes de trabajo profesional contar\u00e1 con la libertad y el apoyo de ella.<\/p>\n\n\n\n<p>Habr\u00e1 que decir tambi\u00e9n que, como en todos lados y en otros sexenios, suele observarse la carencia de eficacia en algunos perfiles, en el d\u00eda a d\u00eda y en lo que va del sexenio, pues al parecer algunos no han logrado mantener un buen trato pol\u00edtico con otros actores. Los diputados y diputadas en las comparecencias recientes se quejaron de varios titulares de despacho por no atenderlos; en ese sentido, la poblaci\u00f3n abierta y otros servidores, como ediles, se quejan igual o peor.<\/p>\n\n\n\n<p>Los colaboradores de Nahle deben tener presente lo dicho por su jefa al rendir protesta el primero de diciembre de 2024: \u201cLes ofrezco ser y encabezar un gobierno m\u00e1s de territorio que de escritorio\u201d.<\/p>\n\n\n\n<p>El eslogan relativo a \u201cponer a Veracruz de moda\u201d lleva impl\u00edcita la necesidad de mejorar la gesti\u00f3n p\u00fablica para atender y resolver demandas sociales y ciudadanas. Aqu\u00ed es donde todo el gabinete legal y ampliado, as\u00ed como sus equipos de trabajo en cada sector, deben adaptarse en la implementaci\u00f3n que lleve a optimizar los tramos de control, con la mayor transparencia y rendici\u00f3n de cuentas, y as\u00ed responder a la exigencia ciudadana. Y es que en algunos sectores del gobierno hay quienes a\u00fan no se adaptan a los nuevos tiempos de la construcci\u00f3n del segundo piso de la transformaci\u00f3n.<\/p>\n\n\n\n<p>Hace algunos meses, la ingeniera Nahle fue clara al declarar que, si desde la poblaci\u00f3n se acercaban y se quejaban de algunos de sus colaboradores, era una muestra de que no se estaba haciendo bien la tarea por parte de algunos miembros de su equipo. \u201cAs\u00ed pues: el que avisa no enga\u00f1a\u201d.<\/p>\n\n\n\n<p>DE SOBREMESA<\/p>\n\n\n\n<p>Desde enero pasado, la ingeniera Roc\u00edo Nahle dijo que si la buscan y se quejan de algunos de sus colaboradores es porque no los han estado atendiendo. Les record\u00f3 que el pueblo de Veracruz la ha contratado por seis a\u00f1os y necesita que su equipo vaya junto con ella a todos los rincones de la entidad para servirle a la gente, y constatar diagn\u00f3sticos en el campo de cada sector, de la mano con la vertiente humanista que ha venido impulsando la Presidenta Sheinbaum.<\/p>\n\n\n\n<p>UN CAF\u00c9 LECHERO LIGHT<\/p>\n\n\n\n<p>Los gobiernos actuales, con mayor frecuencia, se van ajustando a la nueva realidad y con ello a las nuevas pol\u00edticas, donde el desgaste entre sus elementos humanos suele ser de mayor intensidad, y el empuje social lo provoca tarde que temprano ante las exigencias de la \u00e9poca.<\/p>\n\n\n\n<p>La administraci\u00f3n p\u00fablica ense\u00f1a y fortalece conceptos; debe entenderse como el inicio del proceso del primer a\u00f1o sexenal, por lo que las piezas se van reacomodando, y con eso tambi\u00e9n blindarse por un lado y apuntalarse por otro.<\/p>\n\n\n\n<p>Y es que los cimientos, aun por muy s\u00f3lidos que sean, el contacto social los erosiona en alg\u00fan momento.<\/p>\n\n\n\n<p>\u00a1ES CUANTO!<\/p>\n\n\n\n<p>enriquezambell@gmail.com<br>enamjl62@gmail.com<\/p>\n","protected":false},"excerpt":{"rendered":"<p>Jos\u00e9 Luis Enr\u00edquez AmbellCaf\u00e9 de Ma\u00f1ana En horas recientes, la Gobernadora Roc\u00edo Nahle, seg\u00fan difundieron diversos medios, declar\u00f3: \u201cEstamos trabajando, estoy trabajando con colaboradores muy bien, pero quien no pueda o no quiera o algo, pues ni modo, nosotros vamos a seguir avanzando. Pero al momento, estamos trabajando bien\u201d. Sin que estas l\u00edneas hayan sido [&hellip;]<\/p>\n","protected":false},"author":2,"featured_media":141435,"comment_status":"closed","ping_status":"closed","sticky":false,"template":"","format":"standard","meta":{"tdm_status":"","tdm_grid_status":"","footnotes":""},"categories":[70],"tags":[8383],"class_list":{"0":"post-158166","1":"post","2":"type-post","3":"status-publish","4":"format-standard","5":"has-post-thumbnail","7":"category-de-opinion","8":"tag-jose-luis-enriquez-ambell"},"yoast_head":"<!-- This site is optimized with the Yoast SEO plugin v27.4 - https:\/\/yoast.com\/product\/yoast-seo-wordpress\/ -->\n<title>NI SOBRA EL QUE SE QUEDA, PERO NI FALTA EL QUE SE VA - Los pol\u00edticos Veracruz<\/title>\n<meta name=\"robots\" content=\"index, follow, max-snippet:-1, max-image-preview:large, max-video-preview:-1\" \/>\n<link rel=\"canonical\" href=\"https:\/\/lospoliticosveracruz.com\/?p=158166\" \/>\n<meta property=\"og:locale\" content=\"es_ES\" \/>\n<meta property=\"og:type\" content=\"article\" \/>\n<meta property=\"og:title\" content=\"NI SOBRA EL QUE SE QUEDA, PERO NI FALTA EL QUE SE VA - Los pol\u00edticos Veracruz\" \/>\n<meta property=\"og:description\" content=\"Jos\u00e9 Luis Enr\u00edquez AmbellCaf\u00e9 de Ma\u00f1ana En horas recientes, la Gobernadora Roc\u00edo Nahle, seg\u00fan difundieron diversos medios, declar\u00f3: \u201cEstamos trabajando, estoy trabajando con colaboradores muy bien, pero quien no pueda o no quiera o algo, pues ni modo, nosotros vamos a seguir avanzando. Pero al momento, estamos trabajando bien\u201d. Sin que estas l\u00edneas hayan sido [&hellip;]\" \/>\n<meta property=\"og:url\" content=\"https:\/\/lospoliticosveracruz.com\/?p=158166\" \/>\n<meta property=\"og:site_name\" content=\"Los pol\u00edticos Veracruz\" \/>\n<meta property=\"article:publisher\" content=\"https:\/\/www.facebook.com\/people\/Notimemes-de-los-Polticos\/61565672886568\/\" \/>\n<meta property=\"article:published_time\" content=\"2025-12-10T03:18:49+00:00\" \/>\n<meta property=\"article:modified_time\" content=\"2025-12-10T03:19:17+00:00\" \/>\n<meta property=\"og:image\" content=\"https:\/\/lospoliticosveracruz.com\/wp-content\/uploads\/2025\/04\/Ambell.jpg\" \/>\n\t<meta property=\"og:image:width\" content=\"1250\" \/>\n\t<meta property=\"og:image:height\" content=\"667\" \/>\n\t<meta property=\"og:image:type\" content=\"image\/jpeg\" \/>\n<meta name=\"author\" content=\"Lo viste en Los Pol\u00edticos\" \/>\n<meta name=\"twitter:card\" content=\"summary_large_image\" \/>\n<meta name=\"twitter:creator\" content=\"@LosPoliticosVer\" \/>\n<meta name=\"twitter:site\" content=\"@LosPoliticosVer\" \/>\n<meta name=\"twitter:label1\" content=\"Escrito por\" \/>\n\t<meta name=\"twitter:data1\" content=\"Lo viste en Los Pol\u00edticos\" \/>\n\t<meta name=\"twitter:label2\" content=\"Tiempo de lectura\" \/>\n\t<meta name=\"twitter:data2\" content=\"4 minutos\" \/>\n<script type=\"application\/ld+json\" class=\"yoast-schema-graph\">{\"@context\":\"https:\\\/\\\/schema.org\",\"@graph\":[{\"@type\":\"Article\",\"@id\":\"https:\\\/\\\/lospoliticosveracruz.com\\\/?p=158166#article\",\"isPartOf\":{\"@id\":\"https:\\\/\\\/lospoliticosveracruz.com\\\/?p=158166\"},\"author\":{\"name\":\"Lo viste en Los Pol\u00edticos\",\"@id\":\"https:\\\/\\\/lospoliticosveracruz.com\\\/#\\\/schema\\\/person\\\/b8702bb0e538456e6efd07080bf2a4a2\"},\"headline\":\"NI SOBRA EL QUE SE QUEDA, PERO NI FALTA EL QUE SE VA\",\"datePublished\":\"2025-12-10T03:18:49+00:00\",\"dateModified\":\"2025-12-10T03:19:17+00:00\",\"mainEntityOfPage\":{\"@id\":\"https:\\\/\\\/lospoliticosveracruz.com\\\/?p=158166\"},\"wordCount\":838,\"publisher\":{\"@id\":\"https:\\\/\\\/lospoliticosveracruz.com\\\/#organization\"},\"image\":{\"@id\":\"https:\\\/\\\/lospoliticosveracruz.com\\\/?p=158166#primaryimage\"},\"thumbnailUrl\":\"https:\\\/\\\/lospoliticosveracruz.com\\\/wp-content\\\/uploads\\\/2025\\\/04\\\/Ambell.jpg\",\"keywords\":[\"Jos\u00e9 Luis Enr\u00edquez Ambell\"],\"articleSection\":[\"De Opini\u00f3n\"],\"inLanguage\":\"es\"},{\"@type\":\"WebPage\",\"@id\":\"https:\\\/\\\/lospoliticosveracruz.com\\\/?p=158166\",\"url\":\"https:\\\/\\\/lospoliticosveracruz.com\\\/?p=158166\",\"name\":\"NI SOBRA EL QUE SE QUEDA, PERO NI FALTA EL QUE SE VA - Los pol\u00edticos Veracruz\",\"isPartOf\":{\"@id\":\"https:\\\/\\\/lospoliticosveracruz.com\\\/#website\"},\"primaryImageOfPage\":{\"@id\":\"https:\\\/\\\/lospoliticosveracruz.com\\\/?p=158166#primaryimage\"},\"image\":{\"@id\":\"https:\\\/\\\/lospoliticosveracruz.com\\\/?p=158166#primaryimage\"},\"thumbnailUrl\":\"https:\\\/\\\/lospoliticosveracruz.com\\\/wp-content\\\/uploads\\\/2025\\\/04\\\/Ambell.jpg\",\"datePublished\":\"2025-12-10T03:18:49+00:00\",\"dateModified\":\"2025-12-10T03:19:17+00:00\",\"breadcrumb\":{\"@id\":\"https:\\\/\\\/lospoliticosveracruz.com\\\/?p=158166#breadcrumb\"},\"inLanguage\":\"es\",\"potentialAction\":[{\"@type\":\"ReadAction\",\"target\":[\"https:\\\/\\\/lospoliticosveracruz.com\\\/?p=158166\"]}]},{\"@type\":\"ImageObject\",\"inLanguage\":\"es\",\"@id\":\"https:\\\/\\\/lospoliticosveracruz.com\\\/?p=158166#primaryimage\",\"url\":\"https:\\\/\\\/lospoliticosveracruz.com\\\/wp-content\\\/uploads\\\/2025\\\/04\\\/Ambell.jpg\",\"contentUrl\":\"https:\\\/\\\/lospoliticosveracruz.com\\\/wp-content\\\/uploads\\\/2025\\\/04\\\/Ambell.jpg\",\"width\":1250,\"height\":667},{\"@type\":\"BreadcrumbList\",\"@id\":\"https:\\\/\\\/lospoliticosveracruz.com\\\/?p=158166#breadcrumb\",\"itemListElement\":[{\"@type\":\"ListItem\",\"position\":1,\"name\":\"Portada\",\"item\":\"https:\\\/\\\/lospoliticosveracruz.com\\\/\"},{\"@type\":\"ListItem\",\"position\":2,\"name\":\"NI SOBRA EL QUE SE QUEDA, PERO NI FALTA EL QUE SE VA\"}]},{\"@type\":\"WebSite\",\"@id\":\"https:\\\/\\\/lospoliticosveracruz.com\\\/#website\",\"url\":\"https:\\\/\\\/lospoliticosveracruz.com\\\/\",\"name\":\"Los pol\u00edticos Veracruz\",\"description\":\"\",\"publisher\":{\"@id\":\"https:\\\/\\\/lospoliticosveracruz.com\\\/#organization\"},\"potentialAction\":[{\"@type\":\"SearchAction\",\"target\":{\"@type\":\"EntryPoint\",\"urlTemplate\":\"https:\\\/\\\/lospoliticosveracruz.com\\\/?s={search_term_string}\"},\"query-input\":{\"@type\":\"PropertyValueSpecification\",\"valueRequired\":true,\"valueName\":\"search_term_string\"}}],\"inLanguage\":\"es\"},{\"@type\":\"Organization\",\"@id\":\"https:\\\/\\\/lospoliticosveracruz.com\\\/#organization\",\"name\":\"Los pol\u00edticos Veracruz\",\"url\":\"https:\\\/\\\/lospoliticosveracruz.com\\\/\",\"logo\":{\"@type\":\"ImageObject\",\"inLanguage\":\"es\",\"@id\":\"https:\\\/\\\/lospoliticosveracruz.com\\\/#\\\/schema\\\/logo\\\/image\\\/\",\"url\":\"https:\\\/\\\/lospoliticosveracruz.com\\\/wp-content\\\/uploads\\\/2025\\\/12\\\/Logo-Nuevo-LOS-POLITICOS-1.jpg\",\"contentUrl\":\"https:\\\/\\\/lospoliticosveracruz.com\\\/wp-content\\\/uploads\\\/2025\\\/12\\\/Logo-Nuevo-LOS-POLITICOS-1.jpg\",\"width\":260,\"height\":70,\"caption\":\"Los pol\u00edticos Veracruz\"},\"image\":{\"@id\":\"https:\\\/\\\/lospoliticosveracruz.com\\\/#\\\/schema\\\/logo\\\/image\\\/\"},\"sameAs\":[\"https:\\\/\\\/www.facebook.com\\\/people\\\/Notimemes-de-los-Polticos\\\/61565672886568\\\/\",\"https:\\\/\\\/x.com\\\/LosPoliticosVer\"]},{\"@type\":\"Person\",\"@id\":\"https:\\\/\\\/lospoliticosveracruz.com\\\/#\\\/schema\\\/person\\\/b8702bb0e538456e6efd07080bf2a4a2\",\"name\":\"Lo viste en Los Pol\u00edticos\",\"image\":{\"@type\":\"ImageObject\",\"inLanguage\":\"es\",\"@id\":\"https:\\\/\\\/secure.gravatar.com\\\/avatar\\\/3a8de04a2656d44082be478bd6c086daa447c4651605818287b9532d3d0bd435?s=96&d=mm&r=g\",\"url\":\"https:\\\/\\\/secure.gravatar.com\\\/avatar\\\/3a8de04a2656d44082be478bd6c086daa447c4651605818287b9532d3d0bd435?s=96&d=mm&r=g\",\"contentUrl\":\"https:\\\/\\\/secure.gravatar.com\\\/avatar\\\/3a8de04a2656d44082be478bd6c086daa447c4651605818287b9532d3d0bd435?s=96&d=mm&r=g\",\"caption\":\"Lo viste en Los Pol\u00edticos\"},\"url\":\"https:\\\/\\\/lospoliticosveracruz.com\\\/?author=2\"}]}<\/script>\n<!-- \/ Yoast SEO plugin. -->","yoast_head_json":{"title":"NI SOBRA EL QUE SE QUEDA, PERO NI FALTA EL QUE SE VA - Los pol\u00edticos Veracruz","robots":{"index":"index","follow":"follow","max-snippet":"max-snippet:-1","max-image-preview":"max-image-preview:large","max-video-preview":"max-video-preview:-1"},"canonical":"https:\/\/lospoliticosveracruz.com\/?p=158166","og_locale":"es_ES","og_type":"article","og_title":"NI SOBRA EL QUE SE QUEDA, PERO NI FALTA EL QUE SE VA - Los pol\u00edticos Veracruz","og_description":"Jos\u00e9 Luis Enr\u00edquez AmbellCaf\u00e9 de Ma\u00f1ana En horas recientes, la Gobernadora Roc\u00edo Nahle, seg\u00fan difundieron diversos medios, declar\u00f3: \u201cEstamos trabajando, estoy trabajando con colaboradores muy bien, pero quien no pueda o no quiera o algo, pues ni modo, nosotros vamos a seguir avanzando. Pero al momento, estamos trabajando bien\u201d. Sin que estas l\u00edneas hayan sido [&hellip;]","og_url":"https:\/\/lospoliticosveracruz.com\/?p=158166","og_site_name":"Los pol\u00edticos Veracruz","article_publisher":"https:\/\/www.facebook.com\/people\/Notimemes-de-los-Polticos\/61565672886568\/","article_published_time":"2025-12-10T03:18:49+00:00","article_modified_time":"2025-12-10T03:19:17+00:00","og_image":[{"width":1250,"height":667,"url":"https:\/\/lospoliticosveracruz.com\/wp-content\/uploads\/2025\/04\/Ambell.jpg","type":"image\/jpeg"}],"author":"Lo viste en Los Pol\u00edticos","twitter_card":"summary_large_image","twitter_creator":"@LosPoliticosVer","twitter_site":"@LosPoliticosVer","twitter_misc":{"Escrito por":"Lo viste en Los Pol\u00edticos","Tiempo de lectura":"4 minutos"},"schema":{"@context":"https:\/\/schema.org","@graph":[{"@type":"Article","@id":"https:\/\/lospoliticosveracruz.com\/?p=158166#article","isPartOf":{"@id":"https:\/\/lospoliticosveracruz.com\/?p=158166"},"author":{"name":"Lo viste en Los Pol\u00edticos","@id":"https:\/\/lospoliticosveracruz.com\/#\/schema\/person\/b8702bb0e538456e6efd07080bf2a4a2"},"headline":"NI SOBRA EL QUE SE QUEDA, PERO NI FALTA EL QUE SE VA","datePublished":"2025-12-10T03:18:49+00:00","dateModified":"2025-12-10T03:19:17+00:00","mainEntityOfPage":{"@id":"https:\/\/lospoliticosveracruz.com\/?p=158166"},"wordCount":838,"publisher":{"@id":"https:\/\/lospoliticosveracruz.com\/#organization"},"image":{"@id":"https:\/\/lospoliticosveracruz.com\/?p=158166#primaryimage"},"thumbnailUrl":"https:\/\/lospoliticosveracruz.com\/wp-content\/uploads\/2025\/04\/Ambell.jpg","keywords":["Jos\u00e9 Luis Enr\u00edquez Ambell"],"articleSection":["De Opini\u00f3n"],"inLanguage":"es"},{"@type":"WebPage","@id":"https:\/\/lospoliticosveracruz.com\/?p=158166","url":"https:\/\/lospoliticosveracruz.com\/?p=158166","name":"NI SOBRA EL QUE SE QUEDA, PERO NI FALTA EL QUE SE VA - Los pol\u00edticos Veracruz","isPartOf":{"@id":"https:\/\/lospoliticosveracruz.com\/#website"},"primaryImageOfPage":{"@id":"https:\/\/lospoliticosveracruz.com\/?p=158166#primaryimage"},"image":{"@id":"https:\/\/lospoliticosveracruz.com\/?p=158166#primaryimage"},"thumbnailUrl":"https:\/\/lospoliticosveracruz.com\/wp-content\/uploads\/2025\/04\/Ambell.jpg","datePublished":"2025-12-10T03:18:49+00:00","dateModified":"2025-12-10T03:19:17+00:00","breadcrumb":{"@id":"https:\/\/lospoliticosveracruz.com\/?p=158166#breadcrumb"},"inLanguage":"es","potentialAction":[{"@type":"ReadAction","target":["https:\/\/lospoliticosveracruz.com\/?p=158166"]}]},{"@type":"ImageObject","inLanguage":"es","@id":"https:\/\/lospoliticosveracruz.com\/?p=158166#primaryimage","url":"https:\/\/lospoliticosveracruz.com\/wp-content\/uploads\/2025\/04\/Ambell.jpg","contentUrl":"https:\/\/lospoliticosveracruz.com\/wp-content\/uploads\/2025\/04\/Ambell.jpg","width":1250,"height":667},{"@type":"BreadcrumbList","@id":"https:\/\/lospoliticosveracruz.com\/?p=158166#breadcrumb","itemListElement":[{"@type":"ListItem","position":1,"name":"Portada","item":"https:\/\/lospoliticosveracruz.com\/"},{"@type":"ListItem","position":2,"name":"NI SOBRA EL QUE SE QUEDA, PERO NI FALTA EL QUE SE VA"}]},{"@type":"WebSite","@id":"https:\/\/lospoliticosveracruz.com\/#website","url":"https:\/\/lospoliticosveracruz.com\/","name":"Los pol\u00edticos Veracruz","description":"","publisher":{"@id":"https:\/\/lospoliticosveracruz.com\/#organization"},"potentialAction":[{"@type":"SearchAction","target":{"@type":"EntryPoint","urlTemplate":"https:\/\/lospoliticosveracruz.com\/?s={search_term_string}"},"query-input":{"@type":"PropertyValueSpecification","valueRequired":true,"valueName":"search_term_string"}}],"inLanguage":"es"},{"@type":"Organization","@id":"https:\/\/lospoliticosveracruz.com\/#organization","name":"Los pol\u00edticos Veracruz","url":"https:\/\/lospoliticosveracruz.com\/","logo":{"@type":"ImageObject","inLanguage":"es","@id":"https:\/\/lospoliticosveracruz.com\/#\/schema\/logo\/image\/","url":"https:\/\/lospoliticosveracruz.com\/wp-content\/uploads\/2025\/12\/Logo-Nuevo-LOS-POLITICOS-1.jpg","contentUrl":"https:\/\/lospoliticosveracruz.com\/wp-content\/uploads\/2025\/12\/Logo-Nuevo-LOS-POLITICOS-1.jpg","width":260,"height":70,"caption":"Los pol\u00edticos Veracruz"},"image":{"@id":"https:\/\/lospoliticosveracruz.com\/#\/schema\/logo\/image\/"},"sameAs":["https:\/\/www.facebook.com\/people\/Notimemes-de-los-Polticos\/61565672886568\/","https:\/\/x.com\/LosPoliticosVer"]},{"@type":"Person","@id":"https:\/\/lospoliticosveracruz.com\/#\/schema\/person\/b8702bb0e538456e6efd07080bf2a4a2","name":"Lo viste en Los Pol\u00edticos","image":{"@type":"ImageObject","inLanguage":"es","@id":"https:\/\/secure.gravatar.com\/avatar\/3a8de04a2656d44082be478bd6c086daa447c4651605818287b9532d3d0bd435?s=96&d=mm&r=g","url":"https:\/\/secure.gravatar.com\/avatar\/3a8de04a2656d44082be478bd6c086daa447c4651605818287b9532d3d0bd435?s=96&d=mm&r=g","contentUrl":"https:\/\/secure.gravatar.com\/avatar\/3a8de04a2656d44082be478bd6c086daa447c4651605818287b9532d3d0bd435?s=96&d=mm&r=g","caption":"Lo viste en Los Pol\u00edticos"},"url":"https:\/\/lospoliticosveracruz.com\/?author=2"}]}},"_links":{"self":[{"href":"https:\/\/lospoliticosveracruz.com\/index.php?rest_route=\/wp\/v2\/posts\/158166","targetHints":{"allow":["GET"]}}],"collection":[{"href":"https:\/\/lospoliticosveracruz.com\/index.php?rest_route=\/wp\/v2\/posts"}],"about":[{"href":"https:\/\/lospoliticosveracruz.com\/index.php?rest_route=\/wp\/v2\/types\/post"}],"author":[{"embeddable":true,"href":"https:\/\/lospoliticosveracruz.com\/index.php?rest_route=\/wp\/v2\/users\/2"}],"replies":[{"embeddable":true,"href":"https:\/\/lospoliticosveracruz.com\/index.php?rest_route=%2Fwp%2Fv2%2Fcomments&post=158166"}],"version-history":[{"count":1,"href":"https:\/\/lospoliticosveracruz.com\/index.php?rest_route=\/wp\/v2\/posts\/158166\/revisions"}],"predecessor-version":[{"id":158167,"href":"https:\/\/lospoliticosveracruz.com\/index.php?rest_route=\/wp\/v2\/posts\/158166\/revisions\/158167"}],"wp:featuredmedia":[{"embeddable":true,"href":"https:\/\/lospoliticosveracruz.com\/index.php?rest_route=\/wp\/v2\/media\/141435"}],"wp:attachment":[{"href":"https:\/\/lospoliticosveracruz.com\/index.php?rest_route=%2Fwp%2Fv2%2Fmedia&parent=158166"}],"wp:term":[{"taxonomy":"category","embeddable":true,"href":"https:\/\/lospoliticosveracruz.com\/index.php?rest_route=%2Fwp%2Fv2%2Fcategories&post=158166"},{"taxonomy":"post_tag","embeddable":true,"href":"https:\/\/lospoliticosveracruz.com\/index.php?rest_route=%2Fwp%2Fv2%2Ftags&post=158166"}],"curies":[{"name":"wp","href":"https:\/\/api.w.org\/{rel}","templated":true}]}}