{"id":158173,"date":"2025-12-09T21:57:00","date_gmt":"2025-12-10T03:57:00","guid":{"rendered":"https:\/\/lospoliticosveracruz.com.mx\/?p=158173"},"modified":"2025-12-09T21:52:47","modified_gmt":"2025-12-10T03:52:47","slug":"las-prerrogativas-el-nuevo-escandalo-del-pan-en-veracruz","status":"publish","type":"post","link":"https:\/\/lospoliticosveracruz.com\/?p=158173","title":{"rendered":"LAS PRERROGATIVAS, EL NUEVO ESC\u00c1NDALO DEL PAN EN VERACRUZ"},"content":{"rendered":"\n<p>S\u00edguenos ahora tambi\u00e9n en WhatsApp.\u00a0\u00a1<a href=\"https:\/\/whatsapp.com\/channel\/0029Va8zRWlEKyZIP3Z1dF0e\"><strong>Da clic aqu\u00ed<\/strong><\/a><strong>!<\/strong><\/p>\n\n\n\n<p><strong>Ricardo Chua<br><\/strong><em>Sale y Vale<br><\/em><\/p>\n\n\n\n<p>Hay un nuevo esc\u00e1ndalo en el partido m\u00e1s fuerte de la oposici\u00f3n en Veracruz.. Todo parece indicar que PRESUNTAMENTE miembros del comit\u00e9 directivo estatal del PAN, tuvieron que dejar su cargo porque las prerrogativas que maneja este organismo pol\u00edtico.. Para hacer pol\u00edtica y comprobar los gastos que de ello se emana.. Hay irregularidades tan graves, que ya no le qued\u00f3 de otra al propio l\u00edder nacional panista, Jorge Romero, a trav\u00e9s del comit\u00e9 nacional del PAN pedir la remoci\u00f3n de varios funcionarios partidistas, investigar el caso y pedir de vuelta esos fondos, que supuestamente fueron gastados de manera poco clara.. Al parecer disfrazados de vi\u00e1ticos de estos funcionarios panistas..<\/p>\n\n\n\n\n\n<p>Todo en este entramado pol\u00edtico y financiero \u00abazul\u00bb, se encuentra como el principal personaje mencionado por el CEN del PAN a Mizra\u00edn Castel\u00e1n Enr\u00edquez, que hasta hace apenas unos d\u00edas, fungi\u00f3 como tesorero del comit\u00e9 estatal del PAN.. Un funcionario de Acci\u00f3n Nacional, que es parte del grupo pol\u00edtico que maneja el ex alcalde de Tuxpan y ex dirigente estatal del PAN, Jos\u00e9 Mancha Alar\u00f3n, mejor conocido como \u00abPepe\u00bb Mancha.. Qui\u00e9n ten\u00eda incrustado en la Tesorer\u00eda de este partido a Castel\u00e1n por ser su hombre de \u00abconfianza\u00bb.. Pero ahora que como ya el comit\u00e9 nacional meti\u00f3 \u00abmano\u00bb.. Todo esto se comenz\u00f3 a desmoronar..<\/p>\n\n\n\n<p>La historia que cont\u00f3 \u00abGarganta Profunda\u00bb, es que todo comenz\u00f3 cuando Castel\u00e1n Enr\u00edquez fue separado del cargo de Tesorero del CDE del PAN en Veracruz, en medio de una serie de se\u00f1alamientos, por el presunto mal manejo de los recursos en ese partido.. Pero que a pesar de que hace unos d\u00edas fue brevemente reinstalado en este mismo cargo, por una sentencia del Tribunal Electoral de Veracruz (TEV), ya que el extesorero se inconform\u00f3 ante instancias electorales que lo separaran de su cargo.. Ante el esc\u00e1ndalo que se avecina en este partido en Veracruz.. Fue directamente el comit\u00e9 nacional del PAN, quien tom\u00f3 la decisi\u00f3n de decirle \u00abBye\u00bb a este personaje..<\/p>\n\n\n\n<p>Sin embargo, cuando el TEV orden\u00f3 la reinstalaci\u00f3n, la respuesta del CEN del PAN fue inmediata, fue el mismo Jorge Romero, quien orden\u00f3 la remoci\u00f3n del Tesorero panista.. Eso debido a que valoraron indicios de un PRESUNTO quebranto patrimonial por gastos y vi\u00e1ticos no comprobados por un MONTO superior a los 5 millones de pesos.. El l\u00edder nacional pidi\u00f3 nombrar a un encargado en la tesorer\u00eda panista en lo que se realiza la auditor\u00eda por el quebranto detectado bajo la responsabilidad de Mizra\u00edn Castel\u00e1n.. Por ello, es que el esc\u00e1ndalo financiero de este partido opositor viene en serio en Veracruz..<\/p>\n\n\n\n<p>Le comentaron a \u00abGarganta Profunda\u00bb, que por esta raz\u00f3n el grupo pol\u00edtico de Pepe Mancha, ya se alej\u00f3 de este personaje.. Ahora lo que quieren es poner distancia tras las irregularidades detectadas en el PAN.. Dado que a este esc\u00e1ndalo se pueden sumar otros.. Hay que recordar, que en los tiempos del gobernador Cuitl\u00e1huac Garc\u00eda, en MORENA se\u00f1alaron que en el gobierno de Miguel \u00c1ngel Yunes Linares.. Pepe Mancha hab\u00eda obtenido m\u00e1s de 70 millones de pesos en contratos para empresas cercanas a el tuxpe\u00f1o.. Tanto as\u00ed que la hoy gobernadora Roc\u00edo Nahle, siendo candidata al Senado, pidi\u00f3 auditor\u00edas a las dependencias y empresas por estos contratos.. Por ello mejor quieren poner \u00abtierra de por medio\u00bb..<\/p>\n\n\n\n<p>De la misma manera, \u00abGarganta Profunda\u00bb se enter\u00f3 de los DATOS CRONOL\u00d3GICOS\u00bb de como empezaron estos hechos.. Que derivaron finalmente en la remoci\u00f3n de Mizraim Castel\u00e1n, como tesorero del comit\u00e9 estatal del PAN, estos as\u00ed iniciaron: El 26 de enero del 2022, el Consejo Estatal del PAN, mediante sesi\u00f3n ordinaria, lo design\u00f3 como Tesorero del CDE.. El 28 de marzo del 2023, mediante un oficio identificado con la clave alfanum\u00e9rica CENPAN\/CVCN\/0046\/2022 (ANEXO 3), la Comisi\u00f3n de Vigilancia del Consejo Estatal, inform\u00f3 al CDE el 13 de diciembre de 2022, que los hab\u00edan sancionado por el incumplimiento de entrega de informaci\u00f3n financiera, que no hab\u00eda sido dada a trav\u00e9s de la plataforma..<\/p>\n\n\n\n<p>Luego el 21 de agosto del 2024, el despacho de auditores externos \u00abGACNE, Grupo de Asesores y Consultores de Negocios\u00bb inform\u00f3 al CDE mediante oficio con esa fecha, que en raz\u00f3n de que no les fue proporcionada, ni dado acceso a los estados financieros al 31 de diciembre del 2023 no les resultaba posible auditar y emitir el dictamen correspondiente de los recursos manejados por el comit\u00e9 estatal.. Luego el 4 de septiembre del 2024, Mizraim Castel\u00e1n solicit\u00f3 licencia, por tiempo indefinido, al cargo de tesorero estatal del PAN, sin haber solventado las observaciones mencionadas..<\/p>\n\n\n\n<p>Fue hasta 2 diciembre del 2024 cuando Castel\u00e1n Enr\u00edquez intent\u00f3 regresar a su cargo de tesorero.. Intentando presentar un escrito para informar la terminaci\u00f3n de su licencia y su reincorporaci\u00f3n manifestando que no le fue recibido por persona alguna del Comit\u00e9.. El 13 de diciembre del 2024, este que este personaje present\u00f3 Juicio para la Protecci\u00f3n de los Derechos Pol\u00edtico-Electorales del Ciudadano ante el TEV con expediente TEV-JDC-256\/2024 en contra del dirigente estatal, Federico Salom\u00f3n, por la presunta omisi\u00f3n de reinstalaci\u00f3n en el cargo, fue hasta el 24 de noviembre del 2025 que el TEV decidi\u00f3 restituirlo como tesorero..<\/p>\n\n\n\n<p>Por esta raz\u00f3n fue que apenas el pasado 3 de diciembre se da inicio al procedimiento de remoci\u00f3n al cargo de tesorero del CDE estatal, por parte del CEN y este mismo comit\u00e9 decreta la intervenci\u00f3n de la tesorer\u00eda.. Y el esc\u00e1ndalo no acaba ah\u00ed.. Porque seg\u00fan los panistas.. Durante el periodo de Castel\u00e1n como tesorero.. El PAN en Veracruz sufri\u00f3 un quebranto derivado del concepto de \u201cgastos por comprobar\u201d por un monto de 5 millones 266 mil 228 pesos con 86 centavos.. Y que en 2024 incurri\u00f3 en diversas faltas con relaci\u00f3n a los recursos federales como locales que involucran un monto de 14 millones 905 mil 935 pesos con 69 centavos.. TA CA\u00d1\u00d3N..<\/p>\n\n\n\n<p>Pero eso no fue todo.. No se inform\u00f3 que en el CDE exist\u00edan amonestaciones por parte de la autoridad en materia de Transparencia y Protecci\u00f3n de Datos Personales del Estado por la falta de presentaci\u00f3n de la informaci\u00f3n de los trimestres transcurridos durante 2024.. Que adem\u00e1s se tuvieron que pagar condenas derivadas de laudos en materia laboral por un monto de 13 millones 726 mil 482 pesos sin que dicho monto se hubiera registrado contablemente.. En pocas palabras, el PAN est\u00e1 metido en un esc\u00e1ndalo may\u00fasculo del cual ser\u00e1 dif\u00edcil salir ileso en este momento y que todo \u00abcobrar\u00e1 factura\u00bb en la elecci\u00f3n del 2027.. Todo al parecer por el oportunismo y ambici\u00f3n desmedida de grupos al interior de Acci\u00f3n Nacional en Veracruz.. AMEN..<\/p>\n","protected":false},"excerpt":{"rendered":"<p>Ricardo ChuaSale y Vale Hay un nuevo esc\u00e1ndalo en el partido m\u00e1s fuerte de la oposici\u00f3n en Veracruz.. Todo parece indicar que PRESUNTAMENTE miembros del comit\u00e9 directivo estatal del PAN, tuvieron que dejar su cargo porque las prerrogativas que maneja este organismo pol\u00edtico.. Para hacer pol\u00edtica y comprobar los gastos que de ello se emana.. [&hellip;]<\/p>\n","protected":false},"author":2,"featured_media":141434,"comment_status":"closed","ping_status":"closed","sticky":false,"template":"","format":"standard","meta":{"tdm_status":"","tdm_grid_status":"","footnotes":""},"categories":[70],"tags":[28660],"class_list":{"0":"post-158173","1":"post","2":"type-post","3":"status-publish","4":"format-standard","5":"has-post-thumbnail","7":"category-de-opinion","8":"tag-ricardo-chua-2"},"yoast_head":"<!-- This site is optimized with the Yoast SEO plugin v27.4 - https:\/\/yoast.com\/product\/yoast-seo-wordpress\/ -->\n<title>LAS PRERROGATIVAS, EL NUEVO ESC\u00c1NDALO DEL PAN EN VERACRUZ - Los pol\u00edticos Veracruz<\/title>\n<meta name=\"robots\" content=\"index, follow, max-snippet:-1, max-image-preview:large, max-video-preview:-1\" \/>\n<link rel=\"canonical\" href=\"https:\/\/lospoliticosveracruz.com\/?p=158173\" \/>\n<meta property=\"og:locale\" content=\"es_ES\" \/>\n<meta property=\"og:type\" content=\"article\" \/>\n<meta property=\"og:title\" content=\"LAS PRERROGATIVAS, EL NUEVO ESC\u00c1NDALO DEL PAN EN VERACRUZ - Los pol\u00edticos Veracruz\" \/>\n<meta property=\"og:description\" content=\"Ricardo ChuaSale y Vale Hay un nuevo esc\u00e1ndalo en el partido m\u00e1s fuerte de la oposici\u00f3n en Veracruz.. Todo parece indicar que PRESUNTAMENTE miembros del comit\u00e9 directivo estatal del PAN, tuvieron que dejar su cargo porque las prerrogativas que maneja este organismo pol\u00edtico.. Para hacer pol\u00edtica y comprobar los gastos que de ello se emana.. [&hellip;]\" \/>\n<meta property=\"og:url\" content=\"https:\/\/lospoliticosveracruz.com\/?p=158173\" \/>\n<meta property=\"og:site_name\" content=\"Los pol\u00edticos Veracruz\" \/>\n<meta property=\"article:publisher\" content=\"https:\/\/www.facebook.com\/people\/Notimemes-de-los-Polticos\/61565672886568\/\" \/>\n<meta property=\"article:published_time\" content=\"2025-12-10T03:57:00+00:00\" \/>\n<meta property=\"og:image\" content=\"https:\/\/lospoliticosveracruz.com\/wp-content\/uploads\/2025\/04\/Chua-e1761364658706.jpg\" \/>\n\t<meta property=\"og:image:width\" content=\"600\" \/>\n\t<meta property=\"og:image:height\" content=\"320\" \/>\n\t<meta property=\"og:image:type\" content=\"image\/jpeg\" \/>\n<meta name=\"author\" content=\"Lo viste en Los Pol\u00edticos\" \/>\n<meta name=\"twitter:card\" content=\"summary_large_image\" \/>\n<meta name=\"twitter:creator\" content=\"@LosPoliticosVer\" \/>\n<meta name=\"twitter:site\" content=\"@LosPoliticosVer\" \/>\n<meta name=\"twitter:label1\" content=\"Escrito por\" \/>\n\t<meta name=\"twitter:data1\" content=\"Lo viste en Los Pol\u00edticos\" \/>\n\t<meta name=\"twitter:label2\" content=\"Tiempo de lectura\" \/>\n\t<meta name=\"twitter:data2\" content=\"6 minutos\" \/>\n<script type=\"application\/ld+json\" class=\"yoast-schema-graph\">{\"@context\":\"https:\\\/\\\/schema.org\",\"@graph\":[{\"@type\":\"Article\",\"@id\":\"https:\\\/\\\/lospoliticosveracruz.com\\\/?p=158173#article\",\"isPartOf\":{\"@id\":\"https:\\\/\\\/lospoliticosveracruz.com\\\/?p=158173\"},\"author\":{\"name\":\"Lo viste en Los Pol\u00edticos\",\"@id\":\"https:\\\/\\\/lospoliticosveracruz.com\\\/#\\\/schema\\\/person\\\/b8702bb0e538456e6efd07080bf2a4a2\"},\"headline\":\"LAS PRERROGATIVAS, EL NUEVO ESC\u00c1NDALO DEL PAN EN VERACRUZ\",\"datePublished\":\"2025-12-10T03:57:00+00:00\",\"mainEntityOfPage\":{\"@id\":\"https:\\\/\\\/lospoliticosveracruz.com\\\/?p=158173\"},\"wordCount\":1151,\"publisher\":{\"@id\":\"https:\\\/\\\/lospoliticosveracruz.com\\\/#organization\"},\"image\":{\"@id\":\"https:\\\/\\\/lospoliticosveracruz.com\\\/?p=158173#primaryimage\"},\"thumbnailUrl\":\"https:\\\/\\\/lospoliticosveracruz.com\\\/wp-content\\\/uploads\\\/2025\\\/04\\\/Chua-e1761364658706.jpg\",\"keywords\":[\"Ricardo Chua\"],\"articleSection\":[\"De Opini\u00f3n\"],\"inLanguage\":\"es\"},{\"@type\":\"WebPage\",\"@id\":\"https:\\\/\\\/lospoliticosveracruz.com\\\/?p=158173\",\"url\":\"https:\\\/\\\/lospoliticosveracruz.com\\\/?p=158173\",\"name\":\"LAS PRERROGATIVAS, EL NUEVO ESC\u00c1NDALO DEL PAN EN VERACRUZ - Los pol\u00edticos Veracruz\",\"isPartOf\":{\"@id\":\"https:\\\/\\\/lospoliticosveracruz.com\\\/#website\"},\"primaryImageOfPage\":{\"@id\":\"https:\\\/\\\/lospoliticosveracruz.com\\\/?p=158173#primaryimage\"},\"image\":{\"@id\":\"https:\\\/\\\/lospoliticosveracruz.com\\\/?p=158173#primaryimage\"},\"thumbnailUrl\":\"https:\\\/\\\/lospoliticosveracruz.com\\\/wp-content\\\/uploads\\\/2025\\\/04\\\/Chua-e1761364658706.jpg\",\"datePublished\":\"2025-12-10T03:57:00+00:00\",\"breadcrumb\":{\"@id\":\"https:\\\/\\\/lospoliticosveracruz.com\\\/?p=158173#breadcrumb\"},\"inLanguage\":\"es\",\"potentialAction\":[{\"@type\":\"ReadAction\",\"target\":[\"https:\\\/\\\/lospoliticosveracruz.com\\\/?p=158173\"]}]},{\"@type\":\"ImageObject\",\"inLanguage\":\"es\",\"@id\":\"https:\\\/\\\/lospoliticosveracruz.com\\\/?p=158173#primaryimage\",\"url\":\"https:\\\/\\\/lospoliticosveracruz.com\\\/wp-content\\\/uploads\\\/2025\\\/04\\\/Chua-e1761364658706.jpg\",\"contentUrl\":\"https:\\\/\\\/lospoliticosveracruz.com\\\/wp-content\\\/uploads\\\/2025\\\/04\\\/Chua-e1761364658706.jpg\",\"width\":600,\"height\":320},{\"@type\":\"BreadcrumbList\",\"@id\":\"https:\\\/\\\/lospoliticosveracruz.com\\\/?p=158173#breadcrumb\",\"itemListElement\":[{\"@type\":\"ListItem\",\"position\":1,\"name\":\"Portada\",\"item\":\"https:\\\/\\\/lospoliticosveracruz.com\\\/\"},{\"@type\":\"ListItem\",\"position\":2,\"name\":\"LAS PRERROGATIVAS, EL NUEVO ESC\u00c1NDALO DEL PAN EN VERACRUZ\"}]},{\"@type\":\"WebSite\",\"@id\":\"https:\\\/\\\/lospoliticosveracruz.com\\\/#website\",\"url\":\"https:\\\/\\\/lospoliticosveracruz.com\\\/\",\"name\":\"Los pol\u00edticos Veracruz\",\"description\":\"\",\"publisher\":{\"@id\":\"https:\\\/\\\/lospoliticosveracruz.com\\\/#organization\"},\"potentialAction\":[{\"@type\":\"SearchAction\",\"target\":{\"@type\":\"EntryPoint\",\"urlTemplate\":\"https:\\\/\\\/lospoliticosveracruz.com\\\/?s={search_term_string}\"},\"query-input\":{\"@type\":\"PropertyValueSpecification\",\"valueRequired\":true,\"valueName\":\"search_term_string\"}}],\"inLanguage\":\"es\"},{\"@type\":\"Organization\",\"@id\":\"https:\\\/\\\/lospoliticosveracruz.com\\\/#organization\",\"name\":\"Los pol\u00edticos Veracruz\",\"url\":\"https:\\\/\\\/lospoliticosveracruz.com\\\/\",\"logo\":{\"@type\":\"ImageObject\",\"inLanguage\":\"es\",\"@id\":\"https:\\\/\\\/lospoliticosveracruz.com\\\/#\\\/schema\\\/logo\\\/image\\\/\",\"url\":\"https:\\\/\\\/lospoliticosveracruz.com\\\/wp-content\\\/uploads\\\/2025\\\/12\\\/Logo-Nuevo-LOS-POLITICOS-1.jpg\",\"contentUrl\":\"https:\\\/\\\/lospoliticosveracruz.com\\\/wp-content\\\/uploads\\\/2025\\\/12\\\/Logo-Nuevo-LOS-POLITICOS-1.jpg\",\"width\":260,\"height\":70,\"caption\":\"Los pol\u00edticos Veracruz\"},\"image\":{\"@id\":\"https:\\\/\\\/lospoliticosveracruz.com\\\/#\\\/schema\\\/logo\\\/image\\\/\"},\"sameAs\":[\"https:\\\/\\\/www.facebook.com\\\/people\\\/Notimemes-de-los-Polticos\\\/61565672886568\\\/\",\"https:\\\/\\\/x.com\\\/LosPoliticosVer\"]},{\"@type\":\"Person\",\"@id\":\"https:\\\/\\\/lospoliticosveracruz.com\\\/#\\\/schema\\\/person\\\/b8702bb0e538456e6efd07080bf2a4a2\",\"name\":\"Lo viste en Los Pol\u00edticos\",\"image\":{\"@type\":\"ImageObject\",\"inLanguage\":\"es\",\"@id\":\"https:\\\/\\\/secure.gravatar.com\\\/avatar\\\/3a8de04a2656d44082be478bd6c086daa447c4651605818287b9532d3d0bd435?s=96&d=mm&r=g\",\"url\":\"https:\\\/\\\/secure.gravatar.com\\\/avatar\\\/3a8de04a2656d44082be478bd6c086daa447c4651605818287b9532d3d0bd435?s=96&d=mm&r=g\",\"contentUrl\":\"https:\\\/\\\/secure.gravatar.com\\\/avatar\\\/3a8de04a2656d44082be478bd6c086daa447c4651605818287b9532d3d0bd435?s=96&d=mm&r=g\",\"caption\":\"Lo viste en Los Pol\u00edticos\"},\"url\":\"https:\\\/\\\/lospoliticosveracruz.com\\\/?author=2\"}]}<\/script>\n<!-- \/ Yoast SEO plugin. -->","yoast_head_json":{"title":"LAS PRERROGATIVAS, EL NUEVO ESC\u00c1NDALO DEL PAN EN VERACRUZ - Los pol\u00edticos Veracruz","robots":{"index":"index","follow":"follow","max-snippet":"max-snippet:-1","max-image-preview":"max-image-preview:large","max-video-preview":"max-video-preview:-1"},"canonical":"https:\/\/lospoliticosveracruz.com\/?p=158173","og_locale":"es_ES","og_type":"article","og_title":"LAS PRERROGATIVAS, EL NUEVO ESC\u00c1NDALO DEL PAN EN VERACRUZ - Los pol\u00edticos Veracruz","og_description":"Ricardo ChuaSale y Vale Hay un nuevo esc\u00e1ndalo en el partido m\u00e1s fuerte de la oposici\u00f3n en Veracruz.. Todo parece indicar que PRESUNTAMENTE miembros del comit\u00e9 directivo estatal del PAN, tuvieron que dejar su cargo porque las prerrogativas que maneja este organismo pol\u00edtico.. Para hacer pol\u00edtica y comprobar los gastos que de ello se emana.. [&hellip;]","og_url":"https:\/\/lospoliticosveracruz.com\/?p=158173","og_site_name":"Los pol\u00edticos Veracruz","article_publisher":"https:\/\/www.facebook.com\/people\/Notimemes-de-los-Polticos\/61565672886568\/","article_published_time":"2025-12-10T03:57:00+00:00","og_image":[{"width":600,"height":320,"url":"https:\/\/lospoliticosveracruz.com\/wp-content\/uploads\/2025\/04\/Chua-e1761364658706.jpg","type":"image\/jpeg"}],"author":"Lo viste en Los Pol\u00edticos","twitter_card":"summary_large_image","twitter_creator":"@LosPoliticosVer","twitter_site":"@LosPoliticosVer","twitter_misc":{"Escrito por":"Lo viste en Los Pol\u00edticos","Tiempo de lectura":"6 minutos"},"schema":{"@context":"https:\/\/schema.org","@graph":[{"@type":"Article","@id":"https:\/\/lospoliticosveracruz.com\/?p=158173#article","isPartOf":{"@id":"https:\/\/lospoliticosveracruz.com\/?p=158173"},"author":{"name":"Lo viste en Los Pol\u00edticos","@id":"https:\/\/lospoliticosveracruz.com\/#\/schema\/person\/b8702bb0e538456e6efd07080bf2a4a2"},"headline":"LAS PRERROGATIVAS, EL NUEVO ESC\u00c1NDALO DEL PAN EN VERACRUZ","datePublished":"2025-12-10T03:57:00+00:00","mainEntityOfPage":{"@id":"https:\/\/lospoliticosveracruz.com\/?p=158173"},"wordCount":1151,"publisher":{"@id":"https:\/\/lospoliticosveracruz.com\/#organization"},"image":{"@id":"https:\/\/lospoliticosveracruz.com\/?p=158173#primaryimage"},"thumbnailUrl":"https:\/\/lospoliticosveracruz.com\/wp-content\/uploads\/2025\/04\/Chua-e1761364658706.jpg","keywords":["Ricardo Chua"],"articleSection":["De Opini\u00f3n"],"inLanguage":"es"},{"@type":"WebPage","@id":"https:\/\/lospoliticosveracruz.com\/?p=158173","url":"https:\/\/lospoliticosveracruz.com\/?p=158173","name":"LAS PRERROGATIVAS, EL NUEVO ESC\u00c1NDALO DEL PAN EN VERACRUZ - Los pol\u00edticos Veracruz","isPartOf":{"@id":"https:\/\/lospoliticosveracruz.com\/#website"},"primaryImageOfPage":{"@id":"https:\/\/lospoliticosveracruz.com\/?p=158173#primaryimage"},"image":{"@id":"https:\/\/lospoliticosveracruz.com\/?p=158173#primaryimage"},"thumbnailUrl":"https:\/\/lospoliticosveracruz.com\/wp-content\/uploads\/2025\/04\/Chua-e1761364658706.jpg","datePublished":"2025-12-10T03:57:00+00:00","breadcrumb":{"@id":"https:\/\/lospoliticosveracruz.com\/?p=158173#breadcrumb"},"inLanguage":"es","potentialAction":[{"@type":"ReadAction","target":["https:\/\/lospoliticosveracruz.com\/?p=158173"]}]},{"@type":"ImageObject","inLanguage":"es","@id":"https:\/\/lospoliticosveracruz.com\/?p=158173#primaryimage","url":"https:\/\/lospoliticosveracruz.com\/wp-content\/uploads\/2025\/04\/Chua-e1761364658706.jpg","contentUrl":"https:\/\/lospoliticosveracruz.com\/wp-content\/uploads\/2025\/04\/Chua-e1761364658706.jpg","width":600,"height":320},{"@type":"BreadcrumbList","@id":"https:\/\/lospoliticosveracruz.com\/?p=158173#breadcrumb","itemListElement":[{"@type":"ListItem","position":1,"name":"Portada","item":"https:\/\/lospoliticosveracruz.com\/"},{"@type":"ListItem","position":2,"name":"LAS PRERROGATIVAS, EL NUEVO ESC\u00c1NDALO DEL PAN EN VERACRUZ"}]},{"@type":"WebSite","@id":"https:\/\/lospoliticosveracruz.com\/#website","url":"https:\/\/lospoliticosveracruz.com\/","name":"Los pol\u00edticos Veracruz","description":"","publisher":{"@id":"https:\/\/lospoliticosveracruz.com\/#organization"},"potentialAction":[{"@type":"SearchAction","target":{"@type":"EntryPoint","urlTemplate":"https:\/\/lospoliticosveracruz.com\/?s={search_term_string}"},"query-input":{"@type":"PropertyValueSpecification","valueRequired":true,"valueName":"search_term_string"}}],"inLanguage":"es"},{"@type":"Organization","@id":"https:\/\/lospoliticosveracruz.com\/#organization","name":"Los pol\u00edticos Veracruz","url":"https:\/\/lospoliticosveracruz.com\/","logo":{"@type":"ImageObject","inLanguage":"es","@id":"https:\/\/lospoliticosveracruz.com\/#\/schema\/logo\/image\/","url":"https:\/\/lospoliticosveracruz.com\/wp-content\/uploads\/2025\/12\/Logo-Nuevo-LOS-POLITICOS-1.jpg","contentUrl":"https:\/\/lospoliticosveracruz.com\/wp-content\/uploads\/2025\/12\/Logo-Nuevo-LOS-POLITICOS-1.jpg","width":260,"height":70,"caption":"Los pol\u00edticos Veracruz"},"image":{"@id":"https:\/\/lospoliticosveracruz.com\/#\/schema\/logo\/image\/"},"sameAs":["https:\/\/www.facebook.com\/people\/Notimemes-de-los-Polticos\/61565672886568\/","https:\/\/x.com\/LosPoliticosVer"]},{"@type":"Person","@id":"https:\/\/lospoliticosveracruz.com\/#\/schema\/person\/b8702bb0e538456e6efd07080bf2a4a2","name":"Lo viste en Los Pol\u00edticos","image":{"@type":"ImageObject","inLanguage":"es","@id":"https:\/\/secure.gravatar.com\/avatar\/3a8de04a2656d44082be478bd6c086daa447c4651605818287b9532d3d0bd435?s=96&d=mm&r=g","url":"https:\/\/secure.gravatar.com\/avatar\/3a8de04a2656d44082be478bd6c086daa447c4651605818287b9532d3d0bd435?s=96&d=mm&r=g","contentUrl":"https:\/\/secure.gravatar.com\/avatar\/3a8de04a2656d44082be478bd6c086daa447c4651605818287b9532d3d0bd435?s=96&d=mm&r=g","caption":"Lo viste en Los Pol\u00edticos"},"url":"https:\/\/lospoliticosveracruz.com\/?author=2"}]}},"_links":{"self":[{"href":"https:\/\/lospoliticosveracruz.com\/index.php?rest_route=\/wp\/v2\/posts\/158173","targetHints":{"allow":["GET"]}}],"collection":[{"href":"https:\/\/lospoliticosveracruz.com\/index.php?rest_route=\/wp\/v2\/posts"}],"about":[{"href":"https:\/\/lospoliticosveracruz.com\/index.php?rest_route=\/wp\/v2\/types\/post"}],"author":[{"embeddable":true,"href":"https:\/\/lospoliticosveracruz.com\/index.php?rest_route=\/wp\/v2\/users\/2"}],"replies":[{"embeddable":true,"href":"https:\/\/lospoliticosveracruz.com\/index.php?rest_route=%2Fwp%2Fv2%2Fcomments&post=158173"}],"version-history":[{"count":2,"href":"https:\/\/lospoliticosveracruz.com\/index.php?rest_route=\/wp\/v2\/posts\/158173\/revisions"}],"predecessor-version":[{"id":158175,"href":"https:\/\/lospoliticosveracruz.com\/index.php?rest_route=\/wp\/v2\/posts\/158173\/revisions\/158175"}],"wp:featuredmedia":[{"embeddable":true,"href":"https:\/\/lospoliticosveracruz.com\/index.php?rest_route=\/wp\/v2\/media\/141434"}],"wp:attachment":[{"href":"https:\/\/lospoliticosveracruz.com\/index.php?rest_route=%2Fwp%2Fv2%2Fmedia&parent=158173"}],"wp:term":[{"taxonomy":"category","embeddable":true,"href":"https:\/\/lospoliticosveracruz.com\/index.php?rest_route=%2Fwp%2Fv2%2Fcategories&post=158173"},{"taxonomy":"post_tag","embeddable":true,"href":"https:\/\/lospoliticosveracruz.com\/index.php?rest_route=%2Fwp%2Fv2%2Ftags&post=158173"}],"curies":[{"name":"wp","href":"https:\/\/api.w.org\/{rel}","templated":true}]}}