{"id":158176,"date":"2025-12-09T22:01:42","date_gmt":"2025-12-10T04:01:42","guid":{"rendered":"https:\/\/lospoliticosveracruz.com.mx\/?p=158176"},"modified":"2025-12-09T22:02:02","modified_gmt":"2025-12-10T04:02:02","slug":"ya-quedo-el-centro","status":"publish","type":"post","link":"https:\/\/lospoliticosveracruz.com\/?p=158176","title":{"rendered":"YA QUED\u00d3 EL CENTRO!"},"content":{"rendered":"\n<p>S\u00edguenos ahora tambi\u00e9n en WhatsApp.\u00a0\u00a1<a href=\"https:\/\/whatsapp.com\/channel\/0029Va8zRWlEKyZIP3Z1dF0e\"><strong>Da clic aqu\u00ed<\/strong><\/a><strong>!<\/strong><\/p>\n\n\n\n<p><\/p>\n\n\n\n<p>Veracruz: La alcaldesa Paty Lobeira inaugur\u00f3 este d\u00eda la rehabilitaci\u00f3n y reactivaci\u00f3n integral del Centro Hist\u00f3rico de Veracruz, un proyecto estrat\u00e9gico que transforma la infraestructura urbana, impulsa el desarrollo econ\u00f3mico, fortalece el turismo y rescata el valor hist\u00f3rico de esta importante zona de la ciudad.<\/p>\n\n\n\n<p>Durante el evento de inauguraci\u00f3n realizado en la avenida Independencia, la alcaldesa destac\u00f3 que esta intervenci\u00f3n representa uno de los mayores logros de su administraci\u00f3n, al atender de forma integral problemas como inundaciones recurrentes, deterioro urbano, cableado a\u00e9reo excesivo, hundimientos, abandono comercial y p\u00e9rdida de atractivos tur\u00edsticos.<\/p>\n\n\n\n<p>\u201cTerminamos esta obra tras siete meses de trabajo, como parte de un proyecto dedicado durante cuatro a\u00f1os, buscando saldar una deuda hist\u00f3rica con el centro de la ciudad, que estaba en el abandono\u201d, expres\u00f3.<\/p>\n\n\n\n<p>Subray\u00f3 que la obra inici\u00f3 con la renovaci\u00f3n completa de la infraestructura hidr\u00e1ulica y sanitaria del primer cuadro de la ciudad, en coordinaci\u00f3n con el Instituto Metropolitano del Agua, lo que permiti\u00f3 modernizar redes y ofrecer un servicio m\u00e1s eficiente.<\/p>\n\n\n\n<p>Asimismo, se construyeron tres colectores pluviales en Independencia, Lerdo y Guti\u00e9rrez Zamora, resolviendo un problema hist\u00f3rico de inundaciones en la zona.<\/p>\n\n\n\n<p>Como parte de la transformaci\u00f3n del Centro Hist\u00f3rico se realizaron:<br>-Independencia Peatonal con bolardos retr\u00e1ctiles, garantizando un tr\u00e1nsito seguro de Mario Molina hacia el Z\u00f3calo.<br>-Renovaci\u00f3n total del Z\u00f3calo, con nuevo mobiliario urbano, iluminaci\u00f3n, andadores y cableado subterr\u00e1neo.<br>-Concreto estampado en las calles Independencia y 5 de Mayo.<br>-Rehabilitaci\u00f3n de callejones hist\u00f3ricos como H\u00e9roes de Nacozari, Trigueros, La Campana, Clavijero, J.J. Herrera, La Lagunilla y Dehesa con pavimento de m\u00e1rmol.<br>-Banquetas de granito en Morelos, Zaragoza, Benito Ju\u00e1rez, Mario Molina y Landero y Coss.<\/p>\n\n\n\n<p>Estas acciones priorizan la movilidad peatonal, incorporan rampas y trayectos seguros, y fortalecen la actividad tur\u00edstica y comercial.<\/p>\n\n\n\n<p>La alcaldesa Paty Lobeira destac\u00f3 tambi\u00e9n la Plaza del Hero\u00edsmo Veracruzano, un \u00e1rea recuperada tras sustituir antiguas bodegas en abandono.<\/p>\n\n\n\n<p>Este nuevo espacio ofrece infraestructura digna para comerciantes y genera una conexi\u00f3n directa entre el Z\u00f3calo, la Macroplaza del Malec\u00f3n y la Plaza de la Rep\u00fablica, adem\u00e1s de abrir una nueva vista hacia el mar. La alcaldesa agradeci\u00f3 el apoyo de ASIPONA para la creaci\u00f3n de este espacio.<\/p>\n\n\n\n<p>Rescate del patrimonio hist\u00f3rico y cultural<\/p>\n\n\n\n<p>Durante los trabajos se restauraron dos torreones y una secci\u00f3n de la antigua muralla, adem\u00e1s de localizarse ca\u00f1ones hist\u00f3ricos que fueron entregados al INAH.<\/p>\n\n\n\n<p>Asimismo, se renovaron espacios recreativos, culturales y de servicio como el Parque Zamora, el Museo de la Ciudad, el Registro Civil, el Teatro Clavijero, la Polic\u00eda Municipal, la Ventanilla \u00danica, el Palacio Municipal y el edificio Trigueros.<\/p>\n\n\n\n<p>La alcaldesa agradeci\u00f3 a comerciantes, restauranteros, empresarios y habitantes del Centro Hist\u00f3rico por su paciencia durante la ejecuci\u00f3n de las obras, subrayando que la mejora urbana es una inversi\u00f3n en el futuro de la ciudad. Tambi\u00e9n reconoci\u00f3 a CANACO y CANIRAC, quienes se sumaron a la celebraci\u00f3n con promociones especiales.<\/p>\n\n\n\n<p>\u201cHoy nuestro Centro Hist\u00f3rico tiene un mejor futuro\u201d<\/p>\n\n\n\n<p>Paty Lobeira se\u00f1al\u00f3 que este proyecto marca un antes y un despu\u00e9s para Veracruz: \u201cCon visi\u00f3n, planeaci\u00f3n y compromiso, logramos concretar un proyecto de reactivaci\u00f3n integral que prepara al Centro Hist\u00f3rico para el crecimiento que durante a\u00f1os esper\u00f3. Hoy nuestro Centro Hist\u00f3rico tiene un mejor futuro: pa\u2019 ti, pa\u2019 siempre\u201d.<\/p>\n","protected":false},"excerpt":{"rendered":"<p>Veracruz: La alcaldesa Paty Lobeira inaugur\u00f3 este d\u00eda la rehabilitaci\u00f3n y reactivaci\u00f3n integral del Centro Hist\u00f3rico de Veracruz, un proyecto estrat\u00e9gico que transforma la infraestructura urbana, impulsa el desarrollo econ\u00f3mico, fortalece el turismo y rescata el valor hist\u00f3rico de esta importante zona de la ciudad. Durante el evento de inauguraci\u00f3n realizado en la avenida Independencia, [&hellip;]<\/p>\n","protected":false},"author":2,"featured_media":158177,"comment_status":"closed","ping_status":"closed","sticky":false,"template":"","format":"standard","meta":{"tdm_status":"","tdm_grid_status":"","footnotes":""},"categories":[73],"tags":[],"class_list":{"0":"post-158176","1":"post","2":"type-post","3":"status-publish","4":"format-standard","5":"has-post-thumbnail","7":"category-de-boleto"},"yoast_head":"<!-- This site is optimized with the Yoast SEO plugin v27.4 - https:\/\/yoast.com\/product\/yoast-seo-wordpress\/ -->\n<title>YA QUED\u00d3 EL CENTRO! - Los pol\u00edticos Veracruz<\/title>\n<meta name=\"robots\" content=\"index, follow, max-snippet:-1, max-image-preview:large, max-video-preview:-1\" \/>\n<link rel=\"canonical\" href=\"https:\/\/lospoliticosveracruz.com\/?p=158176\" \/>\n<meta property=\"og:locale\" content=\"es_ES\" \/>\n<meta property=\"og:type\" content=\"article\" \/>\n<meta property=\"og:title\" content=\"YA QUED\u00d3 EL CENTRO! - Los pol\u00edticos Veracruz\" \/>\n<meta property=\"og:description\" content=\"Veracruz: La alcaldesa Paty Lobeira inaugur\u00f3 este d\u00eda la rehabilitaci\u00f3n y reactivaci\u00f3n integral del Centro Hist\u00f3rico de Veracruz, un proyecto estrat\u00e9gico que transforma la infraestructura urbana, impulsa el desarrollo econ\u00f3mico, fortalece el turismo y rescata el valor hist\u00f3rico de esta importante zona de la ciudad. Durante el evento de inauguraci\u00f3n realizado en la avenida Independencia, [&hellip;]\" \/>\n<meta property=\"og:url\" content=\"https:\/\/lospoliticosveracruz.com\/?p=158176\" \/>\n<meta property=\"og:site_name\" content=\"Los pol\u00edticos Veracruz\" \/>\n<meta property=\"article:publisher\" content=\"https:\/\/www.facebook.com\/people\/Notimemes-de-los-Polticos\/61565672886568\/\" \/>\n<meta property=\"article:published_time\" content=\"2025-12-10T04:01:42+00:00\" \/>\n<meta property=\"article:modified_time\" content=\"2025-12-10T04:02:02+00:00\" \/>\n<meta property=\"og:image\" content=\"https:\/\/lospoliticosveracruz.com\/wp-content\/uploads\/2025\/12\/Paty.jpeg\" \/>\n\t<meta property=\"og:image:width\" content=\"600\" \/>\n\t<meta property=\"og:image:height\" content=\"320\" \/>\n\t<meta property=\"og:image:type\" content=\"image\/jpeg\" \/>\n<meta name=\"author\" content=\"Lo viste en Los Pol\u00edticos\" \/>\n<meta name=\"twitter:card\" content=\"summary_large_image\" \/>\n<meta name=\"twitter:creator\" content=\"@LosPoliticosVer\" \/>\n<meta name=\"twitter:site\" content=\"@LosPoliticosVer\" \/>\n<meta name=\"twitter:label1\" content=\"Escrito por\" \/>\n\t<meta name=\"twitter:data1\" content=\"Lo viste en Los Pol\u00edticos\" \/>\n\t<meta name=\"twitter:label2\" content=\"Tiempo de lectura\" \/>\n\t<meta name=\"twitter:data2\" content=\"3 minutos\" \/>\n<script type=\"application\/ld+json\" class=\"yoast-schema-graph\">{\"@context\":\"https:\\\/\\\/schema.org\",\"@graph\":[{\"@type\":\"Article\",\"@id\":\"https:\\\/\\\/lospoliticosveracruz.com\\\/?p=158176#article\",\"isPartOf\":{\"@id\":\"https:\\\/\\\/lospoliticosveracruz.com\\\/?p=158176\"},\"author\":{\"name\":\"Lo viste en Los Pol\u00edticos\",\"@id\":\"https:\\\/\\\/lospoliticosveracruz.com\\\/#\\\/schema\\\/person\\\/b8702bb0e538456e6efd07080bf2a4a2\"},\"headline\":\"YA QUED\u00d3 EL CENTRO!\",\"datePublished\":\"2025-12-10T04:01:42+00:00\",\"dateModified\":\"2025-12-10T04:02:02+00:00\",\"mainEntityOfPage\":{\"@id\":\"https:\\\/\\\/lospoliticosveracruz.com\\\/?p=158176\"},\"wordCount\":600,\"publisher\":{\"@id\":\"https:\\\/\\\/lospoliticosveracruz.com\\\/#organization\"},\"image\":{\"@id\":\"https:\\\/\\\/lospoliticosveracruz.com\\\/?p=158176#primaryimage\"},\"thumbnailUrl\":\"https:\\\/\\\/lospoliticosveracruz.com\\\/wp-content\\\/uploads\\\/2025\\\/12\\\/Paty.jpeg\",\"articleSection\":[\"De Boleto\"],\"inLanguage\":\"es\"},{\"@type\":\"WebPage\",\"@id\":\"https:\\\/\\\/lospoliticosveracruz.com\\\/?p=158176\",\"url\":\"https:\\\/\\\/lospoliticosveracruz.com\\\/?p=158176\",\"name\":\"YA QUED\u00d3 EL CENTRO! - Los pol\u00edticos Veracruz\",\"isPartOf\":{\"@id\":\"https:\\\/\\\/lospoliticosveracruz.com\\\/#website\"},\"primaryImageOfPage\":{\"@id\":\"https:\\\/\\\/lospoliticosveracruz.com\\\/?p=158176#primaryimage\"},\"image\":{\"@id\":\"https:\\\/\\\/lospoliticosveracruz.com\\\/?p=158176#primaryimage\"},\"thumbnailUrl\":\"https:\\\/\\\/lospoliticosveracruz.com\\\/wp-content\\\/uploads\\\/2025\\\/12\\\/Paty.jpeg\",\"datePublished\":\"2025-12-10T04:01:42+00:00\",\"dateModified\":\"2025-12-10T04:02:02+00:00\",\"breadcrumb\":{\"@id\":\"https:\\\/\\\/lospoliticosveracruz.com\\\/?p=158176#breadcrumb\"},\"inLanguage\":\"es\",\"potentialAction\":[{\"@type\":\"ReadAction\",\"target\":[\"https:\\\/\\\/lospoliticosveracruz.com\\\/?p=158176\"]}]},{\"@type\":\"ImageObject\",\"inLanguage\":\"es\",\"@id\":\"https:\\\/\\\/lospoliticosveracruz.com\\\/?p=158176#primaryimage\",\"url\":\"https:\\\/\\\/lospoliticosveracruz.com\\\/wp-content\\\/uploads\\\/2025\\\/12\\\/Paty.jpeg\",\"contentUrl\":\"https:\\\/\\\/lospoliticosveracruz.com\\\/wp-content\\\/uploads\\\/2025\\\/12\\\/Paty.jpeg\",\"width\":600,\"height\":320},{\"@type\":\"BreadcrumbList\",\"@id\":\"https:\\\/\\\/lospoliticosveracruz.com\\\/?p=158176#breadcrumb\",\"itemListElement\":[{\"@type\":\"ListItem\",\"position\":1,\"name\":\"Portada\",\"item\":\"https:\\\/\\\/lospoliticosveracruz.com\\\/\"},{\"@type\":\"ListItem\",\"position\":2,\"name\":\"YA QUED\u00d3 EL CENTRO!\"}]},{\"@type\":\"WebSite\",\"@id\":\"https:\\\/\\\/lospoliticosveracruz.com\\\/#website\",\"url\":\"https:\\\/\\\/lospoliticosveracruz.com\\\/\",\"name\":\"Los pol\u00edticos Veracruz\",\"description\":\"\",\"publisher\":{\"@id\":\"https:\\\/\\\/lospoliticosveracruz.com\\\/#organization\"},\"potentialAction\":[{\"@type\":\"SearchAction\",\"target\":{\"@type\":\"EntryPoint\",\"urlTemplate\":\"https:\\\/\\\/lospoliticosveracruz.com\\\/?s={search_term_string}\"},\"query-input\":{\"@type\":\"PropertyValueSpecification\",\"valueRequired\":true,\"valueName\":\"search_term_string\"}}],\"inLanguage\":\"es\"},{\"@type\":\"Organization\",\"@id\":\"https:\\\/\\\/lospoliticosveracruz.com\\\/#organization\",\"name\":\"Los pol\u00edticos Veracruz\",\"url\":\"https:\\\/\\\/lospoliticosveracruz.com\\\/\",\"logo\":{\"@type\":\"ImageObject\",\"inLanguage\":\"es\",\"@id\":\"https:\\\/\\\/lospoliticosveracruz.com\\\/#\\\/schema\\\/logo\\\/image\\\/\",\"url\":\"https:\\\/\\\/lospoliticosveracruz.com\\\/wp-content\\\/uploads\\\/2025\\\/12\\\/Logo-Nuevo-LOS-POLITICOS-1.jpg\",\"contentUrl\":\"https:\\\/\\\/lospoliticosveracruz.com\\\/wp-content\\\/uploads\\\/2025\\\/12\\\/Logo-Nuevo-LOS-POLITICOS-1.jpg\",\"width\":260,\"height\":70,\"caption\":\"Los pol\u00edticos Veracruz\"},\"image\":{\"@id\":\"https:\\\/\\\/lospoliticosveracruz.com\\\/#\\\/schema\\\/logo\\\/image\\\/\"},\"sameAs\":[\"https:\\\/\\\/www.facebook.com\\\/people\\\/Notimemes-de-los-Polticos\\\/61565672886568\\\/\",\"https:\\\/\\\/x.com\\\/LosPoliticosVer\"]},{\"@type\":\"Person\",\"@id\":\"https:\\\/\\\/lospoliticosveracruz.com\\\/#\\\/schema\\\/person\\\/b8702bb0e538456e6efd07080bf2a4a2\",\"name\":\"Lo viste en Los Pol\u00edticos\",\"image\":{\"@type\":\"ImageObject\",\"inLanguage\":\"es\",\"@id\":\"https:\\\/\\\/secure.gravatar.com\\\/avatar\\\/3a8de04a2656d44082be478bd6c086daa447c4651605818287b9532d3d0bd435?s=96&d=mm&r=g\",\"url\":\"https:\\\/\\\/secure.gravatar.com\\\/avatar\\\/3a8de04a2656d44082be478bd6c086daa447c4651605818287b9532d3d0bd435?s=96&d=mm&r=g\",\"contentUrl\":\"https:\\\/\\\/secure.gravatar.com\\\/avatar\\\/3a8de04a2656d44082be478bd6c086daa447c4651605818287b9532d3d0bd435?s=96&d=mm&r=g\",\"caption\":\"Lo viste en Los Pol\u00edticos\"},\"url\":\"https:\\\/\\\/lospoliticosveracruz.com\\\/?author=2\"}]}<\/script>\n<!-- \/ Yoast SEO plugin. -->","yoast_head_json":{"title":"YA QUED\u00d3 EL CENTRO! - Los pol\u00edticos Veracruz","robots":{"index":"index","follow":"follow","max-snippet":"max-snippet:-1","max-image-preview":"max-image-preview:large","max-video-preview":"max-video-preview:-1"},"canonical":"https:\/\/lospoliticosveracruz.com\/?p=158176","og_locale":"es_ES","og_type":"article","og_title":"YA QUED\u00d3 EL CENTRO! - Los pol\u00edticos Veracruz","og_description":"Veracruz: La alcaldesa Paty Lobeira inaugur\u00f3 este d\u00eda la rehabilitaci\u00f3n y reactivaci\u00f3n integral del Centro Hist\u00f3rico de Veracruz, un proyecto estrat\u00e9gico que transforma la infraestructura urbana, impulsa el desarrollo econ\u00f3mico, fortalece el turismo y rescata el valor hist\u00f3rico de esta importante zona de la ciudad. Durante el evento de inauguraci\u00f3n realizado en la avenida Independencia, [&hellip;]","og_url":"https:\/\/lospoliticosveracruz.com\/?p=158176","og_site_name":"Los pol\u00edticos Veracruz","article_publisher":"https:\/\/www.facebook.com\/people\/Notimemes-de-los-Polticos\/61565672886568\/","article_published_time":"2025-12-10T04:01:42+00:00","article_modified_time":"2025-12-10T04:02:02+00:00","og_image":[{"width":600,"height":320,"url":"https:\/\/lospoliticosveracruz.com\/wp-content\/uploads\/2025\/12\/Paty.jpeg","type":"image\/jpeg"}],"author":"Lo viste en Los Pol\u00edticos","twitter_card":"summary_large_image","twitter_creator":"@LosPoliticosVer","twitter_site":"@LosPoliticosVer","twitter_misc":{"Escrito por":"Lo viste en Los Pol\u00edticos","Tiempo de lectura":"3 minutos"},"schema":{"@context":"https:\/\/schema.org","@graph":[{"@type":"Article","@id":"https:\/\/lospoliticosveracruz.com\/?p=158176#article","isPartOf":{"@id":"https:\/\/lospoliticosveracruz.com\/?p=158176"},"author":{"name":"Lo viste en Los Pol\u00edticos","@id":"https:\/\/lospoliticosveracruz.com\/#\/schema\/person\/b8702bb0e538456e6efd07080bf2a4a2"},"headline":"YA QUED\u00d3 EL CENTRO!","datePublished":"2025-12-10T04:01:42+00:00","dateModified":"2025-12-10T04:02:02+00:00","mainEntityOfPage":{"@id":"https:\/\/lospoliticosveracruz.com\/?p=158176"},"wordCount":600,"publisher":{"@id":"https:\/\/lospoliticosveracruz.com\/#organization"},"image":{"@id":"https:\/\/lospoliticosveracruz.com\/?p=158176#primaryimage"},"thumbnailUrl":"https:\/\/lospoliticosveracruz.com\/wp-content\/uploads\/2025\/12\/Paty.jpeg","articleSection":["De Boleto"],"inLanguage":"es"},{"@type":"WebPage","@id":"https:\/\/lospoliticosveracruz.com\/?p=158176","url":"https:\/\/lospoliticosveracruz.com\/?p=158176","name":"YA QUED\u00d3 EL CENTRO! - Los pol\u00edticos Veracruz","isPartOf":{"@id":"https:\/\/lospoliticosveracruz.com\/#website"},"primaryImageOfPage":{"@id":"https:\/\/lospoliticosveracruz.com\/?p=158176#primaryimage"},"image":{"@id":"https:\/\/lospoliticosveracruz.com\/?p=158176#primaryimage"},"thumbnailUrl":"https:\/\/lospoliticosveracruz.com\/wp-content\/uploads\/2025\/12\/Paty.jpeg","datePublished":"2025-12-10T04:01:42+00:00","dateModified":"2025-12-10T04:02:02+00:00","breadcrumb":{"@id":"https:\/\/lospoliticosveracruz.com\/?p=158176#breadcrumb"},"inLanguage":"es","potentialAction":[{"@type":"ReadAction","target":["https:\/\/lospoliticosveracruz.com\/?p=158176"]}]},{"@type":"ImageObject","inLanguage":"es","@id":"https:\/\/lospoliticosveracruz.com\/?p=158176#primaryimage","url":"https:\/\/lospoliticosveracruz.com\/wp-content\/uploads\/2025\/12\/Paty.jpeg","contentUrl":"https:\/\/lospoliticosveracruz.com\/wp-content\/uploads\/2025\/12\/Paty.jpeg","width":600,"height":320},{"@type":"BreadcrumbList","@id":"https:\/\/lospoliticosveracruz.com\/?p=158176#breadcrumb","itemListElement":[{"@type":"ListItem","position":1,"name":"Portada","item":"https:\/\/lospoliticosveracruz.com\/"},{"@type":"ListItem","position":2,"name":"YA QUED\u00d3 EL CENTRO!"}]},{"@type":"WebSite","@id":"https:\/\/lospoliticosveracruz.com\/#website","url":"https:\/\/lospoliticosveracruz.com\/","name":"Los pol\u00edticos Veracruz","description":"","publisher":{"@id":"https:\/\/lospoliticosveracruz.com\/#organization"},"potentialAction":[{"@type":"SearchAction","target":{"@type":"EntryPoint","urlTemplate":"https:\/\/lospoliticosveracruz.com\/?s={search_term_string}"},"query-input":{"@type":"PropertyValueSpecification","valueRequired":true,"valueName":"search_term_string"}}],"inLanguage":"es"},{"@type":"Organization","@id":"https:\/\/lospoliticosveracruz.com\/#organization","name":"Los pol\u00edticos Veracruz","url":"https:\/\/lospoliticosveracruz.com\/","logo":{"@type":"ImageObject","inLanguage":"es","@id":"https:\/\/lospoliticosveracruz.com\/#\/schema\/logo\/image\/","url":"https:\/\/lospoliticosveracruz.com\/wp-content\/uploads\/2025\/12\/Logo-Nuevo-LOS-POLITICOS-1.jpg","contentUrl":"https:\/\/lospoliticosveracruz.com\/wp-content\/uploads\/2025\/12\/Logo-Nuevo-LOS-POLITICOS-1.jpg","width":260,"height":70,"caption":"Los pol\u00edticos Veracruz"},"image":{"@id":"https:\/\/lospoliticosveracruz.com\/#\/schema\/logo\/image\/"},"sameAs":["https:\/\/www.facebook.com\/people\/Notimemes-de-los-Polticos\/61565672886568\/","https:\/\/x.com\/LosPoliticosVer"]},{"@type":"Person","@id":"https:\/\/lospoliticosveracruz.com\/#\/schema\/person\/b8702bb0e538456e6efd07080bf2a4a2","name":"Lo viste en Los Pol\u00edticos","image":{"@type":"ImageObject","inLanguage":"es","@id":"https:\/\/secure.gravatar.com\/avatar\/3a8de04a2656d44082be478bd6c086daa447c4651605818287b9532d3d0bd435?s=96&d=mm&r=g","url":"https:\/\/secure.gravatar.com\/avatar\/3a8de04a2656d44082be478bd6c086daa447c4651605818287b9532d3d0bd435?s=96&d=mm&r=g","contentUrl":"https:\/\/secure.gravatar.com\/avatar\/3a8de04a2656d44082be478bd6c086daa447c4651605818287b9532d3d0bd435?s=96&d=mm&r=g","caption":"Lo viste en Los Pol\u00edticos"},"url":"https:\/\/lospoliticosveracruz.com\/?author=2"}]}},"_links":{"self":[{"href":"https:\/\/lospoliticosveracruz.com\/index.php?rest_route=\/wp\/v2\/posts\/158176","targetHints":{"allow":["GET"]}}],"collection":[{"href":"https:\/\/lospoliticosveracruz.com\/index.php?rest_route=\/wp\/v2\/posts"}],"about":[{"href":"https:\/\/lospoliticosveracruz.com\/index.php?rest_route=\/wp\/v2\/types\/post"}],"author":[{"embeddable":true,"href":"https:\/\/lospoliticosveracruz.com\/index.php?rest_route=\/wp\/v2\/users\/2"}],"replies":[{"embeddable":true,"href":"https:\/\/lospoliticosveracruz.com\/index.php?rest_route=%2Fwp%2Fv2%2Fcomments&post=158176"}],"version-history":[{"count":2,"href":"https:\/\/lospoliticosveracruz.com\/index.php?rest_route=\/wp\/v2\/posts\/158176\/revisions"}],"predecessor-version":[{"id":158179,"href":"https:\/\/lospoliticosveracruz.com\/index.php?rest_route=\/wp\/v2\/posts\/158176\/revisions\/158179"}],"wp:featuredmedia":[{"embeddable":true,"href":"https:\/\/lospoliticosveracruz.com\/index.php?rest_route=\/wp\/v2\/media\/158177"}],"wp:attachment":[{"href":"https:\/\/lospoliticosveracruz.com\/index.php?rest_route=%2Fwp%2Fv2%2Fmedia&parent=158176"}],"wp:term":[{"taxonomy":"category","embeddable":true,"href":"https:\/\/lospoliticosveracruz.com\/index.php?rest_route=%2Fwp%2Fv2%2Fcategories&post=158176"},{"taxonomy":"post_tag","embeddable":true,"href":"https:\/\/lospoliticosveracruz.com\/index.php?rest_route=%2Fwp%2Fv2%2Ftags&post=158176"}],"curies":[{"name":"wp","href":"https:\/\/api.w.org\/{rel}","templated":true}]}}