{"id":158181,"date":"2025-12-09T22:55:11","date_gmt":"2025-12-10T04:55:11","guid":{"rendered":"https:\/\/lospoliticosveracruz.com.mx\/?p=158181"},"modified":"2025-12-09T22:55:45","modified_gmt":"2025-12-10T04:55:45","slug":"cateo-en-ex-azufrera-de-texistepec","status":"publish","type":"post","link":"https:\/\/lospoliticosveracruz.com\/?p=158181","title":{"rendered":"CATEO EN EX AZUFRERA DE TEXISTEPEC"},"content":{"rendered":"\n<p><strong>Jos\u00e9 Luis Ortega Vidal<\/strong><\/p>\n\n\n\n<p><em>Claroscuros<\/em><br>Elementos de la Fiscal\u00eda General de la Rep\u00fablica (FGR), cumplimentaron la ma\u00f1ana de este mi\u00e9rcoles una orden de cateo en las instalaciones de la ex Compa\u00f1\u00eda Exploradora del Istmo (CEDI), clausurada a inicios de la d\u00e9cada de los 90s del siglo pasado en el municipio de Texistepec.<\/p>\n\n\n\n\n\n<p><br>Patrullas con agentes de la Agencia de Investigaci\u00f3n Criminal (AIC) de la FGR, habr\u00edan capturado a siete personas y decomisado armas cortas y largas; para acudir posteriormente a la Fiscal\u00eda federal con sede en Acayucan.<br>Los elementos de la FGR fueron apoyados por la guardia nacional, la Marina y polic\u00edas estatales veracruzanos.<br>Al momento de redactar este art\u00edculo no se han dado a conocer los motivos del cateo oficial, ni los nombres de los detenidos.<br>Durante los \u00faltimos ocho a\u00f1os las instalaciones de lo que fue la planta azufrera CEDI han estado en manos de la Asociaci\u00f3n Civil Unidos por Texistepec.<br>En diciembre del 2022 muri\u00f3 asesinado su l\u00edder y fundador, ingeniero Sa\u00fal Reyes Rodr\u00edguez; el trece de mayo del 2025 fue detenido Domingo Flores \u00c1lvarez, quien particip\u00f3 en la fundaci\u00f3n de Unidos por Texistepec A.C. y es acusado como presunto autor intelectual del crimen de Reyes Rodr\u00edguez, su ex jefe y l\u00edder.<br>El pasado once de mayo ocurri\u00f3 una masacre en Texistepec; fue asesinada la candidata de MORENA a la alcald\u00eda, Yesenia Lara Guti\u00e9rrez, junto a cuatro de sus seguidores.<br>El alcalde electo para el periodo 2022-2025, Jos\u00e9 Luis Flores Subiaur, muri\u00f3 de c\u00e1ncer el mi\u00e9rcoles 26 de agosto del 2022.<br>En su lugar tom\u00f3 protesta el presidente municipal suplente, V\u00edctor Manuel S\u00e1nchez Florentino; quien fue separado del cargo luego de la renuncia del cuerpo edilicio en pleno \u2013titulares y suplentes-.<br>El 28 de febrero del 2025 la LXVII Legislatura nombr\u00f3 como presidenta del Concejo Municipal de Texistepec a Nancy Lea\u00f1os Fern\u00e1ndez, quien ofrecer\u00e1 el \u00faltimo informe de gobierno hoy, mi\u00e9rcoles 10 de diciembre.<br>Tanto V\u00edctor Manuel S\u00e1nchez Florentino como Nancy Lea\u00f1os Fern\u00e1ndez han sido responsables del Ayuntamiento de Texistepec en un ambiente de violencia, con amenazas directas para ellos y en medio de asesinatos sin freno.<br>El s\u00e1bado pasado fue baleado mortalmente Genaro \u201cN\u201d, de 20 a\u00f1os, en la comunidad de Jos\u00e9 Mar\u00eda Morelos.<br>El mismo d\u00eda fue asesinado Sergio \u201cN\u201d, de sesenta a\u00f1os, en la poblaci\u00f3n Ojo de Agua.<br>Entre la segunda quincena de mayo y las ejecuciones del fin de semana, han ocurrido otros asesinatos.<br>Domingo Flores \u00c1lvarez -se\u00f1alado como causante de la violencia en su municipio- sigue preso pero la violencia contin\u00faa en Texistepec.<br>En este municipio ubicado en la parte veracruzana del Istmo de Tehuantepec, grupos de la delincuencia organizada han luchado entre s\u00ed durante a\u00f1os.<br>Ah\u00ed mismo, grupos civiles se disputan el control de terrenos y laguna de minas de lo que fue la Compa\u00f1\u00eda Exploradora del Istmo (CEDI), una de las dos factor\u00edas azufreras que operaron en la regi\u00f3n; la otra fue Azufrera Panamericana, en J\u00e1ltipan de Morelos.<br>El cumplimento de la orden de cateo en la ex Compa\u00f1\u00eda Exploradora del Istmo, este martes, a\u00f1ade m\u00e1s dudas -en lugar de esperanzas- en un lugar donde la muerte dej\u00f3 de pedir permiso desde mucho tiempo atr\u00e1s.<\/p>\n","protected":false},"excerpt":{"rendered":"<p>Jos\u00e9 Luis Ortega Vidal ClaroscurosElementos de la Fiscal\u00eda General de la Rep\u00fablica (FGR), cumplimentaron la ma\u00f1ana de este mi\u00e9rcoles una orden de cateo en las instalaciones de la ex Compa\u00f1\u00eda Exploradora del Istmo (CEDI), clausurada a inicios de la d\u00e9cada de los 90s del siglo pasado en el municipio de Texistepec. Patrullas con agentes de [&hellip;]<\/p>\n","protected":false},"author":2,"featured_media":141392,"comment_status":"closed","ping_status":"closed","sticky":false,"template":"","format":"standard","meta":{"tdm_status":"","tdm_grid_status":"","footnotes":""},"categories":[70],"tags":[],"class_list":{"0":"post-158181","1":"post","2":"type-post","3":"status-publish","4":"format-standard","5":"has-post-thumbnail","7":"category-de-opinion"},"yoast_head":"<!-- This site is optimized with the Yoast SEO plugin v27.4 - https:\/\/yoast.com\/product\/yoast-seo-wordpress\/ -->\n<title>CATEO EN EX AZUFRERA DE TEXISTEPEC - Los pol\u00edticos Veracruz<\/title>\n<meta name=\"robots\" content=\"index, follow, max-snippet:-1, max-image-preview:large, max-video-preview:-1\" \/>\n<link rel=\"canonical\" href=\"https:\/\/lospoliticosveracruz.com\/?p=158181\" \/>\n<meta property=\"og:locale\" content=\"es_ES\" \/>\n<meta property=\"og:type\" content=\"article\" \/>\n<meta property=\"og:title\" content=\"CATEO EN EX AZUFRERA DE TEXISTEPEC - Los pol\u00edticos Veracruz\" \/>\n<meta property=\"og:description\" content=\"Jos\u00e9 Luis Ortega Vidal ClaroscurosElementos de la Fiscal\u00eda General de la Rep\u00fablica (FGR), cumplimentaron la ma\u00f1ana de este mi\u00e9rcoles una orden de cateo en las instalaciones de la ex Compa\u00f1\u00eda Exploradora del Istmo (CEDI), clausurada a inicios de la d\u00e9cada de los 90s del siglo pasado en el municipio de Texistepec. Patrullas con agentes de [&hellip;]\" \/>\n<meta property=\"og:url\" content=\"https:\/\/lospoliticosveracruz.com\/?p=158181\" \/>\n<meta property=\"og:site_name\" content=\"Los pol\u00edticos Veracruz\" \/>\n<meta property=\"article:publisher\" content=\"https:\/\/www.facebook.com\/people\/Notimemes-de-los-Polticos\/61565672886568\/\" \/>\n<meta property=\"article:published_time\" content=\"2025-12-10T04:55:11+00:00\" \/>\n<meta property=\"article:modified_time\" content=\"2025-12-10T04:55:45+00:00\" \/>\n<meta property=\"og:image\" content=\"https:\/\/lospoliticosveracruz.com\/wp-content\/uploads\/2025\/04\/Jose-Luis-Ortega-Vidal.jpg\" \/>\n\t<meta property=\"og:image:width\" content=\"1250\" \/>\n\t<meta property=\"og:image:height\" content=\"667\" \/>\n\t<meta property=\"og:image:type\" content=\"image\/jpeg\" \/>\n<meta name=\"author\" content=\"Lo viste en Los Pol\u00edticos\" \/>\n<meta name=\"twitter:card\" content=\"summary_large_image\" \/>\n<meta name=\"twitter:creator\" content=\"@LosPoliticosVer\" \/>\n<meta name=\"twitter:site\" content=\"@LosPoliticosVer\" \/>\n<meta name=\"twitter:label1\" content=\"Escrito por\" \/>\n\t<meta name=\"twitter:data1\" content=\"Lo viste en Los Pol\u00edticos\" \/>\n\t<meta name=\"twitter:label2\" content=\"Tiempo de lectura\" \/>\n\t<meta name=\"twitter:data2\" content=\"3 minutos\" \/>\n<script type=\"application\/ld+json\" class=\"yoast-schema-graph\">{\"@context\":\"https:\\\/\\\/schema.org\",\"@graph\":[{\"@type\":\"Article\",\"@id\":\"https:\\\/\\\/lospoliticosveracruz.com\\\/?p=158181#article\",\"isPartOf\":{\"@id\":\"https:\\\/\\\/lospoliticosveracruz.com\\\/?p=158181\"},\"author\":{\"name\":\"Lo viste en Los Pol\u00edticos\",\"@id\":\"https:\\\/\\\/lospoliticosveracruz.com\\\/#\\\/schema\\\/person\\\/b8702bb0e538456e6efd07080bf2a4a2\"},\"headline\":\"CATEO EN EX AZUFRERA DE TEXISTEPEC\",\"datePublished\":\"2025-12-10T04:55:11+00:00\",\"dateModified\":\"2025-12-10T04:55:45+00:00\",\"mainEntityOfPage\":{\"@id\":\"https:\\\/\\\/lospoliticosveracruz.com\\\/?p=158181\"},\"wordCount\":573,\"publisher\":{\"@id\":\"https:\\\/\\\/lospoliticosveracruz.com\\\/#organization\"},\"image\":{\"@id\":\"https:\\\/\\\/lospoliticosveracruz.com\\\/?p=158181#primaryimage\"},\"thumbnailUrl\":\"https:\\\/\\\/lospoliticosveracruz.com\\\/wp-content\\\/uploads\\\/2025\\\/04\\\/Jose-Luis-Ortega-Vidal.jpg\",\"articleSection\":[\"De Opini\u00f3n\"],\"inLanguage\":\"es\"},{\"@type\":\"WebPage\",\"@id\":\"https:\\\/\\\/lospoliticosveracruz.com\\\/?p=158181\",\"url\":\"https:\\\/\\\/lospoliticosveracruz.com\\\/?p=158181\",\"name\":\"CATEO EN EX AZUFRERA DE TEXISTEPEC - Los pol\u00edticos Veracruz\",\"isPartOf\":{\"@id\":\"https:\\\/\\\/lospoliticosveracruz.com\\\/#website\"},\"primaryImageOfPage\":{\"@id\":\"https:\\\/\\\/lospoliticosveracruz.com\\\/?p=158181#primaryimage\"},\"image\":{\"@id\":\"https:\\\/\\\/lospoliticosveracruz.com\\\/?p=158181#primaryimage\"},\"thumbnailUrl\":\"https:\\\/\\\/lospoliticosveracruz.com\\\/wp-content\\\/uploads\\\/2025\\\/04\\\/Jose-Luis-Ortega-Vidal.jpg\",\"datePublished\":\"2025-12-10T04:55:11+00:00\",\"dateModified\":\"2025-12-10T04:55:45+00:00\",\"breadcrumb\":{\"@id\":\"https:\\\/\\\/lospoliticosveracruz.com\\\/?p=158181#breadcrumb\"},\"inLanguage\":\"es\",\"potentialAction\":[{\"@type\":\"ReadAction\",\"target\":[\"https:\\\/\\\/lospoliticosveracruz.com\\\/?p=158181\"]}]},{\"@type\":\"ImageObject\",\"inLanguage\":\"es\",\"@id\":\"https:\\\/\\\/lospoliticosveracruz.com\\\/?p=158181#primaryimage\",\"url\":\"https:\\\/\\\/lospoliticosveracruz.com\\\/wp-content\\\/uploads\\\/2025\\\/04\\\/Jose-Luis-Ortega-Vidal.jpg\",\"contentUrl\":\"https:\\\/\\\/lospoliticosveracruz.com\\\/wp-content\\\/uploads\\\/2025\\\/04\\\/Jose-Luis-Ortega-Vidal.jpg\",\"width\":1250,\"height\":667},{\"@type\":\"BreadcrumbList\",\"@id\":\"https:\\\/\\\/lospoliticosveracruz.com\\\/?p=158181#breadcrumb\",\"itemListElement\":[{\"@type\":\"ListItem\",\"position\":1,\"name\":\"Portada\",\"item\":\"https:\\\/\\\/lospoliticosveracruz.com\\\/\"},{\"@type\":\"ListItem\",\"position\":2,\"name\":\"CATEO EN EX AZUFRERA DE TEXISTEPEC\"}]},{\"@type\":\"WebSite\",\"@id\":\"https:\\\/\\\/lospoliticosveracruz.com\\\/#website\",\"url\":\"https:\\\/\\\/lospoliticosveracruz.com\\\/\",\"name\":\"Los pol\u00edticos Veracruz\",\"description\":\"\",\"publisher\":{\"@id\":\"https:\\\/\\\/lospoliticosveracruz.com\\\/#organization\"},\"potentialAction\":[{\"@type\":\"SearchAction\",\"target\":{\"@type\":\"EntryPoint\",\"urlTemplate\":\"https:\\\/\\\/lospoliticosveracruz.com\\\/?s={search_term_string}\"},\"query-input\":{\"@type\":\"PropertyValueSpecification\",\"valueRequired\":true,\"valueName\":\"search_term_string\"}}],\"inLanguage\":\"es\"},{\"@type\":\"Organization\",\"@id\":\"https:\\\/\\\/lospoliticosveracruz.com\\\/#organization\",\"name\":\"Los pol\u00edticos Veracruz\",\"url\":\"https:\\\/\\\/lospoliticosveracruz.com\\\/\",\"logo\":{\"@type\":\"ImageObject\",\"inLanguage\":\"es\",\"@id\":\"https:\\\/\\\/lospoliticosveracruz.com\\\/#\\\/schema\\\/logo\\\/image\\\/\",\"url\":\"https:\\\/\\\/lospoliticosveracruz.com\\\/wp-content\\\/uploads\\\/2025\\\/12\\\/Logo-Nuevo-LOS-POLITICOS-1.jpg\",\"contentUrl\":\"https:\\\/\\\/lospoliticosveracruz.com\\\/wp-content\\\/uploads\\\/2025\\\/12\\\/Logo-Nuevo-LOS-POLITICOS-1.jpg\",\"width\":260,\"height\":70,\"caption\":\"Los pol\u00edticos Veracruz\"},\"image\":{\"@id\":\"https:\\\/\\\/lospoliticosveracruz.com\\\/#\\\/schema\\\/logo\\\/image\\\/\"},\"sameAs\":[\"https:\\\/\\\/www.facebook.com\\\/people\\\/Notimemes-de-los-Polticos\\\/61565672886568\\\/\",\"https:\\\/\\\/x.com\\\/LosPoliticosVer\"]},{\"@type\":\"Person\",\"@id\":\"https:\\\/\\\/lospoliticosveracruz.com\\\/#\\\/schema\\\/person\\\/b8702bb0e538456e6efd07080bf2a4a2\",\"name\":\"Lo viste en Los Pol\u00edticos\",\"image\":{\"@type\":\"ImageObject\",\"inLanguage\":\"es\",\"@id\":\"https:\\\/\\\/secure.gravatar.com\\\/avatar\\\/3a8de04a2656d44082be478bd6c086daa447c4651605818287b9532d3d0bd435?s=96&d=mm&r=g\",\"url\":\"https:\\\/\\\/secure.gravatar.com\\\/avatar\\\/3a8de04a2656d44082be478bd6c086daa447c4651605818287b9532d3d0bd435?s=96&d=mm&r=g\",\"contentUrl\":\"https:\\\/\\\/secure.gravatar.com\\\/avatar\\\/3a8de04a2656d44082be478bd6c086daa447c4651605818287b9532d3d0bd435?s=96&d=mm&r=g\",\"caption\":\"Lo viste en Los Pol\u00edticos\"},\"url\":\"https:\\\/\\\/lospoliticosveracruz.com\\\/?author=2\"}]}<\/script>\n<!-- \/ Yoast SEO plugin. -->","yoast_head_json":{"title":"CATEO EN EX AZUFRERA DE TEXISTEPEC - Los pol\u00edticos Veracruz","robots":{"index":"index","follow":"follow","max-snippet":"max-snippet:-1","max-image-preview":"max-image-preview:large","max-video-preview":"max-video-preview:-1"},"canonical":"https:\/\/lospoliticosveracruz.com\/?p=158181","og_locale":"es_ES","og_type":"article","og_title":"CATEO EN EX AZUFRERA DE TEXISTEPEC - Los pol\u00edticos Veracruz","og_description":"Jos\u00e9 Luis Ortega Vidal ClaroscurosElementos de la Fiscal\u00eda General de la Rep\u00fablica (FGR), cumplimentaron la ma\u00f1ana de este mi\u00e9rcoles una orden de cateo en las instalaciones de la ex Compa\u00f1\u00eda Exploradora del Istmo (CEDI), clausurada a inicios de la d\u00e9cada de los 90s del siglo pasado en el municipio de Texistepec. Patrullas con agentes de [&hellip;]","og_url":"https:\/\/lospoliticosveracruz.com\/?p=158181","og_site_name":"Los pol\u00edticos Veracruz","article_publisher":"https:\/\/www.facebook.com\/people\/Notimemes-de-los-Polticos\/61565672886568\/","article_published_time":"2025-12-10T04:55:11+00:00","article_modified_time":"2025-12-10T04:55:45+00:00","og_image":[{"width":1250,"height":667,"url":"https:\/\/lospoliticosveracruz.com\/wp-content\/uploads\/2025\/04\/Jose-Luis-Ortega-Vidal.jpg","type":"image\/jpeg"}],"author":"Lo viste en Los Pol\u00edticos","twitter_card":"summary_large_image","twitter_creator":"@LosPoliticosVer","twitter_site":"@LosPoliticosVer","twitter_misc":{"Escrito por":"Lo viste en Los Pol\u00edticos","Tiempo de lectura":"3 minutos"},"schema":{"@context":"https:\/\/schema.org","@graph":[{"@type":"Article","@id":"https:\/\/lospoliticosveracruz.com\/?p=158181#article","isPartOf":{"@id":"https:\/\/lospoliticosveracruz.com\/?p=158181"},"author":{"name":"Lo viste en Los Pol\u00edticos","@id":"https:\/\/lospoliticosveracruz.com\/#\/schema\/person\/b8702bb0e538456e6efd07080bf2a4a2"},"headline":"CATEO EN EX AZUFRERA DE TEXISTEPEC","datePublished":"2025-12-10T04:55:11+00:00","dateModified":"2025-12-10T04:55:45+00:00","mainEntityOfPage":{"@id":"https:\/\/lospoliticosveracruz.com\/?p=158181"},"wordCount":573,"publisher":{"@id":"https:\/\/lospoliticosveracruz.com\/#organization"},"image":{"@id":"https:\/\/lospoliticosveracruz.com\/?p=158181#primaryimage"},"thumbnailUrl":"https:\/\/lospoliticosveracruz.com\/wp-content\/uploads\/2025\/04\/Jose-Luis-Ortega-Vidal.jpg","articleSection":["De Opini\u00f3n"],"inLanguage":"es"},{"@type":"WebPage","@id":"https:\/\/lospoliticosveracruz.com\/?p=158181","url":"https:\/\/lospoliticosveracruz.com\/?p=158181","name":"CATEO EN EX AZUFRERA DE TEXISTEPEC - Los pol\u00edticos Veracruz","isPartOf":{"@id":"https:\/\/lospoliticosveracruz.com\/#website"},"primaryImageOfPage":{"@id":"https:\/\/lospoliticosveracruz.com\/?p=158181#primaryimage"},"image":{"@id":"https:\/\/lospoliticosveracruz.com\/?p=158181#primaryimage"},"thumbnailUrl":"https:\/\/lospoliticosveracruz.com\/wp-content\/uploads\/2025\/04\/Jose-Luis-Ortega-Vidal.jpg","datePublished":"2025-12-10T04:55:11+00:00","dateModified":"2025-12-10T04:55:45+00:00","breadcrumb":{"@id":"https:\/\/lospoliticosveracruz.com\/?p=158181#breadcrumb"},"inLanguage":"es","potentialAction":[{"@type":"ReadAction","target":["https:\/\/lospoliticosveracruz.com\/?p=158181"]}]},{"@type":"ImageObject","inLanguage":"es","@id":"https:\/\/lospoliticosveracruz.com\/?p=158181#primaryimage","url":"https:\/\/lospoliticosveracruz.com\/wp-content\/uploads\/2025\/04\/Jose-Luis-Ortega-Vidal.jpg","contentUrl":"https:\/\/lospoliticosveracruz.com\/wp-content\/uploads\/2025\/04\/Jose-Luis-Ortega-Vidal.jpg","width":1250,"height":667},{"@type":"BreadcrumbList","@id":"https:\/\/lospoliticosveracruz.com\/?p=158181#breadcrumb","itemListElement":[{"@type":"ListItem","position":1,"name":"Portada","item":"https:\/\/lospoliticosveracruz.com\/"},{"@type":"ListItem","position":2,"name":"CATEO EN EX AZUFRERA DE TEXISTEPEC"}]},{"@type":"WebSite","@id":"https:\/\/lospoliticosveracruz.com\/#website","url":"https:\/\/lospoliticosveracruz.com\/","name":"Los pol\u00edticos Veracruz","description":"","publisher":{"@id":"https:\/\/lospoliticosveracruz.com\/#organization"},"potentialAction":[{"@type":"SearchAction","target":{"@type":"EntryPoint","urlTemplate":"https:\/\/lospoliticosveracruz.com\/?s={search_term_string}"},"query-input":{"@type":"PropertyValueSpecification","valueRequired":true,"valueName":"search_term_string"}}],"inLanguage":"es"},{"@type":"Organization","@id":"https:\/\/lospoliticosveracruz.com\/#organization","name":"Los pol\u00edticos Veracruz","url":"https:\/\/lospoliticosveracruz.com\/","logo":{"@type":"ImageObject","inLanguage":"es","@id":"https:\/\/lospoliticosveracruz.com\/#\/schema\/logo\/image\/","url":"https:\/\/lospoliticosveracruz.com\/wp-content\/uploads\/2025\/12\/Logo-Nuevo-LOS-POLITICOS-1.jpg","contentUrl":"https:\/\/lospoliticosveracruz.com\/wp-content\/uploads\/2025\/12\/Logo-Nuevo-LOS-POLITICOS-1.jpg","width":260,"height":70,"caption":"Los pol\u00edticos Veracruz"},"image":{"@id":"https:\/\/lospoliticosveracruz.com\/#\/schema\/logo\/image\/"},"sameAs":["https:\/\/www.facebook.com\/people\/Notimemes-de-los-Polticos\/61565672886568\/","https:\/\/x.com\/LosPoliticosVer"]},{"@type":"Person","@id":"https:\/\/lospoliticosveracruz.com\/#\/schema\/person\/b8702bb0e538456e6efd07080bf2a4a2","name":"Lo viste en Los Pol\u00edticos","image":{"@type":"ImageObject","inLanguage":"es","@id":"https:\/\/secure.gravatar.com\/avatar\/3a8de04a2656d44082be478bd6c086daa447c4651605818287b9532d3d0bd435?s=96&d=mm&r=g","url":"https:\/\/secure.gravatar.com\/avatar\/3a8de04a2656d44082be478bd6c086daa447c4651605818287b9532d3d0bd435?s=96&d=mm&r=g","contentUrl":"https:\/\/secure.gravatar.com\/avatar\/3a8de04a2656d44082be478bd6c086daa447c4651605818287b9532d3d0bd435?s=96&d=mm&r=g","caption":"Lo viste en Los Pol\u00edticos"},"url":"https:\/\/lospoliticosveracruz.com\/?author=2"}]}},"_links":{"self":[{"href":"https:\/\/lospoliticosveracruz.com\/index.php?rest_route=\/wp\/v2\/posts\/158181","targetHints":{"allow":["GET"]}}],"collection":[{"href":"https:\/\/lospoliticosveracruz.com\/index.php?rest_route=\/wp\/v2\/posts"}],"about":[{"href":"https:\/\/lospoliticosveracruz.com\/index.php?rest_route=\/wp\/v2\/types\/post"}],"author":[{"embeddable":true,"href":"https:\/\/lospoliticosveracruz.com\/index.php?rest_route=\/wp\/v2\/users\/2"}],"replies":[{"embeddable":true,"href":"https:\/\/lospoliticosveracruz.com\/index.php?rest_route=%2Fwp%2Fv2%2Fcomments&post=158181"}],"version-history":[{"count":2,"href":"https:\/\/lospoliticosveracruz.com\/index.php?rest_route=\/wp\/v2\/posts\/158181\/revisions"}],"predecessor-version":[{"id":158183,"href":"https:\/\/lospoliticosveracruz.com\/index.php?rest_route=\/wp\/v2\/posts\/158181\/revisions\/158183"}],"wp:featuredmedia":[{"embeddable":true,"href":"https:\/\/lospoliticosveracruz.com\/index.php?rest_route=\/wp\/v2\/media\/141392"}],"wp:attachment":[{"href":"https:\/\/lospoliticosveracruz.com\/index.php?rest_route=%2Fwp%2Fv2%2Fmedia&parent=158181"}],"wp:term":[{"taxonomy":"category","embeddable":true,"href":"https:\/\/lospoliticosveracruz.com\/index.php?rest_route=%2Fwp%2Fv2%2Fcategories&post=158181"},{"taxonomy":"post_tag","embeddable":true,"href":"https:\/\/lospoliticosveracruz.com\/index.php?rest_route=%2Fwp%2Fv2%2Ftags&post=158181"}],"curies":[{"name":"wp","href":"https:\/\/api.w.org\/{rel}","templated":true}]}}