{"id":158187,"date":"2025-12-10T06:36:11","date_gmt":"2025-12-10T12:36:11","guid":{"rendered":"https:\/\/lospoliticosveracruz.com.mx\/?p=158187"},"modified":"2025-12-10T06:54:49","modified_gmt":"2025-12-10T12:54:49","slug":"ople-de-lujo","status":"publish","type":"post","link":"https:\/\/lospoliticosveracruz.com\/?p=158187","title":{"rendered":"OPLE, \u201cDE LUJO\u201d"},"content":{"rendered":"\n<p><strong>Fanny Y\u00e9pez<\/strong><br><em>La Columna<\/em><\/p>\n\n\n\n<p>No quiero ag\u00fcitarles las fiestas navide\u00f1as, sobre todo a aquellos empleados y trabajadores que se afanaron en sus responsabilidades y pese a ello recibieron precarios aguinaldos, les comento que las y los se\u00f1ores consejeros del Organismo P\u00fablico Local Electoral (OPLE) de Veracruz, recibir\u00e1n un aguinaldo equivalente a 60 d\u00edas de salario (dos meses).<\/p>\n\n\n\n\n\n<p><br>Para el ejercicio fiscal 2025. El salario mensual neto de un consejero electoral es de aproximadamente $116,703.50 pesos, lo que significa que se llevar\u00e1n el doble.<br>Cada consejero del OPLE Veracruz recibir\u00e1 un aguinaldo de alrededor de $233,407.00 pesos (cifra bruta, ya que la neta es la mencionada anteriormente y los 60 d\u00edas son sobre el salario). Reportes de a\u00f1os anteriores con salarios distintos indicaban montos cercanos a los $180,000 pesos. Como si se los merecieran.<br>Para obtener detalles precisos y actualizados, se puede consultar la secci\u00f3n de transparencia en el sitio web oficial del OPLE Veracruz<br>Les explico que para el ejercicio fiscal 2025, los consejeros del Organismo P\u00fablico Local Electoral (OPLE) de Veracruz, tienen una percepci\u00f3n salarial mensual neta de 116,703.50 pesos.<br>Este monto es una percepci\u00f3n salarial mensual neta e irrenunciable, despu\u00e9s de la deducci\u00f3n de impuestos y otras retenciones. Se ha reportado que este salario es superior al de la gobernadora de la entidad, Roc\u00edo Nahle y que los consejeros del OPLE Veracruz se encuentran entre los mejor pagados del pa\u00eds. H\u00e1game usted favor.<br>Cabe mencionar que estos salarios fueron aprobados como parte de los Lineamientos de Austeridad para el ejercicio fiscal 2025 de ese organismo.<br>Si esto es austeridad, para estos privilegiados personajes, que ser\u00e1 la ostentaci\u00f3n y el derroche.<br>Para m\u00e1s detalles, se puede consultar el portal de transparencia del OPLE Veracruz o la informaci\u00f3n disponible en el sitio web del INE.<br>El principio de austeridad es una pol\u00edtica de reducci\u00f3n del gasto p\u00fablico que busca lograr eficiencia y transparencia administrativa, combatiendo el despilfarro, la corrupci\u00f3n y la desigualdad. Se aplica a trav\u00e9s de recortes en gastos operativos, limitaciones en vi\u00e1ticos, y un uso eficiente de los recursos para que el dinero p\u00fablico se destine a objetivos sociales.<br>Para muestra basta un bot\u00f3n, sobre la ineficiencia, inoperancia, ineptitud, incapacidad, inacci\u00f3n, nulidad y desma\u00f1a, el Organismo P\u00fablico Local Electoral (OPLE) de Veracruz, ha enfrentado varios se\u00f1alamientos de errores graves a lo largo de los a\u00f1os, siendo los m\u00e1s recientes y notorios los relacionados con las elecciones judiciales locales de junio de 2025.<br>Los errores m\u00e1s graves y recurrentes incluyen:<br>Fallas del sistema de c\u00f3mputo: ineptitud, incapacidad, inacci\u00f3n, nulidad, desma\u00f1a., cuando el portal para seguir los resultados preliminares tuvo que ser suspendido definitivamente tras 36 horas de presentar fallas e inconsistencias, lo que gener\u00f3 desconfianza y acusaciones de posible manipulaci\u00f3n. El Tribunal Electoral de Veracruz (TEV) incluso orden\u00f3 el reinicio del conteo de votos de manera pormenorizada debido a estas fallas.<br>Votos dobles validados: En el mismo proceso electoral, el OPLE Veracruz admiti\u00f3 haber validado y sumado votos dobles en la elecci\u00f3n de la magistratura del Tribunal de Conciliaci\u00f3n y Arbitraje.<br>Entrega extempor\u00e1nea de boletas: En procesos anteriores, como en 2021, se registraron retrasos significativos en la entrega de las boletas electorales, lo cual contraviene los plazos establecidos por la ley electoral.<br>Deficiencias en la capacitaci\u00f3n y dise\u00f1o de boletas: El Tribunal Electoral de Veracruz tambi\u00e9n ha se\u00f1alado en diversas ocasiones \u00abgraves fallas\u00bb relacionadas con la capacitaci\u00f3n de funcionarios de casilla, el dise\u00f1o de las boletas y la difusi\u00f3n de informaci\u00f3n, lo que vulnera el sufragio.<br>Errores en el registro de candidatos: En la elecci\u00f3n de 2017, el organismo tard\u00f3 72 horas en corregir \u00aberrores involuntarios\u00bb, en las listas definitivas de candidatos, superando el plazo legal establecido.<br>Estos incidentes han generado una crisis de credibilidad y han sido objeto de m\u00faltiples impugnaciones y quejas por parte de partidos pol\u00edticos y la ciudadan\u00eda. El \u00d3rgano Interno de Control del OPLE ha iniciado investigaciones y auditor\u00edas para determinar responsabilidades, aunque en ocasiones se ha dictaminado que no hubo dolo en las fallas del sistema, pero como una burla a los ciudadanos se auto premian otorg\u00e1ndose exorbitantes y ostentosos salarios y aguinaldos.<br>Pero lo m\u00e1s delicado es que estos graves errores es que colocaron en riesgo el proceso democr\u00e1tico.<\/p>\n","protected":false},"excerpt":{"rendered":"<p>Fanny Y\u00e9pezLa Columna No quiero ag\u00fcitarles las fiestas navide\u00f1as, sobre todo a aquellos empleados y trabajadores que se afanaron en sus responsabilidades y pese a ello recibieron precarios aguinaldos, les comento que las y los se\u00f1ores consejeros del Organismo P\u00fablico Local Electoral (OPLE) de Veracruz, recibir\u00e1n un aguinaldo equivalente a 60 d\u00edas de salario (dos [&hellip;]<\/p>\n","protected":false},"author":2,"featured_media":141383,"comment_status":"closed","ping_status":"closed","sticky":false,"template":"","format":"standard","meta":{"tdm_status":"","tdm_grid_status":"","footnotes":""},"categories":[70],"tags":[12446],"class_list":{"0":"post-158187","1":"post","2":"type-post","3":"status-publish","4":"format-standard","5":"has-post-thumbnail","7":"category-de-opinion","8":"tag-ople-veracruz"},"yoast_head":"<!-- This site is optimized with the Yoast SEO plugin v27.4 - https:\/\/yoast.com\/product\/yoast-seo-wordpress\/ -->\n<title>OPLE, \u201cDE LUJO\u201d - Los pol\u00edticos Veracruz<\/title>\n<meta name=\"robots\" content=\"index, follow, max-snippet:-1, max-image-preview:large, max-video-preview:-1\" \/>\n<link rel=\"canonical\" href=\"https:\/\/lospoliticosveracruz.com\/?p=158187\" \/>\n<meta property=\"og:locale\" content=\"es_ES\" \/>\n<meta property=\"og:type\" content=\"article\" \/>\n<meta property=\"og:title\" content=\"OPLE, \u201cDE LUJO\u201d - Los pol\u00edticos Veracruz\" \/>\n<meta property=\"og:description\" content=\"Fanny Y\u00e9pezLa Columna No quiero ag\u00fcitarles las fiestas navide\u00f1as, sobre todo a aquellos empleados y trabajadores que se afanaron en sus responsabilidades y pese a ello recibieron precarios aguinaldos, les comento que las y los se\u00f1ores consejeros del Organismo P\u00fablico Local Electoral (OPLE) de Veracruz, recibir\u00e1n un aguinaldo equivalente a 60 d\u00edas de salario (dos [&hellip;]\" \/>\n<meta property=\"og:url\" content=\"https:\/\/lospoliticosveracruz.com\/?p=158187\" \/>\n<meta property=\"og:site_name\" content=\"Los pol\u00edticos Veracruz\" \/>\n<meta property=\"article:publisher\" content=\"https:\/\/www.facebook.com\/people\/Notimemes-de-los-Polticos\/61565672886568\/\" \/>\n<meta property=\"article:published_time\" content=\"2025-12-10T12:36:11+00:00\" \/>\n<meta property=\"article:modified_time\" content=\"2025-12-10T12:54:49+00:00\" \/>\n<meta property=\"og:image\" content=\"https:\/\/lospoliticosveracruz.com\/wp-content\/uploads\/2025\/04\/Fanny-Yepez-Luna.jpg\" \/>\n\t<meta property=\"og:image:width\" content=\"1250\" \/>\n\t<meta property=\"og:image:height\" content=\"667\" \/>\n\t<meta property=\"og:image:type\" content=\"image\/jpeg\" \/>\n<meta name=\"author\" content=\"Lo viste en Los Pol\u00edticos\" \/>\n<meta name=\"twitter:card\" content=\"summary_large_image\" \/>\n<meta name=\"twitter:creator\" content=\"@LosPoliticosVer\" \/>\n<meta name=\"twitter:site\" content=\"@LosPoliticosVer\" \/>\n<meta name=\"twitter:label1\" content=\"Escrito por\" \/>\n\t<meta name=\"twitter:data1\" content=\"Lo viste en Los Pol\u00edticos\" \/>\n\t<meta name=\"twitter:label2\" content=\"Tiempo de lectura\" \/>\n\t<meta name=\"twitter:data2\" content=\"4 minutos\" \/>\n<script type=\"application\/ld+json\" class=\"yoast-schema-graph\">{\"@context\":\"https:\\\/\\\/schema.org\",\"@graph\":[{\"@type\":\"Article\",\"@id\":\"https:\\\/\\\/lospoliticosveracruz.com\\\/?p=158187#article\",\"isPartOf\":{\"@id\":\"https:\\\/\\\/lospoliticosveracruz.com\\\/?p=158187\"},\"author\":{\"name\":\"Lo viste en Los Pol\u00edticos\",\"@id\":\"https:\\\/\\\/lospoliticosveracruz.com\\\/#\\\/schema\\\/person\\\/b8702bb0e538456e6efd07080bf2a4a2\"},\"headline\":\"OPLE, \u201cDE LUJO\u201d\",\"datePublished\":\"2025-12-10T12:36:11+00:00\",\"dateModified\":\"2025-12-10T12:54:49+00:00\",\"mainEntityOfPage\":{\"@id\":\"https:\\\/\\\/lospoliticosveracruz.com\\\/?p=158187\"},\"wordCount\":745,\"publisher\":{\"@id\":\"https:\\\/\\\/lospoliticosveracruz.com\\\/#organization\"},\"image\":{\"@id\":\"https:\\\/\\\/lospoliticosveracruz.com\\\/?p=158187#primaryimage\"},\"thumbnailUrl\":\"https:\\\/\\\/lospoliticosveracruz.com\\\/wp-content\\\/uploads\\\/2025\\\/04\\\/Fanny-Yepez-Luna-e1768657334923.jpg\",\"keywords\":[\"OPLE Veracruz\"],\"articleSection\":[\"De Opini\u00f3n\"],\"inLanguage\":\"es\"},{\"@type\":\"WebPage\",\"@id\":\"https:\\\/\\\/lospoliticosveracruz.com\\\/?p=158187\",\"url\":\"https:\\\/\\\/lospoliticosveracruz.com\\\/?p=158187\",\"name\":\"OPLE, \u201cDE LUJO\u201d - Los pol\u00edticos Veracruz\",\"isPartOf\":{\"@id\":\"https:\\\/\\\/lospoliticosveracruz.com\\\/#website\"},\"primaryImageOfPage\":{\"@id\":\"https:\\\/\\\/lospoliticosveracruz.com\\\/?p=158187#primaryimage\"},\"image\":{\"@id\":\"https:\\\/\\\/lospoliticosveracruz.com\\\/?p=158187#primaryimage\"},\"thumbnailUrl\":\"https:\\\/\\\/lospoliticosveracruz.com\\\/wp-content\\\/uploads\\\/2025\\\/04\\\/Fanny-Yepez-Luna-e1768657334923.jpg\",\"datePublished\":\"2025-12-10T12:36:11+00:00\",\"dateModified\":\"2025-12-10T12:54:49+00:00\",\"breadcrumb\":{\"@id\":\"https:\\\/\\\/lospoliticosveracruz.com\\\/?p=158187#breadcrumb\"},\"inLanguage\":\"es\",\"potentialAction\":[{\"@type\":\"ReadAction\",\"target\":[\"https:\\\/\\\/lospoliticosveracruz.com\\\/?p=158187\"]}]},{\"@type\":\"ImageObject\",\"inLanguage\":\"es\",\"@id\":\"https:\\\/\\\/lospoliticosveracruz.com\\\/?p=158187#primaryimage\",\"url\":\"https:\\\/\\\/lospoliticosveracruz.com\\\/wp-content\\\/uploads\\\/2025\\\/04\\\/Fanny-Yepez-Luna-e1768657334923.jpg\",\"contentUrl\":\"https:\\\/\\\/lospoliticosveracruz.com\\\/wp-content\\\/uploads\\\/2025\\\/04\\\/Fanny-Yepez-Luna-e1768657334923.jpg\",\"width\":600,\"height\":320},{\"@type\":\"BreadcrumbList\",\"@id\":\"https:\\\/\\\/lospoliticosveracruz.com\\\/?p=158187#breadcrumb\",\"itemListElement\":[{\"@type\":\"ListItem\",\"position\":1,\"name\":\"Portada\",\"item\":\"https:\\\/\\\/lospoliticosveracruz.com\\\/\"},{\"@type\":\"ListItem\",\"position\":2,\"name\":\"OPLE, \u201cDE LUJO\u201d\"}]},{\"@type\":\"WebSite\",\"@id\":\"https:\\\/\\\/lospoliticosveracruz.com\\\/#website\",\"url\":\"https:\\\/\\\/lospoliticosveracruz.com\\\/\",\"name\":\"Los pol\u00edticos Veracruz\",\"description\":\"\",\"publisher\":{\"@id\":\"https:\\\/\\\/lospoliticosveracruz.com\\\/#organization\"},\"potentialAction\":[{\"@type\":\"SearchAction\",\"target\":{\"@type\":\"EntryPoint\",\"urlTemplate\":\"https:\\\/\\\/lospoliticosveracruz.com\\\/?s={search_term_string}\"},\"query-input\":{\"@type\":\"PropertyValueSpecification\",\"valueRequired\":true,\"valueName\":\"search_term_string\"}}],\"inLanguage\":\"es\"},{\"@type\":\"Organization\",\"@id\":\"https:\\\/\\\/lospoliticosveracruz.com\\\/#organization\",\"name\":\"Los pol\u00edticos Veracruz\",\"url\":\"https:\\\/\\\/lospoliticosveracruz.com\\\/\",\"logo\":{\"@type\":\"ImageObject\",\"inLanguage\":\"es\",\"@id\":\"https:\\\/\\\/lospoliticosveracruz.com\\\/#\\\/schema\\\/logo\\\/image\\\/\",\"url\":\"https:\\\/\\\/lospoliticosveracruz.com\\\/wp-content\\\/uploads\\\/2025\\\/12\\\/Logo-Nuevo-LOS-POLITICOS-1.jpg\",\"contentUrl\":\"https:\\\/\\\/lospoliticosveracruz.com\\\/wp-content\\\/uploads\\\/2025\\\/12\\\/Logo-Nuevo-LOS-POLITICOS-1.jpg\",\"width\":260,\"height\":70,\"caption\":\"Los pol\u00edticos Veracruz\"},\"image\":{\"@id\":\"https:\\\/\\\/lospoliticosveracruz.com\\\/#\\\/schema\\\/logo\\\/image\\\/\"},\"sameAs\":[\"https:\\\/\\\/www.facebook.com\\\/people\\\/Notimemes-de-los-Polticos\\\/61565672886568\\\/\",\"https:\\\/\\\/x.com\\\/LosPoliticosVer\"]},{\"@type\":\"Person\",\"@id\":\"https:\\\/\\\/lospoliticosveracruz.com\\\/#\\\/schema\\\/person\\\/b8702bb0e538456e6efd07080bf2a4a2\",\"name\":\"Lo viste en Los Pol\u00edticos\",\"image\":{\"@type\":\"ImageObject\",\"inLanguage\":\"es\",\"@id\":\"https:\\\/\\\/secure.gravatar.com\\\/avatar\\\/3a8de04a2656d44082be478bd6c086daa447c4651605818287b9532d3d0bd435?s=96&d=mm&r=g\",\"url\":\"https:\\\/\\\/secure.gravatar.com\\\/avatar\\\/3a8de04a2656d44082be478bd6c086daa447c4651605818287b9532d3d0bd435?s=96&d=mm&r=g\",\"contentUrl\":\"https:\\\/\\\/secure.gravatar.com\\\/avatar\\\/3a8de04a2656d44082be478bd6c086daa447c4651605818287b9532d3d0bd435?s=96&d=mm&r=g\",\"caption\":\"Lo viste en Los Pol\u00edticos\"},\"url\":\"https:\\\/\\\/lospoliticosveracruz.com\\\/?author=2\"}]}<\/script>\n<!-- \/ Yoast SEO plugin. -->","yoast_head_json":{"title":"OPLE, \u201cDE LUJO\u201d - Los pol\u00edticos Veracruz","robots":{"index":"index","follow":"follow","max-snippet":"max-snippet:-1","max-image-preview":"max-image-preview:large","max-video-preview":"max-video-preview:-1"},"canonical":"https:\/\/lospoliticosveracruz.com\/?p=158187","og_locale":"es_ES","og_type":"article","og_title":"OPLE, \u201cDE LUJO\u201d - Los pol\u00edticos Veracruz","og_description":"Fanny Y\u00e9pezLa Columna No quiero ag\u00fcitarles las fiestas navide\u00f1as, sobre todo a aquellos empleados y trabajadores que se afanaron en sus responsabilidades y pese a ello recibieron precarios aguinaldos, les comento que las y los se\u00f1ores consejeros del Organismo P\u00fablico Local Electoral (OPLE) de Veracruz, recibir\u00e1n un aguinaldo equivalente a 60 d\u00edas de salario (dos [&hellip;]","og_url":"https:\/\/lospoliticosveracruz.com\/?p=158187","og_site_name":"Los pol\u00edticos Veracruz","article_publisher":"https:\/\/www.facebook.com\/people\/Notimemes-de-los-Polticos\/61565672886568\/","article_published_time":"2025-12-10T12:36:11+00:00","article_modified_time":"2025-12-10T12:54:49+00:00","og_image":[{"width":1250,"height":667,"url":"https:\/\/lospoliticosveracruz.com\/wp-content\/uploads\/2025\/04\/Fanny-Yepez-Luna.jpg","type":"image\/jpeg"}],"author":"Lo viste en Los Pol\u00edticos","twitter_card":"summary_large_image","twitter_creator":"@LosPoliticosVer","twitter_site":"@LosPoliticosVer","twitter_misc":{"Escrito por":"Lo viste en Los Pol\u00edticos","Tiempo de lectura":"4 minutos"},"schema":{"@context":"https:\/\/schema.org","@graph":[{"@type":"Article","@id":"https:\/\/lospoliticosveracruz.com\/?p=158187#article","isPartOf":{"@id":"https:\/\/lospoliticosveracruz.com\/?p=158187"},"author":{"name":"Lo viste en Los Pol\u00edticos","@id":"https:\/\/lospoliticosveracruz.com\/#\/schema\/person\/b8702bb0e538456e6efd07080bf2a4a2"},"headline":"OPLE, \u201cDE LUJO\u201d","datePublished":"2025-12-10T12:36:11+00:00","dateModified":"2025-12-10T12:54:49+00:00","mainEntityOfPage":{"@id":"https:\/\/lospoliticosveracruz.com\/?p=158187"},"wordCount":745,"publisher":{"@id":"https:\/\/lospoliticosveracruz.com\/#organization"},"image":{"@id":"https:\/\/lospoliticosveracruz.com\/?p=158187#primaryimage"},"thumbnailUrl":"https:\/\/lospoliticosveracruz.com\/wp-content\/uploads\/2025\/04\/Fanny-Yepez-Luna-e1768657334923.jpg","keywords":["OPLE Veracruz"],"articleSection":["De Opini\u00f3n"],"inLanguage":"es"},{"@type":"WebPage","@id":"https:\/\/lospoliticosveracruz.com\/?p=158187","url":"https:\/\/lospoliticosveracruz.com\/?p=158187","name":"OPLE, \u201cDE LUJO\u201d - Los pol\u00edticos Veracruz","isPartOf":{"@id":"https:\/\/lospoliticosveracruz.com\/#website"},"primaryImageOfPage":{"@id":"https:\/\/lospoliticosveracruz.com\/?p=158187#primaryimage"},"image":{"@id":"https:\/\/lospoliticosveracruz.com\/?p=158187#primaryimage"},"thumbnailUrl":"https:\/\/lospoliticosveracruz.com\/wp-content\/uploads\/2025\/04\/Fanny-Yepez-Luna-e1768657334923.jpg","datePublished":"2025-12-10T12:36:11+00:00","dateModified":"2025-12-10T12:54:49+00:00","breadcrumb":{"@id":"https:\/\/lospoliticosveracruz.com\/?p=158187#breadcrumb"},"inLanguage":"es","potentialAction":[{"@type":"ReadAction","target":["https:\/\/lospoliticosveracruz.com\/?p=158187"]}]},{"@type":"ImageObject","inLanguage":"es","@id":"https:\/\/lospoliticosveracruz.com\/?p=158187#primaryimage","url":"https:\/\/lospoliticosveracruz.com\/wp-content\/uploads\/2025\/04\/Fanny-Yepez-Luna-e1768657334923.jpg","contentUrl":"https:\/\/lospoliticosveracruz.com\/wp-content\/uploads\/2025\/04\/Fanny-Yepez-Luna-e1768657334923.jpg","width":600,"height":320},{"@type":"BreadcrumbList","@id":"https:\/\/lospoliticosveracruz.com\/?p=158187#breadcrumb","itemListElement":[{"@type":"ListItem","position":1,"name":"Portada","item":"https:\/\/lospoliticosveracruz.com\/"},{"@type":"ListItem","position":2,"name":"OPLE, \u201cDE LUJO\u201d"}]},{"@type":"WebSite","@id":"https:\/\/lospoliticosveracruz.com\/#website","url":"https:\/\/lospoliticosveracruz.com\/","name":"Los pol\u00edticos Veracruz","description":"","publisher":{"@id":"https:\/\/lospoliticosveracruz.com\/#organization"},"potentialAction":[{"@type":"SearchAction","target":{"@type":"EntryPoint","urlTemplate":"https:\/\/lospoliticosveracruz.com\/?s={search_term_string}"},"query-input":{"@type":"PropertyValueSpecification","valueRequired":true,"valueName":"search_term_string"}}],"inLanguage":"es"},{"@type":"Organization","@id":"https:\/\/lospoliticosveracruz.com\/#organization","name":"Los pol\u00edticos Veracruz","url":"https:\/\/lospoliticosveracruz.com\/","logo":{"@type":"ImageObject","inLanguage":"es","@id":"https:\/\/lospoliticosveracruz.com\/#\/schema\/logo\/image\/","url":"https:\/\/lospoliticosveracruz.com\/wp-content\/uploads\/2025\/12\/Logo-Nuevo-LOS-POLITICOS-1.jpg","contentUrl":"https:\/\/lospoliticosveracruz.com\/wp-content\/uploads\/2025\/12\/Logo-Nuevo-LOS-POLITICOS-1.jpg","width":260,"height":70,"caption":"Los pol\u00edticos Veracruz"},"image":{"@id":"https:\/\/lospoliticosveracruz.com\/#\/schema\/logo\/image\/"},"sameAs":["https:\/\/www.facebook.com\/people\/Notimemes-de-los-Polticos\/61565672886568\/","https:\/\/x.com\/LosPoliticosVer"]},{"@type":"Person","@id":"https:\/\/lospoliticosveracruz.com\/#\/schema\/person\/b8702bb0e538456e6efd07080bf2a4a2","name":"Lo viste en Los Pol\u00edticos","image":{"@type":"ImageObject","inLanguage":"es","@id":"https:\/\/secure.gravatar.com\/avatar\/3a8de04a2656d44082be478bd6c086daa447c4651605818287b9532d3d0bd435?s=96&d=mm&r=g","url":"https:\/\/secure.gravatar.com\/avatar\/3a8de04a2656d44082be478bd6c086daa447c4651605818287b9532d3d0bd435?s=96&d=mm&r=g","contentUrl":"https:\/\/secure.gravatar.com\/avatar\/3a8de04a2656d44082be478bd6c086daa447c4651605818287b9532d3d0bd435?s=96&d=mm&r=g","caption":"Lo viste en Los Pol\u00edticos"},"url":"https:\/\/lospoliticosveracruz.com\/?author=2"}]}},"_links":{"self":[{"href":"https:\/\/lospoliticosveracruz.com\/index.php?rest_route=\/wp\/v2\/posts\/158187","targetHints":{"allow":["GET"]}}],"collection":[{"href":"https:\/\/lospoliticosveracruz.com\/index.php?rest_route=\/wp\/v2\/posts"}],"about":[{"href":"https:\/\/lospoliticosveracruz.com\/index.php?rest_route=\/wp\/v2\/types\/post"}],"author":[{"embeddable":true,"href":"https:\/\/lospoliticosveracruz.com\/index.php?rest_route=\/wp\/v2\/users\/2"}],"replies":[{"embeddable":true,"href":"https:\/\/lospoliticosveracruz.com\/index.php?rest_route=%2Fwp%2Fv2%2Fcomments&post=158187"}],"version-history":[{"count":1,"href":"https:\/\/lospoliticosveracruz.com\/index.php?rest_route=\/wp\/v2\/posts\/158187\/revisions"}],"predecessor-version":[{"id":158188,"href":"https:\/\/lospoliticosveracruz.com\/index.php?rest_route=\/wp\/v2\/posts\/158187\/revisions\/158188"}],"wp:featuredmedia":[{"embeddable":true,"href":"https:\/\/lospoliticosveracruz.com\/index.php?rest_route=\/wp\/v2\/media\/141383"}],"wp:attachment":[{"href":"https:\/\/lospoliticosveracruz.com\/index.php?rest_route=%2Fwp%2Fv2%2Fmedia&parent=158187"}],"wp:term":[{"taxonomy":"category","embeddable":true,"href":"https:\/\/lospoliticosveracruz.com\/index.php?rest_route=%2Fwp%2Fv2%2Fcategories&post=158187"},{"taxonomy":"post_tag","embeddable":true,"href":"https:\/\/lospoliticosveracruz.com\/index.php?rest_route=%2Fwp%2Fv2%2Ftags&post=158187"}],"curies":[{"name":"wp","href":"https:\/\/api.w.org\/{rel}","templated":true}]}}