{"id":158210,"date":"2025-12-10T09:33:11","date_gmt":"2025-12-10T15:33:11","guid":{"rendered":"https:\/\/lospoliticosveracruz.com.mx\/?p=158210"},"modified":"2025-12-10T09:33:30","modified_gmt":"2025-12-10T15:33:30","slug":"medios-del-gobierno","status":"publish","type":"post","link":"https:\/\/lospoliticosveracruz.com\/?p=158210","title":{"rendered":"\u00bfMEDIOS DEL GOBIERNO?"},"content":{"rendered":"\n<p><strong>Sergio Gonz\u00e1lez Levet<\/strong><\/p>\n\n\n\n<p><em>Sin tacto<\/em><\/p>\n\n\n\n<p>En el morenismo conviven dos corrientes de pensamiento, palabra, obra y omisi\u00f3n que aunque son en su origen contradictorias entre s\u00ed, se han terminado por complementar en la pragm\u00e1tica al uso del lopezobradorismo, tan dado a vestirse con ideas opuestas como quien se cambia de calcetines o alguna prenda a\u00fan m\u00e1s \u00edntima.<\/p>\n\n\n\n<p><\/p>\n\n\n\n<p>&nbsp;&nbsp; &nbsp;&nbsp;Permea en ellos la impronta hist\u00f3rica del marxismo tradicional, seg\u00fan la interpretaci\u00f3n de Lenin que Stalin hizo a\u00f1icos a base de traiciones permanentes y asesinatos masivos (las famosas purgas que tanto da\u00f1o hicieron entre los verdaderos luchadores sociales) y qued\u00f3 como el referente para los pueblos que siguieron el camino de la revoluci\u00f3n popular y se detuvieron en la dictadura del proletariado burocratizado.<\/p>\n\n\n\n<p>&nbsp;&nbsp; &nbsp;&nbsp;La otra corriente es el priismo tambi\u00e9n hist\u00f3rico, la versi\u00f3n a la mexicana de la dictadura perfecta, que se pudo mantener siete d\u00e9cadas en el poder entre la ilusi\u00f3n de la democracia, la contenci\u00f3n de los levantamientos populares, la concesi\u00f3n de ciertas libertades y una corrupci\u00f3n detenida en los l\u00edmites de la viabilidad, que termin\u00f3 por desatarse y fue la causa del fin del r\u00e9gimen.<\/p>\n\n\n\n<p>&nbsp;&nbsp; &nbsp;&nbsp;As\u00ed, la Cuarta Transformaci\u00f3n anda a caballo entre el Gobierno totalitario, paternalista y benefactor, y el Estado totalitario, fundado en el autoritarismo y el control absoluto de las acciones y los recursos p\u00fablicos.<\/p>\n\n\n\n<p>&nbsp;&nbsp; &nbsp;&nbsp;En esta \u00e9poca del poder de Morena, la autoridad ha marchado desde la permisividad de las libertades civiles, como la libertad de expresi\u00f3n y la de manifestaci\u00f3n, hasta la censura desbocada de medios y periodistas no afines y la represi\u00f3n de marchas y m\u00edtines no convocados por el aparato oficial.<\/p>\n\n\n\n<p>&nbsp;&nbsp; &nbsp;&nbsp;En ese orden de cosas, el estalinista que todos los lopezobradoristas llevan en el coraz\u00f3n est\u00e1 aflorando cada vez con mayor \u00e9nfasis dentro de \u201cel\u201d Morena (como le llaman sus m\u00e1s conspicuos y antiguos l\u00edderes, es decir, \u201cel\u201d Movimiento, no el partido). Aqu\u00ed y all\u00e1, entre sus cicl\u00f3nicos cambios constitucionales y su destrucci\u00f3n sistematizada de las instituciones que sustentaba el equilibrio de los poderes f\u00e1cticos o no f\u00e1cticos, surgen ocurrencias desde la base ideol\u00f3gica que tienen como fin transformar el gobierno republicano en una rep\u00fablica socialista.<\/p>\n\n\n\n<p>&nbsp;&nbsp; &nbsp;&nbsp;Una muestra m\u00e1s de esa pertinaz dedicaci\u00f3n de los morenos ahora en el poder es la ocurrencia de un senador del Partido del Trabajo, Alejandro Gonz\u00e1lez Y\u00e1\u00f1ez, que subi\u00f3 a la tribuna del Congreso de la Uni\u00f3n a decir sin ning\u00fan pudor que el Estado deber\u00eda tener sus propios medios de comunicaci\u00f3n: una televisi\u00f3n nacional, una radio nacional, un peri\u00f3dico nacional y hasta una p\u00e1gina de Internet nacional.<\/p>\n\n\n\n<p>&nbsp;&nbsp; &nbsp;&nbsp;He ah\u00ed el primer paso hacia la supresi\u00f3n de las concesiones y de los medios de comunicaci\u00f3n privados; he ah\u00ed el comienzo del camino hacia la muerte en M\u00e9xico de una libertad que ha costado vidas y sacrificios de muchos comunicadores.<\/p>\n\n\n\n<p>&nbsp;&nbsp; &nbsp;&nbsp;La imagen de Josef Stalin permea cada d\u00eda m\u00e1s en el Gobierno de la 4T. \u00bfSe dan cuenta?<\/p>\n\n\n\n<p>sglevet@gmail.com<\/p>\n","protected":false},"excerpt":{"rendered":"<p>Sergio Gonz\u00e1lez Levet Sin tacto En el morenismo conviven dos corrientes de pensamiento, palabra, obra y omisi\u00f3n que aunque son en su origen contradictorias entre s\u00ed, se han terminado por complementar en la pragm\u00e1tica al uso del lopezobradorismo, tan dado a vestirse con ideas opuestas como quien se cambia de calcetines o alguna prenda a\u00fan [&hellip;]<\/p>\n","protected":false},"author":2,"featured_media":141432,"comment_status":"closed","ping_status":"closed","sticky":false,"template":"","format":"standard","meta":{"tdm_status":"","tdm_grid_status":"","footnotes":""},"categories":[1],"tags":[],"class_list":{"0":"post-158210","1":"post","2":"type-post","3":"status-publish","4":"format-standard","5":"has-post-thumbnail","7":"category-sin-categoria"},"yoast_head":"<!-- This site is optimized with the Yoast SEO plugin v27.4 - https:\/\/yoast.com\/product\/yoast-seo-wordpress\/ -->\n<title>\u00bfMEDIOS DEL GOBIERNO? - Los pol\u00edticos Veracruz<\/title>\n<meta name=\"robots\" content=\"index, follow, max-snippet:-1, max-image-preview:large, max-video-preview:-1\" \/>\n<link rel=\"canonical\" href=\"https:\/\/lospoliticosveracruz.com\/?p=158210\" \/>\n<meta property=\"og:locale\" content=\"es_ES\" \/>\n<meta property=\"og:type\" content=\"article\" \/>\n<meta property=\"og:title\" content=\"\u00bfMEDIOS DEL GOBIERNO? - Los pol\u00edticos Veracruz\" \/>\n<meta property=\"og:description\" content=\"Sergio Gonz\u00e1lez Levet Sin tacto En el morenismo conviven dos corrientes de pensamiento, palabra, obra y omisi\u00f3n que aunque son en su origen contradictorias entre s\u00ed, se han terminado por complementar en la pragm\u00e1tica al uso del lopezobradorismo, tan dado a vestirse con ideas opuestas como quien se cambia de calcetines o alguna prenda a\u00fan [&hellip;]\" \/>\n<meta property=\"og:url\" content=\"https:\/\/lospoliticosveracruz.com\/?p=158210\" \/>\n<meta property=\"og:site_name\" content=\"Los pol\u00edticos Veracruz\" \/>\n<meta property=\"article:publisher\" content=\"https:\/\/www.facebook.com\/people\/Notimemes-de-los-Polticos\/61565672886568\/\" \/>\n<meta property=\"article:published_time\" content=\"2025-12-10T15:33:11+00:00\" \/>\n<meta property=\"article:modified_time\" content=\"2025-12-10T15:33:30+00:00\" \/>\n<meta property=\"og:image\" content=\"https:\/\/lospoliticosveracruz.com\/wp-content\/uploads\/2025\/04\/Levet.jpg\" \/>\n\t<meta property=\"og:image:width\" content=\"1250\" \/>\n\t<meta property=\"og:image:height\" content=\"667\" \/>\n\t<meta property=\"og:image:type\" content=\"image\/jpeg\" \/>\n<meta name=\"author\" content=\"Lo viste en Los Pol\u00edticos\" \/>\n<meta name=\"twitter:card\" content=\"summary_large_image\" \/>\n<meta name=\"twitter:creator\" content=\"@LosPoliticosVer\" \/>\n<meta name=\"twitter:site\" content=\"@LosPoliticosVer\" \/>\n<meta name=\"twitter:label1\" content=\"Escrito por\" \/>\n\t<meta name=\"twitter:data1\" content=\"Lo viste en Los Pol\u00edticos\" \/>\n\t<meta name=\"twitter:label2\" content=\"Tiempo de lectura\" \/>\n\t<meta name=\"twitter:data2\" content=\"3 minutos\" \/>\n<script type=\"application\/ld+json\" class=\"yoast-schema-graph\">{\"@context\":\"https:\\\/\\\/schema.org\",\"@graph\":[{\"@type\":\"Article\",\"@id\":\"https:\\\/\\\/lospoliticosveracruz.com\\\/?p=158210#article\",\"isPartOf\":{\"@id\":\"https:\\\/\\\/lospoliticosveracruz.com\\\/?p=158210\"},\"author\":{\"name\":\"Lo viste en Los Pol\u00edticos\",\"@id\":\"https:\\\/\\\/lospoliticosveracruz.com\\\/#\\\/schema\\\/person\\\/b8702bb0e538456e6efd07080bf2a4a2\"},\"headline\":\"\u00bfMEDIOS DEL GOBIERNO?\",\"datePublished\":\"2025-12-10T15:33:11+00:00\",\"dateModified\":\"2025-12-10T15:33:30+00:00\",\"mainEntityOfPage\":{\"@id\":\"https:\\\/\\\/lospoliticosveracruz.com\\\/?p=158210\"},\"wordCount\":571,\"publisher\":{\"@id\":\"https:\\\/\\\/lospoliticosveracruz.com\\\/#organization\"},\"image\":{\"@id\":\"https:\\\/\\\/lospoliticosveracruz.com\\\/?p=158210#primaryimage\"},\"thumbnailUrl\":\"https:\\\/\\\/lospoliticosveracruz.com\\\/wp-content\\\/uploads\\\/2025\\\/04\\\/Levet-e1773931000156.jpg\",\"inLanguage\":\"es\"},{\"@type\":\"WebPage\",\"@id\":\"https:\\\/\\\/lospoliticosveracruz.com\\\/?p=158210\",\"url\":\"https:\\\/\\\/lospoliticosveracruz.com\\\/?p=158210\",\"name\":\"\u00bfMEDIOS DEL GOBIERNO? - Los pol\u00edticos Veracruz\",\"isPartOf\":{\"@id\":\"https:\\\/\\\/lospoliticosveracruz.com\\\/#website\"},\"primaryImageOfPage\":{\"@id\":\"https:\\\/\\\/lospoliticosveracruz.com\\\/?p=158210#primaryimage\"},\"image\":{\"@id\":\"https:\\\/\\\/lospoliticosveracruz.com\\\/?p=158210#primaryimage\"},\"thumbnailUrl\":\"https:\\\/\\\/lospoliticosveracruz.com\\\/wp-content\\\/uploads\\\/2025\\\/04\\\/Levet-e1773931000156.jpg\",\"datePublished\":\"2025-12-10T15:33:11+00:00\",\"dateModified\":\"2025-12-10T15:33:30+00:00\",\"breadcrumb\":{\"@id\":\"https:\\\/\\\/lospoliticosveracruz.com\\\/?p=158210#breadcrumb\"},\"inLanguage\":\"es\",\"potentialAction\":[{\"@type\":\"ReadAction\",\"target\":[\"https:\\\/\\\/lospoliticosveracruz.com\\\/?p=158210\"]}]},{\"@type\":\"ImageObject\",\"inLanguage\":\"es\",\"@id\":\"https:\\\/\\\/lospoliticosveracruz.com\\\/?p=158210#primaryimage\",\"url\":\"https:\\\/\\\/lospoliticosveracruz.com\\\/wp-content\\\/uploads\\\/2025\\\/04\\\/Levet-e1773931000156.jpg\",\"contentUrl\":\"https:\\\/\\\/lospoliticosveracruz.com\\\/wp-content\\\/uploads\\\/2025\\\/04\\\/Levet-e1773931000156.jpg\",\"width\":600,\"height\":320},{\"@type\":\"BreadcrumbList\",\"@id\":\"https:\\\/\\\/lospoliticosveracruz.com\\\/?p=158210#breadcrumb\",\"itemListElement\":[{\"@type\":\"ListItem\",\"position\":1,\"name\":\"Portada\",\"item\":\"https:\\\/\\\/lospoliticosveracruz.com\\\/\"},{\"@type\":\"ListItem\",\"position\":2,\"name\":\"\u00bfMEDIOS DEL GOBIERNO?\"}]},{\"@type\":\"WebSite\",\"@id\":\"https:\\\/\\\/lospoliticosveracruz.com\\\/#website\",\"url\":\"https:\\\/\\\/lospoliticosveracruz.com\\\/\",\"name\":\"Los pol\u00edticos Veracruz\",\"description\":\"\",\"publisher\":{\"@id\":\"https:\\\/\\\/lospoliticosveracruz.com\\\/#organization\"},\"potentialAction\":[{\"@type\":\"SearchAction\",\"target\":{\"@type\":\"EntryPoint\",\"urlTemplate\":\"https:\\\/\\\/lospoliticosveracruz.com\\\/?s={search_term_string}\"},\"query-input\":{\"@type\":\"PropertyValueSpecification\",\"valueRequired\":true,\"valueName\":\"search_term_string\"}}],\"inLanguage\":\"es\"},{\"@type\":\"Organization\",\"@id\":\"https:\\\/\\\/lospoliticosveracruz.com\\\/#organization\",\"name\":\"Los pol\u00edticos Veracruz\",\"url\":\"https:\\\/\\\/lospoliticosveracruz.com\\\/\",\"logo\":{\"@type\":\"ImageObject\",\"inLanguage\":\"es\",\"@id\":\"https:\\\/\\\/lospoliticosveracruz.com\\\/#\\\/schema\\\/logo\\\/image\\\/\",\"url\":\"https:\\\/\\\/lospoliticosveracruz.com\\\/wp-content\\\/uploads\\\/2025\\\/12\\\/Logo-Nuevo-LOS-POLITICOS-1.jpg\",\"contentUrl\":\"https:\\\/\\\/lospoliticosveracruz.com\\\/wp-content\\\/uploads\\\/2025\\\/12\\\/Logo-Nuevo-LOS-POLITICOS-1.jpg\",\"width\":260,\"height\":70,\"caption\":\"Los pol\u00edticos Veracruz\"},\"image\":{\"@id\":\"https:\\\/\\\/lospoliticosveracruz.com\\\/#\\\/schema\\\/logo\\\/image\\\/\"},\"sameAs\":[\"https:\\\/\\\/www.facebook.com\\\/people\\\/Notimemes-de-los-Polticos\\\/61565672886568\\\/\",\"https:\\\/\\\/x.com\\\/LosPoliticosVer\"]},{\"@type\":\"Person\",\"@id\":\"https:\\\/\\\/lospoliticosveracruz.com\\\/#\\\/schema\\\/person\\\/b8702bb0e538456e6efd07080bf2a4a2\",\"name\":\"Lo viste en Los Pol\u00edticos\",\"image\":{\"@type\":\"ImageObject\",\"inLanguage\":\"es\",\"@id\":\"https:\\\/\\\/secure.gravatar.com\\\/avatar\\\/3a8de04a2656d44082be478bd6c086daa447c4651605818287b9532d3d0bd435?s=96&d=mm&r=g\",\"url\":\"https:\\\/\\\/secure.gravatar.com\\\/avatar\\\/3a8de04a2656d44082be478bd6c086daa447c4651605818287b9532d3d0bd435?s=96&d=mm&r=g\",\"contentUrl\":\"https:\\\/\\\/secure.gravatar.com\\\/avatar\\\/3a8de04a2656d44082be478bd6c086daa447c4651605818287b9532d3d0bd435?s=96&d=mm&r=g\",\"caption\":\"Lo viste en Los Pol\u00edticos\"},\"url\":\"https:\\\/\\\/lospoliticosveracruz.com\\\/?author=2\"}]}<\/script>\n<!-- \/ Yoast SEO plugin. -->","yoast_head_json":{"title":"\u00bfMEDIOS DEL GOBIERNO? - Los pol\u00edticos Veracruz","robots":{"index":"index","follow":"follow","max-snippet":"max-snippet:-1","max-image-preview":"max-image-preview:large","max-video-preview":"max-video-preview:-1"},"canonical":"https:\/\/lospoliticosveracruz.com\/?p=158210","og_locale":"es_ES","og_type":"article","og_title":"\u00bfMEDIOS DEL GOBIERNO? - Los pol\u00edticos Veracruz","og_description":"Sergio Gonz\u00e1lez Levet Sin tacto En el morenismo conviven dos corrientes de pensamiento, palabra, obra y omisi\u00f3n que aunque son en su origen contradictorias entre s\u00ed, se han terminado por complementar en la pragm\u00e1tica al uso del lopezobradorismo, tan dado a vestirse con ideas opuestas como quien se cambia de calcetines o alguna prenda a\u00fan [&hellip;]","og_url":"https:\/\/lospoliticosveracruz.com\/?p=158210","og_site_name":"Los pol\u00edticos Veracruz","article_publisher":"https:\/\/www.facebook.com\/people\/Notimemes-de-los-Polticos\/61565672886568\/","article_published_time":"2025-12-10T15:33:11+00:00","article_modified_time":"2025-12-10T15:33:30+00:00","og_image":[{"width":1250,"height":667,"url":"https:\/\/lospoliticosveracruz.com\/wp-content\/uploads\/2025\/04\/Levet.jpg","type":"image\/jpeg"}],"author":"Lo viste en Los Pol\u00edticos","twitter_card":"summary_large_image","twitter_creator":"@LosPoliticosVer","twitter_site":"@LosPoliticosVer","twitter_misc":{"Escrito por":"Lo viste en Los Pol\u00edticos","Tiempo de lectura":"3 minutos"},"schema":{"@context":"https:\/\/schema.org","@graph":[{"@type":"Article","@id":"https:\/\/lospoliticosveracruz.com\/?p=158210#article","isPartOf":{"@id":"https:\/\/lospoliticosveracruz.com\/?p=158210"},"author":{"name":"Lo viste en Los Pol\u00edticos","@id":"https:\/\/lospoliticosveracruz.com\/#\/schema\/person\/b8702bb0e538456e6efd07080bf2a4a2"},"headline":"\u00bfMEDIOS DEL GOBIERNO?","datePublished":"2025-12-10T15:33:11+00:00","dateModified":"2025-12-10T15:33:30+00:00","mainEntityOfPage":{"@id":"https:\/\/lospoliticosveracruz.com\/?p=158210"},"wordCount":571,"publisher":{"@id":"https:\/\/lospoliticosveracruz.com\/#organization"},"image":{"@id":"https:\/\/lospoliticosveracruz.com\/?p=158210#primaryimage"},"thumbnailUrl":"https:\/\/lospoliticosveracruz.com\/wp-content\/uploads\/2025\/04\/Levet-e1773931000156.jpg","inLanguage":"es"},{"@type":"WebPage","@id":"https:\/\/lospoliticosveracruz.com\/?p=158210","url":"https:\/\/lospoliticosveracruz.com\/?p=158210","name":"\u00bfMEDIOS DEL GOBIERNO? - Los pol\u00edticos Veracruz","isPartOf":{"@id":"https:\/\/lospoliticosveracruz.com\/#website"},"primaryImageOfPage":{"@id":"https:\/\/lospoliticosveracruz.com\/?p=158210#primaryimage"},"image":{"@id":"https:\/\/lospoliticosveracruz.com\/?p=158210#primaryimage"},"thumbnailUrl":"https:\/\/lospoliticosveracruz.com\/wp-content\/uploads\/2025\/04\/Levet-e1773931000156.jpg","datePublished":"2025-12-10T15:33:11+00:00","dateModified":"2025-12-10T15:33:30+00:00","breadcrumb":{"@id":"https:\/\/lospoliticosveracruz.com\/?p=158210#breadcrumb"},"inLanguage":"es","potentialAction":[{"@type":"ReadAction","target":["https:\/\/lospoliticosveracruz.com\/?p=158210"]}]},{"@type":"ImageObject","inLanguage":"es","@id":"https:\/\/lospoliticosveracruz.com\/?p=158210#primaryimage","url":"https:\/\/lospoliticosveracruz.com\/wp-content\/uploads\/2025\/04\/Levet-e1773931000156.jpg","contentUrl":"https:\/\/lospoliticosveracruz.com\/wp-content\/uploads\/2025\/04\/Levet-e1773931000156.jpg","width":600,"height":320},{"@type":"BreadcrumbList","@id":"https:\/\/lospoliticosveracruz.com\/?p=158210#breadcrumb","itemListElement":[{"@type":"ListItem","position":1,"name":"Portada","item":"https:\/\/lospoliticosveracruz.com\/"},{"@type":"ListItem","position":2,"name":"\u00bfMEDIOS DEL GOBIERNO?"}]},{"@type":"WebSite","@id":"https:\/\/lospoliticosveracruz.com\/#website","url":"https:\/\/lospoliticosveracruz.com\/","name":"Los pol\u00edticos Veracruz","description":"","publisher":{"@id":"https:\/\/lospoliticosveracruz.com\/#organization"},"potentialAction":[{"@type":"SearchAction","target":{"@type":"EntryPoint","urlTemplate":"https:\/\/lospoliticosveracruz.com\/?s={search_term_string}"},"query-input":{"@type":"PropertyValueSpecification","valueRequired":true,"valueName":"search_term_string"}}],"inLanguage":"es"},{"@type":"Organization","@id":"https:\/\/lospoliticosveracruz.com\/#organization","name":"Los pol\u00edticos Veracruz","url":"https:\/\/lospoliticosveracruz.com\/","logo":{"@type":"ImageObject","inLanguage":"es","@id":"https:\/\/lospoliticosveracruz.com\/#\/schema\/logo\/image\/","url":"https:\/\/lospoliticosveracruz.com\/wp-content\/uploads\/2025\/12\/Logo-Nuevo-LOS-POLITICOS-1.jpg","contentUrl":"https:\/\/lospoliticosveracruz.com\/wp-content\/uploads\/2025\/12\/Logo-Nuevo-LOS-POLITICOS-1.jpg","width":260,"height":70,"caption":"Los pol\u00edticos Veracruz"},"image":{"@id":"https:\/\/lospoliticosveracruz.com\/#\/schema\/logo\/image\/"},"sameAs":["https:\/\/www.facebook.com\/people\/Notimemes-de-los-Polticos\/61565672886568\/","https:\/\/x.com\/LosPoliticosVer"]},{"@type":"Person","@id":"https:\/\/lospoliticosveracruz.com\/#\/schema\/person\/b8702bb0e538456e6efd07080bf2a4a2","name":"Lo viste en Los Pol\u00edticos","image":{"@type":"ImageObject","inLanguage":"es","@id":"https:\/\/secure.gravatar.com\/avatar\/3a8de04a2656d44082be478bd6c086daa447c4651605818287b9532d3d0bd435?s=96&d=mm&r=g","url":"https:\/\/secure.gravatar.com\/avatar\/3a8de04a2656d44082be478bd6c086daa447c4651605818287b9532d3d0bd435?s=96&d=mm&r=g","contentUrl":"https:\/\/secure.gravatar.com\/avatar\/3a8de04a2656d44082be478bd6c086daa447c4651605818287b9532d3d0bd435?s=96&d=mm&r=g","caption":"Lo viste en Los Pol\u00edticos"},"url":"https:\/\/lospoliticosveracruz.com\/?author=2"}]}},"_links":{"self":[{"href":"https:\/\/lospoliticosveracruz.com\/index.php?rest_route=\/wp\/v2\/posts\/158210","targetHints":{"allow":["GET"]}}],"collection":[{"href":"https:\/\/lospoliticosveracruz.com\/index.php?rest_route=\/wp\/v2\/posts"}],"about":[{"href":"https:\/\/lospoliticosveracruz.com\/index.php?rest_route=\/wp\/v2\/types\/post"}],"author":[{"embeddable":true,"href":"https:\/\/lospoliticosveracruz.com\/index.php?rest_route=\/wp\/v2\/users\/2"}],"replies":[{"embeddable":true,"href":"https:\/\/lospoliticosveracruz.com\/index.php?rest_route=%2Fwp%2Fv2%2Fcomments&post=158210"}],"version-history":[{"count":1,"href":"https:\/\/lospoliticosveracruz.com\/index.php?rest_route=\/wp\/v2\/posts\/158210\/revisions"}],"predecessor-version":[{"id":158211,"href":"https:\/\/lospoliticosveracruz.com\/index.php?rest_route=\/wp\/v2\/posts\/158210\/revisions\/158211"}],"wp:featuredmedia":[{"embeddable":true,"href":"https:\/\/lospoliticosveracruz.com\/index.php?rest_route=\/wp\/v2\/media\/141432"}],"wp:attachment":[{"href":"https:\/\/lospoliticosveracruz.com\/index.php?rest_route=%2Fwp%2Fv2%2Fmedia&parent=158210"}],"wp:term":[{"taxonomy":"category","embeddable":true,"href":"https:\/\/lospoliticosveracruz.com\/index.php?rest_route=%2Fwp%2Fv2%2Fcategories&post=158210"},{"taxonomy":"post_tag","embeddable":true,"href":"https:\/\/lospoliticosveracruz.com\/index.php?rest_route=%2Fwp%2Fv2%2Ftags&post=158210"}],"curies":[{"name":"wp","href":"https:\/\/api.w.org\/{rel}","templated":true}]}}