{"id":15830,"date":"2015-04-20T21:22:18","date_gmt":"2015-04-21T02:22:18","guid":{"rendered":"http:\/\/www.lospoliticosveracruz.com.mx\/?p=15830"},"modified":"2015-04-20T21:22:18","modified_gmt":"2015-04-21T02:22:18","slug":"el-pendiente-de-anilu","status":"publish","type":"post","link":"https:\/\/lospoliticosveracruz.com\/?p=15830","title":{"rendered":"El pendiente de Anil\u00fa"},"content":{"rendered":"<p><a href=\"http:\/\/www.lospoliticosveracruz.com.mx\/wp-content\/uploads\/2015\/04\/Anil\u00fa-Ingram1.jpg\"><img loading=\"lazy\" decoding=\"async\" class=\"alignnone size-medium wp-image-15831\" src=\"http:\/\/www.lospoliticosveracruz.com.mx\/wp-content\/uploads\/2015\/04\/Anil\u00fa-Ingram1-300x242.jpg\" alt=\"Anil\u00fa Ingram\" width=\"300\" height=\"242\" \/><\/a><br \/>\n<strong>Salvador Mu\u00f1oz<\/strong><\/p>\n<p><em>Los Pol\u00edticos<\/em><\/p>\n<p>Tras una pl\u00e1tica acalorada (por arriba de los 30 grados), me queda en claro una cosa con la candidata a diputada federal por el distrito XII\u2026 podr\u00e1 haber cumplido todos sus compromisos de campa\u00f1a, sus propuestas y hasta un poco m\u00e1s como legisladora local\u2026 pero hubo una persona a la que no cumpli\u00f3 y quiz\u00e1s por eso, sin que est\u00e9 dentro de su propuesta de campa\u00f1a, pero s\u00ed de manera personal, tiene una cuenta pendiente que cumplir.<br \/>\nII<br \/>\nLa toalla que usa se entiende\u2026 f\u00e1cilmente se ba\u00f1a en sudor en cada recorrido que hace por las calles de Veracruz, sea a pie o en bicicleta&#8230; \u00a1pero uno extra\u00f1a el paliacate!, que aunque bien lo llev\u00f3 a su registro como candidata, ya no se le ve\u2026 mas no por ello deja de ser para Anil\u00fa Ingram una reminiscencia de don Fernando Guti\u00e9rrez Barrios, y m\u00e1s ahora que vive por \u201ctercera\u201d vez una etapa como candidata (la primera, como reina del carnaval; la segunda, como diputada local; ahora, en b\u00fasqueda de la curul federal), recuerda que en la campa\u00f1a para Senador del Hombre Leyenda, al entrar al caf\u00e9 de la Parroquia, toda la gente que estaba all\u00ed se par\u00f3 a aplaudirle. \u00a1Eso le impact\u00f3!<br \/>\nAs\u00ed es, la relaci\u00f3n entre don Fernando y su esposa Divina con su madre Ana Mar\u00eda Vallines y ella, fue una etapa feliz de su primaria porque Guti\u00e9rrez Barrios fung\u00eda como su tutor al revisar sus calificaciones y firmarle las boletas que bien le val\u00edan \u201cun detallazo\u201d por sus esfuerzos en la escuela.<br \/>\nS\u00ed, lo acepta Anil\u00fa\u2026 no era una ni\u00f1a o joven de puros dieces\u2026 ochos y nueves adornaron sus boletas y si se llev\u00f3 una materia a extraordinario, fue por faltas\u2026 no llegaba a tiempo a la primera clase en la secundaria. \u00a1Ah! Las matem\u00e1ticas nunca han sido su fuerte.<br \/>\nIII<br \/>\nPlatico un rato con Daniel Carballal. Se mantiene a distancia durante la campa\u00f1a, durante los recorridos, durante los eventos. Pero no pone cara de \u201cpocos amigos\u201d mientras observa a Anil\u00fa, su esposa. Disfruta lo que ella hace, le encanta el dinamismo que imprime en sus caminatas, en sus di\u00e1logos, en el contacto con la gente. Le pregunto a bocajarro: \u201c\u00bfLe amueblaste la casa?\u201d S\u00ed, viene de una familia de muebleros muy conocida en la regi\u00f3n de Misantla y Xalapa.<br \/>\n\u2014Parte\u2026<br \/>\n\u2014\u00bfC\u00f3mo que parte?<br \/>\n\u2014S\u00ed, hay batallas que no puedes ganar\u2026<br \/>\nSoltamos la carcajada. Tiene a\u00f1os viviendo en Veracruz. Lleg\u00f3 a los cuatro a\u00f1os, me dice.<br \/>\nAun cuando est\u00e1 presente en las reuniones de trabajo y de campa\u00f1a, Daniel Carballal s\u00f3lo escucha. Dicen que apunta, pero jam\u00e1s interviene, as\u00ed sea tersa o acalorada la pl\u00e1tica o la reuni\u00f3n. Incluso, mientras converso con Anil\u00fa, \u00e9l la espera, paciente, en el taxi que tomaron para salir de una colonia en el norte del Puerto.<br \/>\nIV<br \/>\nPlaticamos largo y tendido. Hasta de c\u00f3mo pas\u00f3 de Reina a Presidenta. S\u00ed, recuerda con orgullo que a sus 18 a\u00f1os fue Reina del Carnaval y con m\u00e1s orgullo c\u00f3mo ha crecido profesionalmente a lo largo de 16 a\u00f1os, desde aquella vez que se coron\u00f3.<br \/>\nTambi\u00e9n me dice que se siente con la conciencia tranquila aunque haya quien la critique por la famosa firma ante Notario de que no abandonar\u00eda la diputaci\u00f3n local y ahora es candidata a la federal. Siendo pragm\u00e1ticos, se puede decir que fue de las pocas legisladoras locales que cumpli\u00f3 en menos de un a\u00f1o sus compromisos de campa\u00f1a y que jam\u00e1s falt\u00f3\u2026 aprendi\u00f3 la lecci\u00f3n en la secundaria.<br \/>\nSe defiende con la serie de iniciativas y reformas que propuso y hoy son leyes, como en materia de prevenci\u00f3n del delito, registro civil, juzgados familiares y la conformaci\u00f3n de la comisi\u00f3n especial del Centro Hist\u00f3rico, aunado al incansable trabajo de gestor\u00eda que al menos, donde me toc\u00f3 acompa\u00f1arla, constat\u00e9, no \u00fanicamente en mobiliario, sino tambi\u00e9n con becas de capacitaci\u00f3n para el autoempleo (pendiente una visita a don Cecilio, el del vivero) y el haber tocado puertas en la Federaci\u00f3n para bajar recursos en beneficio de los porte\u00f1os.<br \/>\nLa idea de ser diputada federal es hacer m\u00e1s, porque los compromisos que contrajo con sus ciudadanos, los cumpli\u00f3 y con creces\u2026 aunque, a fuerza de ser sinceros, hay una persona con la que hasta el momento no ha podido cumplir una promesa y no precisamente de campa\u00f1a\u2026 sino de amor: Daniel Carballal.<br \/>\nY para ello, una vez pasada la campa\u00f1a, y ganar (de eso est\u00e1 segura), se va a poner a trabajar en algo, junto con su esposo: Van a buscar ese hijo que, desde el a\u00f1o pasado, buscan tener. \u00a1Suerte!<\/p>\n<p>smcainito@gmail.com<\/p>\n","protected":false},"excerpt":{"rendered":"<p>Salvador Mu\u00f1oz Los Pol\u00edticos Tras una pl\u00e1tica acalorada (por arriba de los 30 grados), me queda en claro una cosa con la candidata a diputada federal por el distrito XII\u2026 podr\u00e1 haber cumplido todos sus compromisos de campa\u00f1a, sus propuestas y hasta un poco m\u00e1s como legisladora local\u2026 pero hubo una persona a la que [&hellip;]<\/p>\n","protected":false},"author":2,"featured_media":0,"comment_status":"open","ping_status":"open","sticky":false,"template":"","format":"standard","meta":{"tdm_status":"","tdm_grid_status":"","footnotes":""},"categories":[70],"tags":[1872,2405,611],"class_list":{"0":"post-15830","1":"post","2":"type-post","3":"status-publish","4":"format-standard","6":"category-de-opinion","7":"tag-anilu-ingram-vallines","8":"tag-daniel-carballal","9":"tag-fernando-gutierrez-barrios"},"yoast_head":"<!-- This site is optimized with the Yoast SEO plugin v27.4 - https:\/\/yoast.com\/product\/yoast-seo-wordpress\/ -->\n<title>El pendiente de Anil\u00fa - Los pol\u00edticos Veracruz<\/title>\n<meta name=\"robots\" content=\"index, follow, max-snippet:-1, max-image-preview:large, max-video-preview:-1\" \/>\n<link rel=\"canonical\" href=\"https:\/\/lospoliticosveracruz.com\/?p=15830\" \/>\n<meta property=\"og:locale\" content=\"es_ES\" \/>\n<meta property=\"og:type\" content=\"article\" \/>\n<meta property=\"og:title\" content=\"El pendiente de Anil\u00fa - Los pol\u00edticos Veracruz\" \/>\n<meta property=\"og:description\" content=\"Salvador Mu\u00f1oz Los Pol\u00edticos Tras una pl\u00e1tica acalorada (por arriba de los 30 grados), me queda en claro una cosa con la candidata a diputada federal por el distrito XII\u2026 podr\u00e1 haber cumplido todos sus compromisos de campa\u00f1a, sus propuestas y hasta un poco m\u00e1s como legisladora local\u2026 pero hubo una persona a la que [&hellip;]\" \/>\n<meta property=\"og:url\" content=\"https:\/\/lospoliticosveracruz.com\/?p=15830\" \/>\n<meta property=\"og:site_name\" content=\"Los pol\u00edticos Veracruz\" \/>\n<meta property=\"article:publisher\" content=\"https:\/\/www.facebook.com\/people\/Notimemes-de-los-Polticos\/61565672886568\/\" \/>\n<meta property=\"article:published_time\" content=\"2015-04-21T02:22:18+00:00\" \/>\n<meta property=\"og:image\" content=\"https:\/\/lospoliticosveracruz.com\/wp-content\/uploads\/2016\/07\/Logo-Dor.jpg\" \/>\n\t<meta property=\"og:image:width\" content=\"200\" \/>\n\t<meta property=\"og:image:height\" content=\"200\" \/>\n\t<meta property=\"og:image:type\" content=\"image\/jpeg\" \/>\n<meta name=\"author\" content=\"Lo viste en Los Pol\u00edticos\" \/>\n<meta name=\"twitter:card\" content=\"summary_large_image\" \/>\n<meta name=\"twitter:creator\" content=\"@LosPoliticosVer\" \/>\n<meta name=\"twitter:site\" content=\"@LosPoliticosVer\" \/>\n<meta name=\"twitter:label1\" content=\"Escrito por\" \/>\n\t<meta name=\"twitter:data1\" content=\"Lo viste en Los Pol\u00edticos\" \/>\n\t<meta name=\"twitter:label2\" content=\"Tiempo de lectura\" \/>\n\t<meta name=\"twitter:data2\" content=\"4 minutos\" \/>\n<script type=\"application\/ld+json\" class=\"yoast-schema-graph\">{\"@context\":\"https:\\\/\\\/schema.org\",\"@graph\":[{\"@type\":\"Article\",\"@id\":\"https:\\\/\\\/lospoliticosveracruz.com\\\/?p=15830#article\",\"isPartOf\":{\"@id\":\"https:\\\/\\\/lospoliticosveracruz.com\\\/?p=15830\"},\"author\":{\"name\":\"Lo viste en Los Pol\u00edticos\",\"@id\":\"https:\\\/\\\/lospoliticosveracruz.com\\\/#\\\/schema\\\/person\\\/b8702bb0e538456e6efd07080bf2a4a2\"},\"headline\":\"El pendiente de Anil\u00fa\",\"datePublished\":\"2015-04-21T02:22:18+00:00\",\"mainEntityOfPage\":{\"@id\":\"https:\\\/\\\/lospoliticosveracruz.com\\\/?p=15830\"},\"wordCount\":827,\"commentCount\":0,\"publisher\":{\"@id\":\"https:\\\/\\\/lospoliticosveracruz.com\\\/#organization\"},\"keywords\":[\"Anil\u00fa Ingram Vallines\",\"Daniel Carballal\",\"Fernando Guti\u00e9rrez Barrios\"],\"articleSection\":[\"De Opini\u00f3n\"],\"inLanguage\":\"es\",\"potentialAction\":[{\"@type\":\"CommentAction\",\"name\":\"Comment\",\"target\":[\"https:\\\/\\\/lospoliticosveracruz.com\\\/?p=15830#respond\"]}]},{\"@type\":\"WebPage\",\"@id\":\"https:\\\/\\\/lospoliticosveracruz.com\\\/?p=15830\",\"url\":\"https:\\\/\\\/lospoliticosveracruz.com\\\/?p=15830\",\"name\":\"El pendiente de Anil\u00fa - Los pol\u00edticos Veracruz\",\"isPartOf\":{\"@id\":\"https:\\\/\\\/lospoliticosveracruz.com\\\/#website\"},\"datePublished\":\"2015-04-21T02:22:18+00:00\",\"breadcrumb\":{\"@id\":\"https:\\\/\\\/lospoliticosveracruz.com\\\/?p=15830#breadcrumb\"},\"inLanguage\":\"es\",\"potentialAction\":[{\"@type\":\"ReadAction\",\"target\":[\"https:\\\/\\\/lospoliticosveracruz.com\\\/?p=15830\"]}]},{\"@type\":\"BreadcrumbList\",\"@id\":\"https:\\\/\\\/lospoliticosveracruz.com\\\/?p=15830#breadcrumb\",\"itemListElement\":[{\"@type\":\"ListItem\",\"position\":1,\"name\":\"Portada\",\"item\":\"https:\\\/\\\/lospoliticosveracruz.com\\\/\"},{\"@type\":\"ListItem\",\"position\":2,\"name\":\"El pendiente de Anil\u00fa\"}]},{\"@type\":\"WebSite\",\"@id\":\"https:\\\/\\\/lospoliticosveracruz.com\\\/#website\",\"url\":\"https:\\\/\\\/lospoliticosveracruz.com\\\/\",\"name\":\"Los pol\u00edticos Veracruz\",\"description\":\"\",\"publisher\":{\"@id\":\"https:\\\/\\\/lospoliticosveracruz.com\\\/#organization\"},\"potentialAction\":[{\"@type\":\"SearchAction\",\"target\":{\"@type\":\"EntryPoint\",\"urlTemplate\":\"https:\\\/\\\/lospoliticosveracruz.com\\\/?s={search_term_string}\"},\"query-input\":{\"@type\":\"PropertyValueSpecification\",\"valueRequired\":true,\"valueName\":\"search_term_string\"}}],\"inLanguage\":\"es\"},{\"@type\":\"Organization\",\"@id\":\"https:\\\/\\\/lospoliticosveracruz.com\\\/#organization\",\"name\":\"Los pol\u00edticos Veracruz\",\"url\":\"https:\\\/\\\/lospoliticosveracruz.com\\\/\",\"logo\":{\"@type\":\"ImageObject\",\"inLanguage\":\"es\",\"@id\":\"https:\\\/\\\/lospoliticosveracruz.com\\\/#\\\/schema\\\/logo\\\/image\\\/\",\"url\":\"https:\\\/\\\/lospoliticosveracruz.com\\\/wp-content\\\/uploads\\\/2025\\\/12\\\/Logo-Nuevo-LOS-POLITICOS-1.jpg\",\"contentUrl\":\"https:\\\/\\\/lospoliticosveracruz.com\\\/wp-content\\\/uploads\\\/2025\\\/12\\\/Logo-Nuevo-LOS-POLITICOS-1.jpg\",\"width\":260,\"height\":70,\"caption\":\"Los pol\u00edticos Veracruz\"},\"image\":{\"@id\":\"https:\\\/\\\/lospoliticosveracruz.com\\\/#\\\/schema\\\/logo\\\/image\\\/\"},\"sameAs\":[\"https:\\\/\\\/www.facebook.com\\\/people\\\/Notimemes-de-los-Polticos\\\/61565672886568\\\/\",\"https:\\\/\\\/x.com\\\/LosPoliticosVer\"]},{\"@type\":\"Person\",\"@id\":\"https:\\\/\\\/lospoliticosveracruz.com\\\/#\\\/schema\\\/person\\\/b8702bb0e538456e6efd07080bf2a4a2\",\"name\":\"Lo viste en Los Pol\u00edticos\",\"image\":{\"@type\":\"ImageObject\",\"inLanguage\":\"es\",\"@id\":\"https:\\\/\\\/secure.gravatar.com\\\/avatar\\\/3a8de04a2656d44082be478bd6c086daa447c4651605818287b9532d3d0bd435?s=96&d=mm&r=g\",\"url\":\"https:\\\/\\\/secure.gravatar.com\\\/avatar\\\/3a8de04a2656d44082be478bd6c086daa447c4651605818287b9532d3d0bd435?s=96&d=mm&r=g\",\"contentUrl\":\"https:\\\/\\\/secure.gravatar.com\\\/avatar\\\/3a8de04a2656d44082be478bd6c086daa447c4651605818287b9532d3d0bd435?s=96&d=mm&r=g\",\"caption\":\"Lo viste en Los Pol\u00edticos\"},\"url\":\"https:\\\/\\\/lospoliticosveracruz.com\\\/?author=2\"}]}<\/script>\n<!-- \/ Yoast SEO plugin. -->","yoast_head_json":{"title":"El pendiente de Anil\u00fa - Los pol\u00edticos Veracruz","robots":{"index":"index","follow":"follow","max-snippet":"max-snippet:-1","max-image-preview":"max-image-preview:large","max-video-preview":"max-video-preview:-1"},"canonical":"https:\/\/lospoliticosveracruz.com\/?p=15830","og_locale":"es_ES","og_type":"article","og_title":"El pendiente de Anil\u00fa - Los pol\u00edticos Veracruz","og_description":"Salvador Mu\u00f1oz Los Pol\u00edticos Tras una pl\u00e1tica acalorada (por arriba de los 30 grados), me queda en claro una cosa con la candidata a diputada federal por el distrito XII\u2026 podr\u00e1 haber cumplido todos sus compromisos de campa\u00f1a, sus propuestas y hasta un poco m\u00e1s como legisladora local\u2026 pero hubo una persona a la que [&hellip;]","og_url":"https:\/\/lospoliticosveracruz.com\/?p=15830","og_site_name":"Los pol\u00edticos Veracruz","article_publisher":"https:\/\/www.facebook.com\/people\/Notimemes-de-los-Polticos\/61565672886568\/","article_published_time":"2015-04-21T02:22:18+00:00","og_image":[{"width":200,"height":200,"url":"https:\/\/lospoliticosveracruz.com\/wp-content\/uploads\/2016\/07\/Logo-Dor.jpg","type":"image\/jpeg"}],"author":"Lo viste en Los Pol\u00edticos","twitter_card":"summary_large_image","twitter_creator":"@LosPoliticosVer","twitter_site":"@LosPoliticosVer","twitter_misc":{"Escrito por":"Lo viste en Los Pol\u00edticos","Tiempo de lectura":"4 minutos"},"schema":{"@context":"https:\/\/schema.org","@graph":[{"@type":"Article","@id":"https:\/\/lospoliticosveracruz.com\/?p=15830#article","isPartOf":{"@id":"https:\/\/lospoliticosveracruz.com\/?p=15830"},"author":{"name":"Lo viste en Los Pol\u00edticos","@id":"https:\/\/lospoliticosveracruz.com\/#\/schema\/person\/b8702bb0e538456e6efd07080bf2a4a2"},"headline":"El pendiente de Anil\u00fa","datePublished":"2015-04-21T02:22:18+00:00","mainEntityOfPage":{"@id":"https:\/\/lospoliticosveracruz.com\/?p=15830"},"wordCount":827,"commentCount":0,"publisher":{"@id":"https:\/\/lospoliticosveracruz.com\/#organization"},"keywords":["Anil\u00fa Ingram Vallines","Daniel Carballal","Fernando Guti\u00e9rrez Barrios"],"articleSection":["De Opini\u00f3n"],"inLanguage":"es","potentialAction":[{"@type":"CommentAction","name":"Comment","target":["https:\/\/lospoliticosveracruz.com\/?p=15830#respond"]}]},{"@type":"WebPage","@id":"https:\/\/lospoliticosveracruz.com\/?p=15830","url":"https:\/\/lospoliticosveracruz.com\/?p=15830","name":"El pendiente de Anil\u00fa - Los pol\u00edticos Veracruz","isPartOf":{"@id":"https:\/\/lospoliticosveracruz.com\/#website"},"datePublished":"2015-04-21T02:22:18+00:00","breadcrumb":{"@id":"https:\/\/lospoliticosveracruz.com\/?p=15830#breadcrumb"},"inLanguage":"es","potentialAction":[{"@type":"ReadAction","target":["https:\/\/lospoliticosveracruz.com\/?p=15830"]}]},{"@type":"BreadcrumbList","@id":"https:\/\/lospoliticosveracruz.com\/?p=15830#breadcrumb","itemListElement":[{"@type":"ListItem","position":1,"name":"Portada","item":"https:\/\/lospoliticosveracruz.com\/"},{"@type":"ListItem","position":2,"name":"El pendiente de Anil\u00fa"}]},{"@type":"WebSite","@id":"https:\/\/lospoliticosveracruz.com\/#website","url":"https:\/\/lospoliticosveracruz.com\/","name":"Los pol\u00edticos Veracruz","description":"","publisher":{"@id":"https:\/\/lospoliticosveracruz.com\/#organization"},"potentialAction":[{"@type":"SearchAction","target":{"@type":"EntryPoint","urlTemplate":"https:\/\/lospoliticosveracruz.com\/?s={search_term_string}"},"query-input":{"@type":"PropertyValueSpecification","valueRequired":true,"valueName":"search_term_string"}}],"inLanguage":"es"},{"@type":"Organization","@id":"https:\/\/lospoliticosveracruz.com\/#organization","name":"Los pol\u00edticos Veracruz","url":"https:\/\/lospoliticosveracruz.com\/","logo":{"@type":"ImageObject","inLanguage":"es","@id":"https:\/\/lospoliticosveracruz.com\/#\/schema\/logo\/image\/","url":"https:\/\/lospoliticosveracruz.com\/wp-content\/uploads\/2025\/12\/Logo-Nuevo-LOS-POLITICOS-1.jpg","contentUrl":"https:\/\/lospoliticosveracruz.com\/wp-content\/uploads\/2025\/12\/Logo-Nuevo-LOS-POLITICOS-1.jpg","width":260,"height":70,"caption":"Los pol\u00edticos Veracruz"},"image":{"@id":"https:\/\/lospoliticosveracruz.com\/#\/schema\/logo\/image\/"},"sameAs":["https:\/\/www.facebook.com\/people\/Notimemes-de-los-Polticos\/61565672886568\/","https:\/\/x.com\/LosPoliticosVer"]},{"@type":"Person","@id":"https:\/\/lospoliticosveracruz.com\/#\/schema\/person\/b8702bb0e538456e6efd07080bf2a4a2","name":"Lo viste en Los Pol\u00edticos","image":{"@type":"ImageObject","inLanguage":"es","@id":"https:\/\/secure.gravatar.com\/avatar\/3a8de04a2656d44082be478bd6c086daa447c4651605818287b9532d3d0bd435?s=96&d=mm&r=g","url":"https:\/\/secure.gravatar.com\/avatar\/3a8de04a2656d44082be478bd6c086daa447c4651605818287b9532d3d0bd435?s=96&d=mm&r=g","contentUrl":"https:\/\/secure.gravatar.com\/avatar\/3a8de04a2656d44082be478bd6c086daa447c4651605818287b9532d3d0bd435?s=96&d=mm&r=g","caption":"Lo viste en Los Pol\u00edticos"},"url":"https:\/\/lospoliticosveracruz.com\/?author=2"}]}},"_links":{"self":[{"href":"https:\/\/lospoliticosveracruz.com\/index.php?rest_route=\/wp\/v2\/posts\/15830","targetHints":{"allow":["GET"]}}],"collection":[{"href":"https:\/\/lospoliticosveracruz.com\/index.php?rest_route=\/wp\/v2\/posts"}],"about":[{"href":"https:\/\/lospoliticosveracruz.com\/index.php?rest_route=\/wp\/v2\/types\/post"}],"author":[{"embeddable":true,"href":"https:\/\/lospoliticosveracruz.com\/index.php?rest_route=\/wp\/v2\/users\/2"}],"replies":[{"embeddable":true,"href":"https:\/\/lospoliticosveracruz.com\/index.php?rest_route=%2Fwp%2Fv2%2Fcomments&post=15830"}],"version-history":[{"count":1,"href":"https:\/\/lospoliticosveracruz.com\/index.php?rest_route=\/wp\/v2\/posts\/15830\/revisions"}],"predecessor-version":[{"id":15832,"href":"https:\/\/lospoliticosveracruz.com\/index.php?rest_route=\/wp\/v2\/posts\/15830\/revisions\/15832"}],"wp:attachment":[{"href":"https:\/\/lospoliticosveracruz.com\/index.php?rest_route=%2Fwp%2Fv2%2Fmedia&parent=15830"}],"wp:term":[{"taxonomy":"category","embeddable":true,"href":"https:\/\/lospoliticosveracruz.com\/index.php?rest_route=%2Fwp%2Fv2%2Fcategories&post=15830"},{"taxonomy":"post_tag","embeddable":true,"href":"https:\/\/lospoliticosveracruz.com\/index.php?rest_route=%2Fwp%2Fv2%2Ftags&post=15830"}],"curies":[{"name":"wp","href":"https:\/\/api.w.org\/{rel}","templated":true}]}}